{"id":8630,"date":"2024-08-26T21:35:21","date_gmt":"2024-08-26T18:35:21","guid":{"rendered":"https:\/\/kuzeyinsesi.org\/index.php\/2024\/08\/26\/dau-rektoru-kilic-kral-tepesindeki-arkeolojik-kazi-calismalarini-inceledi\/"},"modified":"2024-08-26T21:35:21","modified_gmt":"2024-08-26T18:35:21","slug":"dau-rektoru-kilic-kral-tepesindeki-arkeolojik-kazi-calismalarini-inceledi","status":"publish","type":"post","link":"https:\/\/kuzeyinsesi.org\/index.php\/2024\/08\/26\/dau-rektoru-kilic-kral-tepesindeki-arkeolojik-kazi-calismalarini-inceledi\/","title":{"rendered":"DA\u00dc Rekt\u00f6r\u00fc K\u0131l\u0131\u00e7, Kral Tepesi\u2019ndeki arkeolojik kaz\u0131 \u00e7al\u0131\u015fmalar\u0131n\u0131 inceledi"},"content":{"rendered":"<div>\n<p style=\"font-weight: 300;\"><span style=\"font-weight: 300 !important;\"><\/p>\n<div class=\"mariselle-image-container none\">\n                                            <\/div>\n<p><\/span><\/p>\n<p style=\"font-weight: 300;\"><span style=\"font-weight: 300 !important;\">Do\u011fu Akdeniz \u00dcniversitesi (DA\u00dc) Rekt\u00f6r\u00fc Prof. Dr. Hasan K\u0131l\u0131\u00e7,\u00a0<\/span><span style=\"font-weight: 300 !important;\">Kaleburnu k\u00f6y\u00fcnde bulunan Kral Tepesi\u2019ndeki arkeolojik kaz\u0131 \u00e7al\u0131\u015fmalar\u0131n\u0131<\/span><span style=\"font-weight: 300 !important;\">\u00a0<\/span><span style=\"font-weight: 300 !important;\">inceledi.<\/span><\/p>\n<p style=\"font-weight: 300;\"><span style=\"font-weight: 300 !important;\">\u00dcniversiteden verilen bilgiye g\u00f6re, Eski Eserler ve M\u00fczeler Dairesi denetiminde DA\u00dc akademisyenleri taraf\u0131ndan y\u00fcr\u00fct\u00fclen arkeolojik \u00e7al\u0131\u015fmalar\u0131 yerinde ziyaret eden K\u0131l\u0131\u00e7, arkeolojik, tarihi ve k\u00fclt\u00fcrel de\u011ferleri ortaya \u00e7\u0131karan ve d\u00fcnya k\u00fclt\u00fcr miras\u0131na katk\u0131 koymak i\u00e7in yap\u0131lan kaz\u0131 \u00e7al\u0131\u015fmalar\u0131na DA\u00dc olarak destek vermekten mutluluk ve gurur duyduklar\u0131n\u0131 s\u00f6yledi.<\/span><\/p>\n<p style=\"font-weight: 300;\"><span style=\"font-weight: 300 !important;\">K\u0131l\u0131\u00e7, bu deste\u011fin her zaman devam edece\u011fini kaydederek ba\u015fta TC Lefko\u015fa B\u00fcy\u00fckel\u00e7ili\u011fi Kalk\u0131nma ve Ekonomik \u0130\u015f Birli\u011fi Ofisi ve KKTC Ba\u015fbakan Yard\u0131mc\u0131s\u0131, Turizm, K\u00fclt\u00fcr, Gen\u00e7lik ve \u00c7evre Bakan\u0131 Fikri Atao\u011flu olmak \u00fczere DA\u00dc akademisyenlerine, Eski Eserler ve M\u00fczeler Dairesi ekibine ve kaz\u0131 \u00e7al\u0131\u015fmalar\u0131na katk\u0131 koyanlara te\u015fekk\u00fcr etti.<\/span><\/p>\n<p style=\"font-weight: 300;\"><span style=\"font-weight: 300 !important;\">DA\u00dc Do\u011fu Akdeniz K\u00fclt\u00fcr Miras\u0131n\u0131 Ara\u015ft\u0131rma Merkezi (DAKMAR) sorumlulu\u011funda b\u00f6lgede ba\u015flat\u0131lan uluslararas\u0131 kurtarma kaz\u0131 \u00e7al\u0131\u015fmalar\u0131nda M\u00d6 4000 \u00c7anak \u00c7\u00f6mlekli Neolitik D\u00f6nem ve M\u00d6 1200\u2019l\u00fc y\u0131llara ait ayn\u0131 ama iki farkl\u0131 d\u00f6nemde iskan edilmi\u015f yerle\u015fim yeri ve \u00e7e\u015fitli mimari yap\u0131 tarzlar\u0131 ortaya \u00e7\u0131kt\u0131.<\/span><\/p>\n<p style=\"font-weight: 300;\"><span style=\"font-weight: 300 !important;\">Devam eden \u00e7al\u0131\u015fmalar sonucunda ortaya \u00e7\u0131kan kal\u0131nt\u0131lar, Kral Tepesi \/ Vasili\u2019nin \u00c7anak \u00c7\u00f6mlekli Neolitik D\u00f6nem ve Ge\u00e7 Tun\u00e7 \u00c7a\u011f\u0131\u2019nda K\u0131br\u0131s\u2019\u0131n \u00f6nemli bir yerle\u015fim merkezi olma ihtimalini de ortaya koydu.<\/span><\/p>\n<p>\u00a0<\/p>\n<\/p><\/div>\n<p><script async\n                    defer\n                    crossorigin=\"anonymous\"\n                    src=\"https:\/\/connect.facebook.net\/tr_TR\/sdk.js#xfbml=1&#038;version=v3.3\"\n            ><\/script><\/p>\n","protected":false},"excerpt":{"rendered":"<p>Do\u011fu Akdeniz \u00dcniversitesi (DA\u00dc) Rekt\u00f6r\u00fc Prof. Dr. Hasan K\u0131l\u0131\u00e7,\u00a0Kaleburnu k\u00f6y\u00fcnde bulunan Kral Tepesi\u2019ndeki arkeolojik kaz\u0131 \u00e7al\u0131\u015fmalar\u0131n\u0131\u00a0inceledi. \u00dcniversiteden verilen bilgiye g\u00f6re, Eski Eserler ve M\u00fczeler Dairesi denetiminde DA\u00dc akademisyenleri taraf\u0131ndan y\u00fcr\u00fct\u00fclen arkeolojik \u00e7al\u0131\u015fmalar\u0131 yerinde ziyaret eden K\u0131l\u0131\u00e7, arkeolojik, tarihi ve k\u00fclt\u00fcrel de\u011ferleri ortaya \u00e7\u0131karan ve d\u00fcnya k\u00fclt\u00fcr miras\u0131na katk\u0131 koymak i\u00e7in yap\u0131lan kaz\u0131 \u00e7al\u0131\u015fmalar\u0131na DA\u00dc olarak [&hellip;]<\/p>\n","protected":false},"author":1,"featured_media":8631,"comment_status":"open","ping_status":"open","sticky":false,"template":"","format":"standard","meta":{"jnews-multi-image_gallery":[],"jnews_single_post":[],"jnews_primary_category":[],"jnews_social_meta":[],"jnews_override_counter":[],"footnotes":""},"categories":[6],"tags":[],"class_list":["post-8630","post","type-post","status-publish","format-standard","has-post-thumbnail","hentry","category-yasam"],"yoast_head":"<!-- This site is optimized with the Yoast SEO plugin v27.5 - https:\/\/yoast.com\/product\/yoast-seo-wordpress\/ -->\n<title>DA\u00dc Rekt\u00f6r\u00fc K\u0131l\u0131\u00e7, Kral Tepesi\u2019ndeki arkeolojik kaz\u0131 \u00e7al\u0131\u015fmalar\u0131n\u0131 inceledi - Kuzeyin Sesi<\/title>\n<meta name=\"robots\" content=\"index, follow, max-snippet:-1, max-image-preview:large, max-video-preview:-1\" \/>\n<link rel=\"canonical\" href=\"https:\/\/kuzeyinsesi.org\/index.php\/2024\/08\/26\/dau-rektoru-kilic-kral-tepesindeki-arkeolojik-kazi-calismalarini-inceledi\/\" \/>\n<meta property=\"og:locale\" content=\"tr_TR\" \/>\n<meta property=\"og:type\" content=\"article\" \/>\n<meta property=\"og:title\" content=\"DA\u00dc Rekt\u00f6r\u00fc K\u0131l\u0131\u00e7, Kral Tepesi\u2019ndeki arkeolojik kaz\u0131 \u00e7al\u0131\u015fmalar\u0131n\u0131 inceledi - Kuzeyin Sesi\" \/>\n<meta property=\"og:description\" content=\"Do\u011fu Akdeniz \u00dcniversitesi (DA\u00dc) Rekt\u00f6r\u00fc Prof. Dr. Hasan K\u0131l\u0131\u00e7,\u00a0Kaleburnu k\u00f6y\u00fcnde bulunan Kral Tepesi\u2019ndeki arkeolojik kaz\u0131 \u00e7al\u0131\u015fmalar\u0131n\u0131\u00a0inceledi. \u00dcniversiteden verilen bilgiye g\u00f6re, Eski Eserler ve M\u00fczeler Dairesi denetiminde DA\u00dc akademisyenleri taraf\u0131ndan y\u00fcr\u00fct\u00fclen arkeolojik \u00e7al\u0131\u015fmalar\u0131 yerinde ziyaret eden K\u0131l\u0131\u00e7, arkeolojik, tarihi ve k\u00fclt\u00fcrel de\u011ferleri ortaya \u00e7\u0131karan ve d\u00fcnya k\u00fclt\u00fcr miras\u0131na katk\u0131 koymak i\u00e7in yap\u0131lan kaz\u0131 \u00e7al\u0131\u015fmalar\u0131na DA\u00dc olarak [&hellip;]\" \/>\n<meta property=\"og:url\" content=\"https:\/\/kuzeyinsesi.org\/index.php\/2024\/08\/26\/dau-rektoru-kilic-kral-tepesindeki-arkeolojik-kazi-calismalarini-inceledi\/\" \/>\n<meta property=\"og:site_name\" content=\"Kuzeyin Sesi\" \/>\n<meta property=\"article:publisher\" content=\"https:\/\/www.facebook.com\/kuzeyinsesii\" \/>\n<meta property=\"article:published_time\" content=\"2024-08-26T18:35:21+00:00\" \/>\n<meta property=\"og:image\" content=\"https:\/\/brtk.net\/wp-content\/uploads\/2024\/08\/26\/dau-kral-tepesi-2-.jpg?ver=89abbe5bb2ad7d01ca8a306cac30532e\" \/>\n<meta name=\"author\" content=\"Kuzeyin Sesi\" \/>\n<meta name=\"twitter:card\" content=\"summary_large_image\" \/>\n<meta name=\"twitter:creator\" content=\"@kuzeyinsesii\" \/>\n<meta name=\"twitter:site\" content=\"@kuzeyinsesii\" \/>\n<meta name=\"twitter:label1\" content=\"Yazan:\" \/>\n\t<meta name=\"twitter:data1\" content=\"Kuzeyin Sesi\" \/>\n\t<meta name=\"twitter:label2\" content=\"Tahmini okuma s\u00fcresi\" \/>\n\t<meta name=\"twitter:data2\" content=\"1 dakika\" \/>\n<script type=\"application\/ld+json\" class=\"yoast-schema-graph\">{\"@context\":\"https:\\\/\\\/schema.org\",\"@graph\":[{\"@type\":\"Article\",\"@id\":\"https:\\\/\\\/kuzeyinsesi.org\\\/index.php\\\/2024\\\/08\\\/26\\\/dau-rektoru-kilic-kral-tepesindeki-arkeolojik-kazi-calismalarini-inceledi\\\/#article\",\"isPartOf\":{\"@id\":\"https:\\\/\\\/kuzeyinsesi.org\\\/index.php\\\/2024\\\/08\\\/26\\\/dau-rektoru-kilic-kral-tepesindeki-arkeolojik-kazi-calismalarini-inceledi\\\/\"},\"author\":{\"name\":\"Kuzeyin Sesi\",\"@id\":\"https:\\\/\\\/kuzeyinsesi.org\\\/#\\\/schema\\\/person\\\/9f859689cdf01485597712386e37f5aa\"},\"headline\":\"DA\u00dc Rekt\u00f6r\u00fc K\u0131l\u0131\u00e7, Kral Tepesi\u2019ndeki arkeolojik kaz\u0131 \u00e7al\u0131\u015fmalar\u0131n\u0131 inceledi\",\"datePublished\":\"2024-08-26T18:35:21+00:00\",\"mainEntityOfPage\":{\"@id\":\"https:\\\/\\\/kuzeyinsesi.org\\\/index.php\\\/2024\\\/08\\\/26\\\/dau-rektoru-kilic-kral-tepesindeki-arkeolojik-kazi-calismalarini-inceledi\\\/\"},\"wordCount\":272,\"commentCount\":0,\"image\":{\"@id\":\"https:\\\/\\\/kuzeyinsesi.org\\\/index.php\\\/2024\\\/08\\\/26\\\/dau-rektoru-kilic-kral-tepesindeki-arkeolojik-kazi-calismalarini-inceledi\\\/#primaryimage\"},\"thumbnailUrl\":\"https:\\\/\\\/kuzeyinsesi.org\\\/wp-content\\\/uploads\\\/2024\\\/08\\\/dau-kral-tepesi-2-.jpg\",\"articleSection\":[\"Ya\u015fam\"],\"inLanguage\":\"tr\",\"potentialAction\":[{\"@type\":\"CommentAction\",\"name\":\"Comment\",\"target\":[\"https:\\\/\\\/kuzeyinsesi.org\\\/index.php\\\/2024\\\/08\\\/26\\\/dau-rektoru-kilic-kral-tepesindeki-arkeolojik-kazi-calismalarini-inceledi\\\/#respond\"]}]},{\"@type\":\"WebPage\",\"@id\":\"https:\\\/\\\/kuzeyinsesi.org\\\/index.php\\\/2024\\\/08\\\/26\\\/dau-rektoru-kilic-kral-tepesindeki-arkeolojik-kazi-calismalarini-inceledi\\\/\",\"url\":\"https:\\\/\\\/kuzeyinsesi.org\\\/index.php\\\/2024\\\/08\\\/26\\\/dau-rektoru-kilic-kral-tepesindeki-arkeolojik-kazi-calismalarini-inceledi\\\/\",\"name\":\"DA\u00dc Rekt\u00f6r\u00fc K\u0131l\u0131\u00e7, Kral Tepesi\u2019ndeki arkeolojik kaz\u0131 \u00e7al\u0131\u015fmalar\u0131n\u0131 inceledi - Kuzeyin Sesi\",\"isPartOf\":{\"@id\":\"https:\\\/\\\/kuzeyinsesi.org\\\/#website\"},\"primaryImageOfPage\":{\"@id\":\"https:\\\/\\\/kuzeyinsesi.org\\\/index.php\\\/2024\\\/08\\\/26\\\/dau-rektoru-kilic-kral-tepesindeki-arkeolojik-kazi-calismalarini-inceledi\\\/#primaryimage\"},\"image\":{\"@id\":\"https:\\\/\\\/kuzeyinsesi.org\\\/index.php\\\/2024\\\/08\\\/26\\\/dau-rektoru-kilic-kral-tepesindeki-arkeolojik-kazi-calismalarini-inceledi\\\/#primaryimage\"},\"thumbnailUrl\":\"https:\\\/\\\/kuzeyinsesi.org\\\/wp-content\\\/uploads\\\/2024\\\/08\\\/dau-kral-tepesi-2-.jpg\",\"datePublished\":\"2024-08-26T18:35:21+00:00\",\"author\":{\"@id\":\"https:\\\/\\\/kuzeyinsesi.org\\\/#\\\/schema\\\/person\\\/9f859689cdf01485597712386e37f5aa\"},\"breadcrumb\":{\"@id\":\"https:\\\/\\\/kuzeyinsesi.org\\\/index.php\\\/2024\\\/08\\\/26\\\/dau-rektoru-kilic-kral-tepesindeki-arkeolojik-kazi-calismalarini-inceledi\\\/#breadcrumb\"},\"inLanguage\":\"tr\",\"potentialAction\":[{\"@type\":\"ReadAction\",\"target\":[\"https:\\\/\\\/kuzeyinsesi.org\\\/index.php\\\/2024\\\/08\\\/26\\\/dau-rektoru-kilic-kral-tepesindeki-arkeolojik-kazi-calismalarini-inceledi\\\/\"]}]},{\"@type\":\"ImageObject\",\"inLanguage\":\"tr\",\"@id\":\"https:\\\/\\\/kuzeyinsesi.org\\\/index.php\\\/2024\\\/08\\\/26\\\/dau-rektoru-kilic-kral-tepesindeki-arkeolojik-kazi-calismalarini-inceledi\\\/#primaryimage\",\"url\":\"https:\\\/\\\/kuzeyinsesi.org\\\/wp-content\\\/uploads\\\/2024\\\/08\\\/dau-kral-tepesi-2-.jpg\",\"contentUrl\":\"https:\\\/\\\/kuzeyinsesi.org\\\/wp-content\\\/uploads\\\/2024\\\/08\\\/dau-kral-tepesi-2-.jpg\",\"width\":928,\"height\":598},{\"@type\":\"BreadcrumbList\",\"@id\":\"https:\\\/\\\/kuzeyinsesi.org\\\/index.php\\\/2024\\\/08\\\/26\\\/dau-rektoru-kilic-kral-tepesindeki-arkeolojik-kazi-calismalarini-inceledi\\\/#breadcrumb\",\"itemListElement\":[{\"@type\":\"ListItem\",\"position\":1,\"name\":\"Anasayfa\",\"item\":\"https:\\\/\\\/kuzeyinsesi.org\\\/\"},{\"@type\":\"ListItem\",\"position\":2,\"name\":\"DA\u00dc Rekt\u00f6r\u00fc K\u0131l\u0131\u00e7, Kral Tepesi\u2019ndeki arkeolojik kaz\u0131 \u00e7al\u0131\u015fmalar\u0131n\u0131 inceledi\"}]},{\"@type\":\"WebSite\",\"@id\":\"https:\\\/\\\/kuzeyinsesi.org\\\/#website\",\"url\":\"https:\\\/\\\/kuzeyinsesi.org\\\/\",\"name\":\"Kuzeyin Sesi\",\"description\":\"Do\u011fru Haberin Adresi\",\"potentialAction\":[{\"@type\":\"SearchAction\",\"target\":{\"@type\":\"EntryPoint\",\"urlTemplate\":\"https:\\\/\\\/kuzeyinsesi.org\\\/?s={search_term_string}\"},\"query-input\":{\"@type\":\"PropertyValueSpecification\",\"valueRequired\":true,\"valueName\":\"search_term_string\"}}],\"inLanguage\":\"tr\"},{\"@type\":\"Person\",\"@id\":\"https:\\\/\\\/kuzeyinsesi.org\\\/#\\\/schema\\\/person\\\/9f859689cdf01485597712386e37f5aa\",\"name\":\"Kuzeyin Sesi\",\"image\":{\"@type\":\"ImageObject\",\"inLanguage\":\"tr\",\"@id\":\"https:\\\/\\\/secure.gravatar.com\\\/avatar\\\/bab33852abfd8b282518d6ed81826833d77c3c882d9ab608add591ccace47a44?s=96&d=mm&r=g\",\"url\":\"https:\\\/\\\/secure.gravatar.com\\\/avatar\\\/bab33852abfd8b282518d6ed81826833d77c3c882d9ab608add591ccace47a44?s=96&d=mm&r=g\",\"contentUrl\":\"https:\\\/\\\/secure.gravatar.com\\\/avatar\\\/bab33852abfd8b282518d6ed81826833d77c3c882d9ab608add591ccace47a44?s=96&d=mm&r=g\",\"caption\":\"Kuzeyin Sesi\"},\"sameAs\":[\"https:\\\/\\\/kuzeyinsesi.org\"],\"url\":\"https:\\\/\\\/kuzeyinsesi.org\\\/index.php\\\/author\\\/guven\\\/\"}]}<\/script>\n<!-- \/ Yoast SEO plugin. -->","yoast_head_json":{"title":"DA\u00dc Rekt\u00f6r\u00fc K\u0131l\u0131\u00e7, Kral Tepesi\u2019ndeki arkeolojik kaz\u0131 \u00e7al\u0131\u015fmalar\u0131n\u0131 inceledi - Kuzeyin Sesi","robots":{"index":"index","follow":"follow","max-snippet":"max-snippet:-1","max-image-preview":"max-image-preview:large","max-video-preview":"max-video-preview:-1"},"canonical":"https:\/\/kuzeyinsesi.org\/index.php\/2024\/08\/26\/dau-rektoru-kilic-kral-tepesindeki-arkeolojik-kazi-calismalarini-inceledi\/","og_locale":"tr_TR","og_type":"article","og_title":"DA\u00dc Rekt\u00f6r\u00fc K\u0131l\u0131\u00e7, Kral Tepesi\u2019ndeki arkeolojik kaz\u0131 \u00e7al\u0131\u015fmalar\u0131n\u0131 inceledi - Kuzeyin Sesi","og_description":"Do\u011fu Akdeniz \u00dcniversitesi (DA\u00dc) Rekt\u00f6r\u00fc Prof. Dr. Hasan K\u0131l\u0131\u00e7,\u00a0Kaleburnu k\u00f6y\u00fcnde bulunan Kral Tepesi\u2019ndeki arkeolojik kaz\u0131 \u00e7al\u0131\u015fmalar\u0131n\u0131\u00a0inceledi. \u00dcniversiteden verilen bilgiye g\u00f6re, Eski Eserler ve M\u00fczeler Dairesi denetiminde DA\u00dc akademisyenleri taraf\u0131ndan y\u00fcr\u00fct\u00fclen arkeolojik \u00e7al\u0131\u015fmalar\u0131 yerinde ziyaret eden K\u0131l\u0131\u00e7, arkeolojik, tarihi ve k\u00fclt\u00fcrel de\u011ferleri ortaya \u00e7\u0131karan ve d\u00fcnya k\u00fclt\u00fcr miras\u0131na katk\u0131 koymak i\u00e7in yap\u0131lan kaz\u0131 \u00e7al\u0131\u015fmalar\u0131na DA\u00dc olarak [&hellip;]","og_url":"https:\/\/kuzeyinsesi.org\/index.php\/2024\/08\/26\/dau-rektoru-kilic-kral-tepesindeki-arkeolojik-kazi-calismalarini-inceledi\/","og_site_name":"Kuzeyin Sesi","article_publisher":"https:\/\/www.facebook.com\/kuzeyinsesii","article_published_time":"2024-08-26T18:35:21+00:00","og_image":[{"url":"https:\/\/brtk.net\/wp-content\/uploads\/2024\/08\/26\/dau-kral-tepesi-2-.jpg?ver=89abbe5bb2ad7d01ca8a306cac30532e","type":"","width":"","height":""}],"author":"Kuzeyin Sesi","twitter_card":"summary_large_image","twitter_creator":"@kuzeyinsesii","twitter_site":"@kuzeyinsesii","twitter_misc":{"Yazan:":"Kuzeyin Sesi","Tahmini okuma s\u00fcresi":"1 dakika"},"schema":{"@context":"https:\/\/schema.org","@graph":[{"@type":"Article","@id":"https:\/\/kuzeyinsesi.org\/index.php\/2024\/08\/26\/dau-rektoru-kilic-kral-tepesindeki-arkeolojik-kazi-calismalarini-inceledi\/#article","isPartOf":{"@id":"https:\/\/kuzeyinsesi.org\/index.php\/2024\/08\/26\/dau-rektoru-kilic-kral-tepesindeki-arkeolojik-kazi-calismalarini-inceledi\/"},"author":{"name":"Kuzeyin Sesi","@id":"https:\/\/kuzeyinsesi.org\/#\/schema\/person\/9f859689cdf01485597712386e37f5aa"},"headline":"DA\u00dc Rekt\u00f6r\u00fc K\u0131l\u0131\u00e7, Kral Tepesi\u2019ndeki arkeolojik kaz\u0131 \u00e7al\u0131\u015fmalar\u0131n\u0131 inceledi","datePublished":"2024-08-26T18:35:21+00:00","mainEntityOfPage":{"@id":"https:\/\/kuzeyinsesi.org\/index.php\/2024\/08\/26\/dau-rektoru-kilic-kral-tepesindeki-arkeolojik-kazi-calismalarini-inceledi\/"},"wordCount":272,"commentCount":0,"image":{"@id":"https:\/\/kuzeyinsesi.org\/index.php\/2024\/08\/26\/dau-rektoru-kilic-kral-tepesindeki-arkeolojik-kazi-calismalarini-inceledi\/#primaryimage"},"thumbnailUrl":"https:\/\/kuzeyinsesi.org\/wp-content\/uploads\/2024\/08\/dau-kral-tepesi-2-.jpg","articleSection":["Ya\u015fam"],"inLanguage":"tr","potentialAction":[{"@type":"CommentAction","name":"Comment","target":["https:\/\/kuzeyinsesi.org\/index.php\/2024\/08\/26\/dau-rektoru-kilic-kral-tepesindeki-arkeolojik-kazi-calismalarini-inceledi\/#respond"]}]},{"@type":"WebPage","@id":"https:\/\/kuzeyinsesi.org\/index.php\/2024\/08\/26\/dau-rektoru-kilic-kral-tepesindeki-arkeolojik-kazi-calismalarini-inceledi\/","url":"https:\/\/kuzeyinsesi.org\/index.php\/2024\/08\/26\/dau-rektoru-kilic-kral-tepesindeki-arkeolojik-kazi-calismalarini-inceledi\/","name":"DA\u00dc Rekt\u00f6r\u00fc K\u0131l\u0131\u00e7, Kral Tepesi\u2019ndeki arkeolojik kaz\u0131 \u00e7al\u0131\u015fmalar\u0131n\u0131 inceledi - Kuzeyin Sesi","isPartOf":{"@id":"https:\/\/kuzeyinsesi.org\/#website"},"primaryImageOfPage":{"@id":"https:\/\/kuzeyinsesi.org\/index.php\/2024\/08\/26\/dau-rektoru-kilic-kral-tepesindeki-arkeolojik-kazi-calismalarini-inceledi\/#primaryimage"},"image":{"@id":"https:\/\/kuzeyinsesi.org\/index.php\/2024\/08\/26\/dau-rektoru-kilic-kral-tepesindeki-arkeolojik-kazi-calismalarini-inceledi\/#primaryimage"},"thumbnailUrl":"https:\/\/kuzeyinsesi.org\/wp-content\/uploads\/2024\/08\/dau-kral-tepesi-2-.jpg","datePublished":"2024-08-26T18:35:21+00:00","author":{"@id":"https:\/\/kuzeyinsesi.org\/#\/schema\/person\/9f859689cdf01485597712386e37f5aa"},"breadcrumb":{"@id":"https:\/\/kuzeyinsesi.org\/index.php\/2024\/08\/26\/dau-rektoru-kilic-kral-tepesindeki-arkeolojik-kazi-calismalarini-inceledi\/#breadcrumb"},"inLanguage":"tr","potentialAction":[{"@type":"ReadAction","target":["https:\/\/kuzeyinsesi.org\/index.php\/2024\/08\/26\/dau-rektoru-kilic-kral-tepesindeki-arkeolojik-kazi-calismalarini-inceledi\/"]}]},{"@type":"ImageObject","inLanguage":"tr","@id":"https:\/\/kuzeyinsesi.org\/index.php\/2024\/08\/26\/dau-rektoru-kilic-kral-tepesindeki-arkeolojik-kazi-calismalarini-inceledi\/#primaryimage","url":"https:\/\/kuzeyinsesi.org\/wp-content\/uploads\/2024\/08\/dau-kral-tepesi-2-.jpg","contentUrl":"https:\/\/kuzeyinsesi.org\/wp-content\/uploads\/2024\/08\/dau-kral-tepesi-2-.jpg","width":928,"height":598},{"@type":"BreadcrumbList","@id":"https:\/\/kuzeyinsesi.org\/index.php\/2024\/08\/26\/dau-rektoru-kilic-kral-tepesindeki-arkeolojik-kazi-calismalarini-inceledi\/#breadcrumb","itemListElement":[{"@type":"ListItem","position":1,"name":"Anasayfa","item":"https:\/\/kuzeyinsesi.org\/"},{"@type":"ListItem","position":2,"name":"DA\u00dc Rekt\u00f6r\u00fc K\u0131l\u0131\u00e7, Kral Tepesi\u2019ndeki arkeolojik kaz\u0131 \u00e7al\u0131\u015fmalar\u0131n\u0131 inceledi"}]},{"@type":"WebSite","@id":"https:\/\/kuzeyinsesi.org\/#website","url":"https:\/\/kuzeyinsesi.org\/","name":"Kuzeyin Sesi","description":"Do\u011fru Haberin Adresi","potentialAction":[{"@type":"SearchAction","target":{"@type":"EntryPoint","urlTemplate":"https:\/\/kuzeyinsesi.org\/?s={search_term_string}"},"query-input":{"@type":"PropertyValueSpecification","valueRequired":true,"valueName":"search_term_string"}}],"inLanguage":"tr"},{"@type":"Person","@id":"https:\/\/kuzeyinsesi.org\/#\/schema\/person\/9f859689cdf01485597712386e37f5aa","name":"Kuzeyin Sesi","image":{"@type":"ImageObject","inLanguage":"tr","@id":"https:\/\/secure.gravatar.com\/avatar\/bab33852abfd8b282518d6ed81826833d77c3c882d9ab608add591ccace47a44?s=96&d=mm&r=g","url":"https:\/\/secure.gravatar.com\/avatar\/bab33852abfd8b282518d6ed81826833d77c3c882d9ab608add591ccace47a44?s=96&d=mm&r=g","contentUrl":"https:\/\/secure.gravatar.com\/avatar\/bab33852abfd8b282518d6ed81826833d77c3c882d9ab608add591ccace47a44?s=96&d=mm&r=g","caption":"Kuzeyin Sesi"},"sameAs":["https:\/\/kuzeyinsesi.org"],"url":"https:\/\/kuzeyinsesi.org\/index.php\/author\/guven\/"}]}},"_links":{"self":[{"href":"https:\/\/kuzeyinsesi.org\/index.php\/wp-json\/wp\/v2\/posts\/8630","targetHints":{"allow":["GET"]}}],"collection":[{"href":"https:\/\/kuzeyinsesi.org\/index.php\/wp-json\/wp\/v2\/posts"}],"about":[{"href":"https:\/\/kuzeyinsesi.org\/index.php\/wp-json\/wp\/v2\/types\/post"}],"author":[{"embeddable":true,"href":"https:\/\/kuzeyinsesi.org\/index.php\/wp-json\/wp\/v2\/users\/1"}],"replies":[{"embeddable":true,"href":"https:\/\/kuzeyinsesi.org\/index.php\/wp-json\/wp\/v2\/comments?post=8630"}],"version-history":[{"count":0,"href":"https:\/\/kuzeyinsesi.org\/index.php\/wp-json\/wp\/v2\/posts\/8630\/revisions"}],"wp:featuredmedia":[{"embeddable":true,"href":"https:\/\/kuzeyinsesi.org\/index.php\/wp-json\/wp\/v2\/media\/8631"}],"wp:attachment":[{"href":"https:\/\/kuzeyinsesi.org\/index.php\/wp-json\/wp\/v2\/media?parent=8630"}],"wp:term":[{"taxonomy":"category","embeddable":true,"href":"https:\/\/kuzeyinsesi.org\/index.php\/wp-json\/wp\/v2\/categories?post=8630"},{"taxonomy":"post_tag","embeddable":true,"href":"https:\/\/kuzeyinsesi.org\/index.php\/wp-json\/wp\/v2\/tags?post=8630"}],"curies":[{"name":"wp","href":"https:\/\/api.w.org\/{rel}","templated":true}]}}