{"id":8624,"date":"2024-08-26T20:33:55","date_gmt":"2024-08-26T17:33:55","guid":{"rendered":"https:\/\/kuzeyinsesi.org\/index.php\/2024\/08\/26\/6-uluslararasi-vunos-pismis-toprak-sempozyumu-1-16-eylul-tarihleri-arasinda-yapiliyor\/"},"modified":"2024-08-26T20:33:55","modified_gmt":"2024-08-26T17:33:55","slug":"6-uluslararasi-vunos-pismis-toprak-sempozyumu-1-16-eylul-tarihleri-arasinda-yapiliyor","status":"publish","type":"post","link":"https:\/\/kuzeyinsesi.org\/index.php\/2024\/08\/26\/6-uluslararasi-vunos-pismis-toprak-sempozyumu-1-16-eylul-tarihleri-arasinda-yapiliyor\/","title":{"rendered":"6. Uluslararas\u0131 Vunos Pi\u015fmi\u015f Toprak sempozyumu 1-16 Eyl\u00fcl tarihleri aras\u0131nda yap\u0131l\u0131yor"},"content":{"rendered":"<div>\n<div class=\"mariselle-image-container none\">\n                                            <\/div>\n<p>\u00c7atalk\u00f6y-Esentepe Belediyesi taraf\u0131ndan her y\u0131l d\u00fczenlenen 6. Uluslararas\u0131 Vunos Pi\u015fmi\u015f Toprak sempozyumu 1-16 Eyl\u00fcl tarihleri aras\u0131nda yap\u0131l\u0131yor.<\/p>\n<p>Belediyeden yap\u0131lan yaz\u0131l\u0131 a\u00e7\u0131klamaya g\u00f6re, \u00c7atalk\u00f6y-Ozank\u00f6y yolunun g\u00fcneyinde bir tepede bulunan Vunos, her y\u0131l etkinli\u011fe ev sahipli\u011fi yap\u0131yor.\u00a0<\/p>\n<p>\u00c7atalk\u00f6y-Esentepe Belediye Ba\u015fkan\u0131 Ceyhun K\u0131rok, sempozyuma bu y\u0131l 8 farkl\u0131 \u00fclkeden 20 sanat\u00e7\u0131 ve akademisyenin\u00a0 yan\u0131 s\u0131ra KKTC\u2018den 40 ki\u015filik kat\u0131l\u0131mc\u0131yla toplam 60 ki\u015filik bir ekibin kat\u0131lmas\u0131n\u0131n beklendi\u011fini belirtti. K\u0131rok, be\u015f bin y\u0131l \u00f6nce bu topraklarda ya\u015fayan bir medeniyeti bu g\u00fcn tekrardan ya\u015fatmak i\u00e7in vermi\u015f olduklar\u0131 \u00e7abay\u0131 hem g\u00f6rmek, hem de burada bu havay\u0131 tekrar solumak i\u00e7in halk\u0131 buraya davet etti.<\/p>\n<div class=\"mariselle-image-container center\">\n                <img decoding=\"async\" width=\"1280\" height=\"720\" class=\"lazy-image\" alt=\"\" sizes=\"(max-width: 1280px) 100vw, 1280px\" src=\"https:\/\/brtk.net\/wp-content\/uploads\/2024\/08\/26\/vounous-pismis-toprak-sempozyumu-10-ulkeden-70-sanatci-ve-akademisyenin-katilimiyla-dun-basladi.jpeg?ver=154477ac04701baafce46eefdd66595a\" srcset=\"https:\/\/brtk.net\/wp-content\/uploads\/2024\/08\/26\/vounous-pismis-toprak-sempozyumu-10-ulkeden-70-sanatci-ve-akademisyenin-katilimiyla-dun-basladi.jpeg?ver=154477ac04701baafce46eefdd66595a 1280w, https:\/\/brtk.net\/wp-content\/uploads\/2024\/08\/26\/vounous-pismis-toprak-sempozyumu-10-ulkeden-70-sanatci-ve-akademisyenin-katilimiyla-dun-basladi-300x169.jpeg?ver=154477ac04701baafce46eefdd66595a 300w, https:\/\/brtk.net\/wp-content\/uploads\/2024\/08\/26\/vounous-pismis-toprak-sempozyumu-10-ulkeden-70-sanatci-ve-akademisyenin-katilimiyla-dun-basladi-1024x576.jpeg?ver=3eff7c0c00678e9fcd8382d0a614808e 1024w, https:\/\/brtk.net\/wp-content\/uploads\/2024\/08\/26\/vounous-pismis-toprak-sempozyumu-10-ulkeden-70-sanatci-ve-akademisyenin-katilimiyla-dun-basladi-768x432.jpeg?ver=3eff7c0c00678e9fcd8382d0a614808e 768w\"\/>                            <\/div>\n<p>T\u00fcrkiye, Amerika Birle\u015fik Devletleri, Rusya, Almanya, Letonya, \u0130talya, Yunanistan ve S\u0131rbistan\u2019dan 20 akademisyen sanat\u00e7\u0131yla seramik, heykel, mozaik ve tun\u00e7 d\u00f6k\u00fcm\u00fc alanlar\u0131nda \u00fcretimin yap\u0131laca\u011f\u0131 seminerde,\u00a0Neolitikten Demir \u00c7a\u011f\u0131\u2019na kadar seramik \u00fcretimi ve pi\u015firimi s\u00fcre\u00e7leri de uygulamalar\u0131 incelenecek.<\/p>\n<p>Tamamen ilkel y\u00f6ntemlerle yap\u0131lacak bu \u00e7al\u0131\u015fmalar ilk etapta \u00c7atalk\u00f6y b\u00f6lgesinde bulunan otellerde kal\u0131c\u0131 olarak sergilenmeye ba\u015flanacak.<\/p>\n<p>1-16 Eyl\u00fcl tarihleri aras\u0131nda, 17.00- 23. 00 saatleri aras\u0131nda yap\u0131lacak \u00e7al\u0131\u015fmalar\u0131 halk\u0131n \u00fccretsiz ziyaret edebilece\u011fi ve dilerlerse \u00fcretim s\u00fcre\u00e7lerine kat\u0131labilecekleri kaydedilen a\u00e7\u0131klamada, 16 Eyl\u00fcl saat 19.00\u2019da yap\u0131lacak b\u00fcy\u00fck kapan\u0131\u015f t\u00f6reni ile sempozyumun sona erece\u011fi belirtildi.<\/p>\n<\/p><\/div>\n<p><script async\n                    defer\n                    crossorigin=\"anonymous\"\n                    src=\"https:\/\/connect.facebook.net\/tr_TR\/sdk.js#xfbml=1&#038;version=v3.3\"\n            ><\/script><\/p>\n","protected":false},"excerpt":{"rendered":"<p>\u00c7atalk\u00f6y-Esentepe Belediyesi taraf\u0131ndan her y\u0131l d\u00fczenlenen 6. Uluslararas\u0131 Vunos Pi\u015fmi\u015f Toprak sempozyumu 1-16 Eyl\u00fcl tarihleri aras\u0131nda yap\u0131l\u0131yor. Belediyeden yap\u0131lan yaz\u0131l\u0131 a\u00e7\u0131klamaya g\u00f6re, \u00c7atalk\u00f6y-Ozank\u00f6y yolunun g\u00fcneyinde bir tepede bulunan Vunos, her y\u0131l etkinli\u011fe ev sahipli\u011fi yap\u0131yor.\u00a0 \u00c7atalk\u00f6y-Esentepe Belediye Ba\u015fkan\u0131 Ceyhun K\u0131rok, sempozyuma bu y\u0131l 8 farkl\u0131 \u00fclkeden 20 sanat\u00e7\u0131 ve akademisyenin\u00a0 yan\u0131 s\u0131ra KKTC\u2018den 40 ki\u015filik [&hellip;]<\/p>\n","protected":false},"author":1,"featured_media":8625,"comment_status":"open","ping_status":"open","sticky":false,"template":"","format":"standard","meta":{"jnews-multi-image_gallery":[],"jnews_single_post":[],"jnews_primary_category":[],"jnews_social_meta":[],"jnews_override_counter":[],"footnotes":""},"categories":[6],"tags":[],"class_list":["post-8624","post","type-post","status-publish","format-standard","has-post-thumbnail","hentry","category-yasam"],"yoast_head":"<!-- This site is optimized with the Yoast SEO plugin v27.5 - https:\/\/yoast.com\/product\/yoast-seo-wordpress\/ -->\n<title>6. Uluslararas\u0131 Vunos Pi\u015fmi\u015f Toprak sempozyumu 1-16 Eyl\u00fcl tarihleri aras\u0131nda yap\u0131l\u0131yor - Kuzeyin Sesi<\/title>\n<meta name=\"robots\" content=\"index, follow, max-snippet:-1, max-image-preview:large, max-video-preview:-1\" \/>\n<link rel=\"canonical\" href=\"https:\/\/kuzeyinsesi.org\/index.php\/2024\/08\/26\/6-uluslararasi-vunos-pismis-toprak-sempozyumu-1-16-eylul-tarihleri-arasinda-yapiliyor\/\" \/>\n<meta property=\"og:locale\" content=\"tr_TR\" \/>\n<meta property=\"og:type\" content=\"article\" \/>\n<meta property=\"og:title\" content=\"6. Uluslararas\u0131 Vunos Pi\u015fmi\u015f Toprak sempozyumu 1-16 Eyl\u00fcl tarihleri aras\u0131nda yap\u0131l\u0131yor - Kuzeyin Sesi\" \/>\n<meta property=\"og:description\" content=\"\u00c7atalk\u00f6y-Esentepe Belediyesi taraf\u0131ndan her y\u0131l d\u00fczenlenen 6. Uluslararas\u0131 Vunos Pi\u015fmi\u015f Toprak sempozyumu 1-16 Eyl\u00fcl tarihleri aras\u0131nda yap\u0131l\u0131yor. Belediyeden yap\u0131lan yaz\u0131l\u0131 a\u00e7\u0131klamaya g\u00f6re, \u00c7atalk\u00f6y-Ozank\u00f6y yolunun g\u00fcneyinde bir tepede bulunan Vunos, her y\u0131l etkinli\u011fe ev sahipli\u011fi yap\u0131yor.\u00a0 \u00c7atalk\u00f6y-Esentepe Belediye Ba\u015fkan\u0131 Ceyhun K\u0131rok, sempozyuma bu y\u0131l 8 farkl\u0131 \u00fclkeden 20 sanat\u00e7\u0131 ve akademisyenin\u00a0 yan\u0131 s\u0131ra KKTC\u2018den 40 ki\u015filik [&hellip;]\" \/>\n<meta property=\"og:url\" content=\"https:\/\/kuzeyinsesi.org\/index.php\/2024\/08\/26\/6-uluslararasi-vunos-pismis-toprak-sempozyumu-1-16-eylul-tarihleri-arasinda-yapiliyor\/\" \/>\n<meta property=\"og:site_name\" content=\"Kuzeyin Sesi\" \/>\n<meta property=\"article:publisher\" content=\"https:\/\/www.facebook.com\/kuzeyinsesii\" \/>\n<meta property=\"article:published_time\" content=\"2024-08-26T17:33:55+00:00\" \/>\n<meta property=\"og:image\" content=\"https:\/\/brtk.net\/wp-content\/uploads\/2024\/08\/26\/belediye.jpg?ver=1d8d6eb8781c79b741964dcc9d95bad4\" \/>\n<meta name=\"author\" content=\"Kuzeyin Sesi\" \/>\n<meta name=\"twitter:card\" content=\"summary_large_image\" \/>\n<meta name=\"twitter:creator\" content=\"@kuzeyinsesii\" \/>\n<meta name=\"twitter:site\" content=\"@kuzeyinsesii\" \/>\n<meta name=\"twitter:label1\" content=\"Yazan:\" \/>\n\t<meta name=\"twitter:data1\" content=\"Kuzeyin Sesi\" \/>\n\t<meta name=\"twitter:label2\" content=\"Tahmini okuma s\u00fcresi\" \/>\n\t<meta name=\"twitter:data2\" content=\"1 dakika\" \/>\n<script type=\"application\/ld+json\" class=\"yoast-schema-graph\">{\"@context\":\"https:\\\/\\\/schema.org\",\"@graph\":[{\"@type\":\"Article\",\"@id\":\"https:\\\/\\\/kuzeyinsesi.org\\\/index.php\\\/2024\\\/08\\\/26\\\/6-uluslararasi-vunos-pismis-toprak-sempozyumu-1-16-eylul-tarihleri-arasinda-yapiliyor\\\/#article\",\"isPartOf\":{\"@id\":\"https:\\\/\\\/kuzeyinsesi.org\\\/index.php\\\/2024\\\/08\\\/26\\\/6-uluslararasi-vunos-pismis-toprak-sempozyumu-1-16-eylul-tarihleri-arasinda-yapiliyor\\\/\"},\"author\":{\"name\":\"Kuzeyin Sesi\",\"@id\":\"https:\\\/\\\/kuzeyinsesi.org\\\/#\\\/schema\\\/person\\\/9f859689cdf01485597712386e37f5aa\"},\"headline\":\"6. Uluslararas\u0131 Vunos Pi\u015fmi\u015f Toprak sempozyumu 1-16 Eyl\u00fcl tarihleri aras\u0131nda yap\u0131l\u0131yor\",\"datePublished\":\"2024-08-26T17:33:55+00:00\",\"mainEntityOfPage\":{\"@id\":\"https:\\\/\\\/kuzeyinsesi.org\\\/index.php\\\/2024\\\/08\\\/26\\\/6-uluslararasi-vunos-pismis-toprak-sempozyumu-1-16-eylul-tarihleri-arasinda-yapiliyor\\\/\"},\"wordCount\":269,\"commentCount\":0,\"image\":{\"@id\":\"https:\\\/\\\/kuzeyinsesi.org\\\/index.php\\\/2024\\\/08\\\/26\\\/6-uluslararasi-vunos-pismis-toprak-sempozyumu-1-16-eylul-tarihleri-arasinda-yapiliyor\\\/#primaryimage\"},\"thumbnailUrl\":\"https:\\\/\\\/kuzeyinsesi.org\\\/wp-content\\\/uploads\\\/2024\\\/08\\\/vounous-pismis-toprak-sempozyumu-10-ulkeden-70-sanatci-ve-akademisyenin-katilimiyla-dun-basladi.jpeg\",\"articleSection\":[\"Ya\u015fam\"],\"inLanguage\":\"tr\",\"potentialAction\":[{\"@type\":\"CommentAction\",\"name\":\"Comment\",\"target\":[\"https:\\\/\\\/kuzeyinsesi.org\\\/index.php\\\/2024\\\/08\\\/26\\\/6-uluslararasi-vunos-pismis-toprak-sempozyumu-1-16-eylul-tarihleri-arasinda-yapiliyor\\\/#respond\"]}]},{\"@type\":\"WebPage\",\"@id\":\"https:\\\/\\\/kuzeyinsesi.org\\\/index.php\\\/2024\\\/08\\\/26\\\/6-uluslararasi-vunos-pismis-toprak-sempozyumu-1-16-eylul-tarihleri-arasinda-yapiliyor\\\/\",\"url\":\"https:\\\/\\\/kuzeyinsesi.org\\\/index.php\\\/2024\\\/08\\\/26\\\/6-uluslararasi-vunos-pismis-toprak-sempozyumu-1-16-eylul-tarihleri-arasinda-yapiliyor\\\/\",\"name\":\"6. Uluslararas\u0131 Vunos Pi\u015fmi\u015f Toprak sempozyumu 1-16 Eyl\u00fcl tarihleri aras\u0131nda yap\u0131l\u0131yor - Kuzeyin Sesi\",\"isPartOf\":{\"@id\":\"https:\\\/\\\/kuzeyinsesi.org\\\/#website\"},\"primaryImageOfPage\":{\"@id\":\"https:\\\/\\\/kuzeyinsesi.org\\\/index.php\\\/2024\\\/08\\\/26\\\/6-uluslararasi-vunos-pismis-toprak-sempozyumu-1-16-eylul-tarihleri-arasinda-yapiliyor\\\/#primaryimage\"},\"image\":{\"@id\":\"https:\\\/\\\/kuzeyinsesi.org\\\/index.php\\\/2024\\\/08\\\/26\\\/6-uluslararasi-vunos-pismis-toprak-sempozyumu-1-16-eylul-tarihleri-arasinda-yapiliyor\\\/#primaryimage\"},\"thumbnailUrl\":\"https:\\\/\\\/kuzeyinsesi.org\\\/wp-content\\\/uploads\\\/2024\\\/08\\\/vounous-pismis-toprak-sempozyumu-10-ulkeden-70-sanatci-ve-akademisyenin-katilimiyla-dun-basladi.jpeg\",\"datePublished\":\"2024-08-26T17:33:55+00:00\",\"author\":{\"@id\":\"https:\\\/\\\/kuzeyinsesi.org\\\/#\\\/schema\\\/person\\\/9f859689cdf01485597712386e37f5aa\"},\"breadcrumb\":{\"@id\":\"https:\\\/\\\/kuzeyinsesi.org\\\/index.php\\\/2024\\\/08\\\/26\\\/6-uluslararasi-vunos-pismis-toprak-sempozyumu-1-16-eylul-tarihleri-arasinda-yapiliyor\\\/#breadcrumb\"},\"inLanguage\":\"tr\",\"potentialAction\":[{\"@type\":\"ReadAction\",\"target\":[\"https:\\\/\\\/kuzeyinsesi.org\\\/index.php\\\/2024\\\/08\\\/26\\\/6-uluslararasi-vunos-pismis-toprak-sempozyumu-1-16-eylul-tarihleri-arasinda-yapiliyor\\\/\"]}]},{\"@type\":\"ImageObject\",\"inLanguage\":\"tr\",\"@id\":\"https:\\\/\\\/kuzeyinsesi.org\\\/index.php\\\/2024\\\/08\\\/26\\\/6-uluslararasi-vunos-pismis-toprak-sempozyumu-1-16-eylul-tarihleri-arasinda-yapiliyor\\\/#primaryimage\",\"url\":\"https:\\\/\\\/kuzeyinsesi.org\\\/wp-content\\\/uploads\\\/2024\\\/08\\\/vounous-pismis-toprak-sempozyumu-10-ulkeden-70-sanatci-ve-akademisyenin-katilimiyla-dun-basladi.jpeg\",\"contentUrl\":\"https:\\\/\\\/kuzeyinsesi.org\\\/wp-content\\\/uploads\\\/2024\\\/08\\\/vounous-pismis-toprak-sempozyumu-10-ulkeden-70-sanatci-ve-akademisyenin-katilimiyla-dun-basladi.jpeg\",\"width\":1280,\"height\":720},{\"@type\":\"BreadcrumbList\",\"@id\":\"https:\\\/\\\/kuzeyinsesi.org\\\/index.php\\\/2024\\\/08\\\/26\\\/6-uluslararasi-vunos-pismis-toprak-sempozyumu-1-16-eylul-tarihleri-arasinda-yapiliyor\\\/#breadcrumb\",\"itemListElement\":[{\"@type\":\"ListItem\",\"position\":1,\"name\":\"Anasayfa\",\"item\":\"https:\\\/\\\/kuzeyinsesi.org\\\/\"},{\"@type\":\"ListItem\",\"position\":2,\"name\":\"6. Uluslararas\u0131 Vunos Pi\u015fmi\u015f Toprak sempozyumu 1-16 Eyl\u00fcl tarihleri aras\u0131nda yap\u0131l\u0131yor\"}]},{\"@type\":\"WebSite\",\"@id\":\"https:\\\/\\\/kuzeyinsesi.org\\\/#website\",\"url\":\"https:\\\/\\\/kuzeyinsesi.org\\\/\",\"name\":\"Kuzeyin Sesi\",\"description\":\"Do\u011fru Haberin Adresi\",\"potentialAction\":[{\"@type\":\"SearchAction\",\"target\":{\"@type\":\"EntryPoint\",\"urlTemplate\":\"https:\\\/\\\/kuzeyinsesi.org\\\/?s={search_term_string}\"},\"query-input\":{\"@type\":\"PropertyValueSpecification\",\"valueRequired\":true,\"valueName\":\"search_term_string\"}}],\"inLanguage\":\"tr\"},{\"@type\":\"Person\",\"@id\":\"https:\\\/\\\/kuzeyinsesi.org\\\/#\\\/schema\\\/person\\\/9f859689cdf01485597712386e37f5aa\",\"name\":\"Kuzeyin Sesi\",\"image\":{\"@type\":\"ImageObject\",\"inLanguage\":\"tr\",\"@id\":\"https:\\\/\\\/secure.gravatar.com\\\/avatar\\\/bab33852abfd8b282518d6ed81826833d77c3c882d9ab608add591ccace47a44?s=96&d=mm&r=g\",\"url\":\"https:\\\/\\\/secure.gravatar.com\\\/avatar\\\/bab33852abfd8b282518d6ed81826833d77c3c882d9ab608add591ccace47a44?s=96&d=mm&r=g\",\"contentUrl\":\"https:\\\/\\\/secure.gravatar.com\\\/avatar\\\/bab33852abfd8b282518d6ed81826833d77c3c882d9ab608add591ccace47a44?s=96&d=mm&r=g\",\"caption\":\"Kuzeyin Sesi\"},\"sameAs\":[\"https:\\\/\\\/kuzeyinsesi.org\"],\"url\":\"https:\\\/\\\/kuzeyinsesi.org\\\/index.php\\\/author\\\/guven\\\/\"}]}<\/script>\n<!-- \/ Yoast SEO plugin. -->","yoast_head_json":{"title":"6. Uluslararas\u0131 Vunos Pi\u015fmi\u015f Toprak sempozyumu 1-16 Eyl\u00fcl tarihleri aras\u0131nda yap\u0131l\u0131yor - Kuzeyin Sesi","robots":{"index":"index","follow":"follow","max-snippet":"max-snippet:-1","max-image-preview":"max-image-preview:large","max-video-preview":"max-video-preview:-1"},"canonical":"https:\/\/kuzeyinsesi.org\/index.php\/2024\/08\/26\/6-uluslararasi-vunos-pismis-toprak-sempozyumu-1-16-eylul-tarihleri-arasinda-yapiliyor\/","og_locale":"tr_TR","og_type":"article","og_title":"6. Uluslararas\u0131 Vunos Pi\u015fmi\u015f Toprak sempozyumu 1-16 Eyl\u00fcl tarihleri aras\u0131nda yap\u0131l\u0131yor - Kuzeyin Sesi","og_description":"\u00c7atalk\u00f6y-Esentepe Belediyesi taraf\u0131ndan her y\u0131l d\u00fczenlenen 6. Uluslararas\u0131 Vunos Pi\u015fmi\u015f Toprak sempozyumu 1-16 Eyl\u00fcl tarihleri aras\u0131nda yap\u0131l\u0131yor. Belediyeden yap\u0131lan yaz\u0131l\u0131 a\u00e7\u0131klamaya g\u00f6re, \u00c7atalk\u00f6y-Ozank\u00f6y yolunun g\u00fcneyinde bir tepede bulunan Vunos, her y\u0131l etkinli\u011fe ev sahipli\u011fi yap\u0131yor.\u00a0 \u00c7atalk\u00f6y-Esentepe Belediye Ba\u015fkan\u0131 Ceyhun K\u0131rok, sempozyuma bu y\u0131l 8 farkl\u0131 \u00fclkeden 20 sanat\u00e7\u0131 ve akademisyenin\u00a0 yan\u0131 s\u0131ra KKTC\u2018den 40 ki\u015filik [&hellip;]","og_url":"https:\/\/kuzeyinsesi.org\/index.php\/2024\/08\/26\/6-uluslararasi-vunos-pismis-toprak-sempozyumu-1-16-eylul-tarihleri-arasinda-yapiliyor\/","og_site_name":"Kuzeyin Sesi","article_publisher":"https:\/\/www.facebook.com\/kuzeyinsesii","article_published_time":"2024-08-26T17:33:55+00:00","og_image":[{"url":"https:\/\/brtk.net\/wp-content\/uploads\/2024\/08\/26\/belediye.jpg?ver=1d8d6eb8781c79b741964dcc9d95bad4","type":"","width":"","height":""}],"author":"Kuzeyin Sesi","twitter_card":"summary_large_image","twitter_creator":"@kuzeyinsesii","twitter_site":"@kuzeyinsesii","twitter_misc":{"Yazan:":"Kuzeyin Sesi","Tahmini okuma s\u00fcresi":"1 dakika"},"schema":{"@context":"https:\/\/schema.org","@graph":[{"@type":"Article","@id":"https:\/\/kuzeyinsesi.org\/index.php\/2024\/08\/26\/6-uluslararasi-vunos-pismis-toprak-sempozyumu-1-16-eylul-tarihleri-arasinda-yapiliyor\/#article","isPartOf":{"@id":"https:\/\/kuzeyinsesi.org\/index.php\/2024\/08\/26\/6-uluslararasi-vunos-pismis-toprak-sempozyumu-1-16-eylul-tarihleri-arasinda-yapiliyor\/"},"author":{"name":"Kuzeyin Sesi","@id":"https:\/\/kuzeyinsesi.org\/#\/schema\/person\/9f859689cdf01485597712386e37f5aa"},"headline":"6. Uluslararas\u0131 Vunos Pi\u015fmi\u015f Toprak sempozyumu 1-16 Eyl\u00fcl tarihleri aras\u0131nda yap\u0131l\u0131yor","datePublished":"2024-08-26T17:33:55+00:00","mainEntityOfPage":{"@id":"https:\/\/kuzeyinsesi.org\/index.php\/2024\/08\/26\/6-uluslararasi-vunos-pismis-toprak-sempozyumu-1-16-eylul-tarihleri-arasinda-yapiliyor\/"},"wordCount":269,"commentCount":0,"image":{"@id":"https:\/\/kuzeyinsesi.org\/index.php\/2024\/08\/26\/6-uluslararasi-vunos-pismis-toprak-sempozyumu-1-16-eylul-tarihleri-arasinda-yapiliyor\/#primaryimage"},"thumbnailUrl":"https:\/\/kuzeyinsesi.org\/wp-content\/uploads\/2024\/08\/vounous-pismis-toprak-sempozyumu-10-ulkeden-70-sanatci-ve-akademisyenin-katilimiyla-dun-basladi.jpeg","articleSection":["Ya\u015fam"],"inLanguage":"tr","potentialAction":[{"@type":"CommentAction","name":"Comment","target":["https:\/\/kuzeyinsesi.org\/index.php\/2024\/08\/26\/6-uluslararasi-vunos-pismis-toprak-sempozyumu-1-16-eylul-tarihleri-arasinda-yapiliyor\/#respond"]}]},{"@type":"WebPage","@id":"https:\/\/kuzeyinsesi.org\/index.php\/2024\/08\/26\/6-uluslararasi-vunos-pismis-toprak-sempozyumu-1-16-eylul-tarihleri-arasinda-yapiliyor\/","url":"https:\/\/kuzeyinsesi.org\/index.php\/2024\/08\/26\/6-uluslararasi-vunos-pismis-toprak-sempozyumu-1-16-eylul-tarihleri-arasinda-yapiliyor\/","name":"6. Uluslararas\u0131 Vunos Pi\u015fmi\u015f Toprak sempozyumu 1-16 Eyl\u00fcl tarihleri aras\u0131nda yap\u0131l\u0131yor - Kuzeyin Sesi","isPartOf":{"@id":"https:\/\/kuzeyinsesi.org\/#website"},"primaryImageOfPage":{"@id":"https:\/\/kuzeyinsesi.org\/index.php\/2024\/08\/26\/6-uluslararasi-vunos-pismis-toprak-sempozyumu-1-16-eylul-tarihleri-arasinda-yapiliyor\/#primaryimage"},"image":{"@id":"https:\/\/kuzeyinsesi.org\/index.php\/2024\/08\/26\/6-uluslararasi-vunos-pismis-toprak-sempozyumu-1-16-eylul-tarihleri-arasinda-yapiliyor\/#primaryimage"},"thumbnailUrl":"https:\/\/kuzeyinsesi.org\/wp-content\/uploads\/2024\/08\/vounous-pismis-toprak-sempozyumu-10-ulkeden-70-sanatci-ve-akademisyenin-katilimiyla-dun-basladi.jpeg","datePublished":"2024-08-26T17:33:55+00:00","author":{"@id":"https:\/\/kuzeyinsesi.org\/#\/schema\/person\/9f859689cdf01485597712386e37f5aa"},"breadcrumb":{"@id":"https:\/\/kuzeyinsesi.org\/index.php\/2024\/08\/26\/6-uluslararasi-vunos-pismis-toprak-sempozyumu-1-16-eylul-tarihleri-arasinda-yapiliyor\/#breadcrumb"},"inLanguage":"tr","potentialAction":[{"@type":"ReadAction","target":["https:\/\/kuzeyinsesi.org\/index.php\/2024\/08\/26\/6-uluslararasi-vunos-pismis-toprak-sempozyumu-1-16-eylul-tarihleri-arasinda-yapiliyor\/"]}]},{"@type":"ImageObject","inLanguage":"tr","@id":"https:\/\/kuzeyinsesi.org\/index.php\/2024\/08\/26\/6-uluslararasi-vunos-pismis-toprak-sempozyumu-1-16-eylul-tarihleri-arasinda-yapiliyor\/#primaryimage","url":"https:\/\/kuzeyinsesi.org\/wp-content\/uploads\/2024\/08\/vounous-pismis-toprak-sempozyumu-10-ulkeden-70-sanatci-ve-akademisyenin-katilimiyla-dun-basladi.jpeg","contentUrl":"https:\/\/kuzeyinsesi.org\/wp-content\/uploads\/2024\/08\/vounous-pismis-toprak-sempozyumu-10-ulkeden-70-sanatci-ve-akademisyenin-katilimiyla-dun-basladi.jpeg","width":1280,"height":720},{"@type":"BreadcrumbList","@id":"https:\/\/kuzeyinsesi.org\/index.php\/2024\/08\/26\/6-uluslararasi-vunos-pismis-toprak-sempozyumu-1-16-eylul-tarihleri-arasinda-yapiliyor\/#breadcrumb","itemListElement":[{"@type":"ListItem","position":1,"name":"Anasayfa","item":"https:\/\/kuzeyinsesi.org\/"},{"@type":"ListItem","position":2,"name":"6. Uluslararas\u0131 Vunos Pi\u015fmi\u015f Toprak sempozyumu 1-16 Eyl\u00fcl tarihleri aras\u0131nda yap\u0131l\u0131yor"}]},{"@type":"WebSite","@id":"https:\/\/kuzeyinsesi.org\/#website","url":"https:\/\/kuzeyinsesi.org\/","name":"Kuzeyin Sesi","description":"Do\u011fru Haberin Adresi","potentialAction":[{"@type":"SearchAction","target":{"@type":"EntryPoint","urlTemplate":"https:\/\/kuzeyinsesi.org\/?s={search_term_string}"},"query-input":{"@type":"PropertyValueSpecification","valueRequired":true,"valueName":"search_term_string"}}],"inLanguage":"tr"},{"@type":"Person","@id":"https:\/\/kuzeyinsesi.org\/#\/schema\/person\/9f859689cdf01485597712386e37f5aa","name":"Kuzeyin Sesi","image":{"@type":"ImageObject","inLanguage":"tr","@id":"https:\/\/secure.gravatar.com\/avatar\/bab33852abfd8b282518d6ed81826833d77c3c882d9ab608add591ccace47a44?s=96&d=mm&r=g","url":"https:\/\/secure.gravatar.com\/avatar\/bab33852abfd8b282518d6ed81826833d77c3c882d9ab608add591ccace47a44?s=96&d=mm&r=g","contentUrl":"https:\/\/secure.gravatar.com\/avatar\/bab33852abfd8b282518d6ed81826833d77c3c882d9ab608add591ccace47a44?s=96&d=mm&r=g","caption":"Kuzeyin Sesi"},"sameAs":["https:\/\/kuzeyinsesi.org"],"url":"https:\/\/kuzeyinsesi.org\/index.php\/author\/guven\/"}]}},"_links":{"self":[{"href":"https:\/\/kuzeyinsesi.org\/index.php\/wp-json\/wp\/v2\/posts\/8624","targetHints":{"allow":["GET"]}}],"collection":[{"href":"https:\/\/kuzeyinsesi.org\/index.php\/wp-json\/wp\/v2\/posts"}],"about":[{"href":"https:\/\/kuzeyinsesi.org\/index.php\/wp-json\/wp\/v2\/types\/post"}],"author":[{"embeddable":true,"href":"https:\/\/kuzeyinsesi.org\/index.php\/wp-json\/wp\/v2\/users\/1"}],"replies":[{"embeddable":true,"href":"https:\/\/kuzeyinsesi.org\/index.php\/wp-json\/wp\/v2\/comments?post=8624"}],"version-history":[{"count":0,"href":"https:\/\/kuzeyinsesi.org\/index.php\/wp-json\/wp\/v2\/posts\/8624\/revisions"}],"wp:featuredmedia":[{"embeddable":true,"href":"https:\/\/kuzeyinsesi.org\/index.php\/wp-json\/wp\/v2\/media\/8625"}],"wp:attachment":[{"href":"https:\/\/kuzeyinsesi.org\/index.php\/wp-json\/wp\/v2\/media?parent=8624"}],"wp:term":[{"taxonomy":"category","embeddable":true,"href":"https:\/\/kuzeyinsesi.org\/index.php\/wp-json\/wp\/v2\/categories?post=8624"},{"taxonomy":"post_tag","embeddable":true,"href":"https:\/\/kuzeyinsesi.org\/index.php\/wp-json\/wp\/v2\/tags?post=8624"}],"curies":[{"name":"wp","href":"https:\/\/api.w.org\/{rel}","templated":true}]}}