{"id":8614,"date":"2024-08-26T16:21:29","date_gmt":"2024-08-26T13:21:29","guid":{"rendered":"https:\/\/kuzeyinsesi.org\/index.php\/2024\/08\/26\/iskele-deniz-festivali-tamamlandi\/"},"modified":"2024-08-26T16:21:29","modified_gmt":"2024-08-26T13:21:29","slug":"iskele-deniz-festivali-tamamlandi","status":"publish","type":"post","link":"https:\/\/kuzeyinsesi.org\/index.php\/2024\/08\/26\/iskele-deniz-festivali-tamamlandi\/","title":{"rendered":"\u0130skele Deniz Festivali tamamland\u0131"},"content":{"rendered":"<div>\n<div class=\"mariselle-image-container none\">\n                                            <\/div>\n<p>\u0130skele Belediyesi 4. Deniz Festivali tamamland\u0131. Festivalde cumartesi Cem Adrian, d\u00fcn ak\u015fam da Nafiz D\u00f6lek konser verdi.<\/p>\n<p>\u0130skele Belediyesi\u2019nden verilen bilgiye g\u00f6re, \u0130skele Halk Plaj\u0131\u2019nda yer alan \u0130skele Belediyesi Deniz Festivali, \u00fc\u00e7 g\u00fcn s\u00fcrd\u00fc.<\/p>\n<p>Festivalin kapan\u0131\u015f\u0131nda \u201c3. Survivor \u00c7ocuk Yar\u0131\u015fmas\u0131\u201d da yer ald\u0131. \u00c7ocuklar, nefes kesen m\u00fccadeleleriyle b\u00fcy\u00fck alk\u0131\u015f al\u0131rken, yar\u0131\u015fmay\u0131 kazanan isim 10 ya\u015f\u0131ndaki Dilan Kral oldu. Dilan, toplamda 4 bin liral\u0131k hediye \u00e7ekinin de sahibi oldu. Yar\u0131\u015fmay\u0131 ikinci tamamlamay\u0131 ba\u015faran isim ise k\u0131rm\u0131z\u0131 tak\u0131mdan 11 ya\u015f\u0131ndaki Milan M\u0131rha oldu. Yar\u0131\u015fman\u0131n finalinde kat\u0131l\u0131mc\u0131 t\u00fcm \u00e7ocuklara madalyalar\u0131 da taktim edildi.<\/p>\n<p>\u0130skele Belediyesi Halk Plaj\u0131\u2019nda \u00fc\u00e7 g\u00fcn s\u00fcren festivalde t\u00fcm konserler \u00fccretsiz ger\u00e7ekle\u015fti. Alana kurulan sahnede festivalin kapan\u0131\u015f\u0131nda Nafiz D\u00f6lek sahne ald\u0131. \u015eark\u0131c\u0131, seslendirdi\u011fi \u015fark\u0131larla kendisini dinlemeye gelenlere keyifli bir gece ya\u015fatt\u0131.<\/p>\n<p><strong>-Cem Adrian ilk kez halk konseri verdi<\/strong><\/p>\n<p>\u00d6te yandan \u0130skele Belediyesi 4. Deniz Festivali\u2019nde sahne alan Cem Adrian, K\u0131br\u0131s\u2019taki ilk halk konseri b\u00fcy\u00fck ilgi g\u00f6rd\u00fc. Konsere kat\u0131lanlar\u0131n, Cem Adrian\u2019\u0131n \u015fark\u0131lar\u0131na e\u015flik etti, unutulmaz bir gece ya\u015fad\u0131\u011f\u0131 kaydedildi.<\/p>\n<\/p><\/div>\n<p><script async\n                    defer\n                    crossorigin=\"anonymous\"\n                    src=\"https:\/\/connect.facebook.net\/tr_TR\/sdk.js#xfbml=1&#038;version=v3.3\"\n            ><\/script><\/p>\n","protected":false},"excerpt":{"rendered":"<p>\u0130skele Belediyesi 4. Deniz Festivali tamamland\u0131. Festivalde cumartesi Cem Adrian, d\u00fcn ak\u015fam da Nafiz D\u00f6lek konser verdi. \u0130skele Belediyesi\u2019nden verilen bilgiye g\u00f6re, \u0130skele Halk Plaj\u0131\u2019nda yer alan \u0130skele Belediyesi Deniz Festivali, \u00fc\u00e7 g\u00fcn s\u00fcrd\u00fc. Festivalin kapan\u0131\u015f\u0131nda \u201c3. Survivor \u00c7ocuk Yar\u0131\u015fmas\u0131\u201d da yer ald\u0131. \u00c7ocuklar, nefes kesen m\u00fccadeleleriyle b\u00fcy\u00fck alk\u0131\u015f al\u0131rken, yar\u0131\u015fmay\u0131 kazanan isim 10 ya\u015f\u0131ndaki [&hellip;]<\/p>\n","protected":false},"author":1,"featured_media":8615,"comment_status":"open","ping_status":"open","sticky":false,"template":"","format":"standard","meta":{"jnews-multi-image_gallery":[],"jnews_single_post":[],"jnews_primary_category":[],"jnews_social_meta":[],"jnews_override_counter":[],"footnotes":""},"categories":[6],"tags":[],"class_list":["post-8614","post","type-post","status-publish","format-standard","has-post-thumbnail","hentry","category-yasam"],"yoast_head":"<!-- This site is optimized with the Yoast SEO plugin v27.5 - https:\/\/yoast.com\/product\/yoast-seo-wordpress\/ -->\n<title>\u0130skele Deniz Festivali tamamland\u0131 - Kuzeyin Sesi<\/title>\n<meta name=\"robots\" content=\"index, follow, max-snippet:-1, max-image-preview:large, max-video-preview:-1\" \/>\n<link rel=\"canonical\" href=\"https:\/\/kuzeyinsesi.org\/index.php\/2024\/08\/26\/iskele-deniz-festivali-tamamlandi\/\" \/>\n<meta property=\"og:locale\" content=\"tr_TR\" \/>\n<meta property=\"og:type\" content=\"article\" \/>\n<meta property=\"og:title\" content=\"\u0130skele Deniz Festivali tamamland\u0131 - Kuzeyin Sesi\" \/>\n<meta property=\"og:description\" content=\"\u0130skele Belediyesi 4. Deniz Festivali tamamland\u0131. Festivalde cumartesi Cem Adrian, d\u00fcn ak\u015fam da Nafiz D\u00f6lek konser verdi. \u0130skele Belediyesi\u2019nden verilen bilgiye g\u00f6re, \u0130skele Halk Plaj\u0131\u2019nda yer alan \u0130skele Belediyesi Deniz Festivali, \u00fc\u00e7 g\u00fcn s\u00fcrd\u00fc. Festivalin kapan\u0131\u015f\u0131nda \u201c3. Survivor \u00c7ocuk Yar\u0131\u015fmas\u0131\u201d da yer ald\u0131. \u00c7ocuklar, nefes kesen m\u00fccadeleleriyle b\u00fcy\u00fck alk\u0131\u015f al\u0131rken, yar\u0131\u015fmay\u0131 kazanan isim 10 ya\u015f\u0131ndaki [&hellip;]\" \/>\n<meta property=\"og:url\" content=\"https:\/\/kuzeyinsesi.org\/index.php\/2024\/08\/26\/iskele-deniz-festivali-tamamlandi\/\" \/>\n<meta property=\"og:site_name\" content=\"Kuzeyin Sesi\" \/>\n<meta property=\"article:publisher\" content=\"https:\/\/www.facebook.com\/kuzeyinsesii\" \/>\n<meta property=\"article:published_time\" content=\"2024-08-26T13:21:29+00:00\" \/>\n<meta property=\"og:image\" content=\"https:\/\/brtk.net\/wp-content\/uploads\/2024\/08\/26\/cem-adrian-konseri-1.jpg?ver=a3db0f12566763d6f45d0cce7564fa35\" \/>\n<meta name=\"author\" content=\"Kuzeyin Sesi\" \/>\n<meta name=\"twitter:card\" content=\"summary_large_image\" \/>\n<meta name=\"twitter:creator\" content=\"@kuzeyinsesii\" \/>\n<meta name=\"twitter:site\" content=\"@kuzeyinsesii\" \/>\n<meta name=\"twitter:label1\" content=\"Yazan:\" \/>\n\t<meta name=\"twitter:data1\" content=\"Kuzeyin Sesi\" \/>\n\t<meta name=\"twitter:label2\" content=\"Tahmini okuma s\u00fcresi\" \/>\n\t<meta name=\"twitter:data2\" content=\"1 dakika\" \/>\n<script type=\"application\/ld+json\" class=\"yoast-schema-graph\">{\"@context\":\"https:\\\/\\\/schema.org\",\"@graph\":[{\"@type\":\"Article\",\"@id\":\"https:\\\/\\\/kuzeyinsesi.org\\\/index.php\\\/2024\\\/08\\\/26\\\/iskele-deniz-festivali-tamamlandi\\\/#article\",\"isPartOf\":{\"@id\":\"https:\\\/\\\/kuzeyinsesi.org\\\/index.php\\\/2024\\\/08\\\/26\\\/iskele-deniz-festivali-tamamlandi\\\/\"},\"author\":{\"name\":\"Kuzeyin Sesi\",\"@id\":\"https:\\\/\\\/kuzeyinsesi.org\\\/#\\\/schema\\\/person\\\/9f859689cdf01485597712386e37f5aa\"},\"headline\":\"\u0130skele Deniz Festivali tamamland\u0131\",\"datePublished\":\"2024-08-26T13:21:29+00:00\",\"mainEntityOfPage\":{\"@id\":\"https:\\\/\\\/kuzeyinsesi.org\\\/index.php\\\/2024\\\/08\\\/26\\\/iskele-deniz-festivali-tamamlandi\\\/\"},\"wordCount\":209,\"commentCount\":0,\"image\":{\"@id\":\"https:\\\/\\\/kuzeyinsesi.org\\\/index.php\\\/2024\\\/08\\\/26\\\/iskele-deniz-festivali-tamamlandi\\\/#primaryimage\"},\"thumbnailUrl\":\"https:\\\/\\\/kuzeyinsesi.org\\\/wp-content\\\/uploads\\\/2024\\\/08\\\/cem-adrian-konseri-1.jpg\",\"articleSection\":[\"Ya\u015fam\"],\"inLanguage\":\"tr\",\"potentialAction\":[{\"@type\":\"CommentAction\",\"name\":\"Comment\",\"target\":[\"https:\\\/\\\/kuzeyinsesi.org\\\/index.php\\\/2024\\\/08\\\/26\\\/iskele-deniz-festivali-tamamlandi\\\/#respond\"]}]},{\"@type\":\"WebPage\",\"@id\":\"https:\\\/\\\/kuzeyinsesi.org\\\/index.php\\\/2024\\\/08\\\/26\\\/iskele-deniz-festivali-tamamlandi\\\/\",\"url\":\"https:\\\/\\\/kuzeyinsesi.org\\\/index.php\\\/2024\\\/08\\\/26\\\/iskele-deniz-festivali-tamamlandi\\\/\",\"name\":\"\u0130skele Deniz Festivali tamamland\u0131 - Kuzeyin Sesi\",\"isPartOf\":{\"@id\":\"https:\\\/\\\/kuzeyinsesi.org\\\/#website\"},\"primaryImageOfPage\":{\"@id\":\"https:\\\/\\\/kuzeyinsesi.org\\\/index.php\\\/2024\\\/08\\\/26\\\/iskele-deniz-festivali-tamamlandi\\\/#primaryimage\"},\"image\":{\"@id\":\"https:\\\/\\\/kuzeyinsesi.org\\\/index.php\\\/2024\\\/08\\\/26\\\/iskele-deniz-festivali-tamamlandi\\\/#primaryimage\"},\"thumbnailUrl\":\"https:\\\/\\\/kuzeyinsesi.org\\\/wp-content\\\/uploads\\\/2024\\\/08\\\/cem-adrian-konseri-1.jpg\",\"datePublished\":\"2024-08-26T13:21:29+00:00\",\"author\":{\"@id\":\"https:\\\/\\\/kuzeyinsesi.org\\\/#\\\/schema\\\/person\\\/9f859689cdf01485597712386e37f5aa\"},\"breadcrumb\":{\"@id\":\"https:\\\/\\\/kuzeyinsesi.org\\\/index.php\\\/2024\\\/08\\\/26\\\/iskele-deniz-festivali-tamamlandi\\\/#breadcrumb\"},\"inLanguage\":\"tr\",\"potentialAction\":[{\"@type\":\"ReadAction\",\"target\":[\"https:\\\/\\\/kuzeyinsesi.org\\\/index.php\\\/2024\\\/08\\\/26\\\/iskele-deniz-festivali-tamamlandi\\\/\"]}]},{\"@type\":\"ImageObject\",\"inLanguage\":\"tr\",\"@id\":\"https:\\\/\\\/kuzeyinsesi.org\\\/index.php\\\/2024\\\/08\\\/26\\\/iskele-deniz-festivali-tamamlandi\\\/#primaryimage\",\"url\":\"https:\\\/\\\/kuzeyinsesi.org\\\/wp-content\\\/uploads\\\/2024\\\/08\\\/cem-adrian-konseri-1.jpg\",\"contentUrl\":\"https:\\\/\\\/kuzeyinsesi.org\\\/wp-content\\\/uploads\\\/2024\\\/08\\\/cem-adrian-konseri-1.jpg\",\"width\":929,\"height\":449},{\"@type\":\"BreadcrumbList\",\"@id\":\"https:\\\/\\\/kuzeyinsesi.org\\\/index.php\\\/2024\\\/08\\\/26\\\/iskele-deniz-festivali-tamamlandi\\\/#breadcrumb\",\"itemListElement\":[{\"@type\":\"ListItem\",\"position\":1,\"name\":\"Anasayfa\",\"item\":\"https:\\\/\\\/kuzeyinsesi.org\\\/\"},{\"@type\":\"ListItem\",\"position\":2,\"name\":\"\u0130skele Deniz Festivali tamamland\u0131\"}]},{\"@type\":\"WebSite\",\"@id\":\"https:\\\/\\\/kuzeyinsesi.org\\\/#website\",\"url\":\"https:\\\/\\\/kuzeyinsesi.org\\\/\",\"name\":\"Kuzeyin Sesi\",\"description\":\"Do\u011fru Haberin Adresi\",\"potentialAction\":[{\"@type\":\"SearchAction\",\"target\":{\"@type\":\"EntryPoint\",\"urlTemplate\":\"https:\\\/\\\/kuzeyinsesi.org\\\/?s={search_term_string}\"},\"query-input\":{\"@type\":\"PropertyValueSpecification\",\"valueRequired\":true,\"valueName\":\"search_term_string\"}}],\"inLanguage\":\"tr\"},{\"@type\":\"Person\",\"@id\":\"https:\\\/\\\/kuzeyinsesi.org\\\/#\\\/schema\\\/person\\\/9f859689cdf01485597712386e37f5aa\",\"name\":\"Kuzeyin Sesi\",\"image\":{\"@type\":\"ImageObject\",\"inLanguage\":\"tr\",\"@id\":\"https:\\\/\\\/secure.gravatar.com\\\/avatar\\\/bab33852abfd8b282518d6ed81826833d77c3c882d9ab608add591ccace47a44?s=96&d=mm&r=g\",\"url\":\"https:\\\/\\\/secure.gravatar.com\\\/avatar\\\/bab33852abfd8b282518d6ed81826833d77c3c882d9ab608add591ccace47a44?s=96&d=mm&r=g\",\"contentUrl\":\"https:\\\/\\\/secure.gravatar.com\\\/avatar\\\/bab33852abfd8b282518d6ed81826833d77c3c882d9ab608add591ccace47a44?s=96&d=mm&r=g\",\"caption\":\"Kuzeyin Sesi\"},\"sameAs\":[\"https:\\\/\\\/kuzeyinsesi.org\"],\"url\":\"https:\\\/\\\/kuzeyinsesi.org\\\/index.php\\\/author\\\/guven\\\/\"}]}<\/script>\n<!-- \/ Yoast SEO plugin. -->","yoast_head_json":{"title":"\u0130skele Deniz Festivali tamamland\u0131 - Kuzeyin Sesi","robots":{"index":"index","follow":"follow","max-snippet":"max-snippet:-1","max-image-preview":"max-image-preview:large","max-video-preview":"max-video-preview:-1"},"canonical":"https:\/\/kuzeyinsesi.org\/index.php\/2024\/08\/26\/iskele-deniz-festivali-tamamlandi\/","og_locale":"tr_TR","og_type":"article","og_title":"\u0130skele Deniz Festivali tamamland\u0131 - Kuzeyin Sesi","og_description":"\u0130skele Belediyesi 4. Deniz Festivali tamamland\u0131. Festivalde cumartesi Cem Adrian, d\u00fcn ak\u015fam da Nafiz D\u00f6lek konser verdi. \u0130skele Belediyesi\u2019nden verilen bilgiye g\u00f6re, \u0130skele Halk Plaj\u0131\u2019nda yer alan \u0130skele Belediyesi Deniz Festivali, \u00fc\u00e7 g\u00fcn s\u00fcrd\u00fc. Festivalin kapan\u0131\u015f\u0131nda \u201c3. Survivor \u00c7ocuk Yar\u0131\u015fmas\u0131\u201d da yer ald\u0131. \u00c7ocuklar, nefes kesen m\u00fccadeleleriyle b\u00fcy\u00fck alk\u0131\u015f al\u0131rken, yar\u0131\u015fmay\u0131 kazanan isim 10 ya\u015f\u0131ndaki [&hellip;]","og_url":"https:\/\/kuzeyinsesi.org\/index.php\/2024\/08\/26\/iskele-deniz-festivali-tamamlandi\/","og_site_name":"Kuzeyin Sesi","article_publisher":"https:\/\/www.facebook.com\/kuzeyinsesii","article_published_time":"2024-08-26T13:21:29+00:00","og_image":[{"url":"https:\/\/brtk.net\/wp-content\/uploads\/2024\/08\/26\/cem-adrian-konseri-1.jpg?ver=a3db0f12566763d6f45d0cce7564fa35","type":"","width":"","height":""}],"author":"Kuzeyin Sesi","twitter_card":"summary_large_image","twitter_creator":"@kuzeyinsesii","twitter_site":"@kuzeyinsesii","twitter_misc":{"Yazan:":"Kuzeyin Sesi","Tahmini okuma s\u00fcresi":"1 dakika"},"schema":{"@context":"https:\/\/schema.org","@graph":[{"@type":"Article","@id":"https:\/\/kuzeyinsesi.org\/index.php\/2024\/08\/26\/iskele-deniz-festivali-tamamlandi\/#article","isPartOf":{"@id":"https:\/\/kuzeyinsesi.org\/index.php\/2024\/08\/26\/iskele-deniz-festivali-tamamlandi\/"},"author":{"name":"Kuzeyin Sesi","@id":"https:\/\/kuzeyinsesi.org\/#\/schema\/person\/9f859689cdf01485597712386e37f5aa"},"headline":"\u0130skele Deniz Festivali tamamland\u0131","datePublished":"2024-08-26T13:21:29+00:00","mainEntityOfPage":{"@id":"https:\/\/kuzeyinsesi.org\/index.php\/2024\/08\/26\/iskele-deniz-festivali-tamamlandi\/"},"wordCount":209,"commentCount":0,"image":{"@id":"https:\/\/kuzeyinsesi.org\/index.php\/2024\/08\/26\/iskele-deniz-festivali-tamamlandi\/#primaryimage"},"thumbnailUrl":"https:\/\/kuzeyinsesi.org\/wp-content\/uploads\/2024\/08\/cem-adrian-konseri-1.jpg","articleSection":["Ya\u015fam"],"inLanguage":"tr","potentialAction":[{"@type":"CommentAction","name":"Comment","target":["https:\/\/kuzeyinsesi.org\/index.php\/2024\/08\/26\/iskele-deniz-festivali-tamamlandi\/#respond"]}]},{"@type":"WebPage","@id":"https:\/\/kuzeyinsesi.org\/index.php\/2024\/08\/26\/iskele-deniz-festivali-tamamlandi\/","url":"https:\/\/kuzeyinsesi.org\/index.php\/2024\/08\/26\/iskele-deniz-festivali-tamamlandi\/","name":"\u0130skele Deniz Festivali tamamland\u0131 - Kuzeyin Sesi","isPartOf":{"@id":"https:\/\/kuzeyinsesi.org\/#website"},"primaryImageOfPage":{"@id":"https:\/\/kuzeyinsesi.org\/index.php\/2024\/08\/26\/iskele-deniz-festivali-tamamlandi\/#primaryimage"},"image":{"@id":"https:\/\/kuzeyinsesi.org\/index.php\/2024\/08\/26\/iskele-deniz-festivali-tamamlandi\/#primaryimage"},"thumbnailUrl":"https:\/\/kuzeyinsesi.org\/wp-content\/uploads\/2024\/08\/cem-adrian-konseri-1.jpg","datePublished":"2024-08-26T13:21:29+00:00","author":{"@id":"https:\/\/kuzeyinsesi.org\/#\/schema\/person\/9f859689cdf01485597712386e37f5aa"},"breadcrumb":{"@id":"https:\/\/kuzeyinsesi.org\/index.php\/2024\/08\/26\/iskele-deniz-festivali-tamamlandi\/#breadcrumb"},"inLanguage":"tr","potentialAction":[{"@type":"ReadAction","target":["https:\/\/kuzeyinsesi.org\/index.php\/2024\/08\/26\/iskele-deniz-festivali-tamamlandi\/"]}]},{"@type":"ImageObject","inLanguage":"tr","@id":"https:\/\/kuzeyinsesi.org\/index.php\/2024\/08\/26\/iskele-deniz-festivali-tamamlandi\/#primaryimage","url":"https:\/\/kuzeyinsesi.org\/wp-content\/uploads\/2024\/08\/cem-adrian-konseri-1.jpg","contentUrl":"https:\/\/kuzeyinsesi.org\/wp-content\/uploads\/2024\/08\/cem-adrian-konseri-1.jpg","width":929,"height":449},{"@type":"BreadcrumbList","@id":"https:\/\/kuzeyinsesi.org\/index.php\/2024\/08\/26\/iskele-deniz-festivali-tamamlandi\/#breadcrumb","itemListElement":[{"@type":"ListItem","position":1,"name":"Anasayfa","item":"https:\/\/kuzeyinsesi.org\/"},{"@type":"ListItem","position":2,"name":"\u0130skele Deniz Festivali tamamland\u0131"}]},{"@type":"WebSite","@id":"https:\/\/kuzeyinsesi.org\/#website","url":"https:\/\/kuzeyinsesi.org\/","name":"Kuzeyin Sesi","description":"Do\u011fru Haberin Adresi","potentialAction":[{"@type":"SearchAction","target":{"@type":"EntryPoint","urlTemplate":"https:\/\/kuzeyinsesi.org\/?s={search_term_string}"},"query-input":{"@type":"PropertyValueSpecification","valueRequired":true,"valueName":"search_term_string"}}],"inLanguage":"tr"},{"@type":"Person","@id":"https:\/\/kuzeyinsesi.org\/#\/schema\/person\/9f859689cdf01485597712386e37f5aa","name":"Kuzeyin Sesi","image":{"@type":"ImageObject","inLanguage":"tr","@id":"https:\/\/secure.gravatar.com\/avatar\/bab33852abfd8b282518d6ed81826833d77c3c882d9ab608add591ccace47a44?s=96&d=mm&r=g","url":"https:\/\/secure.gravatar.com\/avatar\/bab33852abfd8b282518d6ed81826833d77c3c882d9ab608add591ccace47a44?s=96&d=mm&r=g","contentUrl":"https:\/\/secure.gravatar.com\/avatar\/bab33852abfd8b282518d6ed81826833d77c3c882d9ab608add591ccace47a44?s=96&d=mm&r=g","caption":"Kuzeyin Sesi"},"sameAs":["https:\/\/kuzeyinsesi.org"],"url":"https:\/\/kuzeyinsesi.org\/index.php\/author\/guven\/"}]}},"_links":{"self":[{"href":"https:\/\/kuzeyinsesi.org\/index.php\/wp-json\/wp\/v2\/posts\/8614","targetHints":{"allow":["GET"]}}],"collection":[{"href":"https:\/\/kuzeyinsesi.org\/index.php\/wp-json\/wp\/v2\/posts"}],"about":[{"href":"https:\/\/kuzeyinsesi.org\/index.php\/wp-json\/wp\/v2\/types\/post"}],"author":[{"embeddable":true,"href":"https:\/\/kuzeyinsesi.org\/index.php\/wp-json\/wp\/v2\/users\/1"}],"replies":[{"embeddable":true,"href":"https:\/\/kuzeyinsesi.org\/index.php\/wp-json\/wp\/v2\/comments?post=8614"}],"version-history":[{"count":0,"href":"https:\/\/kuzeyinsesi.org\/index.php\/wp-json\/wp\/v2\/posts\/8614\/revisions"}],"wp:featuredmedia":[{"embeddable":true,"href":"https:\/\/kuzeyinsesi.org\/index.php\/wp-json\/wp\/v2\/media\/8615"}],"wp:attachment":[{"href":"https:\/\/kuzeyinsesi.org\/index.php\/wp-json\/wp\/v2\/media?parent=8614"}],"wp:term":[{"taxonomy":"category","embeddable":true,"href":"https:\/\/kuzeyinsesi.org\/index.php\/wp-json\/wp\/v2\/categories?post=8614"},{"taxonomy":"post_tag","embeddable":true,"href":"https:\/\/kuzeyinsesi.org\/index.php\/wp-json\/wp\/v2\/tags?post=8614"}],"curies":[{"name":"wp","href":"https:\/\/api.w.org\/{rel}","templated":true}]}}