{"id":8612,"date":"2024-08-26T15:19:58","date_gmt":"2024-08-26T12:19:58","guid":{"rendered":"https:\/\/kuzeyinsesi.org\/index.php\/2024\/08\/26\/objektifimizden-fotograf-sergisi-ercan-havalimaninda-acildi\/"},"modified":"2024-08-26T15:19:58","modified_gmt":"2024-08-26T12:19:58","slug":"objektifimizden-fotograf-sergisi-ercan-havalimaninda-acildi","status":"publish","type":"post","link":"https:\/\/kuzeyinsesi.org\/index.php\/2024\/08\/26\/objektifimizden-fotograf-sergisi-ercan-havalimaninda-acildi\/","title":{"rendered":"\u201cObjektifimizden\u201d foto\u011fraf sergisi Ercan Havaliman\u0131\u2019nda a\u00e7\u0131ld\u0131"},"content":{"rendered":"<div>\n<div class=\"mariselle-image-container none\">\n                                            <\/div>\n<p>\u201cObjektifimizden\u201d konulu foto\u011fraf sergisi Ercan Havaliman\u0131\u2019nda a\u00e7\u0131ld\u0131.<\/p>\n<p>T&amp;T Havaliman\u0131 \u0130\u015fletmecili\u011fi\u2019nden yap\u0131lan a\u00e7\u0131klamaya g\u00f6re, her ay farkl\u0131 bir sergiye ev sahipli\u011fi yapan Ercan Havaliman\u0131\u2019n\u0131n bu ayki konuklar\u0131, Y\u0131ltan Ta\u015f\u00e7\u0131 Akademi\u2019nin kursiyer foto\u011fraf\u00e7\u0131lar\u0131 oldu.<\/p>\n<p>Toplam 26 foto\u011fraftan olu\u015fan sergi, giden yolcu pasaport sonras\u0131 alanda yolcular\u0131n be\u011fenisine sunuldu. Sergide, Y\u0131ltan Ta\u015f\u00e7\u0131 Akademi\u2019de temel foto\u011fraf\u00e7\u0131l\u0131k ve kompozisyon dersleri alan Ahmet Ulubay, T\u00fclen Canar, Cem Cengiz, G\u00f6rkem Eylem, Haldun Pakar\u0131, Halil Irk\u0131m, H\u00fclya Afacan, Mine Kurtel, Niyazi Nizam, Salih Cengaver Cem, \u015eaziye Kofal\u0131, \u015eerif \u00d6zege, Tijen Atakent Y\u00fccelen, Ula\u015f S\u00f6nmez, Vedia Serte\u015f, Veysi Canate\u015f, Papatya Solyal\u0131, Bilgin Ergene, Ay\u015fe G\u00fcrsel, Bayram G\u00fczer, Candan Behzato\u011flu, Fazilet Avukat, G\u00fcl\u00e7in Arabulucu, Mehmet Altuner ve Nazife U\u00e7ar\u2019\u0131n e\u011fitimleri s\u0131ras\u0131nda \u00e7ektikleri foto\u011fraflar yer al\u0131yor.<\/p>\n<\/p><\/div>\n<p><script async\n                    defer\n                    crossorigin=\"anonymous\"\n                    src=\"https:\/\/connect.facebook.net\/tr_TR\/sdk.js#xfbml=1&#038;version=v3.3\"\n            ><\/script><\/p>\n","protected":false},"excerpt":{"rendered":"<p>\u201cObjektifimizden\u201d konulu foto\u011fraf sergisi Ercan Havaliman\u0131\u2019nda a\u00e7\u0131ld\u0131. T&amp;T Havaliman\u0131 \u0130\u015fletmecili\u011fi\u2019nden yap\u0131lan a\u00e7\u0131klamaya g\u00f6re, her ay farkl\u0131 bir sergiye ev sahipli\u011fi yapan Ercan Havaliman\u0131\u2019n\u0131n bu ayki konuklar\u0131, Y\u0131ltan Ta\u015f\u00e7\u0131 Akademi\u2019nin kursiyer foto\u011fraf\u00e7\u0131lar\u0131 oldu. Toplam 26 foto\u011fraftan olu\u015fan sergi, giden yolcu pasaport sonras\u0131 alanda yolcular\u0131n be\u011fenisine sunuldu. Sergide, Y\u0131ltan Ta\u015f\u00e7\u0131 Akademi\u2019de temel foto\u011fraf\u00e7\u0131l\u0131k ve kompozisyon dersleri alan [&hellip;]<\/p>\n","protected":false},"author":1,"featured_media":8613,"comment_status":"open","ping_status":"open","sticky":false,"template":"","format":"standard","meta":{"jnews-multi-image_gallery":[],"jnews_single_post":[],"jnews_primary_category":[],"jnews_social_meta":[],"jnews_override_counter":[],"footnotes":""},"categories":[6],"tags":[],"class_list":["post-8612","post","type-post","status-publish","format-standard","has-post-thumbnail","hentry","category-yasam"],"yoast_head":"<!-- This site is optimized with the Yoast SEO plugin v27.5 - https:\/\/yoast.com\/product\/yoast-seo-wordpress\/ -->\n<title>\u201cObjektifimizden\u201d foto\u011fraf sergisi Ercan Havaliman\u0131\u2019nda a\u00e7\u0131ld\u0131 - Kuzeyin Sesi<\/title>\n<meta name=\"robots\" content=\"index, follow, max-snippet:-1, max-image-preview:large, max-video-preview:-1\" \/>\n<link rel=\"canonical\" href=\"https:\/\/kuzeyinsesi.org\/index.php\/2024\/08\/26\/objektifimizden-fotograf-sergisi-ercan-havalimaninda-acildi\/\" \/>\n<meta property=\"og:locale\" content=\"tr_TR\" \/>\n<meta property=\"og:type\" content=\"article\" \/>\n<meta property=\"og:title\" content=\"\u201cObjektifimizden\u201d foto\u011fraf sergisi Ercan Havaliman\u0131\u2019nda a\u00e7\u0131ld\u0131 - Kuzeyin Sesi\" \/>\n<meta property=\"og:description\" content=\"\u201cObjektifimizden\u201d konulu foto\u011fraf sergisi Ercan Havaliman\u0131\u2019nda a\u00e7\u0131ld\u0131. T&amp;T Havaliman\u0131 \u0130\u015fletmecili\u011fi\u2019nden yap\u0131lan a\u00e7\u0131klamaya g\u00f6re, her ay farkl\u0131 bir sergiye ev sahipli\u011fi yapan Ercan Havaliman\u0131\u2019n\u0131n bu ayki konuklar\u0131, Y\u0131ltan Ta\u015f\u00e7\u0131 Akademi\u2019nin kursiyer foto\u011fraf\u00e7\u0131lar\u0131 oldu. Toplam 26 foto\u011fraftan olu\u015fan sergi, giden yolcu pasaport sonras\u0131 alanda yolcular\u0131n be\u011fenisine sunuldu. Sergide, Y\u0131ltan Ta\u015f\u00e7\u0131 Akademi\u2019de temel foto\u011fraf\u00e7\u0131l\u0131k ve kompozisyon dersleri alan [&hellip;]\" \/>\n<meta property=\"og:url\" content=\"https:\/\/kuzeyinsesi.org\/index.php\/2024\/08\/26\/objektifimizden-fotograf-sergisi-ercan-havalimaninda-acildi\/\" \/>\n<meta property=\"og:site_name\" content=\"Kuzeyin Sesi\" \/>\n<meta property=\"article:publisher\" content=\"https:\/\/www.facebook.com\/kuzeyinsesii\" \/>\n<meta property=\"article:published_time\" content=\"2024-08-26T12:19:58+00:00\" \/>\n<meta property=\"og:image\" content=\"https:\/\/brtk.net\/wp-content\/uploads\/2024\/08\/26\/objektifimiden-fotograf-sergisi.jpeg?ver=f32f456a9c016d048899b2a685d5ca31\" \/>\n<meta name=\"author\" content=\"Kuzeyin Sesi\" \/>\n<meta name=\"twitter:card\" content=\"summary_large_image\" \/>\n<meta name=\"twitter:creator\" content=\"@kuzeyinsesii\" \/>\n<meta name=\"twitter:site\" content=\"@kuzeyinsesii\" \/>\n<meta name=\"twitter:label1\" content=\"Yazan:\" \/>\n\t<meta name=\"twitter:data1\" content=\"Kuzeyin Sesi\" \/>\n\t<meta name=\"twitter:label2\" content=\"Tahmini okuma s\u00fcresi\" \/>\n\t<meta name=\"twitter:data2\" content=\"1 dakika\" \/>\n<script type=\"application\/ld+json\" class=\"yoast-schema-graph\">{\"@context\":\"https:\\\/\\\/schema.org\",\"@graph\":[{\"@type\":\"Article\",\"@id\":\"https:\\\/\\\/kuzeyinsesi.org\\\/index.php\\\/2024\\\/08\\\/26\\\/objektifimizden-fotograf-sergisi-ercan-havalimaninda-acildi\\\/#article\",\"isPartOf\":{\"@id\":\"https:\\\/\\\/kuzeyinsesi.org\\\/index.php\\\/2024\\\/08\\\/26\\\/objektifimizden-fotograf-sergisi-ercan-havalimaninda-acildi\\\/\"},\"author\":{\"name\":\"Kuzeyin Sesi\",\"@id\":\"https:\\\/\\\/kuzeyinsesi.org\\\/#\\\/schema\\\/person\\\/9f859689cdf01485597712386e37f5aa\"},\"headline\":\"\u201cObjektifimizden\u201d foto\u011fraf sergisi Ercan Havaliman\u0131\u2019nda a\u00e7\u0131ld\u0131\",\"datePublished\":\"2024-08-26T12:19:58+00:00\",\"mainEntityOfPage\":{\"@id\":\"https:\\\/\\\/kuzeyinsesi.org\\\/index.php\\\/2024\\\/08\\\/26\\\/objektifimizden-fotograf-sergisi-ercan-havalimaninda-acildi\\\/\"},\"wordCount\":167,\"commentCount\":0,\"image\":{\"@id\":\"https:\\\/\\\/kuzeyinsesi.org\\\/index.php\\\/2024\\\/08\\\/26\\\/objektifimizden-fotograf-sergisi-ercan-havalimaninda-acildi\\\/#primaryimage\"},\"thumbnailUrl\":\"https:\\\/\\\/kuzeyinsesi.org\\\/wp-content\\\/uploads\\\/2024\\\/08\\\/objektifimiden-fotograf-sergisi.jpeg\",\"articleSection\":[\"Ya\u015fam\"],\"inLanguage\":\"tr\",\"potentialAction\":[{\"@type\":\"CommentAction\",\"name\":\"Comment\",\"target\":[\"https:\\\/\\\/kuzeyinsesi.org\\\/index.php\\\/2024\\\/08\\\/26\\\/objektifimizden-fotograf-sergisi-ercan-havalimaninda-acildi\\\/#respond\"]}]},{\"@type\":\"WebPage\",\"@id\":\"https:\\\/\\\/kuzeyinsesi.org\\\/index.php\\\/2024\\\/08\\\/26\\\/objektifimizden-fotograf-sergisi-ercan-havalimaninda-acildi\\\/\",\"url\":\"https:\\\/\\\/kuzeyinsesi.org\\\/index.php\\\/2024\\\/08\\\/26\\\/objektifimizden-fotograf-sergisi-ercan-havalimaninda-acildi\\\/\",\"name\":\"\u201cObjektifimizden\u201d foto\u011fraf sergisi Ercan Havaliman\u0131\u2019nda a\u00e7\u0131ld\u0131 - Kuzeyin Sesi\",\"isPartOf\":{\"@id\":\"https:\\\/\\\/kuzeyinsesi.org\\\/#website\"},\"primaryImageOfPage\":{\"@id\":\"https:\\\/\\\/kuzeyinsesi.org\\\/index.php\\\/2024\\\/08\\\/26\\\/objektifimizden-fotograf-sergisi-ercan-havalimaninda-acildi\\\/#primaryimage\"},\"image\":{\"@id\":\"https:\\\/\\\/kuzeyinsesi.org\\\/index.php\\\/2024\\\/08\\\/26\\\/objektifimizden-fotograf-sergisi-ercan-havalimaninda-acildi\\\/#primaryimage\"},\"thumbnailUrl\":\"https:\\\/\\\/kuzeyinsesi.org\\\/wp-content\\\/uploads\\\/2024\\\/08\\\/objektifimiden-fotograf-sergisi.jpeg\",\"datePublished\":\"2024-08-26T12:19:58+00:00\",\"author\":{\"@id\":\"https:\\\/\\\/kuzeyinsesi.org\\\/#\\\/schema\\\/person\\\/9f859689cdf01485597712386e37f5aa\"},\"breadcrumb\":{\"@id\":\"https:\\\/\\\/kuzeyinsesi.org\\\/index.php\\\/2024\\\/08\\\/26\\\/objektifimizden-fotograf-sergisi-ercan-havalimaninda-acildi\\\/#breadcrumb\"},\"inLanguage\":\"tr\",\"potentialAction\":[{\"@type\":\"ReadAction\",\"target\":[\"https:\\\/\\\/kuzeyinsesi.org\\\/index.php\\\/2024\\\/08\\\/26\\\/objektifimizden-fotograf-sergisi-ercan-havalimaninda-acildi\\\/\"]}]},{\"@type\":\"ImageObject\",\"inLanguage\":\"tr\",\"@id\":\"https:\\\/\\\/kuzeyinsesi.org\\\/index.php\\\/2024\\\/08\\\/26\\\/objektifimizden-fotograf-sergisi-ercan-havalimaninda-acildi\\\/#primaryimage\",\"url\":\"https:\\\/\\\/kuzeyinsesi.org\\\/wp-content\\\/uploads\\\/2024\\\/08\\\/objektifimiden-fotograf-sergisi.jpeg\",\"contentUrl\":\"https:\\\/\\\/kuzeyinsesi.org\\\/wp-content\\\/uploads\\\/2024\\\/08\\\/objektifimiden-fotograf-sergisi.jpeg\",\"width\":928,\"height\":496},{\"@type\":\"BreadcrumbList\",\"@id\":\"https:\\\/\\\/kuzeyinsesi.org\\\/index.php\\\/2024\\\/08\\\/26\\\/objektifimizden-fotograf-sergisi-ercan-havalimaninda-acildi\\\/#breadcrumb\",\"itemListElement\":[{\"@type\":\"ListItem\",\"position\":1,\"name\":\"Anasayfa\",\"item\":\"https:\\\/\\\/kuzeyinsesi.org\\\/\"},{\"@type\":\"ListItem\",\"position\":2,\"name\":\"\u201cObjektifimizden\u201d foto\u011fraf sergisi Ercan Havaliman\u0131\u2019nda a\u00e7\u0131ld\u0131\"}]},{\"@type\":\"WebSite\",\"@id\":\"https:\\\/\\\/kuzeyinsesi.org\\\/#website\",\"url\":\"https:\\\/\\\/kuzeyinsesi.org\\\/\",\"name\":\"Kuzeyin Sesi\",\"description\":\"Do\u011fru Haberin Adresi\",\"potentialAction\":[{\"@type\":\"SearchAction\",\"target\":{\"@type\":\"EntryPoint\",\"urlTemplate\":\"https:\\\/\\\/kuzeyinsesi.org\\\/?s={search_term_string}\"},\"query-input\":{\"@type\":\"PropertyValueSpecification\",\"valueRequired\":true,\"valueName\":\"search_term_string\"}}],\"inLanguage\":\"tr\"},{\"@type\":\"Person\",\"@id\":\"https:\\\/\\\/kuzeyinsesi.org\\\/#\\\/schema\\\/person\\\/9f859689cdf01485597712386e37f5aa\",\"name\":\"Kuzeyin Sesi\",\"image\":{\"@type\":\"ImageObject\",\"inLanguage\":\"tr\",\"@id\":\"https:\\\/\\\/secure.gravatar.com\\\/avatar\\\/bab33852abfd8b282518d6ed81826833d77c3c882d9ab608add591ccace47a44?s=96&d=mm&r=g\",\"url\":\"https:\\\/\\\/secure.gravatar.com\\\/avatar\\\/bab33852abfd8b282518d6ed81826833d77c3c882d9ab608add591ccace47a44?s=96&d=mm&r=g\",\"contentUrl\":\"https:\\\/\\\/secure.gravatar.com\\\/avatar\\\/bab33852abfd8b282518d6ed81826833d77c3c882d9ab608add591ccace47a44?s=96&d=mm&r=g\",\"caption\":\"Kuzeyin Sesi\"},\"sameAs\":[\"https:\\\/\\\/kuzeyinsesi.org\"],\"url\":\"https:\\\/\\\/kuzeyinsesi.org\\\/index.php\\\/author\\\/guven\\\/\"}]}<\/script>\n<!-- \/ Yoast SEO plugin. -->","yoast_head_json":{"title":"\u201cObjektifimizden\u201d foto\u011fraf sergisi Ercan Havaliman\u0131\u2019nda a\u00e7\u0131ld\u0131 - Kuzeyin Sesi","robots":{"index":"index","follow":"follow","max-snippet":"max-snippet:-1","max-image-preview":"max-image-preview:large","max-video-preview":"max-video-preview:-1"},"canonical":"https:\/\/kuzeyinsesi.org\/index.php\/2024\/08\/26\/objektifimizden-fotograf-sergisi-ercan-havalimaninda-acildi\/","og_locale":"tr_TR","og_type":"article","og_title":"\u201cObjektifimizden\u201d foto\u011fraf sergisi Ercan Havaliman\u0131\u2019nda a\u00e7\u0131ld\u0131 - Kuzeyin Sesi","og_description":"\u201cObjektifimizden\u201d konulu foto\u011fraf sergisi Ercan Havaliman\u0131\u2019nda a\u00e7\u0131ld\u0131. T&amp;T Havaliman\u0131 \u0130\u015fletmecili\u011fi\u2019nden yap\u0131lan a\u00e7\u0131klamaya g\u00f6re, her ay farkl\u0131 bir sergiye ev sahipli\u011fi yapan Ercan Havaliman\u0131\u2019n\u0131n bu ayki konuklar\u0131, Y\u0131ltan Ta\u015f\u00e7\u0131 Akademi\u2019nin kursiyer foto\u011fraf\u00e7\u0131lar\u0131 oldu. Toplam 26 foto\u011fraftan olu\u015fan sergi, giden yolcu pasaport sonras\u0131 alanda yolcular\u0131n be\u011fenisine sunuldu. Sergide, Y\u0131ltan Ta\u015f\u00e7\u0131 Akademi\u2019de temel foto\u011fraf\u00e7\u0131l\u0131k ve kompozisyon dersleri alan [&hellip;]","og_url":"https:\/\/kuzeyinsesi.org\/index.php\/2024\/08\/26\/objektifimizden-fotograf-sergisi-ercan-havalimaninda-acildi\/","og_site_name":"Kuzeyin Sesi","article_publisher":"https:\/\/www.facebook.com\/kuzeyinsesii","article_published_time":"2024-08-26T12:19:58+00:00","og_image":[{"url":"https:\/\/brtk.net\/wp-content\/uploads\/2024\/08\/26\/objektifimiden-fotograf-sergisi.jpeg?ver=f32f456a9c016d048899b2a685d5ca31","type":"","width":"","height":""}],"author":"Kuzeyin Sesi","twitter_card":"summary_large_image","twitter_creator":"@kuzeyinsesii","twitter_site":"@kuzeyinsesii","twitter_misc":{"Yazan:":"Kuzeyin Sesi","Tahmini okuma s\u00fcresi":"1 dakika"},"schema":{"@context":"https:\/\/schema.org","@graph":[{"@type":"Article","@id":"https:\/\/kuzeyinsesi.org\/index.php\/2024\/08\/26\/objektifimizden-fotograf-sergisi-ercan-havalimaninda-acildi\/#article","isPartOf":{"@id":"https:\/\/kuzeyinsesi.org\/index.php\/2024\/08\/26\/objektifimizden-fotograf-sergisi-ercan-havalimaninda-acildi\/"},"author":{"name":"Kuzeyin Sesi","@id":"https:\/\/kuzeyinsesi.org\/#\/schema\/person\/9f859689cdf01485597712386e37f5aa"},"headline":"\u201cObjektifimizden\u201d foto\u011fraf sergisi Ercan Havaliman\u0131\u2019nda a\u00e7\u0131ld\u0131","datePublished":"2024-08-26T12:19:58+00:00","mainEntityOfPage":{"@id":"https:\/\/kuzeyinsesi.org\/index.php\/2024\/08\/26\/objektifimizden-fotograf-sergisi-ercan-havalimaninda-acildi\/"},"wordCount":167,"commentCount":0,"image":{"@id":"https:\/\/kuzeyinsesi.org\/index.php\/2024\/08\/26\/objektifimizden-fotograf-sergisi-ercan-havalimaninda-acildi\/#primaryimage"},"thumbnailUrl":"https:\/\/kuzeyinsesi.org\/wp-content\/uploads\/2024\/08\/objektifimiden-fotograf-sergisi.jpeg","articleSection":["Ya\u015fam"],"inLanguage":"tr","potentialAction":[{"@type":"CommentAction","name":"Comment","target":["https:\/\/kuzeyinsesi.org\/index.php\/2024\/08\/26\/objektifimizden-fotograf-sergisi-ercan-havalimaninda-acildi\/#respond"]}]},{"@type":"WebPage","@id":"https:\/\/kuzeyinsesi.org\/index.php\/2024\/08\/26\/objektifimizden-fotograf-sergisi-ercan-havalimaninda-acildi\/","url":"https:\/\/kuzeyinsesi.org\/index.php\/2024\/08\/26\/objektifimizden-fotograf-sergisi-ercan-havalimaninda-acildi\/","name":"\u201cObjektifimizden\u201d foto\u011fraf sergisi Ercan Havaliman\u0131\u2019nda a\u00e7\u0131ld\u0131 - Kuzeyin Sesi","isPartOf":{"@id":"https:\/\/kuzeyinsesi.org\/#website"},"primaryImageOfPage":{"@id":"https:\/\/kuzeyinsesi.org\/index.php\/2024\/08\/26\/objektifimizden-fotograf-sergisi-ercan-havalimaninda-acildi\/#primaryimage"},"image":{"@id":"https:\/\/kuzeyinsesi.org\/index.php\/2024\/08\/26\/objektifimizden-fotograf-sergisi-ercan-havalimaninda-acildi\/#primaryimage"},"thumbnailUrl":"https:\/\/kuzeyinsesi.org\/wp-content\/uploads\/2024\/08\/objektifimiden-fotograf-sergisi.jpeg","datePublished":"2024-08-26T12:19:58+00:00","author":{"@id":"https:\/\/kuzeyinsesi.org\/#\/schema\/person\/9f859689cdf01485597712386e37f5aa"},"breadcrumb":{"@id":"https:\/\/kuzeyinsesi.org\/index.php\/2024\/08\/26\/objektifimizden-fotograf-sergisi-ercan-havalimaninda-acildi\/#breadcrumb"},"inLanguage":"tr","potentialAction":[{"@type":"ReadAction","target":["https:\/\/kuzeyinsesi.org\/index.php\/2024\/08\/26\/objektifimizden-fotograf-sergisi-ercan-havalimaninda-acildi\/"]}]},{"@type":"ImageObject","inLanguage":"tr","@id":"https:\/\/kuzeyinsesi.org\/index.php\/2024\/08\/26\/objektifimizden-fotograf-sergisi-ercan-havalimaninda-acildi\/#primaryimage","url":"https:\/\/kuzeyinsesi.org\/wp-content\/uploads\/2024\/08\/objektifimiden-fotograf-sergisi.jpeg","contentUrl":"https:\/\/kuzeyinsesi.org\/wp-content\/uploads\/2024\/08\/objektifimiden-fotograf-sergisi.jpeg","width":928,"height":496},{"@type":"BreadcrumbList","@id":"https:\/\/kuzeyinsesi.org\/index.php\/2024\/08\/26\/objektifimizden-fotograf-sergisi-ercan-havalimaninda-acildi\/#breadcrumb","itemListElement":[{"@type":"ListItem","position":1,"name":"Anasayfa","item":"https:\/\/kuzeyinsesi.org\/"},{"@type":"ListItem","position":2,"name":"\u201cObjektifimizden\u201d foto\u011fraf sergisi Ercan Havaliman\u0131\u2019nda a\u00e7\u0131ld\u0131"}]},{"@type":"WebSite","@id":"https:\/\/kuzeyinsesi.org\/#website","url":"https:\/\/kuzeyinsesi.org\/","name":"Kuzeyin Sesi","description":"Do\u011fru Haberin Adresi","potentialAction":[{"@type":"SearchAction","target":{"@type":"EntryPoint","urlTemplate":"https:\/\/kuzeyinsesi.org\/?s={search_term_string}"},"query-input":{"@type":"PropertyValueSpecification","valueRequired":true,"valueName":"search_term_string"}}],"inLanguage":"tr"},{"@type":"Person","@id":"https:\/\/kuzeyinsesi.org\/#\/schema\/person\/9f859689cdf01485597712386e37f5aa","name":"Kuzeyin Sesi","image":{"@type":"ImageObject","inLanguage":"tr","@id":"https:\/\/secure.gravatar.com\/avatar\/bab33852abfd8b282518d6ed81826833d77c3c882d9ab608add591ccace47a44?s=96&d=mm&r=g","url":"https:\/\/secure.gravatar.com\/avatar\/bab33852abfd8b282518d6ed81826833d77c3c882d9ab608add591ccace47a44?s=96&d=mm&r=g","contentUrl":"https:\/\/secure.gravatar.com\/avatar\/bab33852abfd8b282518d6ed81826833d77c3c882d9ab608add591ccace47a44?s=96&d=mm&r=g","caption":"Kuzeyin Sesi"},"sameAs":["https:\/\/kuzeyinsesi.org"],"url":"https:\/\/kuzeyinsesi.org\/index.php\/author\/guven\/"}]}},"_links":{"self":[{"href":"https:\/\/kuzeyinsesi.org\/index.php\/wp-json\/wp\/v2\/posts\/8612","targetHints":{"allow":["GET"]}}],"collection":[{"href":"https:\/\/kuzeyinsesi.org\/index.php\/wp-json\/wp\/v2\/posts"}],"about":[{"href":"https:\/\/kuzeyinsesi.org\/index.php\/wp-json\/wp\/v2\/types\/post"}],"author":[{"embeddable":true,"href":"https:\/\/kuzeyinsesi.org\/index.php\/wp-json\/wp\/v2\/users\/1"}],"replies":[{"embeddable":true,"href":"https:\/\/kuzeyinsesi.org\/index.php\/wp-json\/wp\/v2\/comments?post=8612"}],"version-history":[{"count":0,"href":"https:\/\/kuzeyinsesi.org\/index.php\/wp-json\/wp\/v2\/posts\/8612\/revisions"}],"wp:featuredmedia":[{"embeddable":true,"href":"https:\/\/kuzeyinsesi.org\/index.php\/wp-json\/wp\/v2\/media\/8613"}],"wp:attachment":[{"href":"https:\/\/kuzeyinsesi.org\/index.php\/wp-json\/wp\/v2\/media?parent=8612"}],"wp:term":[{"taxonomy":"category","embeddable":true,"href":"https:\/\/kuzeyinsesi.org\/index.php\/wp-json\/wp\/v2\/categories?post=8612"},{"taxonomy":"post_tag","embeddable":true,"href":"https:\/\/kuzeyinsesi.org\/index.php\/wp-json\/wp\/v2\/tags?post=8612"}],"curies":[{"name":"wp","href":"https:\/\/api.w.org\/{rel}","templated":true}]}}