{"id":861,"date":"2024-04-29T10:13:22","date_gmt":"2024-04-29T07:13:22","guid":{"rendered":"https:\/\/kuzeyinsesi.com\/index.php\/2024\/04\/29\/yodak-baskani-hocanin-uluslararasi-kalite-guvencesi-ve-akreditasyon-konferansina-katildi\/"},"modified":"2024-04-29T10:13:22","modified_gmt":"2024-04-29T07:13:22","slug":"yodak-baskani-hocanin-uluslararasi-kalite-guvencesi-ve-akreditasyon-konferansina-katildi","status":"publish","type":"post","link":"https:\/\/kuzeyinsesi.org\/index.php\/2024\/04\/29\/yodak-baskani-hocanin-uluslararasi-kalite-guvencesi-ve-akreditasyon-konferansina-katildi\/","title":{"rendered":"Y\u00d6DAK Ba\u015fkan\u0131 Hocan\u0131n, Uluslararas\u0131 Kalite G\u00fcvencesi ve Akreditasyon Konferans\u0131\u2019na kat\u0131ld\u0131"},"content":{"rendered":"<div>\n<div class=\"mariselle-image-container center\">\n                                            <\/div>\n<p>Y\u00fcksek\u00f6\u011frenim Planlama, Denetleme, Akreditasyon ve Koordinasyon Kurulu (Y\u00d6DAK) Ba\u015fkan\u0131 Prof. Dr. Aykut Hocan\u0131n, T\u00fcrkiye\u2019de d\u00fczenlenen Uluslararas\u0131 Kalite G\u00fcvencesi ve Akreditasyon Konferans\u0131\u2019na kat\u0131ld\u0131.<\/p>\n<p>T\u00fcrkiye Y\u00fcksek\u00f6\u011fretim Kalite Kurulu\u2019nun (Y\u00d6KAK) 2024 Uluslararas\u0131 Kalite G\u00fcvencesi ve Akreditasyon Konferans\u0131, Ankara Hac\u0131 Bayram Veli \u00dcniversitesinin ev sahipli\u011finde d\u00fczenlendi.<\/p>\n<p>Y\u00d6DAK\u2019tan verilen bilgiye g\u00f6re, Konferans\u2019ta, m\u00fckemmel bir y\u00fcksek\u00f6\u011fretim sistemi i\u00e7in kalite g\u00fcvencesi ve akreditasyonun \u015fart oldu\u011fu ifade edildi.<\/p>\n<p>Y\u00fcksek\u00f6\u011fretim kurumlar\u0131n\u0131n akademik \u00fcretkenlik ve kaliteyi odak alan, gen\u00e7leri yenili\u011fe, de\u011fi\u015fime, teknolojiye, \u00fcretkenli\u011fe y\u00f6nlendiren bir yap\u0131ya sahip olmas\u0131 gerekti\u011fi ifade edildi.<\/p>\n<p>Konferans\u2019ta, y\u00fcksek\u00f6\u011fretimin k\u00fcresel sorunlara duyarl\u0131 bir yakla\u015f\u0131m benimsemesi, gelece\u011fe \u015fekil veren bir sitem olmas\u0131 gerekti\u011fi de kaydedildi.<\/p>\n<p>Y\u00d6KAK\u2019\u0131n kurumsal kapasitesini art\u0131rmak  ve kalite s\u00fcre\u00e7lerini takip etme konular\u0131nda  \u00f6nemli bir yol ald\u0131\u011f\u0131 da belirtildi.<\/p>\n<p>Konferans\u2019ta; uluslararas\u0131la\u015fma, kalite konular\u0131nda \u00fcniversitelerin uluslararas\u0131 g\u00f6r\u00fcn\u00fcrl\u00fcklerini artt\u0131rmak, uluslararas\u0131 s\u0131ralamada \u00fcniversitelerin say\u0131s\u0131n\u0131 art\u0131rmak, akademisyenlerin yer ald\u0131\u011f\u0131 uluslararas\u0131 projeler ile nitelikli yay\u0131n say\u0131lar\u0131n\u0131 artt\u0131rman\u0131n hedefleri aras\u0131nda oldu\u011fu belirtildi.<\/p>\n<\/p><\/div>\n<p><script async\n                    defer\n                    crossorigin=\"anonymous\"\n                    src=\"https:\/\/connect.facebook.net\/tr_TR\/sdk.js#xfbml=1&#038;version=v3.3\"\n            ><\/script><\/p>\n","protected":false},"excerpt":{"rendered":"<p>Y\u00fcksek\u00f6\u011frenim Planlama, Denetleme, Akreditasyon ve Koordinasyon Kurulu (Y\u00d6DAK) Ba\u015fkan\u0131 Prof. Dr. Aykut Hocan\u0131n, T\u00fcrkiye\u2019de d\u00fczenlenen Uluslararas\u0131 Kalite G\u00fcvencesi ve Akreditasyon Konferans\u0131\u2019na kat\u0131ld\u0131. T\u00fcrkiye Y\u00fcksek\u00f6\u011fretim Kalite Kurulu\u2019nun (Y\u00d6KAK) 2024 Uluslararas\u0131 Kalite G\u00fcvencesi ve Akreditasyon Konferans\u0131, Ankara Hac\u0131 Bayram Veli \u00dcniversitesinin ev sahipli\u011finde d\u00fczenlendi. Y\u00d6DAK\u2019tan verilen bilgiye g\u00f6re, Konferans\u2019ta, m\u00fckemmel bir y\u00fcksek\u00f6\u011fretim sistemi i\u00e7in kalite g\u00fcvencesi ve [&hellip;]<\/p>\n","protected":false},"author":1,"featured_media":862,"comment_status":"open","ping_status":"open","sticky":false,"template":"","format":"standard","meta":{"jnews-multi-image_gallery":[],"jnews_single_post":[],"jnews_primary_category":[],"jnews_social_meta":[],"jnews_override_counter":[],"footnotes":""},"categories":[1],"tags":[],"class_list":["post-861","post","type-post","status-publish","format-standard","has-post-thumbnail","hentry","category-kibris"],"yoast_head":"<!-- This site is optimized with the Yoast SEO plugin v27.4 - https:\/\/yoast.com\/product\/yoast-seo-wordpress\/ -->\n<title>Y\u00d6DAK Ba\u015fkan\u0131 Hocan\u0131n, Uluslararas\u0131 Kalite G\u00fcvencesi ve Akreditasyon Konferans\u0131\u2019na kat\u0131ld\u0131 - Kuzeyin Sesi<\/title>\n<meta name=\"robots\" content=\"index, follow, max-snippet:-1, max-image-preview:large, max-video-preview:-1\" \/>\n<link rel=\"canonical\" href=\"https:\/\/kuzeyinsesi.org\/index.php\/2024\/04\/29\/yodak-baskani-hocanin-uluslararasi-kalite-guvencesi-ve-akreditasyon-konferansina-katildi\/\" \/>\n<meta property=\"og:locale\" content=\"tr_TR\" \/>\n<meta property=\"og:type\" content=\"article\" \/>\n<meta property=\"og:title\" content=\"Y\u00d6DAK Ba\u015fkan\u0131 Hocan\u0131n, Uluslararas\u0131 Kalite G\u00fcvencesi ve Akreditasyon Konferans\u0131\u2019na kat\u0131ld\u0131 - Kuzeyin Sesi\" \/>\n<meta property=\"og:description\" content=\"Y\u00fcksek\u00f6\u011frenim Planlama, Denetleme, Akreditasyon ve Koordinasyon Kurulu (Y\u00d6DAK) Ba\u015fkan\u0131 Prof. Dr. Aykut Hocan\u0131n, T\u00fcrkiye\u2019de d\u00fczenlenen Uluslararas\u0131 Kalite G\u00fcvencesi ve Akreditasyon Konferans\u0131\u2019na kat\u0131ld\u0131. T\u00fcrkiye Y\u00fcksek\u00f6\u011fretim Kalite Kurulu\u2019nun (Y\u00d6KAK) 2024 Uluslararas\u0131 Kalite G\u00fcvencesi ve Akreditasyon Konferans\u0131, Ankara Hac\u0131 Bayram Veli \u00dcniversitesinin ev sahipli\u011finde d\u00fczenlendi. Y\u00d6DAK\u2019tan verilen bilgiye g\u00f6re, Konferans\u2019ta, m\u00fckemmel bir y\u00fcksek\u00f6\u011fretim sistemi i\u00e7in kalite g\u00fcvencesi ve [&hellip;]\" \/>\n<meta property=\"og:url\" content=\"https:\/\/kuzeyinsesi.org\/index.php\/2024\/04\/29\/yodak-baskani-hocanin-uluslararasi-kalite-guvencesi-ve-akreditasyon-konferansina-katildi\/\" \/>\n<meta property=\"og:site_name\" content=\"Kuzeyin Sesi\" \/>\n<meta property=\"article:publisher\" content=\"https:\/\/www.facebook.com\/kuzeyinsesii\" \/>\n<meta property=\"article:published_time\" content=\"2024-04-29T07:13:22+00:00\" \/>\n<meta property=\"og:image\" content=\"https:\/\/kuzeyinsesi.org\/wp-content\/uploads\/2024\/04\/Screenshot_20240429_101655_Samsung-Internet.jpg\" \/>\n\t<meta property=\"og:image:width\" content=\"1079\" \/>\n\t<meta property=\"og:image:height\" content=\"508\" \/>\n\t<meta property=\"og:image:type\" content=\"image\/jpeg\" \/>\n<meta name=\"author\" content=\"Kuzeyin Sesi\" \/>\n<meta name=\"twitter:card\" content=\"summary_large_image\" \/>\n<meta name=\"twitter:creator\" content=\"@kuzeyinsesii\" \/>\n<meta name=\"twitter:site\" content=\"@kuzeyinsesii\" \/>\n<meta name=\"twitter:label1\" content=\"Yazan:\" \/>\n\t<meta name=\"twitter:data1\" content=\"Kuzeyin Sesi\" \/>\n\t<meta name=\"twitter:label2\" content=\"Tahmini okuma s\u00fcresi\" \/>\n\t<meta name=\"twitter:data2\" content=\"1 dakika\" \/>\n<script type=\"application\/ld+json\" class=\"yoast-schema-graph\">{\"@context\":\"https:\\\/\\\/schema.org\",\"@graph\":[{\"@type\":\"Article\",\"@id\":\"https:\\\/\\\/kuzeyinsesi.org\\\/index.php\\\/2024\\\/04\\\/29\\\/yodak-baskani-hocanin-uluslararasi-kalite-guvencesi-ve-akreditasyon-konferansina-katildi\\\/#article\",\"isPartOf\":{\"@id\":\"https:\\\/\\\/kuzeyinsesi.org\\\/index.php\\\/2024\\\/04\\\/29\\\/yodak-baskani-hocanin-uluslararasi-kalite-guvencesi-ve-akreditasyon-konferansina-katildi\\\/\"},\"author\":{\"name\":\"Kuzeyin Sesi\",\"@id\":\"https:\\\/\\\/kuzeyinsesi.org\\\/#\\\/schema\\\/person\\\/9f859689cdf01485597712386e37f5aa\"},\"headline\":\"Y\u00d6DAK Ba\u015fkan\u0131 Hocan\u0131n, Uluslararas\u0131 Kalite G\u00fcvencesi ve Akreditasyon Konferans\u0131\u2019na kat\u0131ld\u0131\",\"datePublished\":\"2024-04-29T07:13:22+00:00\",\"mainEntityOfPage\":{\"@id\":\"https:\\\/\\\/kuzeyinsesi.org\\\/index.php\\\/2024\\\/04\\\/29\\\/yodak-baskani-hocanin-uluslararasi-kalite-guvencesi-ve-akreditasyon-konferansina-katildi\\\/\"},\"wordCount\":230,\"commentCount\":0,\"image\":{\"@id\":\"https:\\\/\\\/kuzeyinsesi.org\\\/index.php\\\/2024\\\/04\\\/29\\\/yodak-baskani-hocanin-uluslararasi-kalite-guvencesi-ve-akreditasyon-konferansina-katildi\\\/#primaryimage\"},\"thumbnailUrl\":\"https:\\\/\\\/kuzeyinsesi.org\\\/wp-content\\\/uploads\\\/2024\\\/04\\\/Screenshot_20240429_101655_Samsung-Internet.jpg\",\"articleSection\":[\"K\u0131br\u0131s\"],\"inLanguage\":\"tr\",\"potentialAction\":[{\"@type\":\"CommentAction\",\"name\":\"Comment\",\"target\":[\"https:\\\/\\\/kuzeyinsesi.org\\\/index.php\\\/2024\\\/04\\\/29\\\/yodak-baskani-hocanin-uluslararasi-kalite-guvencesi-ve-akreditasyon-konferansina-katildi\\\/#respond\"]}]},{\"@type\":\"WebPage\",\"@id\":\"https:\\\/\\\/kuzeyinsesi.org\\\/index.php\\\/2024\\\/04\\\/29\\\/yodak-baskani-hocanin-uluslararasi-kalite-guvencesi-ve-akreditasyon-konferansina-katildi\\\/\",\"url\":\"https:\\\/\\\/kuzeyinsesi.org\\\/index.php\\\/2024\\\/04\\\/29\\\/yodak-baskani-hocanin-uluslararasi-kalite-guvencesi-ve-akreditasyon-konferansina-katildi\\\/\",\"name\":\"Y\u00d6DAK Ba\u015fkan\u0131 Hocan\u0131n, Uluslararas\u0131 Kalite G\u00fcvencesi ve Akreditasyon Konferans\u0131\u2019na kat\u0131ld\u0131 - Kuzeyin Sesi\",\"isPartOf\":{\"@id\":\"https:\\\/\\\/kuzeyinsesi.org\\\/#website\"},\"primaryImageOfPage\":{\"@id\":\"https:\\\/\\\/kuzeyinsesi.org\\\/index.php\\\/2024\\\/04\\\/29\\\/yodak-baskani-hocanin-uluslararasi-kalite-guvencesi-ve-akreditasyon-konferansina-katildi\\\/#primaryimage\"},\"image\":{\"@id\":\"https:\\\/\\\/kuzeyinsesi.org\\\/index.php\\\/2024\\\/04\\\/29\\\/yodak-baskani-hocanin-uluslararasi-kalite-guvencesi-ve-akreditasyon-konferansina-katildi\\\/#primaryimage\"},\"thumbnailUrl\":\"https:\\\/\\\/kuzeyinsesi.org\\\/wp-content\\\/uploads\\\/2024\\\/04\\\/Screenshot_20240429_101655_Samsung-Internet.jpg\",\"datePublished\":\"2024-04-29T07:13:22+00:00\",\"author\":{\"@id\":\"https:\\\/\\\/kuzeyinsesi.org\\\/#\\\/schema\\\/person\\\/9f859689cdf01485597712386e37f5aa\"},\"breadcrumb\":{\"@id\":\"https:\\\/\\\/kuzeyinsesi.org\\\/index.php\\\/2024\\\/04\\\/29\\\/yodak-baskani-hocanin-uluslararasi-kalite-guvencesi-ve-akreditasyon-konferansina-katildi\\\/#breadcrumb\"},\"inLanguage\":\"tr\",\"potentialAction\":[{\"@type\":\"ReadAction\",\"target\":[\"https:\\\/\\\/kuzeyinsesi.org\\\/index.php\\\/2024\\\/04\\\/29\\\/yodak-baskani-hocanin-uluslararasi-kalite-guvencesi-ve-akreditasyon-konferansina-katildi\\\/\"]}]},{\"@type\":\"ImageObject\",\"inLanguage\":\"tr\",\"@id\":\"https:\\\/\\\/kuzeyinsesi.org\\\/index.php\\\/2024\\\/04\\\/29\\\/yodak-baskani-hocanin-uluslararasi-kalite-guvencesi-ve-akreditasyon-konferansina-katildi\\\/#primaryimage\",\"url\":\"https:\\\/\\\/kuzeyinsesi.org\\\/wp-content\\\/uploads\\\/2024\\\/04\\\/Screenshot_20240429_101655_Samsung-Internet.jpg\",\"contentUrl\":\"https:\\\/\\\/kuzeyinsesi.org\\\/wp-content\\\/uploads\\\/2024\\\/04\\\/Screenshot_20240429_101655_Samsung-Internet.jpg\",\"width\":1079,\"height\":508},{\"@type\":\"BreadcrumbList\",\"@id\":\"https:\\\/\\\/kuzeyinsesi.org\\\/index.php\\\/2024\\\/04\\\/29\\\/yodak-baskani-hocanin-uluslararasi-kalite-guvencesi-ve-akreditasyon-konferansina-katildi\\\/#breadcrumb\",\"itemListElement\":[{\"@type\":\"ListItem\",\"position\":1,\"name\":\"Anasayfa\",\"item\":\"https:\\\/\\\/kuzeyinsesi.org\\\/\"},{\"@type\":\"ListItem\",\"position\":2,\"name\":\"Y\u00d6DAK Ba\u015fkan\u0131 Hocan\u0131n, Uluslararas\u0131 Kalite G\u00fcvencesi ve Akreditasyon Konferans\u0131\u2019na kat\u0131ld\u0131\"}]},{\"@type\":\"WebSite\",\"@id\":\"https:\\\/\\\/kuzeyinsesi.org\\\/#website\",\"url\":\"https:\\\/\\\/kuzeyinsesi.org\\\/\",\"name\":\"Kuzeyin Sesi\",\"description\":\"Do\u011fru Haberin Adresi\",\"potentialAction\":[{\"@type\":\"SearchAction\",\"target\":{\"@type\":\"EntryPoint\",\"urlTemplate\":\"https:\\\/\\\/kuzeyinsesi.org\\\/?s={search_term_string}\"},\"query-input\":{\"@type\":\"PropertyValueSpecification\",\"valueRequired\":true,\"valueName\":\"search_term_string\"}}],\"inLanguage\":\"tr\"},{\"@type\":\"Person\",\"@id\":\"https:\\\/\\\/kuzeyinsesi.org\\\/#\\\/schema\\\/person\\\/9f859689cdf01485597712386e37f5aa\",\"name\":\"Kuzeyin Sesi\",\"image\":{\"@type\":\"ImageObject\",\"inLanguage\":\"tr\",\"@id\":\"https:\\\/\\\/secure.gravatar.com\\\/avatar\\\/bab33852abfd8b282518d6ed81826833d77c3c882d9ab608add591ccace47a44?s=96&d=mm&r=g\",\"url\":\"https:\\\/\\\/secure.gravatar.com\\\/avatar\\\/bab33852abfd8b282518d6ed81826833d77c3c882d9ab608add591ccace47a44?s=96&d=mm&r=g\",\"contentUrl\":\"https:\\\/\\\/secure.gravatar.com\\\/avatar\\\/bab33852abfd8b282518d6ed81826833d77c3c882d9ab608add591ccace47a44?s=96&d=mm&r=g\",\"caption\":\"Kuzeyin Sesi\"},\"sameAs\":[\"https:\\\/\\\/kuzeyinsesi.org\"],\"url\":\"https:\\\/\\\/kuzeyinsesi.org\\\/index.php\\\/author\\\/guven\\\/\"}]}<\/script>\n<!-- \/ Yoast SEO plugin. -->","yoast_head_json":{"title":"Y\u00d6DAK Ba\u015fkan\u0131 Hocan\u0131n, Uluslararas\u0131 Kalite G\u00fcvencesi ve Akreditasyon Konferans\u0131\u2019na kat\u0131ld\u0131 - Kuzeyin Sesi","robots":{"index":"index","follow":"follow","max-snippet":"max-snippet:-1","max-image-preview":"max-image-preview:large","max-video-preview":"max-video-preview:-1"},"canonical":"https:\/\/kuzeyinsesi.org\/index.php\/2024\/04\/29\/yodak-baskani-hocanin-uluslararasi-kalite-guvencesi-ve-akreditasyon-konferansina-katildi\/","og_locale":"tr_TR","og_type":"article","og_title":"Y\u00d6DAK Ba\u015fkan\u0131 Hocan\u0131n, Uluslararas\u0131 Kalite G\u00fcvencesi ve Akreditasyon Konferans\u0131\u2019na kat\u0131ld\u0131 - Kuzeyin Sesi","og_description":"Y\u00fcksek\u00f6\u011frenim Planlama, Denetleme, Akreditasyon ve Koordinasyon Kurulu (Y\u00d6DAK) Ba\u015fkan\u0131 Prof. Dr. Aykut Hocan\u0131n, T\u00fcrkiye\u2019de d\u00fczenlenen Uluslararas\u0131 Kalite G\u00fcvencesi ve Akreditasyon Konferans\u0131\u2019na kat\u0131ld\u0131. T\u00fcrkiye Y\u00fcksek\u00f6\u011fretim Kalite Kurulu\u2019nun (Y\u00d6KAK) 2024 Uluslararas\u0131 Kalite G\u00fcvencesi ve Akreditasyon Konferans\u0131, Ankara Hac\u0131 Bayram Veli \u00dcniversitesinin ev sahipli\u011finde d\u00fczenlendi. Y\u00d6DAK\u2019tan verilen bilgiye g\u00f6re, Konferans\u2019ta, m\u00fckemmel bir y\u00fcksek\u00f6\u011fretim sistemi i\u00e7in kalite g\u00fcvencesi ve [&hellip;]","og_url":"https:\/\/kuzeyinsesi.org\/index.php\/2024\/04\/29\/yodak-baskani-hocanin-uluslararasi-kalite-guvencesi-ve-akreditasyon-konferansina-katildi\/","og_site_name":"Kuzeyin Sesi","article_publisher":"https:\/\/www.facebook.com\/kuzeyinsesii","article_published_time":"2024-04-29T07:13:22+00:00","og_image":[{"width":1079,"height":508,"url":"https:\/\/kuzeyinsesi.org\/wp-content\/uploads\/2024\/04\/Screenshot_20240429_101655_Samsung-Internet.jpg","type":"image\/jpeg"}],"author":"Kuzeyin Sesi","twitter_card":"summary_large_image","twitter_creator":"@kuzeyinsesii","twitter_site":"@kuzeyinsesii","twitter_misc":{"Yazan:":"Kuzeyin Sesi","Tahmini okuma s\u00fcresi":"1 dakika"},"schema":{"@context":"https:\/\/schema.org","@graph":[{"@type":"Article","@id":"https:\/\/kuzeyinsesi.org\/index.php\/2024\/04\/29\/yodak-baskani-hocanin-uluslararasi-kalite-guvencesi-ve-akreditasyon-konferansina-katildi\/#article","isPartOf":{"@id":"https:\/\/kuzeyinsesi.org\/index.php\/2024\/04\/29\/yodak-baskani-hocanin-uluslararasi-kalite-guvencesi-ve-akreditasyon-konferansina-katildi\/"},"author":{"name":"Kuzeyin Sesi","@id":"https:\/\/kuzeyinsesi.org\/#\/schema\/person\/9f859689cdf01485597712386e37f5aa"},"headline":"Y\u00d6DAK Ba\u015fkan\u0131 Hocan\u0131n, Uluslararas\u0131 Kalite G\u00fcvencesi ve Akreditasyon Konferans\u0131\u2019na kat\u0131ld\u0131","datePublished":"2024-04-29T07:13:22+00:00","mainEntityOfPage":{"@id":"https:\/\/kuzeyinsesi.org\/index.php\/2024\/04\/29\/yodak-baskani-hocanin-uluslararasi-kalite-guvencesi-ve-akreditasyon-konferansina-katildi\/"},"wordCount":230,"commentCount":0,"image":{"@id":"https:\/\/kuzeyinsesi.org\/index.php\/2024\/04\/29\/yodak-baskani-hocanin-uluslararasi-kalite-guvencesi-ve-akreditasyon-konferansina-katildi\/#primaryimage"},"thumbnailUrl":"https:\/\/kuzeyinsesi.org\/wp-content\/uploads\/2024\/04\/Screenshot_20240429_101655_Samsung-Internet.jpg","articleSection":["K\u0131br\u0131s"],"inLanguage":"tr","potentialAction":[{"@type":"CommentAction","name":"Comment","target":["https:\/\/kuzeyinsesi.org\/index.php\/2024\/04\/29\/yodak-baskani-hocanin-uluslararasi-kalite-guvencesi-ve-akreditasyon-konferansina-katildi\/#respond"]}]},{"@type":"WebPage","@id":"https:\/\/kuzeyinsesi.org\/index.php\/2024\/04\/29\/yodak-baskani-hocanin-uluslararasi-kalite-guvencesi-ve-akreditasyon-konferansina-katildi\/","url":"https:\/\/kuzeyinsesi.org\/index.php\/2024\/04\/29\/yodak-baskani-hocanin-uluslararasi-kalite-guvencesi-ve-akreditasyon-konferansina-katildi\/","name":"Y\u00d6DAK Ba\u015fkan\u0131 Hocan\u0131n, Uluslararas\u0131 Kalite G\u00fcvencesi ve Akreditasyon Konferans\u0131\u2019na kat\u0131ld\u0131 - Kuzeyin Sesi","isPartOf":{"@id":"https:\/\/kuzeyinsesi.org\/#website"},"primaryImageOfPage":{"@id":"https:\/\/kuzeyinsesi.org\/index.php\/2024\/04\/29\/yodak-baskani-hocanin-uluslararasi-kalite-guvencesi-ve-akreditasyon-konferansina-katildi\/#primaryimage"},"image":{"@id":"https:\/\/kuzeyinsesi.org\/index.php\/2024\/04\/29\/yodak-baskani-hocanin-uluslararasi-kalite-guvencesi-ve-akreditasyon-konferansina-katildi\/#primaryimage"},"thumbnailUrl":"https:\/\/kuzeyinsesi.org\/wp-content\/uploads\/2024\/04\/Screenshot_20240429_101655_Samsung-Internet.jpg","datePublished":"2024-04-29T07:13:22+00:00","author":{"@id":"https:\/\/kuzeyinsesi.org\/#\/schema\/person\/9f859689cdf01485597712386e37f5aa"},"breadcrumb":{"@id":"https:\/\/kuzeyinsesi.org\/index.php\/2024\/04\/29\/yodak-baskani-hocanin-uluslararasi-kalite-guvencesi-ve-akreditasyon-konferansina-katildi\/#breadcrumb"},"inLanguage":"tr","potentialAction":[{"@type":"ReadAction","target":["https:\/\/kuzeyinsesi.org\/index.php\/2024\/04\/29\/yodak-baskani-hocanin-uluslararasi-kalite-guvencesi-ve-akreditasyon-konferansina-katildi\/"]}]},{"@type":"ImageObject","inLanguage":"tr","@id":"https:\/\/kuzeyinsesi.org\/index.php\/2024\/04\/29\/yodak-baskani-hocanin-uluslararasi-kalite-guvencesi-ve-akreditasyon-konferansina-katildi\/#primaryimage","url":"https:\/\/kuzeyinsesi.org\/wp-content\/uploads\/2024\/04\/Screenshot_20240429_101655_Samsung-Internet.jpg","contentUrl":"https:\/\/kuzeyinsesi.org\/wp-content\/uploads\/2024\/04\/Screenshot_20240429_101655_Samsung-Internet.jpg","width":1079,"height":508},{"@type":"BreadcrumbList","@id":"https:\/\/kuzeyinsesi.org\/index.php\/2024\/04\/29\/yodak-baskani-hocanin-uluslararasi-kalite-guvencesi-ve-akreditasyon-konferansina-katildi\/#breadcrumb","itemListElement":[{"@type":"ListItem","position":1,"name":"Anasayfa","item":"https:\/\/kuzeyinsesi.org\/"},{"@type":"ListItem","position":2,"name":"Y\u00d6DAK Ba\u015fkan\u0131 Hocan\u0131n, Uluslararas\u0131 Kalite G\u00fcvencesi ve Akreditasyon Konferans\u0131\u2019na kat\u0131ld\u0131"}]},{"@type":"WebSite","@id":"https:\/\/kuzeyinsesi.org\/#website","url":"https:\/\/kuzeyinsesi.org\/","name":"Kuzeyin Sesi","description":"Do\u011fru Haberin Adresi","potentialAction":[{"@type":"SearchAction","target":{"@type":"EntryPoint","urlTemplate":"https:\/\/kuzeyinsesi.org\/?s={search_term_string}"},"query-input":{"@type":"PropertyValueSpecification","valueRequired":true,"valueName":"search_term_string"}}],"inLanguage":"tr"},{"@type":"Person","@id":"https:\/\/kuzeyinsesi.org\/#\/schema\/person\/9f859689cdf01485597712386e37f5aa","name":"Kuzeyin Sesi","image":{"@type":"ImageObject","inLanguage":"tr","@id":"https:\/\/secure.gravatar.com\/avatar\/bab33852abfd8b282518d6ed81826833d77c3c882d9ab608add591ccace47a44?s=96&d=mm&r=g","url":"https:\/\/secure.gravatar.com\/avatar\/bab33852abfd8b282518d6ed81826833d77c3c882d9ab608add591ccace47a44?s=96&d=mm&r=g","contentUrl":"https:\/\/secure.gravatar.com\/avatar\/bab33852abfd8b282518d6ed81826833d77c3c882d9ab608add591ccace47a44?s=96&d=mm&r=g","caption":"Kuzeyin Sesi"},"sameAs":["https:\/\/kuzeyinsesi.org"],"url":"https:\/\/kuzeyinsesi.org\/index.php\/author\/guven\/"}]}},"_links":{"self":[{"href":"https:\/\/kuzeyinsesi.org\/index.php\/wp-json\/wp\/v2\/posts\/861","targetHints":{"allow":["GET"]}}],"collection":[{"href":"https:\/\/kuzeyinsesi.org\/index.php\/wp-json\/wp\/v2\/posts"}],"about":[{"href":"https:\/\/kuzeyinsesi.org\/index.php\/wp-json\/wp\/v2\/types\/post"}],"author":[{"embeddable":true,"href":"https:\/\/kuzeyinsesi.org\/index.php\/wp-json\/wp\/v2\/users\/1"}],"replies":[{"embeddable":true,"href":"https:\/\/kuzeyinsesi.org\/index.php\/wp-json\/wp\/v2\/comments?post=861"}],"version-history":[{"count":0,"href":"https:\/\/kuzeyinsesi.org\/index.php\/wp-json\/wp\/v2\/posts\/861\/revisions"}],"wp:featuredmedia":[{"embeddable":true,"href":"https:\/\/kuzeyinsesi.org\/index.php\/wp-json\/wp\/v2\/media\/862"}],"wp:attachment":[{"href":"https:\/\/kuzeyinsesi.org\/index.php\/wp-json\/wp\/v2\/media?parent=861"}],"wp:term":[{"taxonomy":"category","embeddable":true,"href":"https:\/\/kuzeyinsesi.org\/index.php\/wp-json\/wp\/v2\/categories?post=861"},{"taxonomy":"post_tag","embeddable":true,"href":"https:\/\/kuzeyinsesi.org\/index.php\/wp-json\/wp\/v2\/tags?post=861"}],"curies":[{"name":"wp","href":"https:\/\/api.w.org\/{rel}","templated":true}]}}