{"id":8600,"date":"2024-08-26T14:18:41","date_gmt":"2024-08-26T11:18:41","guid":{"rendered":"https:\/\/kuzeyinsesi.org\/index.php\/2024\/08\/26\/fatma-akilhocadan-yeni-bir-cocuk-kitabi-bal-arisi-mimi\/"},"modified":"2024-08-26T14:18:41","modified_gmt":"2024-08-26T11:18:41","slug":"fatma-akilhocadan-yeni-bir-cocuk-kitabi-bal-arisi-mimi","status":"publish","type":"post","link":"https:\/\/kuzeyinsesi.org\/index.php\/2024\/08\/26\/fatma-akilhocadan-yeni-bir-cocuk-kitabi-bal-arisi-mimi\/","title":{"rendered":"Fatma Akilhoca\u2019dan yeni bir \u00e7ocuk kitab\u0131: \u201cBal Ar\u0131s\u0131 M\u0130M\u0130\u201d"},"content":{"rendered":"<div>\n<div class=\"mariselle-image-container none\">\n                                            <\/div>\n<p>\u015eiirleri ve \u015fiirsel d\u00fcz yaz\u0131lar\u0131 ile tan\u0131nan yazar Fatma Akilhoca\u2019n\u0131n yeni \u00e7ocuk kitab\u0131 \u201cBal Ar\u0131s\u0131 M\u0130M\u0130\u201d \u00e7\u0131kt\u0131.<\/p>\n<p>Khora Yay\u0131nlar\u0131ndan \u00e7\u0131kan k\u0131sa \u00f6yk\u00fc kitab\u0131n\u0131n resimlerini Ya\u011fmur Bayhanl\u0131, tasar\u0131m\u0131n\u0131 \u00d6mer Tatl\u0131su, yay\u0131na haz\u0131rlanmas\u0131n\u0131 Nazen \u015eansal \u00fcstlendi.<\/p>\n<p>Okul \u00f6ncesi \u00e7a\u011f\u0131na ve ilkokul \u00e7ocuklar\u0131na hitap eden \u201cBal Ar\u0131s\u0131 M\u0130M\u0130\u201d, dostluk, yard\u0131mseverlik, i\u015f birli\u011fi gibi temalar\u0131 ele al\u0131yor. \u00dclkenin de bir ger\u00e7e\u011fi olan orman yang\u0131nlar\u0131 konusunu da i\u015fleyen kitap, oyun oynamay\u0131 \u00e7ok seven ancak sorumluluk almay\u0131 reddeden\u00a0 M\u0130M\u0130 karakteri \u00fczerinden \u00e7ocuklara mesajlar veriyor.<\/p>\n<p>Kitab\u0131n \u00e7ocuklarla ilk bulu\u015fmas\u0131 Gazima\u011fusa Halk K\u00fct\u00fcphanesi\u2019nde K\u00fclt\u00fcr Dairesi i\u015f birli\u011fi ile ger\u00e7ekle\u015fti. Etkinlikte M\u0130M\u0130 ile tan\u0131\u015fan \u00e7ocuklar, \u00f6yk\u00fc ve i\u00e7indeki karakterler hakk\u0131nda bilgi ald\u0131. Ayr\u0131ca Fatma Akilhoca k\u00fc\u00e7\u00fck okurlar\u0131 i\u00e7in kitab\u0131n\u0131 okudu ve imzalad\u0131.<br \/>\u201cBal Ar\u0131s\u0131 M\u0130M\u0130\u201d kitab\u0131, Khora Kitap ve t\u00fcm kitabevlerinden temin edilebilir.<\/p>\n<\/p><\/div>\n<p><script async\n                    defer\n                    crossorigin=\"anonymous\"\n                    src=\"https:\/\/connect.facebook.net\/tr_TR\/sdk.js#xfbml=1&#038;version=v3.3\"\n            ><\/script><\/p>\n","protected":false},"excerpt":{"rendered":"<p>\u015eiirleri ve \u015fiirsel d\u00fcz yaz\u0131lar\u0131 ile tan\u0131nan yazar Fatma Akilhoca\u2019n\u0131n yeni \u00e7ocuk kitab\u0131 \u201cBal Ar\u0131s\u0131 M\u0130M\u0130\u201d \u00e7\u0131kt\u0131. Khora Yay\u0131nlar\u0131ndan \u00e7\u0131kan k\u0131sa \u00f6yk\u00fc kitab\u0131n\u0131n resimlerini Ya\u011fmur Bayhanl\u0131, tasar\u0131m\u0131n\u0131 \u00d6mer Tatl\u0131su, yay\u0131na haz\u0131rlanmas\u0131n\u0131 Nazen \u015eansal \u00fcstlendi. Okul \u00f6ncesi \u00e7a\u011f\u0131na ve ilkokul \u00e7ocuklar\u0131na hitap eden \u201cBal Ar\u0131s\u0131 M\u0130M\u0130\u201d, dostluk, yard\u0131mseverlik, i\u015f birli\u011fi gibi temalar\u0131 ele al\u0131yor. \u00dclkenin de [&hellip;]<\/p>\n","protected":false},"author":1,"featured_media":8601,"comment_status":"open","ping_status":"open","sticky":false,"template":"","format":"standard","meta":{"jnews-multi-image_gallery":[],"jnews_single_post":[],"jnews_primary_category":[],"jnews_social_meta":[],"jnews_override_counter":[],"footnotes":""},"categories":[6],"tags":[],"class_list":["post-8600","post","type-post","status-publish","format-standard","has-post-thumbnail","hentry","category-yasam"],"yoast_head":"<!-- This site is optimized with the Yoast SEO plugin v27.5 - https:\/\/yoast.com\/product\/yoast-seo-wordpress\/ -->\n<title>Fatma Akilhoca\u2019dan yeni bir \u00e7ocuk kitab\u0131: \u201cBal Ar\u0131s\u0131 M\u0130M\u0130\u201d - Kuzeyin Sesi<\/title>\n<meta name=\"robots\" content=\"index, follow, max-snippet:-1, max-image-preview:large, max-video-preview:-1\" \/>\n<link rel=\"canonical\" href=\"https:\/\/kuzeyinsesi.org\/index.php\/2024\/08\/26\/fatma-akilhocadan-yeni-bir-cocuk-kitabi-bal-arisi-mimi\/\" \/>\n<meta property=\"og:locale\" content=\"tr_TR\" \/>\n<meta property=\"og:type\" content=\"article\" \/>\n<meta property=\"og:title\" content=\"Fatma Akilhoca\u2019dan yeni bir \u00e7ocuk kitab\u0131: \u201cBal Ar\u0131s\u0131 M\u0130M\u0130\u201d - Kuzeyin Sesi\" \/>\n<meta property=\"og:description\" content=\"\u015eiirleri ve \u015fiirsel d\u00fcz yaz\u0131lar\u0131 ile tan\u0131nan yazar Fatma Akilhoca\u2019n\u0131n yeni \u00e7ocuk kitab\u0131 \u201cBal Ar\u0131s\u0131 M\u0130M\u0130\u201d \u00e7\u0131kt\u0131. Khora Yay\u0131nlar\u0131ndan \u00e7\u0131kan k\u0131sa \u00f6yk\u00fc kitab\u0131n\u0131n resimlerini Ya\u011fmur Bayhanl\u0131, tasar\u0131m\u0131n\u0131 \u00d6mer Tatl\u0131su, yay\u0131na haz\u0131rlanmas\u0131n\u0131 Nazen \u015eansal \u00fcstlendi. Okul \u00f6ncesi \u00e7a\u011f\u0131na ve ilkokul \u00e7ocuklar\u0131na hitap eden \u201cBal Ar\u0131s\u0131 M\u0130M\u0130\u201d, dostluk, yard\u0131mseverlik, i\u015f birli\u011fi gibi temalar\u0131 ele al\u0131yor. \u00dclkenin de [&hellip;]\" \/>\n<meta property=\"og:url\" content=\"https:\/\/kuzeyinsesi.org\/index.php\/2024\/08\/26\/fatma-akilhocadan-yeni-bir-cocuk-kitabi-bal-arisi-mimi\/\" \/>\n<meta property=\"og:site_name\" content=\"Kuzeyin Sesi\" \/>\n<meta property=\"article:publisher\" content=\"https:\/\/www.facebook.com\/kuzeyinsesii\" \/>\n<meta property=\"article:published_time\" content=\"2024-08-26T11:18:41+00:00\" \/>\n<meta property=\"og:image\" content=\"https:\/\/brtk.net\/wp-content\/uploads\/2024\/08\/26\/khora-2-.jpeg?ver=a249dde1b0d8c6362b07aa17ec0ca38a\" \/>\n<meta name=\"author\" content=\"Kuzeyin Sesi\" \/>\n<meta name=\"twitter:card\" content=\"summary_large_image\" \/>\n<meta name=\"twitter:creator\" content=\"@kuzeyinsesii\" \/>\n<meta name=\"twitter:site\" content=\"@kuzeyinsesii\" \/>\n<meta name=\"twitter:label1\" content=\"Yazan:\" \/>\n\t<meta name=\"twitter:data1\" content=\"Kuzeyin Sesi\" \/>\n\t<meta name=\"twitter:label2\" content=\"Tahmini okuma s\u00fcresi\" \/>\n\t<meta name=\"twitter:data2\" content=\"1 dakika\" \/>\n<script type=\"application\/ld+json\" class=\"yoast-schema-graph\">{\"@context\":\"https:\\\/\\\/schema.org\",\"@graph\":[{\"@type\":\"Article\",\"@id\":\"https:\\\/\\\/kuzeyinsesi.org\\\/index.php\\\/2024\\\/08\\\/26\\\/fatma-akilhocadan-yeni-bir-cocuk-kitabi-bal-arisi-mimi\\\/#article\",\"isPartOf\":{\"@id\":\"https:\\\/\\\/kuzeyinsesi.org\\\/index.php\\\/2024\\\/08\\\/26\\\/fatma-akilhocadan-yeni-bir-cocuk-kitabi-bal-arisi-mimi\\\/\"},\"author\":{\"name\":\"Kuzeyin Sesi\",\"@id\":\"https:\\\/\\\/kuzeyinsesi.org\\\/#\\\/schema\\\/person\\\/9f859689cdf01485597712386e37f5aa\"},\"headline\":\"Fatma Akilhoca\u2019dan yeni bir \u00e7ocuk kitab\u0131: \u201cBal Ar\u0131s\u0131 M\u0130M\u0130\u201d\",\"datePublished\":\"2024-08-26T11:18:41+00:00\",\"mainEntityOfPage\":{\"@id\":\"https:\\\/\\\/kuzeyinsesi.org\\\/index.php\\\/2024\\\/08\\\/26\\\/fatma-akilhocadan-yeni-bir-cocuk-kitabi-bal-arisi-mimi\\\/\"},\"wordCount\":189,\"commentCount\":0,\"image\":{\"@id\":\"https:\\\/\\\/kuzeyinsesi.org\\\/index.php\\\/2024\\\/08\\\/26\\\/fatma-akilhocadan-yeni-bir-cocuk-kitabi-bal-arisi-mimi\\\/#primaryimage\"},\"thumbnailUrl\":\"https:\\\/\\\/kuzeyinsesi.org\\\/wp-content\\\/uploads\\\/2024\\\/08\\\/khora-2-.jpeg\",\"articleSection\":[\"Ya\u015fam\"],\"inLanguage\":\"tr\",\"potentialAction\":[{\"@type\":\"CommentAction\",\"name\":\"Comment\",\"target\":[\"https:\\\/\\\/kuzeyinsesi.org\\\/index.php\\\/2024\\\/08\\\/26\\\/fatma-akilhocadan-yeni-bir-cocuk-kitabi-bal-arisi-mimi\\\/#respond\"]}]},{\"@type\":\"WebPage\",\"@id\":\"https:\\\/\\\/kuzeyinsesi.org\\\/index.php\\\/2024\\\/08\\\/26\\\/fatma-akilhocadan-yeni-bir-cocuk-kitabi-bal-arisi-mimi\\\/\",\"url\":\"https:\\\/\\\/kuzeyinsesi.org\\\/index.php\\\/2024\\\/08\\\/26\\\/fatma-akilhocadan-yeni-bir-cocuk-kitabi-bal-arisi-mimi\\\/\",\"name\":\"Fatma Akilhoca\u2019dan yeni bir \u00e7ocuk kitab\u0131: \u201cBal Ar\u0131s\u0131 M\u0130M\u0130\u201d - Kuzeyin Sesi\",\"isPartOf\":{\"@id\":\"https:\\\/\\\/kuzeyinsesi.org\\\/#website\"},\"primaryImageOfPage\":{\"@id\":\"https:\\\/\\\/kuzeyinsesi.org\\\/index.php\\\/2024\\\/08\\\/26\\\/fatma-akilhocadan-yeni-bir-cocuk-kitabi-bal-arisi-mimi\\\/#primaryimage\"},\"image\":{\"@id\":\"https:\\\/\\\/kuzeyinsesi.org\\\/index.php\\\/2024\\\/08\\\/26\\\/fatma-akilhocadan-yeni-bir-cocuk-kitabi-bal-arisi-mimi\\\/#primaryimage\"},\"thumbnailUrl\":\"https:\\\/\\\/kuzeyinsesi.org\\\/wp-content\\\/uploads\\\/2024\\\/08\\\/khora-2-.jpeg\",\"datePublished\":\"2024-08-26T11:18:41+00:00\",\"author\":{\"@id\":\"https:\\\/\\\/kuzeyinsesi.org\\\/#\\\/schema\\\/person\\\/9f859689cdf01485597712386e37f5aa\"},\"breadcrumb\":{\"@id\":\"https:\\\/\\\/kuzeyinsesi.org\\\/index.php\\\/2024\\\/08\\\/26\\\/fatma-akilhocadan-yeni-bir-cocuk-kitabi-bal-arisi-mimi\\\/#breadcrumb\"},\"inLanguage\":\"tr\",\"potentialAction\":[{\"@type\":\"ReadAction\",\"target\":[\"https:\\\/\\\/kuzeyinsesi.org\\\/index.php\\\/2024\\\/08\\\/26\\\/fatma-akilhocadan-yeni-bir-cocuk-kitabi-bal-arisi-mimi\\\/\"]}]},{\"@type\":\"ImageObject\",\"inLanguage\":\"tr\",\"@id\":\"https:\\\/\\\/kuzeyinsesi.org\\\/index.php\\\/2024\\\/08\\\/26\\\/fatma-akilhocadan-yeni-bir-cocuk-kitabi-bal-arisi-mimi\\\/#primaryimage\",\"url\":\"https:\\\/\\\/kuzeyinsesi.org\\\/wp-content\\\/uploads\\\/2024\\\/08\\\/khora-2-.jpeg\",\"contentUrl\":\"https:\\\/\\\/kuzeyinsesi.org\\\/wp-content\\\/uploads\\\/2024\\\/08\\\/khora-2-.jpeg\",\"width\":925,\"height\":749},{\"@type\":\"BreadcrumbList\",\"@id\":\"https:\\\/\\\/kuzeyinsesi.org\\\/index.php\\\/2024\\\/08\\\/26\\\/fatma-akilhocadan-yeni-bir-cocuk-kitabi-bal-arisi-mimi\\\/#breadcrumb\",\"itemListElement\":[{\"@type\":\"ListItem\",\"position\":1,\"name\":\"Anasayfa\",\"item\":\"https:\\\/\\\/kuzeyinsesi.org\\\/\"},{\"@type\":\"ListItem\",\"position\":2,\"name\":\"Fatma Akilhoca\u2019dan yeni bir \u00e7ocuk kitab\u0131: \u201cBal Ar\u0131s\u0131 M\u0130M\u0130\u201d\"}]},{\"@type\":\"WebSite\",\"@id\":\"https:\\\/\\\/kuzeyinsesi.org\\\/#website\",\"url\":\"https:\\\/\\\/kuzeyinsesi.org\\\/\",\"name\":\"Kuzeyin Sesi\",\"description\":\"Do\u011fru Haberin Adresi\",\"potentialAction\":[{\"@type\":\"SearchAction\",\"target\":{\"@type\":\"EntryPoint\",\"urlTemplate\":\"https:\\\/\\\/kuzeyinsesi.org\\\/?s={search_term_string}\"},\"query-input\":{\"@type\":\"PropertyValueSpecification\",\"valueRequired\":true,\"valueName\":\"search_term_string\"}}],\"inLanguage\":\"tr\"},{\"@type\":\"Person\",\"@id\":\"https:\\\/\\\/kuzeyinsesi.org\\\/#\\\/schema\\\/person\\\/9f859689cdf01485597712386e37f5aa\",\"name\":\"Kuzeyin Sesi\",\"image\":{\"@type\":\"ImageObject\",\"inLanguage\":\"tr\",\"@id\":\"https:\\\/\\\/secure.gravatar.com\\\/avatar\\\/bab33852abfd8b282518d6ed81826833d77c3c882d9ab608add591ccace47a44?s=96&d=mm&r=g\",\"url\":\"https:\\\/\\\/secure.gravatar.com\\\/avatar\\\/bab33852abfd8b282518d6ed81826833d77c3c882d9ab608add591ccace47a44?s=96&d=mm&r=g\",\"contentUrl\":\"https:\\\/\\\/secure.gravatar.com\\\/avatar\\\/bab33852abfd8b282518d6ed81826833d77c3c882d9ab608add591ccace47a44?s=96&d=mm&r=g\",\"caption\":\"Kuzeyin Sesi\"},\"sameAs\":[\"https:\\\/\\\/kuzeyinsesi.org\"],\"url\":\"https:\\\/\\\/kuzeyinsesi.org\\\/index.php\\\/author\\\/guven\\\/\"}]}<\/script>\n<!-- \/ Yoast SEO plugin. -->","yoast_head_json":{"title":"Fatma Akilhoca\u2019dan yeni bir \u00e7ocuk kitab\u0131: \u201cBal Ar\u0131s\u0131 M\u0130M\u0130\u201d - Kuzeyin Sesi","robots":{"index":"index","follow":"follow","max-snippet":"max-snippet:-1","max-image-preview":"max-image-preview:large","max-video-preview":"max-video-preview:-1"},"canonical":"https:\/\/kuzeyinsesi.org\/index.php\/2024\/08\/26\/fatma-akilhocadan-yeni-bir-cocuk-kitabi-bal-arisi-mimi\/","og_locale":"tr_TR","og_type":"article","og_title":"Fatma Akilhoca\u2019dan yeni bir \u00e7ocuk kitab\u0131: \u201cBal Ar\u0131s\u0131 M\u0130M\u0130\u201d - Kuzeyin Sesi","og_description":"\u015eiirleri ve \u015fiirsel d\u00fcz yaz\u0131lar\u0131 ile tan\u0131nan yazar Fatma Akilhoca\u2019n\u0131n yeni \u00e7ocuk kitab\u0131 \u201cBal Ar\u0131s\u0131 M\u0130M\u0130\u201d \u00e7\u0131kt\u0131. Khora Yay\u0131nlar\u0131ndan \u00e7\u0131kan k\u0131sa \u00f6yk\u00fc kitab\u0131n\u0131n resimlerini Ya\u011fmur Bayhanl\u0131, tasar\u0131m\u0131n\u0131 \u00d6mer Tatl\u0131su, yay\u0131na haz\u0131rlanmas\u0131n\u0131 Nazen \u015eansal \u00fcstlendi. Okul \u00f6ncesi \u00e7a\u011f\u0131na ve ilkokul \u00e7ocuklar\u0131na hitap eden \u201cBal Ar\u0131s\u0131 M\u0130M\u0130\u201d, dostluk, yard\u0131mseverlik, i\u015f birli\u011fi gibi temalar\u0131 ele al\u0131yor. \u00dclkenin de [&hellip;]","og_url":"https:\/\/kuzeyinsesi.org\/index.php\/2024\/08\/26\/fatma-akilhocadan-yeni-bir-cocuk-kitabi-bal-arisi-mimi\/","og_site_name":"Kuzeyin Sesi","article_publisher":"https:\/\/www.facebook.com\/kuzeyinsesii","article_published_time":"2024-08-26T11:18:41+00:00","og_image":[{"url":"https:\/\/brtk.net\/wp-content\/uploads\/2024\/08\/26\/khora-2-.jpeg?ver=a249dde1b0d8c6362b07aa17ec0ca38a","type":"","width":"","height":""}],"author":"Kuzeyin Sesi","twitter_card":"summary_large_image","twitter_creator":"@kuzeyinsesii","twitter_site":"@kuzeyinsesii","twitter_misc":{"Yazan:":"Kuzeyin Sesi","Tahmini okuma s\u00fcresi":"1 dakika"},"schema":{"@context":"https:\/\/schema.org","@graph":[{"@type":"Article","@id":"https:\/\/kuzeyinsesi.org\/index.php\/2024\/08\/26\/fatma-akilhocadan-yeni-bir-cocuk-kitabi-bal-arisi-mimi\/#article","isPartOf":{"@id":"https:\/\/kuzeyinsesi.org\/index.php\/2024\/08\/26\/fatma-akilhocadan-yeni-bir-cocuk-kitabi-bal-arisi-mimi\/"},"author":{"name":"Kuzeyin Sesi","@id":"https:\/\/kuzeyinsesi.org\/#\/schema\/person\/9f859689cdf01485597712386e37f5aa"},"headline":"Fatma Akilhoca\u2019dan yeni bir \u00e7ocuk kitab\u0131: \u201cBal Ar\u0131s\u0131 M\u0130M\u0130\u201d","datePublished":"2024-08-26T11:18:41+00:00","mainEntityOfPage":{"@id":"https:\/\/kuzeyinsesi.org\/index.php\/2024\/08\/26\/fatma-akilhocadan-yeni-bir-cocuk-kitabi-bal-arisi-mimi\/"},"wordCount":189,"commentCount":0,"image":{"@id":"https:\/\/kuzeyinsesi.org\/index.php\/2024\/08\/26\/fatma-akilhocadan-yeni-bir-cocuk-kitabi-bal-arisi-mimi\/#primaryimage"},"thumbnailUrl":"https:\/\/kuzeyinsesi.org\/wp-content\/uploads\/2024\/08\/khora-2-.jpeg","articleSection":["Ya\u015fam"],"inLanguage":"tr","potentialAction":[{"@type":"CommentAction","name":"Comment","target":["https:\/\/kuzeyinsesi.org\/index.php\/2024\/08\/26\/fatma-akilhocadan-yeni-bir-cocuk-kitabi-bal-arisi-mimi\/#respond"]}]},{"@type":"WebPage","@id":"https:\/\/kuzeyinsesi.org\/index.php\/2024\/08\/26\/fatma-akilhocadan-yeni-bir-cocuk-kitabi-bal-arisi-mimi\/","url":"https:\/\/kuzeyinsesi.org\/index.php\/2024\/08\/26\/fatma-akilhocadan-yeni-bir-cocuk-kitabi-bal-arisi-mimi\/","name":"Fatma Akilhoca\u2019dan yeni bir \u00e7ocuk kitab\u0131: \u201cBal Ar\u0131s\u0131 M\u0130M\u0130\u201d - Kuzeyin Sesi","isPartOf":{"@id":"https:\/\/kuzeyinsesi.org\/#website"},"primaryImageOfPage":{"@id":"https:\/\/kuzeyinsesi.org\/index.php\/2024\/08\/26\/fatma-akilhocadan-yeni-bir-cocuk-kitabi-bal-arisi-mimi\/#primaryimage"},"image":{"@id":"https:\/\/kuzeyinsesi.org\/index.php\/2024\/08\/26\/fatma-akilhocadan-yeni-bir-cocuk-kitabi-bal-arisi-mimi\/#primaryimage"},"thumbnailUrl":"https:\/\/kuzeyinsesi.org\/wp-content\/uploads\/2024\/08\/khora-2-.jpeg","datePublished":"2024-08-26T11:18:41+00:00","author":{"@id":"https:\/\/kuzeyinsesi.org\/#\/schema\/person\/9f859689cdf01485597712386e37f5aa"},"breadcrumb":{"@id":"https:\/\/kuzeyinsesi.org\/index.php\/2024\/08\/26\/fatma-akilhocadan-yeni-bir-cocuk-kitabi-bal-arisi-mimi\/#breadcrumb"},"inLanguage":"tr","potentialAction":[{"@type":"ReadAction","target":["https:\/\/kuzeyinsesi.org\/index.php\/2024\/08\/26\/fatma-akilhocadan-yeni-bir-cocuk-kitabi-bal-arisi-mimi\/"]}]},{"@type":"ImageObject","inLanguage":"tr","@id":"https:\/\/kuzeyinsesi.org\/index.php\/2024\/08\/26\/fatma-akilhocadan-yeni-bir-cocuk-kitabi-bal-arisi-mimi\/#primaryimage","url":"https:\/\/kuzeyinsesi.org\/wp-content\/uploads\/2024\/08\/khora-2-.jpeg","contentUrl":"https:\/\/kuzeyinsesi.org\/wp-content\/uploads\/2024\/08\/khora-2-.jpeg","width":925,"height":749},{"@type":"BreadcrumbList","@id":"https:\/\/kuzeyinsesi.org\/index.php\/2024\/08\/26\/fatma-akilhocadan-yeni-bir-cocuk-kitabi-bal-arisi-mimi\/#breadcrumb","itemListElement":[{"@type":"ListItem","position":1,"name":"Anasayfa","item":"https:\/\/kuzeyinsesi.org\/"},{"@type":"ListItem","position":2,"name":"Fatma Akilhoca\u2019dan yeni bir \u00e7ocuk kitab\u0131: \u201cBal Ar\u0131s\u0131 M\u0130M\u0130\u201d"}]},{"@type":"WebSite","@id":"https:\/\/kuzeyinsesi.org\/#website","url":"https:\/\/kuzeyinsesi.org\/","name":"Kuzeyin Sesi","description":"Do\u011fru Haberin Adresi","potentialAction":[{"@type":"SearchAction","target":{"@type":"EntryPoint","urlTemplate":"https:\/\/kuzeyinsesi.org\/?s={search_term_string}"},"query-input":{"@type":"PropertyValueSpecification","valueRequired":true,"valueName":"search_term_string"}}],"inLanguage":"tr"},{"@type":"Person","@id":"https:\/\/kuzeyinsesi.org\/#\/schema\/person\/9f859689cdf01485597712386e37f5aa","name":"Kuzeyin Sesi","image":{"@type":"ImageObject","inLanguage":"tr","@id":"https:\/\/secure.gravatar.com\/avatar\/bab33852abfd8b282518d6ed81826833d77c3c882d9ab608add591ccace47a44?s=96&d=mm&r=g","url":"https:\/\/secure.gravatar.com\/avatar\/bab33852abfd8b282518d6ed81826833d77c3c882d9ab608add591ccace47a44?s=96&d=mm&r=g","contentUrl":"https:\/\/secure.gravatar.com\/avatar\/bab33852abfd8b282518d6ed81826833d77c3c882d9ab608add591ccace47a44?s=96&d=mm&r=g","caption":"Kuzeyin Sesi"},"sameAs":["https:\/\/kuzeyinsesi.org"],"url":"https:\/\/kuzeyinsesi.org\/index.php\/author\/guven\/"}]}},"_links":{"self":[{"href":"https:\/\/kuzeyinsesi.org\/index.php\/wp-json\/wp\/v2\/posts\/8600","targetHints":{"allow":["GET"]}}],"collection":[{"href":"https:\/\/kuzeyinsesi.org\/index.php\/wp-json\/wp\/v2\/posts"}],"about":[{"href":"https:\/\/kuzeyinsesi.org\/index.php\/wp-json\/wp\/v2\/types\/post"}],"author":[{"embeddable":true,"href":"https:\/\/kuzeyinsesi.org\/index.php\/wp-json\/wp\/v2\/users\/1"}],"replies":[{"embeddable":true,"href":"https:\/\/kuzeyinsesi.org\/index.php\/wp-json\/wp\/v2\/comments?post=8600"}],"version-history":[{"count":0,"href":"https:\/\/kuzeyinsesi.org\/index.php\/wp-json\/wp\/v2\/posts\/8600\/revisions"}],"wp:featuredmedia":[{"embeddable":true,"href":"https:\/\/kuzeyinsesi.org\/index.php\/wp-json\/wp\/v2\/media\/8601"}],"wp:attachment":[{"href":"https:\/\/kuzeyinsesi.org\/index.php\/wp-json\/wp\/v2\/media?parent=8600"}],"wp:term":[{"taxonomy":"category","embeddable":true,"href":"https:\/\/kuzeyinsesi.org\/index.php\/wp-json\/wp\/v2\/categories?post=8600"},{"taxonomy":"post_tag","embeddable":true,"href":"https:\/\/kuzeyinsesi.org\/index.php\/wp-json\/wp\/v2\/tags?post=8600"}],"curies":[{"name":"wp","href":"https:\/\/api.w.org\/{rel}","templated":true}]}}