{"id":859,"date":"2024-04-29T10:07:18","date_gmt":"2024-04-29T07:07:18","guid":{"rendered":"https:\/\/kuzeyinsesi.com\/index.php\/2024\/04\/29\/orkide-yuruyusu-yapildi\/"},"modified":"2024-04-29T10:07:18","modified_gmt":"2024-04-29T07:07:18","slug":"orkide-yuruyusu-yapildi","status":"publish","type":"post","link":"https:\/\/kuzeyinsesi.org\/index.php\/2024\/04\/29\/orkide-yuruyusu-yapildi\/","title":{"rendered":"Orkide Y\u00fcr\u00fcy\u00fc\u015f\u00fc yap\u0131ld\u0131"},"content":{"rendered":"<div>\n<div class=\"mariselle-image-container center\">\n                                            <\/div>\n<p>21. Orkide Y\u00fcr\u00fcy\u00fc\u015f\u00fc Kanser Ara\u015ft\u0131rma Vakf\u0131 (KAV) ve S\u00fcleyman Cengiz Emino\u011flu Vakf\u0131\u2019n\u0131n (CENGO-V) i\u015f birli\u011fi ile Dilekkaya Orman\u0131\u2019nda yap\u0131ld\u0131. Y\u00fcr\u00fcy\u00fc\u015fe Cumhurba\u015fkan\u0131 Ersin Tatar da kat\u0131ld\u0131.<\/p>\n<p>Cumhurba\u015fkan\u0131 Tatar, etkinlikte kurulan stantlar\u0131 gezdi ve vatanda\u015flarla sohbet etti. Etkinlikte, Cumhurba\u015fkanl\u0131\u011f\u0131 Bilim ve Sa\u011fl\u0131k Komitesi\u2019nin kanser bilgilendirme ve fark\u0131ndal\u0131k stand\u0131 da yer ald\u0131.<\/p>\n<p>Kanser Ara\u015ft\u0131rma Vakf\u0131\u2019ndan yap\u0131lan a\u00e7\u0131klamaya g\u00f6re, TELS\u0130M ana sponsorlu\u011funda bu y\u0131l 21\u2019incisi d\u00fczenlenen Orkide Y\u00fcr\u00fcy\u00fc\u015f\u00fc, d\u00fcn sabah 09.30\u2019da De\u011firmenlik \u2013 Ak\u0131nc\u0131lar Belediyesi\u2019ne ba\u011fl\u0131 Dilekkaya Orman\u0131\u2019nda yap\u0131ld\u0131.<\/p>\n<p>Y\u00fcr\u00fcy\u00fc\u015f, De\u011firmenlik\u2013Ak\u0131nc\u0131lar Belediye Ba\u015fkan\u0131 Ali Karavezirler, Telsim Genel M\u00fcd\u00fcr\u00fc Sefer T\u00fcz, CENGO-V Ba\u015fkan\u0131 \u00d6zge \u00d6zbeko\u011flu ve KAV Ba\u015fkan\u0131 Prof. Dr. Mustafa Camg\u00f6z\u2019\u00fcn konu\u015fmalar\u0131 ile ba\u015flarken, y\u00fcr\u00fcy\u00fc\u015fe kat\u0131lan Cumhurba\u015fkan\u0131 Ersin Tatar biti\u015f noktas\u0131nda kapan\u0131\u015f konu\u015fmas\u0131n\u0131 yaparak, \u201csa\u011fl\u0131\u011fa \u00f6nem g\u00f6sterme\u201d mesaj\u0131 verdi.<\/p>\n<p>-Karavezirler<\/p>\n<p>De\u011firmenlik \u2013 Ak\u0131nc\u0131lar Belediye Ba\u015fkan\u0131 Ali Karavezirler, y\u00fcr\u00fcy\u00fc\u015f\u00fcn ikinci kez k\u00f6ylerinde yap\u0131lmas\u0131ndan duyduklar\u0131 memnuniyeti ifade etti.<\/p>\n<p>Karavezirler, etkinli\u011fin kansere kar\u015f\u0131 fark\u0131ndal\u0131k etkinli\u011fi oldu\u011funu an\u0131msatarak, bu konuda bilin\u00e7lendirmenin \u00f6nemine de\u011findi ve kanserle m\u00fccadele konusunda verdikleri emeklerden dolay\u0131 KAV ve CENGO-V Ba\u015fkanlar\u0131na te\u015fekk\u00fcr etti.<\/p>\n<p>-T\u00fcz<\/p>\n<p>Telsim Genel M\u00fcd\u00fcr\u00fc Sefer T\u00fcz ise konu\u015fmas\u0131na, y\u00fcr\u00fcy\u00fc\u015fe kat\u0131lanlara te\u015fekk\u00fcr ederek ba\u015flad\u0131.<\/p>\n<p>Telsim ailesi olarak Orkide Y\u00fcr\u00fcy\u00fc\u015f\u00fc\u2019ne 11 y\u0131ld\u0131r ana sponsor olmaktan duyduklar\u0131 mutlulu\u011fu da dile getiren T\u00fcz, \u201cVodafone grubu olarak, hangi \u00fclkede olursak olal\u0131m, sosyal sorumluluk anlam\u0131nda \u00fczerimize d\u00fc\u015fen her ne varsa yapt\u0131k ve yapmaya da haz\u0131r\u0131z. Bug\u00fcn\u00fc sadece bir y\u00fcr\u00fcy\u00fc\u015f olarak d\u00fc\u015f\u00fcnmeyin. Bu bir birliktelik, bir destek, bir irade koyma, hep beraber irade g\u00f6sterimidir\u201d dedi.<\/p>\n<p>\u2013 \u00d6zbeko\u011flu<\/p>\n<p>CENGO-V Vakf\u0131 Ba\u015fkan\u0131 \u00d6zge \u00d6zbeko\u011flu, S\u00fcleyman Cengiz Emino\u011flu Vakf\u0131\u2019n\u0131n \u00e7ocuklar ve gen\u00e7ler i\u00e7in \u00e7al\u0131\u015ft\u0131\u011f\u0131n\u0131 belirterek, Vakf\u0131n faaliyetlerinden bahsetti. \u00d6zbeko\u011flu, KAV ile imzalad\u0131klar\u0131 protokol \u00e7er\u00e7evesinde KAV\u2019\u0131n y\u00fcr\u00fctt\u00fc\u011f\u00fc ila\u00e7 \u00e7al\u0131\u015fmas\u0131n\u0131 iki vakf\u0131n birlikte y\u00fcr\u00fctmeye ba\u015flad\u0131\u011f\u0131n\u0131 da belirtti. <\/p>\n<p>-Camg\u00f6z<\/p>\n<p>KAV Ba\u015fkan\u0131 Mustafa Camg\u00f6z ise, 21 y\u0131ld\u0131r yap\u0131lan Y\u00fcr\u00fcy\u00fc\u015f\u00fc\u2019n\u00fcn rekor k\u0131ran bir etkinlik oldu\u011funu vurgulayarak, t\u00fcm kat\u0131l\u0131mc\u0131lara te\u015fekk\u00fcr etti.<\/p>\n<p>\u201cKAV ve CENGO-V vak\u0131flar\u0131 olarak ilk defa iki ciddi \u00e7al\u0131\u015fan vak\u0131f bir araya gelerek i\u015fbirli\u011fi yapabiliyor. Bu da kendi ba\u015f\u0131na bir ba\u015far\u0131 hikayesidir.\u201d diyen Camg\u00f6z, konu\u015fmas\u0131nda \u015eampiyon Melekleri de and\u0131, ailelere sab\u0131r ve devam eden mahkeme s\u00fcrecinde \u015fans diledi.<\/p>\n<p>KAV\u2019\u0131n haz\u0131rlad\u0131\u011f\u0131 2023-2024 \u0130lerleme Raporuna da de\u011finen Camg\u00f6z, raporun incelenmesini ve payla\u015f\u0131lmas\u0131n\u0131 istedi.<\/p>\n<p>\u201cBize Dilekkaya k\u00f6y\u00fcn\u00fc a\u00e7an Belediye Ba\u015fkan\u0131na, Telsim\u2019e, CENGO-V\u2019ye, t\u00fcm g\u00f6n\u00fcll\u00fclere ve tabii ba\u015fta Dima Discount, Girne Con Kahve, Play FM olmak \u00fczere t\u00fcm sponsorlar\u0131m\u0131za, destek\u00e7ilerimize te\u015fekk\u00fcr ediyorum.\u201d ifadelerini kullanan Camg\u00f6z, \u201c21. Orkide y\u00fcr\u00fcy\u00fc\u015f\u00fcm\u00fcze ba\u015flamak i\u00e7in hepimize \u2018yola \u00e7\u0131kal\u0131m!\u2019 diyorum.\u201d diyerek y\u00fcr\u00fcy\u00fc\u015f\u00fc ba\u015flatt\u0131.<\/p>\n<p>\u2013Tatar<\/p>\n<p>Y\u00fcr\u00fcy\u00fc\u015fe kat\u0131lan ve biti\u015f noktas\u0131nda konu\u015fma yapan Cumhurba\u015fkan\u0131 Ersin Tatar ise, \u201csa\u011fl\u0131\u011fa \u00f6nem g\u00f6sterme\u201d mesaj\u0131 verdi.<\/p>\n<p>Cumhurba\u015fkanl\u0131\u011f\u0131\u2019ndan yap\u0131lan a\u00e7\u0131klamaya g\u00f6re, bilimsel \u00e7al\u0131\u015fmalar\u0131n \u00f6nemine i\u015faret eden Tatar, K\u0131br\u0131s T\u00fcrk halk\u0131 ile \u00fclkenin kurum ve kurulu\u015flar\u0131n\u0131n bu konuda b\u00fcy\u00fck duyarl\u0131l\u0131k ortaya koydu\u011funu s\u00f6yledi.<\/p>\n<p>Ellerinde geldi\u011fince bilimsel \u00e7al\u0131\u015fmalara destek vermeye devam ettiklerini dile getiren Tatar, \u201cBu y\u00fcr\u00fcy\u00fc\u015fle bug\u00fcn bir kez daha sa\u011fl\u0131\u011f\u0131m\u0131za \u00f6nem vermemiz gerekti\u011fi mesaj\u0131n\u0131 veriyoruz.\u201d dedi. Tatar, sa\u011fl\u0131kl\u0131 olmak ve hastal\u0131klara kar\u015f\u0131 korunabilmek i\u00e7in spor ve y\u00fcr\u00fcy\u00fc\u015f\u00fcn \u00f6nemine de vurgu yapt\u0131.<\/p>\n<\/p><\/div>\n<p><script async\n                    defer\n                    crossorigin=\"anonymous\"\n                    src=\"https:\/\/connect.facebook.net\/tr_TR\/sdk.js#xfbml=1&#038;version=v3.3\"\n            ><\/script><\/p>\n","protected":false},"excerpt":{"rendered":"<p>21. Orkide Y\u00fcr\u00fcy\u00fc\u015f\u00fc Kanser Ara\u015ft\u0131rma Vakf\u0131 (KAV) ve S\u00fcleyman Cengiz Emino\u011flu Vakf\u0131\u2019n\u0131n (CENGO-V) i\u015f birli\u011fi ile Dilekkaya Orman\u0131\u2019nda yap\u0131ld\u0131. Y\u00fcr\u00fcy\u00fc\u015fe Cumhurba\u015fkan\u0131 Ersin Tatar da kat\u0131ld\u0131. Cumhurba\u015fkan\u0131 Tatar, etkinlikte kurulan stantlar\u0131 gezdi ve vatanda\u015flarla sohbet etti. Etkinlikte, Cumhurba\u015fkanl\u0131\u011f\u0131 Bilim ve Sa\u011fl\u0131k Komitesi\u2019nin kanser bilgilendirme ve fark\u0131ndal\u0131k stand\u0131 da yer ald\u0131. Kanser Ara\u015ft\u0131rma Vakf\u0131\u2019ndan yap\u0131lan a\u00e7\u0131klamaya g\u00f6re, [&hellip;]<\/p>\n","protected":false},"author":1,"featured_media":860,"comment_status":"open","ping_status":"open","sticky":false,"template":"","format":"standard","meta":{"jnews-multi-image_gallery":[],"jnews_single_post":[],"jnews_primary_category":[],"jnews_social_meta":[],"jnews_override_counter":[],"footnotes":""},"categories":[1],"tags":[],"class_list":["post-859","post","type-post","status-publish","format-standard","has-post-thumbnail","hentry","category-kibris"],"yoast_head":"<!-- This site is optimized with the Yoast SEO plugin v27.4 - https:\/\/yoast.com\/product\/yoast-seo-wordpress\/ -->\n<title>Orkide Y\u00fcr\u00fcy\u00fc\u015f\u00fc yap\u0131ld\u0131 - Kuzeyin Sesi<\/title>\n<meta name=\"robots\" content=\"index, follow, max-snippet:-1, max-image-preview:large, max-video-preview:-1\" \/>\n<link rel=\"canonical\" href=\"https:\/\/kuzeyinsesi.org\/index.php\/2024\/04\/29\/orkide-yuruyusu-yapildi\/\" \/>\n<meta property=\"og:locale\" content=\"tr_TR\" \/>\n<meta property=\"og:type\" content=\"article\" \/>\n<meta property=\"og:title\" content=\"Orkide Y\u00fcr\u00fcy\u00fc\u015f\u00fc yap\u0131ld\u0131 - Kuzeyin Sesi\" \/>\n<meta property=\"og:description\" content=\"21. Orkide Y\u00fcr\u00fcy\u00fc\u015f\u00fc Kanser Ara\u015ft\u0131rma Vakf\u0131 (KAV) ve S\u00fcleyman Cengiz Emino\u011flu Vakf\u0131\u2019n\u0131n (CENGO-V) i\u015f birli\u011fi ile Dilekkaya Orman\u0131\u2019nda yap\u0131ld\u0131. Y\u00fcr\u00fcy\u00fc\u015fe Cumhurba\u015fkan\u0131 Ersin Tatar da kat\u0131ld\u0131. Cumhurba\u015fkan\u0131 Tatar, etkinlikte kurulan stantlar\u0131 gezdi ve vatanda\u015flarla sohbet etti. Etkinlikte, Cumhurba\u015fkanl\u0131\u011f\u0131 Bilim ve Sa\u011fl\u0131k Komitesi\u2019nin kanser bilgilendirme ve fark\u0131ndal\u0131k stand\u0131 da yer ald\u0131. Kanser Ara\u015ft\u0131rma Vakf\u0131\u2019ndan yap\u0131lan a\u00e7\u0131klamaya g\u00f6re, [&hellip;]\" \/>\n<meta property=\"og:url\" content=\"https:\/\/kuzeyinsesi.org\/index.php\/2024\/04\/29\/orkide-yuruyusu-yapildi\/\" \/>\n<meta property=\"og:site_name\" content=\"Kuzeyin Sesi\" \/>\n<meta property=\"article:publisher\" content=\"https:\/\/www.facebook.com\/kuzeyinsesii\" \/>\n<meta property=\"article:published_time\" content=\"2024-04-29T07:07:18+00:00\" \/>\n<meta property=\"og:image\" content=\"https:\/\/kuzeyinsesi.org\/wp-content\/uploads\/2024\/04\/InShot_20240428_194844412-scaled.jpg\" \/>\n\t<meta property=\"og:image:width\" content=\"2560\" \/>\n\t<meta property=\"og:image:height\" content=\"1439\" \/>\n\t<meta property=\"og:image:type\" content=\"image\/jpeg\" \/>\n<meta name=\"author\" content=\"Kuzeyin Sesi\" \/>\n<meta name=\"twitter:card\" content=\"summary_large_image\" \/>\n<meta name=\"twitter:creator\" content=\"@kuzeyinsesii\" \/>\n<meta name=\"twitter:site\" content=\"@kuzeyinsesii\" \/>\n<meta name=\"twitter:label1\" content=\"Yazan:\" \/>\n\t<meta name=\"twitter:data1\" content=\"Kuzeyin Sesi\" \/>\n\t<meta name=\"twitter:label2\" content=\"Tahmini okuma s\u00fcresi\" \/>\n\t<meta name=\"twitter:data2\" content=\"4 dakika\" \/>\n<script type=\"application\/ld+json\" class=\"yoast-schema-graph\">{\"@context\":\"https:\\\/\\\/schema.org\",\"@graph\":[{\"@type\":\"Article\",\"@id\":\"https:\\\/\\\/kuzeyinsesi.org\\\/index.php\\\/2024\\\/04\\\/29\\\/orkide-yuruyusu-yapildi\\\/#article\",\"isPartOf\":{\"@id\":\"https:\\\/\\\/kuzeyinsesi.org\\\/index.php\\\/2024\\\/04\\\/29\\\/orkide-yuruyusu-yapildi\\\/\"},\"author\":{\"name\":\"Kuzeyin Sesi\",\"@id\":\"https:\\\/\\\/kuzeyinsesi.org\\\/#\\\/schema\\\/person\\\/9f859689cdf01485597712386e37f5aa\"},\"headline\":\"Orkide Y\u00fcr\u00fcy\u00fc\u015f\u00fc yap\u0131ld\u0131\",\"datePublished\":\"2024-04-29T07:07:18+00:00\",\"mainEntityOfPage\":{\"@id\":\"https:\\\/\\\/kuzeyinsesi.org\\\/index.php\\\/2024\\\/04\\\/29\\\/orkide-yuruyusu-yapildi\\\/\"},\"wordCount\":721,\"commentCount\":0,\"image\":{\"@id\":\"https:\\\/\\\/kuzeyinsesi.org\\\/index.php\\\/2024\\\/04\\\/29\\\/orkide-yuruyusu-yapildi\\\/#primaryimage\"},\"thumbnailUrl\":\"https:\\\/\\\/kuzeyinsesi.org\\\/wp-content\\\/uploads\\\/2024\\\/04\\\/InShot_20240428_194844412-scaled.jpg\",\"articleSection\":[\"K\u0131br\u0131s\"],\"inLanguage\":\"tr\",\"potentialAction\":[{\"@type\":\"CommentAction\",\"name\":\"Comment\",\"target\":[\"https:\\\/\\\/kuzeyinsesi.org\\\/index.php\\\/2024\\\/04\\\/29\\\/orkide-yuruyusu-yapildi\\\/#respond\"]}]},{\"@type\":\"WebPage\",\"@id\":\"https:\\\/\\\/kuzeyinsesi.org\\\/index.php\\\/2024\\\/04\\\/29\\\/orkide-yuruyusu-yapildi\\\/\",\"url\":\"https:\\\/\\\/kuzeyinsesi.org\\\/index.php\\\/2024\\\/04\\\/29\\\/orkide-yuruyusu-yapildi\\\/\",\"name\":\"Orkide Y\u00fcr\u00fcy\u00fc\u015f\u00fc yap\u0131ld\u0131 - Kuzeyin Sesi\",\"isPartOf\":{\"@id\":\"https:\\\/\\\/kuzeyinsesi.org\\\/#website\"},\"primaryImageOfPage\":{\"@id\":\"https:\\\/\\\/kuzeyinsesi.org\\\/index.php\\\/2024\\\/04\\\/29\\\/orkide-yuruyusu-yapildi\\\/#primaryimage\"},\"image\":{\"@id\":\"https:\\\/\\\/kuzeyinsesi.org\\\/index.php\\\/2024\\\/04\\\/29\\\/orkide-yuruyusu-yapildi\\\/#primaryimage\"},\"thumbnailUrl\":\"https:\\\/\\\/kuzeyinsesi.org\\\/wp-content\\\/uploads\\\/2024\\\/04\\\/InShot_20240428_194844412-scaled.jpg\",\"datePublished\":\"2024-04-29T07:07:18+00:00\",\"author\":{\"@id\":\"https:\\\/\\\/kuzeyinsesi.org\\\/#\\\/schema\\\/person\\\/9f859689cdf01485597712386e37f5aa\"},\"breadcrumb\":{\"@id\":\"https:\\\/\\\/kuzeyinsesi.org\\\/index.php\\\/2024\\\/04\\\/29\\\/orkide-yuruyusu-yapildi\\\/#breadcrumb\"},\"inLanguage\":\"tr\",\"potentialAction\":[{\"@type\":\"ReadAction\",\"target\":[\"https:\\\/\\\/kuzeyinsesi.org\\\/index.php\\\/2024\\\/04\\\/29\\\/orkide-yuruyusu-yapildi\\\/\"]}]},{\"@type\":\"ImageObject\",\"inLanguage\":\"tr\",\"@id\":\"https:\\\/\\\/kuzeyinsesi.org\\\/index.php\\\/2024\\\/04\\\/29\\\/orkide-yuruyusu-yapildi\\\/#primaryimage\",\"url\":\"https:\\\/\\\/kuzeyinsesi.org\\\/wp-content\\\/uploads\\\/2024\\\/04\\\/InShot_20240428_194844412-scaled.jpg\",\"contentUrl\":\"https:\\\/\\\/kuzeyinsesi.org\\\/wp-content\\\/uploads\\\/2024\\\/04\\\/InShot_20240428_194844412-scaled.jpg\",\"width\":2560,\"height\":1439},{\"@type\":\"BreadcrumbList\",\"@id\":\"https:\\\/\\\/kuzeyinsesi.org\\\/index.php\\\/2024\\\/04\\\/29\\\/orkide-yuruyusu-yapildi\\\/#breadcrumb\",\"itemListElement\":[{\"@type\":\"ListItem\",\"position\":1,\"name\":\"Anasayfa\",\"item\":\"https:\\\/\\\/kuzeyinsesi.org\\\/\"},{\"@type\":\"ListItem\",\"position\":2,\"name\":\"Orkide Y\u00fcr\u00fcy\u00fc\u015f\u00fc yap\u0131ld\u0131\"}]},{\"@type\":\"WebSite\",\"@id\":\"https:\\\/\\\/kuzeyinsesi.org\\\/#website\",\"url\":\"https:\\\/\\\/kuzeyinsesi.org\\\/\",\"name\":\"Kuzeyin Sesi\",\"description\":\"Do\u011fru Haberin Adresi\",\"potentialAction\":[{\"@type\":\"SearchAction\",\"target\":{\"@type\":\"EntryPoint\",\"urlTemplate\":\"https:\\\/\\\/kuzeyinsesi.org\\\/?s={search_term_string}\"},\"query-input\":{\"@type\":\"PropertyValueSpecification\",\"valueRequired\":true,\"valueName\":\"search_term_string\"}}],\"inLanguage\":\"tr\"},{\"@type\":\"Person\",\"@id\":\"https:\\\/\\\/kuzeyinsesi.org\\\/#\\\/schema\\\/person\\\/9f859689cdf01485597712386e37f5aa\",\"name\":\"Kuzeyin Sesi\",\"image\":{\"@type\":\"ImageObject\",\"inLanguage\":\"tr\",\"@id\":\"https:\\\/\\\/secure.gravatar.com\\\/avatar\\\/bab33852abfd8b282518d6ed81826833d77c3c882d9ab608add591ccace47a44?s=96&d=mm&r=g\",\"url\":\"https:\\\/\\\/secure.gravatar.com\\\/avatar\\\/bab33852abfd8b282518d6ed81826833d77c3c882d9ab608add591ccace47a44?s=96&d=mm&r=g\",\"contentUrl\":\"https:\\\/\\\/secure.gravatar.com\\\/avatar\\\/bab33852abfd8b282518d6ed81826833d77c3c882d9ab608add591ccace47a44?s=96&d=mm&r=g\",\"caption\":\"Kuzeyin Sesi\"},\"sameAs\":[\"https:\\\/\\\/kuzeyinsesi.org\"],\"url\":\"https:\\\/\\\/kuzeyinsesi.org\\\/index.php\\\/author\\\/guven\\\/\"}]}<\/script>\n<!-- \/ Yoast SEO plugin. -->","yoast_head_json":{"title":"Orkide Y\u00fcr\u00fcy\u00fc\u015f\u00fc yap\u0131ld\u0131 - Kuzeyin Sesi","robots":{"index":"index","follow":"follow","max-snippet":"max-snippet:-1","max-image-preview":"max-image-preview:large","max-video-preview":"max-video-preview:-1"},"canonical":"https:\/\/kuzeyinsesi.org\/index.php\/2024\/04\/29\/orkide-yuruyusu-yapildi\/","og_locale":"tr_TR","og_type":"article","og_title":"Orkide Y\u00fcr\u00fcy\u00fc\u015f\u00fc yap\u0131ld\u0131 - Kuzeyin Sesi","og_description":"21. Orkide Y\u00fcr\u00fcy\u00fc\u015f\u00fc Kanser Ara\u015ft\u0131rma Vakf\u0131 (KAV) ve S\u00fcleyman Cengiz Emino\u011flu Vakf\u0131\u2019n\u0131n (CENGO-V) i\u015f birli\u011fi ile Dilekkaya Orman\u0131\u2019nda yap\u0131ld\u0131. Y\u00fcr\u00fcy\u00fc\u015fe Cumhurba\u015fkan\u0131 Ersin Tatar da kat\u0131ld\u0131. Cumhurba\u015fkan\u0131 Tatar, etkinlikte kurulan stantlar\u0131 gezdi ve vatanda\u015flarla sohbet etti. Etkinlikte, Cumhurba\u015fkanl\u0131\u011f\u0131 Bilim ve Sa\u011fl\u0131k Komitesi\u2019nin kanser bilgilendirme ve fark\u0131ndal\u0131k stand\u0131 da yer ald\u0131. Kanser Ara\u015ft\u0131rma Vakf\u0131\u2019ndan yap\u0131lan a\u00e7\u0131klamaya g\u00f6re, [&hellip;]","og_url":"https:\/\/kuzeyinsesi.org\/index.php\/2024\/04\/29\/orkide-yuruyusu-yapildi\/","og_site_name":"Kuzeyin Sesi","article_publisher":"https:\/\/www.facebook.com\/kuzeyinsesii","article_published_time":"2024-04-29T07:07:18+00:00","og_image":[{"width":2560,"height":1439,"url":"https:\/\/kuzeyinsesi.org\/wp-content\/uploads\/2024\/04\/InShot_20240428_194844412-scaled.jpg","type":"image\/jpeg"}],"author":"Kuzeyin Sesi","twitter_card":"summary_large_image","twitter_creator":"@kuzeyinsesii","twitter_site":"@kuzeyinsesii","twitter_misc":{"Yazan:":"Kuzeyin Sesi","Tahmini okuma s\u00fcresi":"4 dakika"},"schema":{"@context":"https:\/\/schema.org","@graph":[{"@type":"Article","@id":"https:\/\/kuzeyinsesi.org\/index.php\/2024\/04\/29\/orkide-yuruyusu-yapildi\/#article","isPartOf":{"@id":"https:\/\/kuzeyinsesi.org\/index.php\/2024\/04\/29\/orkide-yuruyusu-yapildi\/"},"author":{"name":"Kuzeyin Sesi","@id":"https:\/\/kuzeyinsesi.org\/#\/schema\/person\/9f859689cdf01485597712386e37f5aa"},"headline":"Orkide Y\u00fcr\u00fcy\u00fc\u015f\u00fc yap\u0131ld\u0131","datePublished":"2024-04-29T07:07:18+00:00","mainEntityOfPage":{"@id":"https:\/\/kuzeyinsesi.org\/index.php\/2024\/04\/29\/orkide-yuruyusu-yapildi\/"},"wordCount":721,"commentCount":0,"image":{"@id":"https:\/\/kuzeyinsesi.org\/index.php\/2024\/04\/29\/orkide-yuruyusu-yapildi\/#primaryimage"},"thumbnailUrl":"https:\/\/kuzeyinsesi.org\/wp-content\/uploads\/2024\/04\/InShot_20240428_194844412-scaled.jpg","articleSection":["K\u0131br\u0131s"],"inLanguage":"tr","potentialAction":[{"@type":"CommentAction","name":"Comment","target":["https:\/\/kuzeyinsesi.org\/index.php\/2024\/04\/29\/orkide-yuruyusu-yapildi\/#respond"]}]},{"@type":"WebPage","@id":"https:\/\/kuzeyinsesi.org\/index.php\/2024\/04\/29\/orkide-yuruyusu-yapildi\/","url":"https:\/\/kuzeyinsesi.org\/index.php\/2024\/04\/29\/orkide-yuruyusu-yapildi\/","name":"Orkide Y\u00fcr\u00fcy\u00fc\u015f\u00fc yap\u0131ld\u0131 - Kuzeyin Sesi","isPartOf":{"@id":"https:\/\/kuzeyinsesi.org\/#website"},"primaryImageOfPage":{"@id":"https:\/\/kuzeyinsesi.org\/index.php\/2024\/04\/29\/orkide-yuruyusu-yapildi\/#primaryimage"},"image":{"@id":"https:\/\/kuzeyinsesi.org\/index.php\/2024\/04\/29\/orkide-yuruyusu-yapildi\/#primaryimage"},"thumbnailUrl":"https:\/\/kuzeyinsesi.org\/wp-content\/uploads\/2024\/04\/InShot_20240428_194844412-scaled.jpg","datePublished":"2024-04-29T07:07:18+00:00","author":{"@id":"https:\/\/kuzeyinsesi.org\/#\/schema\/person\/9f859689cdf01485597712386e37f5aa"},"breadcrumb":{"@id":"https:\/\/kuzeyinsesi.org\/index.php\/2024\/04\/29\/orkide-yuruyusu-yapildi\/#breadcrumb"},"inLanguage":"tr","potentialAction":[{"@type":"ReadAction","target":["https:\/\/kuzeyinsesi.org\/index.php\/2024\/04\/29\/orkide-yuruyusu-yapildi\/"]}]},{"@type":"ImageObject","inLanguage":"tr","@id":"https:\/\/kuzeyinsesi.org\/index.php\/2024\/04\/29\/orkide-yuruyusu-yapildi\/#primaryimage","url":"https:\/\/kuzeyinsesi.org\/wp-content\/uploads\/2024\/04\/InShot_20240428_194844412-scaled.jpg","contentUrl":"https:\/\/kuzeyinsesi.org\/wp-content\/uploads\/2024\/04\/InShot_20240428_194844412-scaled.jpg","width":2560,"height":1439},{"@type":"BreadcrumbList","@id":"https:\/\/kuzeyinsesi.org\/index.php\/2024\/04\/29\/orkide-yuruyusu-yapildi\/#breadcrumb","itemListElement":[{"@type":"ListItem","position":1,"name":"Anasayfa","item":"https:\/\/kuzeyinsesi.org\/"},{"@type":"ListItem","position":2,"name":"Orkide Y\u00fcr\u00fcy\u00fc\u015f\u00fc yap\u0131ld\u0131"}]},{"@type":"WebSite","@id":"https:\/\/kuzeyinsesi.org\/#website","url":"https:\/\/kuzeyinsesi.org\/","name":"Kuzeyin Sesi","description":"Do\u011fru Haberin Adresi","potentialAction":[{"@type":"SearchAction","target":{"@type":"EntryPoint","urlTemplate":"https:\/\/kuzeyinsesi.org\/?s={search_term_string}"},"query-input":{"@type":"PropertyValueSpecification","valueRequired":true,"valueName":"search_term_string"}}],"inLanguage":"tr"},{"@type":"Person","@id":"https:\/\/kuzeyinsesi.org\/#\/schema\/person\/9f859689cdf01485597712386e37f5aa","name":"Kuzeyin Sesi","image":{"@type":"ImageObject","inLanguage":"tr","@id":"https:\/\/secure.gravatar.com\/avatar\/bab33852abfd8b282518d6ed81826833d77c3c882d9ab608add591ccace47a44?s=96&d=mm&r=g","url":"https:\/\/secure.gravatar.com\/avatar\/bab33852abfd8b282518d6ed81826833d77c3c882d9ab608add591ccace47a44?s=96&d=mm&r=g","contentUrl":"https:\/\/secure.gravatar.com\/avatar\/bab33852abfd8b282518d6ed81826833d77c3c882d9ab608add591ccace47a44?s=96&d=mm&r=g","caption":"Kuzeyin Sesi"},"sameAs":["https:\/\/kuzeyinsesi.org"],"url":"https:\/\/kuzeyinsesi.org\/index.php\/author\/guven\/"}]}},"_links":{"self":[{"href":"https:\/\/kuzeyinsesi.org\/index.php\/wp-json\/wp\/v2\/posts\/859","targetHints":{"allow":["GET"]}}],"collection":[{"href":"https:\/\/kuzeyinsesi.org\/index.php\/wp-json\/wp\/v2\/posts"}],"about":[{"href":"https:\/\/kuzeyinsesi.org\/index.php\/wp-json\/wp\/v2\/types\/post"}],"author":[{"embeddable":true,"href":"https:\/\/kuzeyinsesi.org\/index.php\/wp-json\/wp\/v2\/users\/1"}],"replies":[{"embeddable":true,"href":"https:\/\/kuzeyinsesi.org\/index.php\/wp-json\/wp\/v2\/comments?post=859"}],"version-history":[{"count":0,"href":"https:\/\/kuzeyinsesi.org\/index.php\/wp-json\/wp\/v2\/posts\/859\/revisions"}],"wp:featuredmedia":[{"embeddable":true,"href":"https:\/\/kuzeyinsesi.org\/index.php\/wp-json\/wp\/v2\/media\/860"}],"wp:attachment":[{"href":"https:\/\/kuzeyinsesi.org\/index.php\/wp-json\/wp\/v2\/media?parent=859"}],"wp:term":[{"taxonomy":"category","embeddable":true,"href":"https:\/\/kuzeyinsesi.org\/index.php\/wp-json\/wp\/v2\/categories?post=859"},{"taxonomy":"post_tag","embeddable":true,"href":"https:\/\/kuzeyinsesi.org\/index.php\/wp-json\/wp\/v2\/tags?post=859"}],"curies":[{"name":"wp","href":"https:\/\/api.w.org\/{rel}","templated":true}]}}