{"id":851,"date":"2024-04-29T06:37:55","date_gmt":"2024-04-29T03:37:55","guid":{"rendered":"https:\/\/kuzeyinsesi.com\/index.php\/2024\/04\/29\/nijeryada-duzenlenen-saldirilarda-sivil-ortak-gorev-gucunden-25-kisi-oldu\/"},"modified":"2024-04-29T06:37:55","modified_gmt":"2024-04-29T03:37:55","slug":"nijeryada-duzenlenen-saldirilarda-sivil-ortak-gorev-gucunden-25-kisi-oldu","status":"publish","type":"post","link":"https:\/\/kuzeyinsesi.org\/index.php\/2024\/04\/29\/nijeryada-duzenlenen-saldirilarda-sivil-ortak-gorev-gucunden-25-kisi-oldu\/","title":{"rendered":"Nijerya&#039;da d\u00fczenlenen sald\u0131r\u0131larda Sivil Ortak G\u00f6rev G\u00fcc\u00fcnden 25 ki\u015fi \u00f6ld\u00fc"},"content":{"rendered":"<p><\/p>\n<article>\n<header><\/p>\n<h2>Nijerya&#8217;n\u0131n Borno ve Sokoto eyaletlerinde DEA\u015e&#8217;\u0131n Bat\u0131 Afrika kolu ISWAP ve silahl\u0131 \u00e7ete \u00fcyelerinin d\u00fczenledi\u011fi sald\u0131r\u0131larda, Sivil Ortak G\u00f6rev G\u00fcc\u00fcnden (CJTF) 25 ki\u015fi hayat\u0131n\u0131 kaybetti.<\/h2>\n<p>29\/04\/2024 03:26<\/header>\n<footer><small>\u00a9 TRT HABER<\/small><\/footer>\n<\/article>\n","protected":false},"excerpt":{"rendered":"<p>Nijerya&#8217;n\u0131n Borno ve Sokoto eyaletlerinde DEA\u015e&#8217;\u0131n Bat\u0131 Afrika kolu ISWAP ve silahl\u0131 \u00e7ete \u00fcyelerinin d\u00fczenledi\u011fi sald\u0131r\u0131larda, Sivil Ortak G\u00f6rev G\u00fcc\u00fcnden (CJTF) 25 ki\u015fi hayat\u0131n\u0131 kaybetti. 29\/04\/2024 03:26 \u00a9 TRT HABER<\/p>\n","protected":false},"author":1,"featured_media":852,"comment_status":"open","ping_status":"open","sticky":false,"template":"","format":"standard","meta":{"jnews-multi-image_gallery":[],"jnews_single_post":[],"jnews_primary_category":[],"jnews_social_meta":[],"jnews_override_counter":[],"footnotes":""},"categories":[2],"tags":[],"class_list":["post-851","post","type-post","status-publish","format-standard","has-post-thumbnail","hentry","category-dunya"],"yoast_head":"<!-- This site is optimized with the Yoast SEO plugin v27.5 - https:\/\/yoast.com\/product\/yoast-seo-wordpress\/ -->\n<title>Nijerya&#039;da d\u00fczenlenen sald\u0131r\u0131larda Sivil Ortak G\u00f6rev G\u00fcc\u00fcnden 25 ki\u015fi \u00f6ld\u00fc - Kuzeyin Sesi<\/title>\n<meta name=\"robots\" content=\"index, follow, max-snippet:-1, max-image-preview:large, max-video-preview:-1\" \/>\n<link rel=\"canonical\" href=\"https:\/\/kuzeyinsesi.org\/index.php\/2024\/04\/29\/nijeryada-duzenlenen-saldirilarda-sivil-ortak-gorev-gucunden-25-kisi-oldu\/\" \/>\n<meta property=\"og:locale\" content=\"tr_TR\" \/>\n<meta property=\"og:type\" content=\"article\" \/>\n<meta property=\"og:title\" content=\"Nijerya&#039;da d\u00fczenlenen sald\u0131r\u0131larda Sivil Ortak G\u00f6rev G\u00fcc\u00fcnden 25 ki\u015fi \u00f6ld\u00fc - Kuzeyin Sesi\" \/>\n<meta property=\"og:description\" content=\"Nijerya&#8217;n\u0131n Borno ve Sokoto eyaletlerinde DEA\u015e&#8217;\u0131n Bat\u0131 Afrika kolu ISWAP ve silahl\u0131 \u00e7ete \u00fcyelerinin d\u00fczenledi\u011fi sald\u0131r\u0131larda, Sivil Ortak G\u00f6rev G\u00fcc\u00fcnden (CJTF) 25 ki\u015fi hayat\u0131n\u0131 kaybetti. 29\/04\/2024 03:26 \u00a9 TRT HABER\" \/>\n<meta property=\"og:url\" content=\"https:\/\/kuzeyinsesi.org\/index.php\/2024\/04\/29\/nijeryada-duzenlenen-saldirilarda-sivil-ortak-gorev-gucunden-25-kisi-oldu\/\" \/>\n<meta property=\"og:site_name\" content=\"Kuzeyin Sesi\" \/>\n<meta property=\"article:publisher\" content=\"https:\/\/www.facebook.com\/kuzeyinsesii\" \/>\n<meta property=\"article:published_time\" content=\"2024-04-29T03:37:55+00:00\" \/>\n<meta property=\"og:image\" content=\"https:\/\/kuzeyinsesi.org\/wp-content\/uploads\/2024\/04\/1714361876_nijerya-silahli-saldiri-1516240.jpg\" \/>\n\t<meta property=\"og:image:width\" content=\"1280\" \/>\n\t<meta property=\"og:image:height\" content=\"720\" \/>\n\t<meta property=\"og:image:type\" content=\"image\/jpeg\" \/>\n<meta name=\"author\" content=\"Kuzeyin Sesi\" \/>\n<meta name=\"twitter:card\" content=\"summary_large_image\" \/>\n<meta name=\"twitter:creator\" content=\"@kuzeyinsesii\" \/>\n<meta name=\"twitter:site\" content=\"@kuzeyinsesii\" \/>\n<meta name=\"twitter:label1\" content=\"Yazan:\" \/>\n\t<meta name=\"twitter:data1\" content=\"Kuzeyin Sesi\" \/>\n<script type=\"application\/ld+json\" class=\"yoast-schema-graph\">{\"@context\":\"https:\\\/\\\/schema.org\",\"@graph\":[{\"@type\":\"Article\",\"@id\":\"https:\\\/\\\/kuzeyinsesi.org\\\/index.php\\\/2024\\\/04\\\/29\\\/nijeryada-duzenlenen-saldirilarda-sivil-ortak-gorev-gucunden-25-kisi-oldu\\\/#article\",\"isPartOf\":{\"@id\":\"https:\\\/\\\/kuzeyinsesi.org\\\/index.php\\\/2024\\\/04\\\/29\\\/nijeryada-duzenlenen-saldirilarda-sivil-ortak-gorev-gucunden-25-kisi-oldu\\\/\"},\"author\":{\"name\":\"Kuzeyin Sesi\",\"@id\":\"https:\\\/\\\/kuzeyinsesi.org\\\/#\\\/schema\\\/person\\\/9f859689cdf01485597712386e37f5aa\"},\"headline\":\"Nijerya&#039;da d\u00fczenlenen sald\u0131r\u0131larda Sivil Ortak G\u00f6rev G\u00fcc\u00fcnden 25 ki\u015fi \u00f6ld\u00fc\",\"datePublished\":\"2024-04-29T03:37:55+00:00\",\"mainEntityOfPage\":{\"@id\":\"https:\\\/\\\/kuzeyinsesi.org\\\/index.php\\\/2024\\\/04\\\/29\\\/nijeryada-duzenlenen-saldirilarda-sivil-ortak-gorev-gucunden-25-kisi-oldu\\\/\"},\"wordCount\":55,\"commentCount\":0,\"image\":{\"@id\":\"https:\\\/\\\/kuzeyinsesi.org\\\/index.php\\\/2024\\\/04\\\/29\\\/nijeryada-duzenlenen-saldirilarda-sivil-ortak-gorev-gucunden-25-kisi-oldu\\\/#primaryimage\"},\"thumbnailUrl\":\"https:\\\/\\\/kuzeyinsesi.org\\\/wp-content\\\/uploads\\\/2024\\\/04\\\/1714361876_nijerya-silahli-saldiri-1516240.jpg\",\"articleSection\":[\"D\u00fcnya\"],\"inLanguage\":\"tr\",\"potentialAction\":[{\"@type\":\"CommentAction\",\"name\":\"Comment\",\"target\":[\"https:\\\/\\\/kuzeyinsesi.org\\\/index.php\\\/2024\\\/04\\\/29\\\/nijeryada-duzenlenen-saldirilarda-sivil-ortak-gorev-gucunden-25-kisi-oldu\\\/#respond\"]}]},{\"@type\":\"WebPage\",\"@id\":\"https:\\\/\\\/kuzeyinsesi.org\\\/index.php\\\/2024\\\/04\\\/29\\\/nijeryada-duzenlenen-saldirilarda-sivil-ortak-gorev-gucunden-25-kisi-oldu\\\/\",\"url\":\"https:\\\/\\\/kuzeyinsesi.org\\\/index.php\\\/2024\\\/04\\\/29\\\/nijeryada-duzenlenen-saldirilarda-sivil-ortak-gorev-gucunden-25-kisi-oldu\\\/\",\"name\":\"Nijerya&#039;da d\u00fczenlenen sald\u0131r\u0131larda Sivil Ortak G\u00f6rev G\u00fcc\u00fcnden 25 ki\u015fi \u00f6ld\u00fc - Kuzeyin Sesi\",\"isPartOf\":{\"@id\":\"https:\\\/\\\/kuzeyinsesi.org\\\/#website\"},\"primaryImageOfPage\":{\"@id\":\"https:\\\/\\\/kuzeyinsesi.org\\\/index.php\\\/2024\\\/04\\\/29\\\/nijeryada-duzenlenen-saldirilarda-sivil-ortak-gorev-gucunden-25-kisi-oldu\\\/#primaryimage\"},\"image\":{\"@id\":\"https:\\\/\\\/kuzeyinsesi.org\\\/index.php\\\/2024\\\/04\\\/29\\\/nijeryada-duzenlenen-saldirilarda-sivil-ortak-gorev-gucunden-25-kisi-oldu\\\/#primaryimage\"},\"thumbnailUrl\":\"https:\\\/\\\/kuzeyinsesi.org\\\/wp-content\\\/uploads\\\/2024\\\/04\\\/1714361876_nijerya-silahli-saldiri-1516240.jpg\",\"datePublished\":\"2024-04-29T03:37:55+00:00\",\"author\":{\"@id\":\"https:\\\/\\\/kuzeyinsesi.org\\\/#\\\/schema\\\/person\\\/9f859689cdf01485597712386e37f5aa\"},\"breadcrumb\":{\"@id\":\"https:\\\/\\\/kuzeyinsesi.org\\\/index.php\\\/2024\\\/04\\\/29\\\/nijeryada-duzenlenen-saldirilarda-sivil-ortak-gorev-gucunden-25-kisi-oldu\\\/#breadcrumb\"},\"inLanguage\":\"tr\",\"potentialAction\":[{\"@type\":\"ReadAction\",\"target\":[\"https:\\\/\\\/kuzeyinsesi.org\\\/index.php\\\/2024\\\/04\\\/29\\\/nijeryada-duzenlenen-saldirilarda-sivil-ortak-gorev-gucunden-25-kisi-oldu\\\/\"]}]},{\"@type\":\"ImageObject\",\"inLanguage\":\"tr\",\"@id\":\"https:\\\/\\\/kuzeyinsesi.org\\\/index.php\\\/2024\\\/04\\\/29\\\/nijeryada-duzenlenen-saldirilarda-sivil-ortak-gorev-gucunden-25-kisi-oldu\\\/#primaryimage\",\"url\":\"https:\\\/\\\/kuzeyinsesi.org\\\/wp-content\\\/uploads\\\/2024\\\/04\\\/1714361876_nijerya-silahli-saldiri-1516240.jpg\",\"contentUrl\":\"https:\\\/\\\/kuzeyinsesi.org\\\/wp-content\\\/uploads\\\/2024\\\/04\\\/1714361876_nijerya-silahli-saldiri-1516240.jpg\",\"width\":1280,\"height\":720},{\"@type\":\"BreadcrumbList\",\"@id\":\"https:\\\/\\\/kuzeyinsesi.org\\\/index.php\\\/2024\\\/04\\\/29\\\/nijeryada-duzenlenen-saldirilarda-sivil-ortak-gorev-gucunden-25-kisi-oldu\\\/#breadcrumb\",\"itemListElement\":[{\"@type\":\"ListItem\",\"position\":1,\"name\":\"Anasayfa\",\"item\":\"https:\\\/\\\/kuzeyinsesi.org\\\/\"},{\"@type\":\"ListItem\",\"position\":2,\"name\":\"Nijerya&#039;da d\u00fczenlenen sald\u0131r\u0131larda Sivil Ortak G\u00f6rev G\u00fcc\u00fcnden 25 ki\u015fi \u00f6ld\u00fc\"}]},{\"@type\":\"WebSite\",\"@id\":\"https:\\\/\\\/kuzeyinsesi.org\\\/#website\",\"url\":\"https:\\\/\\\/kuzeyinsesi.org\\\/\",\"name\":\"Kuzeyin Sesi\",\"description\":\"Do\u011fru Haberin Adresi\",\"potentialAction\":[{\"@type\":\"SearchAction\",\"target\":{\"@type\":\"EntryPoint\",\"urlTemplate\":\"https:\\\/\\\/kuzeyinsesi.org\\\/?s={search_term_string}\"},\"query-input\":{\"@type\":\"PropertyValueSpecification\",\"valueRequired\":true,\"valueName\":\"search_term_string\"}}],\"inLanguage\":\"tr\"},{\"@type\":\"Person\",\"@id\":\"https:\\\/\\\/kuzeyinsesi.org\\\/#\\\/schema\\\/person\\\/9f859689cdf01485597712386e37f5aa\",\"name\":\"Kuzeyin Sesi\",\"image\":{\"@type\":\"ImageObject\",\"inLanguage\":\"tr\",\"@id\":\"https:\\\/\\\/secure.gravatar.com\\\/avatar\\\/bab33852abfd8b282518d6ed81826833d77c3c882d9ab608add591ccace47a44?s=96&d=mm&r=g\",\"url\":\"https:\\\/\\\/secure.gravatar.com\\\/avatar\\\/bab33852abfd8b282518d6ed81826833d77c3c882d9ab608add591ccace47a44?s=96&d=mm&r=g\",\"contentUrl\":\"https:\\\/\\\/secure.gravatar.com\\\/avatar\\\/bab33852abfd8b282518d6ed81826833d77c3c882d9ab608add591ccace47a44?s=96&d=mm&r=g\",\"caption\":\"Kuzeyin Sesi\"},\"sameAs\":[\"https:\\\/\\\/kuzeyinsesi.org\"],\"url\":\"https:\\\/\\\/kuzeyinsesi.org\\\/index.php\\\/author\\\/guven\\\/\"}]}<\/script>\n<!-- \/ Yoast SEO plugin. -->","yoast_head_json":{"title":"Nijerya&#039;da d\u00fczenlenen sald\u0131r\u0131larda Sivil Ortak G\u00f6rev G\u00fcc\u00fcnden 25 ki\u015fi \u00f6ld\u00fc - Kuzeyin Sesi","robots":{"index":"index","follow":"follow","max-snippet":"max-snippet:-1","max-image-preview":"max-image-preview:large","max-video-preview":"max-video-preview:-1"},"canonical":"https:\/\/kuzeyinsesi.org\/index.php\/2024\/04\/29\/nijeryada-duzenlenen-saldirilarda-sivil-ortak-gorev-gucunden-25-kisi-oldu\/","og_locale":"tr_TR","og_type":"article","og_title":"Nijerya&#039;da d\u00fczenlenen sald\u0131r\u0131larda Sivil Ortak G\u00f6rev G\u00fcc\u00fcnden 25 ki\u015fi \u00f6ld\u00fc - Kuzeyin Sesi","og_description":"Nijerya&#8217;n\u0131n Borno ve Sokoto eyaletlerinde DEA\u015e&#8217;\u0131n Bat\u0131 Afrika kolu ISWAP ve silahl\u0131 \u00e7ete \u00fcyelerinin d\u00fczenledi\u011fi sald\u0131r\u0131larda, Sivil Ortak G\u00f6rev G\u00fcc\u00fcnden (CJTF) 25 ki\u015fi hayat\u0131n\u0131 kaybetti. 29\/04\/2024 03:26 \u00a9 TRT HABER","og_url":"https:\/\/kuzeyinsesi.org\/index.php\/2024\/04\/29\/nijeryada-duzenlenen-saldirilarda-sivil-ortak-gorev-gucunden-25-kisi-oldu\/","og_site_name":"Kuzeyin Sesi","article_publisher":"https:\/\/www.facebook.com\/kuzeyinsesii","article_published_time":"2024-04-29T03:37:55+00:00","og_image":[{"width":1280,"height":720,"url":"https:\/\/kuzeyinsesi.org\/wp-content\/uploads\/2024\/04\/1714361876_nijerya-silahli-saldiri-1516240.jpg","type":"image\/jpeg"}],"author":"Kuzeyin Sesi","twitter_card":"summary_large_image","twitter_creator":"@kuzeyinsesii","twitter_site":"@kuzeyinsesii","twitter_misc":{"Yazan:":"Kuzeyin Sesi"},"schema":{"@context":"https:\/\/schema.org","@graph":[{"@type":"Article","@id":"https:\/\/kuzeyinsesi.org\/index.php\/2024\/04\/29\/nijeryada-duzenlenen-saldirilarda-sivil-ortak-gorev-gucunden-25-kisi-oldu\/#article","isPartOf":{"@id":"https:\/\/kuzeyinsesi.org\/index.php\/2024\/04\/29\/nijeryada-duzenlenen-saldirilarda-sivil-ortak-gorev-gucunden-25-kisi-oldu\/"},"author":{"name":"Kuzeyin Sesi","@id":"https:\/\/kuzeyinsesi.org\/#\/schema\/person\/9f859689cdf01485597712386e37f5aa"},"headline":"Nijerya&#039;da d\u00fczenlenen sald\u0131r\u0131larda Sivil Ortak G\u00f6rev G\u00fcc\u00fcnden 25 ki\u015fi \u00f6ld\u00fc","datePublished":"2024-04-29T03:37:55+00:00","mainEntityOfPage":{"@id":"https:\/\/kuzeyinsesi.org\/index.php\/2024\/04\/29\/nijeryada-duzenlenen-saldirilarda-sivil-ortak-gorev-gucunden-25-kisi-oldu\/"},"wordCount":55,"commentCount":0,"image":{"@id":"https:\/\/kuzeyinsesi.org\/index.php\/2024\/04\/29\/nijeryada-duzenlenen-saldirilarda-sivil-ortak-gorev-gucunden-25-kisi-oldu\/#primaryimage"},"thumbnailUrl":"https:\/\/kuzeyinsesi.org\/wp-content\/uploads\/2024\/04\/1714361876_nijerya-silahli-saldiri-1516240.jpg","articleSection":["D\u00fcnya"],"inLanguage":"tr","potentialAction":[{"@type":"CommentAction","name":"Comment","target":["https:\/\/kuzeyinsesi.org\/index.php\/2024\/04\/29\/nijeryada-duzenlenen-saldirilarda-sivil-ortak-gorev-gucunden-25-kisi-oldu\/#respond"]}]},{"@type":"WebPage","@id":"https:\/\/kuzeyinsesi.org\/index.php\/2024\/04\/29\/nijeryada-duzenlenen-saldirilarda-sivil-ortak-gorev-gucunden-25-kisi-oldu\/","url":"https:\/\/kuzeyinsesi.org\/index.php\/2024\/04\/29\/nijeryada-duzenlenen-saldirilarda-sivil-ortak-gorev-gucunden-25-kisi-oldu\/","name":"Nijerya&#039;da d\u00fczenlenen sald\u0131r\u0131larda Sivil Ortak G\u00f6rev G\u00fcc\u00fcnden 25 ki\u015fi \u00f6ld\u00fc - Kuzeyin Sesi","isPartOf":{"@id":"https:\/\/kuzeyinsesi.org\/#website"},"primaryImageOfPage":{"@id":"https:\/\/kuzeyinsesi.org\/index.php\/2024\/04\/29\/nijeryada-duzenlenen-saldirilarda-sivil-ortak-gorev-gucunden-25-kisi-oldu\/#primaryimage"},"image":{"@id":"https:\/\/kuzeyinsesi.org\/index.php\/2024\/04\/29\/nijeryada-duzenlenen-saldirilarda-sivil-ortak-gorev-gucunden-25-kisi-oldu\/#primaryimage"},"thumbnailUrl":"https:\/\/kuzeyinsesi.org\/wp-content\/uploads\/2024\/04\/1714361876_nijerya-silahli-saldiri-1516240.jpg","datePublished":"2024-04-29T03:37:55+00:00","author":{"@id":"https:\/\/kuzeyinsesi.org\/#\/schema\/person\/9f859689cdf01485597712386e37f5aa"},"breadcrumb":{"@id":"https:\/\/kuzeyinsesi.org\/index.php\/2024\/04\/29\/nijeryada-duzenlenen-saldirilarda-sivil-ortak-gorev-gucunden-25-kisi-oldu\/#breadcrumb"},"inLanguage":"tr","potentialAction":[{"@type":"ReadAction","target":["https:\/\/kuzeyinsesi.org\/index.php\/2024\/04\/29\/nijeryada-duzenlenen-saldirilarda-sivil-ortak-gorev-gucunden-25-kisi-oldu\/"]}]},{"@type":"ImageObject","inLanguage":"tr","@id":"https:\/\/kuzeyinsesi.org\/index.php\/2024\/04\/29\/nijeryada-duzenlenen-saldirilarda-sivil-ortak-gorev-gucunden-25-kisi-oldu\/#primaryimage","url":"https:\/\/kuzeyinsesi.org\/wp-content\/uploads\/2024\/04\/1714361876_nijerya-silahli-saldiri-1516240.jpg","contentUrl":"https:\/\/kuzeyinsesi.org\/wp-content\/uploads\/2024\/04\/1714361876_nijerya-silahli-saldiri-1516240.jpg","width":1280,"height":720},{"@type":"BreadcrumbList","@id":"https:\/\/kuzeyinsesi.org\/index.php\/2024\/04\/29\/nijeryada-duzenlenen-saldirilarda-sivil-ortak-gorev-gucunden-25-kisi-oldu\/#breadcrumb","itemListElement":[{"@type":"ListItem","position":1,"name":"Anasayfa","item":"https:\/\/kuzeyinsesi.org\/"},{"@type":"ListItem","position":2,"name":"Nijerya&#039;da d\u00fczenlenen sald\u0131r\u0131larda Sivil Ortak G\u00f6rev G\u00fcc\u00fcnden 25 ki\u015fi \u00f6ld\u00fc"}]},{"@type":"WebSite","@id":"https:\/\/kuzeyinsesi.org\/#website","url":"https:\/\/kuzeyinsesi.org\/","name":"Kuzeyin Sesi","description":"Do\u011fru Haberin Adresi","potentialAction":[{"@type":"SearchAction","target":{"@type":"EntryPoint","urlTemplate":"https:\/\/kuzeyinsesi.org\/?s={search_term_string}"},"query-input":{"@type":"PropertyValueSpecification","valueRequired":true,"valueName":"search_term_string"}}],"inLanguage":"tr"},{"@type":"Person","@id":"https:\/\/kuzeyinsesi.org\/#\/schema\/person\/9f859689cdf01485597712386e37f5aa","name":"Kuzeyin Sesi","image":{"@type":"ImageObject","inLanguage":"tr","@id":"https:\/\/secure.gravatar.com\/avatar\/bab33852abfd8b282518d6ed81826833d77c3c882d9ab608add591ccace47a44?s=96&d=mm&r=g","url":"https:\/\/secure.gravatar.com\/avatar\/bab33852abfd8b282518d6ed81826833d77c3c882d9ab608add591ccace47a44?s=96&d=mm&r=g","contentUrl":"https:\/\/secure.gravatar.com\/avatar\/bab33852abfd8b282518d6ed81826833d77c3c882d9ab608add591ccace47a44?s=96&d=mm&r=g","caption":"Kuzeyin Sesi"},"sameAs":["https:\/\/kuzeyinsesi.org"],"url":"https:\/\/kuzeyinsesi.org\/index.php\/author\/guven\/"}]}},"_links":{"self":[{"href":"https:\/\/kuzeyinsesi.org\/index.php\/wp-json\/wp\/v2\/posts\/851","targetHints":{"allow":["GET"]}}],"collection":[{"href":"https:\/\/kuzeyinsesi.org\/index.php\/wp-json\/wp\/v2\/posts"}],"about":[{"href":"https:\/\/kuzeyinsesi.org\/index.php\/wp-json\/wp\/v2\/types\/post"}],"author":[{"embeddable":true,"href":"https:\/\/kuzeyinsesi.org\/index.php\/wp-json\/wp\/v2\/users\/1"}],"replies":[{"embeddable":true,"href":"https:\/\/kuzeyinsesi.org\/index.php\/wp-json\/wp\/v2\/comments?post=851"}],"version-history":[{"count":0,"href":"https:\/\/kuzeyinsesi.org\/index.php\/wp-json\/wp\/v2\/posts\/851\/revisions"}],"wp:featuredmedia":[{"embeddable":true,"href":"https:\/\/kuzeyinsesi.org\/index.php\/wp-json\/wp\/v2\/media\/852"}],"wp:attachment":[{"href":"https:\/\/kuzeyinsesi.org\/index.php\/wp-json\/wp\/v2\/media?parent=851"}],"wp:term":[{"taxonomy":"category","embeddable":true,"href":"https:\/\/kuzeyinsesi.org\/index.php\/wp-json\/wp\/v2\/categories?post=851"},{"taxonomy":"post_tag","embeddable":true,"href":"https:\/\/kuzeyinsesi.org\/index.php\/wp-json\/wp\/v2\/tags?post=851"}],"curies":[{"name":"wp","href":"https:\/\/api.w.org\/{rel}","templated":true}]}}