{"id":8454,"date":"2024-08-23T12:49:41","date_gmt":"2024-08-23T09:49:41","guid":{"rendered":"https:\/\/kuzeyinsesi.org\/index.php\/2024\/08\/23\/tore-kibris-turkunun-daha-guzel-seyleri-yasamaya-hakki-vardir\/"},"modified":"2024-08-23T12:49:41","modified_gmt":"2024-08-23T09:49:41","slug":"tore-kibris-turkunun-daha-guzel-seyleri-yasamaya-hakki-vardir","status":"publish","type":"post","link":"https:\/\/kuzeyinsesi.org\/index.php\/2024\/08\/23\/tore-kibris-turkunun-daha-guzel-seyleri-yasamaya-hakki-vardir\/","title":{"rendered":"T\u00f6re: \u201cK\u0131br\u0131s T\u00fcrk\u00fc\u2019n\u00fcn daha g\u00fczel \u015feyleri ya\u015famaya hakk\u0131 vard\u0131r\u201d"},"content":{"rendered":"<div>\n<div class=\"mariselle-image-container center\">\n                                            <\/div>\n<p>Cumhuriyet Meclisi Ba\u015fkan\u0131 Zorlu T\u00f6re, Arif Tahir Eri\u015fer\u2019in yazarl\u0131\u011f\u0131n\u0131, Prof. Dr. Serdar Yurtseven\u2019in edit\u00f6rl\u00fc\u011f\u00fcn\u00fc yapt\u0131\u011f\u0131 \u201cK\u0131br\u0131s Probleminin Hakiki Ger\u00e7ekleri\u201d isimli kitab\u0131n\u0131n imza g\u00fcn\u00fc ve tan\u0131t\u0131m etkinli\u011fine kat\u0131ld\u0131.<\/p>\n<p>Meclis\u2019ten verilen bilgiye g\u00f6re, Girne Amerikan \u00dcniversitesi K\u0131br\u0131s Ara\u015ft\u0131rmalar\u0131 Merkezi Bilim Kurulu taraf\u0131ndan ele al\u0131narak bas\u0131m\u0131 yap\u0131lan kitab\u0131n tan\u0131t\u0131m etkinli\u011fi, Girne Bellapais Manast\u0131r\u0131\u2019nda yap\u0131ld\u0131.<\/p>\n<p>T\u00f6re, burada yapt\u0131\u011f\u0131 konu\u015fmada K\u0131br\u0131s T\u00fcrk halk\u0131n\u0131n nereden gelip nereye gitti\u011finin iyi bilinmesi gerekti\u011fini, bu a\u00e7\u0131dan bak\u0131ld\u0131\u011f\u0131nda bu t\u00fcr eserlerin ve \u00e7al\u0131\u015fmalar\u0131n son derece \u00f6nemli oldu\u011funu kaydetti.<\/p>\n<p>Ortaya \u00e7\u0131kan eserlerin kal\u0131c\u0131 oldu\u011funa de\u011finen T\u00f6re, \u201cD\u00fcn\u00fcn\u00fc unutursan tarih yeniden tekerr\u00fcr eder\u201d s\u00f6z\u00fcn\u00fcn daima hat\u0131rlanmas\u0131 gerekti\u011fini s\u00f6yledi.<\/p>\n<p>T\u00f6re, kimseye d\u00fc\u015fmanl\u0131k ta\u015f\u0131mad\u0131klar\u0131n\u0131 ancak d\u00fcn\u00fc de unutmad\u0131klar\u0131na i\u015faret ederek, \u201cKom\u015fular\u0131m\u0131z\u0131n melek olmad\u0131\u011f\u0131n\u0131 daima bilece\u011fiz\u201d dedi.<\/p>\n<p>Annan Plan\u0131 s\u00fcrecini an\u0131msatan T\u00f6re, bu plana hay\u0131r diyenlerin \u00f6d\u00fcllendirildi\u011fini, evet diyenlerin ise cezaland\u0131r\u0131ld\u0131\u011f\u0131n\u0131 belirtti.<\/p>\n<p>T\u00f6re, \u201cD\u00fcnyaya kendimizi anlatmaya \u00e7al\u0131\u015ft\u0131\u011f\u0131m\u0131z lobicilik faaliyetlerinde de bu t\u00fcr eserlere ihtiya\u00e7 vard\u0131r, bu alanlara yat\u0131r\u0131m yap\u0131lmas\u0131 gerekir\u201d diye konu\u015ftu.<\/p>\n<p>K\u0131br\u0131s T\u00fcrk\u00fcn\u00fcn daha g\u00fczel \u015feyleri ya\u015famaya hakk\u0131 oldu\u011funa de\u011finen T\u00f6re, \u201cD\u00fcnya insanlar\u0131ndan daha geri bir toplum de\u011filiz.\u201d dedi.<\/p>\n<div class=\"mariselle-image-container center\">\n                <img decoding=\"async\" width=\"2560\" height=\"1707\" class=\"lazy-image\" alt=\"\" sizes=\"(max-width: 2560px) 100vw, 2560px\" src=\"https:\/\/brtk.net\/wp-content\/uploads\/2024\/08\/23\/tore-imza-gunu-1--scaled.jpg?ver=0a41d268540fefb19c6ee1356115cd7b\" srcset=\"https:\/\/brtk.net\/wp-content\/uploads\/2024\/08\/23\/tore-imza-gunu-1--scaled.jpg?ver=0a41d268540fefb19c6ee1356115cd7b 2560w, https:\/\/brtk.net\/wp-content\/uploads\/2024\/08\/23\/tore-imza-gunu-1--300x200.jpg?ver=0a41d268540fefb19c6ee1356115cd7b 300w, https:\/\/brtk.net\/wp-content\/uploads\/2024\/08\/23\/tore-imza-gunu-1--1024x683.jpg?ver=513fa2ac178935831447ca7099dc5496 1024w, https:\/\/brtk.net\/wp-content\/uploads\/2024\/08\/23\/tore-imza-gunu-1--768x512.jpg?ver=a7196fab63f630e716eb72a581519739 768w, https:\/\/brtk.net\/wp-content\/uploads\/2024\/08\/23\/tore-imza-gunu-1--1536x1024.jpg?ver=8ac56ec2dc33a42277ca77f9805d232e 1536w, https:\/\/brtk.net\/wp-content\/uploads\/2024\/08\/23\/tore-imza-gunu-1--2048x1365.jpg?ver=95ea447044f86d37307c7c289a8646f7 2048w\"\/>                            <\/div>\n<p>T\u00f6re, Gazze\u2019de ya\u015fanan katliam\u0131 baz\u0131 \u00e7evrelerin adeta alk\u0131\u015flad\u0131\u011f\u0131na i\u015faret ederek 10 ay\u0131 ge\u00e7en s\u00fcre\u00e7te BM\u2019nin sa\u011fl\u0131kl\u0131 bir karar dahi \u00fcretemedi\u011fini s\u00f6yledi.<\/p>\n<p>\u00dclkede sorunlar olabilece\u011fini ve bu anlamda siyasilerin ele\u015ftirilebilece\u011fine ifade eden T\u00f6re, ancak devletten vazge\u00e7menin asla m\u00fcmk\u00fcn olamayaca\u011f\u0131n\u0131 belirtti.<\/p>\n<\/p><\/div>\n<p><script async\n                    defer\n                    crossorigin=\"anonymous\"\n                    src=\"https:\/\/connect.facebook.net\/tr_TR\/sdk.js#xfbml=1&#038;version=v3.3\"\n            ><\/script><\/p>\n","protected":false},"excerpt":{"rendered":"<p>Cumhuriyet Meclisi Ba\u015fkan\u0131 Zorlu T\u00f6re, Arif Tahir Eri\u015fer\u2019in yazarl\u0131\u011f\u0131n\u0131, Prof. Dr. Serdar Yurtseven\u2019in edit\u00f6rl\u00fc\u011f\u00fcn\u00fc yapt\u0131\u011f\u0131 \u201cK\u0131br\u0131s Probleminin Hakiki Ger\u00e7ekleri\u201d isimli kitab\u0131n\u0131n imza g\u00fcn\u00fc ve tan\u0131t\u0131m etkinli\u011fine kat\u0131ld\u0131. Meclis\u2019ten verilen bilgiye g\u00f6re, Girne Amerikan \u00dcniversitesi K\u0131br\u0131s Ara\u015ft\u0131rmalar\u0131 Merkezi Bilim Kurulu taraf\u0131ndan ele al\u0131narak bas\u0131m\u0131 yap\u0131lan kitab\u0131n tan\u0131t\u0131m etkinli\u011fi, Girne Bellapais Manast\u0131r\u0131\u2019nda yap\u0131ld\u0131. T\u00f6re, burada yapt\u0131\u011f\u0131 konu\u015fmada [&hellip;]<\/p>\n","protected":false},"author":1,"featured_media":8455,"comment_status":"open","ping_status":"open","sticky":false,"template":"","format":"standard","meta":{"jnews-multi-image_gallery":[],"jnews_single_post":[],"jnews_primary_category":[],"jnews_social_meta":[],"jnews_override_counter":[],"footnotes":""},"categories":[6],"tags":[],"class_list":["post-8454","post","type-post","status-publish","format-standard","has-post-thumbnail","hentry","category-yasam"],"yoast_head":"<!-- This site is optimized with the Yoast SEO plugin v27.5 - https:\/\/yoast.com\/product\/yoast-seo-wordpress\/ -->\n<title>T\u00f6re: \u201cK\u0131br\u0131s T\u00fcrk\u00fc\u2019n\u00fcn daha g\u00fczel \u015feyleri ya\u015famaya hakk\u0131 vard\u0131r\u201d - Kuzeyin Sesi<\/title>\n<meta name=\"robots\" content=\"index, follow, max-snippet:-1, max-image-preview:large, max-video-preview:-1\" \/>\n<link rel=\"canonical\" href=\"https:\/\/kuzeyinsesi.org\/index.php\/2024\/08\/23\/tore-kibris-turkunun-daha-guzel-seyleri-yasamaya-hakki-vardir\/\" \/>\n<meta property=\"og:locale\" content=\"tr_TR\" \/>\n<meta property=\"og:type\" content=\"article\" \/>\n<meta property=\"og:title\" content=\"T\u00f6re: \u201cK\u0131br\u0131s T\u00fcrk\u00fc\u2019n\u00fcn daha g\u00fczel \u015feyleri ya\u015famaya hakk\u0131 vard\u0131r\u201d - Kuzeyin Sesi\" \/>\n<meta property=\"og:description\" content=\"Cumhuriyet Meclisi Ba\u015fkan\u0131 Zorlu T\u00f6re, Arif Tahir Eri\u015fer\u2019in yazarl\u0131\u011f\u0131n\u0131, Prof. Dr. Serdar Yurtseven\u2019in edit\u00f6rl\u00fc\u011f\u00fcn\u00fc yapt\u0131\u011f\u0131 \u201cK\u0131br\u0131s Probleminin Hakiki Ger\u00e7ekleri\u201d isimli kitab\u0131n\u0131n imza g\u00fcn\u00fc ve tan\u0131t\u0131m etkinli\u011fine kat\u0131ld\u0131. Meclis\u2019ten verilen bilgiye g\u00f6re, Girne Amerikan \u00dcniversitesi K\u0131br\u0131s Ara\u015ft\u0131rmalar\u0131 Merkezi Bilim Kurulu taraf\u0131ndan ele al\u0131narak bas\u0131m\u0131 yap\u0131lan kitab\u0131n tan\u0131t\u0131m etkinli\u011fi, Girne Bellapais Manast\u0131r\u0131\u2019nda yap\u0131ld\u0131. T\u00f6re, burada yapt\u0131\u011f\u0131 konu\u015fmada [&hellip;]\" \/>\n<meta property=\"og:url\" content=\"https:\/\/kuzeyinsesi.org\/index.php\/2024\/08\/23\/tore-kibris-turkunun-daha-guzel-seyleri-yasamaya-hakki-vardir\/\" \/>\n<meta property=\"og:site_name\" content=\"Kuzeyin Sesi\" \/>\n<meta property=\"article:publisher\" content=\"https:\/\/www.facebook.com\/kuzeyinsesii\" \/>\n<meta property=\"article:published_time\" content=\"2024-08-23T09:49:41+00:00\" \/>\n<meta property=\"og:image\" content=\"https:\/\/brtk.net\/wp-content\/uploads\/2024\/08\/23\/tore-imza-gunu-3--scaled.jpg?ver=f4a6ede25b96076af466078c60da01a4\" \/>\n<meta name=\"author\" content=\"Kuzeyin Sesi\" \/>\n<meta name=\"twitter:card\" content=\"summary_large_image\" \/>\n<meta name=\"twitter:creator\" content=\"@kuzeyinsesii\" \/>\n<meta name=\"twitter:site\" content=\"@kuzeyinsesii\" \/>\n<meta name=\"twitter:label1\" content=\"Yazan:\" \/>\n\t<meta name=\"twitter:data1\" content=\"Kuzeyin Sesi\" \/>\n\t<meta name=\"twitter:label2\" content=\"Tahmini okuma s\u00fcresi\" \/>\n\t<meta name=\"twitter:data2\" content=\"2 dakika\" \/>\n<script type=\"application\/ld+json\" class=\"yoast-schema-graph\">{\"@context\":\"https:\\\/\\\/schema.org\",\"@graph\":[{\"@type\":\"Article\",\"@id\":\"https:\\\/\\\/kuzeyinsesi.org\\\/index.php\\\/2024\\\/08\\\/23\\\/tore-kibris-turkunun-daha-guzel-seyleri-yasamaya-hakki-vardir\\\/#article\",\"isPartOf\":{\"@id\":\"https:\\\/\\\/kuzeyinsesi.org\\\/index.php\\\/2024\\\/08\\\/23\\\/tore-kibris-turkunun-daha-guzel-seyleri-yasamaya-hakki-vardir\\\/\"},\"author\":{\"name\":\"Kuzeyin Sesi\",\"@id\":\"https:\\\/\\\/kuzeyinsesi.org\\\/#\\\/schema\\\/person\\\/9f859689cdf01485597712386e37f5aa\"},\"headline\":\"T\u00f6re: \u201cK\u0131br\u0131s T\u00fcrk\u00fc\u2019n\u00fcn daha g\u00fczel \u015feyleri ya\u015famaya hakk\u0131 vard\u0131r\u201d\",\"datePublished\":\"2024-08-23T09:49:41+00:00\",\"mainEntityOfPage\":{\"@id\":\"https:\\\/\\\/kuzeyinsesi.org\\\/index.php\\\/2024\\\/08\\\/23\\\/tore-kibris-turkunun-daha-guzel-seyleri-yasamaya-hakki-vardir\\\/\"},\"wordCount\":356,\"commentCount\":0,\"image\":{\"@id\":\"https:\\\/\\\/kuzeyinsesi.org\\\/index.php\\\/2024\\\/08\\\/23\\\/tore-kibris-turkunun-daha-guzel-seyleri-yasamaya-hakki-vardir\\\/#primaryimage\"},\"thumbnailUrl\":\"https:\\\/\\\/kuzeyinsesi.org\\\/wp-content\\\/uploads\\\/2024\\\/08\\\/tore-imza-gunu-2-scaled.jpg\",\"articleSection\":[\"Ya\u015fam\"],\"inLanguage\":\"tr\",\"potentialAction\":[{\"@type\":\"CommentAction\",\"name\":\"Comment\",\"target\":[\"https:\\\/\\\/kuzeyinsesi.org\\\/index.php\\\/2024\\\/08\\\/23\\\/tore-kibris-turkunun-daha-guzel-seyleri-yasamaya-hakki-vardir\\\/#respond\"]}]},{\"@type\":\"WebPage\",\"@id\":\"https:\\\/\\\/kuzeyinsesi.org\\\/index.php\\\/2024\\\/08\\\/23\\\/tore-kibris-turkunun-daha-guzel-seyleri-yasamaya-hakki-vardir\\\/\",\"url\":\"https:\\\/\\\/kuzeyinsesi.org\\\/index.php\\\/2024\\\/08\\\/23\\\/tore-kibris-turkunun-daha-guzel-seyleri-yasamaya-hakki-vardir\\\/\",\"name\":\"T\u00f6re: \u201cK\u0131br\u0131s T\u00fcrk\u00fc\u2019n\u00fcn daha g\u00fczel \u015feyleri ya\u015famaya hakk\u0131 vard\u0131r\u201d - Kuzeyin Sesi\",\"isPartOf\":{\"@id\":\"https:\\\/\\\/kuzeyinsesi.org\\\/#website\"},\"primaryImageOfPage\":{\"@id\":\"https:\\\/\\\/kuzeyinsesi.org\\\/index.php\\\/2024\\\/08\\\/23\\\/tore-kibris-turkunun-daha-guzel-seyleri-yasamaya-hakki-vardir\\\/#primaryimage\"},\"image\":{\"@id\":\"https:\\\/\\\/kuzeyinsesi.org\\\/index.php\\\/2024\\\/08\\\/23\\\/tore-kibris-turkunun-daha-guzel-seyleri-yasamaya-hakki-vardir\\\/#primaryimage\"},\"thumbnailUrl\":\"https:\\\/\\\/kuzeyinsesi.org\\\/wp-content\\\/uploads\\\/2024\\\/08\\\/tore-imza-gunu-2-scaled.jpg\",\"datePublished\":\"2024-08-23T09:49:41+00:00\",\"author\":{\"@id\":\"https:\\\/\\\/kuzeyinsesi.org\\\/#\\\/schema\\\/person\\\/9f859689cdf01485597712386e37f5aa\"},\"breadcrumb\":{\"@id\":\"https:\\\/\\\/kuzeyinsesi.org\\\/index.php\\\/2024\\\/08\\\/23\\\/tore-kibris-turkunun-daha-guzel-seyleri-yasamaya-hakki-vardir\\\/#breadcrumb\"},\"inLanguage\":\"tr\",\"potentialAction\":[{\"@type\":\"ReadAction\",\"target\":[\"https:\\\/\\\/kuzeyinsesi.org\\\/index.php\\\/2024\\\/08\\\/23\\\/tore-kibris-turkunun-daha-guzel-seyleri-yasamaya-hakki-vardir\\\/\"]}]},{\"@type\":\"ImageObject\",\"inLanguage\":\"tr\",\"@id\":\"https:\\\/\\\/kuzeyinsesi.org\\\/index.php\\\/2024\\\/08\\\/23\\\/tore-kibris-turkunun-daha-guzel-seyleri-yasamaya-hakki-vardir\\\/#primaryimage\",\"url\":\"https:\\\/\\\/kuzeyinsesi.org\\\/wp-content\\\/uploads\\\/2024\\\/08\\\/tore-imza-gunu-2-scaled.jpg\",\"contentUrl\":\"https:\\\/\\\/kuzeyinsesi.org\\\/wp-content\\\/uploads\\\/2024\\\/08\\\/tore-imza-gunu-2-scaled.jpg\",\"width\":2560,\"height\":1707},{\"@type\":\"BreadcrumbList\",\"@id\":\"https:\\\/\\\/kuzeyinsesi.org\\\/index.php\\\/2024\\\/08\\\/23\\\/tore-kibris-turkunun-daha-guzel-seyleri-yasamaya-hakki-vardir\\\/#breadcrumb\",\"itemListElement\":[{\"@type\":\"ListItem\",\"position\":1,\"name\":\"Anasayfa\",\"item\":\"https:\\\/\\\/kuzeyinsesi.org\\\/\"},{\"@type\":\"ListItem\",\"position\":2,\"name\":\"T\u00f6re: \u201cK\u0131br\u0131s T\u00fcrk\u00fc\u2019n\u00fcn daha g\u00fczel \u015feyleri ya\u015famaya hakk\u0131 vard\u0131r\u201d\"}]},{\"@type\":\"WebSite\",\"@id\":\"https:\\\/\\\/kuzeyinsesi.org\\\/#website\",\"url\":\"https:\\\/\\\/kuzeyinsesi.org\\\/\",\"name\":\"Kuzeyin Sesi\",\"description\":\"Do\u011fru Haberin Adresi\",\"potentialAction\":[{\"@type\":\"SearchAction\",\"target\":{\"@type\":\"EntryPoint\",\"urlTemplate\":\"https:\\\/\\\/kuzeyinsesi.org\\\/?s={search_term_string}\"},\"query-input\":{\"@type\":\"PropertyValueSpecification\",\"valueRequired\":true,\"valueName\":\"search_term_string\"}}],\"inLanguage\":\"tr\"},{\"@type\":\"Person\",\"@id\":\"https:\\\/\\\/kuzeyinsesi.org\\\/#\\\/schema\\\/person\\\/9f859689cdf01485597712386e37f5aa\",\"name\":\"Kuzeyin Sesi\",\"image\":{\"@type\":\"ImageObject\",\"inLanguage\":\"tr\",\"@id\":\"https:\\\/\\\/secure.gravatar.com\\\/avatar\\\/bab33852abfd8b282518d6ed81826833d77c3c882d9ab608add591ccace47a44?s=96&d=mm&r=g\",\"url\":\"https:\\\/\\\/secure.gravatar.com\\\/avatar\\\/bab33852abfd8b282518d6ed81826833d77c3c882d9ab608add591ccace47a44?s=96&d=mm&r=g\",\"contentUrl\":\"https:\\\/\\\/secure.gravatar.com\\\/avatar\\\/bab33852abfd8b282518d6ed81826833d77c3c882d9ab608add591ccace47a44?s=96&d=mm&r=g\",\"caption\":\"Kuzeyin Sesi\"},\"sameAs\":[\"https:\\\/\\\/kuzeyinsesi.org\"],\"url\":\"https:\\\/\\\/kuzeyinsesi.org\\\/index.php\\\/author\\\/guven\\\/\"}]}<\/script>\n<!-- \/ Yoast SEO plugin. -->","yoast_head_json":{"title":"T\u00f6re: \u201cK\u0131br\u0131s T\u00fcrk\u00fc\u2019n\u00fcn daha g\u00fczel \u015feyleri ya\u015famaya hakk\u0131 vard\u0131r\u201d - Kuzeyin Sesi","robots":{"index":"index","follow":"follow","max-snippet":"max-snippet:-1","max-image-preview":"max-image-preview:large","max-video-preview":"max-video-preview:-1"},"canonical":"https:\/\/kuzeyinsesi.org\/index.php\/2024\/08\/23\/tore-kibris-turkunun-daha-guzel-seyleri-yasamaya-hakki-vardir\/","og_locale":"tr_TR","og_type":"article","og_title":"T\u00f6re: \u201cK\u0131br\u0131s T\u00fcrk\u00fc\u2019n\u00fcn daha g\u00fczel \u015feyleri ya\u015famaya hakk\u0131 vard\u0131r\u201d - Kuzeyin Sesi","og_description":"Cumhuriyet Meclisi Ba\u015fkan\u0131 Zorlu T\u00f6re, Arif Tahir Eri\u015fer\u2019in yazarl\u0131\u011f\u0131n\u0131, Prof. Dr. Serdar Yurtseven\u2019in edit\u00f6rl\u00fc\u011f\u00fcn\u00fc yapt\u0131\u011f\u0131 \u201cK\u0131br\u0131s Probleminin Hakiki Ger\u00e7ekleri\u201d isimli kitab\u0131n\u0131n imza g\u00fcn\u00fc ve tan\u0131t\u0131m etkinli\u011fine kat\u0131ld\u0131. Meclis\u2019ten verilen bilgiye g\u00f6re, Girne Amerikan \u00dcniversitesi K\u0131br\u0131s Ara\u015ft\u0131rmalar\u0131 Merkezi Bilim Kurulu taraf\u0131ndan ele al\u0131narak bas\u0131m\u0131 yap\u0131lan kitab\u0131n tan\u0131t\u0131m etkinli\u011fi, Girne Bellapais Manast\u0131r\u0131\u2019nda yap\u0131ld\u0131. T\u00f6re, burada yapt\u0131\u011f\u0131 konu\u015fmada [&hellip;]","og_url":"https:\/\/kuzeyinsesi.org\/index.php\/2024\/08\/23\/tore-kibris-turkunun-daha-guzel-seyleri-yasamaya-hakki-vardir\/","og_site_name":"Kuzeyin Sesi","article_publisher":"https:\/\/www.facebook.com\/kuzeyinsesii","article_published_time":"2024-08-23T09:49:41+00:00","og_image":[{"url":"https:\/\/brtk.net\/wp-content\/uploads\/2024\/08\/23\/tore-imza-gunu-3--scaled.jpg?ver=f4a6ede25b96076af466078c60da01a4","type":"","width":"","height":""}],"author":"Kuzeyin Sesi","twitter_card":"summary_large_image","twitter_creator":"@kuzeyinsesii","twitter_site":"@kuzeyinsesii","twitter_misc":{"Yazan:":"Kuzeyin Sesi","Tahmini okuma s\u00fcresi":"2 dakika"},"schema":{"@context":"https:\/\/schema.org","@graph":[{"@type":"Article","@id":"https:\/\/kuzeyinsesi.org\/index.php\/2024\/08\/23\/tore-kibris-turkunun-daha-guzel-seyleri-yasamaya-hakki-vardir\/#article","isPartOf":{"@id":"https:\/\/kuzeyinsesi.org\/index.php\/2024\/08\/23\/tore-kibris-turkunun-daha-guzel-seyleri-yasamaya-hakki-vardir\/"},"author":{"name":"Kuzeyin Sesi","@id":"https:\/\/kuzeyinsesi.org\/#\/schema\/person\/9f859689cdf01485597712386e37f5aa"},"headline":"T\u00f6re: \u201cK\u0131br\u0131s T\u00fcrk\u00fc\u2019n\u00fcn daha g\u00fczel \u015feyleri ya\u015famaya hakk\u0131 vard\u0131r\u201d","datePublished":"2024-08-23T09:49:41+00:00","mainEntityOfPage":{"@id":"https:\/\/kuzeyinsesi.org\/index.php\/2024\/08\/23\/tore-kibris-turkunun-daha-guzel-seyleri-yasamaya-hakki-vardir\/"},"wordCount":356,"commentCount":0,"image":{"@id":"https:\/\/kuzeyinsesi.org\/index.php\/2024\/08\/23\/tore-kibris-turkunun-daha-guzel-seyleri-yasamaya-hakki-vardir\/#primaryimage"},"thumbnailUrl":"https:\/\/kuzeyinsesi.org\/wp-content\/uploads\/2024\/08\/tore-imza-gunu-2-scaled.jpg","articleSection":["Ya\u015fam"],"inLanguage":"tr","potentialAction":[{"@type":"CommentAction","name":"Comment","target":["https:\/\/kuzeyinsesi.org\/index.php\/2024\/08\/23\/tore-kibris-turkunun-daha-guzel-seyleri-yasamaya-hakki-vardir\/#respond"]}]},{"@type":"WebPage","@id":"https:\/\/kuzeyinsesi.org\/index.php\/2024\/08\/23\/tore-kibris-turkunun-daha-guzel-seyleri-yasamaya-hakki-vardir\/","url":"https:\/\/kuzeyinsesi.org\/index.php\/2024\/08\/23\/tore-kibris-turkunun-daha-guzel-seyleri-yasamaya-hakki-vardir\/","name":"T\u00f6re: \u201cK\u0131br\u0131s T\u00fcrk\u00fc\u2019n\u00fcn daha g\u00fczel \u015feyleri ya\u015famaya hakk\u0131 vard\u0131r\u201d - Kuzeyin Sesi","isPartOf":{"@id":"https:\/\/kuzeyinsesi.org\/#website"},"primaryImageOfPage":{"@id":"https:\/\/kuzeyinsesi.org\/index.php\/2024\/08\/23\/tore-kibris-turkunun-daha-guzel-seyleri-yasamaya-hakki-vardir\/#primaryimage"},"image":{"@id":"https:\/\/kuzeyinsesi.org\/index.php\/2024\/08\/23\/tore-kibris-turkunun-daha-guzel-seyleri-yasamaya-hakki-vardir\/#primaryimage"},"thumbnailUrl":"https:\/\/kuzeyinsesi.org\/wp-content\/uploads\/2024\/08\/tore-imza-gunu-2-scaled.jpg","datePublished":"2024-08-23T09:49:41+00:00","author":{"@id":"https:\/\/kuzeyinsesi.org\/#\/schema\/person\/9f859689cdf01485597712386e37f5aa"},"breadcrumb":{"@id":"https:\/\/kuzeyinsesi.org\/index.php\/2024\/08\/23\/tore-kibris-turkunun-daha-guzel-seyleri-yasamaya-hakki-vardir\/#breadcrumb"},"inLanguage":"tr","potentialAction":[{"@type":"ReadAction","target":["https:\/\/kuzeyinsesi.org\/index.php\/2024\/08\/23\/tore-kibris-turkunun-daha-guzel-seyleri-yasamaya-hakki-vardir\/"]}]},{"@type":"ImageObject","inLanguage":"tr","@id":"https:\/\/kuzeyinsesi.org\/index.php\/2024\/08\/23\/tore-kibris-turkunun-daha-guzel-seyleri-yasamaya-hakki-vardir\/#primaryimage","url":"https:\/\/kuzeyinsesi.org\/wp-content\/uploads\/2024\/08\/tore-imza-gunu-2-scaled.jpg","contentUrl":"https:\/\/kuzeyinsesi.org\/wp-content\/uploads\/2024\/08\/tore-imza-gunu-2-scaled.jpg","width":2560,"height":1707},{"@type":"BreadcrumbList","@id":"https:\/\/kuzeyinsesi.org\/index.php\/2024\/08\/23\/tore-kibris-turkunun-daha-guzel-seyleri-yasamaya-hakki-vardir\/#breadcrumb","itemListElement":[{"@type":"ListItem","position":1,"name":"Anasayfa","item":"https:\/\/kuzeyinsesi.org\/"},{"@type":"ListItem","position":2,"name":"T\u00f6re: \u201cK\u0131br\u0131s T\u00fcrk\u00fc\u2019n\u00fcn daha g\u00fczel \u015feyleri ya\u015famaya hakk\u0131 vard\u0131r\u201d"}]},{"@type":"WebSite","@id":"https:\/\/kuzeyinsesi.org\/#website","url":"https:\/\/kuzeyinsesi.org\/","name":"Kuzeyin Sesi","description":"Do\u011fru Haberin Adresi","potentialAction":[{"@type":"SearchAction","target":{"@type":"EntryPoint","urlTemplate":"https:\/\/kuzeyinsesi.org\/?s={search_term_string}"},"query-input":{"@type":"PropertyValueSpecification","valueRequired":true,"valueName":"search_term_string"}}],"inLanguage":"tr"},{"@type":"Person","@id":"https:\/\/kuzeyinsesi.org\/#\/schema\/person\/9f859689cdf01485597712386e37f5aa","name":"Kuzeyin Sesi","image":{"@type":"ImageObject","inLanguage":"tr","@id":"https:\/\/secure.gravatar.com\/avatar\/bab33852abfd8b282518d6ed81826833d77c3c882d9ab608add591ccace47a44?s=96&d=mm&r=g","url":"https:\/\/secure.gravatar.com\/avatar\/bab33852abfd8b282518d6ed81826833d77c3c882d9ab608add591ccace47a44?s=96&d=mm&r=g","contentUrl":"https:\/\/secure.gravatar.com\/avatar\/bab33852abfd8b282518d6ed81826833d77c3c882d9ab608add591ccace47a44?s=96&d=mm&r=g","caption":"Kuzeyin Sesi"},"sameAs":["https:\/\/kuzeyinsesi.org"],"url":"https:\/\/kuzeyinsesi.org\/index.php\/author\/guven\/"}]}},"_links":{"self":[{"href":"https:\/\/kuzeyinsesi.org\/index.php\/wp-json\/wp\/v2\/posts\/8454","targetHints":{"allow":["GET"]}}],"collection":[{"href":"https:\/\/kuzeyinsesi.org\/index.php\/wp-json\/wp\/v2\/posts"}],"about":[{"href":"https:\/\/kuzeyinsesi.org\/index.php\/wp-json\/wp\/v2\/types\/post"}],"author":[{"embeddable":true,"href":"https:\/\/kuzeyinsesi.org\/index.php\/wp-json\/wp\/v2\/users\/1"}],"replies":[{"embeddable":true,"href":"https:\/\/kuzeyinsesi.org\/index.php\/wp-json\/wp\/v2\/comments?post=8454"}],"version-history":[{"count":0,"href":"https:\/\/kuzeyinsesi.org\/index.php\/wp-json\/wp\/v2\/posts\/8454\/revisions"}],"wp:featuredmedia":[{"embeddable":true,"href":"https:\/\/kuzeyinsesi.org\/index.php\/wp-json\/wp\/v2\/media\/8455"}],"wp:attachment":[{"href":"https:\/\/kuzeyinsesi.org\/index.php\/wp-json\/wp\/v2\/media?parent=8454"}],"wp:term":[{"taxonomy":"category","embeddable":true,"href":"https:\/\/kuzeyinsesi.org\/index.php\/wp-json\/wp\/v2\/categories?post=8454"},{"taxonomy":"post_tag","embeddable":true,"href":"https:\/\/kuzeyinsesi.org\/index.php\/wp-json\/wp\/v2\/tags?post=8454"}],"curies":[{"name":"wp","href":"https:\/\/api.w.org\/{rel}","templated":true}]}}