{"id":8438,"date":"2024-08-23T09:39:55","date_gmt":"2024-08-23T06:39:55","guid":{"rendered":"https:\/\/kuzeyinsesi.org\/index.php\/2024\/08\/23\/cumhuriyet-meclisi-baskani-tore-karadenizliler-gecesine-katildi\/"},"modified":"2024-08-23T09:39:55","modified_gmt":"2024-08-23T06:39:55","slug":"cumhuriyet-meclisi-baskani-tore-karadenizliler-gecesine-katildi","status":"publish","type":"post","link":"https:\/\/kuzeyinsesi.org\/index.php\/2024\/08\/23\/cumhuriyet-meclisi-baskani-tore-karadenizliler-gecesine-katildi\/","title":{"rendered":"Cumhuriyet Meclisi Ba\u015fkan\u0131  T\u00f6re, \u201cKaradenizliler Gecesi\u201dne kat\u0131ld\u0131"},"content":{"rendered":"<div>\n<div class=\"mariselle-image-container center\">\n                                            <\/div>\n<p>\u00a0<\/p>\n<p>Cumhuriyet Meclisi Ba\u015fkan\u0131 Zorlu T\u00f6re, bu y\u0131l 13\u2019\u00fcnc\u00fcs\u00fc ger\u00e7ekle\u015ftirilen Yenibo\u011fazi\u00e7i Pulya festivali etkinlikleri kapsam\u0131nda d\u00fczenlenen \u201cKaradenizliler Gecesi\u2019ne\u201d kat\u0131ld\u0131.<\/p>\n<p>\u00a0<\/p>\n<p>T\u00f6re, burada yapt\u0131\u011f\u0131 konu\u015fmada Karadeniz denince ilk akla \u201c\u00c7\u0131rp\u0131n\u0131rd\u0131 Karadeniz\u201d \u015fiirinin geldi\u011fini belirterek bir d\u00f6rtl\u00fck okudu.<\/p>\n<p>\u00a0<\/p>\n<p>Konu\u015fmas\u0131nda Azerbaycan\u2019\u0131 ve T\u00fcrk devletlerini selamlayan T\u00f6re, Karaba\u011f\u2019da Azerbaycan bayra\u011f\u0131n\u0131n dalgaland\u0131\u011f\u0131n\u0131 onun da T\u00fcrk bayra\u011f\u0131 oldu\u011funu s\u00f6yledi.<\/p>\n<p>\u00a0<\/p>\n<p>D\u00fcn ya\u015fanan trafik kazas\u0131nda \u015fehit olan Mehmet\u00e7ik\u2019i de rahmetle anan T\u00f6re, 1967 y\u0131l\u0131nda Ge\u00e7itkale \u2013 Bo\u011fazi\u00e7i direni\u015finde \u015fehit olan M\u00fccahitlere de rahmet diledi.<\/p>\n<p>\u00a0<\/p>\n<p>Festivallerin insanlar\u0131 kayna\u015ft\u0131rd\u0131\u011f\u0131n\u0131 belirten T\u00f6re, \u201cNe Mutlu T\u00fcrk\u00fcm Diyen\u201d herkesin ayn\u0131 \u00fclk\u00fc etraf\u0131nda birle\u015fti\u011fini ve T\u00fcrk milletinin \u015ferefli evlatlar\u0131 oldu\u011funu kaydetti.<\/p>\n<p>\u00a0<\/p>\n<p>T\u00f6re, devlete, Anavatan T\u00fcrkiye\u2019ye ve T\u00fcrk devletlerine sahip \u00e7\u0131kmaya devam edeceklerini ifade etti.<\/p>\n<p>\u00a0<\/p>\n<p>T\u00f6re, Karadeniz K\u00fclt\u00fcr Derne\u011fi\u2019ni ve Yenibo\u011fazi\u00e7i Belediyesi\u2019ni de b\u00f6yle bir etkinli\u011fi d\u00fczenlemesinden dolay\u0131 tebrik etti.<\/p>\n<p>\u00a0<\/p>\n<\/div>\n<p><script async\n                    defer\n                    crossorigin=\"anonymous\"\n                    src=\"https:\/\/connect.facebook.net\/tr_TR\/sdk.js#xfbml=1&#038;version=v3.3\"\n            ><\/script><\/p>\n","protected":false},"excerpt":{"rendered":"<p>\u00a0 Cumhuriyet Meclisi Ba\u015fkan\u0131 Zorlu T\u00f6re, bu y\u0131l 13\u2019\u00fcnc\u00fcs\u00fc ger\u00e7ekle\u015ftirilen Yenibo\u011fazi\u00e7i Pulya festivali etkinlikleri kapsam\u0131nda d\u00fczenlenen \u201cKaradenizliler Gecesi\u2019ne\u201d kat\u0131ld\u0131. \u00a0 T\u00f6re, burada yapt\u0131\u011f\u0131 konu\u015fmada Karadeniz denince ilk akla \u201c\u00c7\u0131rp\u0131n\u0131rd\u0131 Karadeniz\u201d \u015fiirinin geldi\u011fini belirterek bir d\u00f6rtl\u00fck okudu. \u00a0 Konu\u015fmas\u0131nda Azerbaycan\u2019\u0131 ve T\u00fcrk devletlerini selamlayan T\u00f6re, Karaba\u011f\u2019da Azerbaycan bayra\u011f\u0131n\u0131n dalgaland\u0131\u011f\u0131n\u0131 onun da T\u00fcrk bayra\u011f\u0131 oldu\u011funu s\u00f6yledi. \u00a0 [&hellip;]<\/p>\n","protected":false},"author":1,"featured_media":8439,"comment_status":"open","ping_status":"open","sticky":false,"template":"","format":"standard","meta":{"jnews-multi-image_gallery":[],"jnews_single_post":[],"jnews_primary_category":[],"jnews_social_meta":[],"jnews_override_counter":[],"footnotes":""},"categories":[6],"tags":[],"class_list":["post-8438","post","type-post","status-publish","format-standard","has-post-thumbnail","hentry","category-yasam"],"yoast_head":"<!-- This site is optimized with the Yoast SEO plugin v27.5 - https:\/\/yoast.com\/product\/yoast-seo-wordpress\/ -->\n<title>Cumhuriyet Meclisi Ba\u015fkan\u0131 T\u00f6re, \u201cKaradenizliler Gecesi\u201dne kat\u0131ld\u0131 - Kuzeyin Sesi<\/title>\n<meta name=\"robots\" content=\"index, follow, max-snippet:-1, max-image-preview:large, max-video-preview:-1\" \/>\n<link rel=\"canonical\" href=\"https:\/\/kuzeyinsesi.org\/index.php\/2024\/08\/23\/cumhuriyet-meclisi-baskani-tore-karadenizliler-gecesine-katildi\/\" \/>\n<meta property=\"og:locale\" content=\"tr_TR\" \/>\n<meta property=\"og:type\" content=\"article\" \/>\n<meta property=\"og:title\" content=\"Cumhuriyet Meclisi Ba\u015fkan\u0131 T\u00f6re, \u201cKaradenizliler Gecesi\u201dne kat\u0131ld\u0131 - Kuzeyin Sesi\" \/>\n<meta property=\"og:description\" content=\"\u00a0 Cumhuriyet Meclisi Ba\u015fkan\u0131 Zorlu T\u00f6re, bu y\u0131l 13\u2019\u00fcnc\u00fcs\u00fc ger\u00e7ekle\u015ftirilen Yenibo\u011fazi\u00e7i Pulya festivali etkinlikleri kapsam\u0131nda d\u00fczenlenen \u201cKaradenizliler Gecesi\u2019ne\u201d kat\u0131ld\u0131. \u00a0 T\u00f6re, burada yapt\u0131\u011f\u0131 konu\u015fmada Karadeniz denince ilk akla \u201c\u00c7\u0131rp\u0131n\u0131rd\u0131 Karadeniz\u201d \u015fiirinin geldi\u011fini belirterek bir d\u00f6rtl\u00fck okudu. \u00a0 Konu\u015fmas\u0131nda Azerbaycan\u2019\u0131 ve T\u00fcrk devletlerini selamlayan T\u00f6re, Karaba\u011f\u2019da Azerbaycan bayra\u011f\u0131n\u0131n dalgaland\u0131\u011f\u0131n\u0131 onun da T\u00fcrk bayra\u011f\u0131 oldu\u011funu s\u00f6yledi. \u00a0 [&hellip;]\" \/>\n<meta property=\"og:url\" content=\"https:\/\/kuzeyinsesi.org\/index.php\/2024\/08\/23\/cumhuriyet-meclisi-baskani-tore-karadenizliler-gecesine-katildi\/\" \/>\n<meta property=\"og:site_name\" content=\"Kuzeyin Sesi\" \/>\n<meta property=\"article:publisher\" content=\"https:\/\/www.facebook.com\/kuzeyinsesii\" \/>\n<meta property=\"article:published_time\" content=\"2024-08-23T06:39:55+00:00\" \/>\n<meta property=\"og:image\" content=\"https:\/\/brtk.net\/wp-content\/uploads\/2024\/08\/23\/IMG-20240823-WA0001.jpg?ver=883eccaf7c1c2aef18778ab1c61652a8\" \/>\n<meta name=\"author\" content=\"Kuzeyin Sesi\" \/>\n<meta name=\"twitter:card\" content=\"summary_large_image\" \/>\n<meta name=\"twitter:creator\" content=\"@kuzeyinsesii\" \/>\n<meta name=\"twitter:site\" content=\"@kuzeyinsesii\" \/>\n<meta name=\"twitter:label1\" content=\"Yazan:\" \/>\n\t<meta name=\"twitter:data1\" content=\"Kuzeyin Sesi\" \/>\n\t<meta name=\"twitter:label2\" content=\"Tahmini okuma s\u00fcresi\" \/>\n\t<meta name=\"twitter:data2\" content=\"1 dakika\" \/>\n<script type=\"application\/ld+json\" class=\"yoast-schema-graph\">{\"@context\":\"https:\\\/\\\/schema.org\",\"@graph\":[{\"@type\":\"Article\",\"@id\":\"https:\\\/\\\/kuzeyinsesi.org\\\/index.php\\\/2024\\\/08\\\/23\\\/cumhuriyet-meclisi-baskani-tore-karadenizliler-gecesine-katildi\\\/#article\",\"isPartOf\":{\"@id\":\"https:\\\/\\\/kuzeyinsesi.org\\\/index.php\\\/2024\\\/08\\\/23\\\/cumhuriyet-meclisi-baskani-tore-karadenizliler-gecesine-katildi\\\/\"},\"author\":{\"name\":\"Kuzeyin Sesi\",\"@id\":\"https:\\\/\\\/kuzeyinsesi.org\\\/#\\\/schema\\\/person\\\/9f859689cdf01485597712386e37f5aa\"},\"headline\":\"Cumhuriyet Meclisi Ba\u015fkan\u0131 T\u00f6re, \u201cKaradenizliler Gecesi\u201dne kat\u0131ld\u0131\",\"datePublished\":\"2024-08-23T06:39:55+00:00\",\"mainEntityOfPage\":{\"@id\":\"https:\\\/\\\/kuzeyinsesi.org\\\/index.php\\\/2024\\\/08\\\/23\\\/cumhuriyet-meclisi-baskani-tore-karadenizliler-gecesine-katildi\\\/\"},\"wordCount\":201,\"commentCount\":0,\"image\":{\"@id\":\"https:\\\/\\\/kuzeyinsesi.org\\\/index.php\\\/2024\\\/08\\\/23\\\/cumhuriyet-meclisi-baskani-tore-karadenizliler-gecesine-katildi\\\/#primaryimage\"},\"thumbnailUrl\":\"https:\\\/\\\/kuzeyinsesi.org\\\/wp-content\\\/uploads\\\/2024\\\/08\\\/IMG-20240823-WA0001.jpg\",\"articleSection\":[\"Ya\u015fam\"],\"inLanguage\":\"tr\",\"potentialAction\":[{\"@type\":\"CommentAction\",\"name\":\"Comment\",\"target\":[\"https:\\\/\\\/kuzeyinsesi.org\\\/index.php\\\/2024\\\/08\\\/23\\\/cumhuriyet-meclisi-baskani-tore-karadenizliler-gecesine-katildi\\\/#respond\"]}]},{\"@type\":\"WebPage\",\"@id\":\"https:\\\/\\\/kuzeyinsesi.org\\\/index.php\\\/2024\\\/08\\\/23\\\/cumhuriyet-meclisi-baskani-tore-karadenizliler-gecesine-katildi\\\/\",\"url\":\"https:\\\/\\\/kuzeyinsesi.org\\\/index.php\\\/2024\\\/08\\\/23\\\/cumhuriyet-meclisi-baskani-tore-karadenizliler-gecesine-katildi\\\/\",\"name\":\"Cumhuriyet Meclisi Ba\u015fkan\u0131 T\u00f6re, \u201cKaradenizliler Gecesi\u201dne kat\u0131ld\u0131 - Kuzeyin Sesi\",\"isPartOf\":{\"@id\":\"https:\\\/\\\/kuzeyinsesi.org\\\/#website\"},\"primaryImageOfPage\":{\"@id\":\"https:\\\/\\\/kuzeyinsesi.org\\\/index.php\\\/2024\\\/08\\\/23\\\/cumhuriyet-meclisi-baskani-tore-karadenizliler-gecesine-katildi\\\/#primaryimage\"},\"image\":{\"@id\":\"https:\\\/\\\/kuzeyinsesi.org\\\/index.php\\\/2024\\\/08\\\/23\\\/cumhuriyet-meclisi-baskani-tore-karadenizliler-gecesine-katildi\\\/#primaryimage\"},\"thumbnailUrl\":\"https:\\\/\\\/kuzeyinsesi.org\\\/wp-content\\\/uploads\\\/2024\\\/08\\\/IMG-20240823-WA0001.jpg\",\"datePublished\":\"2024-08-23T06:39:55+00:00\",\"author\":{\"@id\":\"https:\\\/\\\/kuzeyinsesi.org\\\/#\\\/schema\\\/person\\\/9f859689cdf01485597712386e37f5aa\"},\"breadcrumb\":{\"@id\":\"https:\\\/\\\/kuzeyinsesi.org\\\/index.php\\\/2024\\\/08\\\/23\\\/cumhuriyet-meclisi-baskani-tore-karadenizliler-gecesine-katildi\\\/#breadcrumb\"},\"inLanguage\":\"tr\",\"potentialAction\":[{\"@type\":\"ReadAction\",\"target\":[\"https:\\\/\\\/kuzeyinsesi.org\\\/index.php\\\/2024\\\/08\\\/23\\\/cumhuriyet-meclisi-baskani-tore-karadenizliler-gecesine-katildi\\\/\"]}]},{\"@type\":\"ImageObject\",\"inLanguage\":\"tr\",\"@id\":\"https:\\\/\\\/kuzeyinsesi.org\\\/index.php\\\/2024\\\/08\\\/23\\\/cumhuriyet-meclisi-baskani-tore-karadenizliler-gecesine-katildi\\\/#primaryimage\",\"url\":\"https:\\\/\\\/kuzeyinsesi.org\\\/wp-content\\\/uploads\\\/2024\\\/08\\\/IMG-20240823-WA0001.jpg\",\"contentUrl\":\"https:\\\/\\\/kuzeyinsesi.org\\\/wp-content\\\/uploads\\\/2024\\\/08\\\/IMG-20240823-WA0001.jpg\",\"width\":2560,\"height\":1706},{\"@type\":\"BreadcrumbList\",\"@id\":\"https:\\\/\\\/kuzeyinsesi.org\\\/index.php\\\/2024\\\/08\\\/23\\\/cumhuriyet-meclisi-baskani-tore-karadenizliler-gecesine-katildi\\\/#breadcrumb\",\"itemListElement\":[{\"@type\":\"ListItem\",\"position\":1,\"name\":\"Anasayfa\",\"item\":\"https:\\\/\\\/kuzeyinsesi.org\\\/\"},{\"@type\":\"ListItem\",\"position\":2,\"name\":\"Cumhuriyet Meclisi Ba\u015fkan\u0131 T\u00f6re, \u201cKaradenizliler Gecesi\u201dne kat\u0131ld\u0131\"}]},{\"@type\":\"WebSite\",\"@id\":\"https:\\\/\\\/kuzeyinsesi.org\\\/#website\",\"url\":\"https:\\\/\\\/kuzeyinsesi.org\\\/\",\"name\":\"Kuzeyin Sesi\",\"description\":\"Do\u011fru Haberin Adresi\",\"potentialAction\":[{\"@type\":\"SearchAction\",\"target\":{\"@type\":\"EntryPoint\",\"urlTemplate\":\"https:\\\/\\\/kuzeyinsesi.org\\\/?s={search_term_string}\"},\"query-input\":{\"@type\":\"PropertyValueSpecification\",\"valueRequired\":true,\"valueName\":\"search_term_string\"}}],\"inLanguage\":\"tr\"},{\"@type\":\"Person\",\"@id\":\"https:\\\/\\\/kuzeyinsesi.org\\\/#\\\/schema\\\/person\\\/9f859689cdf01485597712386e37f5aa\",\"name\":\"Kuzeyin Sesi\",\"image\":{\"@type\":\"ImageObject\",\"inLanguage\":\"tr\",\"@id\":\"https:\\\/\\\/secure.gravatar.com\\\/avatar\\\/bab33852abfd8b282518d6ed81826833d77c3c882d9ab608add591ccace47a44?s=96&d=mm&r=g\",\"url\":\"https:\\\/\\\/secure.gravatar.com\\\/avatar\\\/bab33852abfd8b282518d6ed81826833d77c3c882d9ab608add591ccace47a44?s=96&d=mm&r=g\",\"contentUrl\":\"https:\\\/\\\/secure.gravatar.com\\\/avatar\\\/bab33852abfd8b282518d6ed81826833d77c3c882d9ab608add591ccace47a44?s=96&d=mm&r=g\",\"caption\":\"Kuzeyin Sesi\"},\"sameAs\":[\"https:\\\/\\\/kuzeyinsesi.org\"],\"url\":\"https:\\\/\\\/kuzeyinsesi.org\\\/index.php\\\/author\\\/guven\\\/\"}]}<\/script>\n<!-- \/ Yoast SEO plugin. -->","yoast_head_json":{"title":"Cumhuriyet Meclisi Ba\u015fkan\u0131 T\u00f6re, \u201cKaradenizliler Gecesi\u201dne kat\u0131ld\u0131 - Kuzeyin Sesi","robots":{"index":"index","follow":"follow","max-snippet":"max-snippet:-1","max-image-preview":"max-image-preview:large","max-video-preview":"max-video-preview:-1"},"canonical":"https:\/\/kuzeyinsesi.org\/index.php\/2024\/08\/23\/cumhuriyet-meclisi-baskani-tore-karadenizliler-gecesine-katildi\/","og_locale":"tr_TR","og_type":"article","og_title":"Cumhuriyet Meclisi Ba\u015fkan\u0131 T\u00f6re, \u201cKaradenizliler Gecesi\u201dne kat\u0131ld\u0131 - Kuzeyin Sesi","og_description":"\u00a0 Cumhuriyet Meclisi Ba\u015fkan\u0131 Zorlu T\u00f6re, bu y\u0131l 13\u2019\u00fcnc\u00fcs\u00fc ger\u00e7ekle\u015ftirilen Yenibo\u011fazi\u00e7i Pulya festivali etkinlikleri kapsam\u0131nda d\u00fczenlenen \u201cKaradenizliler Gecesi\u2019ne\u201d kat\u0131ld\u0131. \u00a0 T\u00f6re, burada yapt\u0131\u011f\u0131 konu\u015fmada Karadeniz denince ilk akla \u201c\u00c7\u0131rp\u0131n\u0131rd\u0131 Karadeniz\u201d \u015fiirinin geldi\u011fini belirterek bir d\u00f6rtl\u00fck okudu. \u00a0 Konu\u015fmas\u0131nda Azerbaycan\u2019\u0131 ve T\u00fcrk devletlerini selamlayan T\u00f6re, Karaba\u011f\u2019da Azerbaycan bayra\u011f\u0131n\u0131n dalgaland\u0131\u011f\u0131n\u0131 onun da T\u00fcrk bayra\u011f\u0131 oldu\u011funu s\u00f6yledi. \u00a0 [&hellip;]","og_url":"https:\/\/kuzeyinsesi.org\/index.php\/2024\/08\/23\/cumhuriyet-meclisi-baskani-tore-karadenizliler-gecesine-katildi\/","og_site_name":"Kuzeyin Sesi","article_publisher":"https:\/\/www.facebook.com\/kuzeyinsesii","article_published_time":"2024-08-23T06:39:55+00:00","og_image":[{"url":"https:\/\/brtk.net\/wp-content\/uploads\/2024\/08\/23\/IMG-20240823-WA0001.jpg?ver=883eccaf7c1c2aef18778ab1c61652a8","type":"","width":"","height":""}],"author":"Kuzeyin Sesi","twitter_card":"summary_large_image","twitter_creator":"@kuzeyinsesii","twitter_site":"@kuzeyinsesii","twitter_misc":{"Yazan:":"Kuzeyin Sesi","Tahmini okuma s\u00fcresi":"1 dakika"},"schema":{"@context":"https:\/\/schema.org","@graph":[{"@type":"Article","@id":"https:\/\/kuzeyinsesi.org\/index.php\/2024\/08\/23\/cumhuriyet-meclisi-baskani-tore-karadenizliler-gecesine-katildi\/#article","isPartOf":{"@id":"https:\/\/kuzeyinsesi.org\/index.php\/2024\/08\/23\/cumhuriyet-meclisi-baskani-tore-karadenizliler-gecesine-katildi\/"},"author":{"name":"Kuzeyin Sesi","@id":"https:\/\/kuzeyinsesi.org\/#\/schema\/person\/9f859689cdf01485597712386e37f5aa"},"headline":"Cumhuriyet Meclisi Ba\u015fkan\u0131 T\u00f6re, \u201cKaradenizliler Gecesi\u201dne kat\u0131ld\u0131","datePublished":"2024-08-23T06:39:55+00:00","mainEntityOfPage":{"@id":"https:\/\/kuzeyinsesi.org\/index.php\/2024\/08\/23\/cumhuriyet-meclisi-baskani-tore-karadenizliler-gecesine-katildi\/"},"wordCount":201,"commentCount":0,"image":{"@id":"https:\/\/kuzeyinsesi.org\/index.php\/2024\/08\/23\/cumhuriyet-meclisi-baskani-tore-karadenizliler-gecesine-katildi\/#primaryimage"},"thumbnailUrl":"https:\/\/kuzeyinsesi.org\/wp-content\/uploads\/2024\/08\/IMG-20240823-WA0001.jpg","articleSection":["Ya\u015fam"],"inLanguage":"tr","potentialAction":[{"@type":"CommentAction","name":"Comment","target":["https:\/\/kuzeyinsesi.org\/index.php\/2024\/08\/23\/cumhuriyet-meclisi-baskani-tore-karadenizliler-gecesine-katildi\/#respond"]}]},{"@type":"WebPage","@id":"https:\/\/kuzeyinsesi.org\/index.php\/2024\/08\/23\/cumhuriyet-meclisi-baskani-tore-karadenizliler-gecesine-katildi\/","url":"https:\/\/kuzeyinsesi.org\/index.php\/2024\/08\/23\/cumhuriyet-meclisi-baskani-tore-karadenizliler-gecesine-katildi\/","name":"Cumhuriyet Meclisi Ba\u015fkan\u0131 T\u00f6re, \u201cKaradenizliler Gecesi\u201dne kat\u0131ld\u0131 - Kuzeyin Sesi","isPartOf":{"@id":"https:\/\/kuzeyinsesi.org\/#website"},"primaryImageOfPage":{"@id":"https:\/\/kuzeyinsesi.org\/index.php\/2024\/08\/23\/cumhuriyet-meclisi-baskani-tore-karadenizliler-gecesine-katildi\/#primaryimage"},"image":{"@id":"https:\/\/kuzeyinsesi.org\/index.php\/2024\/08\/23\/cumhuriyet-meclisi-baskani-tore-karadenizliler-gecesine-katildi\/#primaryimage"},"thumbnailUrl":"https:\/\/kuzeyinsesi.org\/wp-content\/uploads\/2024\/08\/IMG-20240823-WA0001.jpg","datePublished":"2024-08-23T06:39:55+00:00","author":{"@id":"https:\/\/kuzeyinsesi.org\/#\/schema\/person\/9f859689cdf01485597712386e37f5aa"},"breadcrumb":{"@id":"https:\/\/kuzeyinsesi.org\/index.php\/2024\/08\/23\/cumhuriyet-meclisi-baskani-tore-karadenizliler-gecesine-katildi\/#breadcrumb"},"inLanguage":"tr","potentialAction":[{"@type":"ReadAction","target":["https:\/\/kuzeyinsesi.org\/index.php\/2024\/08\/23\/cumhuriyet-meclisi-baskani-tore-karadenizliler-gecesine-katildi\/"]}]},{"@type":"ImageObject","inLanguage":"tr","@id":"https:\/\/kuzeyinsesi.org\/index.php\/2024\/08\/23\/cumhuriyet-meclisi-baskani-tore-karadenizliler-gecesine-katildi\/#primaryimage","url":"https:\/\/kuzeyinsesi.org\/wp-content\/uploads\/2024\/08\/IMG-20240823-WA0001.jpg","contentUrl":"https:\/\/kuzeyinsesi.org\/wp-content\/uploads\/2024\/08\/IMG-20240823-WA0001.jpg","width":2560,"height":1706},{"@type":"BreadcrumbList","@id":"https:\/\/kuzeyinsesi.org\/index.php\/2024\/08\/23\/cumhuriyet-meclisi-baskani-tore-karadenizliler-gecesine-katildi\/#breadcrumb","itemListElement":[{"@type":"ListItem","position":1,"name":"Anasayfa","item":"https:\/\/kuzeyinsesi.org\/"},{"@type":"ListItem","position":2,"name":"Cumhuriyet Meclisi Ba\u015fkan\u0131 T\u00f6re, \u201cKaradenizliler Gecesi\u201dne kat\u0131ld\u0131"}]},{"@type":"WebSite","@id":"https:\/\/kuzeyinsesi.org\/#website","url":"https:\/\/kuzeyinsesi.org\/","name":"Kuzeyin Sesi","description":"Do\u011fru Haberin Adresi","potentialAction":[{"@type":"SearchAction","target":{"@type":"EntryPoint","urlTemplate":"https:\/\/kuzeyinsesi.org\/?s={search_term_string}"},"query-input":{"@type":"PropertyValueSpecification","valueRequired":true,"valueName":"search_term_string"}}],"inLanguage":"tr"},{"@type":"Person","@id":"https:\/\/kuzeyinsesi.org\/#\/schema\/person\/9f859689cdf01485597712386e37f5aa","name":"Kuzeyin Sesi","image":{"@type":"ImageObject","inLanguage":"tr","@id":"https:\/\/secure.gravatar.com\/avatar\/bab33852abfd8b282518d6ed81826833d77c3c882d9ab608add591ccace47a44?s=96&d=mm&r=g","url":"https:\/\/secure.gravatar.com\/avatar\/bab33852abfd8b282518d6ed81826833d77c3c882d9ab608add591ccace47a44?s=96&d=mm&r=g","contentUrl":"https:\/\/secure.gravatar.com\/avatar\/bab33852abfd8b282518d6ed81826833d77c3c882d9ab608add591ccace47a44?s=96&d=mm&r=g","caption":"Kuzeyin Sesi"},"sameAs":["https:\/\/kuzeyinsesi.org"],"url":"https:\/\/kuzeyinsesi.org\/index.php\/author\/guven\/"}]}},"_links":{"self":[{"href":"https:\/\/kuzeyinsesi.org\/index.php\/wp-json\/wp\/v2\/posts\/8438","targetHints":{"allow":["GET"]}}],"collection":[{"href":"https:\/\/kuzeyinsesi.org\/index.php\/wp-json\/wp\/v2\/posts"}],"about":[{"href":"https:\/\/kuzeyinsesi.org\/index.php\/wp-json\/wp\/v2\/types\/post"}],"author":[{"embeddable":true,"href":"https:\/\/kuzeyinsesi.org\/index.php\/wp-json\/wp\/v2\/users\/1"}],"replies":[{"embeddable":true,"href":"https:\/\/kuzeyinsesi.org\/index.php\/wp-json\/wp\/v2\/comments?post=8438"}],"version-history":[{"count":0,"href":"https:\/\/kuzeyinsesi.org\/index.php\/wp-json\/wp\/v2\/posts\/8438\/revisions"}],"wp:featuredmedia":[{"embeddable":true,"href":"https:\/\/kuzeyinsesi.org\/index.php\/wp-json\/wp\/v2\/media\/8439"}],"wp:attachment":[{"href":"https:\/\/kuzeyinsesi.org\/index.php\/wp-json\/wp\/v2\/media?parent=8438"}],"wp:term":[{"taxonomy":"category","embeddable":true,"href":"https:\/\/kuzeyinsesi.org\/index.php\/wp-json\/wp\/v2\/categories?post=8438"},{"taxonomy":"post_tag","embeddable":true,"href":"https:\/\/kuzeyinsesi.org\/index.php\/wp-json\/wp\/v2\/tags?post=8438"}],"curies":[{"name":"wp","href":"https:\/\/api.w.org\/{rel}","templated":true}]}}