{"id":8386,"date":"2024-08-22T12:21:51","date_gmt":"2024-08-22T09:21:51","guid":{"rendered":"https:\/\/kuzeyinsesi.org\/index.php\/2024\/08\/22\/lbo-cocuk-ve-cok-sesli-genclik-korosu-yeni-sezon-kayitlari-basladi\/"},"modified":"2024-08-22T12:21:51","modified_gmt":"2024-08-22T09:21:51","slug":"lbo-cocuk-ve-cok-sesli-genclik-korosu-yeni-sezon-kayitlari-basladi","status":"publish","type":"post","link":"https:\/\/kuzeyinsesi.org\/index.php\/2024\/08\/22\/lbo-cocuk-ve-cok-sesli-genclik-korosu-yeni-sezon-kayitlari-basladi\/","title":{"rendered":"LBO \u00c7ocuk ve \u00c7ok Sesli Gen\u00e7lik Korosu yeni sezon kay\u0131tlar\u0131 ba\u015flad\u0131"},"content":{"rendered":"<div>\n<div class=\"mariselle-image-container center\">\n                                            <\/div>\n<p>Lefko\u015fa T\u00fcrk Belediyesi b\u00fcnyesinde 10 y\u0131ld\u0131r \u00e7ocuklar\u0131 ve gen\u00e7leri m\u00fczikle bulu\u015fturmak amac\u0131yla \u00e7al\u0131\u015fmalar\u0131n\u0131 s\u00fcrd\u00fcren Lefko\u015fa Belediye Orkestras\u0131 (LBO) \u00c7ocuk ve \u00c7ok Sesli Gen\u00e7lik Korosu, yeni d\u00f6nem kay\u0131tlar\u0131na ba\u015flad\u0131.<\/p>\n<p>LTB\u2019den yap\u0131lan duyuruya g\u00f6re, K\u0131br\u0131s\u2019a dair besteler yan\u0131nda, d\u00fcnyadan da \u00e7e\u015fitli besteleri gelecek nesillere \u00f6\u011freterek, yayg\u0131nla\u015ft\u0131rmay\u0131 bununla birlikte \u00e7ocuk ve gen\u00e7lere m\u00fczik sevgisini a\u015f\u0131lamay\u0131 hedefleyen koronun yeni sezon kay\u0131tlar\u0131 ba\u015flad\u0131. \u00c7ocuklar\u0131n yarat\u0131c\u0131l\u0131\u011f\u0131n\u0131, konsantrasyonunu, \u00f6zg\u00fcvenini ve ileti\u015fim becerilerini geli\u015ftirmeyi ama\u00e7layan koroya bu sezon da 4-16 ya\u015f aras\u0131ndaki \u00e7ocuk ve gen\u00e7ler kay\u0131t yapt\u0131rabilece\u011fi belirtildi.<\/p>\n<p>E\u011fitmenli\u011fini ve \u015fefli\u011fini Hare Yakula ve Emine Koreli Sakarya\u2019n\u0131n \u00fcstlendi\u011fi ve \u00fclkenin en k\u00f6kl\u00fc \u00e7ocuk ve \u00e7ok sesli gen\u00e7lik korosu oldu\u011fu ifade edilen koronun \u00e7al\u0131\u015fmalar\u0131n\u0131n her cumartesi Merkez Lefko\u015fa\u2019da yer alaca\u011f\u0131 kaydedildi.<\/p>\n<p>Ayl\u0131k kurs \u00fccretinin 400 TL oldu\u011fu Koro\u2019ya kay\u0131t ve bilgi i\u00e7in 0533 840 29 66 ile 0542 868 2566 numaral\u0131 telefonlar\u0131n aranabilece\u011fi ve www.lefkosabelediyeorkestrasi.net adresinden \u00f6n kay\u0131t yapt\u0131r\u0131labilece\u011fi de belirtildi.<\/p>\n<\/p><\/div>\n<p><script async\n                    defer\n                    crossorigin=\"anonymous\"\n                    src=\"https:\/\/connect.facebook.net\/tr_TR\/sdk.js#xfbml=1&#038;version=v3.3\"\n            ><\/script><\/p>\n","protected":false},"excerpt":{"rendered":"<p>Lefko\u015fa T\u00fcrk Belediyesi b\u00fcnyesinde 10 y\u0131ld\u0131r \u00e7ocuklar\u0131 ve gen\u00e7leri m\u00fczikle bulu\u015fturmak amac\u0131yla \u00e7al\u0131\u015fmalar\u0131n\u0131 s\u00fcrd\u00fcren Lefko\u015fa Belediye Orkestras\u0131 (LBO) \u00c7ocuk ve \u00c7ok Sesli Gen\u00e7lik Korosu, yeni d\u00f6nem kay\u0131tlar\u0131na ba\u015flad\u0131. LTB\u2019den yap\u0131lan duyuruya g\u00f6re, K\u0131br\u0131s\u2019a dair besteler yan\u0131nda, d\u00fcnyadan da \u00e7e\u015fitli besteleri gelecek nesillere \u00f6\u011freterek, yayg\u0131nla\u015ft\u0131rmay\u0131 bununla birlikte \u00e7ocuk ve gen\u00e7lere m\u00fczik sevgisini a\u015f\u0131lamay\u0131 hedefleyen koronun yeni [&hellip;]<\/p>\n","protected":false},"author":1,"featured_media":8387,"comment_status":"open","ping_status":"open","sticky":false,"template":"","format":"standard","meta":{"jnews-multi-image_gallery":[],"jnews_single_post":[],"jnews_primary_category":[],"jnews_social_meta":[],"jnews_override_counter":[],"footnotes":""},"categories":[6],"tags":[],"class_list":["post-8386","post","type-post","status-publish","format-standard","has-post-thumbnail","hentry","category-yasam"],"yoast_head":"<!-- This site is optimized with the Yoast SEO plugin v27.5 - https:\/\/yoast.com\/product\/yoast-seo-wordpress\/ -->\n<title>LBO \u00c7ocuk ve \u00c7ok Sesli Gen\u00e7lik Korosu yeni sezon kay\u0131tlar\u0131 ba\u015flad\u0131 - Kuzeyin Sesi<\/title>\n<meta name=\"robots\" content=\"index, follow, max-snippet:-1, max-image-preview:large, max-video-preview:-1\" \/>\n<link rel=\"canonical\" href=\"https:\/\/kuzeyinsesi.org\/index.php\/2024\/08\/22\/lbo-cocuk-ve-cok-sesli-genclik-korosu-yeni-sezon-kayitlari-basladi\/\" \/>\n<meta property=\"og:locale\" content=\"tr_TR\" \/>\n<meta property=\"og:type\" content=\"article\" \/>\n<meta property=\"og:title\" content=\"LBO \u00c7ocuk ve \u00c7ok Sesli Gen\u00e7lik Korosu yeni sezon kay\u0131tlar\u0131 ba\u015flad\u0131 - Kuzeyin Sesi\" \/>\n<meta property=\"og:description\" content=\"Lefko\u015fa T\u00fcrk Belediyesi b\u00fcnyesinde 10 y\u0131ld\u0131r \u00e7ocuklar\u0131 ve gen\u00e7leri m\u00fczikle bulu\u015fturmak amac\u0131yla \u00e7al\u0131\u015fmalar\u0131n\u0131 s\u00fcrd\u00fcren Lefko\u015fa Belediye Orkestras\u0131 (LBO) \u00c7ocuk ve \u00c7ok Sesli Gen\u00e7lik Korosu, yeni d\u00f6nem kay\u0131tlar\u0131na ba\u015flad\u0131. LTB\u2019den yap\u0131lan duyuruya g\u00f6re, K\u0131br\u0131s\u2019a dair besteler yan\u0131nda, d\u00fcnyadan da \u00e7e\u015fitli besteleri gelecek nesillere \u00f6\u011freterek, yayg\u0131nla\u015ft\u0131rmay\u0131 bununla birlikte \u00e7ocuk ve gen\u00e7lere m\u00fczik sevgisini a\u015f\u0131lamay\u0131 hedefleyen koronun yeni [&hellip;]\" \/>\n<meta property=\"og:url\" content=\"https:\/\/kuzeyinsesi.org\/index.php\/2024\/08\/22\/lbo-cocuk-ve-cok-sesli-genclik-korosu-yeni-sezon-kayitlari-basladi\/\" \/>\n<meta property=\"og:site_name\" content=\"Kuzeyin Sesi\" \/>\n<meta property=\"article:publisher\" content=\"https:\/\/www.facebook.com\/kuzeyinsesii\" \/>\n<meta property=\"article:published_time\" content=\"2024-08-22T09:21:51+00:00\" \/>\n<meta property=\"og:image\" content=\"https:\/\/brtk.net\/wp-content\/uploads\/2024\/08\/22\/salskdsak.webp?ver=719bfaf236ecd17a7cc6e801a10ceca2\" \/>\n<meta name=\"author\" content=\"Kuzeyin Sesi\" \/>\n<meta name=\"twitter:card\" content=\"summary_large_image\" \/>\n<meta name=\"twitter:creator\" content=\"@kuzeyinsesii\" \/>\n<meta name=\"twitter:site\" content=\"@kuzeyinsesii\" \/>\n<meta name=\"twitter:label1\" content=\"Yazan:\" \/>\n\t<meta name=\"twitter:data1\" content=\"Kuzeyin Sesi\" \/>\n\t<meta name=\"twitter:label2\" content=\"Tahmini okuma s\u00fcresi\" \/>\n\t<meta name=\"twitter:data2\" content=\"1 dakika\" \/>\n<script type=\"application\/ld+json\" class=\"yoast-schema-graph\">{\"@context\":\"https:\\\/\\\/schema.org\",\"@graph\":[{\"@type\":\"Article\",\"@id\":\"https:\\\/\\\/kuzeyinsesi.org\\\/index.php\\\/2024\\\/08\\\/22\\\/lbo-cocuk-ve-cok-sesli-genclik-korosu-yeni-sezon-kayitlari-basladi\\\/#article\",\"isPartOf\":{\"@id\":\"https:\\\/\\\/kuzeyinsesi.org\\\/index.php\\\/2024\\\/08\\\/22\\\/lbo-cocuk-ve-cok-sesli-genclik-korosu-yeni-sezon-kayitlari-basladi\\\/\"},\"author\":{\"name\":\"Kuzeyin Sesi\",\"@id\":\"https:\\\/\\\/kuzeyinsesi.org\\\/#\\\/schema\\\/person\\\/9f859689cdf01485597712386e37f5aa\"},\"headline\":\"LBO \u00c7ocuk ve \u00c7ok Sesli Gen\u00e7lik Korosu yeni sezon kay\u0131tlar\u0131 ba\u015flad\u0131\",\"datePublished\":\"2024-08-22T09:21:51+00:00\",\"mainEntityOfPage\":{\"@id\":\"https:\\\/\\\/kuzeyinsesi.org\\\/index.php\\\/2024\\\/08\\\/22\\\/lbo-cocuk-ve-cok-sesli-genclik-korosu-yeni-sezon-kayitlari-basladi\\\/\"},\"wordCount\":223,\"commentCount\":0,\"image\":{\"@id\":\"https:\\\/\\\/kuzeyinsesi.org\\\/index.php\\\/2024\\\/08\\\/22\\\/lbo-cocuk-ve-cok-sesli-genclik-korosu-yeni-sezon-kayitlari-basladi\\\/#primaryimage\"},\"thumbnailUrl\":\"https:\\\/\\\/kuzeyinsesi.org\\\/wp-content\\\/uploads\\\/2024\\\/08\\\/salskdsak.webp.webp\",\"articleSection\":[\"Ya\u015fam\"],\"inLanguage\":\"tr\",\"potentialAction\":[{\"@type\":\"CommentAction\",\"name\":\"Comment\",\"target\":[\"https:\\\/\\\/kuzeyinsesi.org\\\/index.php\\\/2024\\\/08\\\/22\\\/lbo-cocuk-ve-cok-sesli-genclik-korosu-yeni-sezon-kayitlari-basladi\\\/#respond\"]}]},{\"@type\":\"WebPage\",\"@id\":\"https:\\\/\\\/kuzeyinsesi.org\\\/index.php\\\/2024\\\/08\\\/22\\\/lbo-cocuk-ve-cok-sesli-genclik-korosu-yeni-sezon-kayitlari-basladi\\\/\",\"url\":\"https:\\\/\\\/kuzeyinsesi.org\\\/index.php\\\/2024\\\/08\\\/22\\\/lbo-cocuk-ve-cok-sesli-genclik-korosu-yeni-sezon-kayitlari-basladi\\\/\",\"name\":\"LBO \u00c7ocuk ve \u00c7ok Sesli Gen\u00e7lik Korosu yeni sezon kay\u0131tlar\u0131 ba\u015flad\u0131 - Kuzeyin Sesi\",\"isPartOf\":{\"@id\":\"https:\\\/\\\/kuzeyinsesi.org\\\/#website\"},\"primaryImageOfPage\":{\"@id\":\"https:\\\/\\\/kuzeyinsesi.org\\\/index.php\\\/2024\\\/08\\\/22\\\/lbo-cocuk-ve-cok-sesli-genclik-korosu-yeni-sezon-kayitlari-basladi\\\/#primaryimage\"},\"image\":{\"@id\":\"https:\\\/\\\/kuzeyinsesi.org\\\/index.php\\\/2024\\\/08\\\/22\\\/lbo-cocuk-ve-cok-sesli-genclik-korosu-yeni-sezon-kayitlari-basladi\\\/#primaryimage\"},\"thumbnailUrl\":\"https:\\\/\\\/kuzeyinsesi.org\\\/wp-content\\\/uploads\\\/2024\\\/08\\\/salskdsak.webp.webp\",\"datePublished\":\"2024-08-22T09:21:51+00:00\",\"author\":{\"@id\":\"https:\\\/\\\/kuzeyinsesi.org\\\/#\\\/schema\\\/person\\\/9f859689cdf01485597712386e37f5aa\"},\"breadcrumb\":{\"@id\":\"https:\\\/\\\/kuzeyinsesi.org\\\/index.php\\\/2024\\\/08\\\/22\\\/lbo-cocuk-ve-cok-sesli-genclik-korosu-yeni-sezon-kayitlari-basladi\\\/#breadcrumb\"},\"inLanguage\":\"tr\",\"potentialAction\":[{\"@type\":\"ReadAction\",\"target\":[\"https:\\\/\\\/kuzeyinsesi.org\\\/index.php\\\/2024\\\/08\\\/22\\\/lbo-cocuk-ve-cok-sesli-genclik-korosu-yeni-sezon-kayitlari-basladi\\\/\"]}]},{\"@type\":\"ImageObject\",\"inLanguage\":\"tr\",\"@id\":\"https:\\\/\\\/kuzeyinsesi.org\\\/index.php\\\/2024\\\/08\\\/22\\\/lbo-cocuk-ve-cok-sesli-genclik-korosu-yeni-sezon-kayitlari-basladi\\\/#primaryimage\",\"url\":\"https:\\\/\\\/kuzeyinsesi.org\\\/wp-content\\\/uploads\\\/2024\\\/08\\\/salskdsak.webp.webp\",\"contentUrl\":\"https:\\\/\\\/kuzeyinsesi.org\\\/wp-content\\\/uploads\\\/2024\\\/08\\\/salskdsak.webp.webp\",\"width\":971,\"height\":551},{\"@type\":\"BreadcrumbList\",\"@id\":\"https:\\\/\\\/kuzeyinsesi.org\\\/index.php\\\/2024\\\/08\\\/22\\\/lbo-cocuk-ve-cok-sesli-genclik-korosu-yeni-sezon-kayitlari-basladi\\\/#breadcrumb\",\"itemListElement\":[{\"@type\":\"ListItem\",\"position\":1,\"name\":\"Anasayfa\",\"item\":\"https:\\\/\\\/kuzeyinsesi.org\\\/\"},{\"@type\":\"ListItem\",\"position\":2,\"name\":\"LBO \u00c7ocuk ve \u00c7ok Sesli Gen\u00e7lik Korosu yeni sezon kay\u0131tlar\u0131 ba\u015flad\u0131\"}]},{\"@type\":\"WebSite\",\"@id\":\"https:\\\/\\\/kuzeyinsesi.org\\\/#website\",\"url\":\"https:\\\/\\\/kuzeyinsesi.org\\\/\",\"name\":\"Kuzeyin Sesi\",\"description\":\"Do\u011fru Haberin Adresi\",\"potentialAction\":[{\"@type\":\"SearchAction\",\"target\":{\"@type\":\"EntryPoint\",\"urlTemplate\":\"https:\\\/\\\/kuzeyinsesi.org\\\/?s={search_term_string}\"},\"query-input\":{\"@type\":\"PropertyValueSpecification\",\"valueRequired\":true,\"valueName\":\"search_term_string\"}}],\"inLanguage\":\"tr\"},{\"@type\":\"Person\",\"@id\":\"https:\\\/\\\/kuzeyinsesi.org\\\/#\\\/schema\\\/person\\\/9f859689cdf01485597712386e37f5aa\",\"name\":\"Kuzeyin Sesi\",\"image\":{\"@type\":\"ImageObject\",\"inLanguage\":\"tr\",\"@id\":\"https:\\\/\\\/secure.gravatar.com\\\/avatar\\\/bab33852abfd8b282518d6ed81826833d77c3c882d9ab608add591ccace47a44?s=96&d=mm&r=g\",\"url\":\"https:\\\/\\\/secure.gravatar.com\\\/avatar\\\/bab33852abfd8b282518d6ed81826833d77c3c882d9ab608add591ccace47a44?s=96&d=mm&r=g\",\"contentUrl\":\"https:\\\/\\\/secure.gravatar.com\\\/avatar\\\/bab33852abfd8b282518d6ed81826833d77c3c882d9ab608add591ccace47a44?s=96&d=mm&r=g\",\"caption\":\"Kuzeyin Sesi\"},\"sameAs\":[\"https:\\\/\\\/kuzeyinsesi.org\"],\"url\":\"https:\\\/\\\/kuzeyinsesi.org\\\/index.php\\\/author\\\/guven\\\/\"}]}<\/script>\n<!-- \/ Yoast SEO plugin. -->","yoast_head_json":{"title":"LBO \u00c7ocuk ve \u00c7ok Sesli Gen\u00e7lik Korosu yeni sezon kay\u0131tlar\u0131 ba\u015flad\u0131 - Kuzeyin Sesi","robots":{"index":"index","follow":"follow","max-snippet":"max-snippet:-1","max-image-preview":"max-image-preview:large","max-video-preview":"max-video-preview:-1"},"canonical":"https:\/\/kuzeyinsesi.org\/index.php\/2024\/08\/22\/lbo-cocuk-ve-cok-sesli-genclik-korosu-yeni-sezon-kayitlari-basladi\/","og_locale":"tr_TR","og_type":"article","og_title":"LBO \u00c7ocuk ve \u00c7ok Sesli Gen\u00e7lik Korosu yeni sezon kay\u0131tlar\u0131 ba\u015flad\u0131 - Kuzeyin Sesi","og_description":"Lefko\u015fa T\u00fcrk Belediyesi b\u00fcnyesinde 10 y\u0131ld\u0131r \u00e7ocuklar\u0131 ve gen\u00e7leri m\u00fczikle bulu\u015fturmak amac\u0131yla \u00e7al\u0131\u015fmalar\u0131n\u0131 s\u00fcrd\u00fcren Lefko\u015fa Belediye Orkestras\u0131 (LBO) \u00c7ocuk ve \u00c7ok Sesli Gen\u00e7lik Korosu, yeni d\u00f6nem kay\u0131tlar\u0131na ba\u015flad\u0131. LTB\u2019den yap\u0131lan duyuruya g\u00f6re, K\u0131br\u0131s\u2019a dair besteler yan\u0131nda, d\u00fcnyadan da \u00e7e\u015fitli besteleri gelecek nesillere \u00f6\u011freterek, yayg\u0131nla\u015ft\u0131rmay\u0131 bununla birlikte \u00e7ocuk ve gen\u00e7lere m\u00fczik sevgisini a\u015f\u0131lamay\u0131 hedefleyen koronun yeni [&hellip;]","og_url":"https:\/\/kuzeyinsesi.org\/index.php\/2024\/08\/22\/lbo-cocuk-ve-cok-sesli-genclik-korosu-yeni-sezon-kayitlari-basladi\/","og_site_name":"Kuzeyin Sesi","article_publisher":"https:\/\/www.facebook.com\/kuzeyinsesii","article_published_time":"2024-08-22T09:21:51+00:00","og_image":[{"url":"https:\/\/brtk.net\/wp-content\/uploads\/2024\/08\/22\/salskdsak.webp?ver=719bfaf236ecd17a7cc6e801a10ceca2","type":"","width":"","height":""}],"author":"Kuzeyin Sesi","twitter_card":"summary_large_image","twitter_creator":"@kuzeyinsesii","twitter_site":"@kuzeyinsesii","twitter_misc":{"Yazan:":"Kuzeyin Sesi","Tahmini okuma s\u00fcresi":"1 dakika"},"schema":{"@context":"https:\/\/schema.org","@graph":[{"@type":"Article","@id":"https:\/\/kuzeyinsesi.org\/index.php\/2024\/08\/22\/lbo-cocuk-ve-cok-sesli-genclik-korosu-yeni-sezon-kayitlari-basladi\/#article","isPartOf":{"@id":"https:\/\/kuzeyinsesi.org\/index.php\/2024\/08\/22\/lbo-cocuk-ve-cok-sesli-genclik-korosu-yeni-sezon-kayitlari-basladi\/"},"author":{"name":"Kuzeyin Sesi","@id":"https:\/\/kuzeyinsesi.org\/#\/schema\/person\/9f859689cdf01485597712386e37f5aa"},"headline":"LBO \u00c7ocuk ve \u00c7ok Sesli Gen\u00e7lik Korosu yeni sezon kay\u0131tlar\u0131 ba\u015flad\u0131","datePublished":"2024-08-22T09:21:51+00:00","mainEntityOfPage":{"@id":"https:\/\/kuzeyinsesi.org\/index.php\/2024\/08\/22\/lbo-cocuk-ve-cok-sesli-genclik-korosu-yeni-sezon-kayitlari-basladi\/"},"wordCount":223,"commentCount":0,"image":{"@id":"https:\/\/kuzeyinsesi.org\/index.php\/2024\/08\/22\/lbo-cocuk-ve-cok-sesli-genclik-korosu-yeni-sezon-kayitlari-basladi\/#primaryimage"},"thumbnailUrl":"https:\/\/kuzeyinsesi.org\/wp-content\/uploads\/2024\/08\/salskdsak.webp.webp","articleSection":["Ya\u015fam"],"inLanguage":"tr","potentialAction":[{"@type":"CommentAction","name":"Comment","target":["https:\/\/kuzeyinsesi.org\/index.php\/2024\/08\/22\/lbo-cocuk-ve-cok-sesli-genclik-korosu-yeni-sezon-kayitlari-basladi\/#respond"]}]},{"@type":"WebPage","@id":"https:\/\/kuzeyinsesi.org\/index.php\/2024\/08\/22\/lbo-cocuk-ve-cok-sesli-genclik-korosu-yeni-sezon-kayitlari-basladi\/","url":"https:\/\/kuzeyinsesi.org\/index.php\/2024\/08\/22\/lbo-cocuk-ve-cok-sesli-genclik-korosu-yeni-sezon-kayitlari-basladi\/","name":"LBO \u00c7ocuk ve \u00c7ok Sesli Gen\u00e7lik Korosu yeni sezon kay\u0131tlar\u0131 ba\u015flad\u0131 - Kuzeyin Sesi","isPartOf":{"@id":"https:\/\/kuzeyinsesi.org\/#website"},"primaryImageOfPage":{"@id":"https:\/\/kuzeyinsesi.org\/index.php\/2024\/08\/22\/lbo-cocuk-ve-cok-sesli-genclik-korosu-yeni-sezon-kayitlari-basladi\/#primaryimage"},"image":{"@id":"https:\/\/kuzeyinsesi.org\/index.php\/2024\/08\/22\/lbo-cocuk-ve-cok-sesli-genclik-korosu-yeni-sezon-kayitlari-basladi\/#primaryimage"},"thumbnailUrl":"https:\/\/kuzeyinsesi.org\/wp-content\/uploads\/2024\/08\/salskdsak.webp.webp","datePublished":"2024-08-22T09:21:51+00:00","author":{"@id":"https:\/\/kuzeyinsesi.org\/#\/schema\/person\/9f859689cdf01485597712386e37f5aa"},"breadcrumb":{"@id":"https:\/\/kuzeyinsesi.org\/index.php\/2024\/08\/22\/lbo-cocuk-ve-cok-sesli-genclik-korosu-yeni-sezon-kayitlari-basladi\/#breadcrumb"},"inLanguage":"tr","potentialAction":[{"@type":"ReadAction","target":["https:\/\/kuzeyinsesi.org\/index.php\/2024\/08\/22\/lbo-cocuk-ve-cok-sesli-genclik-korosu-yeni-sezon-kayitlari-basladi\/"]}]},{"@type":"ImageObject","inLanguage":"tr","@id":"https:\/\/kuzeyinsesi.org\/index.php\/2024\/08\/22\/lbo-cocuk-ve-cok-sesli-genclik-korosu-yeni-sezon-kayitlari-basladi\/#primaryimage","url":"https:\/\/kuzeyinsesi.org\/wp-content\/uploads\/2024\/08\/salskdsak.webp.webp","contentUrl":"https:\/\/kuzeyinsesi.org\/wp-content\/uploads\/2024\/08\/salskdsak.webp.webp","width":971,"height":551},{"@type":"BreadcrumbList","@id":"https:\/\/kuzeyinsesi.org\/index.php\/2024\/08\/22\/lbo-cocuk-ve-cok-sesli-genclik-korosu-yeni-sezon-kayitlari-basladi\/#breadcrumb","itemListElement":[{"@type":"ListItem","position":1,"name":"Anasayfa","item":"https:\/\/kuzeyinsesi.org\/"},{"@type":"ListItem","position":2,"name":"LBO \u00c7ocuk ve \u00c7ok Sesli Gen\u00e7lik Korosu yeni sezon kay\u0131tlar\u0131 ba\u015flad\u0131"}]},{"@type":"WebSite","@id":"https:\/\/kuzeyinsesi.org\/#website","url":"https:\/\/kuzeyinsesi.org\/","name":"Kuzeyin Sesi","description":"Do\u011fru Haberin Adresi","potentialAction":[{"@type":"SearchAction","target":{"@type":"EntryPoint","urlTemplate":"https:\/\/kuzeyinsesi.org\/?s={search_term_string}"},"query-input":{"@type":"PropertyValueSpecification","valueRequired":true,"valueName":"search_term_string"}}],"inLanguage":"tr"},{"@type":"Person","@id":"https:\/\/kuzeyinsesi.org\/#\/schema\/person\/9f859689cdf01485597712386e37f5aa","name":"Kuzeyin Sesi","image":{"@type":"ImageObject","inLanguage":"tr","@id":"https:\/\/secure.gravatar.com\/avatar\/bab33852abfd8b282518d6ed81826833d77c3c882d9ab608add591ccace47a44?s=96&d=mm&r=g","url":"https:\/\/secure.gravatar.com\/avatar\/bab33852abfd8b282518d6ed81826833d77c3c882d9ab608add591ccace47a44?s=96&d=mm&r=g","contentUrl":"https:\/\/secure.gravatar.com\/avatar\/bab33852abfd8b282518d6ed81826833d77c3c882d9ab608add591ccace47a44?s=96&d=mm&r=g","caption":"Kuzeyin Sesi"},"sameAs":["https:\/\/kuzeyinsesi.org"],"url":"https:\/\/kuzeyinsesi.org\/index.php\/author\/guven\/"}]}},"_links":{"self":[{"href":"https:\/\/kuzeyinsesi.org\/index.php\/wp-json\/wp\/v2\/posts\/8386","targetHints":{"allow":["GET"]}}],"collection":[{"href":"https:\/\/kuzeyinsesi.org\/index.php\/wp-json\/wp\/v2\/posts"}],"about":[{"href":"https:\/\/kuzeyinsesi.org\/index.php\/wp-json\/wp\/v2\/types\/post"}],"author":[{"embeddable":true,"href":"https:\/\/kuzeyinsesi.org\/index.php\/wp-json\/wp\/v2\/users\/1"}],"replies":[{"embeddable":true,"href":"https:\/\/kuzeyinsesi.org\/index.php\/wp-json\/wp\/v2\/comments?post=8386"}],"version-history":[{"count":0,"href":"https:\/\/kuzeyinsesi.org\/index.php\/wp-json\/wp\/v2\/posts\/8386\/revisions"}],"wp:featuredmedia":[{"embeddable":true,"href":"https:\/\/kuzeyinsesi.org\/index.php\/wp-json\/wp\/v2\/media\/8387"}],"wp:attachment":[{"href":"https:\/\/kuzeyinsesi.org\/index.php\/wp-json\/wp\/v2\/media?parent=8386"}],"wp:term":[{"taxonomy":"category","embeddable":true,"href":"https:\/\/kuzeyinsesi.org\/index.php\/wp-json\/wp\/v2\/categories?post=8386"},{"taxonomy":"post_tag","embeddable":true,"href":"https:\/\/kuzeyinsesi.org\/index.php\/wp-json\/wp\/v2\/tags?post=8386"}],"curies":[{"name":"wp","href":"https:\/\/api.w.org\/{rel}","templated":true}]}}