{"id":8378,"date":"2024-08-22T11:17:42","date_gmt":"2024-08-22T08:17:42","guid":{"rendered":"https:\/\/kuzeyinsesi.org\/index.php\/2024\/08\/22\/bladandan-batuma-kitabinin-tanitimi-yapildi\/"},"modified":"2024-08-22T11:17:42","modified_gmt":"2024-08-22T08:17:42","slug":"bladandan-batuma-kitabinin-tanitimi-yapildi","status":"publish","type":"post","link":"https:\/\/kuzeyinsesi.org\/index.php\/2024\/08\/22\/bladandan-batuma-kitabinin-tanitimi-yapildi\/","title":{"rendered":"\u201cBladan\u2019dan Batum\u2019a\u201d kitab\u0131n\u0131n tan\u0131t\u0131m\u0131 yap\u0131ld\u0131"},"content":{"rendered":"<div>\n<div class=\"mariselle-image-container center\">\n                                            <\/div>\n<p> K\u0131br\u0131s T\u00fcrk toplumuna bir\u00e7ok alanda \u00f6nemli hizmetlerde bulunan, Lefko\u015fa\u2019n\u0131n ilk K\u0131br\u0131sl\u0131 T\u00fcrk Belediye Ba\u015fkan\u0131 g\u00f6revinde de bulunan Dr. Tahsin G\u00f6zmen\u2019in ya\u015fam \u00f6yk\u00fcs\u00fcn\u00fc anlatan \u201cBladan\u2019dan Batum\u2019a\u201d isimli kitab\u0131n tan\u0131t\u0131m etkinli\u011fi d\u00fcn ak\u015fam Merkez Lefko\u015fa\u2019da yap\u0131ld\u0131.<\/p>\n<p>G\u00f6zmen\u2019in o\u011flu Dr. Soyer G\u00f6zmen taraf\u0131ndan haz\u0131rlanan kitap, 1891-1983 y\u0131llar\u0131 aras\u0131nda ya\u015fayan Doktor Tahsin G\u00f6zmen\u2019in hayat hikayesini i\u00e7eriyor. G\u00f6zmen\u2019in 1910\u2019dan itibaren kendi el yaz\u0131s\u0131yla kalem ald\u0131\u011f\u0131 notlardan derlenen kitab\u0131n edit\u00f6rl\u00fc\u011f\u00fcn\u00fc Sevil Emirzade, tasar\u0131m\u0131n\u0131 Ercan Nazik yapt\u0131.<\/p>\n<p><strong>-Kitab\u0131n i\u00e7eri\u011fi tan\u0131t\u0131ld\u0131, Dr. G\u00f6zmen\u2019in ya\u015fam \u00f6yk\u00fcs\u00fcnden kesitler aktar\u0131ld\u0131<\/strong><\/p>\n<p>Lefko\u015fa T\u00fcrk Beledyesi\u2019nden verilen bilgiye g\u00f6re, tan\u0131t\u0131m gecesine LTB Ba\u015fkan\u0131 Mehmet Harmanc\u0131\u2019n\u0131n yan\u0131 s\u0131ra eski ba\u015fbakanlardan Hakk\u0131 Atun ve Sibel Siber, eski Y\u00fcksek Mahkeme Ba\u015fkan\u0131 Taner Erginel, G\u00f6zmen\u2019in ailesi ve \u00e7ok say\u0131da ki\u015fi kat\u0131ld\u0131.<\/p>\n<p>Sevil Emirzade\u2019nin kitab\u0131n genel kapsam\u0131n\u0131 aktard\u0131\u011f\u0131 sunumuyla ba\u015flayan etkinlikte, yazar Dr. Ahmet An taraf\u0131ndan da kitab\u0131n haz\u0131rlan\u0131\u015f s\u00fcreci, kaynaklar ve okuyucular\u0131 g\u00f6t\u00fcrd\u00fc\u011f\u00fc yol aktar\u0131ld\u0131.<\/p>\n<p>Sonras\u0131nda s\u00f6z alan kitab\u0131n yazar\u0131 Dr. Soyer G\u00f6zmen, babas\u0131n\u0131n ya\u015fam hikayesini derledi\u011fi kitab\u0131n, hem roman, hem belgesel tad\u0131nda okunabilece\u011fini ifade ederek, tarih i\u00e7erisinde babas\u0131 Tahsin G\u00f6zmen\u2019in hayat kesitlerinden bir tak\u0131m \u00f6rnekleri detaylar\u0131 ile anlatt\u0131.<\/p>\n<p>Etkinlikte, G\u00f6zmen\u2019e dair duygu, d\u00fc\u015f\u00fcnce ve an\u0131lar\u0131 olan bir\u00e7ok ki\u015fi s\u00f6z alarak G\u00f6zmen\u2019in K\u0131br\u0131s T\u00fcrk toplumu ad\u0131na yapt\u0131klar\u0131n\u0131, ya\u015fad\u0131\u011f\u0131 zorluklar\u0131 payla\u015ft\u0131.<\/p>\n<p><strong>-Ba\u015fkan Harmanc\u0131: Bu kitap LTB ar\u015fivinin en g\u00fczide yerinde bulunacak<\/strong><\/p>\n<p>Gecede konu\u015fma yapan Lefko\u015fa T\u00fcrk Belediyesi Ba\u015fkan\u0131 Mehmet Harmanc\u0131, yo\u011fun kat\u0131l\u0131ml\u0131 etkinli\u011fi Dr. G\u00f6zmen\u2019in K\u0131br\u0131s T\u00fcrk toplumu ad\u0131na yapt\u0131\u011f\u0131 de\u011ferli hizmetlerin bir vefas\u0131 olarak g\u00f6rd\u00fc\u011f\u00fcn\u00fc belirtti.<\/p>\n<p>G\u00f6zmen\u2019in LTB\u2019nin ilk belediye ba\u015fkan\u0131 olmas\u0131n\u0131n kendileri ad\u0131na \u00f6nemli bir di\u011fer detay oldu\u011funu ifade eden Harmanc\u0131, o tarihlerden bug\u00fcne ortaya konulan bir\u00e7ok paradoksun kurumlar aras\u0131nda ya\u015fanmas\u0131n\u0131 kitapta ilgi ile okudu\u011funu s\u00f6yledi.<\/p>\n<p>Ba\u015fkan Harmanc\u0131, kitapta siyasal tarihe ili\u015fkin \u00e7ok \u00f6nemli noktalar\u0131n yer ald\u0131\u011f\u0131n\u0131, bir\u00e7ok d\u00f6n\u00fcm noktas\u0131na de\u011finildi\u011fini aktararak, kitab\u0131n LTB ar\u015fivinin en g\u00fczide yerinde bulunaca\u011f\u0131n\u0131 s\u00f6zlerine ekledi.<\/p>\n<\/p><\/div>\n<p><script async\n                    defer\n                    crossorigin=\"anonymous\"\n                    src=\"https:\/\/connect.facebook.net\/tr_TR\/sdk.js#xfbml=1&#038;version=v3.3\"\n            ><\/script><\/p>\n","protected":false},"excerpt":{"rendered":"<p>K\u0131br\u0131s T\u00fcrk toplumuna bir\u00e7ok alanda \u00f6nemli hizmetlerde bulunan, Lefko\u015fa\u2019n\u0131n ilk K\u0131br\u0131sl\u0131 T\u00fcrk Belediye Ba\u015fkan\u0131 g\u00f6revinde de bulunan Dr. Tahsin G\u00f6zmen\u2019in ya\u015fam \u00f6yk\u00fcs\u00fcn\u00fc anlatan \u201cBladan\u2019dan Batum\u2019a\u201d isimli kitab\u0131n tan\u0131t\u0131m etkinli\u011fi d\u00fcn ak\u015fam Merkez Lefko\u015fa\u2019da yap\u0131ld\u0131. G\u00f6zmen\u2019in o\u011flu Dr. Soyer G\u00f6zmen taraf\u0131ndan haz\u0131rlanan kitap, 1891-1983 y\u0131llar\u0131 aras\u0131nda ya\u015fayan Doktor Tahsin G\u00f6zmen\u2019in hayat hikayesini i\u00e7eriyor. G\u00f6zmen\u2019in 1910\u2019dan itibaren [&hellip;]<\/p>\n","protected":false},"author":1,"featured_media":8379,"comment_status":"open","ping_status":"open","sticky":false,"template":"","format":"standard","meta":{"jnews-multi-image_gallery":[],"jnews_single_post":[],"jnews_primary_category":[],"jnews_social_meta":[],"jnews_override_counter":[],"footnotes":""},"categories":[6],"tags":[],"class_list":["post-8378","post","type-post","status-publish","format-standard","has-post-thumbnail","hentry","category-yasam"],"yoast_head":"<!-- This site is optimized with the Yoast SEO plugin v27.5 - https:\/\/yoast.com\/product\/yoast-seo-wordpress\/ -->\n<title>\u201cBladan\u2019dan Batum\u2019a\u201d kitab\u0131n\u0131n tan\u0131t\u0131m\u0131 yap\u0131ld\u0131 - Kuzeyin Sesi<\/title>\n<meta name=\"robots\" content=\"index, follow, max-snippet:-1, max-image-preview:large, max-video-preview:-1\" \/>\n<link rel=\"canonical\" href=\"https:\/\/kuzeyinsesi.org\/index.php\/2024\/08\/22\/bladandan-batuma-kitabinin-tanitimi-yapildi\/\" \/>\n<meta property=\"og:locale\" content=\"tr_TR\" \/>\n<meta property=\"og:type\" content=\"article\" \/>\n<meta property=\"og:title\" content=\"\u201cBladan\u2019dan Batum\u2019a\u201d kitab\u0131n\u0131n tan\u0131t\u0131m\u0131 yap\u0131ld\u0131 - Kuzeyin Sesi\" \/>\n<meta property=\"og:description\" content=\"K\u0131br\u0131s T\u00fcrk toplumuna bir\u00e7ok alanda \u00f6nemli hizmetlerde bulunan, Lefko\u015fa\u2019n\u0131n ilk K\u0131br\u0131sl\u0131 T\u00fcrk Belediye Ba\u015fkan\u0131 g\u00f6revinde de bulunan Dr. Tahsin G\u00f6zmen\u2019in ya\u015fam \u00f6yk\u00fcs\u00fcn\u00fc anlatan \u201cBladan\u2019dan Batum\u2019a\u201d isimli kitab\u0131n tan\u0131t\u0131m etkinli\u011fi d\u00fcn ak\u015fam Merkez Lefko\u015fa\u2019da yap\u0131ld\u0131. G\u00f6zmen\u2019in o\u011flu Dr. Soyer G\u00f6zmen taraf\u0131ndan haz\u0131rlanan kitap, 1891-1983 y\u0131llar\u0131 aras\u0131nda ya\u015fayan Doktor Tahsin G\u00f6zmen\u2019in hayat hikayesini i\u00e7eriyor. G\u00f6zmen\u2019in 1910\u2019dan itibaren [&hellip;]\" \/>\n<meta property=\"og:url\" content=\"https:\/\/kuzeyinsesi.org\/index.php\/2024\/08\/22\/bladandan-batuma-kitabinin-tanitimi-yapildi\/\" \/>\n<meta property=\"og:site_name\" content=\"Kuzeyin Sesi\" \/>\n<meta property=\"article:publisher\" content=\"https:\/\/www.facebook.com\/kuzeyinsesii\" \/>\n<meta property=\"article:published_time\" content=\"2024-08-22T08:17:42+00:00\" \/>\n<meta property=\"og:image\" content=\"https:\/\/brtk.net\/wp-content\/uploads\/2024\/08\/22\/23656aaaa-scaled.jpg?ver=3c10aa9cfdc1aad6c4feed5893e9c4c8\" \/>\n<meta name=\"author\" content=\"Kuzeyin Sesi\" \/>\n<meta name=\"twitter:card\" content=\"summary_large_image\" \/>\n<meta name=\"twitter:creator\" content=\"@kuzeyinsesii\" \/>\n<meta name=\"twitter:site\" content=\"@kuzeyinsesii\" \/>\n<meta name=\"twitter:label1\" content=\"Yazan:\" \/>\n\t<meta name=\"twitter:data1\" content=\"Kuzeyin Sesi\" \/>\n\t<meta name=\"twitter:label2\" content=\"Tahmini okuma s\u00fcresi\" \/>\n\t<meta name=\"twitter:data2\" content=\"2 dakika\" \/>\n<script type=\"application\/ld+json\" class=\"yoast-schema-graph\">{\"@context\":\"https:\\\/\\\/schema.org\",\"@graph\":[{\"@type\":\"Article\",\"@id\":\"https:\\\/\\\/kuzeyinsesi.org\\\/index.php\\\/2024\\\/08\\\/22\\\/bladandan-batuma-kitabinin-tanitimi-yapildi\\\/#article\",\"isPartOf\":{\"@id\":\"https:\\\/\\\/kuzeyinsesi.org\\\/index.php\\\/2024\\\/08\\\/22\\\/bladandan-batuma-kitabinin-tanitimi-yapildi\\\/\"},\"author\":{\"name\":\"Kuzeyin Sesi\",\"@id\":\"https:\\\/\\\/kuzeyinsesi.org\\\/#\\\/schema\\\/person\\\/9f859689cdf01485597712386e37f5aa\"},\"headline\":\"\u201cBladan\u2019dan Batum\u2019a\u201d kitab\u0131n\u0131n tan\u0131t\u0131m\u0131 yap\u0131ld\u0131\",\"datePublished\":\"2024-08-22T08:17:42+00:00\",\"mainEntityOfPage\":{\"@id\":\"https:\\\/\\\/kuzeyinsesi.org\\\/index.php\\\/2024\\\/08\\\/22\\\/bladandan-batuma-kitabinin-tanitimi-yapildi\\\/\"},\"wordCount\":468,\"commentCount\":0,\"image\":{\"@id\":\"https:\\\/\\\/kuzeyinsesi.org\\\/index.php\\\/2024\\\/08\\\/22\\\/bladandan-batuma-kitabinin-tanitimi-yapildi\\\/#primaryimage\"},\"thumbnailUrl\":\"https:\\\/\\\/kuzeyinsesi.org\\\/wp-content\\\/uploads\\\/2024\\\/08\\\/23656aaaa-scaled.jpg\",\"articleSection\":[\"Ya\u015fam\"],\"inLanguage\":\"tr\",\"potentialAction\":[{\"@type\":\"CommentAction\",\"name\":\"Comment\",\"target\":[\"https:\\\/\\\/kuzeyinsesi.org\\\/index.php\\\/2024\\\/08\\\/22\\\/bladandan-batuma-kitabinin-tanitimi-yapildi\\\/#respond\"]}]},{\"@type\":\"WebPage\",\"@id\":\"https:\\\/\\\/kuzeyinsesi.org\\\/index.php\\\/2024\\\/08\\\/22\\\/bladandan-batuma-kitabinin-tanitimi-yapildi\\\/\",\"url\":\"https:\\\/\\\/kuzeyinsesi.org\\\/index.php\\\/2024\\\/08\\\/22\\\/bladandan-batuma-kitabinin-tanitimi-yapildi\\\/\",\"name\":\"\u201cBladan\u2019dan Batum\u2019a\u201d kitab\u0131n\u0131n tan\u0131t\u0131m\u0131 yap\u0131ld\u0131 - Kuzeyin Sesi\",\"isPartOf\":{\"@id\":\"https:\\\/\\\/kuzeyinsesi.org\\\/#website\"},\"primaryImageOfPage\":{\"@id\":\"https:\\\/\\\/kuzeyinsesi.org\\\/index.php\\\/2024\\\/08\\\/22\\\/bladandan-batuma-kitabinin-tanitimi-yapildi\\\/#primaryimage\"},\"image\":{\"@id\":\"https:\\\/\\\/kuzeyinsesi.org\\\/index.php\\\/2024\\\/08\\\/22\\\/bladandan-batuma-kitabinin-tanitimi-yapildi\\\/#primaryimage\"},\"thumbnailUrl\":\"https:\\\/\\\/kuzeyinsesi.org\\\/wp-content\\\/uploads\\\/2024\\\/08\\\/23656aaaa-scaled.jpg\",\"datePublished\":\"2024-08-22T08:17:42+00:00\",\"author\":{\"@id\":\"https:\\\/\\\/kuzeyinsesi.org\\\/#\\\/schema\\\/person\\\/9f859689cdf01485597712386e37f5aa\"},\"breadcrumb\":{\"@id\":\"https:\\\/\\\/kuzeyinsesi.org\\\/index.php\\\/2024\\\/08\\\/22\\\/bladandan-batuma-kitabinin-tanitimi-yapildi\\\/#breadcrumb\"},\"inLanguage\":\"tr\",\"potentialAction\":[{\"@type\":\"ReadAction\",\"target\":[\"https:\\\/\\\/kuzeyinsesi.org\\\/index.php\\\/2024\\\/08\\\/22\\\/bladandan-batuma-kitabinin-tanitimi-yapildi\\\/\"]}]},{\"@type\":\"ImageObject\",\"inLanguage\":\"tr\",\"@id\":\"https:\\\/\\\/kuzeyinsesi.org\\\/index.php\\\/2024\\\/08\\\/22\\\/bladandan-batuma-kitabinin-tanitimi-yapildi\\\/#primaryimage\",\"url\":\"https:\\\/\\\/kuzeyinsesi.org\\\/wp-content\\\/uploads\\\/2024\\\/08\\\/23656aaaa-scaled.jpg\",\"contentUrl\":\"https:\\\/\\\/kuzeyinsesi.org\\\/wp-content\\\/uploads\\\/2024\\\/08\\\/23656aaaa-scaled.jpg\",\"width\":2560,\"height\":1299},{\"@type\":\"BreadcrumbList\",\"@id\":\"https:\\\/\\\/kuzeyinsesi.org\\\/index.php\\\/2024\\\/08\\\/22\\\/bladandan-batuma-kitabinin-tanitimi-yapildi\\\/#breadcrumb\",\"itemListElement\":[{\"@type\":\"ListItem\",\"position\":1,\"name\":\"Anasayfa\",\"item\":\"https:\\\/\\\/kuzeyinsesi.org\\\/\"},{\"@type\":\"ListItem\",\"position\":2,\"name\":\"\u201cBladan\u2019dan Batum\u2019a\u201d kitab\u0131n\u0131n tan\u0131t\u0131m\u0131 yap\u0131ld\u0131\"}]},{\"@type\":\"WebSite\",\"@id\":\"https:\\\/\\\/kuzeyinsesi.org\\\/#website\",\"url\":\"https:\\\/\\\/kuzeyinsesi.org\\\/\",\"name\":\"Kuzeyin Sesi\",\"description\":\"Do\u011fru Haberin Adresi\",\"potentialAction\":[{\"@type\":\"SearchAction\",\"target\":{\"@type\":\"EntryPoint\",\"urlTemplate\":\"https:\\\/\\\/kuzeyinsesi.org\\\/?s={search_term_string}\"},\"query-input\":{\"@type\":\"PropertyValueSpecification\",\"valueRequired\":true,\"valueName\":\"search_term_string\"}}],\"inLanguage\":\"tr\"},{\"@type\":\"Person\",\"@id\":\"https:\\\/\\\/kuzeyinsesi.org\\\/#\\\/schema\\\/person\\\/9f859689cdf01485597712386e37f5aa\",\"name\":\"Kuzeyin Sesi\",\"image\":{\"@type\":\"ImageObject\",\"inLanguage\":\"tr\",\"@id\":\"https:\\\/\\\/secure.gravatar.com\\\/avatar\\\/bab33852abfd8b282518d6ed81826833d77c3c882d9ab608add591ccace47a44?s=96&d=mm&r=g\",\"url\":\"https:\\\/\\\/secure.gravatar.com\\\/avatar\\\/bab33852abfd8b282518d6ed81826833d77c3c882d9ab608add591ccace47a44?s=96&d=mm&r=g\",\"contentUrl\":\"https:\\\/\\\/secure.gravatar.com\\\/avatar\\\/bab33852abfd8b282518d6ed81826833d77c3c882d9ab608add591ccace47a44?s=96&d=mm&r=g\",\"caption\":\"Kuzeyin Sesi\"},\"sameAs\":[\"https:\\\/\\\/kuzeyinsesi.org\"],\"url\":\"https:\\\/\\\/kuzeyinsesi.org\\\/index.php\\\/author\\\/guven\\\/\"}]}<\/script>\n<!-- \/ Yoast SEO plugin. -->","yoast_head_json":{"title":"\u201cBladan\u2019dan Batum\u2019a\u201d kitab\u0131n\u0131n tan\u0131t\u0131m\u0131 yap\u0131ld\u0131 - Kuzeyin Sesi","robots":{"index":"index","follow":"follow","max-snippet":"max-snippet:-1","max-image-preview":"max-image-preview:large","max-video-preview":"max-video-preview:-1"},"canonical":"https:\/\/kuzeyinsesi.org\/index.php\/2024\/08\/22\/bladandan-batuma-kitabinin-tanitimi-yapildi\/","og_locale":"tr_TR","og_type":"article","og_title":"\u201cBladan\u2019dan Batum\u2019a\u201d kitab\u0131n\u0131n tan\u0131t\u0131m\u0131 yap\u0131ld\u0131 - Kuzeyin Sesi","og_description":"K\u0131br\u0131s T\u00fcrk toplumuna bir\u00e7ok alanda \u00f6nemli hizmetlerde bulunan, Lefko\u015fa\u2019n\u0131n ilk K\u0131br\u0131sl\u0131 T\u00fcrk Belediye Ba\u015fkan\u0131 g\u00f6revinde de bulunan Dr. Tahsin G\u00f6zmen\u2019in ya\u015fam \u00f6yk\u00fcs\u00fcn\u00fc anlatan \u201cBladan\u2019dan Batum\u2019a\u201d isimli kitab\u0131n tan\u0131t\u0131m etkinli\u011fi d\u00fcn ak\u015fam Merkez Lefko\u015fa\u2019da yap\u0131ld\u0131. G\u00f6zmen\u2019in o\u011flu Dr. Soyer G\u00f6zmen taraf\u0131ndan haz\u0131rlanan kitap, 1891-1983 y\u0131llar\u0131 aras\u0131nda ya\u015fayan Doktor Tahsin G\u00f6zmen\u2019in hayat hikayesini i\u00e7eriyor. G\u00f6zmen\u2019in 1910\u2019dan itibaren [&hellip;]","og_url":"https:\/\/kuzeyinsesi.org\/index.php\/2024\/08\/22\/bladandan-batuma-kitabinin-tanitimi-yapildi\/","og_site_name":"Kuzeyin Sesi","article_publisher":"https:\/\/www.facebook.com\/kuzeyinsesii","article_published_time":"2024-08-22T08:17:42+00:00","og_image":[{"url":"https:\/\/brtk.net\/wp-content\/uploads\/2024\/08\/22\/23656aaaa-scaled.jpg?ver=3c10aa9cfdc1aad6c4feed5893e9c4c8","type":"","width":"","height":""}],"author":"Kuzeyin Sesi","twitter_card":"summary_large_image","twitter_creator":"@kuzeyinsesii","twitter_site":"@kuzeyinsesii","twitter_misc":{"Yazan:":"Kuzeyin Sesi","Tahmini okuma s\u00fcresi":"2 dakika"},"schema":{"@context":"https:\/\/schema.org","@graph":[{"@type":"Article","@id":"https:\/\/kuzeyinsesi.org\/index.php\/2024\/08\/22\/bladandan-batuma-kitabinin-tanitimi-yapildi\/#article","isPartOf":{"@id":"https:\/\/kuzeyinsesi.org\/index.php\/2024\/08\/22\/bladandan-batuma-kitabinin-tanitimi-yapildi\/"},"author":{"name":"Kuzeyin Sesi","@id":"https:\/\/kuzeyinsesi.org\/#\/schema\/person\/9f859689cdf01485597712386e37f5aa"},"headline":"\u201cBladan\u2019dan Batum\u2019a\u201d kitab\u0131n\u0131n tan\u0131t\u0131m\u0131 yap\u0131ld\u0131","datePublished":"2024-08-22T08:17:42+00:00","mainEntityOfPage":{"@id":"https:\/\/kuzeyinsesi.org\/index.php\/2024\/08\/22\/bladandan-batuma-kitabinin-tanitimi-yapildi\/"},"wordCount":468,"commentCount":0,"image":{"@id":"https:\/\/kuzeyinsesi.org\/index.php\/2024\/08\/22\/bladandan-batuma-kitabinin-tanitimi-yapildi\/#primaryimage"},"thumbnailUrl":"https:\/\/kuzeyinsesi.org\/wp-content\/uploads\/2024\/08\/23656aaaa-scaled.jpg","articleSection":["Ya\u015fam"],"inLanguage":"tr","potentialAction":[{"@type":"CommentAction","name":"Comment","target":["https:\/\/kuzeyinsesi.org\/index.php\/2024\/08\/22\/bladandan-batuma-kitabinin-tanitimi-yapildi\/#respond"]}]},{"@type":"WebPage","@id":"https:\/\/kuzeyinsesi.org\/index.php\/2024\/08\/22\/bladandan-batuma-kitabinin-tanitimi-yapildi\/","url":"https:\/\/kuzeyinsesi.org\/index.php\/2024\/08\/22\/bladandan-batuma-kitabinin-tanitimi-yapildi\/","name":"\u201cBladan\u2019dan Batum\u2019a\u201d kitab\u0131n\u0131n tan\u0131t\u0131m\u0131 yap\u0131ld\u0131 - Kuzeyin Sesi","isPartOf":{"@id":"https:\/\/kuzeyinsesi.org\/#website"},"primaryImageOfPage":{"@id":"https:\/\/kuzeyinsesi.org\/index.php\/2024\/08\/22\/bladandan-batuma-kitabinin-tanitimi-yapildi\/#primaryimage"},"image":{"@id":"https:\/\/kuzeyinsesi.org\/index.php\/2024\/08\/22\/bladandan-batuma-kitabinin-tanitimi-yapildi\/#primaryimage"},"thumbnailUrl":"https:\/\/kuzeyinsesi.org\/wp-content\/uploads\/2024\/08\/23656aaaa-scaled.jpg","datePublished":"2024-08-22T08:17:42+00:00","author":{"@id":"https:\/\/kuzeyinsesi.org\/#\/schema\/person\/9f859689cdf01485597712386e37f5aa"},"breadcrumb":{"@id":"https:\/\/kuzeyinsesi.org\/index.php\/2024\/08\/22\/bladandan-batuma-kitabinin-tanitimi-yapildi\/#breadcrumb"},"inLanguage":"tr","potentialAction":[{"@type":"ReadAction","target":["https:\/\/kuzeyinsesi.org\/index.php\/2024\/08\/22\/bladandan-batuma-kitabinin-tanitimi-yapildi\/"]}]},{"@type":"ImageObject","inLanguage":"tr","@id":"https:\/\/kuzeyinsesi.org\/index.php\/2024\/08\/22\/bladandan-batuma-kitabinin-tanitimi-yapildi\/#primaryimage","url":"https:\/\/kuzeyinsesi.org\/wp-content\/uploads\/2024\/08\/23656aaaa-scaled.jpg","contentUrl":"https:\/\/kuzeyinsesi.org\/wp-content\/uploads\/2024\/08\/23656aaaa-scaled.jpg","width":2560,"height":1299},{"@type":"BreadcrumbList","@id":"https:\/\/kuzeyinsesi.org\/index.php\/2024\/08\/22\/bladandan-batuma-kitabinin-tanitimi-yapildi\/#breadcrumb","itemListElement":[{"@type":"ListItem","position":1,"name":"Anasayfa","item":"https:\/\/kuzeyinsesi.org\/"},{"@type":"ListItem","position":2,"name":"\u201cBladan\u2019dan Batum\u2019a\u201d kitab\u0131n\u0131n tan\u0131t\u0131m\u0131 yap\u0131ld\u0131"}]},{"@type":"WebSite","@id":"https:\/\/kuzeyinsesi.org\/#website","url":"https:\/\/kuzeyinsesi.org\/","name":"Kuzeyin Sesi","description":"Do\u011fru Haberin Adresi","potentialAction":[{"@type":"SearchAction","target":{"@type":"EntryPoint","urlTemplate":"https:\/\/kuzeyinsesi.org\/?s={search_term_string}"},"query-input":{"@type":"PropertyValueSpecification","valueRequired":true,"valueName":"search_term_string"}}],"inLanguage":"tr"},{"@type":"Person","@id":"https:\/\/kuzeyinsesi.org\/#\/schema\/person\/9f859689cdf01485597712386e37f5aa","name":"Kuzeyin Sesi","image":{"@type":"ImageObject","inLanguage":"tr","@id":"https:\/\/secure.gravatar.com\/avatar\/bab33852abfd8b282518d6ed81826833d77c3c882d9ab608add591ccace47a44?s=96&d=mm&r=g","url":"https:\/\/secure.gravatar.com\/avatar\/bab33852abfd8b282518d6ed81826833d77c3c882d9ab608add591ccace47a44?s=96&d=mm&r=g","contentUrl":"https:\/\/secure.gravatar.com\/avatar\/bab33852abfd8b282518d6ed81826833d77c3c882d9ab608add591ccace47a44?s=96&d=mm&r=g","caption":"Kuzeyin Sesi"},"sameAs":["https:\/\/kuzeyinsesi.org"],"url":"https:\/\/kuzeyinsesi.org\/index.php\/author\/guven\/"}]}},"_links":{"self":[{"href":"https:\/\/kuzeyinsesi.org\/index.php\/wp-json\/wp\/v2\/posts\/8378","targetHints":{"allow":["GET"]}}],"collection":[{"href":"https:\/\/kuzeyinsesi.org\/index.php\/wp-json\/wp\/v2\/posts"}],"about":[{"href":"https:\/\/kuzeyinsesi.org\/index.php\/wp-json\/wp\/v2\/types\/post"}],"author":[{"embeddable":true,"href":"https:\/\/kuzeyinsesi.org\/index.php\/wp-json\/wp\/v2\/users\/1"}],"replies":[{"embeddable":true,"href":"https:\/\/kuzeyinsesi.org\/index.php\/wp-json\/wp\/v2\/comments?post=8378"}],"version-history":[{"count":0,"href":"https:\/\/kuzeyinsesi.org\/index.php\/wp-json\/wp\/v2\/posts\/8378\/revisions"}],"wp:featuredmedia":[{"embeddable":true,"href":"https:\/\/kuzeyinsesi.org\/index.php\/wp-json\/wp\/v2\/media\/8379"}],"wp:attachment":[{"href":"https:\/\/kuzeyinsesi.org\/index.php\/wp-json\/wp\/v2\/media?parent=8378"}],"wp:term":[{"taxonomy":"category","embeddable":true,"href":"https:\/\/kuzeyinsesi.org\/index.php\/wp-json\/wp\/v2\/categories?post=8378"},{"taxonomy":"post_tag","embeddable":true,"href":"https:\/\/kuzeyinsesi.org\/index.php\/wp-json\/wp\/v2\/tags?post=8378"}],"curies":[{"name":"wp","href":"https:\/\/api.w.org\/{rel}","templated":true}]}}