{"id":8354,"date":"2024-08-21T19:20:01","date_gmt":"2024-08-21T16:20:01","guid":{"rendered":"https:\/\/kuzeyinsesi.org\/index.php\/2024\/08\/21\/iskele-belediyesi-halk-danslari-toplulugu-makedonyada-festivale-katildi\/"},"modified":"2024-08-21T19:20:01","modified_gmt":"2024-08-21T16:20:01","slug":"iskele-belediyesi-halk-danslari-toplulugu-makedonyada-festivale-katildi","status":"publish","type":"post","link":"https:\/\/kuzeyinsesi.org\/index.php\/2024\/08\/21\/iskele-belediyesi-halk-danslari-toplulugu-makedonyada-festivale-katildi\/","title":{"rendered":"\u0130skele Belediyesi Halk Danslar\u0131 Toplulu\u011fu, Makedonya\u2019da festivale kat\u0131ld\u0131"},"content":{"rendered":"<div>\n<div class=\"mariselle-image-container center\">\n                                            <\/div>\n<p>\u0130skele Belediyesi Halk Danslar\u0131 Toplulu\u011fu, Kuzey Makedonya\u2019da d\u00fczenlenen \u201c18. SKUPI Uluslararas\u0131 Folklor Festivali\u201dne kat\u0131ld\u0131.<\/p>\n<p>\u0130skele Belediyesi\u2019nden verilen bilgiye g\u00f6re, KKTC\u2019yi Makedonya\u2019da ba\u015far\u0131yla temsil eden \u0130skele Belediyesi Halk Danslar\u0131 Toplulu\u011fu y\u00f6netmenli\u011fini \u00d6zlem Kadira\u011fa, e\u011fitmenli\u011fini ise G\u00fclg\u00fcn Darg\u0131n yapt\u0131. \u0130skele Belediyesi Asba\u015fkan\u0131 Halil Dericio\u011flu ile meclis \u00fcyelerinin de yer ald\u0131\u011f\u0131 heyet, Kuzey Makedonya Parlamentosu\u2019nda Parlamento Ba\u015fkan\u0131 Afrim Gashi taraf\u0131ndan a\u011f\u0131rlan\u0131rken, baz\u0131 g\u00f6r\u00fc\u015fmeler de yapt\u0131 ve hediyeler takdim etti.  <\/p>\n<p>Festivalde, KKTC\u2019nin yan\u0131 s\u0131ra T\u00fcrkiye, Meksika, Romanya, Kosova, Arnavutluk ve Kuzey Makedonya ekipleri sahne ald\u0131.<\/p>\n<p>\u0130skele Belediyesi Halk Danslar\u0131 Toplulu\u011fu Y\u00f6netmeni \u00d6zlem Kadira\u011fa, konuyla ilgili a\u00e7\u0131klamas\u0131nda, K\u0131br\u0131s Rum kesiminin ve Yunanistan\u2019\u0131n b\u00fct\u00fcn engelleme ve d\u0131\u015flama giri\u015fimlerine ra\u011fmen festival s\u00fcresince \u201cKuzey K\u0131br\u0131s\u201d olarak anons edildiklerini ve KKTC bayra\u011f\u0131n\u0131 gururla dalgaland\u0131rd\u0131klar\u0131n\u0131 kaydetti.<\/p>\n<p>D\u00fcnyan\u0131n en \u00f6nemli festivalleri aras\u0131nda g\u00f6sterilen s\u00f6z konusu festivale kat\u0131lmaktan duyduklar\u0131 mutlulu\u011fu da ifade eden Kadira\u011fa, KKTC\u2019yi, Kuzey Makedonya\u2019da tan\u0131tman\u0131n ve ad\u0131n\u0131 duyurman\u0131n kendileri i\u00e7in gurur verici oldu\u011funu kaydetti.<\/p>\n<\/p><\/div>\n<p><script async\n                    defer\n                    crossorigin=\"anonymous\"\n                    src=\"https:\/\/connect.facebook.net\/tr_TR\/sdk.js#xfbml=1&#038;version=v3.3\"\n            ><\/script><\/p>\n","protected":false},"excerpt":{"rendered":"<p>\u0130skele Belediyesi Halk Danslar\u0131 Toplulu\u011fu, Kuzey Makedonya\u2019da d\u00fczenlenen \u201c18. SKUPI Uluslararas\u0131 Folklor Festivali\u201dne kat\u0131ld\u0131. \u0130skele Belediyesi\u2019nden verilen bilgiye g\u00f6re, KKTC\u2019yi Makedonya\u2019da ba\u015far\u0131yla temsil eden \u0130skele Belediyesi Halk Danslar\u0131 Toplulu\u011fu y\u00f6netmenli\u011fini \u00d6zlem Kadira\u011fa, e\u011fitmenli\u011fini ise G\u00fclg\u00fcn Darg\u0131n yapt\u0131. \u0130skele Belediyesi Asba\u015fkan\u0131 Halil Dericio\u011flu ile meclis \u00fcyelerinin de yer ald\u0131\u011f\u0131 heyet, Kuzey Makedonya Parlamentosu\u2019nda Parlamento Ba\u015fkan\u0131 Afrim [&hellip;]<\/p>\n","protected":false},"author":1,"featured_media":8355,"comment_status":"open","ping_status":"open","sticky":false,"template":"","format":"standard","meta":{"jnews-multi-image_gallery":[],"jnews_single_post":[],"jnews_primary_category":[],"jnews_social_meta":[],"jnews_override_counter":[],"footnotes":""},"categories":[6],"tags":[],"class_list":["post-8354","post","type-post","status-publish","format-standard","has-post-thumbnail","hentry","category-yasam"],"yoast_head":"<!-- This site is optimized with the Yoast SEO plugin v27.5 - https:\/\/yoast.com\/product\/yoast-seo-wordpress\/ -->\n<title>\u0130skele Belediyesi Halk Danslar\u0131 Toplulu\u011fu, Makedonya\u2019da festivale kat\u0131ld\u0131 - Kuzeyin Sesi<\/title>\n<meta name=\"robots\" content=\"index, follow, max-snippet:-1, max-image-preview:large, max-video-preview:-1\" \/>\n<link rel=\"canonical\" href=\"https:\/\/kuzeyinsesi.org\/index.php\/2024\/08\/21\/iskele-belediyesi-halk-danslari-toplulugu-makedonyada-festivale-katildi\/\" \/>\n<meta property=\"og:locale\" content=\"tr_TR\" \/>\n<meta property=\"og:type\" content=\"article\" \/>\n<meta property=\"og:title\" content=\"\u0130skele Belediyesi Halk Danslar\u0131 Toplulu\u011fu, Makedonya\u2019da festivale kat\u0131ld\u0131 - Kuzeyin Sesi\" \/>\n<meta property=\"og:description\" content=\"\u0130skele Belediyesi Halk Danslar\u0131 Toplulu\u011fu, Kuzey Makedonya\u2019da d\u00fczenlenen \u201c18. SKUPI Uluslararas\u0131 Folklor Festivali\u201dne kat\u0131ld\u0131. \u0130skele Belediyesi\u2019nden verilen bilgiye g\u00f6re, KKTC\u2019yi Makedonya\u2019da ba\u015far\u0131yla temsil eden \u0130skele Belediyesi Halk Danslar\u0131 Toplulu\u011fu y\u00f6netmenli\u011fini \u00d6zlem Kadira\u011fa, e\u011fitmenli\u011fini ise G\u00fclg\u00fcn Darg\u0131n yapt\u0131. \u0130skele Belediyesi Asba\u015fkan\u0131 Halil Dericio\u011flu ile meclis \u00fcyelerinin de yer ald\u0131\u011f\u0131 heyet, Kuzey Makedonya Parlamentosu\u2019nda Parlamento Ba\u015fkan\u0131 Afrim [&hellip;]\" \/>\n<meta property=\"og:url\" content=\"https:\/\/kuzeyinsesi.org\/index.php\/2024\/08\/21\/iskele-belediyesi-halk-danslari-toplulugu-makedonyada-festivale-katildi\/\" \/>\n<meta property=\"og:site_name\" content=\"Kuzeyin Sesi\" \/>\n<meta property=\"article:publisher\" content=\"https:\/\/www.facebook.com\/kuzeyinsesii\" \/>\n<meta property=\"article:published_time\" content=\"2024-08-21T16:20:01+00:00\" \/>\n<meta property=\"og:image\" content=\"https:\/\/brtk.net\/wp-content\/uploads\/2024\/08\/21\/ib-halk-danslari-makedonya-1.jpg?ver=4814cbd3552b5f2fa4f9463c8d5ef9bc\" \/>\n<meta name=\"author\" content=\"Kuzeyin Sesi\" \/>\n<meta name=\"twitter:card\" content=\"summary_large_image\" \/>\n<meta name=\"twitter:creator\" content=\"@kuzeyinsesii\" \/>\n<meta name=\"twitter:site\" content=\"@kuzeyinsesii\" \/>\n<meta name=\"twitter:label1\" content=\"Yazan:\" \/>\n\t<meta name=\"twitter:data1\" content=\"Kuzeyin Sesi\" \/>\n\t<meta name=\"twitter:label2\" content=\"Tahmini okuma s\u00fcresi\" \/>\n\t<meta name=\"twitter:data2\" content=\"1 dakika\" \/>\n<script type=\"application\/ld+json\" class=\"yoast-schema-graph\">{\"@context\":\"https:\\\/\\\/schema.org\",\"@graph\":[{\"@type\":\"Article\",\"@id\":\"https:\\\/\\\/kuzeyinsesi.org\\\/index.php\\\/2024\\\/08\\\/21\\\/iskele-belediyesi-halk-danslari-toplulugu-makedonyada-festivale-katildi\\\/#article\",\"isPartOf\":{\"@id\":\"https:\\\/\\\/kuzeyinsesi.org\\\/index.php\\\/2024\\\/08\\\/21\\\/iskele-belediyesi-halk-danslari-toplulugu-makedonyada-festivale-katildi\\\/\"},\"author\":{\"name\":\"Kuzeyin Sesi\",\"@id\":\"https:\\\/\\\/kuzeyinsesi.org\\\/#\\\/schema\\\/person\\\/9f859689cdf01485597712386e37f5aa\"},\"headline\":\"\u0130skele Belediyesi Halk Danslar\u0131 Toplulu\u011fu, Makedonya\u2019da festivale kat\u0131ld\u0131\",\"datePublished\":\"2024-08-21T16:20:01+00:00\",\"mainEntityOfPage\":{\"@id\":\"https:\\\/\\\/kuzeyinsesi.org\\\/index.php\\\/2024\\\/08\\\/21\\\/iskele-belediyesi-halk-danslari-toplulugu-makedonyada-festivale-katildi\\\/\"},\"wordCount\":223,\"commentCount\":0,\"image\":{\"@id\":\"https:\\\/\\\/kuzeyinsesi.org\\\/index.php\\\/2024\\\/08\\\/21\\\/iskele-belediyesi-halk-danslari-toplulugu-makedonyada-festivale-katildi\\\/#primaryimage\"},\"thumbnailUrl\":\"https:\\\/\\\/kuzeyinsesi.org\\\/wp-content\\\/uploads\\\/2024\\\/08\\\/ib-halk-danslari-makedonya-1.jpg\",\"articleSection\":[\"Ya\u015fam\"],\"inLanguage\":\"tr\",\"potentialAction\":[{\"@type\":\"CommentAction\",\"name\":\"Comment\",\"target\":[\"https:\\\/\\\/kuzeyinsesi.org\\\/index.php\\\/2024\\\/08\\\/21\\\/iskele-belediyesi-halk-danslari-toplulugu-makedonyada-festivale-katildi\\\/#respond\"]}]},{\"@type\":\"WebPage\",\"@id\":\"https:\\\/\\\/kuzeyinsesi.org\\\/index.php\\\/2024\\\/08\\\/21\\\/iskele-belediyesi-halk-danslari-toplulugu-makedonyada-festivale-katildi\\\/\",\"url\":\"https:\\\/\\\/kuzeyinsesi.org\\\/index.php\\\/2024\\\/08\\\/21\\\/iskele-belediyesi-halk-danslari-toplulugu-makedonyada-festivale-katildi\\\/\",\"name\":\"\u0130skele Belediyesi Halk Danslar\u0131 Toplulu\u011fu, Makedonya\u2019da festivale kat\u0131ld\u0131 - Kuzeyin Sesi\",\"isPartOf\":{\"@id\":\"https:\\\/\\\/kuzeyinsesi.org\\\/#website\"},\"primaryImageOfPage\":{\"@id\":\"https:\\\/\\\/kuzeyinsesi.org\\\/index.php\\\/2024\\\/08\\\/21\\\/iskele-belediyesi-halk-danslari-toplulugu-makedonyada-festivale-katildi\\\/#primaryimage\"},\"image\":{\"@id\":\"https:\\\/\\\/kuzeyinsesi.org\\\/index.php\\\/2024\\\/08\\\/21\\\/iskele-belediyesi-halk-danslari-toplulugu-makedonyada-festivale-katildi\\\/#primaryimage\"},\"thumbnailUrl\":\"https:\\\/\\\/kuzeyinsesi.org\\\/wp-content\\\/uploads\\\/2024\\\/08\\\/ib-halk-danslari-makedonya-1.jpg\",\"datePublished\":\"2024-08-21T16:20:01+00:00\",\"author\":{\"@id\":\"https:\\\/\\\/kuzeyinsesi.org\\\/#\\\/schema\\\/person\\\/9f859689cdf01485597712386e37f5aa\"},\"breadcrumb\":{\"@id\":\"https:\\\/\\\/kuzeyinsesi.org\\\/index.php\\\/2024\\\/08\\\/21\\\/iskele-belediyesi-halk-danslari-toplulugu-makedonyada-festivale-katildi\\\/#breadcrumb\"},\"inLanguage\":\"tr\",\"potentialAction\":[{\"@type\":\"ReadAction\",\"target\":[\"https:\\\/\\\/kuzeyinsesi.org\\\/index.php\\\/2024\\\/08\\\/21\\\/iskele-belediyesi-halk-danslari-toplulugu-makedonyada-festivale-katildi\\\/\"]}]},{\"@type\":\"ImageObject\",\"inLanguage\":\"tr\",\"@id\":\"https:\\\/\\\/kuzeyinsesi.org\\\/index.php\\\/2024\\\/08\\\/21\\\/iskele-belediyesi-halk-danslari-toplulugu-makedonyada-festivale-katildi\\\/#primaryimage\",\"url\":\"https:\\\/\\\/kuzeyinsesi.org\\\/wp-content\\\/uploads\\\/2024\\\/08\\\/ib-halk-danslari-makedonya-1.jpg\",\"contentUrl\":\"https:\\\/\\\/kuzeyinsesi.org\\\/wp-content\\\/uploads\\\/2024\\\/08\\\/ib-halk-danslari-makedonya-1.jpg\",\"width\":1920,\"height\":1078},{\"@type\":\"BreadcrumbList\",\"@id\":\"https:\\\/\\\/kuzeyinsesi.org\\\/index.php\\\/2024\\\/08\\\/21\\\/iskele-belediyesi-halk-danslari-toplulugu-makedonyada-festivale-katildi\\\/#breadcrumb\",\"itemListElement\":[{\"@type\":\"ListItem\",\"position\":1,\"name\":\"Anasayfa\",\"item\":\"https:\\\/\\\/kuzeyinsesi.org\\\/\"},{\"@type\":\"ListItem\",\"position\":2,\"name\":\"\u0130skele Belediyesi Halk Danslar\u0131 Toplulu\u011fu, Makedonya\u2019da festivale kat\u0131ld\u0131\"}]},{\"@type\":\"WebSite\",\"@id\":\"https:\\\/\\\/kuzeyinsesi.org\\\/#website\",\"url\":\"https:\\\/\\\/kuzeyinsesi.org\\\/\",\"name\":\"Kuzeyin Sesi\",\"description\":\"Do\u011fru Haberin Adresi\",\"potentialAction\":[{\"@type\":\"SearchAction\",\"target\":{\"@type\":\"EntryPoint\",\"urlTemplate\":\"https:\\\/\\\/kuzeyinsesi.org\\\/?s={search_term_string}\"},\"query-input\":{\"@type\":\"PropertyValueSpecification\",\"valueRequired\":true,\"valueName\":\"search_term_string\"}}],\"inLanguage\":\"tr\"},{\"@type\":\"Person\",\"@id\":\"https:\\\/\\\/kuzeyinsesi.org\\\/#\\\/schema\\\/person\\\/9f859689cdf01485597712386e37f5aa\",\"name\":\"Kuzeyin Sesi\",\"image\":{\"@type\":\"ImageObject\",\"inLanguage\":\"tr\",\"@id\":\"https:\\\/\\\/secure.gravatar.com\\\/avatar\\\/bab33852abfd8b282518d6ed81826833d77c3c882d9ab608add591ccace47a44?s=96&d=mm&r=g\",\"url\":\"https:\\\/\\\/secure.gravatar.com\\\/avatar\\\/bab33852abfd8b282518d6ed81826833d77c3c882d9ab608add591ccace47a44?s=96&d=mm&r=g\",\"contentUrl\":\"https:\\\/\\\/secure.gravatar.com\\\/avatar\\\/bab33852abfd8b282518d6ed81826833d77c3c882d9ab608add591ccace47a44?s=96&d=mm&r=g\",\"caption\":\"Kuzeyin Sesi\"},\"sameAs\":[\"https:\\\/\\\/kuzeyinsesi.org\"],\"url\":\"https:\\\/\\\/kuzeyinsesi.org\\\/index.php\\\/author\\\/guven\\\/\"}]}<\/script>\n<!-- \/ Yoast SEO plugin. -->","yoast_head_json":{"title":"\u0130skele Belediyesi Halk Danslar\u0131 Toplulu\u011fu, Makedonya\u2019da festivale kat\u0131ld\u0131 - Kuzeyin Sesi","robots":{"index":"index","follow":"follow","max-snippet":"max-snippet:-1","max-image-preview":"max-image-preview:large","max-video-preview":"max-video-preview:-1"},"canonical":"https:\/\/kuzeyinsesi.org\/index.php\/2024\/08\/21\/iskele-belediyesi-halk-danslari-toplulugu-makedonyada-festivale-katildi\/","og_locale":"tr_TR","og_type":"article","og_title":"\u0130skele Belediyesi Halk Danslar\u0131 Toplulu\u011fu, Makedonya\u2019da festivale kat\u0131ld\u0131 - Kuzeyin Sesi","og_description":"\u0130skele Belediyesi Halk Danslar\u0131 Toplulu\u011fu, Kuzey Makedonya\u2019da d\u00fczenlenen \u201c18. SKUPI Uluslararas\u0131 Folklor Festivali\u201dne kat\u0131ld\u0131. \u0130skele Belediyesi\u2019nden verilen bilgiye g\u00f6re, KKTC\u2019yi Makedonya\u2019da ba\u015far\u0131yla temsil eden \u0130skele Belediyesi Halk Danslar\u0131 Toplulu\u011fu y\u00f6netmenli\u011fini \u00d6zlem Kadira\u011fa, e\u011fitmenli\u011fini ise G\u00fclg\u00fcn Darg\u0131n yapt\u0131. \u0130skele Belediyesi Asba\u015fkan\u0131 Halil Dericio\u011flu ile meclis \u00fcyelerinin de yer ald\u0131\u011f\u0131 heyet, Kuzey Makedonya Parlamentosu\u2019nda Parlamento Ba\u015fkan\u0131 Afrim [&hellip;]","og_url":"https:\/\/kuzeyinsesi.org\/index.php\/2024\/08\/21\/iskele-belediyesi-halk-danslari-toplulugu-makedonyada-festivale-katildi\/","og_site_name":"Kuzeyin Sesi","article_publisher":"https:\/\/www.facebook.com\/kuzeyinsesii","article_published_time":"2024-08-21T16:20:01+00:00","og_image":[{"url":"https:\/\/brtk.net\/wp-content\/uploads\/2024\/08\/21\/ib-halk-danslari-makedonya-1.jpg?ver=4814cbd3552b5f2fa4f9463c8d5ef9bc","type":"","width":"","height":""}],"author":"Kuzeyin Sesi","twitter_card":"summary_large_image","twitter_creator":"@kuzeyinsesii","twitter_site":"@kuzeyinsesii","twitter_misc":{"Yazan:":"Kuzeyin Sesi","Tahmini okuma s\u00fcresi":"1 dakika"},"schema":{"@context":"https:\/\/schema.org","@graph":[{"@type":"Article","@id":"https:\/\/kuzeyinsesi.org\/index.php\/2024\/08\/21\/iskele-belediyesi-halk-danslari-toplulugu-makedonyada-festivale-katildi\/#article","isPartOf":{"@id":"https:\/\/kuzeyinsesi.org\/index.php\/2024\/08\/21\/iskele-belediyesi-halk-danslari-toplulugu-makedonyada-festivale-katildi\/"},"author":{"name":"Kuzeyin Sesi","@id":"https:\/\/kuzeyinsesi.org\/#\/schema\/person\/9f859689cdf01485597712386e37f5aa"},"headline":"\u0130skele Belediyesi Halk Danslar\u0131 Toplulu\u011fu, Makedonya\u2019da festivale kat\u0131ld\u0131","datePublished":"2024-08-21T16:20:01+00:00","mainEntityOfPage":{"@id":"https:\/\/kuzeyinsesi.org\/index.php\/2024\/08\/21\/iskele-belediyesi-halk-danslari-toplulugu-makedonyada-festivale-katildi\/"},"wordCount":223,"commentCount":0,"image":{"@id":"https:\/\/kuzeyinsesi.org\/index.php\/2024\/08\/21\/iskele-belediyesi-halk-danslari-toplulugu-makedonyada-festivale-katildi\/#primaryimage"},"thumbnailUrl":"https:\/\/kuzeyinsesi.org\/wp-content\/uploads\/2024\/08\/ib-halk-danslari-makedonya-1.jpg","articleSection":["Ya\u015fam"],"inLanguage":"tr","potentialAction":[{"@type":"CommentAction","name":"Comment","target":["https:\/\/kuzeyinsesi.org\/index.php\/2024\/08\/21\/iskele-belediyesi-halk-danslari-toplulugu-makedonyada-festivale-katildi\/#respond"]}]},{"@type":"WebPage","@id":"https:\/\/kuzeyinsesi.org\/index.php\/2024\/08\/21\/iskele-belediyesi-halk-danslari-toplulugu-makedonyada-festivale-katildi\/","url":"https:\/\/kuzeyinsesi.org\/index.php\/2024\/08\/21\/iskele-belediyesi-halk-danslari-toplulugu-makedonyada-festivale-katildi\/","name":"\u0130skele Belediyesi Halk Danslar\u0131 Toplulu\u011fu, Makedonya\u2019da festivale kat\u0131ld\u0131 - Kuzeyin Sesi","isPartOf":{"@id":"https:\/\/kuzeyinsesi.org\/#website"},"primaryImageOfPage":{"@id":"https:\/\/kuzeyinsesi.org\/index.php\/2024\/08\/21\/iskele-belediyesi-halk-danslari-toplulugu-makedonyada-festivale-katildi\/#primaryimage"},"image":{"@id":"https:\/\/kuzeyinsesi.org\/index.php\/2024\/08\/21\/iskele-belediyesi-halk-danslari-toplulugu-makedonyada-festivale-katildi\/#primaryimage"},"thumbnailUrl":"https:\/\/kuzeyinsesi.org\/wp-content\/uploads\/2024\/08\/ib-halk-danslari-makedonya-1.jpg","datePublished":"2024-08-21T16:20:01+00:00","author":{"@id":"https:\/\/kuzeyinsesi.org\/#\/schema\/person\/9f859689cdf01485597712386e37f5aa"},"breadcrumb":{"@id":"https:\/\/kuzeyinsesi.org\/index.php\/2024\/08\/21\/iskele-belediyesi-halk-danslari-toplulugu-makedonyada-festivale-katildi\/#breadcrumb"},"inLanguage":"tr","potentialAction":[{"@type":"ReadAction","target":["https:\/\/kuzeyinsesi.org\/index.php\/2024\/08\/21\/iskele-belediyesi-halk-danslari-toplulugu-makedonyada-festivale-katildi\/"]}]},{"@type":"ImageObject","inLanguage":"tr","@id":"https:\/\/kuzeyinsesi.org\/index.php\/2024\/08\/21\/iskele-belediyesi-halk-danslari-toplulugu-makedonyada-festivale-katildi\/#primaryimage","url":"https:\/\/kuzeyinsesi.org\/wp-content\/uploads\/2024\/08\/ib-halk-danslari-makedonya-1.jpg","contentUrl":"https:\/\/kuzeyinsesi.org\/wp-content\/uploads\/2024\/08\/ib-halk-danslari-makedonya-1.jpg","width":1920,"height":1078},{"@type":"BreadcrumbList","@id":"https:\/\/kuzeyinsesi.org\/index.php\/2024\/08\/21\/iskele-belediyesi-halk-danslari-toplulugu-makedonyada-festivale-katildi\/#breadcrumb","itemListElement":[{"@type":"ListItem","position":1,"name":"Anasayfa","item":"https:\/\/kuzeyinsesi.org\/"},{"@type":"ListItem","position":2,"name":"\u0130skele Belediyesi Halk Danslar\u0131 Toplulu\u011fu, Makedonya\u2019da festivale kat\u0131ld\u0131"}]},{"@type":"WebSite","@id":"https:\/\/kuzeyinsesi.org\/#website","url":"https:\/\/kuzeyinsesi.org\/","name":"Kuzeyin Sesi","description":"Do\u011fru Haberin Adresi","potentialAction":[{"@type":"SearchAction","target":{"@type":"EntryPoint","urlTemplate":"https:\/\/kuzeyinsesi.org\/?s={search_term_string}"},"query-input":{"@type":"PropertyValueSpecification","valueRequired":true,"valueName":"search_term_string"}}],"inLanguage":"tr"},{"@type":"Person","@id":"https:\/\/kuzeyinsesi.org\/#\/schema\/person\/9f859689cdf01485597712386e37f5aa","name":"Kuzeyin Sesi","image":{"@type":"ImageObject","inLanguage":"tr","@id":"https:\/\/secure.gravatar.com\/avatar\/bab33852abfd8b282518d6ed81826833d77c3c882d9ab608add591ccace47a44?s=96&d=mm&r=g","url":"https:\/\/secure.gravatar.com\/avatar\/bab33852abfd8b282518d6ed81826833d77c3c882d9ab608add591ccace47a44?s=96&d=mm&r=g","contentUrl":"https:\/\/secure.gravatar.com\/avatar\/bab33852abfd8b282518d6ed81826833d77c3c882d9ab608add591ccace47a44?s=96&d=mm&r=g","caption":"Kuzeyin Sesi"},"sameAs":["https:\/\/kuzeyinsesi.org"],"url":"https:\/\/kuzeyinsesi.org\/index.php\/author\/guven\/"}]}},"_links":{"self":[{"href":"https:\/\/kuzeyinsesi.org\/index.php\/wp-json\/wp\/v2\/posts\/8354","targetHints":{"allow":["GET"]}}],"collection":[{"href":"https:\/\/kuzeyinsesi.org\/index.php\/wp-json\/wp\/v2\/posts"}],"about":[{"href":"https:\/\/kuzeyinsesi.org\/index.php\/wp-json\/wp\/v2\/types\/post"}],"author":[{"embeddable":true,"href":"https:\/\/kuzeyinsesi.org\/index.php\/wp-json\/wp\/v2\/users\/1"}],"replies":[{"embeddable":true,"href":"https:\/\/kuzeyinsesi.org\/index.php\/wp-json\/wp\/v2\/comments?post=8354"}],"version-history":[{"count":0,"href":"https:\/\/kuzeyinsesi.org\/index.php\/wp-json\/wp\/v2\/posts\/8354\/revisions"}],"wp:featuredmedia":[{"embeddable":true,"href":"https:\/\/kuzeyinsesi.org\/index.php\/wp-json\/wp\/v2\/media\/8355"}],"wp:attachment":[{"href":"https:\/\/kuzeyinsesi.org\/index.php\/wp-json\/wp\/v2\/media?parent=8354"}],"wp:term":[{"taxonomy":"category","embeddable":true,"href":"https:\/\/kuzeyinsesi.org\/index.php\/wp-json\/wp\/v2\/categories?post=8354"},{"taxonomy":"post_tag","embeddable":true,"href":"https:\/\/kuzeyinsesi.org\/index.php\/wp-json\/wp\/v2\/tags?post=8354"}],"curies":[{"name":"wp","href":"https:\/\/api.w.org\/{rel}","templated":true}]}}