{"id":8344,"date":"2024-08-21T16:15:18","date_gmt":"2024-08-21T13:15:18","guid":{"rendered":"https:\/\/kuzeyinsesi.org\/index.php\/2024\/08\/21\/ekinci-kktcde-yasa-mevzuat-yapim-sanati-ve-teknigi-kitabini-toreye-takdim-etti\/"},"modified":"2024-08-21T16:15:18","modified_gmt":"2024-08-21T13:15:18","slug":"ekinci-kktcde-yasa-mevzuat-yapim-sanati-ve-teknigi-kitabini-toreye-takdim-etti","status":"publish","type":"post","link":"https:\/\/kuzeyinsesi.org\/index.php\/2024\/08\/21\/ekinci-kktcde-yasa-mevzuat-yapim-sanati-ve-teknigi-kitabini-toreye-takdim-etti\/","title":{"rendered":"Ekinci \u201cKKTC\u2019de Yasa\/Mevzuat Yap\u0131m Sanat\u0131 ve Tekni\u011fi\u201d kitab\u0131n\u0131 T\u00f6re\u2019ye takdim etti"},"content":{"rendered":"<div>\n<div class=\"mariselle-image-container center\">\n                                            <\/div>\n<p>Cumhuriyet Meclisi Ba\u015fkan\u0131 Zorlu T\u00f6re, Meclis Eski Genel Sekreteri Mehmet \u00d6ner Ekinci\u2019yi kabul etti.<\/p>\n<p>Meclisten yap\u0131lan a\u00e7\u0131klamaya g\u00f6re, kabulde Ba\u015fkan T\u00f6re\u2019ye, Ekinci taraf\u0131ndan yaz\u0131lan \u201cKuzey K\u0131br\u0131s T\u00fcrk Cumhuriyeti\u2019nde Yasa\/Mevzuat Yap\u0131m Sanat\u0131 ve Tekni\u011fi\u201d kitab\u0131 takdim edildi.<\/p>\n<p>T\u00f6re, kitab\u0131n Meclis k\u00fct\u00fcphanesine konulaca\u011f\u0131n\u0131 ve siyasi partilere verilece\u011fini s\u00f6yledi.<\/p>\n<p>T\u00f6re, Meclis Eski Genel Sekreteri Mehmet \u00d6ner Ekinci\u2019nin bilgi, birikim ve deneyimlerinin yer ald\u0131\u011f\u0131 kitab\u0131n Meclis \u00e7al\u0131\u015fmalar\u0131 a\u00e7\u0131s\u0131ndan da \u00f6nemli oldu\u011funu kaydetti.<\/p>\n<\/p><\/div>\n<p><script async\n                    defer\n                    crossorigin=\"anonymous\"\n                    src=\"https:\/\/connect.facebook.net\/tr_TR\/sdk.js#xfbml=1&#038;version=v3.3\"\n            ><\/script><\/p>\n","protected":false},"excerpt":{"rendered":"<p>Cumhuriyet Meclisi Ba\u015fkan\u0131 Zorlu T\u00f6re, Meclis Eski Genel Sekreteri Mehmet \u00d6ner Ekinci\u2019yi kabul etti. Meclisten yap\u0131lan a\u00e7\u0131klamaya g\u00f6re, kabulde Ba\u015fkan T\u00f6re\u2019ye, Ekinci taraf\u0131ndan yaz\u0131lan \u201cKuzey K\u0131br\u0131s T\u00fcrk Cumhuriyeti\u2019nde Yasa\/Mevzuat Yap\u0131m Sanat\u0131 ve Tekni\u011fi\u201d kitab\u0131 takdim edildi. T\u00f6re, kitab\u0131n Meclis k\u00fct\u00fcphanesine konulaca\u011f\u0131n\u0131 ve siyasi partilere verilece\u011fini s\u00f6yledi. T\u00f6re, Meclis Eski Genel Sekreteri Mehmet \u00d6ner Ekinci\u2019nin bilgi, [&hellip;]<\/p>\n","protected":false},"author":1,"featured_media":8345,"comment_status":"open","ping_status":"open","sticky":false,"template":"","format":"standard","meta":{"jnews-multi-image_gallery":[],"jnews_single_post":[],"jnews_primary_category":[],"jnews_social_meta":[],"jnews_override_counter":[],"footnotes":""},"categories":[6],"tags":[],"class_list":["post-8344","post","type-post","status-publish","format-standard","has-post-thumbnail","hentry","category-yasam"],"yoast_head":"<!-- This site is optimized with the Yoast SEO plugin v27.5 - https:\/\/yoast.com\/product\/yoast-seo-wordpress\/ -->\n<title>Ekinci \u201cKKTC\u2019de Yasa\/Mevzuat Yap\u0131m Sanat\u0131 ve Tekni\u011fi\u201d kitab\u0131n\u0131 T\u00f6re\u2019ye takdim etti - Kuzeyin Sesi<\/title>\n<meta name=\"robots\" content=\"index, follow, max-snippet:-1, max-image-preview:large, max-video-preview:-1\" \/>\n<link rel=\"canonical\" href=\"https:\/\/kuzeyinsesi.org\/index.php\/2024\/08\/21\/ekinci-kktcde-yasa-mevzuat-yapim-sanati-ve-teknigi-kitabini-toreye-takdim-etti\/\" \/>\n<meta property=\"og:locale\" content=\"tr_TR\" \/>\n<meta property=\"og:type\" content=\"article\" \/>\n<meta property=\"og:title\" content=\"Ekinci \u201cKKTC\u2019de Yasa\/Mevzuat Yap\u0131m Sanat\u0131 ve Tekni\u011fi\u201d kitab\u0131n\u0131 T\u00f6re\u2019ye takdim etti - Kuzeyin Sesi\" \/>\n<meta property=\"og:description\" content=\"Cumhuriyet Meclisi Ba\u015fkan\u0131 Zorlu T\u00f6re, Meclis Eski Genel Sekreteri Mehmet \u00d6ner Ekinci\u2019yi kabul etti. Meclisten yap\u0131lan a\u00e7\u0131klamaya g\u00f6re, kabulde Ba\u015fkan T\u00f6re\u2019ye, Ekinci taraf\u0131ndan yaz\u0131lan \u201cKuzey K\u0131br\u0131s T\u00fcrk Cumhuriyeti\u2019nde Yasa\/Mevzuat Yap\u0131m Sanat\u0131 ve Tekni\u011fi\u201d kitab\u0131 takdim edildi. T\u00f6re, kitab\u0131n Meclis k\u00fct\u00fcphanesine konulaca\u011f\u0131n\u0131 ve siyasi partilere verilece\u011fini s\u00f6yledi. T\u00f6re, Meclis Eski Genel Sekreteri Mehmet \u00d6ner Ekinci\u2019nin bilgi, [&hellip;]\" \/>\n<meta property=\"og:url\" content=\"https:\/\/kuzeyinsesi.org\/index.php\/2024\/08\/21\/ekinci-kktcde-yasa-mevzuat-yapim-sanati-ve-teknigi-kitabini-toreye-takdim-etti\/\" \/>\n<meta property=\"og:site_name\" content=\"Kuzeyin Sesi\" \/>\n<meta property=\"article:publisher\" content=\"https:\/\/www.facebook.com\/kuzeyinsesii\" \/>\n<meta property=\"article:published_time\" content=\"2024-08-21T13:15:18+00:00\" \/>\n<meta property=\"og:image\" content=\"https:\/\/brtk.net\/wp-content\/uploads\/2024\/08\/21\/tore-mehmet-oner-ekinci2-scaled.jpg?ver=17fafb460426d453526c101ce6560969\" \/>\n<meta name=\"author\" content=\"Kuzeyin Sesi\" \/>\n<meta name=\"twitter:card\" content=\"summary_large_image\" \/>\n<meta name=\"twitter:creator\" content=\"@kuzeyinsesii\" \/>\n<meta name=\"twitter:site\" content=\"@kuzeyinsesii\" \/>\n<meta name=\"twitter:label1\" content=\"Yazan:\" \/>\n\t<meta name=\"twitter:data1\" content=\"Kuzeyin Sesi\" \/>\n\t<meta name=\"twitter:label2\" content=\"Tahmini okuma s\u00fcresi\" \/>\n\t<meta name=\"twitter:data2\" content=\"1 dakika\" \/>\n<script type=\"application\/ld+json\" class=\"yoast-schema-graph\">{\"@context\":\"https:\\\/\\\/schema.org\",\"@graph\":[{\"@type\":\"Article\",\"@id\":\"https:\\\/\\\/kuzeyinsesi.org\\\/index.php\\\/2024\\\/08\\\/21\\\/ekinci-kktcde-yasa-mevzuat-yapim-sanati-ve-teknigi-kitabini-toreye-takdim-etti\\\/#article\",\"isPartOf\":{\"@id\":\"https:\\\/\\\/kuzeyinsesi.org\\\/index.php\\\/2024\\\/08\\\/21\\\/ekinci-kktcde-yasa-mevzuat-yapim-sanati-ve-teknigi-kitabini-toreye-takdim-etti\\\/\"},\"author\":{\"name\":\"Kuzeyin Sesi\",\"@id\":\"https:\\\/\\\/kuzeyinsesi.org\\\/#\\\/schema\\\/person\\\/9f859689cdf01485597712386e37f5aa\"},\"headline\":\"Ekinci \u201cKKTC\u2019de Yasa\\\/Mevzuat Yap\u0131m Sanat\u0131 ve Tekni\u011fi\u201d kitab\u0131n\u0131 T\u00f6re\u2019ye takdim etti\",\"datePublished\":\"2024-08-21T13:15:18+00:00\",\"mainEntityOfPage\":{\"@id\":\"https:\\\/\\\/kuzeyinsesi.org\\\/index.php\\\/2024\\\/08\\\/21\\\/ekinci-kktcde-yasa-mevzuat-yapim-sanati-ve-teknigi-kitabini-toreye-takdim-etti\\\/\"},\"wordCount\":118,\"commentCount\":0,\"image\":{\"@id\":\"https:\\\/\\\/kuzeyinsesi.org\\\/index.php\\\/2024\\\/08\\\/21\\\/ekinci-kktcde-yasa-mevzuat-yapim-sanati-ve-teknigi-kitabini-toreye-takdim-etti\\\/#primaryimage\"},\"thumbnailUrl\":\"https:\\\/\\\/kuzeyinsesi.org\\\/wp-content\\\/uploads\\\/2024\\\/08\\\/tore-mehmet-oner-ekinci2-scaled.jpg\",\"articleSection\":[\"Ya\u015fam\"],\"inLanguage\":\"tr\",\"potentialAction\":[{\"@type\":\"CommentAction\",\"name\":\"Comment\",\"target\":[\"https:\\\/\\\/kuzeyinsesi.org\\\/index.php\\\/2024\\\/08\\\/21\\\/ekinci-kktcde-yasa-mevzuat-yapim-sanati-ve-teknigi-kitabini-toreye-takdim-etti\\\/#respond\"]}]},{\"@type\":\"WebPage\",\"@id\":\"https:\\\/\\\/kuzeyinsesi.org\\\/index.php\\\/2024\\\/08\\\/21\\\/ekinci-kktcde-yasa-mevzuat-yapim-sanati-ve-teknigi-kitabini-toreye-takdim-etti\\\/\",\"url\":\"https:\\\/\\\/kuzeyinsesi.org\\\/index.php\\\/2024\\\/08\\\/21\\\/ekinci-kktcde-yasa-mevzuat-yapim-sanati-ve-teknigi-kitabini-toreye-takdim-etti\\\/\",\"name\":\"Ekinci \u201cKKTC\u2019de Yasa\\\/Mevzuat Yap\u0131m Sanat\u0131 ve Tekni\u011fi\u201d kitab\u0131n\u0131 T\u00f6re\u2019ye takdim etti - Kuzeyin Sesi\",\"isPartOf\":{\"@id\":\"https:\\\/\\\/kuzeyinsesi.org\\\/#website\"},\"primaryImageOfPage\":{\"@id\":\"https:\\\/\\\/kuzeyinsesi.org\\\/index.php\\\/2024\\\/08\\\/21\\\/ekinci-kktcde-yasa-mevzuat-yapim-sanati-ve-teknigi-kitabini-toreye-takdim-etti\\\/#primaryimage\"},\"image\":{\"@id\":\"https:\\\/\\\/kuzeyinsesi.org\\\/index.php\\\/2024\\\/08\\\/21\\\/ekinci-kktcde-yasa-mevzuat-yapim-sanati-ve-teknigi-kitabini-toreye-takdim-etti\\\/#primaryimage\"},\"thumbnailUrl\":\"https:\\\/\\\/kuzeyinsesi.org\\\/wp-content\\\/uploads\\\/2024\\\/08\\\/tore-mehmet-oner-ekinci2-scaled.jpg\",\"datePublished\":\"2024-08-21T13:15:18+00:00\",\"author\":{\"@id\":\"https:\\\/\\\/kuzeyinsesi.org\\\/#\\\/schema\\\/person\\\/9f859689cdf01485597712386e37f5aa\"},\"breadcrumb\":{\"@id\":\"https:\\\/\\\/kuzeyinsesi.org\\\/index.php\\\/2024\\\/08\\\/21\\\/ekinci-kktcde-yasa-mevzuat-yapim-sanati-ve-teknigi-kitabini-toreye-takdim-etti\\\/#breadcrumb\"},\"inLanguage\":\"tr\",\"potentialAction\":[{\"@type\":\"ReadAction\",\"target\":[\"https:\\\/\\\/kuzeyinsesi.org\\\/index.php\\\/2024\\\/08\\\/21\\\/ekinci-kktcde-yasa-mevzuat-yapim-sanati-ve-teknigi-kitabini-toreye-takdim-etti\\\/\"]}]},{\"@type\":\"ImageObject\",\"inLanguage\":\"tr\",\"@id\":\"https:\\\/\\\/kuzeyinsesi.org\\\/index.php\\\/2024\\\/08\\\/21\\\/ekinci-kktcde-yasa-mevzuat-yapim-sanati-ve-teknigi-kitabini-toreye-takdim-etti\\\/#primaryimage\",\"url\":\"https:\\\/\\\/kuzeyinsesi.org\\\/wp-content\\\/uploads\\\/2024\\\/08\\\/tore-mehmet-oner-ekinci2-scaled.jpg\",\"contentUrl\":\"https:\\\/\\\/kuzeyinsesi.org\\\/wp-content\\\/uploads\\\/2024\\\/08\\\/tore-mehmet-oner-ekinci2-scaled.jpg\",\"width\":2560,\"height\":1707},{\"@type\":\"BreadcrumbList\",\"@id\":\"https:\\\/\\\/kuzeyinsesi.org\\\/index.php\\\/2024\\\/08\\\/21\\\/ekinci-kktcde-yasa-mevzuat-yapim-sanati-ve-teknigi-kitabini-toreye-takdim-etti\\\/#breadcrumb\",\"itemListElement\":[{\"@type\":\"ListItem\",\"position\":1,\"name\":\"Anasayfa\",\"item\":\"https:\\\/\\\/kuzeyinsesi.org\\\/\"},{\"@type\":\"ListItem\",\"position\":2,\"name\":\"Ekinci \u201cKKTC\u2019de Yasa\\\/Mevzuat Yap\u0131m Sanat\u0131 ve Tekni\u011fi\u201d kitab\u0131n\u0131 T\u00f6re\u2019ye takdim etti\"}]},{\"@type\":\"WebSite\",\"@id\":\"https:\\\/\\\/kuzeyinsesi.org\\\/#website\",\"url\":\"https:\\\/\\\/kuzeyinsesi.org\\\/\",\"name\":\"Kuzeyin Sesi\",\"description\":\"Do\u011fru Haberin Adresi\",\"potentialAction\":[{\"@type\":\"SearchAction\",\"target\":{\"@type\":\"EntryPoint\",\"urlTemplate\":\"https:\\\/\\\/kuzeyinsesi.org\\\/?s={search_term_string}\"},\"query-input\":{\"@type\":\"PropertyValueSpecification\",\"valueRequired\":true,\"valueName\":\"search_term_string\"}}],\"inLanguage\":\"tr\"},{\"@type\":\"Person\",\"@id\":\"https:\\\/\\\/kuzeyinsesi.org\\\/#\\\/schema\\\/person\\\/9f859689cdf01485597712386e37f5aa\",\"name\":\"Kuzeyin Sesi\",\"image\":{\"@type\":\"ImageObject\",\"inLanguage\":\"tr\",\"@id\":\"https:\\\/\\\/secure.gravatar.com\\\/avatar\\\/bab33852abfd8b282518d6ed81826833d77c3c882d9ab608add591ccace47a44?s=96&d=mm&r=g\",\"url\":\"https:\\\/\\\/secure.gravatar.com\\\/avatar\\\/bab33852abfd8b282518d6ed81826833d77c3c882d9ab608add591ccace47a44?s=96&d=mm&r=g\",\"contentUrl\":\"https:\\\/\\\/secure.gravatar.com\\\/avatar\\\/bab33852abfd8b282518d6ed81826833d77c3c882d9ab608add591ccace47a44?s=96&d=mm&r=g\",\"caption\":\"Kuzeyin Sesi\"},\"sameAs\":[\"https:\\\/\\\/kuzeyinsesi.org\"],\"url\":\"https:\\\/\\\/kuzeyinsesi.org\\\/index.php\\\/author\\\/guven\\\/\"}]}<\/script>\n<!-- \/ Yoast SEO plugin. -->","yoast_head_json":{"title":"Ekinci \u201cKKTC\u2019de Yasa\/Mevzuat Yap\u0131m Sanat\u0131 ve Tekni\u011fi\u201d kitab\u0131n\u0131 T\u00f6re\u2019ye takdim etti - Kuzeyin Sesi","robots":{"index":"index","follow":"follow","max-snippet":"max-snippet:-1","max-image-preview":"max-image-preview:large","max-video-preview":"max-video-preview:-1"},"canonical":"https:\/\/kuzeyinsesi.org\/index.php\/2024\/08\/21\/ekinci-kktcde-yasa-mevzuat-yapim-sanati-ve-teknigi-kitabini-toreye-takdim-etti\/","og_locale":"tr_TR","og_type":"article","og_title":"Ekinci \u201cKKTC\u2019de Yasa\/Mevzuat Yap\u0131m Sanat\u0131 ve Tekni\u011fi\u201d kitab\u0131n\u0131 T\u00f6re\u2019ye takdim etti - Kuzeyin Sesi","og_description":"Cumhuriyet Meclisi Ba\u015fkan\u0131 Zorlu T\u00f6re, Meclis Eski Genel Sekreteri Mehmet \u00d6ner Ekinci\u2019yi kabul etti. Meclisten yap\u0131lan a\u00e7\u0131klamaya g\u00f6re, kabulde Ba\u015fkan T\u00f6re\u2019ye, Ekinci taraf\u0131ndan yaz\u0131lan \u201cKuzey K\u0131br\u0131s T\u00fcrk Cumhuriyeti\u2019nde Yasa\/Mevzuat Yap\u0131m Sanat\u0131 ve Tekni\u011fi\u201d kitab\u0131 takdim edildi. T\u00f6re, kitab\u0131n Meclis k\u00fct\u00fcphanesine konulaca\u011f\u0131n\u0131 ve siyasi partilere verilece\u011fini s\u00f6yledi. T\u00f6re, Meclis Eski Genel Sekreteri Mehmet \u00d6ner Ekinci\u2019nin bilgi, [&hellip;]","og_url":"https:\/\/kuzeyinsesi.org\/index.php\/2024\/08\/21\/ekinci-kktcde-yasa-mevzuat-yapim-sanati-ve-teknigi-kitabini-toreye-takdim-etti\/","og_site_name":"Kuzeyin Sesi","article_publisher":"https:\/\/www.facebook.com\/kuzeyinsesii","article_published_time":"2024-08-21T13:15:18+00:00","og_image":[{"url":"https:\/\/brtk.net\/wp-content\/uploads\/2024\/08\/21\/tore-mehmet-oner-ekinci2-scaled.jpg?ver=17fafb460426d453526c101ce6560969","type":"","width":"","height":""}],"author":"Kuzeyin Sesi","twitter_card":"summary_large_image","twitter_creator":"@kuzeyinsesii","twitter_site":"@kuzeyinsesii","twitter_misc":{"Yazan:":"Kuzeyin Sesi","Tahmini okuma s\u00fcresi":"1 dakika"},"schema":{"@context":"https:\/\/schema.org","@graph":[{"@type":"Article","@id":"https:\/\/kuzeyinsesi.org\/index.php\/2024\/08\/21\/ekinci-kktcde-yasa-mevzuat-yapim-sanati-ve-teknigi-kitabini-toreye-takdim-etti\/#article","isPartOf":{"@id":"https:\/\/kuzeyinsesi.org\/index.php\/2024\/08\/21\/ekinci-kktcde-yasa-mevzuat-yapim-sanati-ve-teknigi-kitabini-toreye-takdim-etti\/"},"author":{"name":"Kuzeyin Sesi","@id":"https:\/\/kuzeyinsesi.org\/#\/schema\/person\/9f859689cdf01485597712386e37f5aa"},"headline":"Ekinci \u201cKKTC\u2019de Yasa\/Mevzuat Yap\u0131m Sanat\u0131 ve Tekni\u011fi\u201d kitab\u0131n\u0131 T\u00f6re\u2019ye takdim etti","datePublished":"2024-08-21T13:15:18+00:00","mainEntityOfPage":{"@id":"https:\/\/kuzeyinsesi.org\/index.php\/2024\/08\/21\/ekinci-kktcde-yasa-mevzuat-yapim-sanati-ve-teknigi-kitabini-toreye-takdim-etti\/"},"wordCount":118,"commentCount":0,"image":{"@id":"https:\/\/kuzeyinsesi.org\/index.php\/2024\/08\/21\/ekinci-kktcde-yasa-mevzuat-yapim-sanati-ve-teknigi-kitabini-toreye-takdim-etti\/#primaryimage"},"thumbnailUrl":"https:\/\/kuzeyinsesi.org\/wp-content\/uploads\/2024\/08\/tore-mehmet-oner-ekinci2-scaled.jpg","articleSection":["Ya\u015fam"],"inLanguage":"tr","potentialAction":[{"@type":"CommentAction","name":"Comment","target":["https:\/\/kuzeyinsesi.org\/index.php\/2024\/08\/21\/ekinci-kktcde-yasa-mevzuat-yapim-sanati-ve-teknigi-kitabini-toreye-takdim-etti\/#respond"]}]},{"@type":"WebPage","@id":"https:\/\/kuzeyinsesi.org\/index.php\/2024\/08\/21\/ekinci-kktcde-yasa-mevzuat-yapim-sanati-ve-teknigi-kitabini-toreye-takdim-etti\/","url":"https:\/\/kuzeyinsesi.org\/index.php\/2024\/08\/21\/ekinci-kktcde-yasa-mevzuat-yapim-sanati-ve-teknigi-kitabini-toreye-takdim-etti\/","name":"Ekinci \u201cKKTC\u2019de Yasa\/Mevzuat Yap\u0131m Sanat\u0131 ve Tekni\u011fi\u201d kitab\u0131n\u0131 T\u00f6re\u2019ye takdim etti - Kuzeyin Sesi","isPartOf":{"@id":"https:\/\/kuzeyinsesi.org\/#website"},"primaryImageOfPage":{"@id":"https:\/\/kuzeyinsesi.org\/index.php\/2024\/08\/21\/ekinci-kktcde-yasa-mevzuat-yapim-sanati-ve-teknigi-kitabini-toreye-takdim-etti\/#primaryimage"},"image":{"@id":"https:\/\/kuzeyinsesi.org\/index.php\/2024\/08\/21\/ekinci-kktcde-yasa-mevzuat-yapim-sanati-ve-teknigi-kitabini-toreye-takdim-etti\/#primaryimage"},"thumbnailUrl":"https:\/\/kuzeyinsesi.org\/wp-content\/uploads\/2024\/08\/tore-mehmet-oner-ekinci2-scaled.jpg","datePublished":"2024-08-21T13:15:18+00:00","author":{"@id":"https:\/\/kuzeyinsesi.org\/#\/schema\/person\/9f859689cdf01485597712386e37f5aa"},"breadcrumb":{"@id":"https:\/\/kuzeyinsesi.org\/index.php\/2024\/08\/21\/ekinci-kktcde-yasa-mevzuat-yapim-sanati-ve-teknigi-kitabini-toreye-takdim-etti\/#breadcrumb"},"inLanguage":"tr","potentialAction":[{"@type":"ReadAction","target":["https:\/\/kuzeyinsesi.org\/index.php\/2024\/08\/21\/ekinci-kktcde-yasa-mevzuat-yapim-sanati-ve-teknigi-kitabini-toreye-takdim-etti\/"]}]},{"@type":"ImageObject","inLanguage":"tr","@id":"https:\/\/kuzeyinsesi.org\/index.php\/2024\/08\/21\/ekinci-kktcde-yasa-mevzuat-yapim-sanati-ve-teknigi-kitabini-toreye-takdim-etti\/#primaryimage","url":"https:\/\/kuzeyinsesi.org\/wp-content\/uploads\/2024\/08\/tore-mehmet-oner-ekinci2-scaled.jpg","contentUrl":"https:\/\/kuzeyinsesi.org\/wp-content\/uploads\/2024\/08\/tore-mehmet-oner-ekinci2-scaled.jpg","width":2560,"height":1707},{"@type":"BreadcrumbList","@id":"https:\/\/kuzeyinsesi.org\/index.php\/2024\/08\/21\/ekinci-kktcde-yasa-mevzuat-yapim-sanati-ve-teknigi-kitabini-toreye-takdim-etti\/#breadcrumb","itemListElement":[{"@type":"ListItem","position":1,"name":"Anasayfa","item":"https:\/\/kuzeyinsesi.org\/"},{"@type":"ListItem","position":2,"name":"Ekinci \u201cKKTC\u2019de Yasa\/Mevzuat Yap\u0131m Sanat\u0131 ve Tekni\u011fi\u201d kitab\u0131n\u0131 T\u00f6re\u2019ye takdim etti"}]},{"@type":"WebSite","@id":"https:\/\/kuzeyinsesi.org\/#website","url":"https:\/\/kuzeyinsesi.org\/","name":"Kuzeyin Sesi","description":"Do\u011fru Haberin Adresi","potentialAction":[{"@type":"SearchAction","target":{"@type":"EntryPoint","urlTemplate":"https:\/\/kuzeyinsesi.org\/?s={search_term_string}"},"query-input":{"@type":"PropertyValueSpecification","valueRequired":true,"valueName":"search_term_string"}}],"inLanguage":"tr"},{"@type":"Person","@id":"https:\/\/kuzeyinsesi.org\/#\/schema\/person\/9f859689cdf01485597712386e37f5aa","name":"Kuzeyin Sesi","image":{"@type":"ImageObject","inLanguage":"tr","@id":"https:\/\/secure.gravatar.com\/avatar\/bab33852abfd8b282518d6ed81826833d77c3c882d9ab608add591ccace47a44?s=96&d=mm&r=g","url":"https:\/\/secure.gravatar.com\/avatar\/bab33852abfd8b282518d6ed81826833d77c3c882d9ab608add591ccace47a44?s=96&d=mm&r=g","contentUrl":"https:\/\/secure.gravatar.com\/avatar\/bab33852abfd8b282518d6ed81826833d77c3c882d9ab608add591ccace47a44?s=96&d=mm&r=g","caption":"Kuzeyin Sesi"},"sameAs":["https:\/\/kuzeyinsesi.org"],"url":"https:\/\/kuzeyinsesi.org\/index.php\/author\/guven\/"}]}},"_links":{"self":[{"href":"https:\/\/kuzeyinsesi.org\/index.php\/wp-json\/wp\/v2\/posts\/8344","targetHints":{"allow":["GET"]}}],"collection":[{"href":"https:\/\/kuzeyinsesi.org\/index.php\/wp-json\/wp\/v2\/posts"}],"about":[{"href":"https:\/\/kuzeyinsesi.org\/index.php\/wp-json\/wp\/v2\/types\/post"}],"author":[{"embeddable":true,"href":"https:\/\/kuzeyinsesi.org\/index.php\/wp-json\/wp\/v2\/users\/1"}],"replies":[{"embeddable":true,"href":"https:\/\/kuzeyinsesi.org\/index.php\/wp-json\/wp\/v2\/comments?post=8344"}],"version-history":[{"count":0,"href":"https:\/\/kuzeyinsesi.org\/index.php\/wp-json\/wp\/v2\/posts\/8344\/revisions"}],"wp:featuredmedia":[{"embeddable":true,"href":"https:\/\/kuzeyinsesi.org\/index.php\/wp-json\/wp\/v2\/media\/8345"}],"wp:attachment":[{"href":"https:\/\/kuzeyinsesi.org\/index.php\/wp-json\/wp\/v2\/media?parent=8344"}],"wp:term":[{"taxonomy":"category","embeddable":true,"href":"https:\/\/kuzeyinsesi.org\/index.php\/wp-json\/wp\/v2\/categories?post=8344"},{"taxonomy":"post_tag","embeddable":true,"href":"https:\/\/kuzeyinsesi.org\/index.php\/wp-json\/wp\/v2\/tags?post=8344"}],"curies":[{"name":"wp","href":"https:\/\/api.w.org\/{rel}","templated":true}]}}