{"id":833,"date":"2024-04-29T00:28:43","date_gmt":"2024-04-28T21:28:43","guid":{"rendered":"https:\/\/kuzeyinsesi.com\/index.php\/2024\/04\/29\/cumhurbaskani-ersin-tatar-yeniden-ydp-genel-baskani-secilen-arikliyi-kutladi\/"},"modified":"2024-04-29T00:28:43","modified_gmt":"2024-04-28T21:28:43","slug":"cumhurbaskani-ersin-tatar-yeniden-ydp-genel-baskani-secilen-arikliyi-kutladi","status":"publish","type":"post","link":"https:\/\/kuzeyinsesi.org\/index.php\/2024\/04\/29\/cumhurbaskani-ersin-tatar-yeniden-ydp-genel-baskani-secilen-arikliyi-kutladi\/","title":{"rendered":"Cumhurba\u015fkan\u0131 Ersin Tatar, yeniden YDP Genel Ba\u015fkan\u0131 se\u00e7ilen Ar\u0131kl\u0131\u2019y\u0131 kutlad\u0131"},"content":{"rendered":"<div>\n<div class=\"mariselle-image-container center\">\n                                            <\/div>\n<p>Cumhurba\u015fkan\u0131 Ersin Tatar, Yeniden Do\u011fu\u015f Partisi (YDP) 4\u2019\u00fcnc\u00fc Ola\u011fan Kurultay\u0131\u2019nda, gayr\u0131resmi sonu\u00e7lara g\u00f6re  yeniden Genel Ba\u015fkan se\u00e7ilen Erhan Ar\u0131kl\u0131\u2019y\u0131 kutlad\u0131.<\/p>\n<p>Erhan Ar\u0131kl\u0131 ile bir telefon g\u00f6r\u00fc\u015fmesi ger\u00e7ekle\u015ftiren Cumhurba\u015fkan\u0131 Tatar, YDP\u2019nin bir demokrasi \u015f\u00f6leni \u015feklinde ve b\u00fcy\u00fck bir kat\u0131l\u0131mla kurultay ger\u00e7ekle\u015ftirdi\u011fini s\u00f6yleyerek, yeniden Genel Ba\u015fkan se\u00e7ilen Erhan Ar\u0131kl\u0131\u2019y\u0131 tebrik etti.<\/p>\n<p>Tatar, yapt\u0131\u011f\u0131 a\u00e7\u0131klamada da, YDP\u2019nin 4. Ola\u011fan Kurultay\u0131n demokratik bir \u015fekilde ger\u00e7ekle\u015fmesine katk\u0131 koyan di\u011fer aday, milletvekili Tayip Atalay\u2019\u0131 da ayr\u0131ca kutlad\u0131\u011f\u0131n\u0131 kaydetti.<\/p>\n<p>Cumhurba\u015fkan\u0131 Tatar, \u201cYDP\u2019nin \u00fclke kalk\u0131nmas\u0131na, halk\u0131m\u0131z\u0131nn refah ve mutlulu\u011funa katk\u0131 koymaya devam etmesi en b\u00fcy\u00fck temennimdir\u201d ifadelerini kulland\u0131.<\/p>\n<\/p><\/div>\n<p><script async\n                    defer\n                    crossorigin=\"anonymous\"\n                    src=\"https:\/\/connect.facebook.net\/tr_TR\/sdk.js#xfbml=1&#038;version=v3.3\"\n            ><\/script><\/p>\n","protected":false},"excerpt":{"rendered":"<p>Cumhurba\u015fkan\u0131 Ersin Tatar, Yeniden Do\u011fu\u015f Partisi (YDP) 4\u2019\u00fcnc\u00fc Ola\u011fan Kurultay\u0131\u2019nda, gayr\u0131resmi sonu\u00e7lara g\u00f6re yeniden Genel Ba\u015fkan se\u00e7ilen Erhan Ar\u0131kl\u0131\u2019y\u0131 kutlad\u0131. Erhan Ar\u0131kl\u0131 ile bir telefon g\u00f6r\u00fc\u015fmesi ger\u00e7ekle\u015ftiren Cumhurba\u015fkan\u0131 Tatar, YDP\u2019nin bir demokrasi \u015f\u00f6leni \u015feklinde ve b\u00fcy\u00fck bir kat\u0131l\u0131mla kurultay ger\u00e7ekle\u015ftirdi\u011fini s\u00f6yleyerek, yeniden Genel Ba\u015fkan se\u00e7ilen Erhan Ar\u0131kl\u0131\u2019y\u0131 tebrik etti. Tatar, yapt\u0131\u011f\u0131 a\u00e7\u0131klamada da, YDP\u2019nin 4. [&hellip;]<\/p>\n","protected":false},"author":1,"featured_media":834,"comment_status":"open","ping_status":"open","sticky":false,"template":"","format":"standard","meta":{"jnews-multi-image_gallery":[],"jnews_single_post":[],"jnews_primary_category":[],"jnews_social_meta":[],"jnews_override_counter":[],"footnotes":""},"categories":[1],"tags":[],"class_list":["post-833","post","type-post","status-publish","format-standard","has-post-thumbnail","hentry","category-kibris"],"yoast_head":"<!-- This site is optimized with the Yoast SEO plugin v27.4 - https:\/\/yoast.com\/product\/yoast-seo-wordpress\/ -->\n<title>Cumhurba\u015fkan\u0131 Ersin Tatar, yeniden YDP Genel Ba\u015fkan\u0131 se\u00e7ilen Ar\u0131kl\u0131\u2019y\u0131 kutlad\u0131 - Kuzeyin Sesi<\/title>\n<meta name=\"robots\" content=\"index, follow, max-snippet:-1, max-image-preview:large, max-video-preview:-1\" \/>\n<link rel=\"canonical\" href=\"https:\/\/kuzeyinsesi.org\/index.php\/2024\/04\/29\/cumhurbaskani-ersin-tatar-yeniden-ydp-genel-baskani-secilen-arikliyi-kutladi\/\" \/>\n<meta property=\"og:locale\" content=\"tr_TR\" \/>\n<meta property=\"og:type\" content=\"article\" \/>\n<meta property=\"og:title\" content=\"Cumhurba\u015fkan\u0131 Ersin Tatar, yeniden YDP Genel Ba\u015fkan\u0131 se\u00e7ilen Ar\u0131kl\u0131\u2019y\u0131 kutlad\u0131 - Kuzeyin Sesi\" \/>\n<meta property=\"og:description\" content=\"Cumhurba\u015fkan\u0131 Ersin Tatar, Yeniden Do\u011fu\u015f Partisi (YDP) 4\u2019\u00fcnc\u00fc Ola\u011fan Kurultay\u0131\u2019nda, gayr\u0131resmi sonu\u00e7lara g\u00f6re yeniden Genel Ba\u015fkan se\u00e7ilen Erhan Ar\u0131kl\u0131\u2019y\u0131 kutlad\u0131. Erhan Ar\u0131kl\u0131 ile bir telefon g\u00f6r\u00fc\u015fmesi ger\u00e7ekle\u015ftiren Cumhurba\u015fkan\u0131 Tatar, YDP\u2019nin bir demokrasi \u015f\u00f6leni \u015feklinde ve b\u00fcy\u00fck bir kat\u0131l\u0131mla kurultay ger\u00e7ekle\u015ftirdi\u011fini s\u00f6yleyerek, yeniden Genel Ba\u015fkan se\u00e7ilen Erhan Ar\u0131kl\u0131\u2019y\u0131 tebrik etti. Tatar, yapt\u0131\u011f\u0131 a\u00e7\u0131klamada da, YDP\u2019nin 4. [&hellip;]\" \/>\n<meta property=\"og:url\" content=\"https:\/\/kuzeyinsesi.org\/index.php\/2024\/04\/29\/cumhurbaskani-ersin-tatar-yeniden-ydp-genel-baskani-secilen-arikliyi-kutladi\/\" \/>\n<meta property=\"og:site_name\" content=\"Kuzeyin Sesi\" \/>\n<meta property=\"article:publisher\" content=\"https:\/\/www.facebook.com\/kuzeyinsesii\" \/>\n<meta property=\"article:published_time\" content=\"2024-04-28T21:28:43+00:00\" \/>\n<meta property=\"og:image\" content=\"https:\/\/kuzeyinsesi.org\/wp-content\/uploads\/2024\/04\/ersin-tatar-2020-1771.jpg\" \/>\n\t<meta property=\"og:image:width\" content=\"2048\" \/>\n\t<meta property=\"og:image:height\" content=\"1365\" \/>\n\t<meta property=\"og:image:type\" content=\"image\/jpeg\" \/>\n<meta name=\"author\" content=\"Kuzeyin Sesi\" \/>\n<meta name=\"twitter:card\" content=\"summary_large_image\" \/>\n<meta name=\"twitter:creator\" content=\"@kuzeyinsesii\" \/>\n<meta name=\"twitter:site\" content=\"@kuzeyinsesii\" \/>\n<meta name=\"twitter:label1\" content=\"Yazan:\" \/>\n\t<meta name=\"twitter:data1\" content=\"Kuzeyin Sesi\" \/>\n\t<meta name=\"twitter:label2\" content=\"Tahmini okuma s\u00fcresi\" \/>\n\t<meta name=\"twitter:data2\" content=\"1 dakika\" \/>\n<script type=\"application\/ld+json\" class=\"yoast-schema-graph\">{\"@context\":\"https:\\\/\\\/schema.org\",\"@graph\":[{\"@type\":\"Article\",\"@id\":\"https:\\\/\\\/kuzeyinsesi.org\\\/index.php\\\/2024\\\/04\\\/29\\\/cumhurbaskani-ersin-tatar-yeniden-ydp-genel-baskani-secilen-arikliyi-kutladi\\\/#article\",\"isPartOf\":{\"@id\":\"https:\\\/\\\/kuzeyinsesi.org\\\/index.php\\\/2024\\\/04\\\/29\\\/cumhurbaskani-ersin-tatar-yeniden-ydp-genel-baskani-secilen-arikliyi-kutladi\\\/\"},\"author\":{\"name\":\"Kuzeyin Sesi\",\"@id\":\"https:\\\/\\\/kuzeyinsesi.org\\\/#\\\/schema\\\/person\\\/9f859689cdf01485597712386e37f5aa\"},\"headline\":\"Cumhurba\u015fkan\u0131 Ersin Tatar, yeniden YDP Genel Ba\u015fkan\u0131 se\u00e7ilen Ar\u0131kl\u0131\u2019y\u0131 kutlad\u0131\",\"datePublished\":\"2024-04-28T21:28:43+00:00\",\"mainEntityOfPage\":{\"@id\":\"https:\\\/\\\/kuzeyinsesi.org\\\/index.php\\\/2024\\\/04\\\/29\\\/cumhurbaskani-ersin-tatar-yeniden-ydp-genel-baskani-secilen-arikliyi-kutladi\\\/\"},\"wordCount\":153,\"commentCount\":0,\"image\":{\"@id\":\"https:\\\/\\\/kuzeyinsesi.org\\\/index.php\\\/2024\\\/04\\\/29\\\/cumhurbaskani-ersin-tatar-yeniden-ydp-genel-baskani-secilen-arikliyi-kutladi\\\/#primaryimage\"},\"thumbnailUrl\":\"https:\\\/\\\/kuzeyinsesi.org\\\/wp-content\\\/uploads\\\/2024\\\/04\\\/ersin-tatar-2020-1771.jpg\",\"articleSection\":[\"K\u0131br\u0131s\"],\"inLanguage\":\"tr\",\"potentialAction\":[{\"@type\":\"CommentAction\",\"name\":\"Comment\",\"target\":[\"https:\\\/\\\/kuzeyinsesi.org\\\/index.php\\\/2024\\\/04\\\/29\\\/cumhurbaskani-ersin-tatar-yeniden-ydp-genel-baskani-secilen-arikliyi-kutladi\\\/#respond\"]}]},{\"@type\":\"WebPage\",\"@id\":\"https:\\\/\\\/kuzeyinsesi.org\\\/index.php\\\/2024\\\/04\\\/29\\\/cumhurbaskani-ersin-tatar-yeniden-ydp-genel-baskani-secilen-arikliyi-kutladi\\\/\",\"url\":\"https:\\\/\\\/kuzeyinsesi.org\\\/index.php\\\/2024\\\/04\\\/29\\\/cumhurbaskani-ersin-tatar-yeniden-ydp-genel-baskani-secilen-arikliyi-kutladi\\\/\",\"name\":\"Cumhurba\u015fkan\u0131 Ersin Tatar, yeniden YDP Genel Ba\u015fkan\u0131 se\u00e7ilen Ar\u0131kl\u0131\u2019y\u0131 kutlad\u0131 - Kuzeyin Sesi\",\"isPartOf\":{\"@id\":\"https:\\\/\\\/kuzeyinsesi.org\\\/#website\"},\"primaryImageOfPage\":{\"@id\":\"https:\\\/\\\/kuzeyinsesi.org\\\/index.php\\\/2024\\\/04\\\/29\\\/cumhurbaskani-ersin-tatar-yeniden-ydp-genel-baskani-secilen-arikliyi-kutladi\\\/#primaryimage\"},\"image\":{\"@id\":\"https:\\\/\\\/kuzeyinsesi.org\\\/index.php\\\/2024\\\/04\\\/29\\\/cumhurbaskani-ersin-tatar-yeniden-ydp-genel-baskani-secilen-arikliyi-kutladi\\\/#primaryimage\"},\"thumbnailUrl\":\"https:\\\/\\\/kuzeyinsesi.org\\\/wp-content\\\/uploads\\\/2024\\\/04\\\/ersin-tatar-2020-1771.jpg\",\"datePublished\":\"2024-04-28T21:28:43+00:00\",\"author\":{\"@id\":\"https:\\\/\\\/kuzeyinsesi.org\\\/#\\\/schema\\\/person\\\/9f859689cdf01485597712386e37f5aa\"},\"breadcrumb\":{\"@id\":\"https:\\\/\\\/kuzeyinsesi.org\\\/index.php\\\/2024\\\/04\\\/29\\\/cumhurbaskani-ersin-tatar-yeniden-ydp-genel-baskani-secilen-arikliyi-kutladi\\\/#breadcrumb\"},\"inLanguage\":\"tr\",\"potentialAction\":[{\"@type\":\"ReadAction\",\"target\":[\"https:\\\/\\\/kuzeyinsesi.org\\\/index.php\\\/2024\\\/04\\\/29\\\/cumhurbaskani-ersin-tatar-yeniden-ydp-genel-baskani-secilen-arikliyi-kutladi\\\/\"]}]},{\"@type\":\"ImageObject\",\"inLanguage\":\"tr\",\"@id\":\"https:\\\/\\\/kuzeyinsesi.org\\\/index.php\\\/2024\\\/04\\\/29\\\/cumhurbaskani-ersin-tatar-yeniden-ydp-genel-baskani-secilen-arikliyi-kutladi\\\/#primaryimage\",\"url\":\"https:\\\/\\\/kuzeyinsesi.org\\\/wp-content\\\/uploads\\\/2024\\\/04\\\/ersin-tatar-2020-1771.jpg\",\"contentUrl\":\"https:\\\/\\\/kuzeyinsesi.org\\\/wp-content\\\/uploads\\\/2024\\\/04\\\/ersin-tatar-2020-1771.jpg\",\"width\":2048,\"height\":1365},{\"@type\":\"BreadcrumbList\",\"@id\":\"https:\\\/\\\/kuzeyinsesi.org\\\/index.php\\\/2024\\\/04\\\/29\\\/cumhurbaskani-ersin-tatar-yeniden-ydp-genel-baskani-secilen-arikliyi-kutladi\\\/#breadcrumb\",\"itemListElement\":[{\"@type\":\"ListItem\",\"position\":1,\"name\":\"Anasayfa\",\"item\":\"https:\\\/\\\/kuzeyinsesi.org\\\/\"},{\"@type\":\"ListItem\",\"position\":2,\"name\":\"Cumhurba\u015fkan\u0131 Ersin Tatar, yeniden YDP Genel Ba\u015fkan\u0131 se\u00e7ilen Ar\u0131kl\u0131\u2019y\u0131 kutlad\u0131\"}]},{\"@type\":\"WebSite\",\"@id\":\"https:\\\/\\\/kuzeyinsesi.org\\\/#website\",\"url\":\"https:\\\/\\\/kuzeyinsesi.org\\\/\",\"name\":\"Kuzeyin Sesi\",\"description\":\"Do\u011fru Haberin Adresi\",\"potentialAction\":[{\"@type\":\"SearchAction\",\"target\":{\"@type\":\"EntryPoint\",\"urlTemplate\":\"https:\\\/\\\/kuzeyinsesi.org\\\/?s={search_term_string}\"},\"query-input\":{\"@type\":\"PropertyValueSpecification\",\"valueRequired\":true,\"valueName\":\"search_term_string\"}}],\"inLanguage\":\"tr\"},{\"@type\":\"Person\",\"@id\":\"https:\\\/\\\/kuzeyinsesi.org\\\/#\\\/schema\\\/person\\\/9f859689cdf01485597712386e37f5aa\",\"name\":\"Kuzeyin Sesi\",\"image\":{\"@type\":\"ImageObject\",\"inLanguage\":\"tr\",\"@id\":\"https:\\\/\\\/secure.gravatar.com\\\/avatar\\\/bab33852abfd8b282518d6ed81826833d77c3c882d9ab608add591ccace47a44?s=96&d=mm&r=g\",\"url\":\"https:\\\/\\\/secure.gravatar.com\\\/avatar\\\/bab33852abfd8b282518d6ed81826833d77c3c882d9ab608add591ccace47a44?s=96&d=mm&r=g\",\"contentUrl\":\"https:\\\/\\\/secure.gravatar.com\\\/avatar\\\/bab33852abfd8b282518d6ed81826833d77c3c882d9ab608add591ccace47a44?s=96&d=mm&r=g\",\"caption\":\"Kuzeyin Sesi\"},\"sameAs\":[\"https:\\\/\\\/kuzeyinsesi.org\"],\"url\":\"https:\\\/\\\/kuzeyinsesi.org\\\/index.php\\\/author\\\/guven\\\/\"}]}<\/script>\n<!-- \/ Yoast SEO plugin. -->","yoast_head_json":{"title":"Cumhurba\u015fkan\u0131 Ersin Tatar, yeniden YDP Genel Ba\u015fkan\u0131 se\u00e7ilen Ar\u0131kl\u0131\u2019y\u0131 kutlad\u0131 - Kuzeyin Sesi","robots":{"index":"index","follow":"follow","max-snippet":"max-snippet:-1","max-image-preview":"max-image-preview:large","max-video-preview":"max-video-preview:-1"},"canonical":"https:\/\/kuzeyinsesi.org\/index.php\/2024\/04\/29\/cumhurbaskani-ersin-tatar-yeniden-ydp-genel-baskani-secilen-arikliyi-kutladi\/","og_locale":"tr_TR","og_type":"article","og_title":"Cumhurba\u015fkan\u0131 Ersin Tatar, yeniden YDP Genel Ba\u015fkan\u0131 se\u00e7ilen Ar\u0131kl\u0131\u2019y\u0131 kutlad\u0131 - Kuzeyin Sesi","og_description":"Cumhurba\u015fkan\u0131 Ersin Tatar, Yeniden Do\u011fu\u015f Partisi (YDP) 4\u2019\u00fcnc\u00fc Ola\u011fan Kurultay\u0131\u2019nda, gayr\u0131resmi sonu\u00e7lara g\u00f6re yeniden Genel Ba\u015fkan se\u00e7ilen Erhan Ar\u0131kl\u0131\u2019y\u0131 kutlad\u0131. Erhan Ar\u0131kl\u0131 ile bir telefon g\u00f6r\u00fc\u015fmesi ger\u00e7ekle\u015ftiren Cumhurba\u015fkan\u0131 Tatar, YDP\u2019nin bir demokrasi \u015f\u00f6leni \u015feklinde ve b\u00fcy\u00fck bir kat\u0131l\u0131mla kurultay ger\u00e7ekle\u015ftirdi\u011fini s\u00f6yleyerek, yeniden Genel Ba\u015fkan se\u00e7ilen Erhan Ar\u0131kl\u0131\u2019y\u0131 tebrik etti. Tatar, yapt\u0131\u011f\u0131 a\u00e7\u0131klamada da, YDP\u2019nin 4. [&hellip;]","og_url":"https:\/\/kuzeyinsesi.org\/index.php\/2024\/04\/29\/cumhurbaskani-ersin-tatar-yeniden-ydp-genel-baskani-secilen-arikliyi-kutladi\/","og_site_name":"Kuzeyin Sesi","article_publisher":"https:\/\/www.facebook.com\/kuzeyinsesii","article_published_time":"2024-04-28T21:28:43+00:00","og_image":[{"width":2048,"height":1365,"url":"https:\/\/kuzeyinsesi.org\/wp-content\/uploads\/2024\/04\/ersin-tatar-2020-1771.jpg","type":"image\/jpeg"}],"author":"Kuzeyin Sesi","twitter_card":"summary_large_image","twitter_creator":"@kuzeyinsesii","twitter_site":"@kuzeyinsesii","twitter_misc":{"Yazan:":"Kuzeyin Sesi","Tahmini okuma s\u00fcresi":"1 dakika"},"schema":{"@context":"https:\/\/schema.org","@graph":[{"@type":"Article","@id":"https:\/\/kuzeyinsesi.org\/index.php\/2024\/04\/29\/cumhurbaskani-ersin-tatar-yeniden-ydp-genel-baskani-secilen-arikliyi-kutladi\/#article","isPartOf":{"@id":"https:\/\/kuzeyinsesi.org\/index.php\/2024\/04\/29\/cumhurbaskani-ersin-tatar-yeniden-ydp-genel-baskani-secilen-arikliyi-kutladi\/"},"author":{"name":"Kuzeyin Sesi","@id":"https:\/\/kuzeyinsesi.org\/#\/schema\/person\/9f859689cdf01485597712386e37f5aa"},"headline":"Cumhurba\u015fkan\u0131 Ersin Tatar, yeniden YDP Genel Ba\u015fkan\u0131 se\u00e7ilen Ar\u0131kl\u0131\u2019y\u0131 kutlad\u0131","datePublished":"2024-04-28T21:28:43+00:00","mainEntityOfPage":{"@id":"https:\/\/kuzeyinsesi.org\/index.php\/2024\/04\/29\/cumhurbaskani-ersin-tatar-yeniden-ydp-genel-baskani-secilen-arikliyi-kutladi\/"},"wordCount":153,"commentCount":0,"image":{"@id":"https:\/\/kuzeyinsesi.org\/index.php\/2024\/04\/29\/cumhurbaskani-ersin-tatar-yeniden-ydp-genel-baskani-secilen-arikliyi-kutladi\/#primaryimage"},"thumbnailUrl":"https:\/\/kuzeyinsesi.org\/wp-content\/uploads\/2024\/04\/ersin-tatar-2020-1771.jpg","articleSection":["K\u0131br\u0131s"],"inLanguage":"tr","potentialAction":[{"@type":"CommentAction","name":"Comment","target":["https:\/\/kuzeyinsesi.org\/index.php\/2024\/04\/29\/cumhurbaskani-ersin-tatar-yeniden-ydp-genel-baskani-secilen-arikliyi-kutladi\/#respond"]}]},{"@type":"WebPage","@id":"https:\/\/kuzeyinsesi.org\/index.php\/2024\/04\/29\/cumhurbaskani-ersin-tatar-yeniden-ydp-genel-baskani-secilen-arikliyi-kutladi\/","url":"https:\/\/kuzeyinsesi.org\/index.php\/2024\/04\/29\/cumhurbaskani-ersin-tatar-yeniden-ydp-genel-baskani-secilen-arikliyi-kutladi\/","name":"Cumhurba\u015fkan\u0131 Ersin Tatar, yeniden YDP Genel Ba\u015fkan\u0131 se\u00e7ilen Ar\u0131kl\u0131\u2019y\u0131 kutlad\u0131 - Kuzeyin Sesi","isPartOf":{"@id":"https:\/\/kuzeyinsesi.org\/#website"},"primaryImageOfPage":{"@id":"https:\/\/kuzeyinsesi.org\/index.php\/2024\/04\/29\/cumhurbaskani-ersin-tatar-yeniden-ydp-genel-baskani-secilen-arikliyi-kutladi\/#primaryimage"},"image":{"@id":"https:\/\/kuzeyinsesi.org\/index.php\/2024\/04\/29\/cumhurbaskani-ersin-tatar-yeniden-ydp-genel-baskani-secilen-arikliyi-kutladi\/#primaryimage"},"thumbnailUrl":"https:\/\/kuzeyinsesi.org\/wp-content\/uploads\/2024\/04\/ersin-tatar-2020-1771.jpg","datePublished":"2024-04-28T21:28:43+00:00","author":{"@id":"https:\/\/kuzeyinsesi.org\/#\/schema\/person\/9f859689cdf01485597712386e37f5aa"},"breadcrumb":{"@id":"https:\/\/kuzeyinsesi.org\/index.php\/2024\/04\/29\/cumhurbaskani-ersin-tatar-yeniden-ydp-genel-baskani-secilen-arikliyi-kutladi\/#breadcrumb"},"inLanguage":"tr","potentialAction":[{"@type":"ReadAction","target":["https:\/\/kuzeyinsesi.org\/index.php\/2024\/04\/29\/cumhurbaskani-ersin-tatar-yeniden-ydp-genel-baskani-secilen-arikliyi-kutladi\/"]}]},{"@type":"ImageObject","inLanguage":"tr","@id":"https:\/\/kuzeyinsesi.org\/index.php\/2024\/04\/29\/cumhurbaskani-ersin-tatar-yeniden-ydp-genel-baskani-secilen-arikliyi-kutladi\/#primaryimage","url":"https:\/\/kuzeyinsesi.org\/wp-content\/uploads\/2024\/04\/ersin-tatar-2020-1771.jpg","contentUrl":"https:\/\/kuzeyinsesi.org\/wp-content\/uploads\/2024\/04\/ersin-tatar-2020-1771.jpg","width":2048,"height":1365},{"@type":"BreadcrumbList","@id":"https:\/\/kuzeyinsesi.org\/index.php\/2024\/04\/29\/cumhurbaskani-ersin-tatar-yeniden-ydp-genel-baskani-secilen-arikliyi-kutladi\/#breadcrumb","itemListElement":[{"@type":"ListItem","position":1,"name":"Anasayfa","item":"https:\/\/kuzeyinsesi.org\/"},{"@type":"ListItem","position":2,"name":"Cumhurba\u015fkan\u0131 Ersin Tatar, yeniden YDP Genel Ba\u015fkan\u0131 se\u00e7ilen Ar\u0131kl\u0131\u2019y\u0131 kutlad\u0131"}]},{"@type":"WebSite","@id":"https:\/\/kuzeyinsesi.org\/#website","url":"https:\/\/kuzeyinsesi.org\/","name":"Kuzeyin Sesi","description":"Do\u011fru Haberin Adresi","potentialAction":[{"@type":"SearchAction","target":{"@type":"EntryPoint","urlTemplate":"https:\/\/kuzeyinsesi.org\/?s={search_term_string}"},"query-input":{"@type":"PropertyValueSpecification","valueRequired":true,"valueName":"search_term_string"}}],"inLanguage":"tr"},{"@type":"Person","@id":"https:\/\/kuzeyinsesi.org\/#\/schema\/person\/9f859689cdf01485597712386e37f5aa","name":"Kuzeyin Sesi","image":{"@type":"ImageObject","inLanguage":"tr","@id":"https:\/\/secure.gravatar.com\/avatar\/bab33852abfd8b282518d6ed81826833d77c3c882d9ab608add591ccace47a44?s=96&d=mm&r=g","url":"https:\/\/secure.gravatar.com\/avatar\/bab33852abfd8b282518d6ed81826833d77c3c882d9ab608add591ccace47a44?s=96&d=mm&r=g","contentUrl":"https:\/\/secure.gravatar.com\/avatar\/bab33852abfd8b282518d6ed81826833d77c3c882d9ab608add591ccace47a44?s=96&d=mm&r=g","caption":"Kuzeyin Sesi"},"sameAs":["https:\/\/kuzeyinsesi.org"],"url":"https:\/\/kuzeyinsesi.org\/index.php\/author\/guven\/"}]}},"_links":{"self":[{"href":"https:\/\/kuzeyinsesi.org\/index.php\/wp-json\/wp\/v2\/posts\/833","targetHints":{"allow":["GET"]}}],"collection":[{"href":"https:\/\/kuzeyinsesi.org\/index.php\/wp-json\/wp\/v2\/posts"}],"about":[{"href":"https:\/\/kuzeyinsesi.org\/index.php\/wp-json\/wp\/v2\/types\/post"}],"author":[{"embeddable":true,"href":"https:\/\/kuzeyinsesi.org\/index.php\/wp-json\/wp\/v2\/users\/1"}],"replies":[{"embeddable":true,"href":"https:\/\/kuzeyinsesi.org\/index.php\/wp-json\/wp\/v2\/comments?post=833"}],"version-history":[{"count":0,"href":"https:\/\/kuzeyinsesi.org\/index.php\/wp-json\/wp\/v2\/posts\/833\/revisions"}],"wp:featuredmedia":[{"embeddable":true,"href":"https:\/\/kuzeyinsesi.org\/index.php\/wp-json\/wp\/v2\/media\/834"}],"wp:attachment":[{"href":"https:\/\/kuzeyinsesi.org\/index.php\/wp-json\/wp\/v2\/media?parent=833"}],"wp:term":[{"taxonomy":"category","embeddable":true,"href":"https:\/\/kuzeyinsesi.org\/index.php\/wp-json\/wp\/v2\/categories?post=833"},{"taxonomy":"post_tag","embeddable":true,"href":"https:\/\/kuzeyinsesi.org\/index.php\/wp-json\/wp\/v2\/tags?post=833"}],"curies":[{"name":"wp","href":"https:\/\/api.w.org\/{rel}","templated":true}]}}