{"id":8324,"date":"2024-08-21T12:04:50","date_gmt":"2024-08-21T09:04:50","guid":{"rendered":"https:\/\/kuzeyinsesi.org\/index.php\/2024\/08\/21\/prof-dr-ismail-sahinin-kibrista-iki-devletli-cozum-tarih-kimlik-siyaset-adli-kitabi-yayinlandi\/"},"modified":"2024-08-21T12:04:50","modified_gmt":"2024-08-21T09:04:50","slug":"prof-dr-ismail-sahinin-kibrista-iki-devletli-cozum-tarih-kimlik-siyaset-adli-kitabi-yayinlandi","status":"publish","type":"post","link":"https:\/\/kuzeyinsesi.org\/index.php\/2024\/08\/21\/prof-dr-ismail-sahinin-kibrista-iki-devletli-cozum-tarih-kimlik-siyaset-adli-kitabi-yayinlandi\/","title":{"rendered":"Prof. Dr. \u0130smail \u015eahin\u2019in \u201cK\u0131br\u0131s\u2019ta \u0130ki Devletli \u00c7\u00f6z\u00fcm: Tarih, Kimlik, Siyaset\u201d adl\u0131 kitab\u0131 yay\u0131nland\u0131"},"content":{"rendered":"<div>\n<div class=\"mariselle-image-container center\">\n                                            <\/div>\n<p>Akademisyen \u0130smail \u015eahin\u2019in \u201cK\u0131br\u0131s\u2019ta \u0130ki Devletli \u00c7\u00f6z\u00fcm: Tarih, Kimlik, Siyaset\u201d adl\u0131 kitab\u0131 yay\u0131nland\u0131.<\/p>\n<p>K\u0131br\u0131s\u2019ta \u0130ki Devletli \u00c7\u00f6z\u00fcm: Tarih, Kimlik, Siyaset\u201d ba\u015fl\u0131kl\u0131 eser, adan\u0131n karma\u015f\u0131k tarihsel s\u00fcre\u00e7lerini, etnik kimliklerin evrimini ve iki devletli \u00e7\u00f6z\u00fcm \u00f6nerisinin k\u00f6kenlerini inceleyen kapsaml\u0131 bir \u00e7al\u0131\u015fma.<\/p>\n<p>Kitapta, K\u0131br\u0131s sorununun tarihsel arka plan\u0131 ele al\u0131n\u0131rken, 1963-1974 y\u0131llar\u0131 aras\u0131ndaki kritik d\u00f6nemleri, T\u00fcrk ve Rum toplumlar\u0131n\u0131n deneyimlerini ve K\u0131br\u0131s Bar\u0131\u015f Harek\u00e2t\u0131\u2019n\u0131n ada \u00fczerindeki kal\u0131c\u0131 etkileri detayland\u0131r\u0131l\u0131yor. Ayn\u0131 zamanda, iki toplum aras\u0131ndaki kimlik \u00e7at\u0131\u015fmalar\u0131 ve bu \u00e7at\u0131\u015fmalar\u0131n K\u0131br\u0131s\u2019ta kal\u0131c\u0131 bir bar\u0131\u015f\u0131n sa\u011flanmas\u0131 \u00f6n\u00fcndeki engelleri nas\u0131l peki\u015ftirdi\u011fi irdeleniyor.<\/p>\n<p>Prof.Dr. \u0130smail \u015eahin, kitapla ilgili yapt\u0131\u011f\u0131 a\u00e7\u0131klamada \u201c\u201cK\u0131br\u0131s meselesi, yaln\u0131zca adan\u0131n iki toplumunu de\u011fil, ayn\u0131 zamanda b\u00f6lgesel ve uluslararas\u0131 siyaseti de derinden etkileyen, uzun soluklu bir sorundur\u201d\u201d ifadelerini kulland\u0131.<\/p>\n<p>\u201cEserin en dikkat \u00e7ekici y\u00f6nlerinden biri de, federasyon tezinin K\u0131br\u0131s\u2019\u0131n benzersiz sosyo-politik yap\u0131s\u0131na uygun olup olmad\u0131\u011f\u0131n\u0131 sorgulamas\u0131d\u0131r\u201d diyen \u015eahin s\u00f6zlerini \u015f\u00f6yle s\u00fcrd\u00fcrd\u00fc:<\/p>\n<p>\u201cKitap, federasyon modelinin adada kal\u0131c\u0131 bir \u00e7\u00f6z\u00fcm sa\u011flay\u0131p sa\u011flayamayaca\u011f\u0131n\u0131 ele al\u0131rken, bu modelin zorluklar\u0131n\u0131 ve teorik gerekliliklerini titizlikle de\u011ferlendiriyor. Federasyonun getirece\u011fi potansiyel tehlikeler ve riskler masaya yat\u0131r\u0131l\u0131rken, iki devletli \u00e7\u00f6z\u00fcm\u00fcn neden alternatif bir yol olarak \u00f6ne \u00e7\u0131kt\u0131\u011f\u0131 detayland\u0131r\u0131l\u0131yor.<\/p>\n<p>\u201cK\u0131br\u0131s\u2019ta \u0130ki Devletli \u00c7\u00f6z\u00fcm: Tarih, Kimlik, Siyaset\u201d kitab\u0131, K\u0131br\u0131s\u2019\u0131n siyasi co\u011frafyas\u0131n\u0131 ve bu co\u011frafya \u00fczerindeki g\u00fc\u00e7 dengelerini analiz ederken ge\u00e7mi\u015fin g\u00f6lgesinde \u015fekillenen bug\u00fcnk\u00fc siyasi dinamikleri anlamak i\u00e7in okuyucuya zengin bir perspektif sunuyor.<\/p>\n<p>Bu eser, K\u0131br\u0131s meselesine ilgi duyan akademisyenler, siyaset\u00e7iler, tarih\u00e7iler ve uluslararas\u0131 ili\u015fkiler uzmanlar\u0131 i\u00e7in incelenmesi gereken bir kaynak olmas\u0131n\u0131n yan\u0131 s\u0131ra, konuya derinlemesine ilgi duyan genel okur kitlesine de hitap etmektedir. K\u0131br\u0131s\u2019\u0131n gelece\u011fini \u015fekillendirecek bu \u00f6nemli tart\u0131\u015fmay\u0131 anlamak ve katk\u0131da bulunmak isteyen herkesin ba\u015fvurabilece\u011fi bir referans niteli\u011findedir.\u201d <\/p>\n<p>Prof. Dr. \u0130smail \u015eahin kimdir?<\/p>\n<p>Prof. Dr. \u0130smail \u015eahin, 1981 y\u0131l\u0131nda KKKTC\u2019de, Yenierenk\u00f6y\u2019de do\u011fdu. \u0130lk\u00f6\u011frenimini Sipahi \u0130lkokulu\u2019nda, orta ve lise e\u011fitimini ise Erenk\u00f6y Ortaokulu ve Lisesi\u2019nde tamamlad\u0131.<\/p>\n<p>Akademik kariyerine, Ankara \u00dcniversitesi Siyasal Bilgiler Fak\u00fcltesi Uluslararas\u0131 \u0130li\u015fkiler B\u00f6l\u00fcm\u00fc\u2019nden mezun olarak ba\u015flad\u0131. K\u0131br\u0131s konusunda haz\u0131rlad\u0131\u011f\u0131 tezlerle Ankara \u00dcniversitesi Sosyal Bilimler Enstit\u00fcs\u00fc\u2019nde y\u00fcksek lisans ve doktora derecelerini ald\u0131. 2017 y\u0131l\u0131nda Siyasi Tarih alan\u0131nda do\u00e7ent unvan\u0131 kazanan \u015eahin, 2022 y\u0131l\u0131nda profes\u00f6rl\u00fck unvan\u0131n\u0131 ald\u0131.<\/p>\n<p>Prof. Dr. \u015eahin, Band\u0131rma Onyedi Eyl\u00fcl \u00dcniversitesi \u0130ktisadi ve \u0130dari Bilimler Fak\u00fcltesi Uluslararas\u0131 \u0130li\u015fkiler B\u00f6l\u00fcm\u00fc\u2019nde \u00f6\u011fretim \u00fcyesi olarak g\u00f6rev yapmaktad\u0131r. Daha \u00f6nce Ankara Hac\u0131 Bayram Veli \u00dcniversitesi ve Karab\u00fck \u00dcniversitesi\u2019nde de \u00f6\u011fretim \u00fcyeli\u011fi yapm\u0131\u015ft\u0131r. Akademik kariyeri boyunca, Milli Savunma \u00dcniversitesi Kara Harp Okulu\u2019nda Uluslararas\u0131 \u0130li\u015fkiler, Do\u011fu Akdeniz ve Jeopolitik, \u0130stanbul \u00dcniversitesi\u2019nde de T\u00fcrk d\u0131\u015f politikas\u0131 dersleri vermi\u015ftir. Uzmanl\u0131k alanlar\u0131 aras\u0131nda K\u0131br\u0131s meselesi, Do\u011fu Akdeniz sorunu ve T\u00fcrk d\u0131\u015f politikas\u0131 yer almakta olup, bu konularda kapsaml\u0131 akademik \u00e7al\u0131\u015fmalar y\u00fcr\u00fctmektedir.<\/p>\n<p>Bunlar\u0131n yan\u0131 s\u0131ra d\u00fc\u015f\u00fcnce kurulu\u015flar\u0131 ile ulusal gazete ve televizyonlara uzmanl\u0131k alanlar\u0131na ili\u015fkin analiz, g\u00f6r\u00fc\u015f, teknik rapor ve k\u00f6\u015fe yaz\u0131lar\u0131yla katk\u0131 sunmaktad\u0131r.<\/p>\n<\/p><\/div>\n<p><script async\n                    defer\n                    crossorigin=\"anonymous\"\n                    src=\"https:\/\/connect.facebook.net\/tr_TR\/sdk.js#xfbml=1&#038;version=v3.3\"\n            ><\/script><\/p>\n","protected":false},"excerpt":{"rendered":"<p>Akademisyen \u0130smail \u015eahin\u2019in \u201cK\u0131br\u0131s\u2019ta \u0130ki Devletli \u00c7\u00f6z\u00fcm: Tarih, Kimlik, Siyaset\u201d adl\u0131 kitab\u0131 yay\u0131nland\u0131. K\u0131br\u0131s\u2019ta \u0130ki Devletli \u00c7\u00f6z\u00fcm: Tarih, Kimlik, Siyaset\u201d ba\u015fl\u0131kl\u0131 eser, adan\u0131n karma\u015f\u0131k tarihsel s\u00fcre\u00e7lerini, etnik kimliklerin evrimini ve iki devletli \u00e7\u00f6z\u00fcm \u00f6nerisinin k\u00f6kenlerini inceleyen kapsaml\u0131 bir \u00e7al\u0131\u015fma. Kitapta, K\u0131br\u0131s sorununun tarihsel arka plan\u0131 ele al\u0131n\u0131rken, 1963-1974 y\u0131llar\u0131 aras\u0131ndaki kritik d\u00f6nemleri, T\u00fcrk ve Rum [&hellip;]<\/p>\n","protected":false},"author":1,"featured_media":8325,"comment_status":"open","ping_status":"open","sticky":false,"template":"","format":"standard","meta":{"jnews-multi-image_gallery":[],"jnews_single_post":[],"jnews_primary_category":[],"jnews_social_meta":[],"jnews_override_counter":[],"footnotes":""},"categories":[6],"tags":[],"class_list":["post-8324","post","type-post","status-publish","format-standard","has-post-thumbnail","hentry","category-yasam"],"yoast_head":"<!-- This site is optimized with the Yoast SEO plugin v27.5 - https:\/\/yoast.com\/product\/yoast-seo-wordpress\/ -->\n<title>Prof. Dr. \u0130smail \u015eahin\u2019in \u201cK\u0131br\u0131s\u2019ta \u0130ki Devletli \u00c7\u00f6z\u00fcm: Tarih, Kimlik, Siyaset\u201d adl\u0131 kitab\u0131 yay\u0131nland\u0131 - Kuzeyin Sesi<\/title>\n<meta name=\"robots\" content=\"index, follow, max-snippet:-1, max-image-preview:large, max-video-preview:-1\" \/>\n<link rel=\"canonical\" href=\"https:\/\/kuzeyinsesi.org\/index.php\/2024\/08\/21\/prof-dr-ismail-sahinin-kibrista-iki-devletli-cozum-tarih-kimlik-siyaset-adli-kitabi-yayinlandi\/\" \/>\n<meta property=\"og:locale\" content=\"tr_TR\" \/>\n<meta property=\"og:type\" content=\"article\" \/>\n<meta property=\"og:title\" content=\"Prof. Dr. \u0130smail \u015eahin\u2019in \u201cK\u0131br\u0131s\u2019ta \u0130ki Devletli \u00c7\u00f6z\u00fcm: Tarih, Kimlik, Siyaset\u201d adl\u0131 kitab\u0131 yay\u0131nland\u0131 - Kuzeyin Sesi\" \/>\n<meta property=\"og:description\" content=\"Akademisyen \u0130smail \u015eahin\u2019in \u201cK\u0131br\u0131s\u2019ta \u0130ki Devletli \u00c7\u00f6z\u00fcm: Tarih, Kimlik, Siyaset\u201d adl\u0131 kitab\u0131 yay\u0131nland\u0131. K\u0131br\u0131s\u2019ta \u0130ki Devletli \u00c7\u00f6z\u00fcm: Tarih, Kimlik, Siyaset\u201d ba\u015fl\u0131kl\u0131 eser, adan\u0131n karma\u015f\u0131k tarihsel s\u00fcre\u00e7lerini, etnik kimliklerin evrimini ve iki devletli \u00e7\u00f6z\u00fcm \u00f6nerisinin k\u00f6kenlerini inceleyen kapsaml\u0131 bir \u00e7al\u0131\u015fma. Kitapta, K\u0131br\u0131s sorununun tarihsel arka plan\u0131 ele al\u0131n\u0131rken, 1963-1974 y\u0131llar\u0131 aras\u0131ndaki kritik d\u00f6nemleri, T\u00fcrk ve Rum [&hellip;]\" \/>\n<meta property=\"og:url\" content=\"https:\/\/kuzeyinsesi.org\/index.php\/2024\/08\/21\/prof-dr-ismail-sahinin-kibrista-iki-devletli-cozum-tarih-kimlik-siyaset-adli-kitabi-yayinlandi\/\" \/>\n<meta property=\"og:site_name\" content=\"Kuzeyin Sesi\" \/>\n<meta property=\"article:publisher\" content=\"https:\/\/www.facebook.com\/kuzeyinsesii\" \/>\n<meta property=\"article:published_time\" content=\"2024-08-21T09:04:50+00:00\" \/>\n<meta property=\"og:image\" content=\"https:\/\/brtk.net\/wp-content\/uploads\/2024\/08\/21\/ismail-sahin-kitap.png?ver=4726d96a4da4f88602366806f7bfd9c1\" \/>\n<meta name=\"author\" content=\"Kuzeyin Sesi\" \/>\n<meta name=\"twitter:card\" content=\"summary_large_image\" \/>\n<meta name=\"twitter:creator\" content=\"@kuzeyinsesii\" \/>\n<meta name=\"twitter:site\" content=\"@kuzeyinsesii\" \/>\n<meta name=\"twitter:label1\" content=\"Yazan:\" \/>\n\t<meta name=\"twitter:data1\" content=\"Kuzeyin Sesi\" \/>\n\t<meta name=\"twitter:label2\" content=\"Tahmini okuma s\u00fcresi\" \/>\n\t<meta name=\"twitter:data2\" content=\"3 dakika\" \/>\n<script type=\"application\/ld+json\" class=\"yoast-schema-graph\">{\"@context\":\"https:\\\/\\\/schema.org\",\"@graph\":[{\"@type\":\"Article\",\"@id\":\"https:\\\/\\\/kuzeyinsesi.org\\\/index.php\\\/2024\\\/08\\\/21\\\/prof-dr-ismail-sahinin-kibrista-iki-devletli-cozum-tarih-kimlik-siyaset-adli-kitabi-yayinlandi\\\/#article\",\"isPartOf\":{\"@id\":\"https:\\\/\\\/kuzeyinsesi.org\\\/index.php\\\/2024\\\/08\\\/21\\\/prof-dr-ismail-sahinin-kibrista-iki-devletli-cozum-tarih-kimlik-siyaset-adli-kitabi-yayinlandi\\\/\"},\"author\":{\"name\":\"Kuzeyin Sesi\",\"@id\":\"https:\\\/\\\/kuzeyinsesi.org\\\/#\\\/schema\\\/person\\\/9f859689cdf01485597712386e37f5aa\"},\"headline\":\"Prof. Dr. \u0130smail \u015eahin\u2019in \u201cK\u0131br\u0131s\u2019ta \u0130ki Devletli \u00c7\u00f6z\u00fcm: Tarih, Kimlik, Siyaset\u201d adl\u0131 kitab\u0131 yay\u0131nland\u0131\",\"datePublished\":\"2024-08-21T09:04:50+00:00\",\"mainEntityOfPage\":{\"@id\":\"https:\\\/\\\/kuzeyinsesi.org\\\/index.php\\\/2024\\\/08\\\/21\\\/prof-dr-ismail-sahinin-kibrista-iki-devletli-cozum-tarih-kimlik-siyaset-adli-kitabi-yayinlandi\\\/\"},\"wordCount\":636,\"commentCount\":0,\"image\":{\"@id\":\"https:\\\/\\\/kuzeyinsesi.org\\\/index.php\\\/2024\\\/08\\\/21\\\/prof-dr-ismail-sahinin-kibrista-iki-devletli-cozum-tarih-kimlik-siyaset-adli-kitabi-yayinlandi\\\/#primaryimage\"},\"thumbnailUrl\":\"https:\\\/\\\/kuzeyinsesi.org\\\/wp-content\\\/uploads\\\/2024\\\/08\\\/ismail-sahin-kitap.png\",\"articleSection\":[\"Ya\u015fam\"],\"inLanguage\":\"tr\",\"potentialAction\":[{\"@type\":\"CommentAction\",\"name\":\"Comment\",\"target\":[\"https:\\\/\\\/kuzeyinsesi.org\\\/index.php\\\/2024\\\/08\\\/21\\\/prof-dr-ismail-sahinin-kibrista-iki-devletli-cozum-tarih-kimlik-siyaset-adli-kitabi-yayinlandi\\\/#respond\"]}]},{\"@type\":\"WebPage\",\"@id\":\"https:\\\/\\\/kuzeyinsesi.org\\\/index.php\\\/2024\\\/08\\\/21\\\/prof-dr-ismail-sahinin-kibrista-iki-devletli-cozum-tarih-kimlik-siyaset-adli-kitabi-yayinlandi\\\/\",\"url\":\"https:\\\/\\\/kuzeyinsesi.org\\\/index.php\\\/2024\\\/08\\\/21\\\/prof-dr-ismail-sahinin-kibrista-iki-devletli-cozum-tarih-kimlik-siyaset-adli-kitabi-yayinlandi\\\/\",\"name\":\"Prof. Dr. \u0130smail \u015eahin\u2019in \u201cK\u0131br\u0131s\u2019ta \u0130ki Devletli \u00c7\u00f6z\u00fcm: Tarih, Kimlik, Siyaset\u201d adl\u0131 kitab\u0131 yay\u0131nland\u0131 - Kuzeyin Sesi\",\"isPartOf\":{\"@id\":\"https:\\\/\\\/kuzeyinsesi.org\\\/#website\"},\"primaryImageOfPage\":{\"@id\":\"https:\\\/\\\/kuzeyinsesi.org\\\/index.php\\\/2024\\\/08\\\/21\\\/prof-dr-ismail-sahinin-kibrista-iki-devletli-cozum-tarih-kimlik-siyaset-adli-kitabi-yayinlandi\\\/#primaryimage\"},\"image\":{\"@id\":\"https:\\\/\\\/kuzeyinsesi.org\\\/index.php\\\/2024\\\/08\\\/21\\\/prof-dr-ismail-sahinin-kibrista-iki-devletli-cozum-tarih-kimlik-siyaset-adli-kitabi-yayinlandi\\\/#primaryimage\"},\"thumbnailUrl\":\"https:\\\/\\\/kuzeyinsesi.org\\\/wp-content\\\/uploads\\\/2024\\\/08\\\/ismail-sahin-kitap.png\",\"datePublished\":\"2024-08-21T09:04:50+00:00\",\"author\":{\"@id\":\"https:\\\/\\\/kuzeyinsesi.org\\\/#\\\/schema\\\/person\\\/9f859689cdf01485597712386e37f5aa\"},\"breadcrumb\":{\"@id\":\"https:\\\/\\\/kuzeyinsesi.org\\\/index.php\\\/2024\\\/08\\\/21\\\/prof-dr-ismail-sahinin-kibrista-iki-devletli-cozum-tarih-kimlik-siyaset-adli-kitabi-yayinlandi\\\/#breadcrumb\"},\"inLanguage\":\"tr\",\"potentialAction\":[{\"@type\":\"ReadAction\",\"target\":[\"https:\\\/\\\/kuzeyinsesi.org\\\/index.php\\\/2024\\\/08\\\/21\\\/prof-dr-ismail-sahinin-kibrista-iki-devletli-cozum-tarih-kimlik-siyaset-adli-kitabi-yayinlandi\\\/\"]}]},{\"@type\":\"ImageObject\",\"inLanguage\":\"tr\",\"@id\":\"https:\\\/\\\/kuzeyinsesi.org\\\/index.php\\\/2024\\\/08\\\/21\\\/prof-dr-ismail-sahinin-kibrista-iki-devletli-cozum-tarih-kimlik-siyaset-adli-kitabi-yayinlandi\\\/#primaryimage\",\"url\":\"https:\\\/\\\/kuzeyinsesi.org\\\/wp-content\\\/uploads\\\/2024\\\/08\\\/ismail-sahin-kitap.png\",\"contentUrl\":\"https:\\\/\\\/kuzeyinsesi.org\\\/wp-content\\\/uploads\\\/2024\\\/08\\\/ismail-sahin-kitap.png\",\"width\":436,\"height\":649},{\"@type\":\"BreadcrumbList\",\"@id\":\"https:\\\/\\\/kuzeyinsesi.org\\\/index.php\\\/2024\\\/08\\\/21\\\/prof-dr-ismail-sahinin-kibrista-iki-devletli-cozum-tarih-kimlik-siyaset-adli-kitabi-yayinlandi\\\/#breadcrumb\",\"itemListElement\":[{\"@type\":\"ListItem\",\"position\":1,\"name\":\"Anasayfa\",\"item\":\"https:\\\/\\\/kuzeyinsesi.org\\\/\"},{\"@type\":\"ListItem\",\"position\":2,\"name\":\"Prof. Dr. \u0130smail \u015eahin\u2019in \u201cK\u0131br\u0131s\u2019ta \u0130ki Devletli \u00c7\u00f6z\u00fcm: Tarih, Kimlik, Siyaset\u201d adl\u0131 kitab\u0131 yay\u0131nland\u0131\"}]},{\"@type\":\"WebSite\",\"@id\":\"https:\\\/\\\/kuzeyinsesi.org\\\/#website\",\"url\":\"https:\\\/\\\/kuzeyinsesi.org\\\/\",\"name\":\"Kuzeyin Sesi\",\"description\":\"Do\u011fru Haberin Adresi\",\"potentialAction\":[{\"@type\":\"SearchAction\",\"target\":{\"@type\":\"EntryPoint\",\"urlTemplate\":\"https:\\\/\\\/kuzeyinsesi.org\\\/?s={search_term_string}\"},\"query-input\":{\"@type\":\"PropertyValueSpecification\",\"valueRequired\":true,\"valueName\":\"search_term_string\"}}],\"inLanguage\":\"tr\"},{\"@type\":\"Person\",\"@id\":\"https:\\\/\\\/kuzeyinsesi.org\\\/#\\\/schema\\\/person\\\/9f859689cdf01485597712386e37f5aa\",\"name\":\"Kuzeyin Sesi\",\"image\":{\"@type\":\"ImageObject\",\"inLanguage\":\"tr\",\"@id\":\"https:\\\/\\\/secure.gravatar.com\\\/avatar\\\/bab33852abfd8b282518d6ed81826833d77c3c882d9ab608add591ccace47a44?s=96&d=mm&r=g\",\"url\":\"https:\\\/\\\/secure.gravatar.com\\\/avatar\\\/bab33852abfd8b282518d6ed81826833d77c3c882d9ab608add591ccace47a44?s=96&d=mm&r=g\",\"contentUrl\":\"https:\\\/\\\/secure.gravatar.com\\\/avatar\\\/bab33852abfd8b282518d6ed81826833d77c3c882d9ab608add591ccace47a44?s=96&d=mm&r=g\",\"caption\":\"Kuzeyin Sesi\"},\"sameAs\":[\"https:\\\/\\\/kuzeyinsesi.org\"],\"url\":\"https:\\\/\\\/kuzeyinsesi.org\\\/index.php\\\/author\\\/guven\\\/\"}]}<\/script>\n<!-- \/ Yoast SEO plugin. -->","yoast_head_json":{"title":"Prof. Dr. \u0130smail \u015eahin\u2019in \u201cK\u0131br\u0131s\u2019ta \u0130ki Devletli \u00c7\u00f6z\u00fcm: Tarih, Kimlik, Siyaset\u201d adl\u0131 kitab\u0131 yay\u0131nland\u0131 - Kuzeyin Sesi","robots":{"index":"index","follow":"follow","max-snippet":"max-snippet:-1","max-image-preview":"max-image-preview:large","max-video-preview":"max-video-preview:-1"},"canonical":"https:\/\/kuzeyinsesi.org\/index.php\/2024\/08\/21\/prof-dr-ismail-sahinin-kibrista-iki-devletli-cozum-tarih-kimlik-siyaset-adli-kitabi-yayinlandi\/","og_locale":"tr_TR","og_type":"article","og_title":"Prof. Dr. \u0130smail \u015eahin\u2019in \u201cK\u0131br\u0131s\u2019ta \u0130ki Devletli \u00c7\u00f6z\u00fcm: Tarih, Kimlik, Siyaset\u201d adl\u0131 kitab\u0131 yay\u0131nland\u0131 - Kuzeyin Sesi","og_description":"Akademisyen \u0130smail \u015eahin\u2019in \u201cK\u0131br\u0131s\u2019ta \u0130ki Devletli \u00c7\u00f6z\u00fcm: Tarih, Kimlik, Siyaset\u201d adl\u0131 kitab\u0131 yay\u0131nland\u0131. K\u0131br\u0131s\u2019ta \u0130ki Devletli \u00c7\u00f6z\u00fcm: Tarih, Kimlik, Siyaset\u201d ba\u015fl\u0131kl\u0131 eser, adan\u0131n karma\u015f\u0131k tarihsel s\u00fcre\u00e7lerini, etnik kimliklerin evrimini ve iki devletli \u00e7\u00f6z\u00fcm \u00f6nerisinin k\u00f6kenlerini inceleyen kapsaml\u0131 bir \u00e7al\u0131\u015fma. Kitapta, K\u0131br\u0131s sorununun tarihsel arka plan\u0131 ele al\u0131n\u0131rken, 1963-1974 y\u0131llar\u0131 aras\u0131ndaki kritik d\u00f6nemleri, T\u00fcrk ve Rum [&hellip;]","og_url":"https:\/\/kuzeyinsesi.org\/index.php\/2024\/08\/21\/prof-dr-ismail-sahinin-kibrista-iki-devletli-cozum-tarih-kimlik-siyaset-adli-kitabi-yayinlandi\/","og_site_name":"Kuzeyin Sesi","article_publisher":"https:\/\/www.facebook.com\/kuzeyinsesii","article_published_time":"2024-08-21T09:04:50+00:00","og_image":[{"url":"https:\/\/brtk.net\/wp-content\/uploads\/2024\/08\/21\/ismail-sahin-kitap.png?ver=4726d96a4da4f88602366806f7bfd9c1","type":"","width":"","height":""}],"author":"Kuzeyin Sesi","twitter_card":"summary_large_image","twitter_creator":"@kuzeyinsesii","twitter_site":"@kuzeyinsesii","twitter_misc":{"Yazan:":"Kuzeyin Sesi","Tahmini okuma s\u00fcresi":"3 dakika"},"schema":{"@context":"https:\/\/schema.org","@graph":[{"@type":"Article","@id":"https:\/\/kuzeyinsesi.org\/index.php\/2024\/08\/21\/prof-dr-ismail-sahinin-kibrista-iki-devletli-cozum-tarih-kimlik-siyaset-adli-kitabi-yayinlandi\/#article","isPartOf":{"@id":"https:\/\/kuzeyinsesi.org\/index.php\/2024\/08\/21\/prof-dr-ismail-sahinin-kibrista-iki-devletli-cozum-tarih-kimlik-siyaset-adli-kitabi-yayinlandi\/"},"author":{"name":"Kuzeyin Sesi","@id":"https:\/\/kuzeyinsesi.org\/#\/schema\/person\/9f859689cdf01485597712386e37f5aa"},"headline":"Prof. Dr. \u0130smail \u015eahin\u2019in \u201cK\u0131br\u0131s\u2019ta \u0130ki Devletli \u00c7\u00f6z\u00fcm: Tarih, Kimlik, Siyaset\u201d adl\u0131 kitab\u0131 yay\u0131nland\u0131","datePublished":"2024-08-21T09:04:50+00:00","mainEntityOfPage":{"@id":"https:\/\/kuzeyinsesi.org\/index.php\/2024\/08\/21\/prof-dr-ismail-sahinin-kibrista-iki-devletli-cozum-tarih-kimlik-siyaset-adli-kitabi-yayinlandi\/"},"wordCount":636,"commentCount":0,"image":{"@id":"https:\/\/kuzeyinsesi.org\/index.php\/2024\/08\/21\/prof-dr-ismail-sahinin-kibrista-iki-devletli-cozum-tarih-kimlik-siyaset-adli-kitabi-yayinlandi\/#primaryimage"},"thumbnailUrl":"https:\/\/kuzeyinsesi.org\/wp-content\/uploads\/2024\/08\/ismail-sahin-kitap.png","articleSection":["Ya\u015fam"],"inLanguage":"tr","potentialAction":[{"@type":"CommentAction","name":"Comment","target":["https:\/\/kuzeyinsesi.org\/index.php\/2024\/08\/21\/prof-dr-ismail-sahinin-kibrista-iki-devletli-cozum-tarih-kimlik-siyaset-adli-kitabi-yayinlandi\/#respond"]}]},{"@type":"WebPage","@id":"https:\/\/kuzeyinsesi.org\/index.php\/2024\/08\/21\/prof-dr-ismail-sahinin-kibrista-iki-devletli-cozum-tarih-kimlik-siyaset-adli-kitabi-yayinlandi\/","url":"https:\/\/kuzeyinsesi.org\/index.php\/2024\/08\/21\/prof-dr-ismail-sahinin-kibrista-iki-devletli-cozum-tarih-kimlik-siyaset-adli-kitabi-yayinlandi\/","name":"Prof. Dr. \u0130smail \u015eahin\u2019in \u201cK\u0131br\u0131s\u2019ta \u0130ki Devletli \u00c7\u00f6z\u00fcm: Tarih, Kimlik, Siyaset\u201d adl\u0131 kitab\u0131 yay\u0131nland\u0131 - Kuzeyin Sesi","isPartOf":{"@id":"https:\/\/kuzeyinsesi.org\/#website"},"primaryImageOfPage":{"@id":"https:\/\/kuzeyinsesi.org\/index.php\/2024\/08\/21\/prof-dr-ismail-sahinin-kibrista-iki-devletli-cozum-tarih-kimlik-siyaset-adli-kitabi-yayinlandi\/#primaryimage"},"image":{"@id":"https:\/\/kuzeyinsesi.org\/index.php\/2024\/08\/21\/prof-dr-ismail-sahinin-kibrista-iki-devletli-cozum-tarih-kimlik-siyaset-adli-kitabi-yayinlandi\/#primaryimage"},"thumbnailUrl":"https:\/\/kuzeyinsesi.org\/wp-content\/uploads\/2024\/08\/ismail-sahin-kitap.png","datePublished":"2024-08-21T09:04:50+00:00","author":{"@id":"https:\/\/kuzeyinsesi.org\/#\/schema\/person\/9f859689cdf01485597712386e37f5aa"},"breadcrumb":{"@id":"https:\/\/kuzeyinsesi.org\/index.php\/2024\/08\/21\/prof-dr-ismail-sahinin-kibrista-iki-devletli-cozum-tarih-kimlik-siyaset-adli-kitabi-yayinlandi\/#breadcrumb"},"inLanguage":"tr","potentialAction":[{"@type":"ReadAction","target":["https:\/\/kuzeyinsesi.org\/index.php\/2024\/08\/21\/prof-dr-ismail-sahinin-kibrista-iki-devletli-cozum-tarih-kimlik-siyaset-adli-kitabi-yayinlandi\/"]}]},{"@type":"ImageObject","inLanguage":"tr","@id":"https:\/\/kuzeyinsesi.org\/index.php\/2024\/08\/21\/prof-dr-ismail-sahinin-kibrista-iki-devletli-cozum-tarih-kimlik-siyaset-adli-kitabi-yayinlandi\/#primaryimage","url":"https:\/\/kuzeyinsesi.org\/wp-content\/uploads\/2024\/08\/ismail-sahin-kitap.png","contentUrl":"https:\/\/kuzeyinsesi.org\/wp-content\/uploads\/2024\/08\/ismail-sahin-kitap.png","width":436,"height":649},{"@type":"BreadcrumbList","@id":"https:\/\/kuzeyinsesi.org\/index.php\/2024\/08\/21\/prof-dr-ismail-sahinin-kibrista-iki-devletli-cozum-tarih-kimlik-siyaset-adli-kitabi-yayinlandi\/#breadcrumb","itemListElement":[{"@type":"ListItem","position":1,"name":"Anasayfa","item":"https:\/\/kuzeyinsesi.org\/"},{"@type":"ListItem","position":2,"name":"Prof. Dr. \u0130smail \u015eahin\u2019in \u201cK\u0131br\u0131s\u2019ta \u0130ki Devletli \u00c7\u00f6z\u00fcm: Tarih, Kimlik, Siyaset\u201d adl\u0131 kitab\u0131 yay\u0131nland\u0131"}]},{"@type":"WebSite","@id":"https:\/\/kuzeyinsesi.org\/#website","url":"https:\/\/kuzeyinsesi.org\/","name":"Kuzeyin Sesi","description":"Do\u011fru Haberin Adresi","potentialAction":[{"@type":"SearchAction","target":{"@type":"EntryPoint","urlTemplate":"https:\/\/kuzeyinsesi.org\/?s={search_term_string}"},"query-input":{"@type":"PropertyValueSpecification","valueRequired":true,"valueName":"search_term_string"}}],"inLanguage":"tr"},{"@type":"Person","@id":"https:\/\/kuzeyinsesi.org\/#\/schema\/person\/9f859689cdf01485597712386e37f5aa","name":"Kuzeyin Sesi","image":{"@type":"ImageObject","inLanguage":"tr","@id":"https:\/\/secure.gravatar.com\/avatar\/bab33852abfd8b282518d6ed81826833d77c3c882d9ab608add591ccace47a44?s=96&d=mm&r=g","url":"https:\/\/secure.gravatar.com\/avatar\/bab33852abfd8b282518d6ed81826833d77c3c882d9ab608add591ccace47a44?s=96&d=mm&r=g","contentUrl":"https:\/\/secure.gravatar.com\/avatar\/bab33852abfd8b282518d6ed81826833d77c3c882d9ab608add591ccace47a44?s=96&d=mm&r=g","caption":"Kuzeyin Sesi"},"sameAs":["https:\/\/kuzeyinsesi.org"],"url":"https:\/\/kuzeyinsesi.org\/index.php\/author\/guven\/"}]}},"_links":{"self":[{"href":"https:\/\/kuzeyinsesi.org\/index.php\/wp-json\/wp\/v2\/posts\/8324","targetHints":{"allow":["GET"]}}],"collection":[{"href":"https:\/\/kuzeyinsesi.org\/index.php\/wp-json\/wp\/v2\/posts"}],"about":[{"href":"https:\/\/kuzeyinsesi.org\/index.php\/wp-json\/wp\/v2\/types\/post"}],"author":[{"embeddable":true,"href":"https:\/\/kuzeyinsesi.org\/index.php\/wp-json\/wp\/v2\/users\/1"}],"replies":[{"embeddable":true,"href":"https:\/\/kuzeyinsesi.org\/index.php\/wp-json\/wp\/v2\/comments?post=8324"}],"version-history":[{"count":0,"href":"https:\/\/kuzeyinsesi.org\/index.php\/wp-json\/wp\/v2\/posts\/8324\/revisions"}],"wp:featuredmedia":[{"embeddable":true,"href":"https:\/\/kuzeyinsesi.org\/index.php\/wp-json\/wp\/v2\/media\/8325"}],"wp:attachment":[{"href":"https:\/\/kuzeyinsesi.org\/index.php\/wp-json\/wp\/v2\/media?parent=8324"}],"wp:term":[{"taxonomy":"category","embeddable":true,"href":"https:\/\/kuzeyinsesi.org\/index.php\/wp-json\/wp\/v2\/categories?post=8324"},{"taxonomy":"post_tag","embeddable":true,"href":"https:\/\/kuzeyinsesi.org\/index.php\/wp-json\/wp\/v2\/tags?post=8324"}],"curies":[{"name":"wp","href":"https:\/\/api.w.org\/{rel}","templated":true}]}}