{"id":831,"date":"2024-04-29T00:21:10","date_gmt":"2024-04-28T21:21:10","guid":{"rendered":"https:\/\/kuzeyinsesi.com\/index.php\/2024\/04\/29\/ydp-kurultayinda-oy-sayimi-tamamlandi-baskan-yeniden-erhan-arikli\/"},"modified":"2024-04-29T00:21:10","modified_gmt":"2024-04-28T21:21:10","slug":"ydp-kurultayinda-oy-sayimi-tamamlandi-baskan-yeniden-erhan-arikli","status":"publish","type":"post","link":"https:\/\/kuzeyinsesi.org\/index.php\/2024\/04\/29\/ydp-kurultayinda-oy-sayimi-tamamlandi-baskan-yeniden-erhan-arikli\/","title":{"rendered":"YDP Kurultay\u0131\u2019nda oy say\u0131m\u0131 tamamland\u0131\u2026 Ba\u015fkan yeniden Erhan Ar\u0131kl\u0131"},"content":{"rendered":"<div>\n<div class=\"mariselle-image-container center\">\n                                            <\/div>\n<p>\u00a0<\/p>\n<p>Yeniden Do\u011fu\u015f Partisi (YDP) 4\u2019\u00fcnc\u00fc Ola\u011fan Kurultay\u0131\u2019nda oy say\u0131m i\u015flemleri tamamland\u0131. Erhan Ar\u0131kl\u0131 yeniden YDP Genel Ba\u015fkan\u0131 olarak se\u00e7ildi. <\/p>\n<p>Atat\u00fcrk Spor Salonu\u2019nda saat 10.30 itibar\u0131yla ba\u015flayan ve 20.00 s\u0131ralar\u0131nda tamamlanan oylama s\u00fcrecinin ard\u0131ndan Divan Ba\u015fkanl\u0131\u011f\u0131 il\u00e7elere g\u00f6re oy say\u0131m\u0131n\u0131 ger\u00e7ekle\u015ftirdi. <\/p>\n<p>YDP\u2019den elde edilen bilgiye g\u00f6re, mevcut Genel Ba\u015fkan Erhan Ar\u0131kl\u0131 ve Genel Sekreter Talip Atalay\u2019\u0131n ba\u015fkanl\u0131k i\u00e7in yar\u0131\u015ft\u0131\u011f\u0131 Kurultay\u2019da oy da\u011f\u0131l\u0131m\u0131 \u015fu \u015fekilde oldu: <\/p>\n<p>\u201cLefko\u015fa: toplam 707 oy, 493 Erhan Ar\u0131kl\u0131, 203 Talip Atalay, 11 ge\u00e7ersiz <\/p>\n<p>Gazima\u011fusa: toplam 719 oy, 401 Talip Atalay, 311 Erhan Ar\u0131kl\u0131, 7 ge\u00e7ersiz<\/p>\n<p>Girne: toplam 1024 oy, 691 Erhan Ar\u0131kl\u0131, 320 Talip Atalay, 13 ge\u00e7ersiz<\/p>\n<p>G\u00fczelyurt: toplam 298 oy, 152 Erhan Ar\u0131kl\u0131, 138 Talip Atalay, 8 ge\u00e7ersiz<\/p>\n<p>Lefke: toplam 62 oy, 49 Erhan Ar\u0131kl\u0131, 12 Talip Atalay ve 1 ge\u00e7ersiz<\/p>\n<p>\u0130skele: toplam 311 oy, 225 Erhan Ar\u0131kl\u0131, 81 Talip Atalay, 5 ge\u00e7ersiz.\u201d<\/p>\n<p>Yeniden se\u00e7ilen YDP Genel Ba\u015fkan\u0131, Bay\u0131nd\u0131rl\u0131k ve Ula\u015ft\u0131rma Bakan\u0131 Erhan Ar\u0131kl\u0131\u2019n\u0131n bir konu\u015fma yapmas\u0131 bekleniyor.<\/p>\n<\/p><\/div>\n<p><script async\n                    defer\n                    crossorigin=\"anonymous\"\n                    src=\"https:\/\/connect.facebook.net\/tr_TR\/sdk.js#xfbml=1&#038;version=v3.3\"\n            ><\/script><\/p>\n","protected":false},"excerpt":{"rendered":"<p>\u00a0 Yeniden Do\u011fu\u015f Partisi (YDP) 4\u2019\u00fcnc\u00fc Ola\u011fan Kurultay\u0131\u2019nda oy say\u0131m i\u015flemleri tamamland\u0131. Erhan Ar\u0131kl\u0131 yeniden YDP Genel Ba\u015fkan\u0131 olarak se\u00e7ildi. Atat\u00fcrk Spor Salonu\u2019nda saat 10.30 itibar\u0131yla ba\u015flayan ve 20.00 s\u0131ralar\u0131nda tamamlanan oylama s\u00fcrecinin ard\u0131ndan Divan Ba\u015fkanl\u0131\u011f\u0131 il\u00e7elere g\u00f6re oy say\u0131m\u0131n\u0131 ger\u00e7ekle\u015ftirdi. YDP\u2019den elde edilen bilgiye g\u00f6re, mevcut Genel Ba\u015fkan Erhan Ar\u0131kl\u0131 ve Genel Sekreter Talip [&hellip;]<\/p>\n","protected":false},"author":1,"featured_media":832,"comment_status":"open","ping_status":"open","sticky":false,"template":"","format":"standard","meta":{"jnews-multi-image_gallery":[],"jnews_single_post":[],"jnews_primary_category":[],"jnews_social_meta":[],"jnews_override_counter":[],"footnotes":""},"categories":[1],"tags":[],"class_list":["post-831","post","type-post","status-publish","format-standard","has-post-thumbnail","hentry","category-kibris"],"yoast_head":"<!-- This site is optimized with the Yoast SEO plugin v27.4 - https:\/\/yoast.com\/product\/yoast-seo-wordpress\/ -->\n<title>YDP Kurultay\u0131\u2019nda oy say\u0131m\u0131 tamamland\u0131\u2026 Ba\u015fkan yeniden Erhan Ar\u0131kl\u0131 - Kuzeyin Sesi<\/title>\n<meta name=\"robots\" content=\"index, follow, max-snippet:-1, max-image-preview:large, max-video-preview:-1\" \/>\n<link rel=\"canonical\" href=\"https:\/\/kuzeyinsesi.org\/index.php\/2024\/04\/29\/ydp-kurultayinda-oy-sayimi-tamamlandi-baskan-yeniden-erhan-arikli\/\" \/>\n<meta property=\"og:locale\" content=\"tr_TR\" \/>\n<meta property=\"og:type\" content=\"article\" \/>\n<meta property=\"og:title\" content=\"YDP Kurultay\u0131\u2019nda oy say\u0131m\u0131 tamamland\u0131\u2026 Ba\u015fkan yeniden Erhan Ar\u0131kl\u0131 - Kuzeyin Sesi\" \/>\n<meta property=\"og:description\" content=\"\u00a0 Yeniden Do\u011fu\u015f Partisi (YDP) 4\u2019\u00fcnc\u00fc Ola\u011fan Kurultay\u0131\u2019nda oy say\u0131m i\u015flemleri tamamland\u0131. Erhan Ar\u0131kl\u0131 yeniden YDP Genel Ba\u015fkan\u0131 olarak se\u00e7ildi. Atat\u00fcrk Spor Salonu\u2019nda saat 10.30 itibar\u0131yla ba\u015flayan ve 20.00 s\u0131ralar\u0131nda tamamlanan oylama s\u00fcrecinin ard\u0131ndan Divan Ba\u015fkanl\u0131\u011f\u0131 il\u00e7elere g\u00f6re oy say\u0131m\u0131n\u0131 ger\u00e7ekle\u015ftirdi. YDP\u2019den elde edilen bilgiye g\u00f6re, mevcut Genel Ba\u015fkan Erhan Ar\u0131kl\u0131 ve Genel Sekreter Talip [&hellip;]\" \/>\n<meta property=\"og:url\" content=\"https:\/\/kuzeyinsesi.org\/index.php\/2024\/04\/29\/ydp-kurultayinda-oy-sayimi-tamamlandi-baskan-yeniden-erhan-arikli\/\" \/>\n<meta property=\"og:site_name\" content=\"Kuzeyin Sesi\" \/>\n<meta property=\"article:publisher\" content=\"https:\/\/www.facebook.com\/kuzeyinsesii\" \/>\n<meta property=\"article:published_time\" content=\"2024-04-28T21:21:10+00:00\" \/>\n<meta property=\"og:image\" content=\"https:\/\/kuzeyinsesi.org\/wp-content\/uploads\/2024\/04\/Screenshot_20240428_232033_Facebook.jpg\" \/>\n\t<meta property=\"og:image:width\" content=\"813\" \/>\n\t<meta property=\"og:image:height\" content=\"511\" \/>\n\t<meta property=\"og:image:type\" content=\"image\/jpeg\" \/>\n<meta name=\"author\" content=\"Kuzeyin Sesi\" \/>\n<meta name=\"twitter:card\" content=\"summary_large_image\" \/>\n<meta name=\"twitter:creator\" content=\"@kuzeyinsesii\" \/>\n<meta name=\"twitter:site\" content=\"@kuzeyinsesii\" \/>\n<meta name=\"twitter:label1\" content=\"Yazan:\" \/>\n\t<meta name=\"twitter:data1\" content=\"Kuzeyin Sesi\" \/>\n\t<meta name=\"twitter:label2\" content=\"Tahmini okuma s\u00fcresi\" \/>\n\t<meta name=\"twitter:data2\" content=\"1 dakika\" \/>\n<script type=\"application\/ld+json\" class=\"yoast-schema-graph\">{\"@context\":\"https:\\\/\\\/schema.org\",\"@graph\":[{\"@type\":\"Article\",\"@id\":\"https:\\\/\\\/kuzeyinsesi.org\\\/index.php\\\/2024\\\/04\\\/29\\\/ydp-kurultayinda-oy-sayimi-tamamlandi-baskan-yeniden-erhan-arikli\\\/#article\",\"isPartOf\":{\"@id\":\"https:\\\/\\\/kuzeyinsesi.org\\\/index.php\\\/2024\\\/04\\\/29\\\/ydp-kurultayinda-oy-sayimi-tamamlandi-baskan-yeniden-erhan-arikli\\\/\"},\"author\":{\"name\":\"Kuzeyin Sesi\",\"@id\":\"https:\\\/\\\/kuzeyinsesi.org\\\/#\\\/schema\\\/person\\\/9f859689cdf01485597712386e37f5aa\"},\"headline\":\"YDP Kurultay\u0131\u2019nda oy say\u0131m\u0131 tamamland\u0131\u2026 Ba\u015fkan yeniden Erhan Ar\u0131kl\u0131\",\"datePublished\":\"2024-04-28T21:21:10+00:00\",\"mainEntityOfPage\":{\"@id\":\"https:\\\/\\\/kuzeyinsesi.org\\\/index.php\\\/2024\\\/04\\\/29\\\/ydp-kurultayinda-oy-sayimi-tamamlandi-baskan-yeniden-erhan-arikli\\\/\"},\"wordCount\":200,\"commentCount\":0,\"image\":{\"@id\":\"https:\\\/\\\/kuzeyinsesi.org\\\/index.php\\\/2024\\\/04\\\/29\\\/ydp-kurultayinda-oy-sayimi-tamamlandi-baskan-yeniden-erhan-arikli\\\/#primaryimage\"},\"thumbnailUrl\":\"https:\\\/\\\/kuzeyinsesi.org\\\/wp-content\\\/uploads\\\/2024\\\/04\\\/Screenshot_20240428_232033_Facebook.jpg\",\"articleSection\":[\"K\u0131br\u0131s\"],\"inLanguage\":\"tr\",\"potentialAction\":[{\"@type\":\"CommentAction\",\"name\":\"Comment\",\"target\":[\"https:\\\/\\\/kuzeyinsesi.org\\\/index.php\\\/2024\\\/04\\\/29\\\/ydp-kurultayinda-oy-sayimi-tamamlandi-baskan-yeniden-erhan-arikli\\\/#respond\"]}]},{\"@type\":\"WebPage\",\"@id\":\"https:\\\/\\\/kuzeyinsesi.org\\\/index.php\\\/2024\\\/04\\\/29\\\/ydp-kurultayinda-oy-sayimi-tamamlandi-baskan-yeniden-erhan-arikli\\\/\",\"url\":\"https:\\\/\\\/kuzeyinsesi.org\\\/index.php\\\/2024\\\/04\\\/29\\\/ydp-kurultayinda-oy-sayimi-tamamlandi-baskan-yeniden-erhan-arikli\\\/\",\"name\":\"YDP Kurultay\u0131\u2019nda oy say\u0131m\u0131 tamamland\u0131\u2026 Ba\u015fkan yeniden Erhan Ar\u0131kl\u0131 - Kuzeyin Sesi\",\"isPartOf\":{\"@id\":\"https:\\\/\\\/kuzeyinsesi.org\\\/#website\"},\"primaryImageOfPage\":{\"@id\":\"https:\\\/\\\/kuzeyinsesi.org\\\/index.php\\\/2024\\\/04\\\/29\\\/ydp-kurultayinda-oy-sayimi-tamamlandi-baskan-yeniden-erhan-arikli\\\/#primaryimage\"},\"image\":{\"@id\":\"https:\\\/\\\/kuzeyinsesi.org\\\/index.php\\\/2024\\\/04\\\/29\\\/ydp-kurultayinda-oy-sayimi-tamamlandi-baskan-yeniden-erhan-arikli\\\/#primaryimage\"},\"thumbnailUrl\":\"https:\\\/\\\/kuzeyinsesi.org\\\/wp-content\\\/uploads\\\/2024\\\/04\\\/Screenshot_20240428_232033_Facebook.jpg\",\"datePublished\":\"2024-04-28T21:21:10+00:00\",\"author\":{\"@id\":\"https:\\\/\\\/kuzeyinsesi.org\\\/#\\\/schema\\\/person\\\/9f859689cdf01485597712386e37f5aa\"},\"breadcrumb\":{\"@id\":\"https:\\\/\\\/kuzeyinsesi.org\\\/index.php\\\/2024\\\/04\\\/29\\\/ydp-kurultayinda-oy-sayimi-tamamlandi-baskan-yeniden-erhan-arikli\\\/#breadcrumb\"},\"inLanguage\":\"tr\",\"potentialAction\":[{\"@type\":\"ReadAction\",\"target\":[\"https:\\\/\\\/kuzeyinsesi.org\\\/index.php\\\/2024\\\/04\\\/29\\\/ydp-kurultayinda-oy-sayimi-tamamlandi-baskan-yeniden-erhan-arikli\\\/\"]}]},{\"@type\":\"ImageObject\",\"inLanguage\":\"tr\",\"@id\":\"https:\\\/\\\/kuzeyinsesi.org\\\/index.php\\\/2024\\\/04\\\/29\\\/ydp-kurultayinda-oy-sayimi-tamamlandi-baskan-yeniden-erhan-arikli\\\/#primaryimage\",\"url\":\"https:\\\/\\\/kuzeyinsesi.org\\\/wp-content\\\/uploads\\\/2024\\\/04\\\/Screenshot_20240428_232033_Facebook.jpg\",\"contentUrl\":\"https:\\\/\\\/kuzeyinsesi.org\\\/wp-content\\\/uploads\\\/2024\\\/04\\\/Screenshot_20240428_232033_Facebook.jpg\",\"width\":813,\"height\":511},{\"@type\":\"BreadcrumbList\",\"@id\":\"https:\\\/\\\/kuzeyinsesi.org\\\/index.php\\\/2024\\\/04\\\/29\\\/ydp-kurultayinda-oy-sayimi-tamamlandi-baskan-yeniden-erhan-arikli\\\/#breadcrumb\",\"itemListElement\":[{\"@type\":\"ListItem\",\"position\":1,\"name\":\"Anasayfa\",\"item\":\"https:\\\/\\\/kuzeyinsesi.org\\\/\"},{\"@type\":\"ListItem\",\"position\":2,\"name\":\"YDP Kurultay\u0131\u2019nda oy say\u0131m\u0131 tamamland\u0131\u2026 Ba\u015fkan yeniden Erhan Ar\u0131kl\u0131\"}]},{\"@type\":\"WebSite\",\"@id\":\"https:\\\/\\\/kuzeyinsesi.org\\\/#website\",\"url\":\"https:\\\/\\\/kuzeyinsesi.org\\\/\",\"name\":\"Kuzeyin Sesi\",\"description\":\"Do\u011fru Haberin Adresi\",\"potentialAction\":[{\"@type\":\"SearchAction\",\"target\":{\"@type\":\"EntryPoint\",\"urlTemplate\":\"https:\\\/\\\/kuzeyinsesi.org\\\/?s={search_term_string}\"},\"query-input\":{\"@type\":\"PropertyValueSpecification\",\"valueRequired\":true,\"valueName\":\"search_term_string\"}}],\"inLanguage\":\"tr\"},{\"@type\":\"Person\",\"@id\":\"https:\\\/\\\/kuzeyinsesi.org\\\/#\\\/schema\\\/person\\\/9f859689cdf01485597712386e37f5aa\",\"name\":\"Kuzeyin Sesi\",\"image\":{\"@type\":\"ImageObject\",\"inLanguage\":\"tr\",\"@id\":\"https:\\\/\\\/secure.gravatar.com\\\/avatar\\\/bab33852abfd8b282518d6ed81826833d77c3c882d9ab608add591ccace47a44?s=96&d=mm&r=g\",\"url\":\"https:\\\/\\\/secure.gravatar.com\\\/avatar\\\/bab33852abfd8b282518d6ed81826833d77c3c882d9ab608add591ccace47a44?s=96&d=mm&r=g\",\"contentUrl\":\"https:\\\/\\\/secure.gravatar.com\\\/avatar\\\/bab33852abfd8b282518d6ed81826833d77c3c882d9ab608add591ccace47a44?s=96&d=mm&r=g\",\"caption\":\"Kuzeyin Sesi\"},\"sameAs\":[\"https:\\\/\\\/kuzeyinsesi.org\"],\"url\":\"https:\\\/\\\/kuzeyinsesi.org\\\/index.php\\\/author\\\/guven\\\/\"}]}<\/script>\n<!-- \/ Yoast SEO plugin. -->","yoast_head_json":{"title":"YDP Kurultay\u0131\u2019nda oy say\u0131m\u0131 tamamland\u0131\u2026 Ba\u015fkan yeniden Erhan Ar\u0131kl\u0131 - Kuzeyin Sesi","robots":{"index":"index","follow":"follow","max-snippet":"max-snippet:-1","max-image-preview":"max-image-preview:large","max-video-preview":"max-video-preview:-1"},"canonical":"https:\/\/kuzeyinsesi.org\/index.php\/2024\/04\/29\/ydp-kurultayinda-oy-sayimi-tamamlandi-baskan-yeniden-erhan-arikli\/","og_locale":"tr_TR","og_type":"article","og_title":"YDP Kurultay\u0131\u2019nda oy say\u0131m\u0131 tamamland\u0131\u2026 Ba\u015fkan yeniden Erhan Ar\u0131kl\u0131 - Kuzeyin Sesi","og_description":"\u00a0 Yeniden Do\u011fu\u015f Partisi (YDP) 4\u2019\u00fcnc\u00fc Ola\u011fan Kurultay\u0131\u2019nda oy say\u0131m i\u015flemleri tamamland\u0131. Erhan Ar\u0131kl\u0131 yeniden YDP Genel Ba\u015fkan\u0131 olarak se\u00e7ildi. Atat\u00fcrk Spor Salonu\u2019nda saat 10.30 itibar\u0131yla ba\u015flayan ve 20.00 s\u0131ralar\u0131nda tamamlanan oylama s\u00fcrecinin ard\u0131ndan Divan Ba\u015fkanl\u0131\u011f\u0131 il\u00e7elere g\u00f6re oy say\u0131m\u0131n\u0131 ger\u00e7ekle\u015ftirdi. YDP\u2019den elde edilen bilgiye g\u00f6re, mevcut Genel Ba\u015fkan Erhan Ar\u0131kl\u0131 ve Genel Sekreter Talip [&hellip;]","og_url":"https:\/\/kuzeyinsesi.org\/index.php\/2024\/04\/29\/ydp-kurultayinda-oy-sayimi-tamamlandi-baskan-yeniden-erhan-arikli\/","og_site_name":"Kuzeyin Sesi","article_publisher":"https:\/\/www.facebook.com\/kuzeyinsesii","article_published_time":"2024-04-28T21:21:10+00:00","og_image":[{"width":813,"height":511,"url":"https:\/\/kuzeyinsesi.org\/wp-content\/uploads\/2024\/04\/Screenshot_20240428_232033_Facebook.jpg","type":"image\/jpeg"}],"author":"Kuzeyin Sesi","twitter_card":"summary_large_image","twitter_creator":"@kuzeyinsesii","twitter_site":"@kuzeyinsesii","twitter_misc":{"Yazan:":"Kuzeyin Sesi","Tahmini okuma s\u00fcresi":"1 dakika"},"schema":{"@context":"https:\/\/schema.org","@graph":[{"@type":"Article","@id":"https:\/\/kuzeyinsesi.org\/index.php\/2024\/04\/29\/ydp-kurultayinda-oy-sayimi-tamamlandi-baskan-yeniden-erhan-arikli\/#article","isPartOf":{"@id":"https:\/\/kuzeyinsesi.org\/index.php\/2024\/04\/29\/ydp-kurultayinda-oy-sayimi-tamamlandi-baskan-yeniden-erhan-arikli\/"},"author":{"name":"Kuzeyin Sesi","@id":"https:\/\/kuzeyinsesi.org\/#\/schema\/person\/9f859689cdf01485597712386e37f5aa"},"headline":"YDP Kurultay\u0131\u2019nda oy say\u0131m\u0131 tamamland\u0131\u2026 Ba\u015fkan yeniden Erhan Ar\u0131kl\u0131","datePublished":"2024-04-28T21:21:10+00:00","mainEntityOfPage":{"@id":"https:\/\/kuzeyinsesi.org\/index.php\/2024\/04\/29\/ydp-kurultayinda-oy-sayimi-tamamlandi-baskan-yeniden-erhan-arikli\/"},"wordCount":200,"commentCount":0,"image":{"@id":"https:\/\/kuzeyinsesi.org\/index.php\/2024\/04\/29\/ydp-kurultayinda-oy-sayimi-tamamlandi-baskan-yeniden-erhan-arikli\/#primaryimage"},"thumbnailUrl":"https:\/\/kuzeyinsesi.org\/wp-content\/uploads\/2024\/04\/Screenshot_20240428_232033_Facebook.jpg","articleSection":["K\u0131br\u0131s"],"inLanguage":"tr","potentialAction":[{"@type":"CommentAction","name":"Comment","target":["https:\/\/kuzeyinsesi.org\/index.php\/2024\/04\/29\/ydp-kurultayinda-oy-sayimi-tamamlandi-baskan-yeniden-erhan-arikli\/#respond"]}]},{"@type":"WebPage","@id":"https:\/\/kuzeyinsesi.org\/index.php\/2024\/04\/29\/ydp-kurultayinda-oy-sayimi-tamamlandi-baskan-yeniden-erhan-arikli\/","url":"https:\/\/kuzeyinsesi.org\/index.php\/2024\/04\/29\/ydp-kurultayinda-oy-sayimi-tamamlandi-baskan-yeniden-erhan-arikli\/","name":"YDP Kurultay\u0131\u2019nda oy say\u0131m\u0131 tamamland\u0131\u2026 Ba\u015fkan yeniden Erhan Ar\u0131kl\u0131 - Kuzeyin Sesi","isPartOf":{"@id":"https:\/\/kuzeyinsesi.org\/#website"},"primaryImageOfPage":{"@id":"https:\/\/kuzeyinsesi.org\/index.php\/2024\/04\/29\/ydp-kurultayinda-oy-sayimi-tamamlandi-baskan-yeniden-erhan-arikli\/#primaryimage"},"image":{"@id":"https:\/\/kuzeyinsesi.org\/index.php\/2024\/04\/29\/ydp-kurultayinda-oy-sayimi-tamamlandi-baskan-yeniden-erhan-arikli\/#primaryimage"},"thumbnailUrl":"https:\/\/kuzeyinsesi.org\/wp-content\/uploads\/2024\/04\/Screenshot_20240428_232033_Facebook.jpg","datePublished":"2024-04-28T21:21:10+00:00","author":{"@id":"https:\/\/kuzeyinsesi.org\/#\/schema\/person\/9f859689cdf01485597712386e37f5aa"},"breadcrumb":{"@id":"https:\/\/kuzeyinsesi.org\/index.php\/2024\/04\/29\/ydp-kurultayinda-oy-sayimi-tamamlandi-baskan-yeniden-erhan-arikli\/#breadcrumb"},"inLanguage":"tr","potentialAction":[{"@type":"ReadAction","target":["https:\/\/kuzeyinsesi.org\/index.php\/2024\/04\/29\/ydp-kurultayinda-oy-sayimi-tamamlandi-baskan-yeniden-erhan-arikli\/"]}]},{"@type":"ImageObject","inLanguage":"tr","@id":"https:\/\/kuzeyinsesi.org\/index.php\/2024\/04\/29\/ydp-kurultayinda-oy-sayimi-tamamlandi-baskan-yeniden-erhan-arikli\/#primaryimage","url":"https:\/\/kuzeyinsesi.org\/wp-content\/uploads\/2024\/04\/Screenshot_20240428_232033_Facebook.jpg","contentUrl":"https:\/\/kuzeyinsesi.org\/wp-content\/uploads\/2024\/04\/Screenshot_20240428_232033_Facebook.jpg","width":813,"height":511},{"@type":"BreadcrumbList","@id":"https:\/\/kuzeyinsesi.org\/index.php\/2024\/04\/29\/ydp-kurultayinda-oy-sayimi-tamamlandi-baskan-yeniden-erhan-arikli\/#breadcrumb","itemListElement":[{"@type":"ListItem","position":1,"name":"Anasayfa","item":"https:\/\/kuzeyinsesi.org\/"},{"@type":"ListItem","position":2,"name":"YDP Kurultay\u0131\u2019nda oy say\u0131m\u0131 tamamland\u0131\u2026 Ba\u015fkan yeniden Erhan Ar\u0131kl\u0131"}]},{"@type":"WebSite","@id":"https:\/\/kuzeyinsesi.org\/#website","url":"https:\/\/kuzeyinsesi.org\/","name":"Kuzeyin Sesi","description":"Do\u011fru Haberin Adresi","potentialAction":[{"@type":"SearchAction","target":{"@type":"EntryPoint","urlTemplate":"https:\/\/kuzeyinsesi.org\/?s={search_term_string}"},"query-input":{"@type":"PropertyValueSpecification","valueRequired":true,"valueName":"search_term_string"}}],"inLanguage":"tr"},{"@type":"Person","@id":"https:\/\/kuzeyinsesi.org\/#\/schema\/person\/9f859689cdf01485597712386e37f5aa","name":"Kuzeyin Sesi","image":{"@type":"ImageObject","inLanguage":"tr","@id":"https:\/\/secure.gravatar.com\/avatar\/bab33852abfd8b282518d6ed81826833d77c3c882d9ab608add591ccace47a44?s=96&d=mm&r=g","url":"https:\/\/secure.gravatar.com\/avatar\/bab33852abfd8b282518d6ed81826833d77c3c882d9ab608add591ccace47a44?s=96&d=mm&r=g","contentUrl":"https:\/\/secure.gravatar.com\/avatar\/bab33852abfd8b282518d6ed81826833d77c3c882d9ab608add591ccace47a44?s=96&d=mm&r=g","caption":"Kuzeyin Sesi"},"sameAs":["https:\/\/kuzeyinsesi.org"],"url":"https:\/\/kuzeyinsesi.org\/index.php\/author\/guven\/"}]}},"_links":{"self":[{"href":"https:\/\/kuzeyinsesi.org\/index.php\/wp-json\/wp\/v2\/posts\/831","targetHints":{"allow":["GET"]}}],"collection":[{"href":"https:\/\/kuzeyinsesi.org\/index.php\/wp-json\/wp\/v2\/posts"}],"about":[{"href":"https:\/\/kuzeyinsesi.org\/index.php\/wp-json\/wp\/v2\/types\/post"}],"author":[{"embeddable":true,"href":"https:\/\/kuzeyinsesi.org\/index.php\/wp-json\/wp\/v2\/users\/1"}],"replies":[{"embeddable":true,"href":"https:\/\/kuzeyinsesi.org\/index.php\/wp-json\/wp\/v2\/comments?post=831"}],"version-history":[{"count":0,"href":"https:\/\/kuzeyinsesi.org\/index.php\/wp-json\/wp\/v2\/posts\/831\/revisions"}],"wp:featuredmedia":[{"embeddable":true,"href":"https:\/\/kuzeyinsesi.org\/index.php\/wp-json\/wp\/v2\/media\/832"}],"wp:attachment":[{"href":"https:\/\/kuzeyinsesi.org\/index.php\/wp-json\/wp\/v2\/media?parent=831"}],"wp:term":[{"taxonomy":"category","embeddable":true,"href":"https:\/\/kuzeyinsesi.org\/index.php\/wp-json\/wp\/v2\/categories?post=831"},{"taxonomy":"post_tag","embeddable":true,"href":"https:\/\/kuzeyinsesi.org\/index.php\/wp-json\/wp\/v2\/tags?post=831"}],"curies":[{"name":"wp","href":"https:\/\/api.w.org\/{rel}","templated":true}]}}