{"id":8286,"date":"2024-08-20T16:22:26","date_gmt":"2024-08-20T13:22:26","guid":{"rendered":"https:\/\/kuzeyinsesi.org\/index.php\/2024\/08\/20\/hayatimiza-deger-katan-kadinlarimiz-serisinin-3-kitabi-samanbahcedeki-etkinlikle-tanitildi\/"},"modified":"2024-08-20T16:22:26","modified_gmt":"2024-08-20T13:22:26","slug":"hayatimiza-deger-katan-kadinlarimiz-serisinin-3-kitabi-samanbahcedeki-etkinlikle-tanitildi","status":"publish","type":"post","link":"https:\/\/kuzeyinsesi.org\/index.php\/2024\/08\/20\/hayatimiza-deger-katan-kadinlarimiz-serisinin-3-kitabi-samanbahcedeki-etkinlikle-tanitildi\/","title":{"rendered":"\u201cHayat\u0131m\u0131za De\u011fer Katan Kad\u0131nlar\u0131m\u0131z\u201d serisinin 3. kitab\u0131 Samanbah\u00e7e\u2019deki etkinlikle tan\u0131t\u0131ld\u0131"},"content":{"rendered":"<div>\n<div class=\"mariselle-image-container center\">\n                                            <\/div>\n<p>\nK\u0131br\u0131s Kad\u0131n \u00d6yk\u00fcleri Derne\u011fi (K\u00d6DER) taraf\u0131ndan haz\u0131rlanan \u201cHayat\u0131m\u0131za De\u011fer Katan Kad\u0131nlar\u0131m\u0131z 3 \u2013 41 Hayat, 41 \u00d6yk\u00fc, 41 Kalem\u201d kitab\u0131 d\u00fcn ak\u015fam yap\u0131lan etkinlikle tan\u0131t\u0131ld\u0131.<\/p>\n<p>K\u00d6DER\u2019den yap\u0131lan a\u00e7\u0131klamaya g\u00f6re, Samanbah\u00e7e\u2019de yer alan \u0130\u015f Kad\u0131nlar\u0131 Derne\u011fi\u2019nde yap\u0131lan tan\u0131t\u0131m etkinli\u011fine Cumhurba\u015fkan\u0131 Ersin Tatar, eski Ba\u015fbakan ve Meclis Ba\u015fkan\u0131 Sibel Siber, kitab\u0131n sponsorlar\u0131 olan Limasol Sigorta Ltd. ve K\u00fclt\u00fcr Dairesi yetkilileri kat\u0131ld\u0131. <\/p>\n<p>\u201c\u00dclkede kad\u0131n\u0131n g\u00fcc\u00fc, azmi, yarat\u0131c\u0131l\u0131\u011f\u0131, enerjisi, inan\u00e7 ve \u00f6zverisi ile toplumsal de\u011ferler i\u00e7erisinde yarat\u0131p ya\u015fatt\u0131klar\u0131n\u0131 g\u00f6r\u00fcn\u00fcr k\u0131lmay\u0131, fark\u0131ndal\u0131k yaratmay\u0131 ama\u00e7lad\u0131\u011f\u0131\u201d ifade edilen kitap serisinin \u00fc\u00e7\u00fcnc\u00fcs\u00fcne y\u00f6nelik d\u00fczenlenen ve Fatma Co\u015far K\u0131n\u0131\u015f\u2019\u0131n sundu\u011fu gecede yap\u0131lan konu\u015fmalar\u0131n ard\u0131ndan kitap sat\u0131\u015f\u0131 yap\u0131ld\u0131.<\/p>\n<p>\u2013 Ekingen: \u201c25 belgesel,3 kitap ve 3 sergiye ula\u015ft\u0131k. 3. kitab\u0131m\u0131za katk\u0131 koyan herkese te\u015fekk\u00fcr ederim\u201d<\/p>\n<p>\u0130lk konu\u015fmay\u0131 yapan K\u00d6DER Ba\u015fkan\u0131 \u015eenay Ekingen toplumda \u00e7e\u015fitli kesimlerden ald\u0131klar\u0131 destekler ve i\u015f birlikleriyle bug\u00fcne kadar 25 belgesel \u00e7ektiklerini, 22 belgesel film g\u00f6sterimi yapt\u0131klar\u0131n\u0131, bug\u00fcn tan\u0131t\u0131lan ile birlikte 3 kitap bast\u0131klar\u0131n\u0131 ve 3 sergi haz\u0131rlay\u0131p toplumla bulu\u015fturduklar\u0131n\u0131 belirterek, \u00fclkedeki 41 de\u011ferli kad\u0131n\u0131n daha hayat hikayelerinin bulundu\u011fu kitaba koyduklar\u0131 de\u011ferli katk\u0131lardan dolay\u0131 K\u00fclt\u00fcr Dairesi M\u00fcd\u00fcrl\u00fc\u011f\u00fc ile Limasol Sigorta\u2019ya \u00e7ok te\u015fekk\u00fcr etti.  <\/p>\n<p>Etkinli\u011fin ger\u00e7ekle\u015fmesinde katk\u0131lar\u0131 olan Lefko\u015fa T\u00fcrk Belediyesi ve KT\u00d6S\u2019e de te\u015fekk\u00fcr eden Ekingen, kitap haz\u0131rlanma s\u00fcrecinde Yay\u0131n Kurulu\u2019ndaki arkada\u015flar\u0131 ba\u015fta olmak \u00fczere Ate\u015f Matbaas\u0131 sahibi Hasan Kahvecio\u011flu, kitap kapak \u00e7izimi i\u00e7in Mustafa Tozak\u0131 ve grafik tasar\u0131m\u0131 i\u00e7in de Sylvia Nejla \u00c7a\u011fda\u015fo\u011flular\u0131\u2019na te\u015fekk\u00fcrlerini ifade etti. <\/p>\n<p>K\u00d6DER\u2019in toplumda yapt\u0131\u011f\u0131 \u00e7al\u0131\u015fmalar ile artan bir \u015fekilde takdir g\u00f6rd\u00fc\u011f\u00fcn\u00fc ve bunun da farkl\u0131 \u00fcretimler i\u00e7in kendilerini motive etti\u011fini vurgulayan Ekingen, b\u00fcy\u00fck bir g\u00f6n\u00fcll\u00fcl\u00fck, arkada\u015fl\u0131k, \u00f6zveri, dayan\u0131\u015fma ve yarat\u0131c\u0131l\u0131k g\u00f6steren de\u011ferli ki\u015filerden olu\u015fan K\u00d6DER\u2019in yeni projeleri de g\u00fcndemine ald\u0131\u011f\u0131n\u0131 ve ileride bu projelerle de toplumun kar\u015f\u0131s\u0131na \u00e7\u0131kaca\u011f\u0131 mesaj\u0131n\u0131 verdi.  <\/p>\n<p>\u2013 Limasol Sigorta, K\u00fclt\u00fcr Dairesi, LTB ve KT\u00d6S\u2019e te\u015fekk\u00fcr belgeleri verildi <\/p>\n<p>Konu\u015fmalar sonras\u0131nda ise kitab\u0131n sponsorlar\u0131 Limasol Sigorta Ltd. ad\u0131na Genel M\u00fcd\u00fcr\u00fc Mustafa Seyitler\u2019e ve K\u00fclt\u00fcr Dairesi M\u00fcd\u00fcrl\u00fc\u011f\u00fc ad\u0131na da Daire Temsilcisi Pervin Aremek\u2019e birer te\u015fekk\u00fcr belgesi takdim edildi.<\/p>\n<\/p><\/div>\n<p><script async\n                    defer\n                    crossorigin=\"anonymous\"\n                    src=\"https:\/\/connect.facebook.net\/tr_TR\/sdk.js#xfbml=1&#038;version=v3.3\"\n            ><\/script><\/p>\n","protected":false},"excerpt":{"rendered":"<p>K\u0131br\u0131s Kad\u0131n \u00d6yk\u00fcleri Derne\u011fi (K\u00d6DER) taraf\u0131ndan haz\u0131rlanan \u201cHayat\u0131m\u0131za De\u011fer Katan Kad\u0131nlar\u0131m\u0131z 3 \u2013 41 Hayat, 41 \u00d6yk\u00fc, 41 Kalem\u201d kitab\u0131 d\u00fcn ak\u015fam yap\u0131lan etkinlikle tan\u0131t\u0131ld\u0131. K\u00d6DER\u2019den yap\u0131lan a\u00e7\u0131klamaya g\u00f6re, Samanbah\u00e7e\u2019de yer alan \u0130\u015f Kad\u0131nlar\u0131 Derne\u011fi\u2019nde yap\u0131lan tan\u0131t\u0131m etkinli\u011fine Cumhurba\u015fkan\u0131 Ersin Tatar, eski Ba\u015fbakan ve Meclis Ba\u015fkan\u0131 Sibel Siber, kitab\u0131n sponsorlar\u0131 olan Limasol Sigorta Ltd. ve [&hellip;]<\/p>\n","protected":false},"author":1,"featured_media":8287,"comment_status":"open","ping_status":"open","sticky":false,"template":"","format":"standard","meta":{"jnews-multi-image_gallery":[],"jnews_single_post":[],"jnews_primary_category":[],"jnews_social_meta":[],"jnews_override_counter":[],"footnotes":""},"categories":[6],"tags":[],"class_list":["post-8286","post","type-post","status-publish","format-standard","has-post-thumbnail","hentry","category-yasam"],"yoast_head":"<!-- This site is optimized with the Yoast SEO plugin v27.5 - https:\/\/yoast.com\/product\/yoast-seo-wordpress\/ -->\n<title>\u201cHayat\u0131m\u0131za De\u011fer Katan Kad\u0131nlar\u0131m\u0131z\u201d serisinin 3. kitab\u0131 Samanbah\u00e7e\u2019deki etkinlikle tan\u0131t\u0131ld\u0131 - Kuzeyin Sesi<\/title>\n<meta name=\"robots\" content=\"index, follow, max-snippet:-1, max-image-preview:large, max-video-preview:-1\" \/>\n<link rel=\"canonical\" href=\"https:\/\/kuzeyinsesi.org\/index.php\/2024\/08\/20\/hayatimiza-deger-katan-kadinlarimiz-serisinin-3-kitabi-samanbahcedeki-etkinlikle-tanitildi\/\" \/>\n<meta property=\"og:locale\" content=\"tr_TR\" \/>\n<meta property=\"og:type\" content=\"article\" \/>\n<meta property=\"og:title\" content=\"\u201cHayat\u0131m\u0131za De\u011fer Katan Kad\u0131nlar\u0131m\u0131z\u201d serisinin 3. kitab\u0131 Samanbah\u00e7e\u2019deki etkinlikle tan\u0131t\u0131ld\u0131 - Kuzeyin Sesi\" \/>\n<meta property=\"og:description\" content=\"K\u0131br\u0131s Kad\u0131n \u00d6yk\u00fcleri Derne\u011fi (K\u00d6DER) taraf\u0131ndan haz\u0131rlanan \u201cHayat\u0131m\u0131za De\u011fer Katan Kad\u0131nlar\u0131m\u0131z 3 \u2013 41 Hayat, 41 \u00d6yk\u00fc, 41 Kalem\u201d kitab\u0131 d\u00fcn ak\u015fam yap\u0131lan etkinlikle tan\u0131t\u0131ld\u0131. K\u00d6DER\u2019den yap\u0131lan a\u00e7\u0131klamaya g\u00f6re, Samanbah\u00e7e\u2019de yer alan \u0130\u015f Kad\u0131nlar\u0131 Derne\u011fi\u2019nde yap\u0131lan tan\u0131t\u0131m etkinli\u011fine Cumhurba\u015fkan\u0131 Ersin Tatar, eski Ba\u015fbakan ve Meclis Ba\u015fkan\u0131 Sibel Siber, kitab\u0131n sponsorlar\u0131 olan Limasol Sigorta Ltd. ve [&hellip;]\" \/>\n<meta property=\"og:url\" content=\"https:\/\/kuzeyinsesi.org\/index.php\/2024\/08\/20\/hayatimiza-deger-katan-kadinlarimiz-serisinin-3-kitabi-samanbahcedeki-etkinlikle-tanitildi\/\" \/>\n<meta property=\"og:site_name\" content=\"Kuzeyin Sesi\" \/>\n<meta property=\"article:publisher\" content=\"https:\/\/www.facebook.com\/kuzeyinsesii\" \/>\n<meta property=\"article:published_time\" content=\"2024-08-20T13:22:26+00:00\" \/>\n<meta property=\"og:image\" content=\"https:\/\/brtk.net\/wp-content\/uploads\/2024\/08\/20\/kjhlu-scaled.jpg?ver=4336914f06f7d414f6f28381fff34f57\" \/>\n<meta name=\"author\" content=\"Kuzeyin Sesi\" \/>\n<meta name=\"twitter:card\" content=\"summary_large_image\" \/>\n<meta name=\"twitter:creator\" content=\"@kuzeyinsesii\" \/>\n<meta name=\"twitter:site\" content=\"@kuzeyinsesii\" \/>\n<meta name=\"twitter:label1\" content=\"Yazan:\" \/>\n\t<meta name=\"twitter:data1\" content=\"Kuzeyin Sesi\" \/>\n\t<meta name=\"twitter:label2\" content=\"Tahmini okuma s\u00fcresi\" \/>\n\t<meta name=\"twitter:data2\" content=\"2 dakika\" \/>\n<script type=\"application\/ld+json\" class=\"yoast-schema-graph\">{\"@context\":\"https:\\\/\\\/schema.org\",\"@graph\":[{\"@type\":\"Article\",\"@id\":\"https:\\\/\\\/kuzeyinsesi.org\\\/index.php\\\/2024\\\/08\\\/20\\\/hayatimiza-deger-katan-kadinlarimiz-serisinin-3-kitabi-samanbahcedeki-etkinlikle-tanitildi\\\/#article\",\"isPartOf\":{\"@id\":\"https:\\\/\\\/kuzeyinsesi.org\\\/index.php\\\/2024\\\/08\\\/20\\\/hayatimiza-deger-katan-kadinlarimiz-serisinin-3-kitabi-samanbahcedeki-etkinlikle-tanitildi\\\/\"},\"author\":{\"name\":\"Kuzeyin Sesi\",\"@id\":\"https:\\\/\\\/kuzeyinsesi.org\\\/#\\\/schema\\\/person\\\/9f859689cdf01485597712386e37f5aa\"},\"headline\":\"\u201cHayat\u0131m\u0131za De\u011fer Katan Kad\u0131nlar\u0131m\u0131z\u201d serisinin 3. kitab\u0131 Samanbah\u00e7e\u2019deki etkinlikle tan\u0131t\u0131ld\u0131\",\"datePublished\":\"2024-08-20T13:22:26+00:00\",\"mainEntityOfPage\":{\"@id\":\"https:\\\/\\\/kuzeyinsesi.org\\\/index.php\\\/2024\\\/08\\\/20\\\/hayatimiza-deger-katan-kadinlarimiz-serisinin-3-kitabi-samanbahcedeki-etkinlikle-tanitildi\\\/\"},\"wordCount\":495,\"commentCount\":0,\"image\":{\"@id\":\"https:\\\/\\\/kuzeyinsesi.org\\\/index.php\\\/2024\\\/08\\\/20\\\/hayatimiza-deger-katan-kadinlarimiz-serisinin-3-kitabi-samanbahcedeki-etkinlikle-tanitildi\\\/#primaryimage\"},\"thumbnailUrl\":\"https:\\\/\\\/kuzeyinsesi.org\\\/wp-content\\\/uploads\\\/2024\\\/08\\\/kjhlu-scaled.jpg\",\"articleSection\":[\"Ya\u015fam\"],\"inLanguage\":\"tr\",\"potentialAction\":[{\"@type\":\"CommentAction\",\"name\":\"Comment\",\"target\":[\"https:\\\/\\\/kuzeyinsesi.org\\\/index.php\\\/2024\\\/08\\\/20\\\/hayatimiza-deger-katan-kadinlarimiz-serisinin-3-kitabi-samanbahcedeki-etkinlikle-tanitildi\\\/#respond\"]}]},{\"@type\":\"WebPage\",\"@id\":\"https:\\\/\\\/kuzeyinsesi.org\\\/index.php\\\/2024\\\/08\\\/20\\\/hayatimiza-deger-katan-kadinlarimiz-serisinin-3-kitabi-samanbahcedeki-etkinlikle-tanitildi\\\/\",\"url\":\"https:\\\/\\\/kuzeyinsesi.org\\\/index.php\\\/2024\\\/08\\\/20\\\/hayatimiza-deger-katan-kadinlarimiz-serisinin-3-kitabi-samanbahcedeki-etkinlikle-tanitildi\\\/\",\"name\":\"\u201cHayat\u0131m\u0131za De\u011fer Katan Kad\u0131nlar\u0131m\u0131z\u201d serisinin 3. kitab\u0131 Samanbah\u00e7e\u2019deki etkinlikle tan\u0131t\u0131ld\u0131 - Kuzeyin Sesi\",\"isPartOf\":{\"@id\":\"https:\\\/\\\/kuzeyinsesi.org\\\/#website\"},\"primaryImageOfPage\":{\"@id\":\"https:\\\/\\\/kuzeyinsesi.org\\\/index.php\\\/2024\\\/08\\\/20\\\/hayatimiza-deger-katan-kadinlarimiz-serisinin-3-kitabi-samanbahcedeki-etkinlikle-tanitildi\\\/#primaryimage\"},\"image\":{\"@id\":\"https:\\\/\\\/kuzeyinsesi.org\\\/index.php\\\/2024\\\/08\\\/20\\\/hayatimiza-deger-katan-kadinlarimiz-serisinin-3-kitabi-samanbahcedeki-etkinlikle-tanitildi\\\/#primaryimage\"},\"thumbnailUrl\":\"https:\\\/\\\/kuzeyinsesi.org\\\/wp-content\\\/uploads\\\/2024\\\/08\\\/kjhlu-scaled.jpg\",\"datePublished\":\"2024-08-20T13:22:26+00:00\",\"author\":{\"@id\":\"https:\\\/\\\/kuzeyinsesi.org\\\/#\\\/schema\\\/person\\\/9f859689cdf01485597712386e37f5aa\"},\"breadcrumb\":{\"@id\":\"https:\\\/\\\/kuzeyinsesi.org\\\/index.php\\\/2024\\\/08\\\/20\\\/hayatimiza-deger-katan-kadinlarimiz-serisinin-3-kitabi-samanbahcedeki-etkinlikle-tanitildi\\\/#breadcrumb\"},\"inLanguage\":\"tr\",\"potentialAction\":[{\"@type\":\"ReadAction\",\"target\":[\"https:\\\/\\\/kuzeyinsesi.org\\\/index.php\\\/2024\\\/08\\\/20\\\/hayatimiza-deger-katan-kadinlarimiz-serisinin-3-kitabi-samanbahcedeki-etkinlikle-tanitildi\\\/\"]}]},{\"@type\":\"ImageObject\",\"inLanguage\":\"tr\",\"@id\":\"https:\\\/\\\/kuzeyinsesi.org\\\/index.php\\\/2024\\\/08\\\/20\\\/hayatimiza-deger-katan-kadinlarimiz-serisinin-3-kitabi-samanbahcedeki-etkinlikle-tanitildi\\\/#primaryimage\",\"url\":\"https:\\\/\\\/kuzeyinsesi.org\\\/wp-content\\\/uploads\\\/2024\\\/08\\\/kjhlu-scaled.jpg\",\"contentUrl\":\"https:\\\/\\\/kuzeyinsesi.org\\\/wp-content\\\/uploads\\\/2024\\\/08\\\/kjhlu-scaled.jpg\",\"width\":2560,\"height\":1476},{\"@type\":\"BreadcrumbList\",\"@id\":\"https:\\\/\\\/kuzeyinsesi.org\\\/index.php\\\/2024\\\/08\\\/20\\\/hayatimiza-deger-katan-kadinlarimiz-serisinin-3-kitabi-samanbahcedeki-etkinlikle-tanitildi\\\/#breadcrumb\",\"itemListElement\":[{\"@type\":\"ListItem\",\"position\":1,\"name\":\"Anasayfa\",\"item\":\"https:\\\/\\\/kuzeyinsesi.org\\\/\"},{\"@type\":\"ListItem\",\"position\":2,\"name\":\"\u201cHayat\u0131m\u0131za De\u011fer Katan Kad\u0131nlar\u0131m\u0131z\u201d serisinin 3. kitab\u0131 Samanbah\u00e7e\u2019deki etkinlikle tan\u0131t\u0131ld\u0131\"}]},{\"@type\":\"WebSite\",\"@id\":\"https:\\\/\\\/kuzeyinsesi.org\\\/#website\",\"url\":\"https:\\\/\\\/kuzeyinsesi.org\\\/\",\"name\":\"Kuzeyin Sesi\",\"description\":\"Do\u011fru Haberin Adresi\",\"potentialAction\":[{\"@type\":\"SearchAction\",\"target\":{\"@type\":\"EntryPoint\",\"urlTemplate\":\"https:\\\/\\\/kuzeyinsesi.org\\\/?s={search_term_string}\"},\"query-input\":{\"@type\":\"PropertyValueSpecification\",\"valueRequired\":true,\"valueName\":\"search_term_string\"}}],\"inLanguage\":\"tr\"},{\"@type\":\"Person\",\"@id\":\"https:\\\/\\\/kuzeyinsesi.org\\\/#\\\/schema\\\/person\\\/9f859689cdf01485597712386e37f5aa\",\"name\":\"Kuzeyin Sesi\",\"image\":{\"@type\":\"ImageObject\",\"inLanguage\":\"tr\",\"@id\":\"https:\\\/\\\/secure.gravatar.com\\\/avatar\\\/bab33852abfd8b282518d6ed81826833d77c3c882d9ab608add591ccace47a44?s=96&d=mm&r=g\",\"url\":\"https:\\\/\\\/secure.gravatar.com\\\/avatar\\\/bab33852abfd8b282518d6ed81826833d77c3c882d9ab608add591ccace47a44?s=96&d=mm&r=g\",\"contentUrl\":\"https:\\\/\\\/secure.gravatar.com\\\/avatar\\\/bab33852abfd8b282518d6ed81826833d77c3c882d9ab608add591ccace47a44?s=96&d=mm&r=g\",\"caption\":\"Kuzeyin Sesi\"},\"sameAs\":[\"https:\\\/\\\/kuzeyinsesi.org\"],\"url\":\"https:\\\/\\\/kuzeyinsesi.org\\\/index.php\\\/author\\\/guven\\\/\"}]}<\/script>\n<!-- \/ Yoast SEO plugin. -->","yoast_head_json":{"title":"\u201cHayat\u0131m\u0131za De\u011fer Katan Kad\u0131nlar\u0131m\u0131z\u201d serisinin 3. kitab\u0131 Samanbah\u00e7e\u2019deki etkinlikle tan\u0131t\u0131ld\u0131 - Kuzeyin Sesi","robots":{"index":"index","follow":"follow","max-snippet":"max-snippet:-1","max-image-preview":"max-image-preview:large","max-video-preview":"max-video-preview:-1"},"canonical":"https:\/\/kuzeyinsesi.org\/index.php\/2024\/08\/20\/hayatimiza-deger-katan-kadinlarimiz-serisinin-3-kitabi-samanbahcedeki-etkinlikle-tanitildi\/","og_locale":"tr_TR","og_type":"article","og_title":"\u201cHayat\u0131m\u0131za De\u011fer Katan Kad\u0131nlar\u0131m\u0131z\u201d serisinin 3. kitab\u0131 Samanbah\u00e7e\u2019deki etkinlikle tan\u0131t\u0131ld\u0131 - Kuzeyin Sesi","og_description":"K\u0131br\u0131s Kad\u0131n \u00d6yk\u00fcleri Derne\u011fi (K\u00d6DER) taraf\u0131ndan haz\u0131rlanan \u201cHayat\u0131m\u0131za De\u011fer Katan Kad\u0131nlar\u0131m\u0131z 3 \u2013 41 Hayat, 41 \u00d6yk\u00fc, 41 Kalem\u201d kitab\u0131 d\u00fcn ak\u015fam yap\u0131lan etkinlikle tan\u0131t\u0131ld\u0131. K\u00d6DER\u2019den yap\u0131lan a\u00e7\u0131klamaya g\u00f6re, Samanbah\u00e7e\u2019de yer alan \u0130\u015f Kad\u0131nlar\u0131 Derne\u011fi\u2019nde yap\u0131lan tan\u0131t\u0131m etkinli\u011fine Cumhurba\u015fkan\u0131 Ersin Tatar, eski Ba\u015fbakan ve Meclis Ba\u015fkan\u0131 Sibel Siber, kitab\u0131n sponsorlar\u0131 olan Limasol Sigorta Ltd. ve [&hellip;]","og_url":"https:\/\/kuzeyinsesi.org\/index.php\/2024\/08\/20\/hayatimiza-deger-katan-kadinlarimiz-serisinin-3-kitabi-samanbahcedeki-etkinlikle-tanitildi\/","og_site_name":"Kuzeyin Sesi","article_publisher":"https:\/\/www.facebook.com\/kuzeyinsesii","article_published_time":"2024-08-20T13:22:26+00:00","og_image":[{"url":"https:\/\/brtk.net\/wp-content\/uploads\/2024\/08\/20\/kjhlu-scaled.jpg?ver=4336914f06f7d414f6f28381fff34f57","type":"","width":"","height":""}],"author":"Kuzeyin Sesi","twitter_card":"summary_large_image","twitter_creator":"@kuzeyinsesii","twitter_site":"@kuzeyinsesii","twitter_misc":{"Yazan:":"Kuzeyin Sesi","Tahmini okuma s\u00fcresi":"2 dakika"},"schema":{"@context":"https:\/\/schema.org","@graph":[{"@type":"Article","@id":"https:\/\/kuzeyinsesi.org\/index.php\/2024\/08\/20\/hayatimiza-deger-katan-kadinlarimiz-serisinin-3-kitabi-samanbahcedeki-etkinlikle-tanitildi\/#article","isPartOf":{"@id":"https:\/\/kuzeyinsesi.org\/index.php\/2024\/08\/20\/hayatimiza-deger-katan-kadinlarimiz-serisinin-3-kitabi-samanbahcedeki-etkinlikle-tanitildi\/"},"author":{"name":"Kuzeyin Sesi","@id":"https:\/\/kuzeyinsesi.org\/#\/schema\/person\/9f859689cdf01485597712386e37f5aa"},"headline":"\u201cHayat\u0131m\u0131za De\u011fer Katan Kad\u0131nlar\u0131m\u0131z\u201d serisinin 3. kitab\u0131 Samanbah\u00e7e\u2019deki etkinlikle tan\u0131t\u0131ld\u0131","datePublished":"2024-08-20T13:22:26+00:00","mainEntityOfPage":{"@id":"https:\/\/kuzeyinsesi.org\/index.php\/2024\/08\/20\/hayatimiza-deger-katan-kadinlarimiz-serisinin-3-kitabi-samanbahcedeki-etkinlikle-tanitildi\/"},"wordCount":495,"commentCount":0,"image":{"@id":"https:\/\/kuzeyinsesi.org\/index.php\/2024\/08\/20\/hayatimiza-deger-katan-kadinlarimiz-serisinin-3-kitabi-samanbahcedeki-etkinlikle-tanitildi\/#primaryimage"},"thumbnailUrl":"https:\/\/kuzeyinsesi.org\/wp-content\/uploads\/2024\/08\/kjhlu-scaled.jpg","articleSection":["Ya\u015fam"],"inLanguage":"tr","potentialAction":[{"@type":"CommentAction","name":"Comment","target":["https:\/\/kuzeyinsesi.org\/index.php\/2024\/08\/20\/hayatimiza-deger-katan-kadinlarimiz-serisinin-3-kitabi-samanbahcedeki-etkinlikle-tanitildi\/#respond"]}]},{"@type":"WebPage","@id":"https:\/\/kuzeyinsesi.org\/index.php\/2024\/08\/20\/hayatimiza-deger-katan-kadinlarimiz-serisinin-3-kitabi-samanbahcedeki-etkinlikle-tanitildi\/","url":"https:\/\/kuzeyinsesi.org\/index.php\/2024\/08\/20\/hayatimiza-deger-katan-kadinlarimiz-serisinin-3-kitabi-samanbahcedeki-etkinlikle-tanitildi\/","name":"\u201cHayat\u0131m\u0131za De\u011fer Katan Kad\u0131nlar\u0131m\u0131z\u201d serisinin 3. kitab\u0131 Samanbah\u00e7e\u2019deki etkinlikle tan\u0131t\u0131ld\u0131 - Kuzeyin Sesi","isPartOf":{"@id":"https:\/\/kuzeyinsesi.org\/#website"},"primaryImageOfPage":{"@id":"https:\/\/kuzeyinsesi.org\/index.php\/2024\/08\/20\/hayatimiza-deger-katan-kadinlarimiz-serisinin-3-kitabi-samanbahcedeki-etkinlikle-tanitildi\/#primaryimage"},"image":{"@id":"https:\/\/kuzeyinsesi.org\/index.php\/2024\/08\/20\/hayatimiza-deger-katan-kadinlarimiz-serisinin-3-kitabi-samanbahcedeki-etkinlikle-tanitildi\/#primaryimage"},"thumbnailUrl":"https:\/\/kuzeyinsesi.org\/wp-content\/uploads\/2024\/08\/kjhlu-scaled.jpg","datePublished":"2024-08-20T13:22:26+00:00","author":{"@id":"https:\/\/kuzeyinsesi.org\/#\/schema\/person\/9f859689cdf01485597712386e37f5aa"},"breadcrumb":{"@id":"https:\/\/kuzeyinsesi.org\/index.php\/2024\/08\/20\/hayatimiza-deger-katan-kadinlarimiz-serisinin-3-kitabi-samanbahcedeki-etkinlikle-tanitildi\/#breadcrumb"},"inLanguage":"tr","potentialAction":[{"@type":"ReadAction","target":["https:\/\/kuzeyinsesi.org\/index.php\/2024\/08\/20\/hayatimiza-deger-katan-kadinlarimiz-serisinin-3-kitabi-samanbahcedeki-etkinlikle-tanitildi\/"]}]},{"@type":"ImageObject","inLanguage":"tr","@id":"https:\/\/kuzeyinsesi.org\/index.php\/2024\/08\/20\/hayatimiza-deger-katan-kadinlarimiz-serisinin-3-kitabi-samanbahcedeki-etkinlikle-tanitildi\/#primaryimage","url":"https:\/\/kuzeyinsesi.org\/wp-content\/uploads\/2024\/08\/kjhlu-scaled.jpg","contentUrl":"https:\/\/kuzeyinsesi.org\/wp-content\/uploads\/2024\/08\/kjhlu-scaled.jpg","width":2560,"height":1476},{"@type":"BreadcrumbList","@id":"https:\/\/kuzeyinsesi.org\/index.php\/2024\/08\/20\/hayatimiza-deger-katan-kadinlarimiz-serisinin-3-kitabi-samanbahcedeki-etkinlikle-tanitildi\/#breadcrumb","itemListElement":[{"@type":"ListItem","position":1,"name":"Anasayfa","item":"https:\/\/kuzeyinsesi.org\/"},{"@type":"ListItem","position":2,"name":"\u201cHayat\u0131m\u0131za De\u011fer Katan Kad\u0131nlar\u0131m\u0131z\u201d serisinin 3. kitab\u0131 Samanbah\u00e7e\u2019deki etkinlikle tan\u0131t\u0131ld\u0131"}]},{"@type":"WebSite","@id":"https:\/\/kuzeyinsesi.org\/#website","url":"https:\/\/kuzeyinsesi.org\/","name":"Kuzeyin Sesi","description":"Do\u011fru Haberin Adresi","potentialAction":[{"@type":"SearchAction","target":{"@type":"EntryPoint","urlTemplate":"https:\/\/kuzeyinsesi.org\/?s={search_term_string}"},"query-input":{"@type":"PropertyValueSpecification","valueRequired":true,"valueName":"search_term_string"}}],"inLanguage":"tr"},{"@type":"Person","@id":"https:\/\/kuzeyinsesi.org\/#\/schema\/person\/9f859689cdf01485597712386e37f5aa","name":"Kuzeyin Sesi","image":{"@type":"ImageObject","inLanguage":"tr","@id":"https:\/\/secure.gravatar.com\/avatar\/bab33852abfd8b282518d6ed81826833d77c3c882d9ab608add591ccace47a44?s=96&d=mm&r=g","url":"https:\/\/secure.gravatar.com\/avatar\/bab33852abfd8b282518d6ed81826833d77c3c882d9ab608add591ccace47a44?s=96&d=mm&r=g","contentUrl":"https:\/\/secure.gravatar.com\/avatar\/bab33852abfd8b282518d6ed81826833d77c3c882d9ab608add591ccace47a44?s=96&d=mm&r=g","caption":"Kuzeyin Sesi"},"sameAs":["https:\/\/kuzeyinsesi.org"],"url":"https:\/\/kuzeyinsesi.org\/index.php\/author\/guven\/"}]}},"_links":{"self":[{"href":"https:\/\/kuzeyinsesi.org\/index.php\/wp-json\/wp\/v2\/posts\/8286","targetHints":{"allow":["GET"]}}],"collection":[{"href":"https:\/\/kuzeyinsesi.org\/index.php\/wp-json\/wp\/v2\/posts"}],"about":[{"href":"https:\/\/kuzeyinsesi.org\/index.php\/wp-json\/wp\/v2\/types\/post"}],"author":[{"embeddable":true,"href":"https:\/\/kuzeyinsesi.org\/index.php\/wp-json\/wp\/v2\/users\/1"}],"replies":[{"embeddable":true,"href":"https:\/\/kuzeyinsesi.org\/index.php\/wp-json\/wp\/v2\/comments?post=8286"}],"version-history":[{"count":0,"href":"https:\/\/kuzeyinsesi.org\/index.php\/wp-json\/wp\/v2\/posts\/8286\/revisions"}],"wp:featuredmedia":[{"embeddable":true,"href":"https:\/\/kuzeyinsesi.org\/index.php\/wp-json\/wp\/v2\/media\/8287"}],"wp:attachment":[{"href":"https:\/\/kuzeyinsesi.org\/index.php\/wp-json\/wp\/v2\/media?parent=8286"}],"wp:term":[{"taxonomy":"category","embeddable":true,"href":"https:\/\/kuzeyinsesi.org\/index.php\/wp-json\/wp\/v2\/categories?post=8286"},{"taxonomy":"post_tag","embeddable":true,"href":"https:\/\/kuzeyinsesi.org\/index.php\/wp-json\/wp\/v2\/tags?post=8286"}],"curies":[{"name":"wp","href":"https:\/\/api.w.org\/{rel}","templated":true}]}}