{"id":8224,"date":"2024-08-19T16:51:38","date_gmt":"2024-08-19T13:51:38","guid":{"rendered":"https:\/\/kuzeyinsesi.org\/index.php\/2024\/08\/19\/gaziverende-2-guz-kultur-sanat-festivali-yapiliyor\/"},"modified":"2024-08-19T16:51:38","modified_gmt":"2024-08-19T13:51:38","slug":"gaziverende-2-guz-kultur-sanat-festivali-yapiliyor","status":"publish","type":"post","link":"https:\/\/kuzeyinsesi.org\/index.php\/2024\/08\/19\/gaziverende-2-guz-kultur-sanat-festivali-yapiliyor\/","title":{"rendered":"Gaziveren\u2019de 2. G\u00fcz K\u00fclt\u00fcr Sanat Festivali yap\u0131l\u0131yor"},"content":{"rendered":"<div>\n<div class=\"mariselle-image-container center\">\n                                            <\/div>\n<p>Gaziveren\u2019de, 30 A\u011fustos-1 Eyl\u00fcl tarihlerinde 2. G\u00fcz Sanat Festivali yap\u0131l\u0131yor.<\/p>\n<p>Lefke Belediyesi ve sponsorlar\u0131n deste\u011fiyle, Gaziverenliler Derne\u011fi (GA-DER) ve Gaziveren Muhtarl\u0131\u011f\u0131 taraf\u0131ndan d\u00fczenlenen 3 g\u00fcnl\u00fck K\u00fclt\u00fcr Sanat Festivali\u2019nde dans g\u00f6sterileri, konserler, tavla turnuvas\u0131 ve tombala gibi etkinlikler yer alacak.<\/p>\n<p>Organizasyondan verilen bilgiye g\u00f6re, 30 A\u011fustos Cuma g\u00fcn\u00fc saat 19.00\u2019da kortej ile ba\u015flayacak Festival\u2019in program\u0131 \u015fu \u015fekilde olacak:<\/p>\n<p>\u201c30 A\u011fustos Cuma: Halk danslar\u0131 g\u00f6sterileri, Tavla turnuvas\u0131 kura \u00e7ekimi \u2013 1. Tur (16.30), Mehmet Eraslan Konseri, Bir Seyyah\u0131n Gaziveren An\u0131lar\u0131, Koray Ardost Konseri.<\/p>\n<p>31 A\u011fustos Cumartesi: Halk danslar\u0131 g\u00f6sterileri, LA\u00dc Dans Ekibi, Sergen Dans Akademi, \u00d6ztoprak Dans St\u00fcdyo g\u00f6sterileri, \u0130pek Amber ve SOS Konseri.<\/p>\n<p>1 Eyl\u00fcl Pazar: Kafkas halk danslar\u0131 g\u00f6sterisi, tombala, plaket ve onur belgesi takdimi, tavla turnuvas\u0131 finali, Grup Otantik Konseri.\u201d<\/p>\n<\/p><\/div>\n<p><script async\n                    defer\n                    crossorigin=\"anonymous\"\n                    src=\"https:\/\/connect.facebook.net\/tr_TR\/sdk.js#xfbml=1&#038;version=v3.3\"\n            ><\/script><\/p>\n","protected":false},"excerpt":{"rendered":"<p>Gaziveren\u2019de, 30 A\u011fustos-1 Eyl\u00fcl tarihlerinde 2. G\u00fcz Sanat Festivali yap\u0131l\u0131yor. Lefke Belediyesi ve sponsorlar\u0131n deste\u011fiyle, Gaziverenliler Derne\u011fi (GA-DER) ve Gaziveren Muhtarl\u0131\u011f\u0131 taraf\u0131ndan d\u00fczenlenen 3 g\u00fcnl\u00fck K\u00fclt\u00fcr Sanat Festivali\u2019nde dans g\u00f6sterileri, konserler, tavla turnuvas\u0131 ve tombala gibi etkinlikler yer alacak. Organizasyondan verilen bilgiye g\u00f6re, 30 A\u011fustos Cuma g\u00fcn\u00fc saat 19.00\u2019da kortej ile ba\u015flayacak Festival\u2019in program\u0131 \u015fu [&hellip;]<\/p>\n","protected":false},"author":1,"featured_media":8225,"comment_status":"open","ping_status":"open","sticky":false,"template":"","format":"standard","meta":{"jnews-multi-image_gallery":[],"jnews_single_post":[],"jnews_primary_category":[],"jnews_social_meta":[],"jnews_override_counter":[],"footnotes":""},"categories":[6],"tags":[],"class_list":["post-8224","post","type-post","status-publish","format-standard","has-post-thumbnail","hentry","category-yasam"],"yoast_head":"<!-- This site is optimized with the Yoast SEO plugin v27.5 - https:\/\/yoast.com\/product\/yoast-seo-wordpress\/ -->\n<title>Gaziveren\u2019de 2. G\u00fcz K\u00fclt\u00fcr Sanat Festivali yap\u0131l\u0131yor - Kuzeyin Sesi<\/title>\n<meta name=\"robots\" content=\"index, follow, max-snippet:-1, max-image-preview:large, max-video-preview:-1\" \/>\n<link rel=\"canonical\" href=\"https:\/\/kuzeyinsesi.org\/index.php\/2024\/08\/19\/gaziverende-2-guz-kultur-sanat-festivali-yapiliyor\/\" \/>\n<meta property=\"og:locale\" content=\"tr_TR\" \/>\n<meta property=\"og:type\" content=\"article\" \/>\n<meta property=\"og:title\" content=\"Gaziveren\u2019de 2. G\u00fcz K\u00fclt\u00fcr Sanat Festivali yap\u0131l\u0131yor - Kuzeyin Sesi\" \/>\n<meta property=\"og:description\" content=\"Gaziveren\u2019de, 30 A\u011fustos-1 Eyl\u00fcl tarihlerinde 2. G\u00fcz Sanat Festivali yap\u0131l\u0131yor. Lefke Belediyesi ve sponsorlar\u0131n deste\u011fiyle, Gaziverenliler Derne\u011fi (GA-DER) ve Gaziveren Muhtarl\u0131\u011f\u0131 taraf\u0131ndan d\u00fczenlenen 3 g\u00fcnl\u00fck K\u00fclt\u00fcr Sanat Festivali\u2019nde dans g\u00f6sterileri, konserler, tavla turnuvas\u0131 ve tombala gibi etkinlikler yer alacak. Organizasyondan verilen bilgiye g\u00f6re, 30 A\u011fustos Cuma g\u00fcn\u00fc saat 19.00\u2019da kortej ile ba\u015flayacak Festival\u2019in program\u0131 \u015fu [&hellip;]\" \/>\n<meta property=\"og:url\" content=\"https:\/\/kuzeyinsesi.org\/index.php\/2024\/08\/19\/gaziverende-2-guz-kultur-sanat-festivali-yapiliyor\/\" \/>\n<meta property=\"og:site_name\" content=\"Kuzeyin Sesi\" \/>\n<meta property=\"article:publisher\" content=\"https:\/\/www.facebook.com\/kuzeyinsesii\" \/>\n<meta property=\"article:published_time\" content=\"2024-08-19T13:51:38+00:00\" \/>\n<meta property=\"og:image\" content=\"https:\/\/brtk.net\/wp-content\/uploads\/2024\/08\/19\/gaziveren-festival-2.jpg?ver=c568b782c7b7553bdab1df3f9593c4d9\" \/>\n<meta name=\"author\" content=\"Kuzeyin Sesi\" \/>\n<meta name=\"twitter:card\" content=\"summary_large_image\" \/>\n<meta name=\"twitter:creator\" content=\"@kuzeyinsesii\" \/>\n<meta name=\"twitter:site\" content=\"@kuzeyinsesii\" \/>\n<meta name=\"twitter:label1\" content=\"Yazan:\" \/>\n\t<meta name=\"twitter:data1\" content=\"Kuzeyin Sesi\" \/>\n\t<meta name=\"twitter:label2\" content=\"Tahmini okuma s\u00fcresi\" \/>\n\t<meta name=\"twitter:data2\" content=\"1 dakika\" \/>\n<script type=\"application\/ld+json\" class=\"yoast-schema-graph\">{\"@context\":\"https:\\\/\\\/schema.org\",\"@graph\":[{\"@type\":\"Article\",\"@id\":\"https:\\\/\\\/kuzeyinsesi.org\\\/index.php\\\/2024\\\/08\\\/19\\\/gaziverende-2-guz-kultur-sanat-festivali-yapiliyor\\\/#article\",\"isPartOf\":{\"@id\":\"https:\\\/\\\/kuzeyinsesi.org\\\/index.php\\\/2024\\\/08\\\/19\\\/gaziverende-2-guz-kultur-sanat-festivali-yapiliyor\\\/\"},\"author\":{\"name\":\"Kuzeyin Sesi\",\"@id\":\"https:\\\/\\\/kuzeyinsesi.org\\\/#\\\/schema\\\/person\\\/9f859689cdf01485597712386e37f5aa\"},\"headline\":\"Gaziveren\u2019de 2. G\u00fcz K\u00fclt\u00fcr Sanat Festivali yap\u0131l\u0131yor\",\"datePublished\":\"2024-08-19T13:51:38+00:00\",\"mainEntityOfPage\":{\"@id\":\"https:\\\/\\\/kuzeyinsesi.org\\\/index.php\\\/2024\\\/08\\\/19\\\/gaziverende-2-guz-kultur-sanat-festivali-yapiliyor\\\/\"},\"wordCount\":155,\"commentCount\":0,\"image\":{\"@id\":\"https:\\\/\\\/kuzeyinsesi.org\\\/index.php\\\/2024\\\/08\\\/19\\\/gaziverende-2-guz-kultur-sanat-festivali-yapiliyor\\\/#primaryimage\"},\"thumbnailUrl\":\"https:\\\/\\\/kuzeyinsesi.org\\\/wp-content\\\/uploads\\\/2024\\\/08\\\/gaziveren-festival-2.jpg\",\"articleSection\":[\"Ya\u015fam\"],\"inLanguage\":\"tr\",\"potentialAction\":[{\"@type\":\"CommentAction\",\"name\":\"Comment\",\"target\":[\"https:\\\/\\\/kuzeyinsesi.org\\\/index.php\\\/2024\\\/08\\\/19\\\/gaziverende-2-guz-kultur-sanat-festivali-yapiliyor\\\/#respond\"]}]},{\"@type\":\"WebPage\",\"@id\":\"https:\\\/\\\/kuzeyinsesi.org\\\/index.php\\\/2024\\\/08\\\/19\\\/gaziverende-2-guz-kultur-sanat-festivali-yapiliyor\\\/\",\"url\":\"https:\\\/\\\/kuzeyinsesi.org\\\/index.php\\\/2024\\\/08\\\/19\\\/gaziverende-2-guz-kultur-sanat-festivali-yapiliyor\\\/\",\"name\":\"Gaziveren\u2019de 2. G\u00fcz K\u00fclt\u00fcr Sanat Festivali yap\u0131l\u0131yor - Kuzeyin Sesi\",\"isPartOf\":{\"@id\":\"https:\\\/\\\/kuzeyinsesi.org\\\/#website\"},\"primaryImageOfPage\":{\"@id\":\"https:\\\/\\\/kuzeyinsesi.org\\\/index.php\\\/2024\\\/08\\\/19\\\/gaziverende-2-guz-kultur-sanat-festivali-yapiliyor\\\/#primaryimage\"},\"image\":{\"@id\":\"https:\\\/\\\/kuzeyinsesi.org\\\/index.php\\\/2024\\\/08\\\/19\\\/gaziverende-2-guz-kultur-sanat-festivali-yapiliyor\\\/#primaryimage\"},\"thumbnailUrl\":\"https:\\\/\\\/kuzeyinsesi.org\\\/wp-content\\\/uploads\\\/2024\\\/08\\\/gaziveren-festival-2.jpg\",\"datePublished\":\"2024-08-19T13:51:38+00:00\",\"author\":{\"@id\":\"https:\\\/\\\/kuzeyinsesi.org\\\/#\\\/schema\\\/person\\\/9f859689cdf01485597712386e37f5aa\"},\"breadcrumb\":{\"@id\":\"https:\\\/\\\/kuzeyinsesi.org\\\/index.php\\\/2024\\\/08\\\/19\\\/gaziverende-2-guz-kultur-sanat-festivali-yapiliyor\\\/#breadcrumb\"},\"inLanguage\":\"tr\",\"potentialAction\":[{\"@type\":\"ReadAction\",\"target\":[\"https:\\\/\\\/kuzeyinsesi.org\\\/index.php\\\/2024\\\/08\\\/19\\\/gaziverende-2-guz-kultur-sanat-festivali-yapiliyor\\\/\"]}]},{\"@type\":\"ImageObject\",\"inLanguage\":\"tr\",\"@id\":\"https:\\\/\\\/kuzeyinsesi.org\\\/index.php\\\/2024\\\/08\\\/19\\\/gaziverende-2-guz-kultur-sanat-festivali-yapiliyor\\\/#primaryimage\",\"url\":\"https:\\\/\\\/kuzeyinsesi.org\\\/wp-content\\\/uploads\\\/2024\\\/08\\\/gaziveren-festival-2.jpg\",\"contentUrl\":\"https:\\\/\\\/kuzeyinsesi.org\\\/wp-content\\\/uploads\\\/2024\\\/08\\\/gaziveren-festival-2.jpg\",\"width\":581,\"height\":725},{\"@type\":\"BreadcrumbList\",\"@id\":\"https:\\\/\\\/kuzeyinsesi.org\\\/index.php\\\/2024\\\/08\\\/19\\\/gaziverende-2-guz-kultur-sanat-festivali-yapiliyor\\\/#breadcrumb\",\"itemListElement\":[{\"@type\":\"ListItem\",\"position\":1,\"name\":\"Anasayfa\",\"item\":\"https:\\\/\\\/kuzeyinsesi.org\\\/\"},{\"@type\":\"ListItem\",\"position\":2,\"name\":\"Gaziveren\u2019de 2. G\u00fcz K\u00fclt\u00fcr Sanat Festivali yap\u0131l\u0131yor\"}]},{\"@type\":\"WebSite\",\"@id\":\"https:\\\/\\\/kuzeyinsesi.org\\\/#website\",\"url\":\"https:\\\/\\\/kuzeyinsesi.org\\\/\",\"name\":\"Kuzeyin Sesi\",\"description\":\"Do\u011fru Haberin Adresi\",\"potentialAction\":[{\"@type\":\"SearchAction\",\"target\":{\"@type\":\"EntryPoint\",\"urlTemplate\":\"https:\\\/\\\/kuzeyinsesi.org\\\/?s={search_term_string}\"},\"query-input\":{\"@type\":\"PropertyValueSpecification\",\"valueRequired\":true,\"valueName\":\"search_term_string\"}}],\"inLanguage\":\"tr\"},{\"@type\":\"Person\",\"@id\":\"https:\\\/\\\/kuzeyinsesi.org\\\/#\\\/schema\\\/person\\\/9f859689cdf01485597712386e37f5aa\",\"name\":\"Kuzeyin Sesi\",\"image\":{\"@type\":\"ImageObject\",\"inLanguage\":\"tr\",\"@id\":\"https:\\\/\\\/secure.gravatar.com\\\/avatar\\\/bab33852abfd8b282518d6ed81826833d77c3c882d9ab608add591ccace47a44?s=96&d=mm&r=g\",\"url\":\"https:\\\/\\\/secure.gravatar.com\\\/avatar\\\/bab33852abfd8b282518d6ed81826833d77c3c882d9ab608add591ccace47a44?s=96&d=mm&r=g\",\"contentUrl\":\"https:\\\/\\\/secure.gravatar.com\\\/avatar\\\/bab33852abfd8b282518d6ed81826833d77c3c882d9ab608add591ccace47a44?s=96&d=mm&r=g\",\"caption\":\"Kuzeyin Sesi\"},\"sameAs\":[\"https:\\\/\\\/kuzeyinsesi.org\"],\"url\":\"https:\\\/\\\/kuzeyinsesi.org\\\/index.php\\\/author\\\/guven\\\/\"}]}<\/script>\n<!-- \/ Yoast SEO plugin. -->","yoast_head_json":{"title":"Gaziveren\u2019de 2. G\u00fcz K\u00fclt\u00fcr Sanat Festivali yap\u0131l\u0131yor - Kuzeyin Sesi","robots":{"index":"index","follow":"follow","max-snippet":"max-snippet:-1","max-image-preview":"max-image-preview:large","max-video-preview":"max-video-preview:-1"},"canonical":"https:\/\/kuzeyinsesi.org\/index.php\/2024\/08\/19\/gaziverende-2-guz-kultur-sanat-festivali-yapiliyor\/","og_locale":"tr_TR","og_type":"article","og_title":"Gaziveren\u2019de 2. G\u00fcz K\u00fclt\u00fcr Sanat Festivali yap\u0131l\u0131yor - Kuzeyin Sesi","og_description":"Gaziveren\u2019de, 30 A\u011fustos-1 Eyl\u00fcl tarihlerinde 2. G\u00fcz Sanat Festivali yap\u0131l\u0131yor. Lefke Belediyesi ve sponsorlar\u0131n deste\u011fiyle, Gaziverenliler Derne\u011fi (GA-DER) ve Gaziveren Muhtarl\u0131\u011f\u0131 taraf\u0131ndan d\u00fczenlenen 3 g\u00fcnl\u00fck K\u00fclt\u00fcr Sanat Festivali\u2019nde dans g\u00f6sterileri, konserler, tavla turnuvas\u0131 ve tombala gibi etkinlikler yer alacak. Organizasyondan verilen bilgiye g\u00f6re, 30 A\u011fustos Cuma g\u00fcn\u00fc saat 19.00\u2019da kortej ile ba\u015flayacak Festival\u2019in program\u0131 \u015fu [&hellip;]","og_url":"https:\/\/kuzeyinsesi.org\/index.php\/2024\/08\/19\/gaziverende-2-guz-kultur-sanat-festivali-yapiliyor\/","og_site_name":"Kuzeyin Sesi","article_publisher":"https:\/\/www.facebook.com\/kuzeyinsesii","article_published_time":"2024-08-19T13:51:38+00:00","og_image":[{"url":"https:\/\/brtk.net\/wp-content\/uploads\/2024\/08\/19\/gaziveren-festival-2.jpg?ver=c568b782c7b7553bdab1df3f9593c4d9","type":"","width":"","height":""}],"author":"Kuzeyin Sesi","twitter_card":"summary_large_image","twitter_creator":"@kuzeyinsesii","twitter_site":"@kuzeyinsesii","twitter_misc":{"Yazan:":"Kuzeyin Sesi","Tahmini okuma s\u00fcresi":"1 dakika"},"schema":{"@context":"https:\/\/schema.org","@graph":[{"@type":"Article","@id":"https:\/\/kuzeyinsesi.org\/index.php\/2024\/08\/19\/gaziverende-2-guz-kultur-sanat-festivali-yapiliyor\/#article","isPartOf":{"@id":"https:\/\/kuzeyinsesi.org\/index.php\/2024\/08\/19\/gaziverende-2-guz-kultur-sanat-festivali-yapiliyor\/"},"author":{"name":"Kuzeyin Sesi","@id":"https:\/\/kuzeyinsesi.org\/#\/schema\/person\/9f859689cdf01485597712386e37f5aa"},"headline":"Gaziveren\u2019de 2. G\u00fcz K\u00fclt\u00fcr Sanat Festivali yap\u0131l\u0131yor","datePublished":"2024-08-19T13:51:38+00:00","mainEntityOfPage":{"@id":"https:\/\/kuzeyinsesi.org\/index.php\/2024\/08\/19\/gaziverende-2-guz-kultur-sanat-festivali-yapiliyor\/"},"wordCount":155,"commentCount":0,"image":{"@id":"https:\/\/kuzeyinsesi.org\/index.php\/2024\/08\/19\/gaziverende-2-guz-kultur-sanat-festivali-yapiliyor\/#primaryimage"},"thumbnailUrl":"https:\/\/kuzeyinsesi.org\/wp-content\/uploads\/2024\/08\/gaziveren-festival-2.jpg","articleSection":["Ya\u015fam"],"inLanguage":"tr","potentialAction":[{"@type":"CommentAction","name":"Comment","target":["https:\/\/kuzeyinsesi.org\/index.php\/2024\/08\/19\/gaziverende-2-guz-kultur-sanat-festivali-yapiliyor\/#respond"]}]},{"@type":"WebPage","@id":"https:\/\/kuzeyinsesi.org\/index.php\/2024\/08\/19\/gaziverende-2-guz-kultur-sanat-festivali-yapiliyor\/","url":"https:\/\/kuzeyinsesi.org\/index.php\/2024\/08\/19\/gaziverende-2-guz-kultur-sanat-festivali-yapiliyor\/","name":"Gaziveren\u2019de 2. G\u00fcz K\u00fclt\u00fcr Sanat Festivali yap\u0131l\u0131yor - Kuzeyin Sesi","isPartOf":{"@id":"https:\/\/kuzeyinsesi.org\/#website"},"primaryImageOfPage":{"@id":"https:\/\/kuzeyinsesi.org\/index.php\/2024\/08\/19\/gaziverende-2-guz-kultur-sanat-festivali-yapiliyor\/#primaryimage"},"image":{"@id":"https:\/\/kuzeyinsesi.org\/index.php\/2024\/08\/19\/gaziverende-2-guz-kultur-sanat-festivali-yapiliyor\/#primaryimage"},"thumbnailUrl":"https:\/\/kuzeyinsesi.org\/wp-content\/uploads\/2024\/08\/gaziveren-festival-2.jpg","datePublished":"2024-08-19T13:51:38+00:00","author":{"@id":"https:\/\/kuzeyinsesi.org\/#\/schema\/person\/9f859689cdf01485597712386e37f5aa"},"breadcrumb":{"@id":"https:\/\/kuzeyinsesi.org\/index.php\/2024\/08\/19\/gaziverende-2-guz-kultur-sanat-festivali-yapiliyor\/#breadcrumb"},"inLanguage":"tr","potentialAction":[{"@type":"ReadAction","target":["https:\/\/kuzeyinsesi.org\/index.php\/2024\/08\/19\/gaziverende-2-guz-kultur-sanat-festivali-yapiliyor\/"]}]},{"@type":"ImageObject","inLanguage":"tr","@id":"https:\/\/kuzeyinsesi.org\/index.php\/2024\/08\/19\/gaziverende-2-guz-kultur-sanat-festivali-yapiliyor\/#primaryimage","url":"https:\/\/kuzeyinsesi.org\/wp-content\/uploads\/2024\/08\/gaziveren-festival-2.jpg","contentUrl":"https:\/\/kuzeyinsesi.org\/wp-content\/uploads\/2024\/08\/gaziveren-festival-2.jpg","width":581,"height":725},{"@type":"BreadcrumbList","@id":"https:\/\/kuzeyinsesi.org\/index.php\/2024\/08\/19\/gaziverende-2-guz-kultur-sanat-festivali-yapiliyor\/#breadcrumb","itemListElement":[{"@type":"ListItem","position":1,"name":"Anasayfa","item":"https:\/\/kuzeyinsesi.org\/"},{"@type":"ListItem","position":2,"name":"Gaziveren\u2019de 2. G\u00fcz K\u00fclt\u00fcr Sanat Festivali yap\u0131l\u0131yor"}]},{"@type":"WebSite","@id":"https:\/\/kuzeyinsesi.org\/#website","url":"https:\/\/kuzeyinsesi.org\/","name":"Kuzeyin Sesi","description":"Do\u011fru Haberin Adresi","potentialAction":[{"@type":"SearchAction","target":{"@type":"EntryPoint","urlTemplate":"https:\/\/kuzeyinsesi.org\/?s={search_term_string}"},"query-input":{"@type":"PropertyValueSpecification","valueRequired":true,"valueName":"search_term_string"}}],"inLanguage":"tr"},{"@type":"Person","@id":"https:\/\/kuzeyinsesi.org\/#\/schema\/person\/9f859689cdf01485597712386e37f5aa","name":"Kuzeyin Sesi","image":{"@type":"ImageObject","inLanguage":"tr","@id":"https:\/\/secure.gravatar.com\/avatar\/bab33852abfd8b282518d6ed81826833d77c3c882d9ab608add591ccace47a44?s=96&d=mm&r=g","url":"https:\/\/secure.gravatar.com\/avatar\/bab33852abfd8b282518d6ed81826833d77c3c882d9ab608add591ccace47a44?s=96&d=mm&r=g","contentUrl":"https:\/\/secure.gravatar.com\/avatar\/bab33852abfd8b282518d6ed81826833d77c3c882d9ab608add591ccace47a44?s=96&d=mm&r=g","caption":"Kuzeyin Sesi"},"sameAs":["https:\/\/kuzeyinsesi.org"],"url":"https:\/\/kuzeyinsesi.org\/index.php\/author\/guven\/"}]}},"_links":{"self":[{"href":"https:\/\/kuzeyinsesi.org\/index.php\/wp-json\/wp\/v2\/posts\/8224","targetHints":{"allow":["GET"]}}],"collection":[{"href":"https:\/\/kuzeyinsesi.org\/index.php\/wp-json\/wp\/v2\/posts"}],"about":[{"href":"https:\/\/kuzeyinsesi.org\/index.php\/wp-json\/wp\/v2\/types\/post"}],"author":[{"embeddable":true,"href":"https:\/\/kuzeyinsesi.org\/index.php\/wp-json\/wp\/v2\/users\/1"}],"replies":[{"embeddable":true,"href":"https:\/\/kuzeyinsesi.org\/index.php\/wp-json\/wp\/v2\/comments?post=8224"}],"version-history":[{"count":0,"href":"https:\/\/kuzeyinsesi.org\/index.php\/wp-json\/wp\/v2\/posts\/8224\/revisions"}],"wp:featuredmedia":[{"embeddable":true,"href":"https:\/\/kuzeyinsesi.org\/index.php\/wp-json\/wp\/v2\/media\/8225"}],"wp:attachment":[{"href":"https:\/\/kuzeyinsesi.org\/index.php\/wp-json\/wp\/v2\/media?parent=8224"}],"wp:term":[{"taxonomy":"category","embeddable":true,"href":"https:\/\/kuzeyinsesi.org\/index.php\/wp-json\/wp\/v2\/categories?post=8224"},{"taxonomy":"post_tag","embeddable":true,"href":"https:\/\/kuzeyinsesi.org\/index.php\/wp-json\/wp\/v2\/tags?post=8224"}],"curies":[{"name":"wp","href":"https:\/\/api.w.org\/{rel}","templated":true}]}}