{"id":8214,"date":"2024-08-19T13:40:38","date_gmt":"2024-08-19T10:40:38","guid":{"rendered":"https:\/\/kuzeyinsesi.org\/index.php\/2024\/08\/19\/iskele-belediyesi-4-deniz-festivali-cuma-gunu-basliyor\/"},"modified":"2024-08-19T13:40:38","modified_gmt":"2024-08-19T10:40:38","slug":"iskele-belediyesi-4-deniz-festivali-cuma-gunu-basliyor","status":"publish","type":"post","link":"https:\/\/kuzeyinsesi.org\/index.php\/2024\/08\/19\/iskele-belediyesi-4-deniz-festivali-cuma-gunu-basliyor\/","title":{"rendered":"\u0130skele Belediyesi 4. Deniz Festivali cuma g\u00fcn\u00fc ba\u015fl\u0131yor"},"content":{"rendered":"<div>\n<div class=\"mariselle-image-container center\">\n                                            <\/div>\n<p>\u0130skele Belediyesi 4. Deniz Festivali, 23 A\u011fustos Cuma g\u00fcn\u00fc ba\u015fl\u0131yor.<\/p>\n<p>\u0130skele Belediyesi Halk Plaj\u0131\u2019nda d\u00fczenlenecek ve \u00fc\u00e7 g\u00fcn s\u00fcrecek festivalde \u00fc\u00e7 konser yer alacak. \u00c7ocuk \u015eenli\u011fi ile ba\u015flayacak 4. Deniz Festivali\u2019nin a\u00e7\u0131l\u0131\u015f konserini Retro \u00c7alg\u0131c\u0131lar\u0131 verecek. Festivalin ikinci gecesi Cem Adrian, kapan\u0131\u015f\u0131nda ise Nafiz D\u00f6lek sahne alacak. Saat 21.30\u2019da \u0130skele Belediyesi Halk Plaj\u0131\u2019nda ba\u015flayacak konserlere \u00fccretsiz giri\u015f sa\u011flanabilecek.<\/p>\n<p>-\u00c7ocuk \u015eenli\u011fi ile ba\u015flayacak Festivalin a\u00e7\u0131l\u0131\u015f konseri Retro \u00c7alg\u0131c\u0131lar\u0131\u2019ndan<\/p>\n<p>\u0130skele Belediyesi\u2019nden verilen bilgiye g\u00f6re, 23 A\u011fustos Cuma g\u00fcn\u00fc saat 19.00\u2019da a\u00e7\u0131l\u0131\u015f kortejinin Babutsa B\u00fcfe \u00f6n\u00fcnden hareket etmesiyle ba\u015flayacak festival, 19.30\u2019da \u00c7ocuk \u015eenli\u011fi ile devam edecek. \u00c7ocuk oyunlar\u0131n\u0131n yan\u0131 s\u0131ra \u00e7e\u015fitli aktiviteler ve \u00e7ocuklara y\u00f6nelik ikramlar\u0131n yap\u0131laca\u011f\u0131 \u00c7ocuk \u015e\u00f6leni\u2019ne t\u00fcm \u00e7ocuklar davet edildi.<\/p>\n<p>4. Deniz Festivali\u2019nin a\u00e7\u0131l\u0131\u015f konserini ise Retro \u00c7alg\u0131c\u0131lar\u0131 verecek. Saat 21.30\u2019da \u0130skele Belediyesi Halk Plaj\u0131\u2019nda ba\u015flayacak konsere giri\u015f \u00fccretsiz olacak.<\/p>\n<p>KKTC\u2019deki ilk halk konserini \u0130skele\u2019de, \u0130skele Belediyesi Halk Plaj\u0131\u2019nda verecek Cem Adrian, 24 A\u011fustos saat 21.30\u2019da sahne alacak.<\/p>\n<p>Festival \u00e7er\u00e7evesinde Survivor \u00c7ocuk Yar\u0131\u015fmas\u0131\u2019n\u0131n da bu y\u0131l 3.\u2019s\u00fc ger\u00e7ekle\u015fecek.<\/p>\n<p>\u0130skele Belediyesi Halk Plaj\u0131\u2019na kurulacak \u00f6zel parkurlar\u0131n yer alaca\u011f\u0131 yar\u0131\u015fma 25 A\u011fustos Pazar saat 18.00\u2019de yap\u0131lacak. 2013-2014-2015 (9-10-11 ya\u015f) do\u011fumlu \u00e7ocuklar\u0131n kat\u0131labilece\u011fi yar\u0131\u015fma i\u00e7in gerekli olan kimlik ya da do\u011fum belgesini \u0130skele Belediyesi\u2019ne getiren ilk 26 \u00e7ocuk yar\u0131\u015fmaya girmeye hak kazanacak.<\/p>\n<p>4. Deniz Festivali\u2019nin kapan\u0131\u015f\u0131nda sanat\u00e7\u0131 Nafiz D\u00f6lek \u0130skele Belediyesi Halk Plaj\u0131\u2019nda kurulacak sahnede m\u00fczikseverlerle bulu\u015facak.<\/p>\n<\/p><\/div>\n<p><script async\n                    defer\n                    crossorigin=\"anonymous\"\n                    src=\"https:\/\/connect.facebook.net\/tr_TR\/sdk.js#xfbml=1&#038;version=v3.3\"\n            ><\/script><\/p>\n","protected":false},"excerpt":{"rendered":"<p>\u0130skele Belediyesi 4. Deniz Festivali, 23 A\u011fustos Cuma g\u00fcn\u00fc ba\u015fl\u0131yor. \u0130skele Belediyesi Halk Plaj\u0131\u2019nda d\u00fczenlenecek ve \u00fc\u00e7 g\u00fcn s\u00fcrecek festivalde \u00fc\u00e7 konser yer alacak. \u00c7ocuk \u015eenli\u011fi ile ba\u015flayacak 4. Deniz Festivali\u2019nin a\u00e7\u0131l\u0131\u015f konserini Retro \u00c7alg\u0131c\u0131lar\u0131 verecek. Festivalin ikinci gecesi Cem Adrian, kapan\u0131\u015f\u0131nda ise Nafiz D\u00f6lek sahne alacak. Saat 21.30\u2019da \u0130skele Belediyesi Halk Plaj\u0131\u2019nda ba\u015flayacak konserlere [&hellip;]<\/p>\n","protected":false},"author":1,"featured_media":8215,"comment_status":"open","ping_status":"open","sticky":false,"template":"","format":"standard","meta":{"jnews-multi-image_gallery":[],"jnews_single_post":[],"jnews_primary_category":[],"jnews_social_meta":[],"jnews_override_counter":[],"footnotes":""},"categories":[6],"tags":[],"class_list":["post-8214","post","type-post","status-publish","format-standard","has-post-thumbnail","hentry","category-yasam"],"yoast_head":"<!-- This site is optimized with the Yoast SEO plugin v27.5 - https:\/\/yoast.com\/product\/yoast-seo-wordpress\/ -->\n<title>\u0130skele Belediyesi 4. Deniz Festivali cuma g\u00fcn\u00fc ba\u015fl\u0131yor - Kuzeyin Sesi<\/title>\n<meta name=\"robots\" content=\"index, follow, max-snippet:-1, max-image-preview:large, max-video-preview:-1\" \/>\n<link rel=\"canonical\" href=\"https:\/\/kuzeyinsesi.org\/index.php\/2024\/08\/19\/iskele-belediyesi-4-deniz-festivali-cuma-gunu-basliyor\/\" \/>\n<meta property=\"og:locale\" content=\"tr_TR\" \/>\n<meta property=\"og:type\" content=\"article\" \/>\n<meta property=\"og:title\" content=\"\u0130skele Belediyesi 4. Deniz Festivali cuma g\u00fcn\u00fc ba\u015fl\u0131yor - Kuzeyin Sesi\" \/>\n<meta property=\"og:description\" content=\"\u0130skele Belediyesi 4. Deniz Festivali, 23 A\u011fustos Cuma g\u00fcn\u00fc ba\u015fl\u0131yor. \u0130skele Belediyesi Halk Plaj\u0131\u2019nda d\u00fczenlenecek ve \u00fc\u00e7 g\u00fcn s\u00fcrecek festivalde \u00fc\u00e7 konser yer alacak. \u00c7ocuk \u015eenli\u011fi ile ba\u015flayacak 4. Deniz Festivali\u2019nin a\u00e7\u0131l\u0131\u015f konserini Retro \u00c7alg\u0131c\u0131lar\u0131 verecek. Festivalin ikinci gecesi Cem Adrian, kapan\u0131\u015f\u0131nda ise Nafiz D\u00f6lek sahne alacak. Saat 21.30\u2019da \u0130skele Belediyesi Halk Plaj\u0131\u2019nda ba\u015flayacak konserlere [&hellip;]\" \/>\n<meta property=\"og:url\" content=\"https:\/\/kuzeyinsesi.org\/index.php\/2024\/08\/19\/iskele-belediyesi-4-deniz-festivali-cuma-gunu-basliyor\/\" \/>\n<meta property=\"og:site_name\" content=\"Kuzeyin Sesi\" \/>\n<meta property=\"article:publisher\" content=\"https:\/\/www.facebook.com\/kuzeyinsesii\" \/>\n<meta property=\"article:published_time\" content=\"2024-08-19T10:40:38+00:00\" \/>\n<meta property=\"og:image\" content=\"https:\/\/brtk.net\/wp-content\/uploads\/2024\/08\/19\/4-deniz-festivali.jpg?ver=ac42712943b805370a167ea3ec099d8d\" \/>\n<meta name=\"author\" content=\"Kuzeyin Sesi\" \/>\n<meta name=\"twitter:card\" content=\"summary_large_image\" \/>\n<meta name=\"twitter:creator\" content=\"@kuzeyinsesii\" \/>\n<meta name=\"twitter:site\" content=\"@kuzeyinsesii\" \/>\n<meta name=\"twitter:label1\" content=\"Yazan:\" \/>\n\t<meta name=\"twitter:data1\" content=\"Kuzeyin Sesi\" \/>\n\t<meta name=\"twitter:label2\" content=\"Tahmini okuma s\u00fcresi\" \/>\n\t<meta name=\"twitter:data2\" content=\"1 dakika\" \/>\n<script type=\"application\/ld+json\" class=\"yoast-schema-graph\">{\"@context\":\"https:\\\/\\\/schema.org\",\"@graph\":[{\"@type\":\"Article\",\"@id\":\"https:\\\/\\\/kuzeyinsesi.org\\\/index.php\\\/2024\\\/08\\\/19\\\/iskele-belediyesi-4-deniz-festivali-cuma-gunu-basliyor\\\/#article\",\"isPartOf\":{\"@id\":\"https:\\\/\\\/kuzeyinsesi.org\\\/index.php\\\/2024\\\/08\\\/19\\\/iskele-belediyesi-4-deniz-festivali-cuma-gunu-basliyor\\\/\"},\"author\":{\"name\":\"Kuzeyin Sesi\",\"@id\":\"https:\\\/\\\/kuzeyinsesi.org\\\/#\\\/schema\\\/person\\\/9f859689cdf01485597712386e37f5aa\"},\"headline\":\"\u0130skele Belediyesi 4. Deniz Festivali cuma g\u00fcn\u00fc ba\u015fl\u0131yor\",\"datePublished\":\"2024-08-19T10:40:38+00:00\",\"mainEntityOfPage\":{\"@id\":\"https:\\\/\\\/kuzeyinsesi.org\\\/index.php\\\/2024\\\/08\\\/19\\\/iskele-belediyesi-4-deniz-festivali-cuma-gunu-basliyor\\\/\"},\"wordCount\":296,\"commentCount\":0,\"image\":{\"@id\":\"https:\\\/\\\/kuzeyinsesi.org\\\/index.php\\\/2024\\\/08\\\/19\\\/iskele-belediyesi-4-deniz-festivali-cuma-gunu-basliyor\\\/#primaryimage\"},\"thumbnailUrl\":\"https:\\\/\\\/kuzeyinsesi.org\\\/wp-content\\\/uploads\\\/2024\\\/08\\\/4-deniz-festivali.jpg\",\"articleSection\":[\"Ya\u015fam\"],\"inLanguage\":\"tr\",\"potentialAction\":[{\"@type\":\"CommentAction\",\"name\":\"Comment\",\"target\":[\"https:\\\/\\\/kuzeyinsesi.org\\\/index.php\\\/2024\\\/08\\\/19\\\/iskele-belediyesi-4-deniz-festivali-cuma-gunu-basliyor\\\/#respond\"]}]},{\"@type\":\"WebPage\",\"@id\":\"https:\\\/\\\/kuzeyinsesi.org\\\/index.php\\\/2024\\\/08\\\/19\\\/iskele-belediyesi-4-deniz-festivali-cuma-gunu-basliyor\\\/\",\"url\":\"https:\\\/\\\/kuzeyinsesi.org\\\/index.php\\\/2024\\\/08\\\/19\\\/iskele-belediyesi-4-deniz-festivali-cuma-gunu-basliyor\\\/\",\"name\":\"\u0130skele Belediyesi 4. Deniz Festivali cuma g\u00fcn\u00fc ba\u015fl\u0131yor - Kuzeyin Sesi\",\"isPartOf\":{\"@id\":\"https:\\\/\\\/kuzeyinsesi.org\\\/#website\"},\"primaryImageOfPage\":{\"@id\":\"https:\\\/\\\/kuzeyinsesi.org\\\/index.php\\\/2024\\\/08\\\/19\\\/iskele-belediyesi-4-deniz-festivali-cuma-gunu-basliyor\\\/#primaryimage\"},\"image\":{\"@id\":\"https:\\\/\\\/kuzeyinsesi.org\\\/index.php\\\/2024\\\/08\\\/19\\\/iskele-belediyesi-4-deniz-festivali-cuma-gunu-basliyor\\\/#primaryimage\"},\"thumbnailUrl\":\"https:\\\/\\\/kuzeyinsesi.org\\\/wp-content\\\/uploads\\\/2024\\\/08\\\/4-deniz-festivali.jpg\",\"datePublished\":\"2024-08-19T10:40:38+00:00\",\"author\":{\"@id\":\"https:\\\/\\\/kuzeyinsesi.org\\\/#\\\/schema\\\/person\\\/9f859689cdf01485597712386e37f5aa\"},\"breadcrumb\":{\"@id\":\"https:\\\/\\\/kuzeyinsesi.org\\\/index.php\\\/2024\\\/08\\\/19\\\/iskele-belediyesi-4-deniz-festivali-cuma-gunu-basliyor\\\/#breadcrumb\"},\"inLanguage\":\"tr\",\"potentialAction\":[{\"@type\":\"ReadAction\",\"target\":[\"https:\\\/\\\/kuzeyinsesi.org\\\/index.php\\\/2024\\\/08\\\/19\\\/iskele-belediyesi-4-deniz-festivali-cuma-gunu-basliyor\\\/\"]}]},{\"@type\":\"ImageObject\",\"inLanguage\":\"tr\",\"@id\":\"https:\\\/\\\/kuzeyinsesi.org\\\/index.php\\\/2024\\\/08\\\/19\\\/iskele-belediyesi-4-deniz-festivali-cuma-gunu-basliyor\\\/#primaryimage\",\"url\":\"https:\\\/\\\/kuzeyinsesi.org\\\/wp-content\\\/uploads\\\/2024\\\/08\\\/4-deniz-festivali.jpg\",\"contentUrl\":\"https:\\\/\\\/kuzeyinsesi.org\\\/wp-content\\\/uploads\\\/2024\\\/08\\\/4-deniz-festivali.jpg\",\"width\":1352,\"height\":1082},{\"@type\":\"BreadcrumbList\",\"@id\":\"https:\\\/\\\/kuzeyinsesi.org\\\/index.php\\\/2024\\\/08\\\/19\\\/iskele-belediyesi-4-deniz-festivali-cuma-gunu-basliyor\\\/#breadcrumb\",\"itemListElement\":[{\"@type\":\"ListItem\",\"position\":1,\"name\":\"Anasayfa\",\"item\":\"https:\\\/\\\/kuzeyinsesi.org\\\/\"},{\"@type\":\"ListItem\",\"position\":2,\"name\":\"\u0130skele Belediyesi 4. Deniz Festivali cuma g\u00fcn\u00fc ba\u015fl\u0131yor\"}]},{\"@type\":\"WebSite\",\"@id\":\"https:\\\/\\\/kuzeyinsesi.org\\\/#website\",\"url\":\"https:\\\/\\\/kuzeyinsesi.org\\\/\",\"name\":\"Kuzeyin Sesi\",\"description\":\"Do\u011fru Haberin Adresi\",\"potentialAction\":[{\"@type\":\"SearchAction\",\"target\":{\"@type\":\"EntryPoint\",\"urlTemplate\":\"https:\\\/\\\/kuzeyinsesi.org\\\/?s={search_term_string}\"},\"query-input\":{\"@type\":\"PropertyValueSpecification\",\"valueRequired\":true,\"valueName\":\"search_term_string\"}}],\"inLanguage\":\"tr\"},{\"@type\":\"Person\",\"@id\":\"https:\\\/\\\/kuzeyinsesi.org\\\/#\\\/schema\\\/person\\\/9f859689cdf01485597712386e37f5aa\",\"name\":\"Kuzeyin Sesi\",\"image\":{\"@type\":\"ImageObject\",\"inLanguage\":\"tr\",\"@id\":\"https:\\\/\\\/secure.gravatar.com\\\/avatar\\\/bab33852abfd8b282518d6ed81826833d77c3c882d9ab608add591ccace47a44?s=96&d=mm&r=g\",\"url\":\"https:\\\/\\\/secure.gravatar.com\\\/avatar\\\/bab33852abfd8b282518d6ed81826833d77c3c882d9ab608add591ccace47a44?s=96&d=mm&r=g\",\"contentUrl\":\"https:\\\/\\\/secure.gravatar.com\\\/avatar\\\/bab33852abfd8b282518d6ed81826833d77c3c882d9ab608add591ccace47a44?s=96&d=mm&r=g\",\"caption\":\"Kuzeyin Sesi\"},\"sameAs\":[\"https:\\\/\\\/kuzeyinsesi.org\"],\"url\":\"https:\\\/\\\/kuzeyinsesi.org\\\/index.php\\\/author\\\/guven\\\/\"}]}<\/script>\n<!-- \/ Yoast SEO plugin. -->","yoast_head_json":{"title":"\u0130skele Belediyesi 4. Deniz Festivali cuma g\u00fcn\u00fc ba\u015fl\u0131yor - Kuzeyin Sesi","robots":{"index":"index","follow":"follow","max-snippet":"max-snippet:-1","max-image-preview":"max-image-preview:large","max-video-preview":"max-video-preview:-1"},"canonical":"https:\/\/kuzeyinsesi.org\/index.php\/2024\/08\/19\/iskele-belediyesi-4-deniz-festivali-cuma-gunu-basliyor\/","og_locale":"tr_TR","og_type":"article","og_title":"\u0130skele Belediyesi 4. Deniz Festivali cuma g\u00fcn\u00fc ba\u015fl\u0131yor - Kuzeyin Sesi","og_description":"\u0130skele Belediyesi 4. Deniz Festivali, 23 A\u011fustos Cuma g\u00fcn\u00fc ba\u015fl\u0131yor. \u0130skele Belediyesi Halk Plaj\u0131\u2019nda d\u00fczenlenecek ve \u00fc\u00e7 g\u00fcn s\u00fcrecek festivalde \u00fc\u00e7 konser yer alacak. \u00c7ocuk \u015eenli\u011fi ile ba\u015flayacak 4. Deniz Festivali\u2019nin a\u00e7\u0131l\u0131\u015f konserini Retro \u00c7alg\u0131c\u0131lar\u0131 verecek. Festivalin ikinci gecesi Cem Adrian, kapan\u0131\u015f\u0131nda ise Nafiz D\u00f6lek sahne alacak. Saat 21.30\u2019da \u0130skele Belediyesi Halk Plaj\u0131\u2019nda ba\u015flayacak konserlere [&hellip;]","og_url":"https:\/\/kuzeyinsesi.org\/index.php\/2024\/08\/19\/iskele-belediyesi-4-deniz-festivali-cuma-gunu-basliyor\/","og_site_name":"Kuzeyin Sesi","article_publisher":"https:\/\/www.facebook.com\/kuzeyinsesii","article_published_time":"2024-08-19T10:40:38+00:00","og_image":[{"url":"https:\/\/brtk.net\/wp-content\/uploads\/2024\/08\/19\/4-deniz-festivali.jpg?ver=ac42712943b805370a167ea3ec099d8d","type":"","width":"","height":""}],"author":"Kuzeyin Sesi","twitter_card":"summary_large_image","twitter_creator":"@kuzeyinsesii","twitter_site":"@kuzeyinsesii","twitter_misc":{"Yazan:":"Kuzeyin Sesi","Tahmini okuma s\u00fcresi":"1 dakika"},"schema":{"@context":"https:\/\/schema.org","@graph":[{"@type":"Article","@id":"https:\/\/kuzeyinsesi.org\/index.php\/2024\/08\/19\/iskele-belediyesi-4-deniz-festivali-cuma-gunu-basliyor\/#article","isPartOf":{"@id":"https:\/\/kuzeyinsesi.org\/index.php\/2024\/08\/19\/iskele-belediyesi-4-deniz-festivali-cuma-gunu-basliyor\/"},"author":{"name":"Kuzeyin Sesi","@id":"https:\/\/kuzeyinsesi.org\/#\/schema\/person\/9f859689cdf01485597712386e37f5aa"},"headline":"\u0130skele Belediyesi 4. Deniz Festivali cuma g\u00fcn\u00fc ba\u015fl\u0131yor","datePublished":"2024-08-19T10:40:38+00:00","mainEntityOfPage":{"@id":"https:\/\/kuzeyinsesi.org\/index.php\/2024\/08\/19\/iskele-belediyesi-4-deniz-festivali-cuma-gunu-basliyor\/"},"wordCount":296,"commentCount":0,"image":{"@id":"https:\/\/kuzeyinsesi.org\/index.php\/2024\/08\/19\/iskele-belediyesi-4-deniz-festivali-cuma-gunu-basliyor\/#primaryimage"},"thumbnailUrl":"https:\/\/kuzeyinsesi.org\/wp-content\/uploads\/2024\/08\/4-deniz-festivali.jpg","articleSection":["Ya\u015fam"],"inLanguage":"tr","potentialAction":[{"@type":"CommentAction","name":"Comment","target":["https:\/\/kuzeyinsesi.org\/index.php\/2024\/08\/19\/iskele-belediyesi-4-deniz-festivali-cuma-gunu-basliyor\/#respond"]}]},{"@type":"WebPage","@id":"https:\/\/kuzeyinsesi.org\/index.php\/2024\/08\/19\/iskele-belediyesi-4-deniz-festivali-cuma-gunu-basliyor\/","url":"https:\/\/kuzeyinsesi.org\/index.php\/2024\/08\/19\/iskele-belediyesi-4-deniz-festivali-cuma-gunu-basliyor\/","name":"\u0130skele Belediyesi 4. Deniz Festivali cuma g\u00fcn\u00fc ba\u015fl\u0131yor - Kuzeyin Sesi","isPartOf":{"@id":"https:\/\/kuzeyinsesi.org\/#website"},"primaryImageOfPage":{"@id":"https:\/\/kuzeyinsesi.org\/index.php\/2024\/08\/19\/iskele-belediyesi-4-deniz-festivali-cuma-gunu-basliyor\/#primaryimage"},"image":{"@id":"https:\/\/kuzeyinsesi.org\/index.php\/2024\/08\/19\/iskele-belediyesi-4-deniz-festivali-cuma-gunu-basliyor\/#primaryimage"},"thumbnailUrl":"https:\/\/kuzeyinsesi.org\/wp-content\/uploads\/2024\/08\/4-deniz-festivali.jpg","datePublished":"2024-08-19T10:40:38+00:00","author":{"@id":"https:\/\/kuzeyinsesi.org\/#\/schema\/person\/9f859689cdf01485597712386e37f5aa"},"breadcrumb":{"@id":"https:\/\/kuzeyinsesi.org\/index.php\/2024\/08\/19\/iskele-belediyesi-4-deniz-festivali-cuma-gunu-basliyor\/#breadcrumb"},"inLanguage":"tr","potentialAction":[{"@type":"ReadAction","target":["https:\/\/kuzeyinsesi.org\/index.php\/2024\/08\/19\/iskele-belediyesi-4-deniz-festivali-cuma-gunu-basliyor\/"]}]},{"@type":"ImageObject","inLanguage":"tr","@id":"https:\/\/kuzeyinsesi.org\/index.php\/2024\/08\/19\/iskele-belediyesi-4-deniz-festivali-cuma-gunu-basliyor\/#primaryimage","url":"https:\/\/kuzeyinsesi.org\/wp-content\/uploads\/2024\/08\/4-deniz-festivali.jpg","contentUrl":"https:\/\/kuzeyinsesi.org\/wp-content\/uploads\/2024\/08\/4-deniz-festivali.jpg","width":1352,"height":1082},{"@type":"BreadcrumbList","@id":"https:\/\/kuzeyinsesi.org\/index.php\/2024\/08\/19\/iskele-belediyesi-4-deniz-festivali-cuma-gunu-basliyor\/#breadcrumb","itemListElement":[{"@type":"ListItem","position":1,"name":"Anasayfa","item":"https:\/\/kuzeyinsesi.org\/"},{"@type":"ListItem","position":2,"name":"\u0130skele Belediyesi 4. Deniz Festivali cuma g\u00fcn\u00fc ba\u015fl\u0131yor"}]},{"@type":"WebSite","@id":"https:\/\/kuzeyinsesi.org\/#website","url":"https:\/\/kuzeyinsesi.org\/","name":"Kuzeyin Sesi","description":"Do\u011fru Haberin Adresi","potentialAction":[{"@type":"SearchAction","target":{"@type":"EntryPoint","urlTemplate":"https:\/\/kuzeyinsesi.org\/?s={search_term_string}"},"query-input":{"@type":"PropertyValueSpecification","valueRequired":true,"valueName":"search_term_string"}}],"inLanguage":"tr"},{"@type":"Person","@id":"https:\/\/kuzeyinsesi.org\/#\/schema\/person\/9f859689cdf01485597712386e37f5aa","name":"Kuzeyin Sesi","image":{"@type":"ImageObject","inLanguage":"tr","@id":"https:\/\/secure.gravatar.com\/avatar\/bab33852abfd8b282518d6ed81826833d77c3c882d9ab608add591ccace47a44?s=96&d=mm&r=g","url":"https:\/\/secure.gravatar.com\/avatar\/bab33852abfd8b282518d6ed81826833d77c3c882d9ab608add591ccace47a44?s=96&d=mm&r=g","contentUrl":"https:\/\/secure.gravatar.com\/avatar\/bab33852abfd8b282518d6ed81826833d77c3c882d9ab608add591ccace47a44?s=96&d=mm&r=g","caption":"Kuzeyin Sesi"},"sameAs":["https:\/\/kuzeyinsesi.org"],"url":"https:\/\/kuzeyinsesi.org\/index.php\/author\/guven\/"}]}},"_links":{"self":[{"href":"https:\/\/kuzeyinsesi.org\/index.php\/wp-json\/wp\/v2\/posts\/8214","targetHints":{"allow":["GET"]}}],"collection":[{"href":"https:\/\/kuzeyinsesi.org\/index.php\/wp-json\/wp\/v2\/posts"}],"about":[{"href":"https:\/\/kuzeyinsesi.org\/index.php\/wp-json\/wp\/v2\/types\/post"}],"author":[{"embeddable":true,"href":"https:\/\/kuzeyinsesi.org\/index.php\/wp-json\/wp\/v2\/users\/1"}],"replies":[{"embeddable":true,"href":"https:\/\/kuzeyinsesi.org\/index.php\/wp-json\/wp\/v2\/comments?post=8214"}],"version-history":[{"count":0,"href":"https:\/\/kuzeyinsesi.org\/index.php\/wp-json\/wp\/v2\/posts\/8214\/revisions"}],"wp:featuredmedia":[{"embeddable":true,"href":"https:\/\/kuzeyinsesi.org\/index.php\/wp-json\/wp\/v2\/media\/8215"}],"wp:attachment":[{"href":"https:\/\/kuzeyinsesi.org\/index.php\/wp-json\/wp\/v2\/media?parent=8214"}],"wp:term":[{"taxonomy":"category","embeddable":true,"href":"https:\/\/kuzeyinsesi.org\/index.php\/wp-json\/wp\/v2\/categories?post=8214"},{"taxonomy":"post_tag","embeddable":true,"href":"https:\/\/kuzeyinsesi.org\/index.php\/wp-json\/wp\/v2\/tags?post=8214"}],"curies":[{"name":"wp","href":"https:\/\/api.w.org\/{rel}","templated":true}]}}