{"id":8204,"date":"2024-08-19T11:09:13","date_gmt":"2024-08-19T08:09:13","guid":{"rendered":"https:\/\/kuzeyinsesi.org\/index.php\/2024\/08\/19\/inonu-genclik-merkezi-troia-festivalinde\/"},"modified":"2024-08-19T11:09:13","modified_gmt":"2024-08-19T08:09:13","slug":"inonu-genclik-merkezi-troia-festivalinde","status":"publish","type":"post","link":"https:\/\/kuzeyinsesi.org\/index.php\/2024\/08\/19\/inonu-genclik-merkezi-troia-festivalinde\/","title":{"rendered":"\u0130n\u00f6n\u00fc Gen\u00e7lik Merkezi, Troia Festivali\u2019nde"},"content":{"rendered":"<div>\n<div class=\"mariselle-image-container center\">\n                                            <\/div>\n<p>\u00a0<\/p>\n<p>\u0130n\u00f6n\u00fc Gen\u00e7lik Merkezi, \u00c7anakkale\u2019de d\u00fczenlenen XXII. Uluslararas\u0131 Troia Halk Danslar\u0131 ve M\u00fczik Festivali\u2019nde performans sergiledi.<\/p>\n<p>\u0130n\u00f6n\u00fc Gen\u00e7lik Merkezi\u2019nden yap\u0131lan a\u00e7\u0131klamaya g\u00f6re festivale, T\u00fcrkiye, Kuzey K\u0131br\u0131s T\u00fcrk Cumhuriyeti, Azerbaycan, Bosna-Hersek, H\u0131rvatistan, Romanya, Bulgaristan, Litvanya ve Yunanistan\u2019dan 16 ekip kat\u0131ld\u0131.<\/p>\n<div class=\"mariselle-image-container center\">\n                <img decoding=\"async\" width=\"1200\" height=\"1600\" class=\"lazy-image\" alt=\"\" sizes=\"(max-width: 1200px) 100vw, 1200px\" src=\"https:\/\/brtk.net\/wp-content\/uploads\/2024\/08\/19\/inonu-genclik-merkezi41.jpeg?ver=7a7adb2a03e0bf00f2c4424b3d05f757\" srcset=\"https:\/\/brtk.net\/wp-content\/uploads\/2024\/08\/19\/inonu-genclik-merkezi41.jpeg?ver=7a7adb2a03e0bf00f2c4424b3d05f757 1200w, https:\/\/brtk.net\/wp-content\/uploads\/2024\/08\/19\/inonu-genclik-merkezi41-225x300.jpeg?ver=50bd758e97753af9f6c5dad9a77ae122 225w, https:\/\/brtk.net\/wp-content\/uploads\/2024\/08\/19\/inonu-genclik-merkezi41-768x1024.jpeg?ver=ab5b4aab503bdcddb77bffca63fbf3c4 768w, https:\/\/brtk.net\/wp-content\/uploads\/2024\/08\/19\/inonu-genclik-merkezi41-1152x1536.jpeg?ver=1a5b8a7340c2f823b541594b193edb99 1152w\"\/>                            <\/div>\n<p>\u0130n\u00f6n\u00fc Gen\u00e7lik Merkezi ekibinin yar\u0131n \u00fclkeye d\u00f6nece\u011fi kaydedildi.<\/p>\n<\/p><\/div>\n<p><script async\n                    defer\n                    crossorigin=\"anonymous\"\n                    src=\"https:\/\/connect.facebook.net\/tr_TR\/sdk.js#xfbml=1&#038;version=v3.3\"\n            ><\/script><\/p>\n","protected":false},"excerpt":{"rendered":"<p>\u00a0 \u0130n\u00f6n\u00fc Gen\u00e7lik Merkezi, \u00c7anakkale\u2019de d\u00fczenlenen XXII. Uluslararas\u0131 Troia Halk Danslar\u0131 ve M\u00fczik Festivali\u2019nde performans sergiledi. \u0130n\u00f6n\u00fc Gen\u00e7lik Merkezi\u2019nden yap\u0131lan a\u00e7\u0131klamaya g\u00f6re festivale, T\u00fcrkiye, Kuzey K\u0131br\u0131s T\u00fcrk Cumhuriyeti, Azerbaycan, Bosna-Hersek, H\u0131rvatistan, Romanya, Bulgaristan, Litvanya ve Yunanistan\u2019dan 16 ekip kat\u0131ld\u0131. \u0130n\u00f6n\u00fc Gen\u00e7lik Merkezi ekibinin yar\u0131n \u00fclkeye d\u00f6nece\u011fi kaydedildi.<\/p>\n","protected":false},"author":1,"featured_media":8205,"comment_status":"open","ping_status":"open","sticky":false,"template":"","format":"standard","meta":{"jnews-multi-image_gallery":[],"jnews_single_post":[],"jnews_primary_category":[],"jnews_social_meta":[],"jnews_override_counter":[],"footnotes":""},"categories":[6],"tags":[],"class_list":["post-8204","post","type-post","status-publish","format-standard","has-post-thumbnail","hentry","category-yasam"],"yoast_head":"<!-- This site is optimized with the Yoast SEO plugin v27.5 - https:\/\/yoast.com\/product\/yoast-seo-wordpress\/ -->\n<title>\u0130n\u00f6n\u00fc Gen\u00e7lik Merkezi, Troia Festivali\u2019nde - Kuzeyin Sesi<\/title>\n<meta name=\"robots\" content=\"index, follow, max-snippet:-1, max-image-preview:large, max-video-preview:-1\" \/>\n<link rel=\"canonical\" href=\"https:\/\/kuzeyinsesi.org\/index.php\/2024\/08\/19\/inonu-genclik-merkezi-troia-festivalinde\/\" \/>\n<meta property=\"og:locale\" content=\"tr_TR\" \/>\n<meta property=\"og:type\" content=\"article\" \/>\n<meta property=\"og:title\" content=\"\u0130n\u00f6n\u00fc Gen\u00e7lik Merkezi, Troia Festivali\u2019nde - Kuzeyin Sesi\" \/>\n<meta property=\"og:description\" content=\"\u00a0 \u0130n\u00f6n\u00fc Gen\u00e7lik Merkezi, \u00c7anakkale\u2019de d\u00fczenlenen XXII. Uluslararas\u0131 Troia Halk Danslar\u0131 ve M\u00fczik Festivali\u2019nde performans sergiledi. \u0130n\u00f6n\u00fc Gen\u00e7lik Merkezi\u2019nden yap\u0131lan a\u00e7\u0131klamaya g\u00f6re festivale, T\u00fcrkiye, Kuzey K\u0131br\u0131s T\u00fcrk Cumhuriyeti, Azerbaycan, Bosna-Hersek, H\u0131rvatistan, Romanya, Bulgaristan, Litvanya ve Yunanistan\u2019dan 16 ekip kat\u0131ld\u0131. \u0130n\u00f6n\u00fc Gen\u00e7lik Merkezi ekibinin yar\u0131n \u00fclkeye d\u00f6nece\u011fi kaydedildi.\" \/>\n<meta property=\"og:url\" content=\"https:\/\/kuzeyinsesi.org\/index.php\/2024\/08\/19\/inonu-genclik-merkezi-troia-festivalinde\/\" \/>\n<meta property=\"og:site_name\" content=\"Kuzeyin Sesi\" \/>\n<meta property=\"article:publisher\" content=\"https:\/\/www.facebook.com\/kuzeyinsesii\" \/>\n<meta property=\"article:published_time\" content=\"2024-08-19T08:09:13+00:00\" \/>\n<meta property=\"og:image\" content=\"https:\/\/brtk.net\/wp-content\/uploads\/2024\/08\/19\/inonu-genclik-merkezi31.jpeg?ver=ea7db5c5115df135c7d929b3e8a31af2\" \/>\n<meta name=\"author\" content=\"Kuzeyin Sesi\" \/>\n<meta name=\"twitter:card\" content=\"summary_large_image\" \/>\n<meta name=\"twitter:creator\" content=\"@kuzeyinsesii\" \/>\n<meta name=\"twitter:site\" content=\"@kuzeyinsesii\" \/>\n<meta name=\"twitter:label1\" content=\"Yazan:\" \/>\n\t<meta name=\"twitter:data1\" content=\"Kuzeyin Sesi\" \/>\n<script type=\"application\/ld+json\" class=\"yoast-schema-graph\">{\"@context\":\"https:\\\/\\\/schema.org\",\"@graph\":[{\"@type\":\"Article\",\"@id\":\"https:\\\/\\\/kuzeyinsesi.org\\\/index.php\\\/2024\\\/08\\\/19\\\/inonu-genclik-merkezi-troia-festivalinde\\\/#article\",\"isPartOf\":{\"@id\":\"https:\\\/\\\/kuzeyinsesi.org\\\/index.php\\\/2024\\\/08\\\/19\\\/inonu-genclik-merkezi-troia-festivalinde\\\/\"},\"author\":{\"name\":\"Kuzeyin Sesi\",\"@id\":\"https:\\\/\\\/kuzeyinsesi.org\\\/#\\\/schema\\\/person\\\/9f859689cdf01485597712386e37f5aa\"},\"headline\":\"\u0130n\u00f6n\u00fc Gen\u00e7lik Merkezi, Troia Festivali\u2019nde\",\"datePublished\":\"2024-08-19T08:09:13+00:00\",\"mainEntityOfPage\":{\"@id\":\"https:\\\/\\\/kuzeyinsesi.org\\\/index.php\\\/2024\\\/08\\\/19\\\/inonu-genclik-merkezi-troia-festivalinde\\\/\"},\"wordCount\":77,\"commentCount\":0,\"image\":{\"@id\":\"https:\\\/\\\/kuzeyinsesi.org\\\/index.php\\\/2024\\\/08\\\/19\\\/inonu-genclik-merkezi-troia-festivalinde\\\/#primaryimage\"},\"thumbnailUrl\":\"https:\\\/\\\/kuzeyinsesi.org\\\/wp-content\\\/uploads\\\/2024\\\/08\\\/inonu-genclik-merkezi41.jpeg\",\"articleSection\":[\"Ya\u015fam\"],\"inLanguage\":\"tr\",\"potentialAction\":[{\"@type\":\"CommentAction\",\"name\":\"Comment\",\"target\":[\"https:\\\/\\\/kuzeyinsesi.org\\\/index.php\\\/2024\\\/08\\\/19\\\/inonu-genclik-merkezi-troia-festivalinde\\\/#respond\"]}]},{\"@type\":\"WebPage\",\"@id\":\"https:\\\/\\\/kuzeyinsesi.org\\\/index.php\\\/2024\\\/08\\\/19\\\/inonu-genclik-merkezi-troia-festivalinde\\\/\",\"url\":\"https:\\\/\\\/kuzeyinsesi.org\\\/index.php\\\/2024\\\/08\\\/19\\\/inonu-genclik-merkezi-troia-festivalinde\\\/\",\"name\":\"\u0130n\u00f6n\u00fc Gen\u00e7lik Merkezi, Troia Festivali\u2019nde - Kuzeyin Sesi\",\"isPartOf\":{\"@id\":\"https:\\\/\\\/kuzeyinsesi.org\\\/#website\"},\"primaryImageOfPage\":{\"@id\":\"https:\\\/\\\/kuzeyinsesi.org\\\/index.php\\\/2024\\\/08\\\/19\\\/inonu-genclik-merkezi-troia-festivalinde\\\/#primaryimage\"},\"image\":{\"@id\":\"https:\\\/\\\/kuzeyinsesi.org\\\/index.php\\\/2024\\\/08\\\/19\\\/inonu-genclik-merkezi-troia-festivalinde\\\/#primaryimage\"},\"thumbnailUrl\":\"https:\\\/\\\/kuzeyinsesi.org\\\/wp-content\\\/uploads\\\/2024\\\/08\\\/inonu-genclik-merkezi41.jpeg\",\"datePublished\":\"2024-08-19T08:09:13+00:00\",\"author\":{\"@id\":\"https:\\\/\\\/kuzeyinsesi.org\\\/#\\\/schema\\\/person\\\/9f859689cdf01485597712386e37f5aa\"},\"breadcrumb\":{\"@id\":\"https:\\\/\\\/kuzeyinsesi.org\\\/index.php\\\/2024\\\/08\\\/19\\\/inonu-genclik-merkezi-troia-festivalinde\\\/#breadcrumb\"},\"inLanguage\":\"tr\",\"potentialAction\":[{\"@type\":\"ReadAction\",\"target\":[\"https:\\\/\\\/kuzeyinsesi.org\\\/index.php\\\/2024\\\/08\\\/19\\\/inonu-genclik-merkezi-troia-festivalinde\\\/\"]}]},{\"@type\":\"ImageObject\",\"inLanguage\":\"tr\",\"@id\":\"https:\\\/\\\/kuzeyinsesi.org\\\/index.php\\\/2024\\\/08\\\/19\\\/inonu-genclik-merkezi-troia-festivalinde\\\/#primaryimage\",\"url\":\"https:\\\/\\\/kuzeyinsesi.org\\\/wp-content\\\/uploads\\\/2024\\\/08\\\/inonu-genclik-merkezi41.jpeg\",\"contentUrl\":\"https:\\\/\\\/kuzeyinsesi.org\\\/wp-content\\\/uploads\\\/2024\\\/08\\\/inonu-genclik-merkezi41.jpeg\",\"width\":1200,\"height\":1600},{\"@type\":\"BreadcrumbList\",\"@id\":\"https:\\\/\\\/kuzeyinsesi.org\\\/index.php\\\/2024\\\/08\\\/19\\\/inonu-genclik-merkezi-troia-festivalinde\\\/#breadcrumb\",\"itemListElement\":[{\"@type\":\"ListItem\",\"position\":1,\"name\":\"Anasayfa\",\"item\":\"https:\\\/\\\/kuzeyinsesi.org\\\/\"},{\"@type\":\"ListItem\",\"position\":2,\"name\":\"\u0130n\u00f6n\u00fc Gen\u00e7lik Merkezi, Troia Festivali\u2019nde\"}]},{\"@type\":\"WebSite\",\"@id\":\"https:\\\/\\\/kuzeyinsesi.org\\\/#website\",\"url\":\"https:\\\/\\\/kuzeyinsesi.org\\\/\",\"name\":\"Kuzeyin Sesi\",\"description\":\"Do\u011fru Haberin Adresi\",\"potentialAction\":[{\"@type\":\"SearchAction\",\"target\":{\"@type\":\"EntryPoint\",\"urlTemplate\":\"https:\\\/\\\/kuzeyinsesi.org\\\/?s={search_term_string}\"},\"query-input\":{\"@type\":\"PropertyValueSpecification\",\"valueRequired\":true,\"valueName\":\"search_term_string\"}}],\"inLanguage\":\"tr\"},{\"@type\":\"Person\",\"@id\":\"https:\\\/\\\/kuzeyinsesi.org\\\/#\\\/schema\\\/person\\\/9f859689cdf01485597712386e37f5aa\",\"name\":\"Kuzeyin Sesi\",\"image\":{\"@type\":\"ImageObject\",\"inLanguage\":\"tr\",\"@id\":\"https:\\\/\\\/secure.gravatar.com\\\/avatar\\\/bab33852abfd8b282518d6ed81826833d77c3c882d9ab608add591ccace47a44?s=96&d=mm&r=g\",\"url\":\"https:\\\/\\\/secure.gravatar.com\\\/avatar\\\/bab33852abfd8b282518d6ed81826833d77c3c882d9ab608add591ccace47a44?s=96&d=mm&r=g\",\"contentUrl\":\"https:\\\/\\\/secure.gravatar.com\\\/avatar\\\/bab33852abfd8b282518d6ed81826833d77c3c882d9ab608add591ccace47a44?s=96&d=mm&r=g\",\"caption\":\"Kuzeyin Sesi\"},\"sameAs\":[\"https:\\\/\\\/kuzeyinsesi.org\"],\"url\":\"https:\\\/\\\/kuzeyinsesi.org\\\/index.php\\\/author\\\/guven\\\/\"}]}<\/script>\n<!-- \/ Yoast SEO plugin. -->","yoast_head_json":{"title":"\u0130n\u00f6n\u00fc Gen\u00e7lik Merkezi, Troia Festivali\u2019nde - Kuzeyin Sesi","robots":{"index":"index","follow":"follow","max-snippet":"max-snippet:-1","max-image-preview":"max-image-preview:large","max-video-preview":"max-video-preview:-1"},"canonical":"https:\/\/kuzeyinsesi.org\/index.php\/2024\/08\/19\/inonu-genclik-merkezi-troia-festivalinde\/","og_locale":"tr_TR","og_type":"article","og_title":"\u0130n\u00f6n\u00fc Gen\u00e7lik Merkezi, Troia Festivali\u2019nde - Kuzeyin Sesi","og_description":"\u00a0 \u0130n\u00f6n\u00fc Gen\u00e7lik Merkezi, \u00c7anakkale\u2019de d\u00fczenlenen XXII. Uluslararas\u0131 Troia Halk Danslar\u0131 ve M\u00fczik Festivali\u2019nde performans sergiledi. \u0130n\u00f6n\u00fc Gen\u00e7lik Merkezi\u2019nden yap\u0131lan a\u00e7\u0131klamaya g\u00f6re festivale, T\u00fcrkiye, Kuzey K\u0131br\u0131s T\u00fcrk Cumhuriyeti, Azerbaycan, Bosna-Hersek, H\u0131rvatistan, Romanya, Bulgaristan, Litvanya ve Yunanistan\u2019dan 16 ekip kat\u0131ld\u0131. \u0130n\u00f6n\u00fc Gen\u00e7lik Merkezi ekibinin yar\u0131n \u00fclkeye d\u00f6nece\u011fi kaydedildi.","og_url":"https:\/\/kuzeyinsesi.org\/index.php\/2024\/08\/19\/inonu-genclik-merkezi-troia-festivalinde\/","og_site_name":"Kuzeyin Sesi","article_publisher":"https:\/\/www.facebook.com\/kuzeyinsesii","article_published_time":"2024-08-19T08:09:13+00:00","og_image":[{"url":"https:\/\/brtk.net\/wp-content\/uploads\/2024\/08\/19\/inonu-genclik-merkezi31.jpeg?ver=ea7db5c5115df135c7d929b3e8a31af2","type":"","width":"","height":""}],"author":"Kuzeyin Sesi","twitter_card":"summary_large_image","twitter_creator":"@kuzeyinsesii","twitter_site":"@kuzeyinsesii","twitter_misc":{"Yazan:":"Kuzeyin Sesi"},"schema":{"@context":"https:\/\/schema.org","@graph":[{"@type":"Article","@id":"https:\/\/kuzeyinsesi.org\/index.php\/2024\/08\/19\/inonu-genclik-merkezi-troia-festivalinde\/#article","isPartOf":{"@id":"https:\/\/kuzeyinsesi.org\/index.php\/2024\/08\/19\/inonu-genclik-merkezi-troia-festivalinde\/"},"author":{"name":"Kuzeyin Sesi","@id":"https:\/\/kuzeyinsesi.org\/#\/schema\/person\/9f859689cdf01485597712386e37f5aa"},"headline":"\u0130n\u00f6n\u00fc Gen\u00e7lik Merkezi, Troia Festivali\u2019nde","datePublished":"2024-08-19T08:09:13+00:00","mainEntityOfPage":{"@id":"https:\/\/kuzeyinsesi.org\/index.php\/2024\/08\/19\/inonu-genclik-merkezi-troia-festivalinde\/"},"wordCount":77,"commentCount":0,"image":{"@id":"https:\/\/kuzeyinsesi.org\/index.php\/2024\/08\/19\/inonu-genclik-merkezi-troia-festivalinde\/#primaryimage"},"thumbnailUrl":"https:\/\/kuzeyinsesi.org\/wp-content\/uploads\/2024\/08\/inonu-genclik-merkezi41.jpeg","articleSection":["Ya\u015fam"],"inLanguage":"tr","potentialAction":[{"@type":"CommentAction","name":"Comment","target":["https:\/\/kuzeyinsesi.org\/index.php\/2024\/08\/19\/inonu-genclik-merkezi-troia-festivalinde\/#respond"]}]},{"@type":"WebPage","@id":"https:\/\/kuzeyinsesi.org\/index.php\/2024\/08\/19\/inonu-genclik-merkezi-troia-festivalinde\/","url":"https:\/\/kuzeyinsesi.org\/index.php\/2024\/08\/19\/inonu-genclik-merkezi-troia-festivalinde\/","name":"\u0130n\u00f6n\u00fc Gen\u00e7lik Merkezi, Troia Festivali\u2019nde - Kuzeyin Sesi","isPartOf":{"@id":"https:\/\/kuzeyinsesi.org\/#website"},"primaryImageOfPage":{"@id":"https:\/\/kuzeyinsesi.org\/index.php\/2024\/08\/19\/inonu-genclik-merkezi-troia-festivalinde\/#primaryimage"},"image":{"@id":"https:\/\/kuzeyinsesi.org\/index.php\/2024\/08\/19\/inonu-genclik-merkezi-troia-festivalinde\/#primaryimage"},"thumbnailUrl":"https:\/\/kuzeyinsesi.org\/wp-content\/uploads\/2024\/08\/inonu-genclik-merkezi41.jpeg","datePublished":"2024-08-19T08:09:13+00:00","author":{"@id":"https:\/\/kuzeyinsesi.org\/#\/schema\/person\/9f859689cdf01485597712386e37f5aa"},"breadcrumb":{"@id":"https:\/\/kuzeyinsesi.org\/index.php\/2024\/08\/19\/inonu-genclik-merkezi-troia-festivalinde\/#breadcrumb"},"inLanguage":"tr","potentialAction":[{"@type":"ReadAction","target":["https:\/\/kuzeyinsesi.org\/index.php\/2024\/08\/19\/inonu-genclik-merkezi-troia-festivalinde\/"]}]},{"@type":"ImageObject","inLanguage":"tr","@id":"https:\/\/kuzeyinsesi.org\/index.php\/2024\/08\/19\/inonu-genclik-merkezi-troia-festivalinde\/#primaryimage","url":"https:\/\/kuzeyinsesi.org\/wp-content\/uploads\/2024\/08\/inonu-genclik-merkezi41.jpeg","contentUrl":"https:\/\/kuzeyinsesi.org\/wp-content\/uploads\/2024\/08\/inonu-genclik-merkezi41.jpeg","width":1200,"height":1600},{"@type":"BreadcrumbList","@id":"https:\/\/kuzeyinsesi.org\/index.php\/2024\/08\/19\/inonu-genclik-merkezi-troia-festivalinde\/#breadcrumb","itemListElement":[{"@type":"ListItem","position":1,"name":"Anasayfa","item":"https:\/\/kuzeyinsesi.org\/"},{"@type":"ListItem","position":2,"name":"\u0130n\u00f6n\u00fc Gen\u00e7lik Merkezi, Troia Festivali\u2019nde"}]},{"@type":"WebSite","@id":"https:\/\/kuzeyinsesi.org\/#website","url":"https:\/\/kuzeyinsesi.org\/","name":"Kuzeyin Sesi","description":"Do\u011fru Haberin Adresi","potentialAction":[{"@type":"SearchAction","target":{"@type":"EntryPoint","urlTemplate":"https:\/\/kuzeyinsesi.org\/?s={search_term_string}"},"query-input":{"@type":"PropertyValueSpecification","valueRequired":true,"valueName":"search_term_string"}}],"inLanguage":"tr"},{"@type":"Person","@id":"https:\/\/kuzeyinsesi.org\/#\/schema\/person\/9f859689cdf01485597712386e37f5aa","name":"Kuzeyin Sesi","image":{"@type":"ImageObject","inLanguage":"tr","@id":"https:\/\/secure.gravatar.com\/avatar\/bab33852abfd8b282518d6ed81826833d77c3c882d9ab608add591ccace47a44?s=96&d=mm&r=g","url":"https:\/\/secure.gravatar.com\/avatar\/bab33852abfd8b282518d6ed81826833d77c3c882d9ab608add591ccace47a44?s=96&d=mm&r=g","contentUrl":"https:\/\/secure.gravatar.com\/avatar\/bab33852abfd8b282518d6ed81826833d77c3c882d9ab608add591ccace47a44?s=96&d=mm&r=g","caption":"Kuzeyin Sesi"},"sameAs":["https:\/\/kuzeyinsesi.org"],"url":"https:\/\/kuzeyinsesi.org\/index.php\/author\/guven\/"}]}},"_links":{"self":[{"href":"https:\/\/kuzeyinsesi.org\/index.php\/wp-json\/wp\/v2\/posts\/8204","targetHints":{"allow":["GET"]}}],"collection":[{"href":"https:\/\/kuzeyinsesi.org\/index.php\/wp-json\/wp\/v2\/posts"}],"about":[{"href":"https:\/\/kuzeyinsesi.org\/index.php\/wp-json\/wp\/v2\/types\/post"}],"author":[{"embeddable":true,"href":"https:\/\/kuzeyinsesi.org\/index.php\/wp-json\/wp\/v2\/users\/1"}],"replies":[{"embeddable":true,"href":"https:\/\/kuzeyinsesi.org\/index.php\/wp-json\/wp\/v2\/comments?post=8204"}],"version-history":[{"count":0,"href":"https:\/\/kuzeyinsesi.org\/index.php\/wp-json\/wp\/v2\/posts\/8204\/revisions"}],"wp:featuredmedia":[{"embeddable":true,"href":"https:\/\/kuzeyinsesi.org\/index.php\/wp-json\/wp\/v2\/media\/8205"}],"wp:attachment":[{"href":"https:\/\/kuzeyinsesi.org\/index.php\/wp-json\/wp\/v2\/media?parent=8204"}],"wp:term":[{"taxonomy":"category","embeddable":true,"href":"https:\/\/kuzeyinsesi.org\/index.php\/wp-json\/wp\/v2\/categories?post=8204"},{"taxonomy":"post_tag","embeddable":true,"href":"https:\/\/kuzeyinsesi.org\/index.php\/wp-json\/wp\/v2\/tags?post=8204"}],"curies":[{"name":"wp","href":"https:\/\/api.w.org\/{rel}","templated":true}]}}