{"id":8174,"date":"2024-08-18T15:39:44","date_gmt":"2024-08-18T12:39:44","guid":{"rendered":"https:\/\/kuzeyinsesi.org\/index.php\/2024\/08\/18\/fransiz-aktor-alain-delon-hayatini-kaybetti\/"},"modified":"2024-08-18T15:39:44","modified_gmt":"2024-08-18T12:39:44","slug":"fransiz-aktor-alain-delon-hayatini-kaybetti","status":"publish","type":"post","link":"https:\/\/kuzeyinsesi.org\/index.php\/2024\/08\/18\/fransiz-aktor-alain-delon-hayatini-kaybetti\/","title":{"rendered":"Frans\u0131z akt\u00f6r Alain Delon hayat\u0131n\u0131 kaybetti"},"content":{"rendered":"<div>\n<div class=\"mariselle-image-container center\">\n                                            <\/div>\n<p>Frans\u0131z sinemas\u0131n\u0131n efsane isimlerimden olan Alain Delon\u2019dan k\u00f6t\u00fc haber geldi. 88 ya\u015f\u0131ndaki d\u00fcnyaca \u00fcnl\u00fc akt\u00f6r Alain Delon hayat\u0131n\u0131 kaybetti.<\/p>\n<p>Alain Delon\u2019un \u00e7ocuklar\u0131n\u0131n AFP ajans\u0131na bildirdi\u011fine g\u00f6re\u00a0Frans\u0131z sinemas\u0131n\u0131n alt\u0131n \u00e7a\u011f\u0131n\u0131n y\u0131ld\u0131z ismi 88 ya\u015f\u0131nda hayat\u0131n\u0131 kaybetti.<\/p>\n<p>\u00dc\u00e7 \u00e7ocu\u011funun AFP\u2019ye yapt\u0131klar\u0131 a\u00e7\u0131klamada babalar\u0131n\u0131n hastal\u0131kla m\u00fccadelesinin ard\u0131ndan \u00f6ld\u00fc\u011f\u00fc bildirildi.\u00a0<\/p>\n<p>A\u00e7\u0131klamada,\u00a0\u201cAlain Fabien, Anouchka, Anthony ve k\u00f6pe\u011fi Loubo, babalar\u0131n\u0131n vefat\u0131n\u0131 duyurmaktan derin \u00fcz\u00fcnt\u00fc duymaktad\u0131r. Kendisi Douchy\u2019deki evinde, \u00fc\u00e7 \u00e7ocu\u011fu ve ailesiyle birlikte huzur i\u00e7inde hayata g\u00f6zlerini yumdu\u201d\u00a0ifadeleri yer al\u0131rken ailenin mahremiyet talebinde bulundu\u011fu s\u00f6ylendi.<\/p>\n<p>Oyuncunun sa\u011fl\u0131\u011f\u0131, 2019\u2019da fel\u00e7 ge\u00e7irmesinin ard\u0131ndan son y\u0131llarda daha k\u00f6t\u00fcye gitti. Frans\u0131z medyas\u0131na g\u00f6re Delon\u2019un, a\u00e7\u0131klanmayan ba\u015fka bir ciddi rahats\u0131zl\u0131\u011f\u0131 daha s\u00f6z konusu.<\/p>\n<\/p><\/div>\n<p><script async\n                    defer\n                    crossorigin=\"anonymous\"\n                    src=\"https:\/\/connect.facebook.net\/tr_TR\/sdk.js#xfbml=1&#038;version=v3.3\"\n            ><\/script><\/p>\n","protected":false},"excerpt":{"rendered":"<p>Frans\u0131z sinemas\u0131n\u0131n efsane isimlerimden olan Alain Delon\u2019dan k\u00f6t\u00fc haber geldi. 88 ya\u015f\u0131ndaki d\u00fcnyaca \u00fcnl\u00fc akt\u00f6r Alain Delon hayat\u0131n\u0131 kaybetti. Alain Delon\u2019un \u00e7ocuklar\u0131n\u0131n AFP ajans\u0131na bildirdi\u011fine g\u00f6re\u00a0Frans\u0131z sinemas\u0131n\u0131n alt\u0131n \u00e7a\u011f\u0131n\u0131n y\u0131ld\u0131z ismi 88 ya\u015f\u0131nda hayat\u0131n\u0131 kaybetti. \u00dc\u00e7 \u00e7ocu\u011funun AFP\u2019ye yapt\u0131klar\u0131 a\u00e7\u0131klamada babalar\u0131n\u0131n hastal\u0131kla m\u00fccadelesinin ard\u0131ndan \u00f6ld\u00fc\u011f\u00fc bildirildi.\u00a0 A\u00e7\u0131klamada,\u00a0\u201cAlain Fabien, Anouchka, Anthony ve k\u00f6pe\u011fi Loubo, babalar\u0131n\u0131n vefat\u0131n\u0131 [&hellip;]<\/p>\n","protected":false},"author":1,"featured_media":8175,"comment_status":"open","ping_status":"open","sticky":false,"template":"","format":"standard","meta":{"jnews-multi-image_gallery":[],"jnews_single_post":[],"jnews_primary_category":[],"jnews_social_meta":[],"jnews_override_counter":[],"footnotes":""},"categories":[6],"tags":[],"class_list":["post-8174","post","type-post","status-publish","format-standard","has-post-thumbnail","hentry","category-yasam"],"yoast_head":"<!-- This site is optimized with the Yoast SEO plugin v27.5 - https:\/\/yoast.com\/product\/yoast-seo-wordpress\/ -->\n<title>Frans\u0131z akt\u00f6r Alain Delon hayat\u0131n\u0131 kaybetti - Kuzeyin Sesi<\/title>\n<meta name=\"robots\" content=\"index, follow, max-snippet:-1, max-image-preview:large, max-video-preview:-1\" \/>\n<link rel=\"canonical\" href=\"https:\/\/kuzeyinsesi.org\/index.php\/2024\/08\/18\/fransiz-aktor-alain-delon-hayatini-kaybetti\/\" \/>\n<meta property=\"og:locale\" content=\"tr_TR\" \/>\n<meta property=\"og:type\" content=\"article\" \/>\n<meta property=\"og:title\" content=\"Frans\u0131z akt\u00f6r Alain Delon hayat\u0131n\u0131 kaybetti - Kuzeyin Sesi\" \/>\n<meta property=\"og:description\" content=\"Frans\u0131z sinemas\u0131n\u0131n efsane isimlerimden olan Alain Delon\u2019dan k\u00f6t\u00fc haber geldi. 88 ya\u015f\u0131ndaki d\u00fcnyaca \u00fcnl\u00fc akt\u00f6r Alain Delon hayat\u0131n\u0131 kaybetti. Alain Delon\u2019un \u00e7ocuklar\u0131n\u0131n AFP ajans\u0131na bildirdi\u011fine g\u00f6re\u00a0Frans\u0131z sinemas\u0131n\u0131n alt\u0131n \u00e7a\u011f\u0131n\u0131n y\u0131ld\u0131z ismi 88 ya\u015f\u0131nda hayat\u0131n\u0131 kaybetti. \u00dc\u00e7 \u00e7ocu\u011funun AFP\u2019ye yapt\u0131klar\u0131 a\u00e7\u0131klamada babalar\u0131n\u0131n hastal\u0131kla m\u00fccadelesinin ard\u0131ndan \u00f6ld\u00fc\u011f\u00fc bildirildi.\u00a0 A\u00e7\u0131klamada,\u00a0\u201cAlain Fabien, Anouchka, Anthony ve k\u00f6pe\u011fi Loubo, babalar\u0131n\u0131n vefat\u0131n\u0131 [&hellip;]\" \/>\n<meta property=\"og:url\" content=\"https:\/\/kuzeyinsesi.org\/index.php\/2024\/08\/18\/fransiz-aktor-alain-delon-hayatini-kaybetti\/\" \/>\n<meta property=\"og:site_name\" content=\"Kuzeyin Sesi\" \/>\n<meta property=\"article:publisher\" content=\"https:\/\/www.facebook.com\/kuzeyinsesii\" \/>\n<meta property=\"article:published_time\" content=\"2024-08-18T12:39:44+00:00\" \/>\n<meta property=\"og:image\" content=\"https:\/\/brtk.net\/wp-content\/uploads\/2024\/08\/18\/ekonomist-76.png?ver=6f495c59f00137f1e52901a6f6cb61f8\" \/>\n<meta name=\"author\" content=\"Kuzeyin Sesi\" \/>\n<meta name=\"twitter:card\" content=\"summary_large_image\" \/>\n<meta name=\"twitter:creator\" content=\"@kuzeyinsesii\" \/>\n<meta name=\"twitter:site\" content=\"@kuzeyinsesii\" \/>\n<meta name=\"twitter:label1\" content=\"Yazan:\" \/>\n\t<meta name=\"twitter:data1\" content=\"Kuzeyin Sesi\" \/>\n\t<meta name=\"twitter:label2\" content=\"Tahmini okuma s\u00fcresi\" \/>\n\t<meta name=\"twitter:data2\" content=\"1 dakika\" \/>\n<script type=\"application\/ld+json\" class=\"yoast-schema-graph\">{\"@context\":\"https:\\\/\\\/schema.org\",\"@graph\":[{\"@type\":\"Article\",\"@id\":\"https:\\\/\\\/kuzeyinsesi.org\\\/index.php\\\/2024\\\/08\\\/18\\\/fransiz-aktor-alain-delon-hayatini-kaybetti\\\/#article\",\"isPartOf\":{\"@id\":\"https:\\\/\\\/kuzeyinsesi.org\\\/index.php\\\/2024\\\/08\\\/18\\\/fransiz-aktor-alain-delon-hayatini-kaybetti\\\/\"},\"author\":{\"name\":\"Kuzeyin Sesi\",\"@id\":\"https:\\\/\\\/kuzeyinsesi.org\\\/#\\\/schema\\\/person\\\/9f859689cdf01485597712386e37f5aa\"},\"headline\":\"Frans\u0131z akt\u00f6r Alain Delon hayat\u0131n\u0131 kaybetti\",\"datePublished\":\"2024-08-18T12:39:44+00:00\",\"mainEntityOfPage\":{\"@id\":\"https:\\\/\\\/kuzeyinsesi.org\\\/index.php\\\/2024\\\/08\\\/18\\\/fransiz-aktor-alain-delon-hayatini-kaybetti\\\/\"},\"wordCount\":173,\"commentCount\":0,\"image\":{\"@id\":\"https:\\\/\\\/kuzeyinsesi.org\\\/index.php\\\/2024\\\/08\\\/18\\\/fransiz-aktor-alain-delon-hayatini-kaybetti\\\/#primaryimage\"},\"thumbnailUrl\":\"https:\\\/\\\/kuzeyinsesi.org\\\/wp-content\\\/uploads\\\/2024\\\/08\\\/ekonomist-76.png\",\"articleSection\":[\"Ya\u015fam\"],\"inLanguage\":\"tr\",\"potentialAction\":[{\"@type\":\"CommentAction\",\"name\":\"Comment\",\"target\":[\"https:\\\/\\\/kuzeyinsesi.org\\\/index.php\\\/2024\\\/08\\\/18\\\/fransiz-aktor-alain-delon-hayatini-kaybetti\\\/#respond\"]}]},{\"@type\":\"WebPage\",\"@id\":\"https:\\\/\\\/kuzeyinsesi.org\\\/index.php\\\/2024\\\/08\\\/18\\\/fransiz-aktor-alain-delon-hayatini-kaybetti\\\/\",\"url\":\"https:\\\/\\\/kuzeyinsesi.org\\\/index.php\\\/2024\\\/08\\\/18\\\/fransiz-aktor-alain-delon-hayatini-kaybetti\\\/\",\"name\":\"Frans\u0131z akt\u00f6r Alain Delon hayat\u0131n\u0131 kaybetti - Kuzeyin Sesi\",\"isPartOf\":{\"@id\":\"https:\\\/\\\/kuzeyinsesi.org\\\/#website\"},\"primaryImageOfPage\":{\"@id\":\"https:\\\/\\\/kuzeyinsesi.org\\\/index.php\\\/2024\\\/08\\\/18\\\/fransiz-aktor-alain-delon-hayatini-kaybetti\\\/#primaryimage\"},\"image\":{\"@id\":\"https:\\\/\\\/kuzeyinsesi.org\\\/index.php\\\/2024\\\/08\\\/18\\\/fransiz-aktor-alain-delon-hayatini-kaybetti\\\/#primaryimage\"},\"thumbnailUrl\":\"https:\\\/\\\/kuzeyinsesi.org\\\/wp-content\\\/uploads\\\/2024\\\/08\\\/ekonomist-76.png\",\"datePublished\":\"2024-08-18T12:39:44+00:00\",\"author\":{\"@id\":\"https:\\\/\\\/kuzeyinsesi.org\\\/#\\\/schema\\\/person\\\/9f859689cdf01485597712386e37f5aa\"},\"breadcrumb\":{\"@id\":\"https:\\\/\\\/kuzeyinsesi.org\\\/index.php\\\/2024\\\/08\\\/18\\\/fransiz-aktor-alain-delon-hayatini-kaybetti\\\/#breadcrumb\"},\"inLanguage\":\"tr\",\"potentialAction\":[{\"@type\":\"ReadAction\",\"target\":[\"https:\\\/\\\/kuzeyinsesi.org\\\/index.php\\\/2024\\\/08\\\/18\\\/fransiz-aktor-alain-delon-hayatini-kaybetti\\\/\"]}]},{\"@type\":\"ImageObject\",\"inLanguage\":\"tr\",\"@id\":\"https:\\\/\\\/kuzeyinsesi.org\\\/index.php\\\/2024\\\/08\\\/18\\\/fransiz-aktor-alain-delon-hayatini-kaybetti\\\/#primaryimage\",\"url\":\"https:\\\/\\\/kuzeyinsesi.org\\\/wp-content\\\/uploads\\\/2024\\\/08\\\/ekonomist-76.png\",\"contentUrl\":\"https:\\\/\\\/kuzeyinsesi.org\\\/wp-content\\\/uploads\\\/2024\\\/08\\\/ekonomist-76.png\",\"width\":1280,\"height\":720},{\"@type\":\"BreadcrumbList\",\"@id\":\"https:\\\/\\\/kuzeyinsesi.org\\\/index.php\\\/2024\\\/08\\\/18\\\/fransiz-aktor-alain-delon-hayatini-kaybetti\\\/#breadcrumb\",\"itemListElement\":[{\"@type\":\"ListItem\",\"position\":1,\"name\":\"Anasayfa\",\"item\":\"https:\\\/\\\/kuzeyinsesi.org\\\/\"},{\"@type\":\"ListItem\",\"position\":2,\"name\":\"Frans\u0131z akt\u00f6r Alain Delon hayat\u0131n\u0131 kaybetti\"}]},{\"@type\":\"WebSite\",\"@id\":\"https:\\\/\\\/kuzeyinsesi.org\\\/#website\",\"url\":\"https:\\\/\\\/kuzeyinsesi.org\\\/\",\"name\":\"Kuzeyin Sesi\",\"description\":\"Do\u011fru Haberin Adresi\",\"potentialAction\":[{\"@type\":\"SearchAction\",\"target\":{\"@type\":\"EntryPoint\",\"urlTemplate\":\"https:\\\/\\\/kuzeyinsesi.org\\\/?s={search_term_string}\"},\"query-input\":{\"@type\":\"PropertyValueSpecification\",\"valueRequired\":true,\"valueName\":\"search_term_string\"}}],\"inLanguage\":\"tr\"},{\"@type\":\"Person\",\"@id\":\"https:\\\/\\\/kuzeyinsesi.org\\\/#\\\/schema\\\/person\\\/9f859689cdf01485597712386e37f5aa\",\"name\":\"Kuzeyin Sesi\",\"image\":{\"@type\":\"ImageObject\",\"inLanguage\":\"tr\",\"@id\":\"https:\\\/\\\/secure.gravatar.com\\\/avatar\\\/bab33852abfd8b282518d6ed81826833d77c3c882d9ab608add591ccace47a44?s=96&d=mm&r=g\",\"url\":\"https:\\\/\\\/secure.gravatar.com\\\/avatar\\\/bab33852abfd8b282518d6ed81826833d77c3c882d9ab608add591ccace47a44?s=96&d=mm&r=g\",\"contentUrl\":\"https:\\\/\\\/secure.gravatar.com\\\/avatar\\\/bab33852abfd8b282518d6ed81826833d77c3c882d9ab608add591ccace47a44?s=96&d=mm&r=g\",\"caption\":\"Kuzeyin Sesi\"},\"sameAs\":[\"https:\\\/\\\/kuzeyinsesi.org\"],\"url\":\"https:\\\/\\\/kuzeyinsesi.org\\\/index.php\\\/author\\\/guven\\\/\"}]}<\/script>\n<!-- \/ Yoast SEO plugin. -->","yoast_head_json":{"title":"Frans\u0131z akt\u00f6r Alain Delon hayat\u0131n\u0131 kaybetti - Kuzeyin Sesi","robots":{"index":"index","follow":"follow","max-snippet":"max-snippet:-1","max-image-preview":"max-image-preview:large","max-video-preview":"max-video-preview:-1"},"canonical":"https:\/\/kuzeyinsesi.org\/index.php\/2024\/08\/18\/fransiz-aktor-alain-delon-hayatini-kaybetti\/","og_locale":"tr_TR","og_type":"article","og_title":"Frans\u0131z akt\u00f6r Alain Delon hayat\u0131n\u0131 kaybetti - Kuzeyin Sesi","og_description":"Frans\u0131z sinemas\u0131n\u0131n efsane isimlerimden olan Alain Delon\u2019dan k\u00f6t\u00fc haber geldi. 88 ya\u015f\u0131ndaki d\u00fcnyaca \u00fcnl\u00fc akt\u00f6r Alain Delon hayat\u0131n\u0131 kaybetti. Alain Delon\u2019un \u00e7ocuklar\u0131n\u0131n AFP ajans\u0131na bildirdi\u011fine g\u00f6re\u00a0Frans\u0131z sinemas\u0131n\u0131n alt\u0131n \u00e7a\u011f\u0131n\u0131n y\u0131ld\u0131z ismi 88 ya\u015f\u0131nda hayat\u0131n\u0131 kaybetti. \u00dc\u00e7 \u00e7ocu\u011funun AFP\u2019ye yapt\u0131klar\u0131 a\u00e7\u0131klamada babalar\u0131n\u0131n hastal\u0131kla m\u00fccadelesinin ard\u0131ndan \u00f6ld\u00fc\u011f\u00fc bildirildi.\u00a0 A\u00e7\u0131klamada,\u00a0\u201cAlain Fabien, Anouchka, Anthony ve k\u00f6pe\u011fi Loubo, babalar\u0131n\u0131n vefat\u0131n\u0131 [&hellip;]","og_url":"https:\/\/kuzeyinsesi.org\/index.php\/2024\/08\/18\/fransiz-aktor-alain-delon-hayatini-kaybetti\/","og_site_name":"Kuzeyin Sesi","article_publisher":"https:\/\/www.facebook.com\/kuzeyinsesii","article_published_time":"2024-08-18T12:39:44+00:00","og_image":[{"url":"https:\/\/brtk.net\/wp-content\/uploads\/2024\/08\/18\/ekonomist-76.png?ver=6f495c59f00137f1e52901a6f6cb61f8","type":"","width":"","height":""}],"author":"Kuzeyin Sesi","twitter_card":"summary_large_image","twitter_creator":"@kuzeyinsesii","twitter_site":"@kuzeyinsesii","twitter_misc":{"Yazan:":"Kuzeyin Sesi","Tahmini okuma s\u00fcresi":"1 dakika"},"schema":{"@context":"https:\/\/schema.org","@graph":[{"@type":"Article","@id":"https:\/\/kuzeyinsesi.org\/index.php\/2024\/08\/18\/fransiz-aktor-alain-delon-hayatini-kaybetti\/#article","isPartOf":{"@id":"https:\/\/kuzeyinsesi.org\/index.php\/2024\/08\/18\/fransiz-aktor-alain-delon-hayatini-kaybetti\/"},"author":{"name":"Kuzeyin Sesi","@id":"https:\/\/kuzeyinsesi.org\/#\/schema\/person\/9f859689cdf01485597712386e37f5aa"},"headline":"Frans\u0131z akt\u00f6r Alain Delon hayat\u0131n\u0131 kaybetti","datePublished":"2024-08-18T12:39:44+00:00","mainEntityOfPage":{"@id":"https:\/\/kuzeyinsesi.org\/index.php\/2024\/08\/18\/fransiz-aktor-alain-delon-hayatini-kaybetti\/"},"wordCount":173,"commentCount":0,"image":{"@id":"https:\/\/kuzeyinsesi.org\/index.php\/2024\/08\/18\/fransiz-aktor-alain-delon-hayatini-kaybetti\/#primaryimage"},"thumbnailUrl":"https:\/\/kuzeyinsesi.org\/wp-content\/uploads\/2024\/08\/ekonomist-76.png","articleSection":["Ya\u015fam"],"inLanguage":"tr","potentialAction":[{"@type":"CommentAction","name":"Comment","target":["https:\/\/kuzeyinsesi.org\/index.php\/2024\/08\/18\/fransiz-aktor-alain-delon-hayatini-kaybetti\/#respond"]}]},{"@type":"WebPage","@id":"https:\/\/kuzeyinsesi.org\/index.php\/2024\/08\/18\/fransiz-aktor-alain-delon-hayatini-kaybetti\/","url":"https:\/\/kuzeyinsesi.org\/index.php\/2024\/08\/18\/fransiz-aktor-alain-delon-hayatini-kaybetti\/","name":"Frans\u0131z akt\u00f6r Alain Delon hayat\u0131n\u0131 kaybetti - Kuzeyin Sesi","isPartOf":{"@id":"https:\/\/kuzeyinsesi.org\/#website"},"primaryImageOfPage":{"@id":"https:\/\/kuzeyinsesi.org\/index.php\/2024\/08\/18\/fransiz-aktor-alain-delon-hayatini-kaybetti\/#primaryimage"},"image":{"@id":"https:\/\/kuzeyinsesi.org\/index.php\/2024\/08\/18\/fransiz-aktor-alain-delon-hayatini-kaybetti\/#primaryimage"},"thumbnailUrl":"https:\/\/kuzeyinsesi.org\/wp-content\/uploads\/2024\/08\/ekonomist-76.png","datePublished":"2024-08-18T12:39:44+00:00","author":{"@id":"https:\/\/kuzeyinsesi.org\/#\/schema\/person\/9f859689cdf01485597712386e37f5aa"},"breadcrumb":{"@id":"https:\/\/kuzeyinsesi.org\/index.php\/2024\/08\/18\/fransiz-aktor-alain-delon-hayatini-kaybetti\/#breadcrumb"},"inLanguage":"tr","potentialAction":[{"@type":"ReadAction","target":["https:\/\/kuzeyinsesi.org\/index.php\/2024\/08\/18\/fransiz-aktor-alain-delon-hayatini-kaybetti\/"]}]},{"@type":"ImageObject","inLanguage":"tr","@id":"https:\/\/kuzeyinsesi.org\/index.php\/2024\/08\/18\/fransiz-aktor-alain-delon-hayatini-kaybetti\/#primaryimage","url":"https:\/\/kuzeyinsesi.org\/wp-content\/uploads\/2024\/08\/ekonomist-76.png","contentUrl":"https:\/\/kuzeyinsesi.org\/wp-content\/uploads\/2024\/08\/ekonomist-76.png","width":1280,"height":720},{"@type":"BreadcrumbList","@id":"https:\/\/kuzeyinsesi.org\/index.php\/2024\/08\/18\/fransiz-aktor-alain-delon-hayatini-kaybetti\/#breadcrumb","itemListElement":[{"@type":"ListItem","position":1,"name":"Anasayfa","item":"https:\/\/kuzeyinsesi.org\/"},{"@type":"ListItem","position":2,"name":"Frans\u0131z akt\u00f6r Alain Delon hayat\u0131n\u0131 kaybetti"}]},{"@type":"WebSite","@id":"https:\/\/kuzeyinsesi.org\/#website","url":"https:\/\/kuzeyinsesi.org\/","name":"Kuzeyin Sesi","description":"Do\u011fru Haberin Adresi","potentialAction":[{"@type":"SearchAction","target":{"@type":"EntryPoint","urlTemplate":"https:\/\/kuzeyinsesi.org\/?s={search_term_string}"},"query-input":{"@type":"PropertyValueSpecification","valueRequired":true,"valueName":"search_term_string"}}],"inLanguage":"tr"},{"@type":"Person","@id":"https:\/\/kuzeyinsesi.org\/#\/schema\/person\/9f859689cdf01485597712386e37f5aa","name":"Kuzeyin Sesi","image":{"@type":"ImageObject","inLanguage":"tr","@id":"https:\/\/secure.gravatar.com\/avatar\/bab33852abfd8b282518d6ed81826833d77c3c882d9ab608add591ccace47a44?s=96&d=mm&r=g","url":"https:\/\/secure.gravatar.com\/avatar\/bab33852abfd8b282518d6ed81826833d77c3c882d9ab608add591ccace47a44?s=96&d=mm&r=g","contentUrl":"https:\/\/secure.gravatar.com\/avatar\/bab33852abfd8b282518d6ed81826833d77c3c882d9ab608add591ccace47a44?s=96&d=mm&r=g","caption":"Kuzeyin Sesi"},"sameAs":["https:\/\/kuzeyinsesi.org"],"url":"https:\/\/kuzeyinsesi.org\/index.php\/author\/guven\/"}]}},"_links":{"self":[{"href":"https:\/\/kuzeyinsesi.org\/index.php\/wp-json\/wp\/v2\/posts\/8174","targetHints":{"allow":["GET"]}}],"collection":[{"href":"https:\/\/kuzeyinsesi.org\/index.php\/wp-json\/wp\/v2\/posts"}],"about":[{"href":"https:\/\/kuzeyinsesi.org\/index.php\/wp-json\/wp\/v2\/types\/post"}],"author":[{"embeddable":true,"href":"https:\/\/kuzeyinsesi.org\/index.php\/wp-json\/wp\/v2\/users\/1"}],"replies":[{"embeddable":true,"href":"https:\/\/kuzeyinsesi.org\/index.php\/wp-json\/wp\/v2\/comments?post=8174"}],"version-history":[{"count":0,"href":"https:\/\/kuzeyinsesi.org\/index.php\/wp-json\/wp\/v2\/posts\/8174\/revisions"}],"wp:featuredmedia":[{"embeddable":true,"href":"https:\/\/kuzeyinsesi.org\/index.php\/wp-json\/wp\/v2\/media\/8175"}],"wp:attachment":[{"href":"https:\/\/kuzeyinsesi.org\/index.php\/wp-json\/wp\/v2\/media?parent=8174"}],"wp:term":[{"taxonomy":"category","embeddable":true,"href":"https:\/\/kuzeyinsesi.org\/index.php\/wp-json\/wp\/v2\/categories?post=8174"},{"taxonomy":"post_tag","embeddable":true,"href":"https:\/\/kuzeyinsesi.org\/index.php\/wp-json\/wp\/v2\/tags?post=8174"}],"curies":[{"name":"wp","href":"https:\/\/api.w.org\/{rel}","templated":true}]}}