{"id":8170,"date":"2024-08-18T14:37:23","date_gmt":"2024-08-18T11:37:23","guid":{"rendered":"https:\/\/kuzeyinsesi.org\/index.php\/2024\/08\/18\/kultur-dairesi-32-devlet-fotograf-yarismasi-sergisi-ve-odul-toreni-yarin-dunya-fotografcilik-gununde-akmde-yapilacak\/"},"modified":"2024-08-18T14:37:23","modified_gmt":"2024-08-18T11:37:23","slug":"kultur-dairesi-32-devlet-fotograf-yarismasi-sergisi-ve-odul-toreni-yarin-dunya-fotografcilik-gununde-akmde-yapilacak","status":"publish","type":"post","link":"https:\/\/kuzeyinsesi.org\/index.php\/2024\/08\/18\/kultur-dairesi-32-devlet-fotograf-yarismasi-sergisi-ve-odul-toreni-yarin-dunya-fotografcilik-gununde-akmde-yapilacak\/","title":{"rendered":"K\u00fclt\u00fcr Dairesi 32. Devlet Foto\u011fraf Yar\u0131\u015fmas\u0131 Sergisi ve \u00d6d\u00fcl T\u00f6reni yar\u0131n D\u00fcnya Foto\u011fraf\u00e7\u0131l\u0131k G\u00fcn\u00fc\u2019nde AKM\u2019de yap\u0131lacak"},"content":{"rendered":"<div>\n<p style=\"font-weight: 300;\"><span style=\"font-weight: 300 !important;\"><\/p>\n<div class=\"mariselle-image-container none\">\n                                            <\/div>\n<p><\/span><\/p>\n<p style=\"font-weight: 300;\"><span style=\"font-weight: 300 !important;\">Ba\u015fbakan Yard\u0131mc\u0131l\u0131\u011f\u0131, Turizm, K\u00fclt\u00fcr, Gen\u00e7lik ve \u00c7evre Bakanl\u0131\u011f\u0131\u2019na ba\u011fl\u0131 K\u00fclt\u00fcr Dairesi\u2019nin d\u00fczenledi\u011fi 32\u2019nci Devlet Foto\u011fraf Yar\u0131\u015fmas\u0131 Sergisi ve \u00f6d\u00fcl t\u00f6reni yar\u0131n D\u00fcnya Foto\u011fraf\u00e7\u0131l\u0131k G\u00fcn\u00fc\u2019nde Atat\u00fcrk K\u00fclt\u00fcr Merkezi\u2019nde (AKM) yap\u0131lacak.<\/span><\/p>\n<p style=\"font-weight: 300;\"><span style=\"font-weight: 300 !important;\">K\u00fclt\u00fcr Dairesi\u2019nden verilen bilgiye g\u00f6re, saat 18.30\u2019daki etkinli\u011fin a\u00e7\u0131l\u0131\u015f\u0131n\u0131 Ba\u015fbakan Yard\u0131mc\u0131s\u0131, Turizm, K\u00fclt\u00fcr, Gen\u00e7lik ve \u00c7evre Bakan\u0131 Fikri Atao\u011flu yapacak.<\/span><\/p>\n<p style=\"font-weight: 300;\"><span style=\"font-weight: 300 !important;\">K\u00fclt\u00fcr Dairesi M\u00fcd\u00fcr\u00fc \u015eirin Zaima\u011fao\u011flu, t\u00fcm foto\u011fraf camias\u0131 ve sanatseverleri, KKTC\u2019nin en uzun soluklu sanat etkinli\u011fi olan Devlet Foto\u011fraf Yar\u0131\u015fmas\u0131 Sergisi ve \u00d6d\u00fcl T\u00f6reni\u2019ne kat\u0131lmaya ve D\u00fcnya Foto\u011fraf\u00e7\u0131l\u0131k g\u00fcn\u00fcn\u00fc hep birlikte kutlamaya davet etti.<\/span><\/p>\n<p style=\"font-weight: 300;\"><span style=\"font-weight: 300 !important;\">Sonu\u00e7lar\u0131 14 Haziran tarihinde a\u00e7\u0131klanan Devlet Foto\u011fraf Yar\u0131\u015fmas\u0131\u2019n\u0131n Se\u00e7ici Kurul \u00fcyeliklerini, Marmara \u00dcniversitesi G\u00fczel Sanatlar Fak\u00fcltesi Foto\u011fraf B\u00f6l\u00fcm\u00fc \u00d6\u011fretim \u00dcyesi ve G\u00fczel Sanatlar Ensitit\u00fcs\u00fc M\u00fcd\u00fcr\u00fc Prof. Dr. Osman \u00dcrper, Trakya \u00dcniversitesi G\u00fczel Sanatlar Fak\u00fcltesi \u00d6\u011fretim \u00dcyesi Prof. Dr. Ali Muhammet Bayraktaro\u011flu ile Y\u00f6netmen ve Foto\u011fraf Sanat\u00e7\u0131s\u0131 Do\u011fu Akdeniz \u00dcniversitesi Sanat Be\u015feri ve Sosyal Bilimler B\u00f6l\u00fcm\u00fc \u00d6\u011fretim G\u00f6revlisi Mert Yusuf \u00d6zl\u00fck \u00fcstlendi.<\/span><\/p>\n<p style=\"font-weight: 300;\"><span style=\"font-weight: 300 !important;\">K\u00fclt\u00fcr Dairesi M\u00fcd\u00fcr\u00fc \u015eirin Zafery\u0131ld\u0131z\u0131 Zaima\u011fao\u011flu da haz\u0131r bulundu\u011fu de\u011ferlendirme toplant\u0131s\u0131na, g\u00f6zlemci \u00fcye olarak K\u00fclt\u00fcr Dairesi K\u00fclt\u00fcr Merkezi Y\u00f6netmeni ve Foto\u011fraf Sanat\u00e7\u0131s\u0131 Ceyhan \u00d6zy\u0131ld\u0131z ile yar\u0131\u015fman\u0131n Mimari kategorisinde Dan\u0131\u015fman \u00dcye olarak g\u00f6rev alan Mimar Abdullah Onar\u2019\u0131n k\u0131z\u0131 Sanat\u00e7\u0131 Anber Onar kat\u0131ld\u0131.<\/span><\/p>\n<p style=\"font-weight: 300;\"><span style=\"font-weight: 300 !important;\">-Sergide 39 kat\u0131l\u0131mc\u0131n\u0131n 129 foto\u011fraf\u0131 sergilenecek<\/span><\/p>\n<p style=\"font-weight: 300;\"><span style=\"font-weight: 300 !important;\">De\u011ferlendirme toplant\u0131s\u0131nda, 55 kat\u0131l\u0131mc\u0131n\u0131n toplam, 1091 foto\u011fraf\u0131 incelenerek, \u00f6d\u00fcl alacak foto\u011fraflar ile birlikte sergilenecek foto\u011fraflar belirlendi. Buna g\u00f6re, Devlet Foto\u011fraf Yar\u0131\u015fmas\u0131 Sergisi\u2019nde 39 kat\u0131l\u0131mc\u0131n\u0131n 129 foto\u011fraf\u0131 sergilenecek.<\/span><\/p>\n<p style=\"font-weight: 300;\"><span style=\"font-weight: 300 !important;\">-\u00d6d\u00fcller<\/span><\/p>\n<p style=\"font-weight: 300;\"><span style=\"font-weight: 300 !important;\">32.Devlet Foto\u011fraf Yar\u0131\u015fmas\u0131\u2019nda Ba\u015far\u0131 \u00d6d\u00fclleri, Kenan H\u00fcrdeniz, Atila Karaderi, Ula\u015f S\u00f6nmez, Mehmet Hoca ve Jason Caner \u00d6zege\u2019ye, Mansiyonlar ise Altu\u011f Galip, Kutlay Muazzez Halkseven, Besime Tanul, Ula\u015f S\u00f6nmez ve Kenan H\u00fcrdeniz\u2019e verilecek.<\/span><\/p>\n<p style=\"font-weight: 300;\"><span style=\"font-weight: 300 !important;\">Yar\u0131\u015fmada K\u00fclt\u00fcr Dairesi \u00d6zel \u00d6d\u00fcl\u00fc\u2019n\u00fc Ula\u015f S\u00f6nmez ve Se\u00e7ici Kurul \u00d6zel \u00d6d\u00fcl\u00fc\u2019n\u00fc ise Kenan H\u00fcrdeniz alacak.<\/span><\/p>\n<p style=\"font-weight: 300;\"><span style=\"font-weight: 300 !important;\">Yar\u0131\u015fmada, \u201cEn Fazla Eseri Sergilenen Foto\u011fraf\u00e7\u0131 \u00d6d\u00fcl\u00fc\u201d bu y\u0131l, 10\u2019ar foto\u011fraf\u0131 sergilenecek olan Ula\u015f S\u00f6nmez ve Mehmet G\u00f6kyi\u011fit\u2019in olacak.<\/span><\/p>\n<p style=\"font-weight: 300;\"><span style=\"font-weight: 300 !important;\">-Eserler<\/span><\/p>\n<p style=\"font-weight: 300;\"><span style=\"font-weight: 300 !important;\">Sergide, Serbest (Siyah&amp;Beyaz) kategorisinde 16 foto\u011fraf\u00e7\u0131n\u0131n 23 foto\u011fraf\u0131, Serbest (Renkli) kategorisinde 13 foto\u011fraf\u00e7\u0131n\u0131n 16 foto\u011fraf\u0131, Do\u011fa (Renkli-Siyah&amp;Beyaz) kategorisinde 17 foto\u011fraf\u00e7\u0131n\u0131n 32 foto\u011fraf\u0131, Benim \u015eehrim: G\u00fczelyurt\u2019um (Renkli-Siyah&amp;Beyaz) kategorisinde 15 foto\u011fraf\u00e7\u0131n\u0131n 21 foto\u011fraf\u0131, Kavramsal (Serbest) kategorisinde 10 foto\u011fraf\u00e7\u0131n\u0131n 15 foto\u011fraf\u0131, Mimari (Siyah&amp;Beyaz), Abdullah Onar\u2019\u0131n Eserleri kategorisinde 16 foto\u011fraf\u00e7\u0131n\u0131n 22 foto\u011fraf\u0131 yer alacak.<\/span><\/p>\n<p style=\"font-weight: 300;\"><span style=\"font-weight: 300 !important;\">Sergi, 23 A\u011fustos Cuma g\u00fcn\u00fcne kadar ziyarete a\u00e7\u0131k olacak.<\/span><\/p>\n<p style=\"font-weight: 300;\"><span style=\"font-weight: 300 !important;\">Sergilenecek eserlerin listesi, K\u00fclt\u00fcr Dairesi\u2019nin web sayfas\u0131 \u201ckulturdairesi.gov.ct.tr\u201d adresinden G\u00fcncel Duyurular ba\u015fl\u0131\u011f\u0131 alt\u0131nda kamuoyu ile payla\u015f\u0131ld\u0131.<\/span><\/p>\n<p>\u00a0<\/p>\n<\/p><\/div>\n<p><script async\n                    defer\n                    crossorigin=\"anonymous\"\n                    src=\"https:\/\/connect.facebook.net\/tr_TR\/sdk.js#xfbml=1&#038;version=v3.3\"\n            ><\/script><\/p>\n","protected":false},"excerpt":{"rendered":"<p>Ba\u015fbakan Yard\u0131mc\u0131l\u0131\u011f\u0131, Turizm, K\u00fclt\u00fcr, Gen\u00e7lik ve \u00c7evre Bakanl\u0131\u011f\u0131\u2019na ba\u011fl\u0131 K\u00fclt\u00fcr Dairesi\u2019nin d\u00fczenledi\u011fi 32\u2019nci Devlet Foto\u011fraf Yar\u0131\u015fmas\u0131 Sergisi ve \u00f6d\u00fcl t\u00f6reni yar\u0131n D\u00fcnya Foto\u011fraf\u00e7\u0131l\u0131k G\u00fcn\u00fc\u2019nde Atat\u00fcrk K\u00fclt\u00fcr Merkezi\u2019nde (AKM) yap\u0131lacak. K\u00fclt\u00fcr Dairesi\u2019nden verilen bilgiye g\u00f6re, saat 18.30\u2019daki etkinli\u011fin a\u00e7\u0131l\u0131\u015f\u0131n\u0131 Ba\u015fbakan Yard\u0131mc\u0131s\u0131, Turizm, K\u00fclt\u00fcr, Gen\u00e7lik ve \u00c7evre Bakan\u0131 Fikri Atao\u011flu yapacak. K\u00fclt\u00fcr Dairesi M\u00fcd\u00fcr\u00fc \u015eirin Zaima\u011fao\u011flu, t\u00fcm [&hellip;]<\/p>\n","protected":false},"author":1,"featured_media":8173,"comment_status":"open","ping_status":"open","sticky":false,"template":"","format":"standard","meta":{"jnews-multi-image_gallery":[],"jnews_single_post":[],"jnews_primary_category":[],"jnews_social_meta":[],"jnews_override_counter":[],"footnotes":""},"categories":[6],"tags":[],"class_list":["post-8170","post","type-post","status-publish","format-standard","has-post-thumbnail","hentry","category-yasam"],"yoast_head":"<!-- This site is optimized with the Yoast SEO plugin v27.5 - https:\/\/yoast.com\/product\/yoast-seo-wordpress\/ -->\n<title>K\u00fclt\u00fcr Dairesi 32. Devlet Foto\u011fraf Yar\u0131\u015fmas\u0131 Sergisi ve \u00d6d\u00fcl T\u00f6reni yar\u0131n D\u00fcnya Foto\u011fraf\u00e7\u0131l\u0131k G\u00fcn\u00fc\u2019nde AKM\u2019de yap\u0131lacak - Kuzeyin Sesi<\/title>\n<meta name=\"robots\" content=\"index, follow, max-snippet:-1, max-image-preview:large, max-video-preview:-1\" \/>\n<link rel=\"canonical\" href=\"https:\/\/kuzeyinsesi.org\/index.php\/2024\/08\/18\/kultur-dairesi-32-devlet-fotograf-yarismasi-sergisi-ve-odul-toreni-yarin-dunya-fotografcilik-gununde-akmde-yapilacak\/\" \/>\n<meta property=\"og:locale\" content=\"tr_TR\" \/>\n<meta property=\"og:type\" content=\"article\" \/>\n<meta property=\"og:title\" content=\"K\u00fclt\u00fcr Dairesi 32. Devlet Foto\u011fraf Yar\u0131\u015fmas\u0131 Sergisi ve \u00d6d\u00fcl T\u00f6reni yar\u0131n D\u00fcnya Foto\u011fraf\u00e7\u0131l\u0131k G\u00fcn\u00fc\u2019nde AKM\u2019de yap\u0131lacak - Kuzeyin Sesi\" \/>\n<meta property=\"og:description\" content=\"Ba\u015fbakan Yard\u0131mc\u0131l\u0131\u011f\u0131, Turizm, K\u00fclt\u00fcr, Gen\u00e7lik ve \u00c7evre Bakanl\u0131\u011f\u0131\u2019na ba\u011fl\u0131 K\u00fclt\u00fcr Dairesi\u2019nin d\u00fczenledi\u011fi 32\u2019nci Devlet Foto\u011fraf Yar\u0131\u015fmas\u0131 Sergisi ve \u00f6d\u00fcl t\u00f6reni yar\u0131n D\u00fcnya Foto\u011fraf\u00e7\u0131l\u0131k G\u00fcn\u00fc\u2019nde Atat\u00fcrk K\u00fclt\u00fcr Merkezi\u2019nde (AKM) yap\u0131lacak. K\u00fclt\u00fcr Dairesi\u2019nden verilen bilgiye g\u00f6re, saat 18.30\u2019daki etkinli\u011fin a\u00e7\u0131l\u0131\u015f\u0131n\u0131 Ba\u015fbakan Yard\u0131mc\u0131s\u0131, Turizm, K\u00fclt\u00fcr, Gen\u00e7lik ve \u00c7evre Bakan\u0131 Fikri Atao\u011flu yapacak. K\u00fclt\u00fcr Dairesi M\u00fcd\u00fcr\u00fc \u015eirin Zaima\u011fao\u011flu, t\u00fcm [&hellip;]\" \/>\n<meta property=\"og:url\" content=\"https:\/\/kuzeyinsesi.org\/index.php\/2024\/08\/18\/kultur-dairesi-32-devlet-fotograf-yarismasi-sergisi-ve-odul-toreni-yarin-dunya-fotografcilik-gununde-akmde-yapilacak\/\" \/>\n<meta property=\"og:site_name\" content=\"Kuzeyin Sesi\" \/>\n<meta property=\"article:publisher\" content=\"https:\/\/www.facebook.com\/kuzeyinsesii\" \/>\n<meta property=\"article:published_time\" content=\"2024-08-18T11:37:23+00:00\" \/>\n<meta property=\"og:image\" content=\"https:\/\/brtk.net\/wp-content\/uploads\/2024\/08\/18\/davetiye-devfotoyar.jpeg?ver=4c838cc19af133ef5395bddea2fb50c0\" \/>\n<meta name=\"author\" content=\"Kuzeyin Sesi\" \/>\n<meta name=\"twitter:card\" content=\"summary_large_image\" \/>\n<meta name=\"twitter:creator\" content=\"@kuzeyinsesii\" \/>\n<meta name=\"twitter:site\" content=\"@kuzeyinsesii\" \/>\n<meta name=\"twitter:label1\" content=\"Yazan:\" \/>\n\t<meta name=\"twitter:data1\" content=\"Kuzeyin Sesi\" \/>\n\t<meta name=\"twitter:label2\" content=\"Tahmini okuma s\u00fcresi\" \/>\n\t<meta name=\"twitter:data2\" content=\"3 dakika\" \/>\n<script type=\"application\/ld+json\" class=\"yoast-schema-graph\">{\"@context\":\"https:\\\/\\\/schema.org\",\"@graph\":[{\"@type\":\"Article\",\"@id\":\"https:\\\/\\\/kuzeyinsesi.org\\\/index.php\\\/2024\\\/08\\\/18\\\/kultur-dairesi-32-devlet-fotograf-yarismasi-sergisi-ve-odul-toreni-yarin-dunya-fotografcilik-gununde-akmde-yapilacak\\\/#article\",\"isPartOf\":{\"@id\":\"https:\\\/\\\/kuzeyinsesi.org\\\/index.php\\\/2024\\\/08\\\/18\\\/kultur-dairesi-32-devlet-fotograf-yarismasi-sergisi-ve-odul-toreni-yarin-dunya-fotografcilik-gununde-akmde-yapilacak\\\/\"},\"author\":{\"name\":\"Kuzeyin Sesi\",\"@id\":\"https:\\\/\\\/kuzeyinsesi.org\\\/#\\\/schema\\\/person\\\/9f859689cdf01485597712386e37f5aa\"},\"headline\":\"K\u00fclt\u00fcr Dairesi 32. Devlet Foto\u011fraf Yar\u0131\u015fmas\u0131 Sergisi ve \u00d6d\u00fcl T\u00f6reni yar\u0131n D\u00fcnya Foto\u011fraf\u00e7\u0131l\u0131k G\u00fcn\u00fc\u2019nde AKM\u2019de yap\u0131lacak\",\"datePublished\":\"2024-08-18T11:37:23+00:00\",\"mainEntityOfPage\":{\"@id\":\"https:\\\/\\\/kuzeyinsesi.org\\\/index.php\\\/2024\\\/08\\\/18\\\/kultur-dairesi-32-devlet-fotograf-yarismasi-sergisi-ve-odul-toreni-yarin-dunya-fotografcilik-gununde-akmde-yapilacak\\\/\"},\"wordCount\":602,\"commentCount\":0,\"image\":{\"@id\":\"https:\\\/\\\/kuzeyinsesi.org\\\/index.php\\\/2024\\\/08\\\/18\\\/kultur-dairesi-32-devlet-fotograf-yarismasi-sergisi-ve-odul-toreni-yarin-dunya-fotografcilik-gununde-akmde-yapilacak\\\/#primaryimage\"},\"thumbnailUrl\":\"https:\\\/\\\/kuzeyinsesi.org\\\/wp-content\\\/uploads\\\/2024\\\/08\\\/1723981051_davetiye-devfotoyar.jpeg\",\"articleSection\":[\"Ya\u015fam\"],\"inLanguage\":\"tr\",\"potentialAction\":[{\"@type\":\"CommentAction\",\"name\":\"Comment\",\"target\":[\"https:\\\/\\\/kuzeyinsesi.org\\\/index.php\\\/2024\\\/08\\\/18\\\/kultur-dairesi-32-devlet-fotograf-yarismasi-sergisi-ve-odul-toreni-yarin-dunya-fotografcilik-gununde-akmde-yapilacak\\\/#respond\"]}]},{\"@type\":\"WebPage\",\"@id\":\"https:\\\/\\\/kuzeyinsesi.org\\\/index.php\\\/2024\\\/08\\\/18\\\/kultur-dairesi-32-devlet-fotograf-yarismasi-sergisi-ve-odul-toreni-yarin-dunya-fotografcilik-gununde-akmde-yapilacak\\\/\",\"url\":\"https:\\\/\\\/kuzeyinsesi.org\\\/index.php\\\/2024\\\/08\\\/18\\\/kultur-dairesi-32-devlet-fotograf-yarismasi-sergisi-ve-odul-toreni-yarin-dunya-fotografcilik-gununde-akmde-yapilacak\\\/\",\"name\":\"K\u00fclt\u00fcr Dairesi 32. Devlet Foto\u011fraf Yar\u0131\u015fmas\u0131 Sergisi ve \u00d6d\u00fcl T\u00f6reni yar\u0131n D\u00fcnya Foto\u011fraf\u00e7\u0131l\u0131k G\u00fcn\u00fc\u2019nde AKM\u2019de yap\u0131lacak - Kuzeyin Sesi\",\"isPartOf\":{\"@id\":\"https:\\\/\\\/kuzeyinsesi.org\\\/#website\"},\"primaryImageOfPage\":{\"@id\":\"https:\\\/\\\/kuzeyinsesi.org\\\/index.php\\\/2024\\\/08\\\/18\\\/kultur-dairesi-32-devlet-fotograf-yarismasi-sergisi-ve-odul-toreni-yarin-dunya-fotografcilik-gununde-akmde-yapilacak\\\/#primaryimage\"},\"image\":{\"@id\":\"https:\\\/\\\/kuzeyinsesi.org\\\/index.php\\\/2024\\\/08\\\/18\\\/kultur-dairesi-32-devlet-fotograf-yarismasi-sergisi-ve-odul-toreni-yarin-dunya-fotografcilik-gununde-akmde-yapilacak\\\/#primaryimage\"},\"thumbnailUrl\":\"https:\\\/\\\/kuzeyinsesi.org\\\/wp-content\\\/uploads\\\/2024\\\/08\\\/1723981051_davetiye-devfotoyar.jpeg\",\"datePublished\":\"2024-08-18T11:37:23+00:00\",\"author\":{\"@id\":\"https:\\\/\\\/kuzeyinsesi.org\\\/#\\\/schema\\\/person\\\/9f859689cdf01485597712386e37f5aa\"},\"breadcrumb\":{\"@id\":\"https:\\\/\\\/kuzeyinsesi.org\\\/index.php\\\/2024\\\/08\\\/18\\\/kultur-dairesi-32-devlet-fotograf-yarismasi-sergisi-ve-odul-toreni-yarin-dunya-fotografcilik-gununde-akmde-yapilacak\\\/#breadcrumb\"},\"inLanguage\":\"tr\",\"potentialAction\":[{\"@type\":\"ReadAction\",\"target\":[\"https:\\\/\\\/kuzeyinsesi.org\\\/index.php\\\/2024\\\/08\\\/18\\\/kultur-dairesi-32-devlet-fotograf-yarismasi-sergisi-ve-odul-toreni-yarin-dunya-fotografcilik-gununde-akmde-yapilacak\\\/\"]}]},{\"@type\":\"ImageObject\",\"inLanguage\":\"tr\",\"@id\":\"https:\\\/\\\/kuzeyinsesi.org\\\/index.php\\\/2024\\\/08\\\/18\\\/kultur-dairesi-32-devlet-fotograf-yarismasi-sergisi-ve-odul-toreni-yarin-dunya-fotografcilik-gununde-akmde-yapilacak\\\/#primaryimage\",\"url\":\"https:\\\/\\\/kuzeyinsesi.org\\\/wp-content\\\/uploads\\\/2024\\\/08\\\/1723981051_davetiye-devfotoyar.jpeg\",\"contentUrl\":\"https:\\\/\\\/kuzeyinsesi.org\\\/wp-content\\\/uploads\\\/2024\\\/08\\\/1723981051_davetiye-devfotoyar.jpeg\",\"width\":1600,\"height\":800},{\"@type\":\"BreadcrumbList\",\"@id\":\"https:\\\/\\\/kuzeyinsesi.org\\\/index.php\\\/2024\\\/08\\\/18\\\/kultur-dairesi-32-devlet-fotograf-yarismasi-sergisi-ve-odul-toreni-yarin-dunya-fotografcilik-gununde-akmde-yapilacak\\\/#breadcrumb\",\"itemListElement\":[{\"@type\":\"ListItem\",\"position\":1,\"name\":\"Anasayfa\",\"item\":\"https:\\\/\\\/kuzeyinsesi.org\\\/\"},{\"@type\":\"ListItem\",\"position\":2,\"name\":\"K\u00fclt\u00fcr Dairesi 32. Devlet Foto\u011fraf Yar\u0131\u015fmas\u0131 Sergisi ve \u00d6d\u00fcl T\u00f6reni yar\u0131n D\u00fcnya Foto\u011fraf\u00e7\u0131l\u0131k G\u00fcn\u00fc\u2019nde AKM\u2019de yap\u0131lacak\"}]},{\"@type\":\"WebSite\",\"@id\":\"https:\\\/\\\/kuzeyinsesi.org\\\/#website\",\"url\":\"https:\\\/\\\/kuzeyinsesi.org\\\/\",\"name\":\"Kuzeyin Sesi\",\"description\":\"Do\u011fru Haberin Adresi\",\"potentialAction\":[{\"@type\":\"SearchAction\",\"target\":{\"@type\":\"EntryPoint\",\"urlTemplate\":\"https:\\\/\\\/kuzeyinsesi.org\\\/?s={search_term_string}\"},\"query-input\":{\"@type\":\"PropertyValueSpecification\",\"valueRequired\":true,\"valueName\":\"search_term_string\"}}],\"inLanguage\":\"tr\"},{\"@type\":\"Person\",\"@id\":\"https:\\\/\\\/kuzeyinsesi.org\\\/#\\\/schema\\\/person\\\/9f859689cdf01485597712386e37f5aa\",\"name\":\"Kuzeyin Sesi\",\"image\":{\"@type\":\"ImageObject\",\"inLanguage\":\"tr\",\"@id\":\"https:\\\/\\\/secure.gravatar.com\\\/avatar\\\/bab33852abfd8b282518d6ed81826833d77c3c882d9ab608add591ccace47a44?s=96&d=mm&r=g\",\"url\":\"https:\\\/\\\/secure.gravatar.com\\\/avatar\\\/bab33852abfd8b282518d6ed81826833d77c3c882d9ab608add591ccace47a44?s=96&d=mm&r=g\",\"contentUrl\":\"https:\\\/\\\/secure.gravatar.com\\\/avatar\\\/bab33852abfd8b282518d6ed81826833d77c3c882d9ab608add591ccace47a44?s=96&d=mm&r=g\",\"caption\":\"Kuzeyin Sesi\"},\"sameAs\":[\"https:\\\/\\\/kuzeyinsesi.org\"],\"url\":\"https:\\\/\\\/kuzeyinsesi.org\\\/index.php\\\/author\\\/guven\\\/\"}]}<\/script>\n<!-- \/ Yoast SEO plugin. -->","yoast_head_json":{"title":"K\u00fclt\u00fcr Dairesi 32. Devlet Foto\u011fraf Yar\u0131\u015fmas\u0131 Sergisi ve \u00d6d\u00fcl T\u00f6reni yar\u0131n D\u00fcnya Foto\u011fraf\u00e7\u0131l\u0131k G\u00fcn\u00fc\u2019nde AKM\u2019de yap\u0131lacak - Kuzeyin Sesi","robots":{"index":"index","follow":"follow","max-snippet":"max-snippet:-1","max-image-preview":"max-image-preview:large","max-video-preview":"max-video-preview:-1"},"canonical":"https:\/\/kuzeyinsesi.org\/index.php\/2024\/08\/18\/kultur-dairesi-32-devlet-fotograf-yarismasi-sergisi-ve-odul-toreni-yarin-dunya-fotografcilik-gununde-akmde-yapilacak\/","og_locale":"tr_TR","og_type":"article","og_title":"K\u00fclt\u00fcr Dairesi 32. Devlet Foto\u011fraf Yar\u0131\u015fmas\u0131 Sergisi ve \u00d6d\u00fcl T\u00f6reni yar\u0131n D\u00fcnya Foto\u011fraf\u00e7\u0131l\u0131k G\u00fcn\u00fc\u2019nde AKM\u2019de yap\u0131lacak - Kuzeyin Sesi","og_description":"Ba\u015fbakan Yard\u0131mc\u0131l\u0131\u011f\u0131, Turizm, K\u00fclt\u00fcr, Gen\u00e7lik ve \u00c7evre Bakanl\u0131\u011f\u0131\u2019na ba\u011fl\u0131 K\u00fclt\u00fcr Dairesi\u2019nin d\u00fczenledi\u011fi 32\u2019nci Devlet Foto\u011fraf Yar\u0131\u015fmas\u0131 Sergisi ve \u00f6d\u00fcl t\u00f6reni yar\u0131n D\u00fcnya Foto\u011fraf\u00e7\u0131l\u0131k G\u00fcn\u00fc\u2019nde Atat\u00fcrk K\u00fclt\u00fcr Merkezi\u2019nde (AKM) yap\u0131lacak. K\u00fclt\u00fcr Dairesi\u2019nden verilen bilgiye g\u00f6re, saat 18.30\u2019daki etkinli\u011fin a\u00e7\u0131l\u0131\u015f\u0131n\u0131 Ba\u015fbakan Yard\u0131mc\u0131s\u0131, Turizm, K\u00fclt\u00fcr, Gen\u00e7lik ve \u00c7evre Bakan\u0131 Fikri Atao\u011flu yapacak. K\u00fclt\u00fcr Dairesi M\u00fcd\u00fcr\u00fc \u015eirin Zaima\u011fao\u011flu, t\u00fcm [&hellip;]","og_url":"https:\/\/kuzeyinsesi.org\/index.php\/2024\/08\/18\/kultur-dairesi-32-devlet-fotograf-yarismasi-sergisi-ve-odul-toreni-yarin-dunya-fotografcilik-gununde-akmde-yapilacak\/","og_site_name":"Kuzeyin Sesi","article_publisher":"https:\/\/www.facebook.com\/kuzeyinsesii","article_published_time":"2024-08-18T11:37:23+00:00","og_image":[{"url":"https:\/\/brtk.net\/wp-content\/uploads\/2024\/08\/18\/davetiye-devfotoyar.jpeg?ver=4c838cc19af133ef5395bddea2fb50c0","type":"","width":"","height":""}],"author":"Kuzeyin Sesi","twitter_card":"summary_large_image","twitter_creator":"@kuzeyinsesii","twitter_site":"@kuzeyinsesii","twitter_misc":{"Yazan:":"Kuzeyin Sesi","Tahmini okuma s\u00fcresi":"3 dakika"},"schema":{"@context":"https:\/\/schema.org","@graph":[{"@type":"Article","@id":"https:\/\/kuzeyinsesi.org\/index.php\/2024\/08\/18\/kultur-dairesi-32-devlet-fotograf-yarismasi-sergisi-ve-odul-toreni-yarin-dunya-fotografcilik-gununde-akmde-yapilacak\/#article","isPartOf":{"@id":"https:\/\/kuzeyinsesi.org\/index.php\/2024\/08\/18\/kultur-dairesi-32-devlet-fotograf-yarismasi-sergisi-ve-odul-toreni-yarin-dunya-fotografcilik-gununde-akmde-yapilacak\/"},"author":{"name":"Kuzeyin Sesi","@id":"https:\/\/kuzeyinsesi.org\/#\/schema\/person\/9f859689cdf01485597712386e37f5aa"},"headline":"K\u00fclt\u00fcr Dairesi 32. Devlet Foto\u011fraf Yar\u0131\u015fmas\u0131 Sergisi ve \u00d6d\u00fcl T\u00f6reni yar\u0131n D\u00fcnya Foto\u011fraf\u00e7\u0131l\u0131k G\u00fcn\u00fc\u2019nde AKM\u2019de yap\u0131lacak","datePublished":"2024-08-18T11:37:23+00:00","mainEntityOfPage":{"@id":"https:\/\/kuzeyinsesi.org\/index.php\/2024\/08\/18\/kultur-dairesi-32-devlet-fotograf-yarismasi-sergisi-ve-odul-toreni-yarin-dunya-fotografcilik-gununde-akmde-yapilacak\/"},"wordCount":602,"commentCount":0,"image":{"@id":"https:\/\/kuzeyinsesi.org\/index.php\/2024\/08\/18\/kultur-dairesi-32-devlet-fotograf-yarismasi-sergisi-ve-odul-toreni-yarin-dunya-fotografcilik-gununde-akmde-yapilacak\/#primaryimage"},"thumbnailUrl":"https:\/\/kuzeyinsesi.org\/wp-content\/uploads\/2024\/08\/1723981051_davetiye-devfotoyar.jpeg","articleSection":["Ya\u015fam"],"inLanguage":"tr","potentialAction":[{"@type":"CommentAction","name":"Comment","target":["https:\/\/kuzeyinsesi.org\/index.php\/2024\/08\/18\/kultur-dairesi-32-devlet-fotograf-yarismasi-sergisi-ve-odul-toreni-yarin-dunya-fotografcilik-gununde-akmde-yapilacak\/#respond"]}]},{"@type":"WebPage","@id":"https:\/\/kuzeyinsesi.org\/index.php\/2024\/08\/18\/kultur-dairesi-32-devlet-fotograf-yarismasi-sergisi-ve-odul-toreni-yarin-dunya-fotografcilik-gununde-akmde-yapilacak\/","url":"https:\/\/kuzeyinsesi.org\/index.php\/2024\/08\/18\/kultur-dairesi-32-devlet-fotograf-yarismasi-sergisi-ve-odul-toreni-yarin-dunya-fotografcilik-gununde-akmde-yapilacak\/","name":"K\u00fclt\u00fcr Dairesi 32. Devlet Foto\u011fraf Yar\u0131\u015fmas\u0131 Sergisi ve \u00d6d\u00fcl T\u00f6reni yar\u0131n D\u00fcnya Foto\u011fraf\u00e7\u0131l\u0131k G\u00fcn\u00fc\u2019nde AKM\u2019de yap\u0131lacak - Kuzeyin Sesi","isPartOf":{"@id":"https:\/\/kuzeyinsesi.org\/#website"},"primaryImageOfPage":{"@id":"https:\/\/kuzeyinsesi.org\/index.php\/2024\/08\/18\/kultur-dairesi-32-devlet-fotograf-yarismasi-sergisi-ve-odul-toreni-yarin-dunya-fotografcilik-gununde-akmde-yapilacak\/#primaryimage"},"image":{"@id":"https:\/\/kuzeyinsesi.org\/index.php\/2024\/08\/18\/kultur-dairesi-32-devlet-fotograf-yarismasi-sergisi-ve-odul-toreni-yarin-dunya-fotografcilik-gununde-akmde-yapilacak\/#primaryimage"},"thumbnailUrl":"https:\/\/kuzeyinsesi.org\/wp-content\/uploads\/2024\/08\/1723981051_davetiye-devfotoyar.jpeg","datePublished":"2024-08-18T11:37:23+00:00","author":{"@id":"https:\/\/kuzeyinsesi.org\/#\/schema\/person\/9f859689cdf01485597712386e37f5aa"},"breadcrumb":{"@id":"https:\/\/kuzeyinsesi.org\/index.php\/2024\/08\/18\/kultur-dairesi-32-devlet-fotograf-yarismasi-sergisi-ve-odul-toreni-yarin-dunya-fotografcilik-gununde-akmde-yapilacak\/#breadcrumb"},"inLanguage":"tr","potentialAction":[{"@type":"ReadAction","target":["https:\/\/kuzeyinsesi.org\/index.php\/2024\/08\/18\/kultur-dairesi-32-devlet-fotograf-yarismasi-sergisi-ve-odul-toreni-yarin-dunya-fotografcilik-gununde-akmde-yapilacak\/"]}]},{"@type":"ImageObject","inLanguage":"tr","@id":"https:\/\/kuzeyinsesi.org\/index.php\/2024\/08\/18\/kultur-dairesi-32-devlet-fotograf-yarismasi-sergisi-ve-odul-toreni-yarin-dunya-fotografcilik-gununde-akmde-yapilacak\/#primaryimage","url":"https:\/\/kuzeyinsesi.org\/wp-content\/uploads\/2024\/08\/1723981051_davetiye-devfotoyar.jpeg","contentUrl":"https:\/\/kuzeyinsesi.org\/wp-content\/uploads\/2024\/08\/1723981051_davetiye-devfotoyar.jpeg","width":1600,"height":800},{"@type":"BreadcrumbList","@id":"https:\/\/kuzeyinsesi.org\/index.php\/2024\/08\/18\/kultur-dairesi-32-devlet-fotograf-yarismasi-sergisi-ve-odul-toreni-yarin-dunya-fotografcilik-gununde-akmde-yapilacak\/#breadcrumb","itemListElement":[{"@type":"ListItem","position":1,"name":"Anasayfa","item":"https:\/\/kuzeyinsesi.org\/"},{"@type":"ListItem","position":2,"name":"K\u00fclt\u00fcr Dairesi 32. Devlet Foto\u011fraf Yar\u0131\u015fmas\u0131 Sergisi ve \u00d6d\u00fcl T\u00f6reni yar\u0131n D\u00fcnya Foto\u011fraf\u00e7\u0131l\u0131k G\u00fcn\u00fc\u2019nde AKM\u2019de yap\u0131lacak"}]},{"@type":"WebSite","@id":"https:\/\/kuzeyinsesi.org\/#website","url":"https:\/\/kuzeyinsesi.org\/","name":"Kuzeyin Sesi","description":"Do\u011fru Haberin Adresi","potentialAction":[{"@type":"SearchAction","target":{"@type":"EntryPoint","urlTemplate":"https:\/\/kuzeyinsesi.org\/?s={search_term_string}"},"query-input":{"@type":"PropertyValueSpecification","valueRequired":true,"valueName":"search_term_string"}}],"inLanguage":"tr"},{"@type":"Person","@id":"https:\/\/kuzeyinsesi.org\/#\/schema\/person\/9f859689cdf01485597712386e37f5aa","name":"Kuzeyin Sesi","image":{"@type":"ImageObject","inLanguage":"tr","@id":"https:\/\/secure.gravatar.com\/avatar\/bab33852abfd8b282518d6ed81826833d77c3c882d9ab608add591ccace47a44?s=96&d=mm&r=g","url":"https:\/\/secure.gravatar.com\/avatar\/bab33852abfd8b282518d6ed81826833d77c3c882d9ab608add591ccace47a44?s=96&d=mm&r=g","contentUrl":"https:\/\/secure.gravatar.com\/avatar\/bab33852abfd8b282518d6ed81826833d77c3c882d9ab608add591ccace47a44?s=96&d=mm&r=g","caption":"Kuzeyin Sesi"},"sameAs":["https:\/\/kuzeyinsesi.org"],"url":"https:\/\/kuzeyinsesi.org\/index.php\/author\/guven\/"}]}},"_links":{"self":[{"href":"https:\/\/kuzeyinsesi.org\/index.php\/wp-json\/wp\/v2\/posts\/8170","targetHints":{"allow":["GET"]}}],"collection":[{"href":"https:\/\/kuzeyinsesi.org\/index.php\/wp-json\/wp\/v2\/posts"}],"about":[{"href":"https:\/\/kuzeyinsesi.org\/index.php\/wp-json\/wp\/v2\/types\/post"}],"author":[{"embeddable":true,"href":"https:\/\/kuzeyinsesi.org\/index.php\/wp-json\/wp\/v2\/users\/1"}],"replies":[{"embeddable":true,"href":"https:\/\/kuzeyinsesi.org\/index.php\/wp-json\/wp\/v2\/comments?post=8170"}],"version-history":[{"count":0,"href":"https:\/\/kuzeyinsesi.org\/index.php\/wp-json\/wp\/v2\/posts\/8170\/revisions"}],"wp:featuredmedia":[{"embeddable":true,"href":"https:\/\/kuzeyinsesi.org\/index.php\/wp-json\/wp\/v2\/media\/8173"}],"wp:attachment":[{"href":"https:\/\/kuzeyinsesi.org\/index.php\/wp-json\/wp\/v2\/media?parent=8170"}],"wp:term":[{"taxonomy":"category","embeddable":true,"href":"https:\/\/kuzeyinsesi.org\/index.php\/wp-json\/wp\/v2\/categories?post=8170"},{"taxonomy":"post_tag","embeddable":true,"href":"https:\/\/kuzeyinsesi.org\/index.php\/wp-json\/wp\/v2\/tags?post=8170"}],"curies":[{"name":"wp","href":"https:\/\/api.w.org\/{rel}","templated":true}]}}