{"id":8162,"date":"2024-08-18T12:33:27","date_gmt":"2024-08-18T09:33:27","guid":{"rendered":"https:\/\/kuzeyinsesi.org\/index.php\/2024\/08\/18\/kpkd-otello-coksesli-korosu-karadagda-yarismaya-katiliyor\/"},"modified":"2024-08-18T12:33:27","modified_gmt":"2024-08-18T09:33:27","slug":"kpkd-otello-coksesli-korosu-karadagda-yarismaya-katiliyor","status":"publish","type":"post","link":"https:\/\/kuzeyinsesi.org\/index.php\/2024\/08\/18\/kpkd-otello-coksesli-korosu-karadagda-yarismaya-katiliyor\/","title":{"rendered":"KPKD Otello \u00c7oksesli Korosu Karada\u011f\u2019da yar\u0131\u015fmaya kat\u0131l\u0131yor"},"content":{"rendered":"<div>\n<div class=\"mariselle-image-container none\">\n                                            <\/div>\n<p>K\u0131br\u0131s Polifonik Korolar Derne\u011fi Otello \u00c7oksesli Korosu Karada\u011f\u2019da yap\u0131lacak XI. International Choir Fest &amp; Competition Saint Stefan koro yar\u0131\u015fmas\u0131na kat\u0131lacak.<\/p>\n<p>Dernekten yap\u0131lan a\u00e7\u0131klamaya g\u00f6re, Budva \u015fehrinde 22-27 A\u011fustos\u2019ta yap\u0131lacak yar\u0131\u015fmada, Koro \u015eefleri Rana Ulu\u00e7ay ve Erkan Da\u011fl\u0131 y\u00f6netiminde \u00e7al\u0131\u015fmalar\u0131n\u0131 s\u00fcrd\u00fcren Otello \u00c7oksesli Korosu, gelen davet \u00fczerine, \u201cFolk\u201d dal\u0131nda \u00fclkeyi temsil edecek.<\/p>\n<p>Etkinlikte, Oskay Hoca\u2019n\u0131n d\u00fczenlemelerini yapt\u0131\u011f\u0131 K\u0131br\u0131s Halk T\u00fcrk\u00fcleri;\u00a0 \u00e7oksesli olarak koro taraf\u0131ndan seslendirecek.<\/p>\n<p>40 ki\u015filik korist ekibi yan\u0131nda koroya piyanoda Atakan Sar\u0131, fl\u00fctte Mehmet Sakarya, kemanda Erhan Ayta\u00e7, obuada Oskay Hoca ve perk\u00fcsyonda Ahmet Ata Zilci ve \u0130zmir Devlet Opera ve Bale koro sanat\u00e7\u0131s\u0131 Mehmet Burhaniye e\u015flik edecek.<\/p>\n<p>\u00a0<\/p>\n<\/p><\/div>\n<p><script async\n                    defer\n                    crossorigin=\"anonymous\"\n                    src=\"https:\/\/connect.facebook.net\/tr_TR\/sdk.js#xfbml=1&#038;version=v3.3\"\n            ><\/script><\/p>\n","protected":false},"excerpt":{"rendered":"<p>K\u0131br\u0131s Polifonik Korolar Derne\u011fi Otello \u00c7oksesli Korosu Karada\u011f\u2019da yap\u0131lacak XI. International Choir Fest &amp; Competition Saint Stefan koro yar\u0131\u015fmas\u0131na kat\u0131lacak. Dernekten yap\u0131lan a\u00e7\u0131klamaya g\u00f6re, Budva \u015fehrinde 22-27 A\u011fustos\u2019ta yap\u0131lacak yar\u0131\u015fmada, Koro \u015eefleri Rana Ulu\u00e7ay ve Erkan Da\u011fl\u0131 y\u00f6netiminde \u00e7al\u0131\u015fmalar\u0131n\u0131 s\u00fcrd\u00fcren Otello \u00c7oksesli Korosu, gelen davet \u00fczerine, \u201cFolk\u201d dal\u0131nda \u00fclkeyi temsil edecek. Etkinlikte, Oskay Hoca\u2019n\u0131n d\u00fczenlemelerini [&hellip;]<\/p>\n","protected":false},"author":1,"featured_media":8163,"comment_status":"open","ping_status":"open","sticky":false,"template":"","format":"standard","meta":{"jnews-multi-image_gallery":[],"jnews_single_post":[],"jnews_primary_category":[],"jnews_social_meta":[],"jnews_override_counter":[],"footnotes":""},"categories":[6],"tags":[],"class_list":["post-8162","post","type-post","status-publish","format-standard","has-post-thumbnail","hentry","category-yasam"],"yoast_head":"<!-- This site is optimized with the Yoast SEO plugin v27.5 - https:\/\/yoast.com\/product\/yoast-seo-wordpress\/ -->\n<title>KPKD Otello \u00c7oksesli Korosu Karada\u011f\u2019da yar\u0131\u015fmaya kat\u0131l\u0131yor - Kuzeyin Sesi<\/title>\n<meta name=\"robots\" content=\"index, follow, max-snippet:-1, max-image-preview:large, max-video-preview:-1\" \/>\n<link rel=\"canonical\" href=\"https:\/\/kuzeyinsesi.org\/index.php\/2024\/08\/18\/kpkd-otello-coksesli-korosu-karadagda-yarismaya-katiliyor\/\" \/>\n<meta property=\"og:locale\" content=\"tr_TR\" \/>\n<meta property=\"og:type\" content=\"article\" \/>\n<meta property=\"og:title\" content=\"KPKD Otello \u00c7oksesli Korosu Karada\u011f\u2019da yar\u0131\u015fmaya kat\u0131l\u0131yor - Kuzeyin Sesi\" \/>\n<meta property=\"og:description\" content=\"K\u0131br\u0131s Polifonik Korolar Derne\u011fi Otello \u00c7oksesli Korosu Karada\u011f\u2019da yap\u0131lacak XI. International Choir Fest &amp; Competition Saint Stefan koro yar\u0131\u015fmas\u0131na kat\u0131lacak. Dernekten yap\u0131lan a\u00e7\u0131klamaya g\u00f6re, Budva \u015fehrinde 22-27 A\u011fustos\u2019ta yap\u0131lacak yar\u0131\u015fmada, Koro \u015eefleri Rana Ulu\u00e7ay ve Erkan Da\u011fl\u0131 y\u00f6netiminde \u00e7al\u0131\u015fmalar\u0131n\u0131 s\u00fcrd\u00fcren Otello \u00c7oksesli Korosu, gelen davet \u00fczerine, \u201cFolk\u201d dal\u0131nda \u00fclkeyi temsil edecek. Etkinlikte, Oskay Hoca\u2019n\u0131n d\u00fczenlemelerini [&hellip;]\" \/>\n<meta property=\"og:url\" content=\"https:\/\/kuzeyinsesi.org\/index.php\/2024\/08\/18\/kpkd-otello-coksesli-korosu-karadagda-yarismaya-katiliyor\/\" \/>\n<meta property=\"og:site_name\" content=\"Kuzeyin Sesi\" \/>\n<meta property=\"article:publisher\" content=\"https:\/\/www.facebook.com\/kuzeyinsesii\" \/>\n<meta property=\"article:published_time\" content=\"2024-08-18T09:33:27+00:00\" \/>\n<meta property=\"og:image\" content=\"https:\/\/brtk.net\/wp-content\/uploads\/2024\/08\/18\/koro.jpg?ver=c58bc511ee49f29c53b6d522cdc63282\" \/>\n<meta name=\"author\" content=\"Kuzeyin Sesi\" \/>\n<meta name=\"twitter:card\" content=\"summary_large_image\" \/>\n<meta name=\"twitter:creator\" content=\"@kuzeyinsesii\" \/>\n<meta name=\"twitter:site\" content=\"@kuzeyinsesii\" \/>\n<meta name=\"twitter:label1\" content=\"Yazan:\" \/>\n\t<meta name=\"twitter:data1\" content=\"Kuzeyin Sesi\" \/>\n\t<meta name=\"twitter:label2\" content=\"Tahmini okuma s\u00fcresi\" \/>\n\t<meta name=\"twitter:data2\" content=\"1 dakika\" \/>\n<script type=\"application\/ld+json\" class=\"yoast-schema-graph\">{\"@context\":\"https:\\\/\\\/schema.org\",\"@graph\":[{\"@type\":\"Article\",\"@id\":\"https:\\\/\\\/kuzeyinsesi.org\\\/index.php\\\/2024\\\/08\\\/18\\\/kpkd-otello-coksesli-korosu-karadagda-yarismaya-katiliyor\\\/#article\",\"isPartOf\":{\"@id\":\"https:\\\/\\\/kuzeyinsesi.org\\\/index.php\\\/2024\\\/08\\\/18\\\/kpkd-otello-coksesli-korosu-karadagda-yarismaya-katiliyor\\\/\"},\"author\":{\"name\":\"Kuzeyin Sesi\",\"@id\":\"https:\\\/\\\/kuzeyinsesi.org\\\/#\\\/schema\\\/person\\\/9f859689cdf01485597712386e37f5aa\"},\"headline\":\"KPKD Otello \u00c7oksesli Korosu Karada\u011f\u2019da yar\u0131\u015fmaya kat\u0131l\u0131yor\",\"datePublished\":\"2024-08-18T09:33:27+00:00\",\"mainEntityOfPage\":{\"@id\":\"https:\\\/\\\/kuzeyinsesi.org\\\/index.php\\\/2024\\\/08\\\/18\\\/kpkd-otello-coksesli-korosu-karadagda-yarismaya-katiliyor\\\/\"},\"wordCount\":146,\"commentCount\":0,\"image\":{\"@id\":\"https:\\\/\\\/kuzeyinsesi.org\\\/index.php\\\/2024\\\/08\\\/18\\\/kpkd-otello-coksesli-korosu-karadagda-yarismaya-katiliyor\\\/#primaryimage\"},\"thumbnailUrl\":\"https:\\\/\\\/kuzeyinsesi.org\\\/wp-content\\\/uploads\\\/2024\\\/08\\\/koro.jpg\",\"articleSection\":[\"Ya\u015fam\"],\"inLanguage\":\"tr\",\"potentialAction\":[{\"@type\":\"CommentAction\",\"name\":\"Comment\",\"target\":[\"https:\\\/\\\/kuzeyinsesi.org\\\/index.php\\\/2024\\\/08\\\/18\\\/kpkd-otello-coksesli-korosu-karadagda-yarismaya-katiliyor\\\/#respond\"]}]},{\"@type\":\"WebPage\",\"@id\":\"https:\\\/\\\/kuzeyinsesi.org\\\/index.php\\\/2024\\\/08\\\/18\\\/kpkd-otello-coksesli-korosu-karadagda-yarismaya-katiliyor\\\/\",\"url\":\"https:\\\/\\\/kuzeyinsesi.org\\\/index.php\\\/2024\\\/08\\\/18\\\/kpkd-otello-coksesli-korosu-karadagda-yarismaya-katiliyor\\\/\",\"name\":\"KPKD Otello \u00c7oksesli Korosu Karada\u011f\u2019da yar\u0131\u015fmaya kat\u0131l\u0131yor - Kuzeyin Sesi\",\"isPartOf\":{\"@id\":\"https:\\\/\\\/kuzeyinsesi.org\\\/#website\"},\"primaryImageOfPage\":{\"@id\":\"https:\\\/\\\/kuzeyinsesi.org\\\/index.php\\\/2024\\\/08\\\/18\\\/kpkd-otello-coksesli-korosu-karadagda-yarismaya-katiliyor\\\/#primaryimage\"},\"image\":{\"@id\":\"https:\\\/\\\/kuzeyinsesi.org\\\/index.php\\\/2024\\\/08\\\/18\\\/kpkd-otello-coksesli-korosu-karadagda-yarismaya-katiliyor\\\/#primaryimage\"},\"thumbnailUrl\":\"https:\\\/\\\/kuzeyinsesi.org\\\/wp-content\\\/uploads\\\/2024\\\/08\\\/koro.jpg\",\"datePublished\":\"2024-08-18T09:33:27+00:00\",\"author\":{\"@id\":\"https:\\\/\\\/kuzeyinsesi.org\\\/#\\\/schema\\\/person\\\/9f859689cdf01485597712386e37f5aa\"},\"breadcrumb\":{\"@id\":\"https:\\\/\\\/kuzeyinsesi.org\\\/index.php\\\/2024\\\/08\\\/18\\\/kpkd-otello-coksesli-korosu-karadagda-yarismaya-katiliyor\\\/#breadcrumb\"},\"inLanguage\":\"tr\",\"potentialAction\":[{\"@type\":\"ReadAction\",\"target\":[\"https:\\\/\\\/kuzeyinsesi.org\\\/index.php\\\/2024\\\/08\\\/18\\\/kpkd-otello-coksesli-korosu-karadagda-yarismaya-katiliyor\\\/\"]}]},{\"@type\":\"ImageObject\",\"inLanguage\":\"tr\",\"@id\":\"https:\\\/\\\/kuzeyinsesi.org\\\/index.php\\\/2024\\\/08\\\/18\\\/kpkd-otello-coksesli-korosu-karadagda-yarismaya-katiliyor\\\/#primaryimage\",\"url\":\"https:\\\/\\\/kuzeyinsesi.org\\\/wp-content\\\/uploads\\\/2024\\\/08\\\/koro.jpg\",\"contentUrl\":\"https:\\\/\\\/kuzeyinsesi.org\\\/wp-content\\\/uploads\\\/2024\\\/08\\\/koro.jpg\",\"width\":930,\"height\":525},{\"@type\":\"BreadcrumbList\",\"@id\":\"https:\\\/\\\/kuzeyinsesi.org\\\/index.php\\\/2024\\\/08\\\/18\\\/kpkd-otello-coksesli-korosu-karadagda-yarismaya-katiliyor\\\/#breadcrumb\",\"itemListElement\":[{\"@type\":\"ListItem\",\"position\":1,\"name\":\"Anasayfa\",\"item\":\"https:\\\/\\\/kuzeyinsesi.org\\\/\"},{\"@type\":\"ListItem\",\"position\":2,\"name\":\"KPKD Otello \u00c7oksesli Korosu Karada\u011f\u2019da yar\u0131\u015fmaya kat\u0131l\u0131yor\"}]},{\"@type\":\"WebSite\",\"@id\":\"https:\\\/\\\/kuzeyinsesi.org\\\/#website\",\"url\":\"https:\\\/\\\/kuzeyinsesi.org\\\/\",\"name\":\"Kuzeyin Sesi\",\"description\":\"Do\u011fru Haberin Adresi\",\"potentialAction\":[{\"@type\":\"SearchAction\",\"target\":{\"@type\":\"EntryPoint\",\"urlTemplate\":\"https:\\\/\\\/kuzeyinsesi.org\\\/?s={search_term_string}\"},\"query-input\":{\"@type\":\"PropertyValueSpecification\",\"valueRequired\":true,\"valueName\":\"search_term_string\"}}],\"inLanguage\":\"tr\"},{\"@type\":\"Person\",\"@id\":\"https:\\\/\\\/kuzeyinsesi.org\\\/#\\\/schema\\\/person\\\/9f859689cdf01485597712386e37f5aa\",\"name\":\"Kuzeyin Sesi\",\"image\":{\"@type\":\"ImageObject\",\"inLanguage\":\"tr\",\"@id\":\"https:\\\/\\\/secure.gravatar.com\\\/avatar\\\/bab33852abfd8b282518d6ed81826833d77c3c882d9ab608add591ccace47a44?s=96&d=mm&r=g\",\"url\":\"https:\\\/\\\/secure.gravatar.com\\\/avatar\\\/bab33852abfd8b282518d6ed81826833d77c3c882d9ab608add591ccace47a44?s=96&d=mm&r=g\",\"contentUrl\":\"https:\\\/\\\/secure.gravatar.com\\\/avatar\\\/bab33852abfd8b282518d6ed81826833d77c3c882d9ab608add591ccace47a44?s=96&d=mm&r=g\",\"caption\":\"Kuzeyin Sesi\"},\"sameAs\":[\"https:\\\/\\\/kuzeyinsesi.org\"],\"url\":\"https:\\\/\\\/kuzeyinsesi.org\\\/index.php\\\/author\\\/guven\\\/\"}]}<\/script>\n<!-- \/ Yoast SEO plugin. -->","yoast_head_json":{"title":"KPKD Otello \u00c7oksesli Korosu Karada\u011f\u2019da yar\u0131\u015fmaya kat\u0131l\u0131yor - Kuzeyin Sesi","robots":{"index":"index","follow":"follow","max-snippet":"max-snippet:-1","max-image-preview":"max-image-preview:large","max-video-preview":"max-video-preview:-1"},"canonical":"https:\/\/kuzeyinsesi.org\/index.php\/2024\/08\/18\/kpkd-otello-coksesli-korosu-karadagda-yarismaya-katiliyor\/","og_locale":"tr_TR","og_type":"article","og_title":"KPKD Otello \u00c7oksesli Korosu Karada\u011f\u2019da yar\u0131\u015fmaya kat\u0131l\u0131yor - Kuzeyin Sesi","og_description":"K\u0131br\u0131s Polifonik Korolar Derne\u011fi Otello \u00c7oksesli Korosu Karada\u011f\u2019da yap\u0131lacak XI. International Choir Fest &amp; Competition Saint Stefan koro yar\u0131\u015fmas\u0131na kat\u0131lacak. Dernekten yap\u0131lan a\u00e7\u0131klamaya g\u00f6re, Budva \u015fehrinde 22-27 A\u011fustos\u2019ta yap\u0131lacak yar\u0131\u015fmada, Koro \u015eefleri Rana Ulu\u00e7ay ve Erkan Da\u011fl\u0131 y\u00f6netiminde \u00e7al\u0131\u015fmalar\u0131n\u0131 s\u00fcrd\u00fcren Otello \u00c7oksesli Korosu, gelen davet \u00fczerine, \u201cFolk\u201d dal\u0131nda \u00fclkeyi temsil edecek. Etkinlikte, Oskay Hoca\u2019n\u0131n d\u00fczenlemelerini [&hellip;]","og_url":"https:\/\/kuzeyinsesi.org\/index.php\/2024\/08\/18\/kpkd-otello-coksesli-korosu-karadagda-yarismaya-katiliyor\/","og_site_name":"Kuzeyin Sesi","article_publisher":"https:\/\/www.facebook.com\/kuzeyinsesii","article_published_time":"2024-08-18T09:33:27+00:00","og_image":[{"url":"https:\/\/brtk.net\/wp-content\/uploads\/2024\/08\/18\/koro.jpg?ver=c58bc511ee49f29c53b6d522cdc63282","type":"","width":"","height":""}],"author":"Kuzeyin Sesi","twitter_card":"summary_large_image","twitter_creator":"@kuzeyinsesii","twitter_site":"@kuzeyinsesii","twitter_misc":{"Yazan:":"Kuzeyin Sesi","Tahmini okuma s\u00fcresi":"1 dakika"},"schema":{"@context":"https:\/\/schema.org","@graph":[{"@type":"Article","@id":"https:\/\/kuzeyinsesi.org\/index.php\/2024\/08\/18\/kpkd-otello-coksesli-korosu-karadagda-yarismaya-katiliyor\/#article","isPartOf":{"@id":"https:\/\/kuzeyinsesi.org\/index.php\/2024\/08\/18\/kpkd-otello-coksesli-korosu-karadagda-yarismaya-katiliyor\/"},"author":{"name":"Kuzeyin Sesi","@id":"https:\/\/kuzeyinsesi.org\/#\/schema\/person\/9f859689cdf01485597712386e37f5aa"},"headline":"KPKD Otello \u00c7oksesli Korosu Karada\u011f\u2019da yar\u0131\u015fmaya kat\u0131l\u0131yor","datePublished":"2024-08-18T09:33:27+00:00","mainEntityOfPage":{"@id":"https:\/\/kuzeyinsesi.org\/index.php\/2024\/08\/18\/kpkd-otello-coksesli-korosu-karadagda-yarismaya-katiliyor\/"},"wordCount":146,"commentCount":0,"image":{"@id":"https:\/\/kuzeyinsesi.org\/index.php\/2024\/08\/18\/kpkd-otello-coksesli-korosu-karadagda-yarismaya-katiliyor\/#primaryimage"},"thumbnailUrl":"https:\/\/kuzeyinsesi.org\/wp-content\/uploads\/2024\/08\/koro.jpg","articleSection":["Ya\u015fam"],"inLanguage":"tr","potentialAction":[{"@type":"CommentAction","name":"Comment","target":["https:\/\/kuzeyinsesi.org\/index.php\/2024\/08\/18\/kpkd-otello-coksesli-korosu-karadagda-yarismaya-katiliyor\/#respond"]}]},{"@type":"WebPage","@id":"https:\/\/kuzeyinsesi.org\/index.php\/2024\/08\/18\/kpkd-otello-coksesli-korosu-karadagda-yarismaya-katiliyor\/","url":"https:\/\/kuzeyinsesi.org\/index.php\/2024\/08\/18\/kpkd-otello-coksesli-korosu-karadagda-yarismaya-katiliyor\/","name":"KPKD Otello \u00c7oksesli Korosu Karada\u011f\u2019da yar\u0131\u015fmaya kat\u0131l\u0131yor - Kuzeyin Sesi","isPartOf":{"@id":"https:\/\/kuzeyinsesi.org\/#website"},"primaryImageOfPage":{"@id":"https:\/\/kuzeyinsesi.org\/index.php\/2024\/08\/18\/kpkd-otello-coksesli-korosu-karadagda-yarismaya-katiliyor\/#primaryimage"},"image":{"@id":"https:\/\/kuzeyinsesi.org\/index.php\/2024\/08\/18\/kpkd-otello-coksesli-korosu-karadagda-yarismaya-katiliyor\/#primaryimage"},"thumbnailUrl":"https:\/\/kuzeyinsesi.org\/wp-content\/uploads\/2024\/08\/koro.jpg","datePublished":"2024-08-18T09:33:27+00:00","author":{"@id":"https:\/\/kuzeyinsesi.org\/#\/schema\/person\/9f859689cdf01485597712386e37f5aa"},"breadcrumb":{"@id":"https:\/\/kuzeyinsesi.org\/index.php\/2024\/08\/18\/kpkd-otello-coksesli-korosu-karadagda-yarismaya-katiliyor\/#breadcrumb"},"inLanguage":"tr","potentialAction":[{"@type":"ReadAction","target":["https:\/\/kuzeyinsesi.org\/index.php\/2024\/08\/18\/kpkd-otello-coksesli-korosu-karadagda-yarismaya-katiliyor\/"]}]},{"@type":"ImageObject","inLanguage":"tr","@id":"https:\/\/kuzeyinsesi.org\/index.php\/2024\/08\/18\/kpkd-otello-coksesli-korosu-karadagda-yarismaya-katiliyor\/#primaryimage","url":"https:\/\/kuzeyinsesi.org\/wp-content\/uploads\/2024\/08\/koro.jpg","contentUrl":"https:\/\/kuzeyinsesi.org\/wp-content\/uploads\/2024\/08\/koro.jpg","width":930,"height":525},{"@type":"BreadcrumbList","@id":"https:\/\/kuzeyinsesi.org\/index.php\/2024\/08\/18\/kpkd-otello-coksesli-korosu-karadagda-yarismaya-katiliyor\/#breadcrumb","itemListElement":[{"@type":"ListItem","position":1,"name":"Anasayfa","item":"https:\/\/kuzeyinsesi.org\/"},{"@type":"ListItem","position":2,"name":"KPKD Otello \u00c7oksesli Korosu Karada\u011f\u2019da yar\u0131\u015fmaya kat\u0131l\u0131yor"}]},{"@type":"WebSite","@id":"https:\/\/kuzeyinsesi.org\/#website","url":"https:\/\/kuzeyinsesi.org\/","name":"Kuzeyin Sesi","description":"Do\u011fru Haberin Adresi","potentialAction":[{"@type":"SearchAction","target":{"@type":"EntryPoint","urlTemplate":"https:\/\/kuzeyinsesi.org\/?s={search_term_string}"},"query-input":{"@type":"PropertyValueSpecification","valueRequired":true,"valueName":"search_term_string"}}],"inLanguage":"tr"},{"@type":"Person","@id":"https:\/\/kuzeyinsesi.org\/#\/schema\/person\/9f859689cdf01485597712386e37f5aa","name":"Kuzeyin Sesi","image":{"@type":"ImageObject","inLanguage":"tr","@id":"https:\/\/secure.gravatar.com\/avatar\/bab33852abfd8b282518d6ed81826833d77c3c882d9ab608add591ccace47a44?s=96&d=mm&r=g","url":"https:\/\/secure.gravatar.com\/avatar\/bab33852abfd8b282518d6ed81826833d77c3c882d9ab608add591ccace47a44?s=96&d=mm&r=g","contentUrl":"https:\/\/secure.gravatar.com\/avatar\/bab33852abfd8b282518d6ed81826833d77c3c882d9ab608add591ccace47a44?s=96&d=mm&r=g","caption":"Kuzeyin Sesi"},"sameAs":["https:\/\/kuzeyinsesi.org"],"url":"https:\/\/kuzeyinsesi.org\/index.php\/author\/guven\/"}]}},"_links":{"self":[{"href":"https:\/\/kuzeyinsesi.org\/index.php\/wp-json\/wp\/v2\/posts\/8162","targetHints":{"allow":["GET"]}}],"collection":[{"href":"https:\/\/kuzeyinsesi.org\/index.php\/wp-json\/wp\/v2\/posts"}],"about":[{"href":"https:\/\/kuzeyinsesi.org\/index.php\/wp-json\/wp\/v2\/types\/post"}],"author":[{"embeddable":true,"href":"https:\/\/kuzeyinsesi.org\/index.php\/wp-json\/wp\/v2\/users\/1"}],"replies":[{"embeddable":true,"href":"https:\/\/kuzeyinsesi.org\/index.php\/wp-json\/wp\/v2\/comments?post=8162"}],"version-history":[{"count":0,"href":"https:\/\/kuzeyinsesi.org\/index.php\/wp-json\/wp\/v2\/posts\/8162\/revisions"}],"wp:featuredmedia":[{"embeddable":true,"href":"https:\/\/kuzeyinsesi.org\/index.php\/wp-json\/wp\/v2\/media\/8163"}],"wp:attachment":[{"href":"https:\/\/kuzeyinsesi.org\/index.php\/wp-json\/wp\/v2\/media?parent=8162"}],"wp:term":[{"taxonomy":"category","embeddable":true,"href":"https:\/\/kuzeyinsesi.org\/index.php\/wp-json\/wp\/v2\/categories?post=8162"},{"taxonomy":"post_tag","embeddable":true,"href":"https:\/\/kuzeyinsesi.org\/index.php\/wp-json\/wp\/v2\/tags?post=8162"}],"curies":[{"name":"wp","href":"https:\/\/api.w.org\/{rel}","templated":true}]}}