{"id":8132,"date":"2024-08-17T13:24:28","date_gmt":"2024-08-17T10:24:28","guid":{"rendered":"https:\/\/kuzeyinsesi.org\/index.php\/2024\/08\/17\/1-kaleburnu-kultur-ve-sanat-etkinligi-yarin-yapiliyor\/"},"modified":"2024-08-17T13:24:28","modified_gmt":"2024-08-17T10:24:28","slug":"1-kaleburnu-kultur-ve-sanat-etkinligi-yarin-yapiliyor","status":"publish","type":"post","link":"https:\/\/kuzeyinsesi.org\/index.php\/2024\/08\/17\/1-kaleburnu-kultur-ve-sanat-etkinligi-yarin-yapiliyor\/","title":{"rendered":"1. Kaleburnu K\u00fclt\u00fcr ve Sanat Etkinli\u011fi yar\u0131n yap\u0131l\u0131yor"},"content":{"rendered":"<div>\n<div class=\"mariselle-image-container center\">\n                                            <\/div>\n<p>\nErenk\u00f6y-Karpaz Belediyesi\u2019nin organize etti\u011fi 1. Kaleburnu K\u00fclt\u00fcr ve Sanat Etkinli\u011fi, yar\u0131n saat 19.30\u2019da Kaleburnu D\u00fc\u011f\u00fcn Salonu\u2019nda ger\u00e7ekle\u015ftirilecek.<\/p>\n<p>Belediye\u2019den verilen bilgiye g\u00f6re, tarihi ve k\u00fclt\u00fcrel dokusuyla \u00fclkenin \u00f6nemli yerle\u015fim yerlerinden Kaleburnu k\u00f6y\u00fcndeki etkinlikte, K\u0131br\u0131s Halk Danslar\u0131 ve Sanat Merkezi Derne\u011fi\u2019nin organize etti\u011fi XI. Uluslararas\u0131 Halk Danslar\u0131 Bar\u0131\u015f Festivali \u00e7er\u00e7evesinde adada bulunan halk danslar\u0131 ekiplerinin g\u00f6sterileri de yer alacak.<\/p>\n<p>T\u00fcrkiye\u2019den Bolu, Bursa\u2019dan Litvanya ve Makedonya\u2019dan halk danslar\u0131 ekiplerinin g\u00f6sterilerinin yer alaca\u011f\u0131 gecede, Yenierenk\u00f6y K\u00fclt\u00fcr ve Sanat Derne\u011fi (YENDER) \u00c7ocuk Halk Danslar\u0131 ile K\u0131br\u0131s Halk Danslar\u0131 Merkezi Derne\u011fi de g\u00f6steriler sunacak.<\/p>\n<p>Erenk\u00f6y-Karpaz Belediyesi\u2019nin organize etti\u011fi 1.Kaleburnu K\u00fclt\u00fcr ve Sanat etkinli\u011finde Grup Otantik konseri de yer alacak. Gecede, K\u0131br\u0131s\u2019a \u00f6zg\u00fc eli\u015fi ve yemek stantlar\u0131 da kurulacak.<\/p>\n<\/p><\/div>\n<p><script async\n                    defer\n                    crossorigin=\"anonymous\"\n                    src=\"https:\/\/connect.facebook.net\/tr_TR\/sdk.js#xfbml=1&#038;version=v3.3\"\n            ><\/script><\/p>\n","protected":false},"excerpt":{"rendered":"<p>Erenk\u00f6y-Karpaz Belediyesi\u2019nin organize etti\u011fi 1. Kaleburnu K\u00fclt\u00fcr ve Sanat Etkinli\u011fi, yar\u0131n saat 19.30\u2019da Kaleburnu D\u00fc\u011f\u00fcn Salonu\u2019nda ger\u00e7ekle\u015ftirilecek. Belediye\u2019den verilen bilgiye g\u00f6re, tarihi ve k\u00fclt\u00fcrel dokusuyla \u00fclkenin \u00f6nemli yerle\u015fim yerlerinden Kaleburnu k\u00f6y\u00fcndeki etkinlikte, K\u0131br\u0131s Halk Danslar\u0131 ve Sanat Merkezi Derne\u011fi\u2019nin organize etti\u011fi XI. Uluslararas\u0131 Halk Danslar\u0131 Bar\u0131\u015f Festivali \u00e7er\u00e7evesinde adada bulunan halk danslar\u0131 ekiplerinin g\u00f6sterileri de [&hellip;]<\/p>\n","protected":false},"author":1,"featured_media":8133,"comment_status":"open","ping_status":"open","sticky":false,"template":"","format":"standard","meta":{"jnews-multi-image_gallery":[],"jnews_single_post":[],"jnews_primary_category":[],"jnews_social_meta":[],"jnews_override_counter":[],"footnotes":""},"categories":[6],"tags":[],"class_list":["post-8132","post","type-post","status-publish","format-standard","has-post-thumbnail","hentry","category-yasam"],"yoast_head":"<!-- This site is optimized with the Yoast SEO plugin v27.5 - https:\/\/yoast.com\/product\/yoast-seo-wordpress\/ -->\n<title>1. Kaleburnu K\u00fclt\u00fcr ve Sanat Etkinli\u011fi yar\u0131n yap\u0131l\u0131yor - Kuzeyin Sesi<\/title>\n<meta name=\"robots\" content=\"index, follow, max-snippet:-1, max-image-preview:large, max-video-preview:-1\" \/>\n<link rel=\"canonical\" href=\"https:\/\/kuzeyinsesi.org\/index.php\/2024\/08\/17\/1-kaleburnu-kultur-ve-sanat-etkinligi-yarin-yapiliyor\/\" \/>\n<meta property=\"og:locale\" content=\"tr_TR\" \/>\n<meta property=\"og:type\" content=\"article\" \/>\n<meta property=\"og:title\" content=\"1. Kaleburnu K\u00fclt\u00fcr ve Sanat Etkinli\u011fi yar\u0131n yap\u0131l\u0131yor - Kuzeyin Sesi\" \/>\n<meta property=\"og:description\" content=\"Erenk\u00f6y-Karpaz Belediyesi\u2019nin organize etti\u011fi 1. Kaleburnu K\u00fclt\u00fcr ve Sanat Etkinli\u011fi, yar\u0131n saat 19.30\u2019da Kaleburnu D\u00fc\u011f\u00fcn Salonu\u2019nda ger\u00e7ekle\u015ftirilecek. Belediye\u2019den verilen bilgiye g\u00f6re, tarihi ve k\u00fclt\u00fcrel dokusuyla \u00fclkenin \u00f6nemli yerle\u015fim yerlerinden Kaleburnu k\u00f6y\u00fcndeki etkinlikte, K\u0131br\u0131s Halk Danslar\u0131 ve Sanat Merkezi Derne\u011fi\u2019nin organize etti\u011fi XI. Uluslararas\u0131 Halk Danslar\u0131 Bar\u0131\u015f Festivali \u00e7er\u00e7evesinde adada bulunan halk danslar\u0131 ekiplerinin g\u00f6sterileri de [&hellip;]\" \/>\n<meta property=\"og:url\" content=\"https:\/\/kuzeyinsesi.org\/index.php\/2024\/08\/17\/1-kaleburnu-kultur-ve-sanat-etkinligi-yarin-yapiliyor\/\" \/>\n<meta property=\"og:site_name\" content=\"Kuzeyin Sesi\" \/>\n<meta property=\"article:publisher\" content=\"https:\/\/www.facebook.com\/kuzeyinsesii\" \/>\n<meta property=\"article:published_time\" content=\"2024-08-17T10:24:28+00:00\" \/>\n<meta property=\"og:image\" content=\"https:\/\/brtk.net\/wp-content\/uploads\/2024\/08\/17\/kaleburnu-festival-.jpeg?ver=0f0a62186172b62256863128f2c3b88a\" \/>\n<meta name=\"author\" content=\"Kuzeyin Sesi\" \/>\n<meta name=\"twitter:card\" content=\"summary_large_image\" \/>\n<meta name=\"twitter:creator\" content=\"@kuzeyinsesii\" \/>\n<meta name=\"twitter:site\" content=\"@kuzeyinsesii\" \/>\n<meta name=\"twitter:label1\" content=\"Yazan:\" \/>\n\t<meta name=\"twitter:data1\" content=\"Kuzeyin Sesi\" \/>\n\t<meta name=\"twitter:label2\" content=\"Tahmini okuma s\u00fcresi\" \/>\n\t<meta name=\"twitter:data2\" content=\"1 dakika\" \/>\n<script type=\"application\/ld+json\" class=\"yoast-schema-graph\">{\"@context\":\"https:\\\/\\\/schema.org\",\"@graph\":[{\"@type\":\"Article\",\"@id\":\"https:\\\/\\\/kuzeyinsesi.org\\\/index.php\\\/2024\\\/08\\\/17\\\/1-kaleburnu-kultur-ve-sanat-etkinligi-yarin-yapiliyor\\\/#article\",\"isPartOf\":{\"@id\":\"https:\\\/\\\/kuzeyinsesi.org\\\/index.php\\\/2024\\\/08\\\/17\\\/1-kaleburnu-kultur-ve-sanat-etkinligi-yarin-yapiliyor\\\/\"},\"author\":{\"name\":\"Kuzeyin Sesi\",\"@id\":\"https:\\\/\\\/kuzeyinsesi.org\\\/#\\\/schema\\\/person\\\/9f859689cdf01485597712386e37f5aa\"},\"headline\":\"1. Kaleburnu K\u00fclt\u00fcr ve Sanat Etkinli\u011fi yar\u0131n yap\u0131l\u0131yor\",\"datePublished\":\"2024-08-17T10:24:28+00:00\",\"mainEntityOfPage\":{\"@id\":\"https:\\\/\\\/kuzeyinsesi.org\\\/index.php\\\/2024\\\/08\\\/17\\\/1-kaleburnu-kultur-ve-sanat-etkinligi-yarin-yapiliyor\\\/\"},\"wordCount\":172,\"commentCount\":0,\"image\":{\"@id\":\"https:\\\/\\\/kuzeyinsesi.org\\\/index.php\\\/2024\\\/08\\\/17\\\/1-kaleburnu-kultur-ve-sanat-etkinligi-yarin-yapiliyor\\\/#primaryimage\"},\"thumbnailUrl\":\"https:\\\/\\\/kuzeyinsesi.org\\\/wp-content\\\/uploads\\\/2024\\\/08\\\/kaleburnu-festival-.jpeg\",\"articleSection\":[\"Ya\u015fam\"],\"inLanguage\":\"tr\",\"potentialAction\":[{\"@type\":\"CommentAction\",\"name\":\"Comment\",\"target\":[\"https:\\\/\\\/kuzeyinsesi.org\\\/index.php\\\/2024\\\/08\\\/17\\\/1-kaleburnu-kultur-ve-sanat-etkinligi-yarin-yapiliyor\\\/#respond\"]}]},{\"@type\":\"WebPage\",\"@id\":\"https:\\\/\\\/kuzeyinsesi.org\\\/index.php\\\/2024\\\/08\\\/17\\\/1-kaleburnu-kultur-ve-sanat-etkinligi-yarin-yapiliyor\\\/\",\"url\":\"https:\\\/\\\/kuzeyinsesi.org\\\/index.php\\\/2024\\\/08\\\/17\\\/1-kaleburnu-kultur-ve-sanat-etkinligi-yarin-yapiliyor\\\/\",\"name\":\"1. Kaleburnu K\u00fclt\u00fcr ve Sanat Etkinli\u011fi yar\u0131n yap\u0131l\u0131yor - Kuzeyin Sesi\",\"isPartOf\":{\"@id\":\"https:\\\/\\\/kuzeyinsesi.org\\\/#website\"},\"primaryImageOfPage\":{\"@id\":\"https:\\\/\\\/kuzeyinsesi.org\\\/index.php\\\/2024\\\/08\\\/17\\\/1-kaleburnu-kultur-ve-sanat-etkinligi-yarin-yapiliyor\\\/#primaryimage\"},\"image\":{\"@id\":\"https:\\\/\\\/kuzeyinsesi.org\\\/index.php\\\/2024\\\/08\\\/17\\\/1-kaleburnu-kultur-ve-sanat-etkinligi-yarin-yapiliyor\\\/#primaryimage\"},\"thumbnailUrl\":\"https:\\\/\\\/kuzeyinsesi.org\\\/wp-content\\\/uploads\\\/2024\\\/08\\\/kaleburnu-festival-.jpeg\",\"datePublished\":\"2024-08-17T10:24:28+00:00\",\"author\":{\"@id\":\"https:\\\/\\\/kuzeyinsesi.org\\\/#\\\/schema\\\/person\\\/9f859689cdf01485597712386e37f5aa\"},\"breadcrumb\":{\"@id\":\"https:\\\/\\\/kuzeyinsesi.org\\\/index.php\\\/2024\\\/08\\\/17\\\/1-kaleburnu-kultur-ve-sanat-etkinligi-yarin-yapiliyor\\\/#breadcrumb\"},\"inLanguage\":\"tr\",\"potentialAction\":[{\"@type\":\"ReadAction\",\"target\":[\"https:\\\/\\\/kuzeyinsesi.org\\\/index.php\\\/2024\\\/08\\\/17\\\/1-kaleburnu-kultur-ve-sanat-etkinligi-yarin-yapiliyor\\\/\"]}]},{\"@type\":\"ImageObject\",\"inLanguage\":\"tr\",\"@id\":\"https:\\\/\\\/kuzeyinsesi.org\\\/index.php\\\/2024\\\/08\\\/17\\\/1-kaleburnu-kultur-ve-sanat-etkinligi-yarin-yapiliyor\\\/#primaryimage\",\"url\":\"https:\\\/\\\/kuzeyinsesi.org\\\/wp-content\\\/uploads\\\/2024\\\/08\\\/kaleburnu-festival-.jpeg\",\"contentUrl\":\"https:\\\/\\\/kuzeyinsesi.org\\\/wp-content\\\/uploads\\\/2024\\\/08\\\/kaleburnu-festival-.jpeg\",\"width\":887,\"height\":525},{\"@type\":\"BreadcrumbList\",\"@id\":\"https:\\\/\\\/kuzeyinsesi.org\\\/index.php\\\/2024\\\/08\\\/17\\\/1-kaleburnu-kultur-ve-sanat-etkinligi-yarin-yapiliyor\\\/#breadcrumb\",\"itemListElement\":[{\"@type\":\"ListItem\",\"position\":1,\"name\":\"Anasayfa\",\"item\":\"https:\\\/\\\/kuzeyinsesi.org\\\/\"},{\"@type\":\"ListItem\",\"position\":2,\"name\":\"1. Kaleburnu K\u00fclt\u00fcr ve Sanat Etkinli\u011fi yar\u0131n yap\u0131l\u0131yor\"}]},{\"@type\":\"WebSite\",\"@id\":\"https:\\\/\\\/kuzeyinsesi.org\\\/#website\",\"url\":\"https:\\\/\\\/kuzeyinsesi.org\\\/\",\"name\":\"Kuzeyin Sesi\",\"description\":\"Do\u011fru Haberin Adresi\",\"potentialAction\":[{\"@type\":\"SearchAction\",\"target\":{\"@type\":\"EntryPoint\",\"urlTemplate\":\"https:\\\/\\\/kuzeyinsesi.org\\\/?s={search_term_string}\"},\"query-input\":{\"@type\":\"PropertyValueSpecification\",\"valueRequired\":true,\"valueName\":\"search_term_string\"}}],\"inLanguage\":\"tr\"},{\"@type\":\"Person\",\"@id\":\"https:\\\/\\\/kuzeyinsesi.org\\\/#\\\/schema\\\/person\\\/9f859689cdf01485597712386e37f5aa\",\"name\":\"Kuzeyin Sesi\",\"image\":{\"@type\":\"ImageObject\",\"inLanguage\":\"tr\",\"@id\":\"https:\\\/\\\/secure.gravatar.com\\\/avatar\\\/bab33852abfd8b282518d6ed81826833d77c3c882d9ab608add591ccace47a44?s=96&d=mm&r=g\",\"url\":\"https:\\\/\\\/secure.gravatar.com\\\/avatar\\\/bab33852abfd8b282518d6ed81826833d77c3c882d9ab608add591ccace47a44?s=96&d=mm&r=g\",\"contentUrl\":\"https:\\\/\\\/secure.gravatar.com\\\/avatar\\\/bab33852abfd8b282518d6ed81826833d77c3c882d9ab608add591ccace47a44?s=96&d=mm&r=g\",\"caption\":\"Kuzeyin Sesi\"},\"sameAs\":[\"https:\\\/\\\/kuzeyinsesi.org\"],\"url\":\"https:\\\/\\\/kuzeyinsesi.org\\\/index.php\\\/author\\\/guven\\\/\"}]}<\/script>\n<!-- \/ Yoast SEO plugin. -->","yoast_head_json":{"title":"1. Kaleburnu K\u00fclt\u00fcr ve Sanat Etkinli\u011fi yar\u0131n yap\u0131l\u0131yor - Kuzeyin Sesi","robots":{"index":"index","follow":"follow","max-snippet":"max-snippet:-1","max-image-preview":"max-image-preview:large","max-video-preview":"max-video-preview:-1"},"canonical":"https:\/\/kuzeyinsesi.org\/index.php\/2024\/08\/17\/1-kaleburnu-kultur-ve-sanat-etkinligi-yarin-yapiliyor\/","og_locale":"tr_TR","og_type":"article","og_title":"1. Kaleburnu K\u00fclt\u00fcr ve Sanat Etkinli\u011fi yar\u0131n yap\u0131l\u0131yor - Kuzeyin Sesi","og_description":"Erenk\u00f6y-Karpaz Belediyesi\u2019nin organize etti\u011fi 1. Kaleburnu K\u00fclt\u00fcr ve Sanat Etkinli\u011fi, yar\u0131n saat 19.30\u2019da Kaleburnu D\u00fc\u011f\u00fcn Salonu\u2019nda ger\u00e7ekle\u015ftirilecek. Belediye\u2019den verilen bilgiye g\u00f6re, tarihi ve k\u00fclt\u00fcrel dokusuyla \u00fclkenin \u00f6nemli yerle\u015fim yerlerinden Kaleburnu k\u00f6y\u00fcndeki etkinlikte, K\u0131br\u0131s Halk Danslar\u0131 ve Sanat Merkezi Derne\u011fi\u2019nin organize etti\u011fi XI. Uluslararas\u0131 Halk Danslar\u0131 Bar\u0131\u015f Festivali \u00e7er\u00e7evesinde adada bulunan halk danslar\u0131 ekiplerinin g\u00f6sterileri de [&hellip;]","og_url":"https:\/\/kuzeyinsesi.org\/index.php\/2024\/08\/17\/1-kaleburnu-kultur-ve-sanat-etkinligi-yarin-yapiliyor\/","og_site_name":"Kuzeyin Sesi","article_publisher":"https:\/\/www.facebook.com\/kuzeyinsesii","article_published_time":"2024-08-17T10:24:28+00:00","og_image":[{"url":"https:\/\/brtk.net\/wp-content\/uploads\/2024\/08\/17\/kaleburnu-festival-.jpeg?ver=0f0a62186172b62256863128f2c3b88a","type":"","width":"","height":""}],"author":"Kuzeyin Sesi","twitter_card":"summary_large_image","twitter_creator":"@kuzeyinsesii","twitter_site":"@kuzeyinsesii","twitter_misc":{"Yazan:":"Kuzeyin Sesi","Tahmini okuma s\u00fcresi":"1 dakika"},"schema":{"@context":"https:\/\/schema.org","@graph":[{"@type":"Article","@id":"https:\/\/kuzeyinsesi.org\/index.php\/2024\/08\/17\/1-kaleburnu-kultur-ve-sanat-etkinligi-yarin-yapiliyor\/#article","isPartOf":{"@id":"https:\/\/kuzeyinsesi.org\/index.php\/2024\/08\/17\/1-kaleburnu-kultur-ve-sanat-etkinligi-yarin-yapiliyor\/"},"author":{"name":"Kuzeyin Sesi","@id":"https:\/\/kuzeyinsesi.org\/#\/schema\/person\/9f859689cdf01485597712386e37f5aa"},"headline":"1. Kaleburnu K\u00fclt\u00fcr ve Sanat Etkinli\u011fi yar\u0131n yap\u0131l\u0131yor","datePublished":"2024-08-17T10:24:28+00:00","mainEntityOfPage":{"@id":"https:\/\/kuzeyinsesi.org\/index.php\/2024\/08\/17\/1-kaleburnu-kultur-ve-sanat-etkinligi-yarin-yapiliyor\/"},"wordCount":172,"commentCount":0,"image":{"@id":"https:\/\/kuzeyinsesi.org\/index.php\/2024\/08\/17\/1-kaleburnu-kultur-ve-sanat-etkinligi-yarin-yapiliyor\/#primaryimage"},"thumbnailUrl":"https:\/\/kuzeyinsesi.org\/wp-content\/uploads\/2024\/08\/kaleburnu-festival-.jpeg","articleSection":["Ya\u015fam"],"inLanguage":"tr","potentialAction":[{"@type":"CommentAction","name":"Comment","target":["https:\/\/kuzeyinsesi.org\/index.php\/2024\/08\/17\/1-kaleburnu-kultur-ve-sanat-etkinligi-yarin-yapiliyor\/#respond"]}]},{"@type":"WebPage","@id":"https:\/\/kuzeyinsesi.org\/index.php\/2024\/08\/17\/1-kaleburnu-kultur-ve-sanat-etkinligi-yarin-yapiliyor\/","url":"https:\/\/kuzeyinsesi.org\/index.php\/2024\/08\/17\/1-kaleburnu-kultur-ve-sanat-etkinligi-yarin-yapiliyor\/","name":"1. Kaleburnu K\u00fclt\u00fcr ve Sanat Etkinli\u011fi yar\u0131n yap\u0131l\u0131yor - Kuzeyin Sesi","isPartOf":{"@id":"https:\/\/kuzeyinsesi.org\/#website"},"primaryImageOfPage":{"@id":"https:\/\/kuzeyinsesi.org\/index.php\/2024\/08\/17\/1-kaleburnu-kultur-ve-sanat-etkinligi-yarin-yapiliyor\/#primaryimage"},"image":{"@id":"https:\/\/kuzeyinsesi.org\/index.php\/2024\/08\/17\/1-kaleburnu-kultur-ve-sanat-etkinligi-yarin-yapiliyor\/#primaryimage"},"thumbnailUrl":"https:\/\/kuzeyinsesi.org\/wp-content\/uploads\/2024\/08\/kaleburnu-festival-.jpeg","datePublished":"2024-08-17T10:24:28+00:00","author":{"@id":"https:\/\/kuzeyinsesi.org\/#\/schema\/person\/9f859689cdf01485597712386e37f5aa"},"breadcrumb":{"@id":"https:\/\/kuzeyinsesi.org\/index.php\/2024\/08\/17\/1-kaleburnu-kultur-ve-sanat-etkinligi-yarin-yapiliyor\/#breadcrumb"},"inLanguage":"tr","potentialAction":[{"@type":"ReadAction","target":["https:\/\/kuzeyinsesi.org\/index.php\/2024\/08\/17\/1-kaleburnu-kultur-ve-sanat-etkinligi-yarin-yapiliyor\/"]}]},{"@type":"ImageObject","inLanguage":"tr","@id":"https:\/\/kuzeyinsesi.org\/index.php\/2024\/08\/17\/1-kaleburnu-kultur-ve-sanat-etkinligi-yarin-yapiliyor\/#primaryimage","url":"https:\/\/kuzeyinsesi.org\/wp-content\/uploads\/2024\/08\/kaleburnu-festival-.jpeg","contentUrl":"https:\/\/kuzeyinsesi.org\/wp-content\/uploads\/2024\/08\/kaleburnu-festival-.jpeg","width":887,"height":525},{"@type":"BreadcrumbList","@id":"https:\/\/kuzeyinsesi.org\/index.php\/2024\/08\/17\/1-kaleburnu-kultur-ve-sanat-etkinligi-yarin-yapiliyor\/#breadcrumb","itemListElement":[{"@type":"ListItem","position":1,"name":"Anasayfa","item":"https:\/\/kuzeyinsesi.org\/"},{"@type":"ListItem","position":2,"name":"1. Kaleburnu K\u00fclt\u00fcr ve Sanat Etkinli\u011fi yar\u0131n yap\u0131l\u0131yor"}]},{"@type":"WebSite","@id":"https:\/\/kuzeyinsesi.org\/#website","url":"https:\/\/kuzeyinsesi.org\/","name":"Kuzeyin Sesi","description":"Do\u011fru Haberin Adresi","potentialAction":[{"@type":"SearchAction","target":{"@type":"EntryPoint","urlTemplate":"https:\/\/kuzeyinsesi.org\/?s={search_term_string}"},"query-input":{"@type":"PropertyValueSpecification","valueRequired":true,"valueName":"search_term_string"}}],"inLanguage":"tr"},{"@type":"Person","@id":"https:\/\/kuzeyinsesi.org\/#\/schema\/person\/9f859689cdf01485597712386e37f5aa","name":"Kuzeyin Sesi","image":{"@type":"ImageObject","inLanguage":"tr","@id":"https:\/\/secure.gravatar.com\/avatar\/bab33852abfd8b282518d6ed81826833d77c3c882d9ab608add591ccace47a44?s=96&d=mm&r=g","url":"https:\/\/secure.gravatar.com\/avatar\/bab33852abfd8b282518d6ed81826833d77c3c882d9ab608add591ccace47a44?s=96&d=mm&r=g","contentUrl":"https:\/\/secure.gravatar.com\/avatar\/bab33852abfd8b282518d6ed81826833d77c3c882d9ab608add591ccace47a44?s=96&d=mm&r=g","caption":"Kuzeyin Sesi"},"sameAs":["https:\/\/kuzeyinsesi.org"],"url":"https:\/\/kuzeyinsesi.org\/index.php\/author\/guven\/"}]}},"_links":{"self":[{"href":"https:\/\/kuzeyinsesi.org\/index.php\/wp-json\/wp\/v2\/posts\/8132","targetHints":{"allow":["GET"]}}],"collection":[{"href":"https:\/\/kuzeyinsesi.org\/index.php\/wp-json\/wp\/v2\/posts"}],"about":[{"href":"https:\/\/kuzeyinsesi.org\/index.php\/wp-json\/wp\/v2\/types\/post"}],"author":[{"embeddable":true,"href":"https:\/\/kuzeyinsesi.org\/index.php\/wp-json\/wp\/v2\/users\/1"}],"replies":[{"embeddable":true,"href":"https:\/\/kuzeyinsesi.org\/index.php\/wp-json\/wp\/v2\/comments?post=8132"}],"version-history":[{"count":0,"href":"https:\/\/kuzeyinsesi.org\/index.php\/wp-json\/wp\/v2\/posts\/8132\/revisions"}],"wp:featuredmedia":[{"embeddable":true,"href":"https:\/\/kuzeyinsesi.org\/index.php\/wp-json\/wp\/v2\/media\/8133"}],"wp:attachment":[{"href":"https:\/\/kuzeyinsesi.org\/index.php\/wp-json\/wp\/v2\/media?parent=8132"}],"wp:term":[{"taxonomy":"category","embeddable":true,"href":"https:\/\/kuzeyinsesi.org\/index.php\/wp-json\/wp\/v2\/categories?post=8132"},{"taxonomy":"post_tag","embeddable":true,"href":"https:\/\/kuzeyinsesi.org\/index.php\/wp-json\/wp\/v2\/tags?post=8132"}],"curies":[{"name":"wp","href":"https:\/\/api.w.org\/{rel}","templated":true}]}}