{"id":8093,"date":"2024-08-16T17:47:02","date_gmt":"2024-08-16T14:47:02","guid":{"rendered":"https:\/\/kuzeyinsesi.org\/index.php\/2024\/08\/16\/daude-kultur-varliklarina-iliskin-farkli-tematik-konular-semineri-verildi\/"},"modified":"2024-08-16T17:47:02","modified_gmt":"2024-08-16T14:47:02","slug":"daude-kultur-varliklarina-iliskin-farkli-tematik-konular-semineri-verildi","status":"publish","type":"post","link":"https:\/\/kuzeyinsesi.org\/index.php\/2024\/08\/16\/daude-kultur-varliklarina-iliskin-farkli-tematik-konular-semineri-verildi\/","title":{"rendered":"DA\u00dc\u2019de \u201cK\u00fclt\u00fcr varl\u0131klar\u0131na ili\u015fkin farkl\u0131 tematik konular\u201d semineri verildi"},"content":{"rendered":"<div>\n<div class=\"mariselle-image-container none\">\n                                            <\/div>\n<p>Do\u011fu Akdeniz \u00dcniversitesi (DA\u00dc) Hukuk Fak\u00fcltesi ev sahipli\u011finde d\u00fczenlenen \u201cK\u00fclt\u00fcr Varl\u0131klar\u0131na \u0130li\u015fkin Farkl\u0131 Tematik Konular Semineri\u201d \u00f6nceki g\u00fcn ger\u00e7ekle\u015ftirildi.<\/p>\n<p>DA\u00dc \u0130\u015fletme ve Ekonomi Fak\u00fcltesi BEA 5 numaral\u0131 salonda iki oturumla birlikte yuvarlak masa toplant\u0131s\u0131n\u0131n yap\u0131ld\u0131\u011f\u0131 seminerde g\u00fcn\u00fcn\u00a0\u00a0\u00f6nemli sorunlar\u0131ndan biri olan k\u00fclt\u00fcr varl\u0131klar\u0131n\u0131n korunmas\u0131 konusu ele al\u0131nd\u0131.<\/p>\n<p>Seminer T\u00dcB\u0130TAK ve Slovenya Ara\u015ft\u0131rma Ajans\u0131 aras\u0131ndaki ikili i\u015f birli\u011fi protokol\u00fc uyar\u0131nca y\u00fcr\u00fct\u00fclen proje kapsam\u0131nda ger\u00e7ekle\u015ftirilen be\u015finci toplant\u0131 oldu.<\/p>\n<p>Bir\u00e7ok farkl\u0131 disiplinin bir arada \u00e7al\u0131\u015fmas\u0131na imk\u00e2n k\u0131lan k\u00fclt\u00fcr varl\u0131klar\u0131na ili\u015fkin seminerin a\u00e7\u0131l\u0131\u015f konu\u015fmas\u0131n\u0131, \u0130ki Toplumlu K\u00fclt\u00fcrel Miras Teknik Komitesi T\u00fcrk E\u015f Ba\u015fkan\u0131 Ali Tuncay yapt\u0131.<\/p>\n<p>K\u0131br\u0131s Vak\u0131flar \u0130daresi M\u00fcd\u00fcr\u00fc Prof. Dr. Mustafa T\u00fcmer ba\u015fkanl\u0131\u011f\u0131nda ger\u00e7ekle\u015ftirilen birinci oturumda Proje Kurucusu ve Y\u00fcr\u00fct\u00fcc\u00fcs\u00fc Marmara \u00dcniversitesi Hukuk Fak\u00fcltesi emekli \u00f6\u011fretim \u00fcyelerinden Prof. Dr. Nuray Ek\u015fi \u201cUzay K\u00fclt\u00fcr Varl\u0131klar\u0131n\u0131n Korunmas\u0131 (Protection of Space Cultural Property)\u201d hakk\u0131nda bilgi verdi. Ayr\u0131ca DA\u00dc Hukuk Fak\u00fcltesi Dekan Vekili Do\u00e7. Dr. Arzu Alibaba ise K\u00fclt\u00fcrel Miras ve \u0130nsan Haklar\u0131 (Cultural Heritage and Human Rights) ba\u015fl\u0131kl\u0131 bir sunum yapt\u0131.<\/p>\n<p>\u00a0DA\u00dc Mimarl\u0131k Fak\u00fcltesi Dekan\u0131 Prof. Dr. Resmiye Alpar Atun ba\u015fkanl\u0131\u011f\u0131nda ger\u00e7ekle\u015ftirilen ikinci oturumda ise T\u00dcB\u0130TAK ortak Projesi Kurucu ve Y\u00fcr\u00fct\u00fcc\u00fcs\u00fc olan Primorsk \u00dcniversitesi, Turizm Ara\u015ft\u0131rmalar\u0131 Fak\u00fcltesi \u00d6\u011fretim \u00dcyesi Prof. Dr. Tadeja Jere Jakulin, \u201cBirbirine Ba\u011fl\u0131 Sistemler: Turizm, Restit\u00fcsyon ve K\u00fclt\u00fcrel Miras Aras\u0131ndaki Dinamiklerin Ortaya \u00c7\u0131kar\u0131lmas\u0131 (Interconnected Systems: Uncovering the Dynamics Between Tourism, Restitution and Cultural Heritage)\u201d hakk\u0131nda sunum ger\u00e7ekle\u015ftirdi.<\/p>\n<p>\u00a0Ayn\u0131 oturumda Proje Ara\u015ft\u0131rmac\u0131s\u0131 ve Primorska \u00dcniversitesi Turizm Ara\u015ft\u0131rmalar\u0131 Fak\u00fcltesi \u00d6\u011fretim Eleman\u0131 Miha Bratec, \u201cYasal S\u0131n\u0131rlar Aras\u0131nda K\u00f6pr\u00fc Kurmak: Turizm, \u0130ade ve K\u00fclt\u00fcrel Miras i\u00e7in Arabuluculuk S\u00fcre\u00e7lerinde Mevzuatlar\u0131n Kar\u015f\u0131la\u015ft\u0131r\u0131lmas\u0131 (Bridging Legal Boundaries: Comparing Legislations in Mediation Processes for Tourism, Restitution and Cultural Heritage)\u201d hakk\u0131ndaki sunumunu Zoom arac\u0131l\u0131\u011f\u0131yla \u00e7evrimi\u00e7i olarak ger\u00e7ekle\u015ftirdi.<\/p>\n<p>\u00a0Seminerin sonunda yuvarlak masa tart\u0131\u015fmas\u0131na ge\u00e7ilerek, konuyla ilgili akademisyen, ara\u015ft\u0131rmac\u0131 ve payda\u015flar\u0131n fikir al\u0131\u015fveri\u015finde bulunduklar\u0131 son k\u0131s\u0131m ger\u00e7ekle\u015ftirildi.<\/p>\n<p><strong>\u00a0-DA\u00dc Rekt\u00f6r\u00fc Prof. Dr. Hasan K\u0131l\u0131\u00e7\u2019a ziyaret<\/strong><\/p>\n<p>\u00a0Do\u011fu Akdeniz \u00dcniversitesi (DA\u00dc) Hukuk Fak\u00fcltesi ev sahipli\u011finde d\u00fczenlenen \u201cK\u00fclt\u00fcr Varl\u0131klar\u0131na \u0130li\u015fkin Farkl\u0131 Tematik Konular\u201d Seminer kapsam\u0131nda, DA\u00dc Hukuk Fak\u00fcltesi Dekan Vekili Do\u00e7. Dr. Arzu Alibaba, DA\u00dc Hukuk Fak\u00fcltesi Dekan Yard\u0131mc\u0131s\u0131 Do\u00e7. Dr. Demet \u00c7elik Ulusoy, Proje Kurucusu ve Y\u00fcr\u00fct\u00fcc\u00fcs\u00fc Marmara \u00dcniversitesi Hukuk Fak\u00fcltesi emekli \u00d6\u011fretim \u00dcyesi Prof. Dr. Nuray Ek\u015fi, T\u00dcB\u0130TAK ortak Projesi Kurucu, Y\u00fcr\u00fct\u00fcc\u00fcs\u00fc olan Primorsk \u00dcniversitesi, Turizm Ara\u015ft\u0131rmalar\u0131 Fak\u00fcltesi \u00d6\u011fretim \u00dcyesi Prof. Dr. Tadeja Jere Jakulin ve \u0130ki Toplumlu K\u00fclt\u00fcrel Miras Teknik Komitesi T\u00fcrk E\u015f Ba\u015fkan\u0131 Ali Tuncay taraf\u0131ndan, DA\u00dc Rekt\u00f6r\u00fc Prof. Dr. Hasan K\u0131l\u0131\u00e7\u2019a ziyaret ger\u00e7ekle\u015ftirildi.<\/p>\n<p>Ziyaret s\u0131ras\u0131nda, DA\u00dc\u2019n\u00fcn seminere ev sahipli\u011fi yapmas\u0131ndan dolay\u0131 Rekt\u00f6r Prof. Dr.\u00a0 K\u0131l\u0131\u00e7\u2019a te\u015fekk\u00fcrlerini sunan heyet, DA\u00dc Rekt\u00f6r\u00fc Prof. Dr. K\u0131l\u0131\u00e7\u2019a \u201cK\u00fclt\u00fcr Varl\u0131klar\u0131na \u0130li\u015fkin Farkl\u0131 Tematik Konular\u201d isimli seminer i\u00e7eri\u011fi hakk\u0131nda da bilgiler verdi. Prof. Dr. K\u0131l\u0131\u00e7 da DA\u00dc hakk\u0131nda bilgiler vererek, toplum k\u00fclt\u00fcr\u00fcne faydal\u0131 etkinliklere ev sahipli\u011fi yapman\u0131n DA\u00dc\u2019n\u00fcn misyonlar\u0131 aras\u0131nda oldu\u011funu vurgulad\u0131.<\/p>\n<p>Ziyaret, DA\u00dc Rekt\u00f6r\u00fc Prof. Dr. K\u0131l\u0131\u00e7\u2019\u0131n heyete hediye takdiminin ard\u0131ndan \u00e7ekilen an\u0131 foto\u011fraf\u0131 ile sona erdi.<\/p>\n<\/p><\/div>\n<p><script async\n                    defer\n                    crossorigin=\"anonymous\"\n                    src=\"https:\/\/connect.facebook.net\/tr_TR\/sdk.js#xfbml=1&#038;version=v3.3\"\n            ><\/script><\/p>\n","protected":false},"excerpt":{"rendered":"<p>Do\u011fu Akdeniz \u00dcniversitesi (DA\u00dc) Hukuk Fak\u00fcltesi ev sahipli\u011finde d\u00fczenlenen \u201cK\u00fclt\u00fcr Varl\u0131klar\u0131na \u0130li\u015fkin Farkl\u0131 Tematik Konular Semineri\u201d \u00f6nceki g\u00fcn ger\u00e7ekle\u015ftirildi. DA\u00dc \u0130\u015fletme ve Ekonomi Fak\u00fcltesi BEA 5 numaral\u0131 salonda iki oturumla birlikte yuvarlak masa toplant\u0131s\u0131n\u0131n yap\u0131ld\u0131\u011f\u0131 seminerde g\u00fcn\u00fcn\u00a0\u00a0\u00f6nemli sorunlar\u0131ndan biri olan k\u00fclt\u00fcr varl\u0131klar\u0131n\u0131n korunmas\u0131 konusu ele al\u0131nd\u0131. Seminer T\u00dcB\u0130TAK ve Slovenya Ara\u015ft\u0131rma Ajans\u0131 aras\u0131ndaki ikili i\u015f [&hellip;]<\/p>\n","protected":false},"author":1,"featured_media":8094,"comment_status":"open","ping_status":"open","sticky":false,"template":"","format":"standard","meta":{"jnews-multi-image_gallery":[],"jnews_single_post":[],"jnews_primary_category":[],"jnews_social_meta":[],"jnews_override_counter":[],"footnotes":""},"categories":[6],"tags":[],"class_list":["post-8093","post","type-post","status-publish","format-standard","has-post-thumbnail","hentry","category-yasam"],"yoast_head":"<!-- This site is optimized with the Yoast SEO plugin v27.5 - https:\/\/yoast.com\/product\/yoast-seo-wordpress\/ -->\n<title>DA\u00dc\u2019de \u201cK\u00fclt\u00fcr varl\u0131klar\u0131na ili\u015fkin farkl\u0131 tematik konular\u201d semineri verildi - Kuzeyin Sesi<\/title>\n<meta name=\"robots\" content=\"index, follow, max-snippet:-1, max-image-preview:large, max-video-preview:-1\" \/>\n<link rel=\"canonical\" href=\"https:\/\/kuzeyinsesi.org\/index.php\/2024\/08\/16\/daude-kultur-varliklarina-iliskin-farkli-tematik-konular-semineri-verildi\/\" \/>\n<meta property=\"og:locale\" content=\"tr_TR\" \/>\n<meta property=\"og:type\" content=\"article\" \/>\n<meta property=\"og:title\" content=\"DA\u00dc\u2019de \u201cK\u00fclt\u00fcr varl\u0131klar\u0131na ili\u015fkin farkl\u0131 tematik konular\u201d semineri verildi - Kuzeyin Sesi\" \/>\n<meta property=\"og:description\" content=\"Do\u011fu Akdeniz \u00dcniversitesi (DA\u00dc) Hukuk Fak\u00fcltesi ev sahipli\u011finde d\u00fczenlenen \u201cK\u00fclt\u00fcr Varl\u0131klar\u0131na \u0130li\u015fkin Farkl\u0131 Tematik Konular Semineri\u201d \u00f6nceki g\u00fcn ger\u00e7ekle\u015ftirildi. DA\u00dc \u0130\u015fletme ve Ekonomi Fak\u00fcltesi BEA 5 numaral\u0131 salonda iki oturumla birlikte yuvarlak masa toplant\u0131s\u0131n\u0131n yap\u0131ld\u0131\u011f\u0131 seminerde g\u00fcn\u00fcn\u00a0\u00a0\u00f6nemli sorunlar\u0131ndan biri olan k\u00fclt\u00fcr varl\u0131klar\u0131n\u0131n korunmas\u0131 konusu ele al\u0131nd\u0131. Seminer T\u00dcB\u0130TAK ve Slovenya Ara\u015ft\u0131rma Ajans\u0131 aras\u0131ndaki ikili i\u015f [&hellip;]\" \/>\n<meta property=\"og:url\" content=\"https:\/\/kuzeyinsesi.org\/index.php\/2024\/08\/16\/daude-kultur-varliklarina-iliskin-farkli-tematik-konular-semineri-verildi\/\" \/>\n<meta property=\"og:site_name\" content=\"Kuzeyin Sesi\" \/>\n<meta property=\"article:publisher\" content=\"https:\/\/www.facebook.com\/kuzeyinsesii\" \/>\n<meta property=\"article:published_time\" content=\"2024-08-16T14:47:02+00:00\" \/>\n<meta property=\"og:image\" content=\"https:\/\/brtk.net\/wp-content\/uploads\/2024\/08\/16\/dau-hukuk-2-.jpg?ver=3be9044220fdef54c23e3a00568a469f\" \/>\n<meta name=\"author\" content=\"Kuzeyin Sesi\" \/>\n<meta name=\"twitter:card\" content=\"summary_large_image\" \/>\n<meta name=\"twitter:creator\" content=\"@kuzeyinsesii\" \/>\n<meta name=\"twitter:site\" content=\"@kuzeyinsesii\" \/>\n<meta name=\"twitter:label1\" content=\"Yazan:\" \/>\n\t<meta name=\"twitter:data1\" content=\"Kuzeyin Sesi\" \/>\n\t<meta name=\"twitter:label2\" content=\"Tahmini okuma s\u00fcresi\" \/>\n\t<meta name=\"twitter:data2\" content=\"3 dakika\" \/>\n<script type=\"application\/ld+json\" class=\"yoast-schema-graph\">{\"@context\":\"https:\\\/\\\/schema.org\",\"@graph\":[{\"@type\":\"Article\",\"@id\":\"https:\\\/\\\/kuzeyinsesi.org\\\/index.php\\\/2024\\\/08\\\/16\\\/daude-kultur-varliklarina-iliskin-farkli-tematik-konular-semineri-verildi\\\/#article\",\"isPartOf\":{\"@id\":\"https:\\\/\\\/kuzeyinsesi.org\\\/index.php\\\/2024\\\/08\\\/16\\\/daude-kultur-varliklarina-iliskin-farkli-tematik-konular-semineri-verildi\\\/\"},\"author\":{\"name\":\"Kuzeyin Sesi\",\"@id\":\"https:\\\/\\\/kuzeyinsesi.org\\\/#\\\/schema\\\/person\\\/9f859689cdf01485597712386e37f5aa\"},\"headline\":\"DA\u00dc\u2019de \u201cK\u00fclt\u00fcr varl\u0131klar\u0131na ili\u015fkin farkl\u0131 tematik konular\u201d semineri verildi\",\"datePublished\":\"2024-08-16T14:47:02+00:00\",\"mainEntityOfPage\":{\"@id\":\"https:\\\/\\\/kuzeyinsesi.org\\\/index.php\\\/2024\\\/08\\\/16\\\/daude-kultur-varliklarina-iliskin-farkli-tematik-konular-semineri-verildi\\\/\"},\"wordCount\":691,\"commentCount\":0,\"image\":{\"@id\":\"https:\\\/\\\/kuzeyinsesi.org\\\/index.php\\\/2024\\\/08\\\/16\\\/daude-kultur-varliklarina-iliskin-farkli-tematik-konular-semineri-verildi\\\/#primaryimage\"},\"thumbnailUrl\":\"https:\\\/\\\/kuzeyinsesi.org\\\/wp-content\\\/uploads\\\/2024\\\/08\\\/dau-hukuk-2-.jpg\",\"articleSection\":[\"Ya\u015fam\"],\"inLanguage\":\"tr\",\"potentialAction\":[{\"@type\":\"CommentAction\",\"name\":\"Comment\",\"target\":[\"https:\\\/\\\/kuzeyinsesi.org\\\/index.php\\\/2024\\\/08\\\/16\\\/daude-kultur-varliklarina-iliskin-farkli-tematik-konular-semineri-verildi\\\/#respond\"]}]},{\"@type\":\"WebPage\",\"@id\":\"https:\\\/\\\/kuzeyinsesi.org\\\/index.php\\\/2024\\\/08\\\/16\\\/daude-kultur-varliklarina-iliskin-farkli-tematik-konular-semineri-verildi\\\/\",\"url\":\"https:\\\/\\\/kuzeyinsesi.org\\\/index.php\\\/2024\\\/08\\\/16\\\/daude-kultur-varliklarina-iliskin-farkli-tematik-konular-semineri-verildi\\\/\",\"name\":\"DA\u00dc\u2019de \u201cK\u00fclt\u00fcr varl\u0131klar\u0131na ili\u015fkin farkl\u0131 tematik konular\u201d semineri verildi - Kuzeyin Sesi\",\"isPartOf\":{\"@id\":\"https:\\\/\\\/kuzeyinsesi.org\\\/#website\"},\"primaryImageOfPage\":{\"@id\":\"https:\\\/\\\/kuzeyinsesi.org\\\/index.php\\\/2024\\\/08\\\/16\\\/daude-kultur-varliklarina-iliskin-farkli-tematik-konular-semineri-verildi\\\/#primaryimage\"},\"image\":{\"@id\":\"https:\\\/\\\/kuzeyinsesi.org\\\/index.php\\\/2024\\\/08\\\/16\\\/daude-kultur-varliklarina-iliskin-farkli-tematik-konular-semineri-verildi\\\/#primaryimage\"},\"thumbnailUrl\":\"https:\\\/\\\/kuzeyinsesi.org\\\/wp-content\\\/uploads\\\/2024\\\/08\\\/dau-hukuk-2-.jpg\",\"datePublished\":\"2024-08-16T14:47:02+00:00\",\"author\":{\"@id\":\"https:\\\/\\\/kuzeyinsesi.org\\\/#\\\/schema\\\/person\\\/9f859689cdf01485597712386e37f5aa\"},\"breadcrumb\":{\"@id\":\"https:\\\/\\\/kuzeyinsesi.org\\\/index.php\\\/2024\\\/08\\\/16\\\/daude-kultur-varliklarina-iliskin-farkli-tematik-konular-semineri-verildi\\\/#breadcrumb\"},\"inLanguage\":\"tr\",\"potentialAction\":[{\"@type\":\"ReadAction\",\"target\":[\"https:\\\/\\\/kuzeyinsesi.org\\\/index.php\\\/2024\\\/08\\\/16\\\/daude-kultur-varliklarina-iliskin-farkli-tematik-konular-semineri-verildi\\\/\"]}]},{\"@type\":\"ImageObject\",\"inLanguage\":\"tr\",\"@id\":\"https:\\\/\\\/kuzeyinsesi.org\\\/index.php\\\/2024\\\/08\\\/16\\\/daude-kultur-varliklarina-iliskin-farkli-tematik-konular-semineri-verildi\\\/#primaryimage\",\"url\":\"https:\\\/\\\/kuzeyinsesi.org\\\/wp-content\\\/uploads\\\/2024\\\/08\\\/dau-hukuk-2-.jpg\",\"contentUrl\":\"https:\\\/\\\/kuzeyinsesi.org\\\/wp-content\\\/uploads\\\/2024\\\/08\\\/dau-hukuk-2-.jpg\",\"width\":930,\"height\":501},{\"@type\":\"BreadcrumbList\",\"@id\":\"https:\\\/\\\/kuzeyinsesi.org\\\/index.php\\\/2024\\\/08\\\/16\\\/daude-kultur-varliklarina-iliskin-farkli-tematik-konular-semineri-verildi\\\/#breadcrumb\",\"itemListElement\":[{\"@type\":\"ListItem\",\"position\":1,\"name\":\"Anasayfa\",\"item\":\"https:\\\/\\\/kuzeyinsesi.org\\\/\"},{\"@type\":\"ListItem\",\"position\":2,\"name\":\"DA\u00dc\u2019de \u201cK\u00fclt\u00fcr varl\u0131klar\u0131na ili\u015fkin farkl\u0131 tematik konular\u201d semineri verildi\"}]},{\"@type\":\"WebSite\",\"@id\":\"https:\\\/\\\/kuzeyinsesi.org\\\/#website\",\"url\":\"https:\\\/\\\/kuzeyinsesi.org\\\/\",\"name\":\"Kuzeyin Sesi\",\"description\":\"Do\u011fru Haberin Adresi\",\"potentialAction\":[{\"@type\":\"SearchAction\",\"target\":{\"@type\":\"EntryPoint\",\"urlTemplate\":\"https:\\\/\\\/kuzeyinsesi.org\\\/?s={search_term_string}\"},\"query-input\":{\"@type\":\"PropertyValueSpecification\",\"valueRequired\":true,\"valueName\":\"search_term_string\"}}],\"inLanguage\":\"tr\"},{\"@type\":\"Person\",\"@id\":\"https:\\\/\\\/kuzeyinsesi.org\\\/#\\\/schema\\\/person\\\/9f859689cdf01485597712386e37f5aa\",\"name\":\"Kuzeyin Sesi\",\"image\":{\"@type\":\"ImageObject\",\"inLanguage\":\"tr\",\"@id\":\"https:\\\/\\\/secure.gravatar.com\\\/avatar\\\/bab33852abfd8b282518d6ed81826833d77c3c882d9ab608add591ccace47a44?s=96&d=mm&r=g\",\"url\":\"https:\\\/\\\/secure.gravatar.com\\\/avatar\\\/bab33852abfd8b282518d6ed81826833d77c3c882d9ab608add591ccace47a44?s=96&d=mm&r=g\",\"contentUrl\":\"https:\\\/\\\/secure.gravatar.com\\\/avatar\\\/bab33852abfd8b282518d6ed81826833d77c3c882d9ab608add591ccace47a44?s=96&d=mm&r=g\",\"caption\":\"Kuzeyin Sesi\"},\"sameAs\":[\"https:\\\/\\\/kuzeyinsesi.org\"],\"url\":\"https:\\\/\\\/kuzeyinsesi.org\\\/index.php\\\/author\\\/guven\\\/\"}]}<\/script>\n<!-- \/ Yoast SEO plugin. -->","yoast_head_json":{"title":"DA\u00dc\u2019de \u201cK\u00fclt\u00fcr varl\u0131klar\u0131na ili\u015fkin farkl\u0131 tematik konular\u201d semineri verildi - Kuzeyin Sesi","robots":{"index":"index","follow":"follow","max-snippet":"max-snippet:-1","max-image-preview":"max-image-preview:large","max-video-preview":"max-video-preview:-1"},"canonical":"https:\/\/kuzeyinsesi.org\/index.php\/2024\/08\/16\/daude-kultur-varliklarina-iliskin-farkli-tematik-konular-semineri-verildi\/","og_locale":"tr_TR","og_type":"article","og_title":"DA\u00dc\u2019de \u201cK\u00fclt\u00fcr varl\u0131klar\u0131na ili\u015fkin farkl\u0131 tematik konular\u201d semineri verildi - Kuzeyin Sesi","og_description":"Do\u011fu Akdeniz \u00dcniversitesi (DA\u00dc) Hukuk Fak\u00fcltesi ev sahipli\u011finde d\u00fczenlenen \u201cK\u00fclt\u00fcr Varl\u0131klar\u0131na \u0130li\u015fkin Farkl\u0131 Tematik Konular Semineri\u201d \u00f6nceki g\u00fcn ger\u00e7ekle\u015ftirildi. DA\u00dc \u0130\u015fletme ve Ekonomi Fak\u00fcltesi BEA 5 numaral\u0131 salonda iki oturumla birlikte yuvarlak masa toplant\u0131s\u0131n\u0131n yap\u0131ld\u0131\u011f\u0131 seminerde g\u00fcn\u00fcn\u00a0\u00a0\u00f6nemli sorunlar\u0131ndan biri olan k\u00fclt\u00fcr varl\u0131klar\u0131n\u0131n korunmas\u0131 konusu ele al\u0131nd\u0131. Seminer T\u00dcB\u0130TAK ve Slovenya Ara\u015ft\u0131rma Ajans\u0131 aras\u0131ndaki ikili i\u015f [&hellip;]","og_url":"https:\/\/kuzeyinsesi.org\/index.php\/2024\/08\/16\/daude-kultur-varliklarina-iliskin-farkli-tematik-konular-semineri-verildi\/","og_site_name":"Kuzeyin Sesi","article_publisher":"https:\/\/www.facebook.com\/kuzeyinsesii","article_published_time":"2024-08-16T14:47:02+00:00","og_image":[{"url":"https:\/\/brtk.net\/wp-content\/uploads\/2024\/08\/16\/dau-hukuk-2-.jpg?ver=3be9044220fdef54c23e3a00568a469f","type":"","width":"","height":""}],"author":"Kuzeyin Sesi","twitter_card":"summary_large_image","twitter_creator":"@kuzeyinsesii","twitter_site":"@kuzeyinsesii","twitter_misc":{"Yazan:":"Kuzeyin Sesi","Tahmini okuma s\u00fcresi":"3 dakika"},"schema":{"@context":"https:\/\/schema.org","@graph":[{"@type":"Article","@id":"https:\/\/kuzeyinsesi.org\/index.php\/2024\/08\/16\/daude-kultur-varliklarina-iliskin-farkli-tematik-konular-semineri-verildi\/#article","isPartOf":{"@id":"https:\/\/kuzeyinsesi.org\/index.php\/2024\/08\/16\/daude-kultur-varliklarina-iliskin-farkli-tematik-konular-semineri-verildi\/"},"author":{"name":"Kuzeyin Sesi","@id":"https:\/\/kuzeyinsesi.org\/#\/schema\/person\/9f859689cdf01485597712386e37f5aa"},"headline":"DA\u00dc\u2019de \u201cK\u00fclt\u00fcr varl\u0131klar\u0131na ili\u015fkin farkl\u0131 tematik konular\u201d semineri verildi","datePublished":"2024-08-16T14:47:02+00:00","mainEntityOfPage":{"@id":"https:\/\/kuzeyinsesi.org\/index.php\/2024\/08\/16\/daude-kultur-varliklarina-iliskin-farkli-tematik-konular-semineri-verildi\/"},"wordCount":691,"commentCount":0,"image":{"@id":"https:\/\/kuzeyinsesi.org\/index.php\/2024\/08\/16\/daude-kultur-varliklarina-iliskin-farkli-tematik-konular-semineri-verildi\/#primaryimage"},"thumbnailUrl":"https:\/\/kuzeyinsesi.org\/wp-content\/uploads\/2024\/08\/dau-hukuk-2-.jpg","articleSection":["Ya\u015fam"],"inLanguage":"tr","potentialAction":[{"@type":"CommentAction","name":"Comment","target":["https:\/\/kuzeyinsesi.org\/index.php\/2024\/08\/16\/daude-kultur-varliklarina-iliskin-farkli-tematik-konular-semineri-verildi\/#respond"]}]},{"@type":"WebPage","@id":"https:\/\/kuzeyinsesi.org\/index.php\/2024\/08\/16\/daude-kultur-varliklarina-iliskin-farkli-tematik-konular-semineri-verildi\/","url":"https:\/\/kuzeyinsesi.org\/index.php\/2024\/08\/16\/daude-kultur-varliklarina-iliskin-farkli-tematik-konular-semineri-verildi\/","name":"DA\u00dc\u2019de \u201cK\u00fclt\u00fcr varl\u0131klar\u0131na ili\u015fkin farkl\u0131 tematik konular\u201d semineri verildi - Kuzeyin Sesi","isPartOf":{"@id":"https:\/\/kuzeyinsesi.org\/#website"},"primaryImageOfPage":{"@id":"https:\/\/kuzeyinsesi.org\/index.php\/2024\/08\/16\/daude-kultur-varliklarina-iliskin-farkli-tematik-konular-semineri-verildi\/#primaryimage"},"image":{"@id":"https:\/\/kuzeyinsesi.org\/index.php\/2024\/08\/16\/daude-kultur-varliklarina-iliskin-farkli-tematik-konular-semineri-verildi\/#primaryimage"},"thumbnailUrl":"https:\/\/kuzeyinsesi.org\/wp-content\/uploads\/2024\/08\/dau-hukuk-2-.jpg","datePublished":"2024-08-16T14:47:02+00:00","author":{"@id":"https:\/\/kuzeyinsesi.org\/#\/schema\/person\/9f859689cdf01485597712386e37f5aa"},"breadcrumb":{"@id":"https:\/\/kuzeyinsesi.org\/index.php\/2024\/08\/16\/daude-kultur-varliklarina-iliskin-farkli-tematik-konular-semineri-verildi\/#breadcrumb"},"inLanguage":"tr","potentialAction":[{"@type":"ReadAction","target":["https:\/\/kuzeyinsesi.org\/index.php\/2024\/08\/16\/daude-kultur-varliklarina-iliskin-farkli-tematik-konular-semineri-verildi\/"]}]},{"@type":"ImageObject","inLanguage":"tr","@id":"https:\/\/kuzeyinsesi.org\/index.php\/2024\/08\/16\/daude-kultur-varliklarina-iliskin-farkli-tematik-konular-semineri-verildi\/#primaryimage","url":"https:\/\/kuzeyinsesi.org\/wp-content\/uploads\/2024\/08\/dau-hukuk-2-.jpg","contentUrl":"https:\/\/kuzeyinsesi.org\/wp-content\/uploads\/2024\/08\/dau-hukuk-2-.jpg","width":930,"height":501},{"@type":"BreadcrumbList","@id":"https:\/\/kuzeyinsesi.org\/index.php\/2024\/08\/16\/daude-kultur-varliklarina-iliskin-farkli-tematik-konular-semineri-verildi\/#breadcrumb","itemListElement":[{"@type":"ListItem","position":1,"name":"Anasayfa","item":"https:\/\/kuzeyinsesi.org\/"},{"@type":"ListItem","position":2,"name":"DA\u00dc\u2019de \u201cK\u00fclt\u00fcr varl\u0131klar\u0131na ili\u015fkin farkl\u0131 tematik konular\u201d semineri verildi"}]},{"@type":"WebSite","@id":"https:\/\/kuzeyinsesi.org\/#website","url":"https:\/\/kuzeyinsesi.org\/","name":"Kuzeyin Sesi","description":"Do\u011fru Haberin Adresi","potentialAction":[{"@type":"SearchAction","target":{"@type":"EntryPoint","urlTemplate":"https:\/\/kuzeyinsesi.org\/?s={search_term_string}"},"query-input":{"@type":"PropertyValueSpecification","valueRequired":true,"valueName":"search_term_string"}}],"inLanguage":"tr"},{"@type":"Person","@id":"https:\/\/kuzeyinsesi.org\/#\/schema\/person\/9f859689cdf01485597712386e37f5aa","name":"Kuzeyin Sesi","image":{"@type":"ImageObject","inLanguage":"tr","@id":"https:\/\/secure.gravatar.com\/avatar\/bab33852abfd8b282518d6ed81826833d77c3c882d9ab608add591ccace47a44?s=96&d=mm&r=g","url":"https:\/\/secure.gravatar.com\/avatar\/bab33852abfd8b282518d6ed81826833d77c3c882d9ab608add591ccace47a44?s=96&d=mm&r=g","contentUrl":"https:\/\/secure.gravatar.com\/avatar\/bab33852abfd8b282518d6ed81826833d77c3c882d9ab608add591ccace47a44?s=96&d=mm&r=g","caption":"Kuzeyin Sesi"},"sameAs":["https:\/\/kuzeyinsesi.org"],"url":"https:\/\/kuzeyinsesi.org\/index.php\/author\/guven\/"}]}},"_links":{"self":[{"href":"https:\/\/kuzeyinsesi.org\/index.php\/wp-json\/wp\/v2\/posts\/8093","targetHints":{"allow":["GET"]}}],"collection":[{"href":"https:\/\/kuzeyinsesi.org\/index.php\/wp-json\/wp\/v2\/posts"}],"about":[{"href":"https:\/\/kuzeyinsesi.org\/index.php\/wp-json\/wp\/v2\/types\/post"}],"author":[{"embeddable":true,"href":"https:\/\/kuzeyinsesi.org\/index.php\/wp-json\/wp\/v2\/users\/1"}],"replies":[{"embeddable":true,"href":"https:\/\/kuzeyinsesi.org\/index.php\/wp-json\/wp\/v2\/comments?post=8093"}],"version-history":[{"count":0,"href":"https:\/\/kuzeyinsesi.org\/index.php\/wp-json\/wp\/v2\/posts\/8093\/revisions"}],"wp:featuredmedia":[{"embeddable":true,"href":"https:\/\/kuzeyinsesi.org\/index.php\/wp-json\/wp\/v2\/media\/8094"}],"wp:attachment":[{"href":"https:\/\/kuzeyinsesi.org\/index.php\/wp-json\/wp\/v2\/media?parent=8093"}],"wp:term":[{"taxonomy":"category","embeddable":true,"href":"https:\/\/kuzeyinsesi.org\/index.php\/wp-json\/wp\/v2\/categories?post=8093"},{"taxonomy":"post_tag","embeddable":true,"href":"https:\/\/kuzeyinsesi.org\/index.php\/wp-json\/wp\/v2\/tags?post=8093"}],"curies":[{"name":"wp","href":"https:\/\/api.w.org\/{rel}","templated":true}]}}