{"id":7999,"date":"2024-08-15T14:46:02","date_gmt":"2024-08-15T11:46:02","guid":{"rendered":"https:\/\/kuzeyinsesi.org\/index.php\/2024\/08\/15\/hayatimiza-deger-katan-kadinlarimiz-serisinin-ucuncu-kitap-tanitimi-pazartesi-aksami-samanbahcede-yapilacak\/"},"modified":"2024-08-15T14:46:02","modified_gmt":"2024-08-15T11:46:02","slug":"hayatimiza-deger-katan-kadinlarimiz-serisinin-ucuncu-kitap-tanitimi-pazartesi-aksami-samanbahcede-yapilacak","status":"publish","type":"post","link":"https:\/\/kuzeyinsesi.org\/index.php\/2024\/08\/15\/hayatimiza-deger-katan-kadinlarimiz-serisinin-ucuncu-kitap-tanitimi-pazartesi-aksami-samanbahcede-yapilacak\/","title":{"rendered":"\u201cHayat\u0131m\u0131za De\u011fer Katan Kad\u0131nlar\u0131m\u0131z\u201d serisinin \u00fc\u00e7\u00fcnc\u00fc kitap tan\u0131t\u0131m\u0131 pazartesi ak\u015fam\u0131 Samanbah\u00e7e\u2019de yap\u0131lacak"},"content":{"rendered":"<div>\n<div class=\"mariselle-image-container none\">\n                                            <\/div>\n<p style=\"font-weight: 300;\">14 A\u011fustos 24 (TAK): K\u0131br\u0131s Kad\u0131n \u00d6yk\u00fcleri Derne\u011fi (K\u00d6DER) taraf\u0131ndan haz\u0131rlanan \u201cHayat\u0131m\u0131za De\u011fer Katan Kad\u0131nlar\u0131m\u0131z 3\u201d kitab\u0131n\u0131n tan\u0131t\u0131m\u0131 19 A\u011fustos Pazartesi ak\u015fam\u0131 saat 19.00\u2019da Samanbah\u00e7e\u2019de yer alan \u0130\u015f Kad\u0131nlar\u0131 Derne\u011fi\u2019nde yap\u0131lacak.<\/p>\n<p style=\"font-weight: 300;\"><span style=\"font-weight: 300 !important;\">K\u00d6DER\u2019den verilen bilgiye g\u00f6re, ald\u0131\u011f\u0131 destekler ve i\u015f birlikleriyle bug\u00fcne kadar 25 belgesel \u00e7eken, 22 belgesel film g\u00f6sterimi yapan, 3 kitap bas\u0131m\u0131 ve 3 sergi haz\u0131rlay\u0131p toplumla bulu\u015fturan K\u00d6DER, 41 de\u011ferli kad\u0131n\u0131n daha hayat hikayelerinin bulundu\u011fu ve K\u00fclt\u00fcr Dairesi M\u00fcd\u00fcrl\u00fc\u011f\u00fc ile Limasol Sigorta katk\u0131lar\u0131yla haz\u0131rlanan serinin \u00fc\u00e7\u00fcnc\u00fc kitab\u0131n\u0131n tan\u0131t\u0131m\u0131n\u0131 ger\u00e7ekle\u015ftirecek.<\/span><\/p>\n<p style=\"font-weight: 300;\"><span style=\"font-weight: 300 !important;\">K\u00d6DER Yay\u0131n Kurulu taraf\u0131ndan bas\u0131ma haz\u0131r hale getirilen \u201cHayat\u0131m\u0131za De\u011fer Katan Kad\u0131nlar\u0131m\u0131z 3\u201d kitab\u0131n\u0131n tan\u0131t\u0131m etkinli\u011fine t\u00fcm halk\u0131n davetli oldu\u011fu ve etkinlikte Lefko\u015fa Belediye Orkestras\u0131 taraf\u0131ndan m\u00fczik dinletisi de sunulaca\u011f\u0131 belirtildi.<\/span><\/p>\n<\/p><\/div>\n<p><script async\n                    defer\n                    crossorigin=\"anonymous\"\n                    src=\"https:\/\/connect.facebook.net\/tr_TR\/sdk.js#xfbml=1&#038;version=v3.3\"\n            ><\/script><\/p>\n","protected":false},"excerpt":{"rendered":"<p>14 A\u011fustos 24 (TAK): K\u0131br\u0131s Kad\u0131n \u00d6yk\u00fcleri Derne\u011fi (K\u00d6DER) taraf\u0131ndan haz\u0131rlanan \u201cHayat\u0131m\u0131za De\u011fer Katan Kad\u0131nlar\u0131m\u0131z 3\u201d kitab\u0131n\u0131n tan\u0131t\u0131m\u0131 19 A\u011fustos Pazartesi ak\u015fam\u0131 saat 19.00\u2019da Samanbah\u00e7e\u2019de yer alan \u0130\u015f Kad\u0131nlar\u0131 Derne\u011fi\u2019nde yap\u0131lacak. K\u00d6DER\u2019den verilen bilgiye g\u00f6re, ald\u0131\u011f\u0131 destekler ve i\u015f birlikleriyle bug\u00fcne kadar 25 belgesel \u00e7eken, 22 belgesel film g\u00f6sterimi yapan, 3 kitap bas\u0131m\u0131 ve 3 [&hellip;]<\/p>\n","protected":false},"author":1,"featured_media":8000,"comment_status":"open","ping_status":"open","sticky":false,"template":"","format":"standard","meta":{"jnews-multi-image_gallery":[],"jnews_single_post":[],"jnews_primary_category":[],"jnews_social_meta":[],"jnews_override_counter":[],"footnotes":""},"categories":[6],"tags":[],"class_list":["post-7999","post","type-post","status-publish","format-standard","has-post-thumbnail","hentry","category-yasam"],"yoast_head":"<!-- This site is optimized with the Yoast SEO plugin v27.5 - https:\/\/yoast.com\/product\/yoast-seo-wordpress\/ -->\n<title>\u201cHayat\u0131m\u0131za De\u011fer Katan Kad\u0131nlar\u0131m\u0131z\u201d serisinin \u00fc\u00e7\u00fcnc\u00fc kitap tan\u0131t\u0131m\u0131 pazartesi ak\u015fam\u0131 Samanbah\u00e7e\u2019de yap\u0131lacak - Kuzeyin Sesi<\/title>\n<meta name=\"robots\" content=\"index, follow, max-snippet:-1, max-image-preview:large, max-video-preview:-1\" \/>\n<link rel=\"canonical\" href=\"https:\/\/kuzeyinsesi.org\/index.php\/2024\/08\/15\/hayatimiza-deger-katan-kadinlarimiz-serisinin-ucuncu-kitap-tanitimi-pazartesi-aksami-samanbahcede-yapilacak\/\" \/>\n<meta property=\"og:locale\" content=\"tr_TR\" \/>\n<meta property=\"og:type\" content=\"article\" \/>\n<meta property=\"og:title\" content=\"\u201cHayat\u0131m\u0131za De\u011fer Katan Kad\u0131nlar\u0131m\u0131z\u201d serisinin \u00fc\u00e7\u00fcnc\u00fc kitap tan\u0131t\u0131m\u0131 pazartesi ak\u015fam\u0131 Samanbah\u00e7e\u2019de yap\u0131lacak - Kuzeyin Sesi\" \/>\n<meta property=\"og:description\" content=\"14 A\u011fustos 24 (TAK): K\u0131br\u0131s Kad\u0131n \u00d6yk\u00fcleri Derne\u011fi (K\u00d6DER) taraf\u0131ndan haz\u0131rlanan \u201cHayat\u0131m\u0131za De\u011fer Katan Kad\u0131nlar\u0131m\u0131z 3\u201d kitab\u0131n\u0131n tan\u0131t\u0131m\u0131 19 A\u011fustos Pazartesi ak\u015fam\u0131 saat 19.00\u2019da Samanbah\u00e7e\u2019de yer alan \u0130\u015f Kad\u0131nlar\u0131 Derne\u011fi\u2019nde yap\u0131lacak. K\u00d6DER\u2019den verilen bilgiye g\u00f6re, ald\u0131\u011f\u0131 destekler ve i\u015f birlikleriyle bug\u00fcne kadar 25 belgesel \u00e7eken, 22 belgesel film g\u00f6sterimi yapan, 3 kitap bas\u0131m\u0131 ve 3 [&hellip;]\" \/>\n<meta property=\"og:url\" content=\"https:\/\/kuzeyinsesi.org\/index.php\/2024\/08\/15\/hayatimiza-deger-katan-kadinlarimiz-serisinin-ucuncu-kitap-tanitimi-pazartesi-aksami-samanbahcede-yapilacak\/\" \/>\n<meta property=\"og:site_name\" content=\"Kuzeyin Sesi\" \/>\n<meta property=\"article:publisher\" content=\"https:\/\/www.facebook.com\/kuzeyinsesii\" \/>\n<meta property=\"article:published_time\" content=\"2024-08-15T11:46:02+00:00\" \/>\n<meta property=\"og:image\" content=\"https:\/\/brtk.net\/wp-content\/uploads\/2024\/08\/14\/koder-kitap-tanitimi.jpeg?ver=beb9441ab255cc0ac1f94188e790539d\" \/>\n<meta name=\"author\" content=\"Kuzeyin Sesi\" \/>\n<meta name=\"twitter:card\" content=\"summary_large_image\" \/>\n<meta name=\"twitter:creator\" content=\"@kuzeyinsesii\" \/>\n<meta name=\"twitter:site\" content=\"@kuzeyinsesii\" \/>\n<meta name=\"twitter:label1\" content=\"Yazan:\" \/>\n\t<meta name=\"twitter:data1\" content=\"Kuzeyin Sesi\" \/>\n\t<meta name=\"twitter:label2\" content=\"Tahmini okuma s\u00fcresi\" \/>\n\t<meta name=\"twitter:data2\" content=\"1 dakika\" \/>\n<script type=\"application\/ld+json\" class=\"yoast-schema-graph\">{\"@context\":\"https:\\\/\\\/schema.org\",\"@graph\":[{\"@type\":\"Article\",\"@id\":\"https:\\\/\\\/kuzeyinsesi.org\\\/index.php\\\/2024\\\/08\\\/15\\\/hayatimiza-deger-katan-kadinlarimiz-serisinin-ucuncu-kitap-tanitimi-pazartesi-aksami-samanbahcede-yapilacak\\\/#article\",\"isPartOf\":{\"@id\":\"https:\\\/\\\/kuzeyinsesi.org\\\/index.php\\\/2024\\\/08\\\/15\\\/hayatimiza-deger-katan-kadinlarimiz-serisinin-ucuncu-kitap-tanitimi-pazartesi-aksami-samanbahcede-yapilacak\\\/\"},\"author\":{\"name\":\"Kuzeyin Sesi\",\"@id\":\"https:\\\/\\\/kuzeyinsesi.org\\\/#\\\/schema\\\/person\\\/9f859689cdf01485597712386e37f5aa\"},\"headline\":\"\u201cHayat\u0131m\u0131za De\u011fer Katan Kad\u0131nlar\u0131m\u0131z\u201d serisinin \u00fc\u00e7\u00fcnc\u00fc kitap tan\u0131t\u0131m\u0131 pazartesi ak\u015fam\u0131 Samanbah\u00e7e\u2019de yap\u0131lacak\",\"datePublished\":\"2024-08-15T11:46:02+00:00\",\"mainEntityOfPage\":{\"@id\":\"https:\\\/\\\/kuzeyinsesi.org\\\/index.php\\\/2024\\\/08\\\/15\\\/hayatimiza-deger-katan-kadinlarimiz-serisinin-ucuncu-kitap-tanitimi-pazartesi-aksami-samanbahcede-yapilacak\\\/\"},\"wordCount\":202,\"commentCount\":0,\"image\":{\"@id\":\"https:\\\/\\\/kuzeyinsesi.org\\\/index.php\\\/2024\\\/08\\\/15\\\/hayatimiza-deger-katan-kadinlarimiz-serisinin-ucuncu-kitap-tanitimi-pazartesi-aksami-samanbahcede-yapilacak\\\/#primaryimage\"},\"thumbnailUrl\":\"https:\\\/\\\/kuzeyinsesi.org\\\/wp-content\\\/uploads\\\/2024\\\/08\\\/koder-kitap-tanitimi.jpeg\",\"articleSection\":[\"Ya\u015fam\"],\"inLanguage\":\"tr\",\"potentialAction\":[{\"@type\":\"CommentAction\",\"name\":\"Comment\",\"target\":[\"https:\\\/\\\/kuzeyinsesi.org\\\/index.php\\\/2024\\\/08\\\/15\\\/hayatimiza-deger-katan-kadinlarimiz-serisinin-ucuncu-kitap-tanitimi-pazartesi-aksami-samanbahcede-yapilacak\\\/#respond\"]}]},{\"@type\":\"WebPage\",\"@id\":\"https:\\\/\\\/kuzeyinsesi.org\\\/index.php\\\/2024\\\/08\\\/15\\\/hayatimiza-deger-katan-kadinlarimiz-serisinin-ucuncu-kitap-tanitimi-pazartesi-aksami-samanbahcede-yapilacak\\\/\",\"url\":\"https:\\\/\\\/kuzeyinsesi.org\\\/index.php\\\/2024\\\/08\\\/15\\\/hayatimiza-deger-katan-kadinlarimiz-serisinin-ucuncu-kitap-tanitimi-pazartesi-aksami-samanbahcede-yapilacak\\\/\",\"name\":\"\u201cHayat\u0131m\u0131za De\u011fer Katan Kad\u0131nlar\u0131m\u0131z\u201d serisinin \u00fc\u00e7\u00fcnc\u00fc kitap tan\u0131t\u0131m\u0131 pazartesi ak\u015fam\u0131 Samanbah\u00e7e\u2019de yap\u0131lacak - Kuzeyin Sesi\",\"isPartOf\":{\"@id\":\"https:\\\/\\\/kuzeyinsesi.org\\\/#website\"},\"primaryImageOfPage\":{\"@id\":\"https:\\\/\\\/kuzeyinsesi.org\\\/index.php\\\/2024\\\/08\\\/15\\\/hayatimiza-deger-katan-kadinlarimiz-serisinin-ucuncu-kitap-tanitimi-pazartesi-aksami-samanbahcede-yapilacak\\\/#primaryimage\"},\"image\":{\"@id\":\"https:\\\/\\\/kuzeyinsesi.org\\\/index.php\\\/2024\\\/08\\\/15\\\/hayatimiza-deger-katan-kadinlarimiz-serisinin-ucuncu-kitap-tanitimi-pazartesi-aksami-samanbahcede-yapilacak\\\/#primaryimage\"},\"thumbnailUrl\":\"https:\\\/\\\/kuzeyinsesi.org\\\/wp-content\\\/uploads\\\/2024\\\/08\\\/koder-kitap-tanitimi.jpeg\",\"datePublished\":\"2024-08-15T11:46:02+00:00\",\"author\":{\"@id\":\"https:\\\/\\\/kuzeyinsesi.org\\\/#\\\/schema\\\/person\\\/9f859689cdf01485597712386e37f5aa\"},\"breadcrumb\":{\"@id\":\"https:\\\/\\\/kuzeyinsesi.org\\\/index.php\\\/2024\\\/08\\\/15\\\/hayatimiza-deger-katan-kadinlarimiz-serisinin-ucuncu-kitap-tanitimi-pazartesi-aksami-samanbahcede-yapilacak\\\/#breadcrumb\"},\"inLanguage\":\"tr\",\"potentialAction\":[{\"@type\":\"ReadAction\",\"target\":[\"https:\\\/\\\/kuzeyinsesi.org\\\/index.php\\\/2024\\\/08\\\/15\\\/hayatimiza-deger-katan-kadinlarimiz-serisinin-ucuncu-kitap-tanitimi-pazartesi-aksami-samanbahcede-yapilacak\\\/\"]}]},{\"@type\":\"ImageObject\",\"inLanguage\":\"tr\",\"@id\":\"https:\\\/\\\/kuzeyinsesi.org\\\/index.php\\\/2024\\\/08\\\/15\\\/hayatimiza-deger-katan-kadinlarimiz-serisinin-ucuncu-kitap-tanitimi-pazartesi-aksami-samanbahcede-yapilacak\\\/#primaryimage\",\"url\":\"https:\\\/\\\/kuzeyinsesi.org\\\/wp-content\\\/uploads\\\/2024\\\/08\\\/koder-kitap-tanitimi.jpeg\",\"contentUrl\":\"https:\\\/\\\/kuzeyinsesi.org\\\/wp-content\\\/uploads\\\/2024\\\/08\\\/koder-kitap-tanitimi.jpeg\",\"width\":1080,\"height\":1080},{\"@type\":\"BreadcrumbList\",\"@id\":\"https:\\\/\\\/kuzeyinsesi.org\\\/index.php\\\/2024\\\/08\\\/15\\\/hayatimiza-deger-katan-kadinlarimiz-serisinin-ucuncu-kitap-tanitimi-pazartesi-aksami-samanbahcede-yapilacak\\\/#breadcrumb\",\"itemListElement\":[{\"@type\":\"ListItem\",\"position\":1,\"name\":\"Anasayfa\",\"item\":\"https:\\\/\\\/kuzeyinsesi.org\\\/\"},{\"@type\":\"ListItem\",\"position\":2,\"name\":\"\u201cHayat\u0131m\u0131za De\u011fer Katan Kad\u0131nlar\u0131m\u0131z\u201d serisinin \u00fc\u00e7\u00fcnc\u00fc kitap tan\u0131t\u0131m\u0131 pazartesi ak\u015fam\u0131 Samanbah\u00e7e\u2019de yap\u0131lacak\"}]},{\"@type\":\"WebSite\",\"@id\":\"https:\\\/\\\/kuzeyinsesi.org\\\/#website\",\"url\":\"https:\\\/\\\/kuzeyinsesi.org\\\/\",\"name\":\"Kuzeyin Sesi\",\"description\":\"Do\u011fru Haberin Adresi\",\"potentialAction\":[{\"@type\":\"SearchAction\",\"target\":{\"@type\":\"EntryPoint\",\"urlTemplate\":\"https:\\\/\\\/kuzeyinsesi.org\\\/?s={search_term_string}\"},\"query-input\":{\"@type\":\"PropertyValueSpecification\",\"valueRequired\":true,\"valueName\":\"search_term_string\"}}],\"inLanguage\":\"tr\"},{\"@type\":\"Person\",\"@id\":\"https:\\\/\\\/kuzeyinsesi.org\\\/#\\\/schema\\\/person\\\/9f859689cdf01485597712386e37f5aa\",\"name\":\"Kuzeyin Sesi\",\"image\":{\"@type\":\"ImageObject\",\"inLanguage\":\"tr\",\"@id\":\"https:\\\/\\\/secure.gravatar.com\\\/avatar\\\/bab33852abfd8b282518d6ed81826833d77c3c882d9ab608add591ccace47a44?s=96&d=mm&r=g\",\"url\":\"https:\\\/\\\/secure.gravatar.com\\\/avatar\\\/bab33852abfd8b282518d6ed81826833d77c3c882d9ab608add591ccace47a44?s=96&d=mm&r=g\",\"contentUrl\":\"https:\\\/\\\/secure.gravatar.com\\\/avatar\\\/bab33852abfd8b282518d6ed81826833d77c3c882d9ab608add591ccace47a44?s=96&d=mm&r=g\",\"caption\":\"Kuzeyin Sesi\"},\"sameAs\":[\"https:\\\/\\\/kuzeyinsesi.org\"],\"url\":\"https:\\\/\\\/kuzeyinsesi.org\\\/index.php\\\/author\\\/guven\\\/\"}]}<\/script>\n<!-- \/ Yoast SEO plugin. -->","yoast_head_json":{"title":"\u201cHayat\u0131m\u0131za De\u011fer Katan Kad\u0131nlar\u0131m\u0131z\u201d serisinin \u00fc\u00e7\u00fcnc\u00fc kitap tan\u0131t\u0131m\u0131 pazartesi ak\u015fam\u0131 Samanbah\u00e7e\u2019de yap\u0131lacak - Kuzeyin Sesi","robots":{"index":"index","follow":"follow","max-snippet":"max-snippet:-1","max-image-preview":"max-image-preview:large","max-video-preview":"max-video-preview:-1"},"canonical":"https:\/\/kuzeyinsesi.org\/index.php\/2024\/08\/15\/hayatimiza-deger-katan-kadinlarimiz-serisinin-ucuncu-kitap-tanitimi-pazartesi-aksami-samanbahcede-yapilacak\/","og_locale":"tr_TR","og_type":"article","og_title":"\u201cHayat\u0131m\u0131za De\u011fer Katan Kad\u0131nlar\u0131m\u0131z\u201d serisinin \u00fc\u00e7\u00fcnc\u00fc kitap tan\u0131t\u0131m\u0131 pazartesi ak\u015fam\u0131 Samanbah\u00e7e\u2019de yap\u0131lacak - Kuzeyin Sesi","og_description":"14 A\u011fustos 24 (TAK): K\u0131br\u0131s Kad\u0131n \u00d6yk\u00fcleri Derne\u011fi (K\u00d6DER) taraf\u0131ndan haz\u0131rlanan \u201cHayat\u0131m\u0131za De\u011fer Katan Kad\u0131nlar\u0131m\u0131z 3\u201d kitab\u0131n\u0131n tan\u0131t\u0131m\u0131 19 A\u011fustos Pazartesi ak\u015fam\u0131 saat 19.00\u2019da Samanbah\u00e7e\u2019de yer alan \u0130\u015f Kad\u0131nlar\u0131 Derne\u011fi\u2019nde yap\u0131lacak. K\u00d6DER\u2019den verilen bilgiye g\u00f6re, ald\u0131\u011f\u0131 destekler ve i\u015f birlikleriyle bug\u00fcne kadar 25 belgesel \u00e7eken, 22 belgesel film g\u00f6sterimi yapan, 3 kitap bas\u0131m\u0131 ve 3 [&hellip;]","og_url":"https:\/\/kuzeyinsesi.org\/index.php\/2024\/08\/15\/hayatimiza-deger-katan-kadinlarimiz-serisinin-ucuncu-kitap-tanitimi-pazartesi-aksami-samanbahcede-yapilacak\/","og_site_name":"Kuzeyin Sesi","article_publisher":"https:\/\/www.facebook.com\/kuzeyinsesii","article_published_time":"2024-08-15T11:46:02+00:00","og_image":[{"url":"https:\/\/brtk.net\/wp-content\/uploads\/2024\/08\/14\/koder-kitap-tanitimi.jpeg?ver=beb9441ab255cc0ac1f94188e790539d","type":"","width":"","height":""}],"author":"Kuzeyin Sesi","twitter_card":"summary_large_image","twitter_creator":"@kuzeyinsesii","twitter_site":"@kuzeyinsesii","twitter_misc":{"Yazan:":"Kuzeyin Sesi","Tahmini okuma s\u00fcresi":"1 dakika"},"schema":{"@context":"https:\/\/schema.org","@graph":[{"@type":"Article","@id":"https:\/\/kuzeyinsesi.org\/index.php\/2024\/08\/15\/hayatimiza-deger-katan-kadinlarimiz-serisinin-ucuncu-kitap-tanitimi-pazartesi-aksami-samanbahcede-yapilacak\/#article","isPartOf":{"@id":"https:\/\/kuzeyinsesi.org\/index.php\/2024\/08\/15\/hayatimiza-deger-katan-kadinlarimiz-serisinin-ucuncu-kitap-tanitimi-pazartesi-aksami-samanbahcede-yapilacak\/"},"author":{"name":"Kuzeyin Sesi","@id":"https:\/\/kuzeyinsesi.org\/#\/schema\/person\/9f859689cdf01485597712386e37f5aa"},"headline":"\u201cHayat\u0131m\u0131za De\u011fer Katan Kad\u0131nlar\u0131m\u0131z\u201d serisinin \u00fc\u00e7\u00fcnc\u00fc kitap tan\u0131t\u0131m\u0131 pazartesi ak\u015fam\u0131 Samanbah\u00e7e\u2019de yap\u0131lacak","datePublished":"2024-08-15T11:46:02+00:00","mainEntityOfPage":{"@id":"https:\/\/kuzeyinsesi.org\/index.php\/2024\/08\/15\/hayatimiza-deger-katan-kadinlarimiz-serisinin-ucuncu-kitap-tanitimi-pazartesi-aksami-samanbahcede-yapilacak\/"},"wordCount":202,"commentCount":0,"image":{"@id":"https:\/\/kuzeyinsesi.org\/index.php\/2024\/08\/15\/hayatimiza-deger-katan-kadinlarimiz-serisinin-ucuncu-kitap-tanitimi-pazartesi-aksami-samanbahcede-yapilacak\/#primaryimage"},"thumbnailUrl":"https:\/\/kuzeyinsesi.org\/wp-content\/uploads\/2024\/08\/koder-kitap-tanitimi.jpeg","articleSection":["Ya\u015fam"],"inLanguage":"tr","potentialAction":[{"@type":"CommentAction","name":"Comment","target":["https:\/\/kuzeyinsesi.org\/index.php\/2024\/08\/15\/hayatimiza-deger-katan-kadinlarimiz-serisinin-ucuncu-kitap-tanitimi-pazartesi-aksami-samanbahcede-yapilacak\/#respond"]}]},{"@type":"WebPage","@id":"https:\/\/kuzeyinsesi.org\/index.php\/2024\/08\/15\/hayatimiza-deger-katan-kadinlarimiz-serisinin-ucuncu-kitap-tanitimi-pazartesi-aksami-samanbahcede-yapilacak\/","url":"https:\/\/kuzeyinsesi.org\/index.php\/2024\/08\/15\/hayatimiza-deger-katan-kadinlarimiz-serisinin-ucuncu-kitap-tanitimi-pazartesi-aksami-samanbahcede-yapilacak\/","name":"\u201cHayat\u0131m\u0131za De\u011fer Katan Kad\u0131nlar\u0131m\u0131z\u201d serisinin \u00fc\u00e7\u00fcnc\u00fc kitap tan\u0131t\u0131m\u0131 pazartesi ak\u015fam\u0131 Samanbah\u00e7e\u2019de yap\u0131lacak - Kuzeyin Sesi","isPartOf":{"@id":"https:\/\/kuzeyinsesi.org\/#website"},"primaryImageOfPage":{"@id":"https:\/\/kuzeyinsesi.org\/index.php\/2024\/08\/15\/hayatimiza-deger-katan-kadinlarimiz-serisinin-ucuncu-kitap-tanitimi-pazartesi-aksami-samanbahcede-yapilacak\/#primaryimage"},"image":{"@id":"https:\/\/kuzeyinsesi.org\/index.php\/2024\/08\/15\/hayatimiza-deger-katan-kadinlarimiz-serisinin-ucuncu-kitap-tanitimi-pazartesi-aksami-samanbahcede-yapilacak\/#primaryimage"},"thumbnailUrl":"https:\/\/kuzeyinsesi.org\/wp-content\/uploads\/2024\/08\/koder-kitap-tanitimi.jpeg","datePublished":"2024-08-15T11:46:02+00:00","author":{"@id":"https:\/\/kuzeyinsesi.org\/#\/schema\/person\/9f859689cdf01485597712386e37f5aa"},"breadcrumb":{"@id":"https:\/\/kuzeyinsesi.org\/index.php\/2024\/08\/15\/hayatimiza-deger-katan-kadinlarimiz-serisinin-ucuncu-kitap-tanitimi-pazartesi-aksami-samanbahcede-yapilacak\/#breadcrumb"},"inLanguage":"tr","potentialAction":[{"@type":"ReadAction","target":["https:\/\/kuzeyinsesi.org\/index.php\/2024\/08\/15\/hayatimiza-deger-katan-kadinlarimiz-serisinin-ucuncu-kitap-tanitimi-pazartesi-aksami-samanbahcede-yapilacak\/"]}]},{"@type":"ImageObject","inLanguage":"tr","@id":"https:\/\/kuzeyinsesi.org\/index.php\/2024\/08\/15\/hayatimiza-deger-katan-kadinlarimiz-serisinin-ucuncu-kitap-tanitimi-pazartesi-aksami-samanbahcede-yapilacak\/#primaryimage","url":"https:\/\/kuzeyinsesi.org\/wp-content\/uploads\/2024\/08\/koder-kitap-tanitimi.jpeg","contentUrl":"https:\/\/kuzeyinsesi.org\/wp-content\/uploads\/2024\/08\/koder-kitap-tanitimi.jpeg","width":1080,"height":1080},{"@type":"BreadcrumbList","@id":"https:\/\/kuzeyinsesi.org\/index.php\/2024\/08\/15\/hayatimiza-deger-katan-kadinlarimiz-serisinin-ucuncu-kitap-tanitimi-pazartesi-aksami-samanbahcede-yapilacak\/#breadcrumb","itemListElement":[{"@type":"ListItem","position":1,"name":"Anasayfa","item":"https:\/\/kuzeyinsesi.org\/"},{"@type":"ListItem","position":2,"name":"\u201cHayat\u0131m\u0131za De\u011fer Katan Kad\u0131nlar\u0131m\u0131z\u201d serisinin \u00fc\u00e7\u00fcnc\u00fc kitap tan\u0131t\u0131m\u0131 pazartesi ak\u015fam\u0131 Samanbah\u00e7e\u2019de yap\u0131lacak"}]},{"@type":"WebSite","@id":"https:\/\/kuzeyinsesi.org\/#website","url":"https:\/\/kuzeyinsesi.org\/","name":"Kuzeyin Sesi","description":"Do\u011fru Haberin Adresi","potentialAction":[{"@type":"SearchAction","target":{"@type":"EntryPoint","urlTemplate":"https:\/\/kuzeyinsesi.org\/?s={search_term_string}"},"query-input":{"@type":"PropertyValueSpecification","valueRequired":true,"valueName":"search_term_string"}}],"inLanguage":"tr"},{"@type":"Person","@id":"https:\/\/kuzeyinsesi.org\/#\/schema\/person\/9f859689cdf01485597712386e37f5aa","name":"Kuzeyin Sesi","image":{"@type":"ImageObject","inLanguage":"tr","@id":"https:\/\/secure.gravatar.com\/avatar\/bab33852abfd8b282518d6ed81826833d77c3c882d9ab608add591ccace47a44?s=96&d=mm&r=g","url":"https:\/\/secure.gravatar.com\/avatar\/bab33852abfd8b282518d6ed81826833d77c3c882d9ab608add591ccace47a44?s=96&d=mm&r=g","contentUrl":"https:\/\/secure.gravatar.com\/avatar\/bab33852abfd8b282518d6ed81826833d77c3c882d9ab608add591ccace47a44?s=96&d=mm&r=g","caption":"Kuzeyin Sesi"},"sameAs":["https:\/\/kuzeyinsesi.org"],"url":"https:\/\/kuzeyinsesi.org\/index.php\/author\/guven\/"}]}},"_links":{"self":[{"href":"https:\/\/kuzeyinsesi.org\/index.php\/wp-json\/wp\/v2\/posts\/7999","targetHints":{"allow":["GET"]}}],"collection":[{"href":"https:\/\/kuzeyinsesi.org\/index.php\/wp-json\/wp\/v2\/posts"}],"about":[{"href":"https:\/\/kuzeyinsesi.org\/index.php\/wp-json\/wp\/v2\/types\/post"}],"author":[{"embeddable":true,"href":"https:\/\/kuzeyinsesi.org\/index.php\/wp-json\/wp\/v2\/users\/1"}],"replies":[{"embeddable":true,"href":"https:\/\/kuzeyinsesi.org\/index.php\/wp-json\/wp\/v2\/comments?post=7999"}],"version-history":[{"count":0,"href":"https:\/\/kuzeyinsesi.org\/index.php\/wp-json\/wp\/v2\/posts\/7999\/revisions"}],"wp:featuredmedia":[{"embeddable":true,"href":"https:\/\/kuzeyinsesi.org\/index.php\/wp-json\/wp\/v2\/media\/8000"}],"wp:attachment":[{"href":"https:\/\/kuzeyinsesi.org\/index.php\/wp-json\/wp\/v2\/media?parent=7999"}],"wp:term":[{"taxonomy":"category","embeddable":true,"href":"https:\/\/kuzeyinsesi.org\/index.php\/wp-json\/wp\/v2\/categories?post=7999"},{"taxonomy":"post_tag","embeddable":true,"href":"https:\/\/kuzeyinsesi.org\/index.php\/wp-json\/wp\/v2\/tags?post=7999"}],"curies":[{"name":"wp","href":"https:\/\/api.w.org\/{rel}","templated":true}]}}