{"id":799,"date":"2024-04-28T17:01:12","date_gmt":"2024-04-28T14:01:12","guid":{"rendered":"https:\/\/kuzeyinsesi.com\/index.php\/2024\/04\/28\/tore-turkiye-azerbaycan-ve-kktc-imkanlari-birlestirmelidir\/"},"modified":"2024-04-28T17:01:12","modified_gmt":"2024-04-28T14:01:12","slug":"tore-turkiye-azerbaycan-ve-kktc-imkanlari-birlestirmelidir","status":"publish","type":"post","link":"https:\/\/kuzeyinsesi.org\/index.php\/2024\/04\/28\/tore-turkiye-azerbaycan-ve-kktc-imkanlari-birlestirmelidir\/","title":{"rendered":"T\u00f6re: T\u00fcrkiye, Azerbaycan ve KKTC imkanlar\u0131 birle\u015ftirmelidir"},"content":{"rendered":"<div>\n<div class=\"mariselle-image-container none\">\n                                            <\/div>\n<p>Cumhuriyet Meclisi Ba\u015fkan\u0131 Zorlu T\u00f6re,\u00a0 \u0130stanbul temaslar\u0131n\u0131n son g\u00fcn\u00fcnde\u00a0 Parlamenterler Aras\u0131 Kud\u00fcs Platformunun 5. Konferans\u0131\u2019nda \u00fclkesini temsilen \u0130stanbul\u2019da bulunan Azerbaycan Milli Meclisi Ba\u015fkan Yard\u0131mc\u0131s\u0131 Fezail \u0130brahimli ile bir araya geldi.<\/p>\n<p>Meclisten yap\u0131lan a\u00e7\u0131klamaya g\u00f6re, T\u00f6re, g\u00f6r\u00fc\u015fmede yapt\u0131\u011f\u0131 konu\u015fmada, T\u00fcrkiye, Azerbaycan ve Kuzey K\u0131br\u0131s T\u00fcrk Cumhuriyeti\u2019nin \u00e7ok ciddi bir i\u015f birli\u011fi i\u00e7erisinde oldu\u011funu, Cumhuriyet Meclisi\u2019nden bir heyetin de Bak\u00fc\u2019de temaslarda bulundu\u011funu s\u00f6yledi.<\/p>\n<p>T\u00f6re, 12 ve 16 May\u0131s tarihlerinde Azerbaycan ve T\u00fcrkiye\u2019den Meclis dostluk gruplar\u0131n\u0131n KKTC\u2019ye gelece\u011fini ve temaslar\u0131n daha da ileriye ta\u015f\u0131naca\u011f\u0131n\u0131 ifade etti.<\/p>\n<p>T\u00f6re, tek millet 3 devlet olan \u00fclkelerin enerji, ekonomi ve siyasi alanlarda imkanlar\u0131n\u0131 birle\u015ftirmesi gerekti\u011fini s\u00f6yledi.<\/p>\n<p>Azerbaycan Milli Meclisi Ba\u015fkan Yard\u0131mc\u0131s\u0131 Fezail \u0130brahimli de, T\u00fcrk Devletleri Te\u015fkilat\u0131\u2019n\u0131n \u00f6nemli oldu\u011funu ve bu ba\u011flamda T\u00fcrk devletleri ile ili\u015fkileri \u00f6nemsediklerini kaydetti.<\/p>\n<p>\u0130brahimli, 3 devletin dostluklar\u0131n\u0131 kalplerinde hissettiklerini ifade etti.<\/p>\n<p>G\u00f6r\u00fc\u015fmede KKTC heyetinde \u0130stanbul Ba\u015fkonsolosu Fatma Demirel ile Cumhuriyet Meclisi \u00d6zel Kalem M\u00fcd\u00fcr\u00fc \u0130rem Uygun da haz\u0131r bulundu.<\/p>\n<\/p><\/div>\n<p><script async\n                    defer\n                    crossorigin=\"anonymous\"\n                    src=\"https:\/\/connect.facebook.net\/tr_TR\/sdk.js#xfbml=1&#038;version=v3.3\"\n            ><\/script><\/p>\n","protected":false},"excerpt":{"rendered":"<p>Cumhuriyet Meclisi Ba\u015fkan\u0131 Zorlu T\u00f6re,\u00a0 \u0130stanbul temaslar\u0131n\u0131n son g\u00fcn\u00fcnde\u00a0 Parlamenterler Aras\u0131 Kud\u00fcs Platformunun 5. Konferans\u0131\u2019nda \u00fclkesini temsilen \u0130stanbul\u2019da bulunan Azerbaycan Milli Meclisi Ba\u015fkan Yard\u0131mc\u0131s\u0131 Fezail \u0130brahimli ile bir araya geldi. Meclisten yap\u0131lan a\u00e7\u0131klamaya g\u00f6re, T\u00f6re, g\u00f6r\u00fc\u015fmede yapt\u0131\u011f\u0131 konu\u015fmada, T\u00fcrkiye, Azerbaycan ve Kuzey K\u0131br\u0131s T\u00fcrk Cumhuriyeti\u2019nin \u00e7ok ciddi bir i\u015f birli\u011fi i\u00e7erisinde oldu\u011funu, Cumhuriyet Meclisi\u2019nden bir [&hellip;]<\/p>\n","protected":false},"author":1,"featured_media":800,"comment_status":"open","ping_status":"open","sticky":false,"template":"","format":"standard","meta":{"jnews-multi-image_gallery":[],"jnews_single_post":[],"jnews_primary_category":[],"jnews_social_meta":[],"jnews_override_counter":[],"footnotes":""},"categories":[1],"tags":[],"class_list":["post-799","post","type-post","status-publish","format-standard","has-post-thumbnail","hentry","category-kibris"],"yoast_head":"<!-- This site is optimized with the Yoast SEO plugin v27.4 - https:\/\/yoast.com\/product\/yoast-seo-wordpress\/ -->\n<title>T\u00f6re: T\u00fcrkiye, Azerbaycan ve KKTC imkanlar\u0131 birle\u015ftirmelidir - Kuzeyin Sesi<\/title>\n<meta name=\"robots\" content=\"index, follow, max-snippet:-1, max-image-preview:large, max-video-preview:-1\" \/>\n<link rel=\"canonical\" href=\"https:\/\/kuzeyinsesi.org\/index.php\/2024\/04\/28\/tore-turkiye-azerbaycan-ve-kktc-imkanlari-birlestirmelidir\/\" \/>\n<meta property=\"og:locale\" content=\"tr_TR\" \/>\n<meta property=\"og:type\" content=\"article\" \/>\n<meta property=\"og:title\" content=\"T\u00f6re: T\u00fcrkiye, Azerbaycan ve KKTC imkanlar\u0131 birle\u015ftirmelidir - Kuzeyin Sesi\" \/>\n<meta property=\"og:description\" content=\"Cumhuriyet Meclisi Ba\u015fkan\u0131 Zorlu T\u00f6re,\u00a0 \u0130stanbul temaslar\u0131n\u0131n son g\u00fcn\u00fcnde\u00a0 Parlamenterler Aras\u0131 Kud\u00fcs Platformunun 5. Konferans\u0131\u2019nda \u00fclkesini temsilen \u0130stanbul\u2019da bulunan Azerbaycan Milli Meclisi Ba\u015fkan Yard\u0131mc\u0131s\u0131 Fezail \u0130brahimli ile bir araya geldi. Meclisten yap\u0131lan a\u00e7\u0131klamaya g\u00f6re, T\u00f6re, g\u00f6r\u00fc\u015fmede yapt\u0131\u011f\u0131 konu\u015fmada, T\u00fcrkiye, Azerbaycan ve Kuzey K\u0131br\u0131s T\u00fcrk Cumhuriyeti\u2019nin \u00e7ok ciddi bir i\u015f birli\u011fi i\u00e7erisinde oldu\u011funu, Cumhuriyet Meclisi\u2019nden bir [&hellip;]\" \/>\n<meta property=\"og:url\" content=\"https:\/\/kuzeyinsesi.org\/index.php\/2024\/04\/28\/tore-turkiye-azerbaycan-ve-kktc-imkanlari-birlestirmelidir\/\" \/>\n<meta property=\"og:site_name\" content=\"Kuzeyin Sesi\" \/>\n<meta property=\"article:publisher\" content=\"https:\/\/www.facebook.com\/kuzeyinsesii\" \/>\n<meta property=\"article:published_time\" content=\"2024-04-28T14:01:12+00:00\" \/>\n<meta property=\"og:image\" content=\"https:\/\/kuzeyinsesi.org\/wp-content\/uploads\/2024\/04\/tore-azerbaycan1.jpeg\" \/>\n\t<meta property=\"og:image:width\" content=\"1600\" \/>\n\t<meta property=\"og:image:height\" content=\"1066\" \/>\n\t<meta property=\"og:image:type\" content=\"image\/jpeg\" \/>\n<meta name=\"author\" content=\"Kuzeyin Sesi\" \/>\n<meta name=\"twitter:card\" content=\"summary_large_image\" \/>\n<meta name=\"twitter:creator\" content=\"@kuzeyinsesii\" \/>\n<meta name=\"twitter:site\" content=\"@kuzeyinsesii\" \/>\n<meta name=\"twitter:label1\" content=\"Yazan:\" \/>\n\t<meta name=\"twitter:data1\" content=\"Kuzeyin Sesi\" \/>\n\t<meta name=\"twitter:label2\" content=\"Tahmini okuma s\u00fcresi\" \/>\n\t<meta name=\"twitter:data2\" content=\"1 dakika\" \/>\n<script type=\"application\/ld+json\" class=\"yoast-schema-graph\">{\"@context\":\"https:\\\/\\\/schema.org\",\"@graph\":[{\"@type\":\"Article\",\"@id\":\"https:\\\/\\\/kuzeyinsesi.org\\\/index.php\\\/2024\\\/04\\\/28\\\/tore-turkiye-azerbaycan-ve-kktc-imkanlari-birlestirmelidir\\\/#article\",\"isPartOf\":{\"@id\":\"https:\\\/\\\/kuzeyinsesi.org\\\/index.php\\\/2024\\\/04\\\/28\\\/tore-turkiye-azerbaycan-ve-kktc-imkanlari-birlestirmelidir\\\/\"},\"author\":{\"name\":\"Kuzeyin Sesi\",\"@id\":\"https:\\\/\\\/kuzeyinsesi.org\\\/#\\\/schema\\\/person\\\/9f859689cdf01485597712386e37f5aa\"},\"headline\":\"T\u00f6re: T\u00fcrkiye, Azerbaycan ve KKTC imkanlar\u0131 birle\u015ftirmelidir\",\"datePublished\":\"2024-04-28T14:01:12+00:00\",\"mainEntityOfPage\":{\"@id\":\"https:\\\/\\\/kuzeyinsesi.org\\\/index.php\\\/2024\\\/04\\\/28\\\/tore-turkiye-azerbaycan-ve-kktc-imkanlari-birlestirmelidir\\\/\"},\"wordCount\":217,\"commentCount\":0,\"image\":{\"@id\":\"https:\\\/\\\/kuzeyinsesi.org\\\/index.php\\\/2024\\\/04\\\/28\\\/tore-turkiye-azerbaycan-ve-kktc-imkanlari-birlestirmelidir\\\/#primaryimage\"},\"thumbnailUrl\":\"https:\\\/\\\/kuzeyinsesi.org\\\/wp-content\\\/uploads\\\/2024\\\/04\\\/tore-azerbaycan1.jpeg\",\"articleSection\":[\"K\u0131br\u0131s\"],\"inLanguage\":\"tr\",\"potentialAction\":[{\"@type\":\"CommentAction\",\"name\":\"Comment\",\"target\":[\"https:\\\/\\\/kuzeyinsesi.org\\\/index.php\\\/2024\\\/04\\\/28\\\/tore-turkiye-azerbaycan-ve-kktc-imkanlari-birlestirmelidir\\\/#respond\"]}]},{\"@type\":\"WebPage\",\"@id\":\"https:\\\/\\\/kuzeyinsesi.org\\\/index.php\\\/2024\\\/04\\\/28\\\/tore-turkiye-azerbaycan-ve-kktc-imkanlari-birlestirmelidir\\\/\",\"url\":\"https:\\\/\\\/kuzeyinsesi.org\\\/index.php\\\/2024\\\/04\\\/28\\\/tore-turkiye-azerbaycan-ve-kktc-imkanlari-birlestirmelidir\\\/\",\"name\":\"T\u00f6re: T\u00fcrkiye, Azerbaycan ve KKTC imkanlar\u0131 birle\u015ftirmelidir - Kuzeyin Sesi\",\"isPartOf\":{\"@id\":\"https:\\\/\\\/kuzeyinsesi.org\\\/#website\"},\"primaryImageOfPage\":{\"@id\":\"https:\\\/\\\/kuzeyinsesi.org\\\/index.php\\\/2024\\\/04\\\/28\\\/tore-turkiye-azerbaycan-ve-kktc-imkanlari-birlestirmelidir\\\/#primaryimage\"},\"image\":{\"@id\":\"https:\\\/\\\/kuzeyinsesi.org\\\/index.php\\\/2024\\\/04\\\/28\\\/tore-turkiye-azerbaycan-ve-kktc-imkanlari-birlestirmelidir\\\/#primaryimage\"},\"thumbnailUrl\":\"https:\\\/\\\/kuzeyinsesi.org\\\/wp-content\\\/uploads\\\/2024\\\/04\\\/tore-azerbaycan1.jpeg\",\"datePublished\":\"2024-04-28T14:01:12+00:00\",\"author\":{\"@id\":\"https:\\\/\\\/kuzeyinsesi.org\\\/#\\\/schema\\\/person\\\/9f859689cdf01485597712386e37f5aa\"},\"breadcrumb\":{\"@id\":\"https:\\\/\\\/kuzeyinsesi.org\\\/index.php\\\/2024\\\/04\\\/28\\\/tore-turkiye-azerbaycan-ve-kktc-imkanlari-birlestirmelidir\\\/#breadcrumb\"},\"inLanguage\":\"tr\",\"potentialAction\":[{\"@type\":\"ReadAction\",\"target\":[\"https:\\\/\\\/kuzeyinsesi.org\\\/index.php\\\/2024\\\/04\\\/28\\\/tore-turkiye-azerbaycan-ve-kktc-imkanlari-birlestirmelidir\\\/\"]}]},{\"@type\":\"ImageObject\",\"inLanguage\":\"tr\",\"@id\":\"https:\\\/\\\/kuzeyinsesi.org\\\/index.php\\\/2024\\\/04\\\/28\\\/tore-turkiye-azerbaycan-ve-kktc-imkanlari-birlestirmelidir\\\/#primaryimage\",\"url\":\"https:\\\/\\\/kuzeyinsesi.org\\\/wp-content\\\/uploads\\\/2024\\\/04\\\/tore-azerbaycan1.jpeg\",\"contentUrl\":\"https:\\\/\\\/kuzeyinsesi.org\\\/wp-content\\\/uploads\\\/2024\\\/04\\\/tore-azerbaycan1.jpeg\",\"width\":1600,\"height\":1066},{\"@type\":\"BreadcrumbList\",\"@id\":\"https:\\\/\\\/kuzeyinsesi.org\\\/index.php\\\/2024\\\/04\\\/28\\\/tore-turkiye-azerbaycan-ve-kktc-imkanlari-birlestirmelidir\\\/#breadcrumb\",\"itemListElement\":[{\"@type\":\"ListItem\",\"position\":1,\"name\":\"Anasayfa\",\"item\":\"https:\\\/\\\/kuzeyinsesi.org\\\/\"},{\"@type\":\"ListItem\",\"position\":2,\"name\":\"T\u00f6re: T\u00fcrkiye, Azerbaycan ve KKTC imkanlar\u0131 birle\u015ftirmelidir\"}]},{\"@type\":\"WebSite\",\"@id\":\"https:\\\/\\\/kuzeyinsesi.org\\\/#website\",\"url\":\"https:\\\/\\\/kuzeyinsesi.org\\\/\",\"name\":\"Kuzeyin Sesi\",\"description\":\"Do\u011fru Haberin Adresi\",\"potentialAction\":[{\"@type\":\"SearchAction\",\"target\":{\"@type\":\"EntryPoint\",\"urlTemplate\":\"https:\\\/\\\/kuzeyinsesi.org\\\/?s={search_term_string}\"},\"query-input\":{\"@type\":\"PropertyValueSpecification\",\"valueRequired\":true,\"valueName\":\"search_term_string\"}}],\"inLanguage\":\"tr\"},{\"@type\":\"Person\",\"@id\":\"https:\\\/\\\/kuzeyinsesi.org\\\/#\\\/schema\\\/person\\\/9f859689cdf01485597712386e37f5aa\",\"name\":\"Kuzeyin Sesi\",\"image\":{\"@type\":\"ImageObject\",\"inLanguage\":\"tr\",\"@id\":\"https:\\\/\\\/secure.gravatar.com\\\/avatar\\\/bab33852abfd8b282518d6ed81826833d77c3c882d9ab608add591ccace47a44?s=96&d=mm&r=g\",\"url\":\"https:\\\/\\\/secure.gravatar.com\\\/avatar\\\/bab33852abfd8b282518d6ed81826833d77c3c882d9ab608add591ccace47a44?s=96&d=mm&r=g\",\"contentUrl\":\"https:\\\/\\\/secure.gravatar.com\\\/avatar\\\/bab33852abfd8b282518d6ed81826833d77c3c882d9ab608add591ccace47a44?s=96&d=mm&r=g\",\"caption\":\"Kuzeyin Sesi\"},\"sameAs\":[\"https:\\\/\\\/kuzeyinsesi.org\"],\"url\":\"https:\\\/\\\/kuzeyinsesi.org\\\/index.php\\\/author\\\/guven\\\/\"}]}<\/script>\n<!-- \/ Yoast SEO plugin. -->","yoast_head_json":{"title":"T\u00f6re: T\u00fcrkiye, Azerbaycan ve KKTC imkanlar\u0131 birle\u015ftirmelidir - Kuzeyin Sesi","robots":{"index":"index","follow":"follow","max-snippet":"max-snippet:-1","max-image-preview":"max-image-preview:large","max-video-preview":"max-video-preview:-1"},"canonical":"https:\/\/kuzeyinsesi.org\/index.php\/2024\/04\/28\/tore-turkiye-azerbaycan-ve-kktc-imkanlari-birlestirmelidir\/","og_locale":"tr_TR","og_type":"article","og_title":"T\u00f6re: T\u00fcrkiye, Azerbaycan ve KKTC imkanlar\u0131 birle\u015ftirmelidir - Kuzeyin Sesi","og_description":"Cumhuriyet Meclisi Ba\u015fkan\u0131 Zorlu T\u00f6re,\u00a0 \u0130stanbul temaslar\u0131n\u0131n son g\u00fcn\u00fcnde\u00a0 Parlamenterler Aras\u0131 Kud\u00fcs Platformunun 5. Konferans\u0131\u2019nda \u00fclkesini temsilen \u0130stanbul\u2019da bulunan Azerbaycan Milli Meclisi Ba\u015fkan Yard\u0131mc\u0131s\u0131 Fezail \u0130brahimli ile bir araya geldi. Meclisten yap\u0131lan a\u00e7\u0131klamaya g\u00f6re, T\u00f6re, g\u00f6r\u00fc\u015fmede yapt\u0131\u011f\u0131 konu\u015fmada, T\u00fcrkiye, Azerbaycan ve Kuzey K\u0131br\u0131s T\u00fcrk Cumhuriyeti\u2019nin \u00e7ok ciddi bir i\u015f birli\u011fi i\u00e7erisinde oldu\u011funu, Cumhuriyet Meclisi\u2019nden bir [&hellip;]","og_url":"https:\/\/kuzeyinsesi.org\/index.php\/2024\/04\/28\/tore-turkiye-azerbaycan-ve-kktc-imkanlari-birlestirmelidir\/","og_site_name":"Kuzeyin Sesi","article_publisher":"https:\/\/www.facebook.com\/kuzeyinsesii","article_published_time":"2024-04-28T14:01:12+00:00","og_image":[{"width":1600,"height":1066,"url":"https:\/\/kuzeyinsesi.org\/wp-content\/uploads\/2024\/04\/tore-azerbaycan1.jpeg","type":"image\/jpeg"}],"author":"Kuzeyin Sesi","twitter_card":"summary_large_image","twitter_creator":"@kuzeyinsesii","twitter_site":"@kuzeyinsesii","twitter_misc":{"Yazan:":"Kuzeyin Sesi","Tahmini okuma s\u00fcresi":"1 dakika"},"schema":{"@context":"https:\/\/schema.org","@graph":[{"@type":"Article","@id":"https:\/\/kuzeyinsesi.org\/index.php\/2024\/04\/28\/tore-turkiye-azerbaycan-ve-kktc-imkanlari-birlestirmelidir\/#article","isPartOf":{"@id":"https:\/\/kuzeyinsesi.org\/index.php\/2024\/04\/28\/tore-turkiye-azerbaycan-ve-kktc-imkanlari-birlestirmelidir\/"},"author":{"name":"Kuzeyin Sesi","@id":"https:\/\/kuzeyinsesi.org\/#\/schema\/person\/9f859689cdf01485597712386e37f5aa"},"headline":"T\u00f6re: T\u00fcrkiye, Azerbaycan ve KKTC imkanlar\u0131 birle\u015ftirmelidir","datePublished":"2024-04-28T14:01:12+00:00","mainEntityOfPage":{"@id":"https:\/\/kuzeyinsesi.org\/index.php\/2024\/04\/28\/tore-turkiye-azerbaycan-ve-kktc-imkanlari-birlestirmelidir\/"},"wordCount":217,"commentCount":0,"image":{"@id":"https:\/\/kuzeyinsesi.org\/index.php\/2024\/04\/28\/tore-turkiye-azerbaycan-ve-kktc-imkanlari-birlestirmelidir\/#primaryimage"},"thumbnailUrl":"https:\/\/kuzeyinsesi.org\/wp-content\/uploads\/2024\/04\/tore-azerbaycan1.jpeg","articleSection":["K\u0131br\u0131s"],"inLanguage":"tr","potentialAction":[{"@type":"CommentAction","name":"Comment","target":["https:\/\/kuzeyinsesi.org\/index.php\/2024\/04\/28\/tore-turkiye-azerbaycan-ve-kktc-imkanlari-birlestirmelidir\/#respond"]}]},{"@type":"WebPage","@id":"https:\/\/kuzeyinsesi.org\/index.php\/2024\/04\/28\/tore-turkiye-azerbaycan-ve-kktc-imkanlari-birlestirmelidir\/","url":"https:\/\/kuzeyinsesi.org\/index.php\/2024\/04\/28\/tore-turkiye-azerbaycan-ve-kktc-imkanlari-birlestirmelidir\/","name":"T\u00f6re: T\u00fcrkiye, Azerbaycan ve KKTC imkanlar\u0131 birle\u015ftirmelidir - Kuzeyin Sesi","isPartOf":{"@id":"https:\/\/kuzeyinsesi.org\/#website"},"primaryImageOfPage":{"@id":"https:\/\/kuzeyinsesi.org\/index.php\/2024\/04\/28\/tore-turkiye-azerbaycan-ve-kktc-imkanlari-birlestirmelidir\/#primaryimage"},"image":{"@id":"https:\/\/kuzeyinsesi.org\/index.php\/2024\/04\/28\/tore-turkiye-azerbaycan-ve-kktc-imkanlari-birlestirmelidir\/#primaryimage"},"thumbnailUrl":"https:\/\/kuzeyinsesi.org\/wp-content\/uploads\/2024\/04\/tore-azerbaycan1.jpeg","datePublished":"2024-04-28T14:01:12+00:00","author":{"@id":"https:\/\/kuzeyinsesi.org\/#\/schema\/person\/9f859689cdf01485597712386e37f5aa"},"breadcrumb":{"@id":"https:\/\/kuzeyinsesi.org\/index.php\/2024\/04\/28\/tore-turkiye-azerbaycan-ve-kktc-imkanlari-birlestirmelidir\/#breadcrumb"},"inLanguage":"tr","potentialAction":[{"@type":"ReadAction","target":["https:\/\/kuzeyinsesi.org\/index.php\/2024\/04\/28\/tore-turkiye-azerbaycan-ve-kktc-imkanlari-birlestirmelidir\/"]}]},{"@type":"ImageObject","inLanguage":"tr","@id":"https:\/\/kuzeyinsesi.org\/index.php\/2024\/04\/28\/tore-turkiye-azerbaycan-ve-kktc-imkanlari-birlestirmelidir\/#primaryimage","url":"https:\/\/kuzeyinsesi.org\/wp-content\/uploads\/2024\/04\/tore-azerbaycan1.jpeg","contentUrl":"https:\/\/kuzeyinsesi.org\/wp-content\/uploads\/2024\/04\/tore-azerbaycan1.jpeg","width":1600,"height":1066},{"@type":"BreadcrumbList","@id":"https:\/\/kuzeyinsesi.org\/index.php\/2024\/04\/28\/tore-turkiye-azerbaycan-ve-kktc-imkanlari-birlestirmelidir\/#breadcrumb","itemListElement":[{"@type":"ListItem","position":1,"name":"Anasayfa","item":"https:\/\/kuzeyinsesi.org\/"},{"@type":"ListItem","position":2,"name":"T\u00f6re: T\u00fcrkiye, Azerbaycan ve KKTC imkanlar\u0131 birle\u015ftirmelidir"}]},{"@type":"WebSite","@id":"https:\/\/kuzeyinsesi.org\/#website","url":"https:\/\/kuzeyinsesi.org\/","name":"Kuzeyin Sesi","description":"Do\u011fru Haberin Adresi","potentialAction":[{"@type":"SearchAction","target":{"@type":"EntryPoint","urlTemplate":"https:\/\/kuzeyinsesi.org\/?s={search_term_string}"},"query-input":{"@type":"PropertyValueSpecification","valueRequired":true,"valueName":"search_term_string"}}],"inLanguage":"tr"},{"@type":"Person","@id":"https:\/\/kuzeyinsesi.org\/#\/schema\/person\/9f859689cdf01485597712386e37f5aa","name":"Kuzeyin Sesi","image":{"@type":"ImageObject","inLanguage":"tr","@id":"https:\/\/secure.gravatar.com\/avatar\/bab33852abfd8b282518d6ed81826833d77c3c882d9ab608add591ccace47a44?s=96&d=mm&r=g","url":"https:\/\/secure.gravatar.com\/avatar\/bab33852abfd8b282518d6ed81826833d77c3c882d9ab608add591ccace47a44?s=96&d=mm&r=g","contentUrl":"https:\/\/secure.gravatar.com\/avatar\/bab33852abfd8b282518d6ed81826833d77c3c882d9ab608add591ccace47a44?s=96&d=mm&r=g","caption":"Kuzeyin Sesi"},"sameAs":["https:\/\/kuzeyinsesi.org"],"url":"https:\/\/kuzeyinsesi.org\/index.php\/author\/guven\/"}]}},"_links":{"self":[{"href":"https:\/\/kuzeyinsesi.org\/index.php\/wp-json\/wp\/v2\/posts\/799","targetHints":{"allow":["GET"]}}],"collection":[{"href":"https:\/\/kuzeyinsesi.org\/index.php\/wp-json\/wp\/v2\/posts"}],"about":[{"href":"https:\/\/kuzeyinsesi.org\/index.php\/wp-json\/wp\/v2\/types\/post"}],"author":[{"embeddable":true,"href":"https:\/\/kuzeyinsesi.org\/index.php\/wp-json\/wp\/v2\/users\/1"}],"replies":[{"embeddable":true,"href":"https:\/\/kuzeyinsesi.org\/index.php\/wp-json\/wp\/v2\/comments?post=799"}],"version-history":[{"count":0,"href":"https:\/\/kuzeyinsesi.org\/index.php\/wp-json\/wp\/v2\/posts\/799\/revisions"}],"wp:featuredmedia":[{"embeddable":true,"href":"https:\/\/kuzeyinsesi.org\/index.php\/wp-json\/wp\/v2\/media\/800"}],"wp:attachment":[{"href":"https:\/\/kuzeyinsesi.org\/index.php\/wp-json\/wp\/v2\/media?parent=799"}],"wp:term":[{"taxonomy":"category","embeddable":true,"href":"https:\/\/kuzeyinsesi.org\/index.php\/wp-json\/wp\/v2\/categories?post=799"},{"taxonomy":"post_tag","embeddable":true,"href":"https:\/\/kuzeyinsesi.org\/index.php\/wp-json\/wp\/v2\/tags?post=799"}],"curies":[{"name":"wp","href":"https:\/\/api.w.org\/{rel}","templated":true}]}}