{"id":7987,"date":"2024-08-15T13:44:14","date_gmt":"2024-08-15T10:44:14","guid":{"rendered":"https:\/\/kuzeyinsesi.org\/index.php\/2024\/08\/15\/vintage-bicycle-of-cyprus-bisiklet-sergisi-ve-kitap-tanitimi-yarin-yapiliyor\/"},"modified":"2024-08-15T13:44:14","modified_gmt":"2024-08-15T10:44:14","slug":"vintage-bicycle-of-cyprus-bisiklet-sergisi-ve-kitap-tanitimi-yarin-yapiliyor","status":"publish","type":"post","link":"https:\/\/kuzeyinsesi.org\/index.php\/2024\/08\/15\/vintage-bicycle-of-cyprus-bisiklet-sergisi-ve-kitap-tanitimi-yarin-yapiliyor\/","title":{"rendered":"\u201cVintage Bicycle of Cyprus\u201d bisiklet sergisi ve kitap tan\u0131t\u0131m\u0131 yar\u0131n yap\u0131l\u0131yor"},"content":{"rendered":"<div>\n<div class=\"mariselle-image-container center\">\n                                            <\/div>\n<p> Dr. Kenan Arifo\u011flu\u2019nun \u201cVintage Bicycle of Cyprus\u201d bisiklet sergisi ve \u201c\u0130ki Tekerlek \u00dczerinde Uzun Bir Zaman\u201d adl\u0131 kitab\u0131n\u0131n tan\u0131t\u0131m\u0131 yar\u0131n yap\u0131l\u0131yor.<\/p>\n<p>Gazima\u011fusa Belediyesi\u2019nden yap\u0131lan yaz\u0131l\u0131 a\u00e7\u0131klamaya g\u00f6re, Dr. Kenan Arifo\u011flu\u2019nun \u201cVintage Bicycle of Cyprus\u201d isimli bisiklet sergisinin a\u00e7\u0131l\u0131\u015f\u0131 ve kitap tan\u0131t\u0131m\u0131 etkinli\u011fi, Gazima\u011fusa Belediyesi Bandabuliya ve Ma\u011fusa Kent M\u00fczesi Derne\u011fi (MAKEM\u00dcD) i\u015f birli\u011finde, yar\u0131n saat 19.00\u2019da, Ma\u011fusa Bandabuliya\u2019da d\u00fczenlenecek.<\/p>\n<p>\u201cVintage Bicycle of Cyprus\u201d isimli bisiklet sergisi 16-30 A\u011fustos tarihleri aras\u0131nda halk\u0131n ziyaretine a\u00e7\u0131k olacak.<\/p>\n<p>Sergi ziyaret saatleri hafta i\u00e7i 09.00-20.00, hafta sonu 12.00-18.00 olarak belirlendi.<\/p>\n<\/p><\/div>\n<p><script async\n                    defer\n                    crossorigin=\"anonymous\"\n                    src=\"https:\/\/connect.facebook.net\/tr_TR\/sdk.js#xfbml=1&#038;version=v3.3\"\n            ><\/script><\/p>\n","protected":false},"excerpt":{"rendered":"<p>Dr. Kenan Arifo\u011flu\u2019nun \u201cVintage Bicycle of Cyprus\u201d bisiklet sergisi ve \u201c\u0130ki Tekerlek \u00dczerinde Uzun Bir Zaman\u201d adl\u0131 kitab\u0131n\u0131n tan\u0131t\u0131m\u0131 yar\u0131n yap\u0131l\u0131yor. Gazima\u011fusa Belediyesi\u2019nden yap\u0131lan yaz\u0131l\u0131 a\u00e7\u0131klamaya g\u00f6re, Dr. Kenan Arifo\u011flu\u2019nun \u201cVintage Bicycle of Cyprus\u201d isimli bisiklet sergisinin a\u00e7\u0131l\u0131\u015f\u0131 ve kitap tan\u0131t\u0131m\u0131 etkinli\u011fi, Gazima\u011fusa Belediyesi Bandabuliya ve Ma\u011fusa Kent M\u00fczesi Derne\u011fi (MAKEM\u00dcD) i\u015f birli\u011finde, yar\u0131n saat [&hellip;]<\/p>\n","protected":false},"author":1,"featured_media":7988,"comment_status":"open","ping_status":"open","sticky":false,"template":"","format":"standard","meta":{"jnews-multi-image_gallery":[],"jnews_single_post":[],"jnews_primary_category":[],"jnews_social_meta":[],"jnews_override_counter":[],"footnotes":""},"categories":[6],"tags":[],"class_list":["post-7987","post","type-post","status-publish","format-standard","has-post-thumbnail","hentry","category-yasam"],"yoast_head":"<!-- This site is optimized with the Yoast SEO plugin v27.5 - https:\/\/yoast.com\/product\/yoast-seo-wordpress\/ -->\n<title>\u201cVintage Bicycle of Cyprus\u201d bisiklet sergisi ve kitap tan\u0131t\u0131m\u0131 yar\u0131n yap\u0131l\u0131yor - Kuzeyin Sesi<\/title>\n<meta name=\"robots\" content=\"index, follow, max-snippet:-1, max-image-preview:large, max-video-preview:-1\" \/>\n<link rel=\"canonical\" href=\"https:\/\/kuzeyinsesi.org\/index.php\/2024\/08\/15\/vintage-bicycle-of-cyprus-bisiklet-sergisi-ve-kitap-tanitimi-yarin-yapiliyor\/\" \/>\n<meta property=\"og:locale\" content=\"tr_TR\" \/>\n<meta property=\"og:type\" content=\"article\" \/>\n<meta property=\"og:title\" content=\"\u201cVintage Bicycle of Cyprus\u201d bisiklet sergisi ve kitap tan\u0131t\u0131m\u0131 yar\u0131n yap\u0131l\u0131yor - Kuzeyin Sesi\" \/>\n<meta property=\"og:description\" content=\"Dr. Kenan Arifo\u011flu\u2019nun \u201cVintage Bicycle of Cyprus\u201d bisiklet sergisi ve \u201c\u0130ki Tekerlek \u00dczerinde Uzun Bir Zaman\u201d adl\u0131 kitab\u0131n\u0131n tan\u0131t\u0131m\u0131 yar\u0131n yap\u0131l\u0131yor. Gazima\u011fusa Belediyesi\u2019nden yap\u0131lan yaz\u0131l\u0131 a\u00e7\u0131klamaya g\u00f6re, Dr. Kenan Arifo\u011flu\u2019nun \u201cVintage Bicycle of Cyprus\u201d isimli bisiklet sergisinin a\u00e7\u0131l\u0131\u015f\u0131 ve kitap tan\u0131t\u0131m\u0131 etkinli\u011fi, Gazima\u011fusa Belediyesi Bandabuliya ve Ma\u011fusa Kent M\u00fczesi Derne\u011fi (MAKEM\u00dcD) i\u015f birli\u011finde, yar\u0131n saat [&hellip;]\" \/>\n<meta property=\"og:url\" content=\"https:\/\/kuzeyinsesi.org\/index.php\/2024\/08\/15\/vintage-bicycle-of-cyprus-bisiklet-sergisi-ve-kitap-tanitimi-yarin-yapiliyor\/\" \/>\n<meta property=\"og:site_name\" content=\"Kuzeyin Sesi\" \/>\n<meta property=\"article:publisher\" content=\"https:\/\/www.facebook.com\/kuzeyinsesii\" \/>\n<meta property=\"article:published_time\" content=\"2024-08-15T10:44:14+00:00\" \/>\n<meta property=\"og:image\" content=\"https:\/\/brtk.net\/wp-content\/uploads\/2024\/08\/15\/bbbbbb.jpg?ver=3229db5ceefaac13a7db5028d40b1d33\" \/>\n<meta name=\"author\" content=\"Kuzeyin Sesi\" \/>\n<meta name=\"twitter:card\" content=\"summary_large_image\" \/>\n<meta name=\"twitter:creator\" content=\"@kuzeyinsesii\" \/>\n<meta name=\"twitter:site\" content=\"@kuzeyinsesii\" \/>\n<meta name=\"twitter:label1\" content=\"Yazan:\" \/>\n\t<meta name=\"twitter:data1\" content=\"Kuzeyin Sesi\" \/>\n\t<meta name=\"twitter:label2\" content=\"Tahmini okuma s\u00fcresi\" \/>\n\t<meta name=\"twitter:data2\" content=\"1 dakika\" \/>\n<script type=\"application\/ld+json\" class=\"yoast-schema-graph\">{\"@context\":\"https:\\\/\\\/schema.org\",\"@graph\":[{\"@type\":\"Article\",\"@id\":\"https:\\\/\\\/kuzeyinsesi.org\\\/index.php\\\/2024\\\/08\\\/15\\\/vintage-bicycle-of-cyprus-bisiklet-sergisi-ve-kitap-tanitimi-yarin-yapiliyor\\\/#article\",\"isPartOf\":{\"@id\":\"https:\\\/\\\/kuzeyinsesi.org\\\/index.php\\\/2024\\\/08\\\/15\\\/vintage-bicycle-of-cyprus-bisiklet-sergisi-ve-kitap-tanitimi-yarin-yapiliyor\\\/\"},\"author\":{\"name\":\"Kuzeyin Sesi\",\"@id\":\"https:\\\/\\\/kuzeyinsesi.org\\\/#\\\/schema\\\/person\\\/9f859689cdf01485597712386e37f5aa\"},\"headline\":\"\u201cVintage Bicycle of Cyprus\u201d bisiklet sergisi ve kitap tan\u0131t\u0131m\u0131 yar\u0131n yap\u0131l\u0131yor\",\"datePublished\":\"2024-08-15T10:44:14+00:00\",\"mainEntityOfPage\":{\"@id\":\"https:\\\/\\\/kuzeyinsesi.org\\\/index.php\\\/2024\\\/08\\\/15\\\/vintage-bicycle-of-cyprus-bisiklet-sergisi-ve-kitap-tanitimi-yarin-yapiliyor\\\/\"},\"wordCount\":137,\"commentCount\":0,\"image\":{\"@id\":\"https:\\\/\\\/kuzeyinsesi.org\\\/index.php\\\/2024\\\/08\\\/15\\\/vintage-bicycle-of-cyprus-bisiklet-sergisi-ve-kitap-tanitimi-yarin-yapiliyor\\\/#primaryimage\"},\"thumbnailUrl\":\"https:\\\/\\\/kuzeyinsesi.org\\\/wp-content\\\/uploads\\\/2024\\\/08\\\/bbbbbb.jpg\",\"articleSection\":[\"Ya\u015fam\"],\"inLanguage\":\"tr\",\"potentialAction\":[{\"@type\":\"CommentAction\",\"name\":\"Comment\",\"target\":[\"https:\\\/\\\/kuzeyinsesi.org\\\/index.php\\\/2024\\\/08\\\/15\\\/vintage-bicycle-of-cyprus-bisiklet-sergisi-ve-kitap-tanitimi-yarin-yapiliyor\\\/#respond\"]}]},{\"@type\":\"WebPage\",\"@id\":\"https:\\\/\\\/kuzeyinsesi.org\\\/index.php\\\/2024\\\/08\\\/15\\\/vintage-bicycle-of-cyprus-bisiklet-sergisi-ve-kitap-tanitimi-yarin-yapiliyor\\\/\",\"url\":\"https:\\\/\\\/kuzeyinsesi.org\\\/index.php\\\/2024\\\/08\\\/15\\\/vintage-bicycle-of-cyprus-bisiklet-sergisi-ve-kitap-tanitimi-yarin-yapiliyor\\\/\",\"name\":\"\u201cVintage Bicycle of Cyprus\u201d bisiklet sergisi ve kitap tan\u0131t\u0131m\u0131 yar\u0131n yap\u0131l\u0131yor - Kuzeyin Sesi\",\"isPartOf\":{\"@id\":\"https:\\\/\\\/kuzeyinsesi.org\\\/#website\"},\"primaryImageOfPage\":{\"@id\":\"https:\\\/\\\/kuzeyinsesi.org\\\/index.php\\\/2024\\\/08\\\/15\\\/vintage-bicycle-of-cyprus-bisiklet-sergisi-ve-kitap-tanitimi-yarin-yapiliyor\\\/#primaryimage\"},\"image\":{\"@id\":\"https:\\\/\\\/kuzeyinsesi.org\\\/index.php\\\/2024\\\/08\\\/15\\\/vintage-bicycle-of-cyprus-bisiklet-sergisi-ve-kitap-tanitimi-yarin-yapiliyor\\\/#primaryimage\"},\"thumbnailUrl\":\"https:\\\/\\\/kuzeyinsesi.org\\\/wp-content\\\/uploads\\\/2024\\\/08\\\/bbbbbb.jpg\",\"datePublished\":\"2024-08-15T10:44:14+00:00\",\"author\":{\"@id\":\"https:\\\/\\\/kuzeyinsesi.org\\\/#\\\/schema\\\/person\\\/9f859689cdf01485597712386e37f5aa\"},\"breadcrumb\":{\"@id\":\"https:\\\/\\\/kuzeyinsesi.org\\\/index.php\\\/2024\\\/08\\\/15\\\/vintage-bicycle-of-cyprus-bisiklet-sergisi-ve-kitap-tanitimi-yarin-yapiliyor\\\/#breadcrumb\"},\"inLanguage\":\"tr\",\"potentialAction\":[{\"@type\":\"ReadAction\",\"target\":[\"https:\\\/\\\/kuzeyinsesi.org\\\/index.php\\\/2024\\\/08\\\/15\\\/vintage-bicycle-of-cyprus-bisiklet-sergisi-ve-kitap-tanitimi-yarin-yapiliyor\\\/\"]}]},{\"@type\":\"ImageObject\",\"inLanguage\":\"tr\",\"@id\":\"https:\\\/\\\/kuzeyinsesi.org\\\/index.php\\\/2024\\\/08\\\/15\\\/vintage-bicycle-of-cyprus-bisiklet-sergisi-ve-kitap-tanitimi-yarin-yapiliyor\\\/#primaryimage\",\"url\":\"https:\\\/\\\/kuzeyinsesi.org\\\/wp-content\\\/uploads\\\/2024\\\/08\\\/bbbbbb.jpg\",\"contentUrl\":\"https:\\\/\\\/kuzeyinsesi.org\\\/wp-content\\\/uploads\\\/2024\\\/08\\\/bbbbbb.jpg\",\"width\":1135,\"height\":508},{\"@type\":\"BreadcrumbList\",\"@id\":\"https:\\\/\\\/kuzeyinsesi.org\\\/index.php\\\/2024\\\/08\\\/15\\\/vintage-bicycle-of-cyprus-bisiklet-sergisi-ve-kitap-tanitimi-yarin-yapiliyor\\\/#breadcrumb\",\"itemListElement\":[{\"@type\":\"ListItem\",\"position\":1,\"name\":\"Anasayfa\",\"item\":\"https:\\\/\\\/kuzeyinsesi.org\\\/\"},{\"@type\":\"ListItem\",\"position\":2,\"name\":\"\u201cVintage Bicycle of Cyprus\u201d bisiklet sergisi ve kitap tan\u0131t\u0131m\u0131 yar\u0131n yap\u0131l\u0131yor\"}]},{\"@type\":\"WebSite\",\"@id\":\"https:\\\/\\\/kuzeyinsesi.org\\\/#website\",\"url\":\"https:\\\/\\\/kuzeyinsesi.org\\\/\",\"name\":\"Kuzeyin Sesi\",\"description\":\"Do\u011fru Haberin Adresi\",\"potentialAction\":[{\"@type\":\"SearchAction\",\"target\":{\"@type\":\"EntryPoint\",\"urlTemplate\":\"https:\\\/\\\/kuzeyinsesi.org\\\/?s={search_term_string}\"},\"query-input\":{\"@type\":\"PropertyValueSpecification\",\"valueRequired\":true,\"valueName\":\"search_term_string\"}}],\"inLanguage\":\"tr\"},{\"@type\":\"Person\",\"@id\":\"https:\\\/\\\/kuzeyinsesi.org\\\/#\\\/schema\\\/person\\\/9f859689cdf01485597712386e37f5aa\",\"name\":\"Kuzeyin Sesi\",\"image\":{\"@type\":\"ImageObject\",\"inLanguage\":\"tr\",\"@id\":\"https:\\\/\\\/secure.gravatar.com\\\/avatar\\\/bab33852abfd8b282518d6ed81826833d77c3c882d9ab608add591ccace47a44?s=96&d=mm&r=g\",\"url\":\"https:\\\/\\\/secure.gravatar.com\\\/avatar\\\/bab33852abfd8b282518d6ed81826833d77c3c882d9ab608add591ccace47a44?s=96&d=mm&r=g\",\"contentUrl\":\"https:\\\/\\\/secure.gravatar.com\\\/avatar\\\/bab33852abfd8b282518d6ed81826833d77c3c882d9ab608add591ccace47a44?s=96&d=mm&r=g\",\"caption\":\"Kuzeyin Sesi\"},\"sameAs\":[\"https:\\\/\\\/kuzeyinsesi.org\"],\"url\":\"https:\\\/\\\/kuzeyinsesi.org\\\/index.php\\\/author\\\/guven\\\/\"}]}<\/script>\n<!-- \/ Yoast SEO plugin. -->","yoast_head_json":{"title":"\u201cVintage Bicycle of Cyprus\u201d bisiklet sergisi ve kitap tan\u0131t\u0131m\u0131 yar\u0131n yap\u0131l\u0131yor - Kuzeyin Sesi","robots":{"index":"index","follow":"follow","max-snippet":"max-snippet:-1","max-image-preview":"max-image-preview:large","max-video-preview":"max-video-preview:-1"},"canonical":"https:\/\/kuzeyinsesi.org\/index.php\/2024\/08\/15\/vintage-bicycle-of-cyprus-bisiklet-sergisi-ve-kitap-tanitimi-yarin-yapiliyor\/","og_locale":"tr_TR","og_type":"article","og_title":"\u201cVintage Bicycle of Cyprus\u201d bisiklet sergisi ve kitap tan\u0131t\u0131m\u0131 yar\u0131n yap\u0131l\u0131yor - Kuzeyin Sesi","og_description":"Dr. Kenan Arifo\u011flu\u2019nun \u201cVintage Bicycle of Cyprus\u201d bisiklet sergisi ve \u201c\u0130ki Tekerlek \u00dczerinde Uzun Bir Zaman\u201d adl\u0131 kitab\u0131n\u0131n tan\u0131t\u0131m\u0131 yar\u0131n yap\u0131l\u0131yor. Gazima\u011fusa Belediyesi\u2019nden yap\u0131lan yaz\u0131l\u0131 a\u00e7\u0131klamaya g\u00f6re, Dr. Kenan Arifo\u011flu\u2019nun \u201cVintage Bicycle of Cyprus\u201d isimli bisiklet sergisinin a\u00e7\u0131l\u0131\u015f\u0131 ve kitap tan\u0131t\u0131m\u0131 etkinli\u011fi, Gazima\u011fusa Belediyesi Bandabuliya ve Ma\u011fusa Kent M\u00fczesi Derne\u011fi (MAKEM\u00dcD) i\u015f birli\u011finde, yar\u0131n saat [&hellip;]","og_url":"https:\/\/kuzeyinsesi.org\/index.php\/2024\/08\/15\/vintage-bicycle-of-cyprus-bisiklet-sergisi-ve-kitap-tanitimi-yarin-yapiliyor\/","og_site_name":"Kuzeyin Sesi","article_publisher":"https:\/\/www.facebook.com\/kuzeyinsesii","article_published_time":"2024-08-15T10:44:14+00:00","og_image":[{"url":"https:\/\/brtk.net\/wp-content\/uploads\/2024\/08\/15\/bbbbbb.jpg?ver=3229db5ceefaac13a7db5028d40b1d33","type":"","width":"","height":""}],"author":"Kuzeyin Sesi","twitter_card":"summary_large_image","twitter_creator":"@kuzeyinsesii","twitter_site":"@kuzeyinsesii","twitter_misc":{"Yazan:":"Kuzeyin Sesi","Tahmini okuma s\u00fcresi":"1 dakika"},"schema":{"@context":"https:\/\/schema.org","@graph":[{"@type":"Article","@id":"https:\/\/kuzeyinsesi.org\/index.php\/2024\/08\/15\/vintage-bicycle-of-cyprus-bisiklet-sergisi-ve-kitap-tanitimi-yarin-yapiliyor\/#article","isPartOf":{"@id":"https:\/\/kuzeyinsesi.org\/index.php\/2024\/08\/15\/vintage-bicycle-of-cyprus-bisiklet-sergisi-ve-kitap-tanitimi-yarin-yapiliyor\/"},"author":{"name":"Kuzeyin Sesi","@id":"https:\/\/kuzeyinsesi.org\/#\/schema\/person\/9f859689cdf01485597712386e37f5aa"},"headline":"\u201cVintage Bicycle of Cyprus\u201d bisiklet sergisi ve kitap tan\u0131t\u0131m\u0131 yar\u0131n yap\u0131l\u0131yor","datePublished":"2024-08-15T10:44:14+00:00","mainEntityOfPage":{"@id":"https:\/\/kuzeyinsesi.org\/index.php\/2024\/08\/15\/vintage-bicycle-of-cyprus-bisiklet-sergisi-ve-kitap-tanitimi-yarin-yapiliyor\/"},"wordCount":137,"commentCount":0,"image":{"@id":"https:\/\/kuzeyinsesi.org\/index.php\/2024\/08\/15\/vintage-bicycle-of-cyprus-bisiklet-sergisi-ve-kitap-tanitimi-yarin-yapiliyor\/#primaryimage"},"thumbnailUrl":"https:\/\/kuzeyinsesi.org\/wp-content\/uploads\/2024\/08\/bbbbbb.jpg","articleSection":["Ya\u015fam"],"inLanguage":"tr","potentialAction":[{"@type":"CommentAction","name":"Comment","target":["https:\/\/kuzeyinsesi.org\/index.php\/2024\/08\/15\/vintage-bicycle-of-cyprus-bisiklet-sergisi-ve-kitap-tanitimi-yarin-yapiliyor\/#respond"]}]},{"@type":"WebPage","@id":"https:\/\/kuzeyinsesi.org\/index.php\/2024\/08\/15\/vintage-bicycle-of-cyprus-bisiklet-sergisi-ve-kitap-tanitimi-yarin-yapiliyor\/","url":"https:\/\/kuzeyinsesi.org\/index.php\/2024\/08\/15\/vintage-bicycle-of-cyprus-bisiklet-sergisi-ve-kitap-tanitimi-yarin-yapiliyor\/","name":"\u201cVintage Bicycle of Cyprus\u201d bisiklet sergisi ve kitap tan\u0131t\u0131m\u0131 yar\u0131n yap\u0131l\u0131yor - Kuzeyin Sesi","isPartOf":{"@id":"https:\/\/kuzeyinsesi.org\/#website"},"primaryImageOfPage":{"@id":"https:\/\/kuzeyinsesi.org\/index.php\/2024\/08\/15\/vintage-bicycle-of-cyprus-bisiklet-sergisi-ve-kitap-tanitimi-yarin-yapiliyor\/#primaryimage"},"image":{"@id":"https:\/\/kuzeyinsesi.org\/index.php\/2024\/08\/15\/vintage-bicycle-of-cyprus-bisiklet-sergisi-ve-kitap-tanitimi-yarin-yapiliyor\/#primaryimage"},"thumbnailUrl":"https:\/\/kuzeyinsesi.org\/wp-content\/uploads\/2024\/08\/bbbbbb.jpg","datePublished":"2024-08-15T10:44:14+00:00","author":{"@id":"https:\/\/kuzeyinsesi.org\/#\/schema\/person\/9f859689cdf01485597712386e37f5aa"},"breadcrumb":{"@id":"https:\/\/kuzeyinsesi.org\/index.php\/2024\/08\/15\/vintage-bicycle-of-cyprus-bisiklet-sergisi-ve-kitap-tanitimi-yarin-yapiliyor\/#breadcrumb"},"inLanguage":"tr","potentialAction":[{"@type":"ReadAction","target":["https:\/\/kuzeyinsesi.org\/index.php\/2024\/08\/15\/vintage-bicycle-of-cyprus-bisiklet-sergisi-ve-kitap-tanitimi-yarin-yapiliyor\/"]}]},{"@type":"ImageObject","inLanguage":"tr","@id":"https:\/\/kuzeyinsesi.org\/index.php\/2024\/08\/15\/vintage-bicycle-of-cyprus-bisiklet-sergisi-ve-kitap-tanitimi-yarin-yapiliyor\/#primaryimage","url":"https:\/\/kuzeyinsesi.org\/wp-content\/uploads\/2024\/08\/bbbbbb.jpg","contentUrl":"https:\/\/kuzeyinsesi.org\/wp-content\/uploads\/2024\/08\/bbbbbb.jpg","width":1135,"height":508},{"@type":"BreadcrumbList","@id":"https:\/\/kuzeyinsesi.org\/index.php\/2024\/08\/15\/vintage-bicycle-of-cyprus-bisiklet-sergisi-ve-kitap-tanitimi-yarin-yapiliyor\/#breadcrumb","itemListElement":[{"@type":"ListItem","position":1,"name":"Anasayfa","item":"https:\/\/kuzeyinsesi.org\/"},{"@type":"ListItem","position":2,"name":"\u201cVintage Bicycle of Cyprus\u201d bisiklet sergisi ve kitap tan\u0131t\u0131m\u0131 yar\u0131n yap\u0131l\u0131yor"}]},{"@type":"WebSite","@id":"https:\/\/kuzeyinsesi.org\/#website","url":"https:\/\/kuzeyinsesi.org\/","name":"Kuzeyin Sesi","description":"Do\u011fru Haberin Adresi","potentialAction":[{"@type":"SearchAction","target":{"@type":"EntryPoint","urlTemplate":"https:\/\/kuzeyinsesi.org\/?s={search_term_string}"},"query-input":{"@type":"PropertyValueSpecification","valueRequired":true,"valueName":"search_term_string"}}],"inLanguage":"tr"},{"@type":"Person","@id":"https:\/\/kuzeyinsesi.org\/#\/schema\/person\/9f859689cdf01485597712386e37f5aa","name":"Kuzeyin Sesi","image":{"@type":"ImageObject","inLanguage":"tr","@id":"https:\/\/secure.gravatar.com\/avatar\/bab33852abfd8b282518d6ed81826833d77c3c882d9ab608add591ccace47a44?s=96&d=mm&r=g","url":"https:\/\/secure.gravatar.com\/avatar\/bab33852abfd8b282518d6ed81826833d77c3c882d9ab608add591ccace47a44?s=96&d=mm&r=g","contentUrl":"https:\/\/secure.gravatar.com\/avatar\/bab33852abfd8b282518d6ed81826833d77c3c882d9ab608add591ccace47a44?s=96&d=mm&r=g","caption":"Kuzeyin Sesi"},"sameAs":["https:\/\/kuzeyinsesi.org"],"url":"https:\/\/kuzeyinsesi.org\/index.php\/author\/guven\/"}]}},"_links":{"self":[{"href":"https:\/\/kuzeyinsesi.org\/index.php\/wp-json\/wp\/v2\/posts\/7987","targetHints":{"allow":["GET"]}}],"collection":[{"href":"https:\/\/kuzeyinsesi.org\/index.php\/wp-json\/wp\/v2\/posts"}],"about":[{"href":"https:\/\/kuzeyinsesi.org\/index.php\/wp-json\/wp\/v2\/types\/post"}],"author":[{"embeddable":true,"href":"https:\/\/kuzeyinsesi.org\/index.php\/wp-json\/wp\/v2\/users\/1"}],"replies":[{"embeddable":true,"href":"https:\/\/kuzeyinsesi.org\/index.php\/wp-json\/wp\/v2\/comments?post=7987"}],"version-history":[{"count":0,"href":"https:\/\/kuzeyinsesi.org\/index.php\/wp-json\/wp\/v2\/posts\/7987\/revisions"}],"wp:featuredmedia":[{"embeddable":true,"href":"https:\/\/kuzeyinsesi.org\/index.php\/wp-json\/wp\/v2\/media\/7988"}],"wp:attachment":[{"href":"https:\/\/kuzeyinsesi.org\/index.php\/wp-json\/wp\/v2\/media?parent=7987"}],"wp:term":[{"taxonomy":"category","embeddable":true,"href":"https:\/\/kuzeyinsesi.org\/index.php\/wp-json\/wp\/v2\/categories?post=7987"},{"taxonomy":"post_tag","embeddable":true,"href":"https:\/\/kuzeyinsesi.org\/index.php\/wp-json\/wp\/v2\/tags?post=7987"}],"curies":[{"name":"wp","href":"https:\/\/api.w.org\/{rel}","templated":true}]}}