{"id":797,"date":"2024-04-28T16:22:11","date_gmt":"2024-04-28T13:22:11","guid":{"rendered":"https:\/\/kuzeyinsesi.com\/index.php\/2024\/04\/28\/temas-grubu-riyadda-filistini-gorustu\/"},"modified":"2024-04-28T16:22:11","modified_gmt":"2024-04-28T13:22:11","slug":"temas-grubu-riyadda-filistini-gorustu","status":"publish","type":"post","link":"https:\/\/kuzeyinsesi.org\/index.php\/2024\/04\/28\/temas-grubu-riyadda-filistini-gorustu\/","title":{"rendered":"Temas Grubu Riyad&#039;da Filistin&#039;i g\u00f6r\u00fc\u015ft\u00fc"},"content":{"rendered":"<p><\/p>\n<div>\n<p>&#13;<br \/>\n\tDiplomatik kaynaklardan edinilen bilgiye g\u00f6re, Temas Grubu&#8217;nun Riyad&#8217;da d\u00fczenledi\u011fi toplant\u0131 sona erdi.<\/p>\n<p>&#13;<br \/>\n\tToplant\u0131da 4 May\u0131s&#8217;ta Banjul&#8217;da d\u00fczenlenecek \u0130\u0130T Zirvesi&#8217;nde al\u0131nacak kararlar ele al\u0131nd\u0131.<\/p>\n<p>&#13;<br \/>\n\tFilistin&#8217;in devlet olarak tan\u0131nmas\u0131 s\u00fcrecinde at\u0131lacak ortak ad\u0131mlar\u0131n masaya yat\u0131r\u0131ld\u0131\u011f\u0131 toplant\u0131da, <a href=\"https:\/\/www.trthaber.com\/etiket\/israil\/\" target=\"_blank\" rel=\"noopener\">\u0130srail<\/a> ve \u0130srail&#8217;e destek veren \u00fclkelere kar\u015f\u0131 uygulanabilecek bask\u0131 unsurlar\u0131 de\u011ferlendirildi.<\/p>\n<div class=\"image-content\"><span class=\"image-spot\">[Foto\u011fraf: AA]<\/span><\/div>\n<p>&#13;<br \/>\n\tD\u0131\u015fi\u015fleri Bakan\u0131 Hakan Fidan, Temas Grubu toplant\u0131s\u0131n\u0131n yan\u0131 s\u0131ra Riyad&#8217;da \u00e7ok tarafl\u0131 ve ikili g\u00f6r\u00fc\u015fmelerini bug\u00fcn ve yar\u0131n s\u00fcrd\u00fcrecek.<\/p>\n<p>&#13;<br \/>\n\tFidan&#8217;\u0131n bug\u00fcn <a href=\"https:\/\/www.trthaber.com\/etiket\/urdun\/\" target=\"_blank\" rel=\"noopener\">\u00dcrd\u00fcn<\/a> D\u0131\u015fi\u015fleri Bakan\u0131 Eymen es-Safedi, <a href=\"https:\/\/www.trthaber.com\/etiket\/norvec\/\" target=\"_blank\" rel=\"noopener\">Norve\u00e7<\/a> D\u0131\u015fi\u015fleri Bakan\u0131 Espen Barth Eide, <a href=\"https:\/\/www.trthaber.com\/etiket\/yemen\/\" target=\"_blank\" rel=\"noopener\">Yemen<\/a> D\u0131\u015fi\u015fleri Bakan\u0131 \u015eai Muhsin Zindani, <a href=\"https:\/\/www.trthaber.com\/etiket\/avrupa-birligi\/\" target=\"_blank\" rel=\"noopener\">Avrupa Birli\u011fi<\/a> (AB) Komisyonu Ba\u015fkan Yard\u0131mc\u0131s\u0131 ve <a href=\"https:\/\/www.trthaber.com\/etiket\/ab\/\" target=\"_blank\" rel=\"noopener\">AB<\/a> D\u0131\u015f \u0130li\u015fkiler ve G\u00fcvenlik Politikas\u0131 Y\u00fcksek Temsilcisi Josep Borrell ile g\u00f6r\u00fc\u015fmesi planlan\u0131yor.<\/p>\n<\/p><\/div>\n","protected":false},"excerpt":{"rendered":"<p>&#13; Diplomatik kaynaklardan edinilen bilgiye g\u00f6re, Temas Grubu&#8217;nun Riyad&#8217;da d\u00fczenledi\u011fi toplant\u0131 sona erdi. &#13; Toplant\u0131da 4 May\u0131s&#8217;ta Banjul&#8217;da d\u00fczenlenecek \u0130\u0130T Zirvesi&#8217;nde al\u0131nacak kararlar ele al\u0131nd\u0131. &#13; Filistin&#8217;in devlet olarak tan\u0131nmas\u0131 s\u00fcrecinde at\u0131lacak ortak ad\u0131mlar\u0131n masaya yat\u0131r\u0131ld\u0131\u011f\u0131 toplant\u0131da, \u0130srail ve \u0130srail&#8217;e destek veren \u00fclkelere kar\u015f\u0131 uygulanabilecek bask\u0131 unsurlar\u0131 de\u011ferlendirildi. [Foto\u011fraf: AA] &#13; D\u0131\u015fi\u015fleri Bakan\u0131 Hakan Fidan, [&hellip;]<\/p>\n","protected":false},"author":1,"featured_media":798,"comment_status":"open","ping_status":"open","sticky":false,"template":"","format":"standard","meta":{"jnews-multi-image_gallery":[],"jnews_single_post":[],"jnews_primary_category":[],"jnews_social_meta":[],"jnews_override_counter":[],"footnotes":""},"categories":[2],"tags":[],"class_list":["post-797","post","type-post","status-publish","format-standard","has-post-thumbnail","hentry","category-dunya"],"yoast_head":"<!-- This site is optimized with the Yoast SEO plugin v27.5 - https:\/\/yoast.com\/product\/yoast-seo-wordpress\/ -->\n<title>Temas Grubu Riyad&#039;da Filistin&#039;i g\u00f6r\u00fc\u015ft\u00fc - Kuzeyin Sesi<\/title>\n<meta name=\"robots\" content=\"index, follow, max-snippet:-1, max-image-preview:large, max-video-preview:-1\" \/>\n<link rel=\"canonical\" href=\"https:\/\/kuzeyinsesi.org\/index.php\/2024\/04\/28\/temas-grubu-riyadda-filistini-gorustu\/\" \/>\n<meta property=\"og:locale\" content=\"tr_TR\" \/>\n<meta property=\"og:type\" content=\"article\" \/>\n<meta property=\"og:title\" content=\"Temas Grubu Riyad&#039;da Filistin&#039;i g\u00f6r\u00fc\u015ft\u00fc - Kuzeyin Sesi\" \/>\n<meta property=\"og:description\" content=\"&#013; Diplomatik kaynaklardan edinilen bilgiye g\u00f6re, Temas Grubu&#8217;nun Riyad&#8217;da d\u00fczenledi\u011fi toplant\u0131 sona erdi. &#013; Toplant\u0131da 4 May\u0131s&#8217;ta Banjul&#8217;da d\u00fczenlenecek \u0130\u0130T Zirvesi&#8217;nde al\u0131nacak kararlar ele al\u0131nd\u0131. &#013; Filistin&#8217;in devlet olarak tan\u0131nmas\u0131 s\u00fcrecinde at\u0131lacak ortak ad\u0131mlar\u0131n masaya yat\u0131r\u0131ld\u0131\u011f\u0131 toplant\u0131da, \u0130srail ve \u0130srail&#8217;e destek veren \u00fclkelere kar\u015f\u0131 uygulanabilecek bask\u0131 unsurlar\u0131 de\u011ferlendirildi. [Foto\u011fraf: AA] &#013; D\u0131\u015fi\u015fleri Bakan\u0131 Hakan Fidan, [&hellip;]\" \/>\n<meta property=\"og:url\" content=\"https:\/\/kuzeyinsesi.org\/index.php\/2024\/04\/28\/temas-grubu-riyadda-filistini-gorustu\/\" \/>\n<meta property=\"og:site_name\" content=\"Kuzeyin Sesi\" \/>\n<meta property=\"article:publisher\" content=\"https:\/\/www.facebook.com\/kuzeyinsesii\" \/>\n<meta property=\"article:published_time\" content=\"2024-04-28T13:22:11+00:00\" \/>\n<meta property=\"og:image\" content=\"https:\/\/kuzeyinsesi.org\/wp-content\/uploads\/2024\/04\/temas-grubu-a-2221103.jpg\" \/>\n\t<meta property=\"og:image:width\" content=\"1280\" \/>\n\t<meta property=\"og:image:height\" content=\"720\" \/>\n\t<meta property=\"og:image:type\" content=\"image\/jpeg\" \/>\n<meta name=\"author\" content=\"Kuzeyin Sesi\" \/>\n<meta name=\"twitter:card\" content=\"summary_large_image\" \/>\n<meta name=\"twitter:creator\" content=\"@kuzeyinsesii\" \/>\n<meta name=\"twitter:site\" content=\"@kuzeyinsesii\" \/>\n<meta name=\"twitter:label1\" content=\"Yazan:\" \/>\n\t<meta name=\"twitter:data1\" content=\"Kuzeyin Sesi\" \/>\n\t<meta name=\"twitter:label2\" content=\"Tahmini okuma s\u00fcresi\" \/>\n\t<meta name=\"twitter:data2\" content=\"1 dakika\" \/>\n<script type=\"application\/ld+json\" class=\"yoast-schema-graph\">{\"@context\":\"https:\\\/\\\/schema.org\",\"@graph\":[{\"@type\":\"Article\",\"@id\":\"https:\\\/\\\/kuzeyinsesi.org\\\/index.php\\\/2024\\\/04\\\/28\\\/temas-grubu-riyadda-filistini-gorustu\\\/#article\",\"isPartOf\":{\"@id\":\"https:\\\/\\\/kuzeyinsesi.org\\\/index.php\\\/2024\\\/04\\\/28\\\/temas-grubu-riyadda-filistini-gorustu\\\/\"},\"author\":{\"name\":\"Kuzeyin Sesi\",\"@id\":\"https:\\\/\\\/kuzeyinsesi.org\\\/#\\\/schema\\\/person\\\/9f859689cdf01485597712386e37f5aa\"},\"headline\":\"Temas Grubu Riyad&#039;da Filistin&#039;i g\u00f6r\u00fc\u015ft\u00fc\",\"datePublished\":\"2024-04-28T13:22:11+00:00\",\"mainEntityOfPage\":{\"@id\":\"https:\\\/\\\/kuzeyinsesi.org\\\/index.php\\\/2024\\\/04\\\/28\\\/temas-grubu-riyadda-filistini-gorustu\\\/\"},\"wordCount\":170,\"commentCount\":0,\"image\":{\"@id\":\"https:\\\/\\\/kuzeyinsesi.org\\\/index.php\\\/2024\\\/04\\\/28\\\/temas-grubu-riyadda-filistini-gorustu\\\/#primaryimage\"},\"thumbnailUrl\":\"https:\\\/\\\/kuzeyinsesi.org\\\/wp-content\\\/uploads\\\/2024\\\/04\\\/temas-grubu-a-2221103.jpg\",\"articleSection\":[\"D\u00fcnya\"],\"inLanguage\":\"tr\",\"potentialAction\":[{\"@type\":\"CommentAction\",\"name\":\"Comment\",\"target\":[\"https:\\\/\\\/kuzeyinsesi.org\\\/index.php\\\/2024\\\/04\\\/28\\\/temas-grubu-riyadda-filistini-gorustu\\\/#respond\"]}]},{\"@type\":\"WebPage\",\"@id\":\"https:\\\/\\\/kuzeyinsesi.org\\\/index.php\\\/2024\\\/04\\\/28\\\/temas-grubu-riyadda-filistini-gorustu\\\/\",\"url\":\"https:\\\/\\\/kuzeyinsesi.org\\\/index.php\\\/2024\\\/04\\\/28\\\/temas-grubu-riyadda-filistini-gorustu\\\/\",\"name\":\"Temas Grubu Riyad&#039;da Filistin&#039;i g\u00f6r\u00fc\u015ft\u00fc - Kuzeyin Sesi\",\"isPartOf\":{\"@id\":\"https:\\\/\\\/kuzeyinsesi.org\\\/#website\"},\"primaryImageOfPage\":{\"@id\":\"https:\\\/\\\/kuzeyinsesi.org\\\/index.php\\\/2024\\\/04\\\/28\\\/temas-grubu-riyadda-filistini-gorustu\\\/#primaryimage\"},\"image\":{\"@id\":\"https:\\\/\\\/kuzeyinsesi.org\\\/index.php\\\/2024\\\/04\\\/28\\\/temas-grubu-riyadda-filistini-gorustu\\\/#primaryimage\"},\"thumbnailUrl\":\"https:\\\/\\\/kuzeyinsesi.org\\\/wp-content\\\/uploads\\\/2024\\\/04\\\/temas-grubu-a-2221103.jpg\",\"datePublished\":\"2024-04-28T13:22:11+00:00\",\"author\":{\"@id\":\"https:\\\/\\\/kuzeyinsesi.org\\\/#\\\/schema\\\/person\\\/9f859689cdf01485597712386e37f5aa\"},\"breadcrumb\":{\"@id\":\"https:\\\/\\\/kuzeyinsesi.org\\\/index.php\\\/2024\\\/04\\\/28\\\/temas-grubu-riyadda-filistini-gorustu\\\/#breadcrumb\"},\"inLanguage\":\"tr\",\"potentialAction\":[{\"@type\":\"ReadAction\",\"target\":[\"https:\\\/\\\/kuzeyinsesi.org\\\/index.php\\\/2024\\\/04\\\/28\\\/temas-grubu-riyadda-filistini-gorustu\\\/\"]}]},{\"@type\":\"ImageObject\",\"inLanguage\":\"tr\",\"@id\":\"https:\\\/\\\/kuzeyinsesi.org\\\/index.php\\\/2024\\\/04\\\/28\\\/temas-grubu-riyadda-filistini-gorustu\\\/#primaryimage\",\"url\":\"https:\\\/\\\/kuzeyinsesi.org\\\/wp-content\\\/uploads\\\/2024\\\/04\\\/temas-grubu-a-2221103.jpg\",\"contentUrl\":\"https:\\\/\\\/kuzeyinsesi.org\\\/wp-content\\\/uploads\\\/2024\\\/04\\\/temas-grubu-a-2221103.jpg\",\"width\":1280,\"height\":720},{\"@type\":\"BreadcrumbList\",\"@id\":\"https:\\\/\\\/kuzeyinsesi.org\\\/index.php\\\/2024\\\/04\\\/28\\\/temas-grubu-riyadda-filistini-gorustu\\\/#breadcrumb\",\"itemListElement\":[{\"@type\":\"ListItem\",\"position\":1,\"name\":\"Anasayfa\",\"item\":\"https:\\\/\\\/kuzeyinsesi.org\\\/\"},{\"@type\":\"ListItem\",\"position\":2,\"name\":\"Temas Grubu Riyad&#039;da Filistin&#039;i g\u00f6r\u00fc\u015ft\u00fc\"}]},{\"@type\":\"WebSite\",\"@id\":\"https:\\\/\\\/kuzeyinsesi.org\\\/#website\",\"url\":\"https:\\\/\\\/kuzeyinsesi.org\\\/\",\"name\":\"Kuzeyin Sesi\",\"description\":\"Do\u011fru Haberin Adresi\",\"potentialAction\":[{\"@type\":\"SearchAction\",\"target\":{\"@type\":\"EntryPoint\",\"urlTemplate\":\"https:\\\/\\\/kuzeyinsesi.org\\\/?s={search_term_string}\"},\"query-input\":{\"@type\":\"PropertyValueSpecification\",\"valueRequired\":true,\"valueName\":\"search_term_string\"}}],\"inLanguage\":\"tr\"},{\"@type\":\"Person\",\"@id\":\"https:\\\/\\\/kuzeyinsesi.org\\\/#\\\/schema\\\/person\\\/9f859689cdf01485597712386e37f5aa\",\"name\":\"Kuzeyin Sesi\",\"image\":{\"@type\":\"ImageObject\",\"inLanguage\":\"tr\",\"@id\":\"https:\\\/\\\/secure.gravatar.com\\\/avatar\\\/bab33852abfd8b282518d6ed81826833d77c3c882d9ab608add591ccace47a44?s=96&d=mm&r=g\",\"url\":\"https:\\\/\\\/secure.gravatar.com\\\/avatar\\\/bab33852abfd8b282518d6ed81826833d77c3c882d9ab608add591ccace47a44?s=96&d=mm&r=g\",\"contentUrl\":\"https:\\\/\\\/secure.gravatar.com\\\/avatar\\\/bab33852abfd8b282518d6ed81826833d77c3c882d9ab608add591ccace47a44?s=96&d=mm&r=g\",\"caption\":\"Kuzeyin Sesi\"},\"sameAs\":[\"https:\\\/\\\/kuzeyinsesi.org\"],\"url\":\"https:\\\/\\\/kuzeyinsesi.org\\\/index.php\\\/author\\\/guven\\\/\"}]}<\/script>\n<!-- \/ Yoast SEO plugin. -->","yoast_head_json":{"title":"Temas Grubu Riyad&#039;da Filistin&#039;i g\u00f6r\u00fc\u015ft\u00fc - Kuzeyin Sesi","robots":{"index":"index","follow":"follow","max-snippet":"max-snippet:-1","max-image-preview":"max-image-preview:large","max-video-preview":"max-video-preview:-1"},"canonical":"https:\/\/kuzeyinsesi.org\/index.php\/2024\/04\/28\/temas-grubu-riyadda-filistini-gorustu\/","og_locale":"tr_TR","og_type":"article","og_title":"Temas Grubu Riyad&#039;da Filistin&#039;i g\u00f6r\u00fc\u015ft\u00fc - Kuzeyin Sesi","og_description":"&#13; Diplomatik kaynaklardan edinilen bilgiye g\u00f6re, Temas Grubu&#8217;nun Riyad&#8217;da d\u00fczenledi\u011fi toplant\u0131 sona erdi. &#13; Toplant\u0131da 4 May\u0131s&#8217;ta Banjul&#8217;da d\u00fczenlenecek \u0130\u0130T Zirvesi&#8217;nde al\u0131nacak kararlar ele al\u0131nd\u0131. &#13; Filistin&#8217;in devlet olarak tan\u0131nmas\u0131 s\u00fcrecinde at\u0131lacak ortak ad\u0131mlar\u0131n masaya yat\u0131r\u0131ld\u0131\u011f\u0131 toplant\u0131da, \u0130srail ve \u0130srail&#8217;e destek veren \u00fclkelere kar\u015f\u0131 uygulanabilecek bask\u0131 unsurlar\u0131 de\u011ferlendirildi. [Foto\u011fraf: AA] &#13; D\u0131\u015fi\u015fleri Bakan\u0131 Hakan Fidan, [&hellip;]","og_url":"https:\/\/kuzeyinsesi.org\/index.php\/2024\/04\/28\/temas-grubu-riyadda-filistini-gorustu\/","og_site_name":"Kuzeyin Sesi","article_publisher":"https:\/\/www.facebook.com\/kuzeyinsesii","article_published_time":"2024-04-28T13:22:11+00:00","og_image":[{"width":1280,"height":720,"url":"https:\/\/kuzeyinsesi.org\/wp-content\/uploads\/2024\/04\/temas-grubu-a-2221103.jpg","type":"image\/jpeg"}],"author":"Kuzeyin Sesi","twitter_card":"summary_large_image","twitter_creator":"@kuzeyinsesii","twitter_site":"@kuzeyinsesii","twitter_misc":{"Yazan:":"Kuzeyin Sesi","Tahmini okuma s\u00fcresi":"1 dakika"},"schema":{"@context":"https:\/\/schema.org","@graph":[{"@type":"Article","@id":"https:\/\/kuzeyinsesi.org\/index.php\/2024\/04\/28\/temas-grubu-riyadda-filistini-gorustu\/#article","isPartOf":{"@id":"https:\/\/kuzeyinsesi.org\/index.php\/2024\/04\/28\/temas-grubu-riyadda-filistini-gorustu\/"},"author":{"name":"Kuzeyin Sesi","@id":"https:\/\/kuzeyinsesi.org\/#\/schema\/person\/9f859689cdf01485597712386e37f5aa"},"headline":"Temas Grubu Riyad&#039;da Filistin&#039;i g\u00f6r\u00fc\u015ft\u00fc","datePublished":"2024-04-28T13:22:11+00:00","mainEntityOfPage":{"@id":"https:\/\/kuzeyinsesi.org\/index.php\/2024\/04\/28\/temas-grubu-riyadda-filistini-gorustu\/"},"wordCount":170,"commentCount":0,"image":{"@id":"https:\/\/kuzeyinsesi.org\/index.php\/2024\/04\/28\/temas-grubu-riyadda-filistini-gorustu\/#primaryimage"},"thumbnailUrl":"https:\/\/kuzeyinsesi.org\/wp-content\/uploads\/2024\/04\/temas-grubu-a-2221103.jpg","articleSection":["D\u00fcnya"],"inLanguage":"tr","potentialAction":[{"@type":"CommentAction","name":"Comment","target":["https:\/\/kuzeyinsesi.org\/index.php\/2024\/04\/28\/temas-grubu-riyadda-filistini-gorustu\/#respond"]}]},{"@type":"WebPage","@id":"https:\/\/kuzeyinsesi.org\/index.php\/2024\/04\/28\/temas-grubu-riyadda-filistini-gorustu\/","url":"https:\/\/kuzeyinsesi.org\/index.php\/2024\/04\/28\/temas-grubu-riyadda-filistini-gorustu\/","name":"Temas Grubu Riyad&#039;da Filistin&#039;i g\u00f6r\u00fc\u015ft\u00fc - Kuzeyin Sesi","isPartOf":{"@id":"https:\/\/kuzeyinsesi.org\/#website"},"primaryImageOfPage":{"@id":"https:\/\/kuzeyinsesi.org\/index.php\/2024\/04\/28\/temas-grubu-riyadda-filistini-gorustu\/#primaryimage"},"image":{"@id":"https:\/\/kuzeyinsesi.org\/index.php\/2024\/04\/28\/temas-grubu-riyadda-filistini-gorustu\/#primaryimage"},"thumbnailUrl":"https:\/\/kuzeyinsesi.org\/wp-content\/uploads\/2024\/04\/temas-grubu-a-2221103.jpg","datePublished":"2024-04-28T13:22:11+00:00","author":{"@id":"https:\/\/kuzeyinsesi.org\/#\/schema\/person\/9f859689cdf01485597712386e37f5aa"},"breadcrumb":{"@id":"https:\/\/kuzeyinsesi.org\/index.php\/2024\/04\/28\/temas-grubu-riyadda-filistini-gorustu\/#breadcrumb"},"inLanguage":"tr","potentialAction":[{"@type":"ReadAction","target":["https:\/\/kuzeyinsesi.org\/index.php\/2024\/04\/28\/temas-grubu-riyadda-filistini-gorustu\/"]}]},{"@type":"ImageObject","inLanguage":"tr","@id":"https:\/\/kuzeyinsesi.org\/index.php\/2024\/04\/28\/temas-grubu-riyadda-filistini-gorustu\/#primaryimage","url":"https:\/\/kuzeyinsesi.org\/wp-content\/uploads\/2024\/04\/temas-grubu-a-2221103.jpg","contentUrl":"https:\/\/kuzeyinsesi.org\/wp-content\/uploads\/2024\/04\/temas-grubu-a-2221103.jpg","width":1280,"height":720},{"@type":"BreadcrumbList","@id":"https:\/\/kuzeyinsesi.org\/index.php\/2024\/04\/28\/temas-grubu-riyadda-filistini-gorustu\/#breadcrumb","itemListElement":[{"@type":"ListItem","position":1,"name":"Anasayfa","item":"https:\/\/kuzeyinsesi.org\/"},{"@type":"ListItem","position":2,"name":"Temas Grubu Riyad&#039;da Filistin&#039;i g\u00f6r\u00fc\u015ft\u00fc"}]},{"@type":"WebSite","@id":"https:\/\/kuzeyinsesi.org\/#website","url":"https:\/\/kuzeyinsesi.org\/","name":"Kuzeyin Sesi","description":"Do\u011fru Haberin Adresi","potentialAction":[{"@type":"SearchAction","target":{"@type":"EntryPoint","urlTemplate":"https:\/\/kuzeyinsesi.org\/?s={search_term_string}"},"query-input":{"@type":"PropertyValueSpecification","valueRequired":true,"valueName":"search_term_string"}}],"inLanguage":"tr"},{"@type":"Person","@id":"https:\/\/kuzeyinsesi.org\/#\/schema\/person\/9f859689cdf01485597712386e37f5aa","name":"Kuzeyin Sesi","image":{"@type":"ImageObject","inLanguage":"tr","@id":"https:\/\/secure.gravatar.com\/avatar\/bab33852abfd8b282518d6ed81826833d77c3c882d9ab608add591ccace47a44?s=96&d=mm&r=g","url":"https:\/\/secure.gravatar.com\/avatar\/bab33852abfd8b282518d6ed81826833d77c3c882d9ab608add591ccace47a44?s=96&d=mm&r=g","contentUrl":"https:\/\/secure.gravatar.com\/avatar\/bab33852abfd8b282518d6ed81826833d77c3c882d9ab608add591ccace47a44?s=96&d=mm&r=g","caption":"Kuzeyin Sesi"},"sameAs":["https:\/\/kuzeyinsesi.org"],"url":"https:\/\/kuzeyinsesi.org\/index.php\/author\/guven\/"}]}},"_links":{"self":[{"href":"https:\/\/kuzeyinsesi.org\/index.php\/wp-json\/wp\/v2\/posts\/797","targetHints":{"allow":["GET"]}}],"collection":[{"href":"https:\/\/kuzeyinsesi.org\/index.php\/wp-json\/wp\/v2\/posts"}],"about":[{"href":"https:\/\/kuzeyinsesi.org\/index.php\/wp-json\/wp\/v2\/types\/post"}],"author":[{"embeddable":true,"href":"https:\/\/kuzeyinsesi.org\/index.php\/wp-json\/wp\/v2\/users\/1"}],"replies":[{"embeddable":true,"href":"https:\/\/kuzeyinsesi.org\/index.php\/wp-json\/wp\/v2\/comments?post=797"}],"version-history":[{"count":0,"href":"https:\/\/kuzeyinsesi.org\/index.php\/wp-json\/wp\/v2\/posts\/797\/revisions"}],"wp:featuredmedia":[{"embeddable":true,"href":"https:\/\/kuzeyinsesi.org\/index.php\/wp-json\/wp\/v2\/media\/798"}],"wp:attachment":[{"href":"https:\/\/kuzeyinsesi.org\/index.php\/wp-json\/wp\/v2\/media?parent=797"}],"wp:term":[{"taxonomy":"category","embeddable":true,"href":"https:\/\/kuzeyinsesi.org\/index.php\/wp-json\/wp\/v2\/categories?post=797"},{"taxonomy":"post_tag","embeddable":true,"href":"https:\/\/kuzeyinsesi.org\/index.php\/wp-json\/wp\/v2\/tags?post=797"}],"curies":[{"name":"wp","href":"https:\/\/api.w.org\/{rel}","templated":true}]}}