{"id":795,"date":"2024-04-28T15:21:20","date_gmt":"2024-04-28T12:21:20","guid":{"rendered":"https:\/\/kuzeyinsesi.com\/index.php\/2024\/04\/28\/gazzede-israil-saldirisi-sonucu-son-24-saatte-66-filistinli-hayatini-kaybetti\/"},"modified":"2024-04-28T15:21:20","modified_gmt":"2024-04-28T12:21:20","slug":"gazzede-israil-saldirisi-sonucu-son-24-saatte-66-filistinli-hayatini-kaybetti","status":"publish","type":"post","link":"https:\/\/kuzeyinsesi.org\/index.php\/2024\/04\/28\/gazzede-israil-saldirisi-sonucu-son-24-saatte-66-filistinli-hayatini-kaybetti\/","title":{"rendered":"Gazze&#039;de \u0130srail sald\u0131r\u0131s\u0131 sonucu son 24 saatte 66 Filistinli hayat\u0131n\u0131 kaybetti"},"content":{"rendered":"<p><\/p>\n<div>\n<p>&#13;<br \/>\n\tGazze&#8217;deki Sa\u011fl\u0131k Bakanl\u0131\u011f\u0131ndan yap\u0131lan a\u00e7\u0131klamada, &#8220;\u0130srail, sald\u0131r\u0131lar\u0131n 205. g\u00fcn\u00fcnde 7 <a href=\"https:\/\/www.trthaber.com\/etiket\/katliam\/\" target=\"_blank\" rel=\"noopener\">katliam<\/a> yaparak 66 ki\u015fiyi \u015fehit etti ve 138 ki\u015fiyi yaralad\u0131.&#8221; denildi.<\/p>\n<p>&#13;<br \/>\n\t<a href=\"https:\/\/www.trthaber.com\/etiket\/israil\/\" target=\"_blank\" rel=\"noopener\">\u0130srail<\/a> sald\u0131r\u0131lar\u0131n\u0131n ba\u015flad\u0131\u011f\u0131 7 Ekim tarihinden bu yana \u00f6ld\u00fcr\u00fclen Filistinlilerin say\u0131s\u0131n\u0131n 34 bin 454&#8217;e, yaral\u0131 say\u0131s\u0131n\u0131n 77 bin 575&#8217;e \u00e7\u0131kt\u0131\u011f\u0131 duyuruldu.<\/p>\n<p>&#13;<br \/>\n\tA\u00e7\u0131klamada, enkaz alt\u0131nda ve yollarda <a href=\"https:\/\/www.trthaber.com\/etiket\/ambulans\/\" target=\"_blank\" rel=\"noopener\">ambulans<\/a> ve sivil savunma ekiplerinin ula\u015famad\u0131\u011f\u0131 \u00e7ok say\u0131da \u00f6l\u00fcn\u00fcn bulundu\u011fu da vurguland\u0131.<\/p>\n<\/p><\/div>\n","protected":false},"excerpt":{"rendered":"<p>&#13; Gazze&#8217;deki Sa\u011fl\u0131k Bakanl\u0131\u011f\u0131ndan yap\u0131lan a\u00e7\u0131klamada, &#8220;\u0130srail, sald\u0131r\u0131lar\u0131n 205. g\u00fcn\u00fcnde 7 katliam yaparak 66 ki\u015fiyi \u015fehit etti ve 138 ki\u015fiyi yaralad\u0131.&#8221; denildi. &#13; \u0130srail sald\u0131r\u0131lar\u0131n\u0131n ba\u015flad\u0131\u011f\u0131 7 Ekim tarihinden bu yana \u00f6ld\u00fcr\u00fclen Filistinlilerin say\u0131s\u0131n\u0131n 34 bin 454&#8217;e, yaral\u0131 say\u0131s\u0131n\u0131n 77 bin 575&#8217;e \u00e7\u0131kt\u0131\u011f\u0131 duyuruldu. &#13; A\u00e7\u0131klamada, enkaz alt\u0131nda ve yollarda ambulans ve sivil savunma ekiplerinin [&hellip;]<\/p>\n","protected":false},"author":1,"featured_media":796,"comment_status":"open","ping_status":"open","sticky":false,"template":"","format":"standard","meta":{"jnews-multi-image_gallery":[],"jnews_single_post":[],"jnews_primary_category":[],"jnews_social_meta":[],"jnews_override_counter":[],"footnotes":""},"categories":[2],"tags":[],"class_list":["post-795","post","type-post","status-publish","format-standard","has-post-thumbnail","hentry","category-dunya"],"yoast_head":"<!-- This site is optimized with the Yoast SEO plugin v27.5 - https:\/\/yoast.com\/product\/yoast-seo-wordpress\/ -->\n<title>Gazze&#039;de \u0130srail sald\u0131r\u0131s\u0131 sonucu son 24 saatte 66 Filistinli hayat\u0131n\u0131 kaybetti - Kuzeyin Sesi<\/title>\n<meta name=\"robots\" content=\"index, follow, max-snippet:-1, max-image-preview:large, max-video-preview:-1\" \/>\n<link rel=\"canonical\" href=\"https:\/\/kuzeyinsesi.org\/index.php\/2024\/04\/28\/gazzede-israil-saldirisi-sonucu-son-24-saatte-66-filistinli-hayatini-kaybetti\/\" \/>\n<meta property=\"og:locale\" content=\"tr_TR\" \/>\n<meta property=\"og:type\" content=\"article\" \/>\n<meta property=\"og:title\" content=\"Gazze&#039;de \u0130srail sald\u0131r\u0131s\u0131 sonucu son 24 saatte 66 Filistinli hayat\u0131n\u0131 kaybetti - Kuzeyin Sesi\" \/>\n<meta property=\"og:description\" content=\"&#013; Gazze&#8217;deki Sa\u011fl\u0131k Bakanl\u0131\u011f\u0131ndan yap\u0131lan a\u00e7\u0131klamada, &#8220;\u0130srail, sald\u0131r\u0131lar\u0131n 205. g\u00fcn\u00fcnde 7 katliam yaparak 66 ki\u015fiyi \u015fehit etti ve 138 ki\u015fiyi yaralad\u0131.&#8221; denildi. &#013; \u0130srail sald\u0131r\u0131lar\u0131n\u0131n ba\u015flad\u0131\u011f\u0131 7 Ekim tarihinden bu yana \u00f6ld\u00fcr\u00fclen Filistinlilerin say\u0131s\u0131n\u0131n 34 bin 454&#8217;e, yaral\u0131 say\u0131s\u0131n\u0131n 77 bin 575&#8217;e \u00e7\u0131kt\u0131\u011f\u0131 duyuruldu. &#013; A\u00e7\u0131klamada, enkaz alt\u0131nda ve yollarda ambulans ve sivil savunma ekiplerinin [&hellip;]\" \/>\n<meta property=\"og:url\" content=\"https:\/\/kuzeyinsesi.org\/index.php\/2024\/04\/28\/gazzede-israil-saldirisi-sonucu-son-24-saatte-66-filistinli-hayatini-kaybetti\/\" \/>\n<meta property=\"og:site_name\" content=\"Kuzeyin Sesi\" \/>\n<meta property=\"article:publisher\" content=\"https:\/\/www.facebook.com\/kuzeyinsesii\" \/>\n<meta property=\"article:published_time\" content=\"2024-04-28T12:21:20+00:00\" \/>\n<meta property=\"og:image\" content=\"https:\/\/kuzeyinsesi.org\/wp-content\/uploads\/2024\/04\/1714306881_gazze-aa-2214634.jpg\" \/>\n\t<meta property=\"og:image:width\" content=\"1280\" \/>\n\t<meta property=\"og:image:height\" content=\"720\" \/>\n\t<meta property=\"og:image:type\" content=\"image\/jpeg\" \/>\n<meta name=\"author\" content=\"Kuzeyin Sesi\" \/>\n<meta name=\"twitter:card\" content=\"summary_large_image\" \/>\n<meta name=\"twitter:creator\" content=\"@kuzeyinsesii\" \/>\n<meta name=\"twitter:site\" content=\"@kuzeyinsesii\" \/>\n<meta name=\"twitter:label1\" content=\"Yazan:\" \/>\n\t<meta name=\"twitter:data1\" content=\"Kuzeyin Sesi\" \/>\n<script type=\"application\/ld+json\" class=\"yoast-schema-graph\">{\"@context\":\"https:\\\/\\\/schema.org\",\"@graph\":[{\"@type\":\"Article\",\"@id\":\"https:\\\/\\\/kuzeyinsesi.org\\\/index.php\\\/2024\\\/04\\\/28\\\/gazzede-israil-saldirisi-sonucu-son-24-saatte-66-filistinli-hayatini-kaybetti\\\/#article\",\"isPartOf\":{\"@id\":\"https:\\\/\\\/kuzeyinsesi.org\\\/index.php\\\/2024\\\/04\\\/28\\\/gazzede-israil-saldirisi-sonucu-son-24-saatte-66-filistinli-hayatini-kaybetti\\\/\"},\"author\":{\"name\":\"Kuzeyin Sesi\",\"@id\":\"https:\\\/\\\/kuzeyinsesi.org\\\/#\\\/schema\\\/person\\\/9f859689cdf01485597712386e37f5aa\"},\"headline\":\"Gazze&#039;de \u0130srail sald\u0131r\u0131s\u0131 sonucu son 24 saatte 66 Filistinli hayat\u0131n\u0131 kaybetti\",\"datePublished\":\"2024-04-28T12:21:20+00:00\",\"mainEntityOfPage\":{\"@id\":\"https:\\\/\\\/kuzeyinsesi.org\\\/index.php\\\/2024\\\/04\\\/28\\\/gazzede-israil-saldirisi-sonucu-son-24-saatte-66-filistinli-hayatini-kaybetti\\\/\"},\"wordCount\":98,\"commentCount\":0,\"image\":{\"@id\":\"https:\\\/\\\/kuzeyinsesi.org\\\/index.php\\\/2024\\\/04\\\/28\\\/gazzede-israil-saldirisi-sonucu-son-24-saatte-66-filistinli-hayatini-kaybetti\\\/#primaryimage\"},\"thumbnailUrl\":\"https:\\\/\\\/kuzeyinsesi.org\\\/wp-content\\\/uploads\\\/2024\\\/04\\\/1714306881_gazze-aa-2214634.jpg\",\"articleSection\":[\"D\u00fcnya\"],\"inLanguage\":\"tr\",\"potentialAction\":[{\"@type\":\"CommentAction\",\"name\":\"Comment\",\"target\":[\"https:\\\/\\\/kuzeyinsesi.org\\\/index.php\\\/2024\\\/04\\\/28\\\/gazzede-israil-saldirisi-sonucu-son-24-saatte-66-filistinli-hayatini-kaybetti\\\/#respond\"]}]},{\"@type\":\"WebPage\",\"@id\":\"https:\\\/\\\/kuzeyinsesi.org\\\/index.php\\\/2024\\\/04\\\/28\\\/gazzede-israil-saldirisi-sonucu-son-24-saatte-66-filistinli-hayatini-kaybetti\\\/\",\"url\":\"https:\\\/\\\/kuzeyinsesi.org\\\/index.php\\\/2024\\\/04\\\/28\\\/gazzede-israil-saldirisi-sonucu-son-24-saatte-66-filistinli-hayatini-kaybetti\\\/\",\"name\":\"Gazze&#039;de \u0130srail sald\u0131r\u0131s\u0131 sonucu son 24 saatte 66 Filistinli hayat\u0131n\u0131 kaybetti - Kuzeyin Sesi\",\"isPartOf\":{\"@id\":\"https:\\\/\\\/kuzeyinsesi.org\\\/#website\"},\"primaryImageOfPage\":{\"@id\":\"https:\\\/\\\/kuzeyinsesi.org\\\/index.php\\\/2024\\\/04\\\/28\\\/gazzede-israil-saldirisi-sonucu-son-24-saatte-66-filistinli-hayatini-kaybetti\\\/#primaryimage\"},\"image\":{\"@id\":\"https:\\\/\\\/kuzeyinsesi.org\\\/index.php\\\/2024\\\/04\\\/28\\\/gazzede-israil-saldirisi-sonucu-son-24-saatte-66-filistinli-hayatini-kaybetti\\\/#primaryimage\"},\"thumbnailUrl\":\"https:\\\/\\\/kuzeyinsesi.org\\\/wp-content\\\/uploads\\\/2024\\\/04\\\/1714306881_gazze-aa-2214634.jpg\",\"datePublished\":\"2024-04-28T12:21:20+00:00\",\"author\":{\"@id\":\"https:\\\/\\\/kuzeyinsesi.org\\\/#\\\/schema\\\/person\\\/9f859689cdf01485597712386e37f5aa\"},\"breadcrumb\":{\"@id\":\"https:\\\/\\\/kuzeyinsesi.org\\\/index.php\\\/2024\\\/04\\\/28\\\/gazzede-israil-saldirisi-sonucu-son-24-saatte-66-filistinli-hayatini-kaybetti\\\/#breadcrumb\"},\"inLanguage\":\"tr\",\"potentialAction\":[{\"@type\":\"ReadAction\",\"target\":[\"https:\\\/\\\/kuzeyinsesi.org\\\/index.php\\\/2024\\\/04\\\/28\\\/gazzede-israil-saldirisi-sonucu-son-24-saatte-66-filistinli-hayatini-kaybetti\\\/\"]}]},{\"@type\":\"ImageObject\",\"inLanguage\":\"tr\",\"@id\":\"https:\\\/\\\/kuzeyinsesi.org\\\/index.php\\\/2024\\\/04\\\/28\\\/gazzede-israil-saldirisi-sonucu-son-24-saatte-66-filistinli-hayatini-kaybetti\\\/#primaryimage\",\"url\":\"https:\\\/\\\/kuzeyinsesi.org\\\/wp-content\\\/uploads\\\/2024\\\/04\\\/1714306881_gazze-aa-2214634.jpg\",\"contentUrl\":\"https:\\\/\\\/kuzeyinsesi.org\\\/wp-content\\\/uploads\\\/2024\\\/04\\\/1714306881_gazze-aa-2214634.jpg\",\"width\":1280,\"height\":720},{\"@type\":\"BreadcrumbList\",\"@id\":\"https:\\\/\\\/kuzeyinsesi.org\\\/index.php\\\/2024\\\/04\\\/28\\\/gazzede-israil-saldirisi-sonucu-son-24-saatte-66-filistinli-hayatini-kaybetti\\\/#breadcrumb\",\"itemListElement\":[{\"@type\":\"ListItem\",\"position\":1,\"name\":\"Anasayfa\",\"item\":\"https:\\\/\\\/kuzeyinsesi.org\\\/\"},{\"@type\":\"ListItem\",\"position\":2,\"name\":\"Gazze&#039;de \u0130srail sald\u0131r\u0131s\u0131 sonucu son 24 saatte 66 Filistinli hayat\u0131n\u0131 kaybetti\"}]},{\"@type\":\"WebSite\",\"@id\":\"https:\\\/\\\/kuzeyinsesi.org\\\/#website\",\"url\":\"https:\\\/\\\/kuzeyinsesi.org\\\/\",\"name\":\"Kuzeyin Sesi\",\"description\":\"Do\u011fru Haberin Adresi\",\"potentialAction\":[{\"@type\":\"SearchAction\",\"target\":{\"@type\":\"EntryPoint\",\"urlTemplate\":\"https:\\\/\\\/kuzeyinsesi.org\\\/?s={search_term_string}\"},\"query-input\":{\"@type\":\"PropertyValueSpecification\",\"valueRequired\":true,\"valueName\":\"search_term_string\"}}],\"inLanguage\":\"tr\"},{\"@type\":\"Person\",\"@id\":\"https:\\\/\\\/kuzeyinsesi.org\\\/#\\\/schema\\\/person\\\/9f859689cdf01485597712386e37f5aa\",\"name\":\"Kuzeyin Sesi\",\"image\":{\"@type\":\"ImageObject\",\"inLanguage\":\"tr\",\"@id\":\"https:\\\/\\\/secure.gravatar.com\\\/avatar\\\/bab33852abfd8b282518d6ed81826833d77c3c882d9ab608add591ccace47a44?s=96&d=mm&r=g\",\"url\":\"https:\\\/\\\/secure.gravatar.com\\\/avatar\\\/bab33852abfd8b282518d6ed81826833d77c3c882d9ab608add591ccace47a44?s=96&d=mm&r=g\",\"contentUrl\":\"https:\\\/\\\/secure.gravatar.com\\\/avatar\\\/bab33852abfd8b282518d6ed81826833d77c3c882d9ab608add591ccace47a44?s=96&d=mm&r=g\",\"caption\":\"Kuzeyin Sesi\"},\"sameAs\":[\"https:\\\/\\\/kuzeyinsesi.org\"],\"url\":\"https:\\\/\\\/kuzeyinsesi.org\\\/index.php\\\/author\\\/guven\\\/\"}]}<\/script>\n<!-- \/ Yoast SEO plugin. -->","yoast_head_json":{"title":"Gazze&#039;de \u0130srail sald\u0131r\u0131s\u0131 sonucu son 24 saatte 66 Filistinli hayat\u0131n\u0131 kaybetti - Kuzeyin Sesi","robots":{"index":"index","follow":"follow","max-snippet":"max-snippet:-1","max-image-preview":"max-image-preview:large","max-video-preview":"max-video-preview:-1"},"canonical":"https:\/\/kuzeyinsesi.org\/index.php\/2024\/04\/28\/gazzede-israil-saldirisi-sonucu-son-24-saatte-66-filistinli-hayatini-kaybetti\/","og_locale":"tr_TR","og_type":"article","og_title":"Gazze&#039;de \u0130srail sald\u0131r\u0131s\u0131 sonucu son 24 saatte 66 Filistinli hayat\u0131n\u0131 kaybetti - Kuzeyin Sesi","og_description":"&#13; Gazze&#8217;deki Sa\u011fl\u0131k Bakanl\u0131\u011f\u0131ndan yap\u0131lan a\u00e7\u0131klamada, &#8220;\u0130srail, sald\u0131r\u0131lar\u0131n 205. g\u00fcn\u00fcnde 7 katliam yaparak 66 ki\u015fiyi \u015fehit etti ve 138 ki\u015fiyi yaralad\u0131.&#8221; denildi. &#13; \u0130srail sald\u0131r\u0131lar\u0131n\u0131n ba\u015flad\u0131\u011f\u0131 7 Ekim tarihinden bu yana \u00f6ld\u00fcr\u00fclen Filistinlilerin say\u0131s\u0131n\u0131n 34 bin 454&#8217;e, yaral\u0131 say\u0131s\u0131n\u0131n 77 bin 575&#8217;e \u00e7\u0131kt\u0131\u011f\u0131 duyuruldu. &#13; A\u00e7\u0131klamada, enkaz alt\u0131nda ve yollarda ambulans ve sivil savunma ekiplerinin [&hellip;]","og_url":"https:\/\/kuzeyinsesi.org\/index.php\/2024\/04\/28\/gazzede-israil-saldirisi-sonucu-son-24-saatte-66-filistinli-hayatini-kaybetti\/","og_site_name":"Kuzeyin Sesi","article_publisher":"https:\/\/www.facebook.com\/kuzeyinsesii","article_published_time":"2024-04-28T12:21:20+00:00","og_image":[{"width":1280,"height":720,"url":"https:\/\/kuzeyinsesi.org\/wp-content\/uploads\/2024\/04\/1714306881_gazze-aa-2214634.jpg","type":"image\/jpeg"}],"author":"Kuzeyin Sesi","twitter_card":"summary_large_image","twitter_creator":"@kuzeyinsesii","twitter_site":"@kuzeyinsesii","twitter_misc":{"Yazan:":"Kuzeyin Sesi"},"schema":{"@context":"https:\/\/schema.org","@graph":[{"@type":"Article","@id":"https:\/\/kuzeyinsesi.org\/index.php\/2024\/04\/28\/gazzede-israil-saldirisi-sonucu-son-24-saatte-66-filistinli-hayatini-kaybetti\/#article","isPartOf":{"@id":"https:\/\/kuzeyinsesi.org\/index.php\/2024\/04\/28\/gazzede-israil-saldirisi-sonucu-son-24-saatte-66-filistinli-hayatini-kaybetti\/"},"author":{"name":"Kuzeyin Sesi","@id":"https:\/\/kuzeyinsesi.org\/#\/schema\/person\/9f859689cdf01485597712386e37f5aa"},"headline":"Gazze&#039;de \u0130srail sald\u0131r\u0131s\u0131 sonucu son 24 saatte 66 Filistinli hayat\u0131n\u0131 kaybetti","datePublished":"2024-04-28T12:21:20+00:00","mainEntityOfPage":{"@id":"https:\/\/kuzeyinsesi.org\/index.php\/2024\/04\/28\/gazzede-israil-saldirisi-sonucu-son-24-saatte-66-filistinli-hayatini-kaybetti\/"},"wordCount":98,"commentCount":0,"image":{"@id":"https:\/\/kuzeyinsesi.org\/index.php\/2024\/04\/28\/gazzede-israil-saldirisi-sonucu-son-24-saatte-66-filistinli-hayatini-kaybetti\/#primaryimage"},"thumbnailUrl":"https:\/\/kuzeyinsesi.org\/wp-content\/uploads\/2024\/04\/1714306881_gazze-aa-2214634.jpg","articleSection":["D\u00fcnya"],"inLanguage":"tr","potentialAction":[{"@type":"CommentAction","name":"Comment","target":["https:\/\/kuzeyinsesi.org\/index.php\/2024\/04\/28\/gazzede-israil-saldirisi-sonucu-son-24-saatte-66-filistinli-hayatini-kaybetti\/#respond"]}]},{"@type":"WebPage","@id":"https:\/\/kuzeyinsesi.org\/index.php\/2024\/04\/28\/gazzede-israil-saldirisi-sonucu-son-24-saatte-66-filistinli-hayatini-kaybetti\/","url":"https:\/\/kuzeyinsesi.org\/index.php\/2024\/04\/28\/gazzede-israil-saldirisi-sonucu-son-24-saatte-66-filistinli-hayatini-kaybetti\/","name":"Gazze&#039;de \u0130srail sald\u0131r\u0131s\u0131 sonucu son 24 saatte 66 Filistinli hayat\u0131n\u0131 kaybetti - Kuzeyin Sesi","isPartOf":{"@id":"https:\/\/kuzeyinsesi.org\/#website"},"primaryImageOfPage":{"@id":"https:\/\/kuzeyinsesi.org\/index.php\/2024\/04\/28\/gazzede-israil-saldirisi-sonucu-son-24-saatte-66-filistinli-hayatini-kaybetti\/#primaryimage"},"image":{"@id":"https:\/\/kuzeyinsesi.org\/index.php\/2024\/04\/28\/gazzede-israil-saldirisi-sonucu-son-24-saatte-66-filistinli-hayatini-kaybetti\/#primaryimage"},"thumbnailUrl":"https:\/\/kuzeyinsesi.org\/wp-content\/uploads\/2024\/04\/1714306881_gazze-aa-2214634.jpg","datePublished":"2024-04-28T12:21:20+00:00","author":{"@id":"https:\/\/kuzeyinsesi.org\/#\/schema\/person\/9f859689cdf01485597712386e37f5aa"},"breadcrumb":{"@id":"https:\/\/kuzeyinsesi.org\/index.php\/2024\/04\/28\/gazzede-israil-saldirisi-sonucu-son-24-saatte-66-filistinli-hayatini-kaybetti\/#breadcrumb"},"inLanguage":"tr","potentialAction":[{"@type":"ReadAction","target":["https:\/\/kuzeyinsesi.org\/index.php\/2024\/04\/28\/gazzede-israil-saldirisi-sonucu-son-24-saatte-66-filistinli-hayatini-kaybetti\/"]}]},{"@type":"ImageObject","inLanguage":"tr","@id":"https:\/\/kuzeyinsesi.org\/index.php\/2024\/04\/28\/gazzede-israil-saldirisi-sonucu-son-24-saatte-66-filistinli-hayatini-kaybetti\/#primaryimage","url":"https:\/\/kuzeyinsesi.org\/wp-content\/uploads\/2024\/04\/1714306881_gazze-aa-2214634.jpg","contentUrl":"https:\/\/kuzeyinsesi.org\/wp-content\/uploads\/2024\/04\/1714306881_gazze-aa-2214634.jpg","width":1280,"height":720},{"@type":"BreadcrumbList","@id":"https:\/\/kuzeyinsesi.org\/index.php\/2024\/04\/28\/gazzede-israil-saldirisi-sonucu-son-24-saatte-66-filistinli-hayatini-kaybetti\/#breadcrumb","itemListElement":[{"@type":"ListItem","position":1,"name":"Anasayfa","item":"https:\/\/kuzeyinsesi.org\/"},{"@type":"ListItem","position":2,"name":"Gazze&#039;de \u0130srail sald\u0131r\u0131s\u0131 sonucu son 24 saatte 66 Filistinli hayat\u0131n\u0131 kaybetti"}]},{"@type":"WebSite","@id":"https:\/\/kuzeyinsesi.org\/#website","url":"https:\/\/kuzeyinsesi.org\/","name":"Kuzeyin Sesi","description":"Do\u011fru Haberin Adresi","potentialAction":[{"@type":"SearchAction","target":{"@type":"EntryPoint","urlTemplate":"https:\/\/kuzeyinsesi.org\/?s={search_term_string}"},"query-input":{"@type":"PropertyValueSpecification","valueRequired":true,"valueName":"search_term_string"}}],"inLanguage":"tr"},{"@type":"Person","@id":"https:\/\/kuzeyinsesi.org\/#\/schema\/person\/9f859689cdf01485597712386e37f5aa","name":"Kuzeyin Sesi","image":{"@type":"ImageObject","inLanguage":"tr","@id":"https:\/\/secure.gravatar.com\/avatar\/bab33852abfd8b282518d6ed81826833d77c3c882d9ab608add591ccace47a44?s=96&d=mm&r=g","url":"https:\/\/secure.gravatar.com\/avatar\/bab33852abfd8b282518d6ed81826833d77c3c882d9ab608add591ccace47a44?s=96&d=mm&r=g","contentUrl":"https:\/\/secure.gravatar.com\/avatar\/bab33852abfd8b282518d6ed81826833d77c3c882d9ab608add591ccace47a44?s=96&d=mm&r=g","caption":"Kuzeyin Sesi"},"sameAs":["https:\/\/kuzeyinsesi.org"],"url":"https:\/\/kuzeyinsesi.org\/index.php\/author\/guven\/"}]}},"_links":{"self":[{"href":"https:\/\/kuzeyinsesi.org\/index.php\/wp-json\/wp\/v2\/posts\/795","targetHints":{"allow":["GET"]}}],"collection":[{"href":"https:\/\/kuzeyinsesi.org\/index.php\/wp-json\/wp\/v2\/posts"}],"about":[{"href":"https:\/\/kuzeyinsesi.org\/index.php\/wp-json\/wp\/v2\/types\/post"}],"author":[{"embeddable":true,"href":"https:\/\/kuzeyinsesi.org\/index.php\/wp-json\/wp\/v2\/users\/1"}],"replies":[{"embeddable":true,"href":"https:\/\/kuzeyinsesi.org\/index.php\/wp-json\/wp\/v2\/comments?post=795"}],"version-history":[{"count":0,"href":"https:\/\/kuzeyinsesi.org\/index.php\/wp-json\/wp\/v2\/posts\/795\/revisions"}],"wp:featuredmedia":[{"embeddable":true,"href":"https:\/\/kuzeyinsesi.org\/index.php\/wp-json\/wp\/v2\/media\/796"}],"wp:attachment":[{"href":"https:\/\/kuzeyinsesi.org\/index.php\/wp-json\/wp\/v2\/media?parent=795"}],"wp:term":[{"taxonomy":"category","embeddable":true,"href":"https:\/\/kuzeyinsesi.org\/index.php\/wp-json\/wp\/v2\/categories?post=795"},{"taxonomy":"post_tag","embeddable":true,"href":"https:\/\/kuzeyinsesi.org\/index.php\/wp-json\/wp\/v2\/tags?post=795"}],"curies":[{"name":"wp","href":"https:\/\/api.w.org\/{rel}","templated":true}]}}