{"id":7936,"date":"2024-08-14T13:26:41","date_gmt":"2024-08-14T10:26:41","guid":{"rendered":"https:\/\/kuzeyinsesi.org\/index.php\/2024\/08\/14\/inonu-genclik-merkezi-kultur-sanat-ve-spor-dernegi-canakkalede-duzenlenecek-uluslararasi-festivale-katilacak\/"},"modified":"2024-08-14T13:26:41","modified_gmt":"2024-08-14T10:26:41","slug":"inonu-genclik-merkezi-kultur-sanat-ve-spor-dernegi-canakkalede-duzenlenecek-uluslararasi-festivale-katilacak","status":"publish","type":"post","link":"https:\/\/kuzeyinsesi.org\/index.php\/2024\/08\/14\/inonu-genclik-merkezi-kultur-sanat-ve-spor-dernegi-canakkalede-duzenlenecek-uluslararasi-festivale-katilacak\/","title":{"rendered":"\u0130n\u00f6n\u00fc Gen\u00e7lik Merkezi K\u00fclt\u00fcr, Sanat ve Spor Derne\u011fi, \u00c7anakkale\u2019de d\u00fczenlenecek uluslararas\u0131 festivale kat\u0131lacak"},"content":{"rendered":"<div>\n<div class=\"mariselle-image-container center\">\n                                            <\/div>\n<p>\u0130n\u00f6n\u00fc Gen\u00e7lik Merkezi K\u00fclt\u00fcr, Sanat ve Spor Derne\u011fi, 16-20 A\u011fustos tarihleri aras\u0131nda \u00c7anakkale\u2019de d\u00fczenlenecek olan XXII. International Troia Folk Dance &amp; Music Festival\u2019e kat\u0131lacak.<\/p>\n<p>Dernekten yap\u0131lan yaz\u0131l\u0131 a\u00e7\u0131klamada, 2014 y\u0131l\u0131nda 110 gen\u00e7le birlikte kurulan Derne\u011fin, o g\u00fcnden bu yana k\u00fclt\u00fcr, sanat ve spor alanlar\u0131nda aktif bir \u015fekilde faaliyet g\u00f6sterdi\u011fi ifade edildi.<\/p>\n<p>Derne\u011fin, halk danslar\u0131, dart ve di\u011fer etkinliklerle Kuzey K\u0131br\u0131s T\u00fcrk Cumhuriyeti\u2019ni \u00e7e\u015fitli \u00fclkelerde ba\u015far\u0131yla temsil etti\u011fi belirtilen a\u00e7\u0131klamada, Derne\u011fin bug\u00fcne kadar Bosna Hersek, Polonya, \u0130spanya, Makedonya, Ukrayna, Slovenya, H\u0131rvatistan, \u00c7ek Cumhuriyeti ve Romanya gibi \u00fclkelerde etkinliklere kat\u0131larak, \u00fclkenin k\u00fclt\u00fcrel zenginliklerini uluslararas\u0131 arenada sergiledi\u011fi kaydedildi.<\/p>\n<p>Derne\u011fin orta grubunun, 16-20 A\u011fustos tarihleri aras\u0131nda \u00c7anakkale\u2019de d\u00fczenlenecek olan XXII. International Troia Folk Dance &amp; Music Festival\u2019e kat\u0131lmak i\u00e7in haz\u0131rl\u0131klar\u0131n\u0131 s\u00fcrd\u00fcrd\u00fc\u011f\u00fc ifade edilen a\u00e7\u0131klamada, \u201cDerne\u011fimiz, bu \u00f6nemli organizasyonda \u00fclkemizi ve k\u00fclt\u00fcrel miras\u0131m\u0131z\u0131 en iyi \u015fekilde temsil etmeyi hedefliyor\u201d denildi.<\/p>\n<p>A\u00e7\u0131klamada, T\u00fcrkiye\u2019nin d\u00f6rt bir yan\u0131ndan ve d\u00fcnyan\u0131n farkl\u0131 b\u00f6lgelerinden gelen ekiplerle bir araya gelecek olan gen\u00e7lerin, zengin k\u00fclt\u00fcrel miras\u0131 \u00c7anakkale\u2019nin tarihi atmosferinde t\u00fcm d\u00fcnyaya tan\u0131taca\u011f\u0131 belirtildi.<\/p>\n<\/p><\/div>\n<p><script async\n                    defer\n                    crossorigin=\"anonymous\"\n                    src=\"https:\/\/connect.facebook.net\/tr_TR\/sdk.js#xfbml=1&#038;version=v3.3\"\n            ><\/script><\/p>\n","protected":false},"excerpt":{"rendered":"<p>\u0130n\u00f6n\u00fc Gen\u00e7lik Merkezi K\u00fclt\u00fcr, Sanat ve Spor Derne\u011fi, 16-20 A\u011fustos tarihleri aras\u0131nda \u00c7anakkale\u2019de d\u00fczenlenecek olan XXII. International Troia Folk Dance &amp; Music Festival\u2019e kat\u0131lacak. Dernekten yap\u0131lan yaz\u0131l\u0131 a\u00e7\u0131klamada, 2014 y\u0131l\u0131nda 110 gen\u00e7le birlikte kurulan Derne\u011fin, o g\u00fcnden bu yana k\u00fclt\u00fcr, sanat ve spor alanlar\u0131nda aktif bir \u015fekilde faaliyet g\u00f6sterdi\u011fi ifade edildi. Derne\u011fin, halk danslar\u0131, dart [&hellip;]<\/p>\n","protected":false},"author":1,"featured_media":7937,"comment_status":"open","ping_status":"open","sticky":false,"template":"","format":"standard","meta":{"jnews-multi-image_gallery":[],"jnews_single_post":[],"jnews_primary_category":[],"jnews_social_meta":[],"jnews_override_counter":[],"footnotes":""},"categories":[6],"tags":[],"class_list":["post-7936","post","type-post","status-publish","format-standard","has-post-thumbnail","hentry","category-yasam"],"yoast_head":"<!-- This site is optimized with the Yoast SEO plugin v27.5 - https:\/\/yoast.com\/product\/yoast-seo-wordpress\/ -->\n<title>\u0130n\u00f6n\u00fc Gen\u00e7lik Merkezi K\u00fclt\u00fcr, Sanat ve Spor Derne\u011fi, \u00c7anakkale\u2019de d\u00fczenlenecek uluslararas\u0131 festivale kat\u0131lacak - Kuzeyin Sesi<\/title>\n<meta name=\"robots\" content=\"index, follow, max-snippet:-1, max-image-preview:large, max-video-preview:-1\" \/>\n<link rel=\"canonical\" href=\"https:\/\/kuzeyinsesi.org\/index.php\/2024\/08\/14\/inonu-genclik-merkezi-kultur-sanat-ve-spor-dernegi-canakkalede-duzenlenecek-uluslararasi-festivale-katilacak\/\" \/>\n<meta property=\"og:locale\" content=\"tr_TR\" \/>\n<meta property=\"og:type\" content=\"article\" \/>\n<meta property=\"og:title\" content=\"\u0130n\u00f6n\u00fc Gen\u00e7lik Merkezi K\u00fclt\u00fcr, Sanat ve Spor Derne\u011fi, \u00c7anakkale\u2019de d\u00fczenlenecek uluslararas\u0131 festivale kat\u0131lacak - Kuzeyin Sesi\" \/>\n<meta property=\"og:description\" content=\"\u0130n\u00f6n\u00fc Gen\u00e7lik Merkezi K\u00fclt\u00fcr, Sanat ve Spor Derne\u011fi, 16-20 A\u011fustos tarihleri aras\u0131nda \u00c7anakkale\u2019de d\u00fczenlenecek olan XXII. International Troia Folk Dance &amp; Music Festival\u2019e kat\u0131lacak. Dernekten yap\u0131lan yaz\u0131l\u0131 a\u00e7\u0131klamada, 2014 y\u0131l\u0131nda 110 gen\u00e7le birlikte kurulan Derne\u011fin, o g\u00fcnden bu yana k\u00fclt\u00fcr, sanat ve spor alanlar\u0131nda aktif bir \u015fekilde faaliyet g\u00f6sterdi\u011fi ifade edildi. Derne\u011fin, halk danslar\u0131, dart [&hellip;]\" \/>\n<meta property=\"og:url\" content=\"https:\/\/kuzeyinsesi.org\/index.php\/2024\/08\/14\/inonu-genclik-merkezi-kultur-sanat-ve-spor-dernegi-canakkalede-duzenlenecek-uluslararasi-festivale-katilacak\/\" \/>\n<meta property=\"og:site_name\" content=\"Kuzeyin Sesi\" \/>\n<meta property=\"article:publisher\" content=\"https:\/\/www.facebook.com\/kuzeyinsesii\" \/>\n<meta property=\"article:published_time\" content=\"2024-08-14T10:26:41+00:00\" \/>\n<meta property=\"og:image\" content=\"https:\/\/brtk.net\/wp-content\/uploads\/2024\/08\/14\/assdksasldka.jpeg?ver=de3d8f6468c1e5a6fa5ab4dde4c47301\" \/>\n<meta name=\"author\" content=\"Kuzeyin Sesi\" \/>\n<meta name=\"twitter:card\" content=\"summary_large_image\" \/>\n<meta name=\"twitter:creator\" content=\"@kuzeyinsesii\" \/>\n<meta name=\"twitter:site\" content=\"@kuzeyinsesii\" \/>\n<meta name=\"twitter:label1\" content=\"Yazan:\" \/>\n\t<meta name=\"twitter:data1\" content=\"Kuzeyin Sesi\" \/>\n\t<meta name=\"twitter:label2\" content=\"Tahmini okuma s\u00fcresi\" \/>\n\t<meta name=\"twitter:data2\" content=\"1 dakika\" \/>\n<script type=\"application\/ld+json\" class=\"yoast-schema-graph\">{\"@context\":\"https:\\\/\\\/schema.org\",\"@graph\":[{\"@type\":\"Article\",\"@id\":\"https:\\\/\\\/kuzeyinsesi.org\\\/index.php\\\/2024\\\/08\\\/14\\\/inonu-genclik-merkezi-kultur-sanat-ve-spor-dernegi-canakkalede-duzenlenecek-uluslararasi-festivale-katilacak\\\/#article\",\"isPartOf\":{\"@id\":\"https:\\\/\\\/kuzeyinsesi.org\\\/index.php\\\/2024\\\/08\\\/14\\\/inonu-genclik-merkezi-kultur-sanat-ve-spor-dernegi-canakkalede-duzenlenecek-uluslararasi-festivale-katilacak\\\/\"},\"author\":{\"name\":\"Kuzeyin Sesi\",\"@id\":\"https:\\\/\\\/kuzeyinsesi.org\\\/#\\\/schema\\\/person\\\/9f859689cdf01485597712386e37f5aa\"},\"headline\":\"\u0130n\u00f6n\u00fc Gen\u00e7lik Merkezi K\u00fclt\u00fcr, Sanat ve Spor Derne\u011fi, \u00c7anakkale\u2019de d\u00fczenlenecek uluslararas\u0131 festivale kat\u0131lacak\",\"datePublished\":\"2024-08-14T10:26:41+00:00\",\"mainEntityOfPage\":{\"@id\":\"https:\\\/\\\/kuzeyinsesi.org\\\/index.php\\\/2024\\\/08\\\/14\\\/inonu-genclik-merkezi-kultur-sanat-ve-spor-dernegi-canakkalede-duzenlenecek-uluslararasi-festivale-katilacak\\\/\"},\"wordCount\":256,\"commentCount\":0,\"image\":{\"@id\":\"https:\\\/\\\/kuzeyinsesi.org\\\/index.php\\\/2024\\\/08\\\/14\\\/inonu-genclik-merkezi-kultur-sanat-ve-spor-dernegi-canakkalede-duzenlenecek-uluslararasi-festivale-katilacak\\\/#primaryimage\"},\"thumbnailUrl\":\"https:\\\/\\\/kuzeyinsesi.org\\\/wp-content\\\/uploads\\\/2024\\\/08\\\/assdksasldka.jpeg\",\"articleSection\":[\"Ya\u015fam\"],\"inLanguage\":\"tr\",\"potentialAction\":[{\"@type\":\"CommentAction\",\"name\":\"Comment\",\"target\":[\"https:\\\/\\\/kuzeyinsesi.org\\\/index.php\\\/2024\\\/08\\\/14\\\/inonu-genclik-merkezi-kultur-sanat-ve-spor-dernegi-canakkalede-duzenlenecek-uluslararasi-festivale-katilacak\\\/#respond\"]}]},{\"@type\":\"WebPage\",\"@id\":\"https:\\\/\\\/kuzeyinsesi.org\\\/index.php\\\/2024\\\/08\\\/14\\\/inonu-genclik-merkezi-kultur-sanat-ve-spor-dernegi-canakkalede-duzenlenecek-uluslararasi-festivale-katilacak\\\/\",\"url\":\"https:\\\/\\\/kuzeyinsesi.org\\\/index.php\\\/2024\\\/08\\\/14\\\/inonu-genclik-merkezi-kultur-sanat-ve-spor-dernegi-canakkalede-duzenlenecek-uluslararasi-festivale-katilacak\\\/\",\"name\":\"\u0130n\u00f6n\u00fc Gen\u00e7lik Merkezi K\u00fclt\u00fcr, Sanat ve Spor Derne\u011fi, \u00c7anakkale\u2019de d\u00fczenlenecek uluslararas\u0131 festivale kat\u0131lacak - Kuzeyin Sesi\",\"isPartOf\":{\"@id\":\"https:\\\/\\\/kuzeyinsesi.org\\\/#website\"},\"primaryImageOfPage\":{\"@id\":\"https:\\\/\\\/kuzeyinsesi.org\\\/index.php\\\/2024\\\/08\\\/14\\\/inonu-genclik-merkezi-kultur-sanat-ve-spor-dernegi-canakkalede-duzenlenecek-uluslararasi-festivale-katilacak\\\/#primaryimage\"},\"image\":{\"@id\":\"https:\\\/\\\/kuzeyinsesi.org\\\/index.php\\\/2024\\\/08\\\/14\\\/inonu-genclik-merkezi-kultur-sanat-ve-spor-dernegi-canakkalede-duzenlenecek-uluslararasi-festivale-katilacak\\\/#primaryimage\"},\"thumbnailUrl\":\"https:\\\/\\\/kuzeyinsesi.org\\\/wp-content\\\/uploads\\\/2024\\\/08\\\/assdksasldka.jpeg\",\"datePublished\":\"2024-08-14T10:26:41+00:00\",\"author\":{\"@id\":\"https:\\\/\\\/kuzeyinsesi.org\\\/#\\\/schema\\\/person\\\/9f859689cdf01485597712386e37f5aa\"},\"breadcrumb\":{\"@id\":\"https:\\\/\\\/kuzeyinsesi.org\\\/index.php\\\/2024\\\/08\\\/14\\\/inonu-genclik-merkezi-kultur-sanat-ve-spor-dernegi-canakkalede-duzenlenecek-uluslararasi-festivale-katilacak\\\/#breadcrumb\"},\"inLanguage\":\"tr\",\"potentialAction\":[{\"@type\":\"ReadAction\",\"target\":[\"https:\\\/\\\/kuzeyinsesi.org\\\/index.php\\\/2024\\\/08\\\/14\\\/inonu-genclik-merkezi-kultur-sanat-ve-spor-dernegi-canakkalede-duzenlenecek-uluslararasi-festivale-katilacak\\\/\"]}]},{\"@type\":\"ImageObject\",\"inLanguage\":\"tr\",\"@id\":\"https:\\\/\\\/kuzeyinsesi.org\\\/index.php\\\/2024\\\/08\\\/14\\\/inonu-genclik-merkezi-kultur-sanat-ve-spor-dernegi-canakkalede-duzenlenecek-uluslararasi-festivale-katilacak\\\/#primaryimage\",\"url\":\"https:\\\/\\\/kuzeyinsesi.org\\\/wp-content\\\/uploads\\\/2024\\\/08\\\/assdksasldka.jpeg\",\"contentUrl\":\"https:\\\/\\\/kuzeyinsesi.org\\\/wp-content\\\/uploads\\\/2024\\\/08\\\/assdksasldka.jpeg\",\"width\":1440,\"height\":899},{\"@type\":\"BreadcrumbList\",\"@id\":\"https:\\\/\\\/kuzeyinsesi.org\\\/index.php\\\/2024\\\/08\\\/14\\\/inonu-genclik-merkezi-kultur-sanat-ve-spor-dernegi-canakkalede-duzenlenecek-uluslararasi-festivale-katilacak\\\/#breadcrumb\",\"itemListElement\":[{\"@type\":\"ListItem\",\"position\":1,\"name\":\"Anasayfa\",\"item\":\"https:\\\/\\\/kuzeyinsesi.org\\\/\"},{\"@type\":\"ListItem\",\"position\":2,\"name\":\"\u0130n\u00f6n\u00fc Gen\u00e7lik Merkezi K\u00fclt\u00fcr, Sanat ve Spor Derne\u011fi, \u00c7anakkale\u2019de d\u00fczenlenecek uluslararas\u0131 festivale kat\u0131lacak\"}]},{\"@type\":\"WebSite\",\"@id\":\"https:\\\/\\\/kuzeyinsesi.org\\\/#website\",\"url\":\"https:\\\/\\\/kuzeyinsesi.org\\\/\",\"name\":\"Kuzeyin Sesi\",\"description\":\"Do\u011fru Haberin Adresi\",\"potentialAction\":[{\"@type\":\"SearchAction\",\"target\":{\"@type\":\"EntryPoint\",\"urlTemplate\":\"https:\\\/\\\/kuzeyinsesi.org\\\/?s={search_term_string}\"},\"query-input\":{\"@type\":\"PropertyValueSpecification\",\"valueRequired\":true,\"valueName\":\"search_term_string\"}}],\"inLanguage\":\"tr\"},{\"@type\":\"Person\",\"@id\":\"https:\\\/\\\/kuzeyinsesi.org\\\/#\\\/schema\\\/person\\\/9f859689cdf01485597712386e37f5aa\",\"name\":\"Kuzeyin Sesi\",\"image\":{\"@type\":\"ImageObject\",\"inLanguage\":\"tr\",\"@id\":\"https:\\\/\\\/secure.gravatar.com\\\/avatar\\\/bab33852abfd8b282518d6ed81826833d77c3c882d9ab608add591ccace47a44?s=96&d=mm&r=g\",\"url\":\"https:\\\/\\\/secure.gravatar.com\\\/avatar\\\/bab33852abfd8b282518d6ed81826833d77c3c882d9ab608add591ccace47a44?s=96&d=mm&r=g\",\"contentUrl\":\"https:\\\/\\\/secure.gravatar.com\\\/avatar\\\/bab33852abfd8b282518d6ed81826833d77c3c882d9ab608add591ccace47a44?s=96&d=mm&r=g\",\"caption\":\"Kuzeyin Sesi\"},\"sameAs\":[\"https:\\\/\\\/kuzeyinsesi.org\"],\"url\":\"https:\\\/\\\/kuzeyinsesi.org\\\/index.php\\\/author\\\/guven\\\/\"}]}<\/script>\n<!-- \/ Yoast SEO plugin. -->","yoast_head_json":{"title":"\u0130n\u00f6n\u00fc Gen\u00e7lik Merkezi K\u00fclt\u00fcr, Sanat ve Spor Derne\u011fi, \u00c7anakkale\u2019de d\u00fczenlenecek uluslararas\u0131 festivale kat\u0131lacak - Kuzeyin Sesi","robots":{"index":"index","follow":"follow","max-snippet":"max-snippet:-1","max-image-preview":"max-image-preview:large","max-video-preview":"max-video-preview:-1"},"canonical":"https:\/\/kuzeyinsesi.org\/index.php\/2024\/08\/14\/inonu-genclik-merkezi-kultur-sanat-ve-spor-dernegi-canakkalede-duzenlenecek-uluslararasi-festivale-katilacak\/","og_locale":"tr_TR","og_type":"article","og_title":"\u0130n\u00f6n\u00fc Gen\u00e7lik Merkezi K\u00fclt\u00fcr, Sanat ve Spor Derne\u011fi, \u00c7anakkale\u2019de d\u00fczenlenecek uluslararas\u0131 festivale kat\u0131lacak - Kuzeyin Sesi","og_description":"\u0130n\u00f6n\u00fc Gen\u00e7lik Merkezi K\u00fclt\u00fcr, Sanat ve Spor Derne\u011fi, 16-20 A\u011fustos tarihleri aras\u0131nda \u00c7anakkale\u2019de d\u00fczenlenecek olan XXII. International Troia Folk Dance &amp; Music Festival\u2019e kat\u0131lacak. Dernekten yap\u0131lan yaz\u0131l\u0131 a\u00e7\u0131klamada, 2014 y\u0131l\u0131nda 110 gen\u00e7le birlikte kurulan Derne\u011fin, o g\u00fcnden bu yana k\u00fclt\u00fcr, sanat ve spor alanlar\u0131nda aktif bir \u015fekilde faaliyet g\u00f6sterdi\u011fi ifade edildi. Derne\u011fin, halk danslar\u0131, dart [&hellip;]","og_url":"https:\/\/kuzeyinsesi.org\/index.php\/2024\/08\/14\/inonu-genclik-merkezi-kultur-sanat-ve-spor-dernegi-canakkalede-duzenlenecek-uluslararasi-festivale-katilacak\/","og_site_name":"Kuzeyin Sesi","article_publisher":"https:\/\/www.facebook.com\/kuzeyinsesii","article_published_time":"2024-08-14T10:26:41+00:00","og_image":[{"url":"https:\/\/brtk.net\/wp-content\/uploads\/2024\/08\/14\/assdksasldka.jpeg?ver=de3d8f6468c1e5a6fa5ab4dde4c47301","type":"","width":"","height":""}],"author":"Kuzeyin Sesi","twitter_card":"summary_large_image","twitter_creator":"@kuzeyinsesii","twitter_site":"@kuzeyinsesii","twitter_misc":{"Yazan:":"Kuzeyin Sesi","Tahmini okuma s\u00fcresi":"1 dakika"},"schema":{"@context":"https:\/\/schema.org","@graph":[{"@type":"Article","@id":"https:\/\/kuzeyinsesi.org\/index.php\/2024\/08\/14\/inonu-genclik-merkezi-kultur-sanat-ve-spor-dernegi-canakkalede-duzenlenecek-uluslararasi-festivale-katilacak\/#article","isPartOf":{"@id":"https:\/\/kuzeyinsesi.org\/index.php\/2024\/08\/14\/inonu-genclik-merkezi-kultur-sanat-ve-spor-dernegi-canakkalede-duzenlenecek-uluslararasi-festivale-katilacak\/"},"author":{"name":"Kuzeyin Sesi","@id":"https:\/\/kuzeyinsesi.org\/#\/schema\/person\/9f859689cdf01485597712386e37f5aa"},"headline":"\u0130n\u00f6n\u00fc Gen\u00e7lik Merkezi K\u00fclt\u00fcr, Sanat ve Spor Derne\u011fi, \u00c7anakkale\u2019de d\u00fczenlenecek uluslararas\u0131 festivale kat\u0131lacak","datePublished":"2024-08-14T10:26:41+00:00","mainEntityOfPage":{"@id":"https:\/\/kuzeyinsesi.org\/index.php\/2024\/08\/14\/inonu-genclik-merkezi-kultur-sanat-ve-spor-dernegi-canakkalede-duzenlenecek-uluslararasi-festivale-katilacak\/"},"wordCount":256,"commentCount":0,"image":{"@id":"https:\/\/kuzeyinsesi.org\/index.php\/2024\/08\/14\/inonu-genclik-merkezi-kultur-sanat-ve-spor-dernegi-canakkalede-duzenlenecek-uluslararasi-festivale-katilacak\/#primaryimage"},"thumbnailUrl":"https:\/\/kuzeyinsesi.org\/wp-content\/uploads\/2024\/08\/assdksasldka.jpeg","articleSection":["Ya\u015fam"],"inLanguage":"tr","potentialAction":[{"@type":"CommentAction","name":"Comment","target":["https:\/\/kuzeyinsesi.org\/index.php\/2024\/08\/14\/inonu-genclik-merkezi-kultur-sanat-ve-spor-dernegi-canakkalede-duzenlenecek-uluslararasi-festivale-katilacak\/#respond"]}]},{"@type":"WebPage","@id":"https:\/\/kuzeyinsesi.org\/index.php\/2024\/08\/14\/inonu-genclik-merkezi-kultur-sanat-ve-spor-dernegi-canakkalede-duzenlenecek-uluslararasi-festivale-katilacak\/","url":"https:\/\/kuzeyinsesi.org\/index.php\/2024\/08\/14\/inonu-genclik-merkezi-kultur-sanat-ve-spor-dernegi-canakkalede-duzenlenecek-uluslararasi-festivale-katilacak\/","name":"\u0130n\u00f6n\u00fc Gen\u00e7lik Merkezi K\u00fclt\u00fcr, Sanat ve Spor Derne\u011fi, \u00c7anakkale\u2019de d\u00fczenlenecek uluslararas\u0131 festivale kat\u0131lacak - Kuzeyin Sesi","isPartOf":{"@id":"https:\/\/kuzeyinsesi.org\/#website"},"primaryImageOfPage":{"@id":"https:\/\/kuzeyinsesi.org\/index.php\/2024\/08\/14\/inonu-genclik-merkezi-kultur-sanat-ve-spor-dernegi-canakkalede-duzenlenecek-uluslararasi-festivale-katilacak\/#primaryimage"},"image":{"@id":"https:\/\/kuzeyinsesi.org\/index.php\/2024\/08\/14\/inonu-genclik-merkezi-kultur-sanat-ve-spor-dernegi-canakkalede-duzenlenecek-uluslararasi-festivale-katilacak\/#primaryimage"},"thumbnailUrl":"https:\/\/kuzeyinsesi.org\/wp-content\/uploads\/2024\/08\/assdksasldka.jpeg","datePublished":"2024-08-14T10:26:41+00:00","author":{"@id":"https:\/\/kuzeyinsesi.org\/#\/schema\/person\/9f859689cdf01485597712386e37f5aa"},"breadcrumb":{"@id":"https:\/\/kuzeyinsesi.org\/index.php\/2024\/08\/14\/inonu-genclik-merkezi-kultur-sanat-ve-spor-dernegi-canakkalede-duzenlenecek-uluslararasi-festivale-katilacak\/#breadcrumb"},"inLanguage":"tr","potentialAction":[{"@type":"ReadAction","target":["https:\/\/kuzeyinsesi.org\/index.php\/2024\/08\/14\/inonu-genclik-merkezi-kultur-sanat-ve-spor-dernegi-canakkalede-duzenlenecek-uluslararasi-festivale-katilacak\/"]}]},{"@type":"ImageObject","inLanguage":"tr","@id":"https:\/\/kuzeyinsesi.org\/index.php\/2024\/08\/14\/inonu-genclik-merkezi-kultur-sanat-ve-spor-dernegi-canakkalede-duzenlenecek-uluslararasi-festivale-katilacak\/#primaryimage","url":"https:\/\/kuzeyinsesi.org\/wp-content\/uploads\/2024\/08\/assdksasldka.jpeg","contentUrl":"https:\/\/kuzeyinsesi.org\/wp-content\/uploads\/2024\/08\/assdksasldka.jpeg","width":1440,"height":899},{"@type":"BreadcrumbList","@id":"https:\/\/kuzeyinsesi.org\/index.php\/2024\/08\/14\/inonu-genclik-merkezi-kultur-sanat-ve-spor-dernegi-canakkalede-duzenlenecek-uluslararasi-festivale-katilacak\/#breadcrumb","itemListElement":[{"@type":"ListItem","position":1,"name":"Anasayfa","item":"https:\/\/kuzeyinsesi.org\/"},{"@type":"ListItem","position":2,"name":"\u0130n\u00f6n\u00fc Gen\u00e7lik Merkezi K\u00fclt\u00fcr, Sanat ve Spor Derne\u011fi, \u00c7anakkale\u2019de d\u00fczenlenecek uluslararas\u0131 festivale kat\u0131lacak"}]},{"@type":"WebSite","@id":"https:\/\/kuzeyinsesi.org\/#website","url":"https:\/\/kuzeyinsesi.org\/","name":"Kuzeyin Sesi","description":"Do\u011fru Haberin Adresi","potentialAction":[{"@type":"SearchAction","target":{"@type":"EntryPoint","urlTemplate":"https:\/\/kuzeyinsesi.org\/?s={search_term_string}"},"query-input":{"@type":"PropertyValueSpecification","valueRequired":true,"valueName":"search_term_string"}}],"inLanguage":"tr"},{"@type":"Person","@id":"https:\/\/kuzeyinsesi.org\/#\/schema\/person\/9f859689cdf01485597712386e37f5aa","name":"Kuzeyin Sesi","image":{"@type":"ImageObject","inLanguage":"tr","@id":"https:\/\/secure.gravatar.com\/avatar\/bab33852abfd8b282518d6ed81826833d77c3c882d9ab608add591ccace47a44?s=96&d=mm&r=g","url":"https:\/\/secure.gravatar.com\/avatar\/bab33852abfd8b282518d6ed81826833d77c3c882d9ab608add591ccace47a44?s=96&d=mm&r=g","contentUrl":"https:\/\/secure.gravatar.com\/avatar\/bab33852abfd8b282518d6ed81826833d77c3c882d9ab608add591ccace47a44?s=96&d=mm&r=g","caption":"Kuzeyin Sesi"},"sameAs":["https:\/\/kuzeyinsesi.org"],"url":"https:\/\/kuzeyinsesi.org\/index.php\/author\/guven\/"}]}},"_links":{"self":[{"href":"https:\/\/kuzeyinsesi.org\/index.php\/wp-json\/wp\/v2\/posts\/7936","targetHints":{"allow":["GET"]}}],"collection":[{"href":"https:\/\/kuzeyinsesi.org\/index.php\/wp-json\/wp\/v2\/posts"}],"about":[{"href":"https:\/\/kuzeyinsesi.org\/index.php\/wp-json\/wp\/v2\/types\/post"}],"author":[{"embeddable":true,"href":"https:\/\/kuzeyinsesi.org\/index.php\/wp-json\/wp\/v2\/users\/1"}],"replies":[{"embeddable":true,"href":"https:\/\/kuzeyinsesi.org\/index.php\/wp-json\/wp\/v2\/comments?post=7936"}],"version-history":[{"count":0,"href":"https:\/\/kuzeyinsesi.org\/index.php\/wp-json\/wp\/v2\/posts\/7936\/revisions"}],"wp:featuredmedia":[{"embeddable":true,"href":"https:\/\/kuzeyinsesi.org\/index.php\/wp-json\/wp\/v2\/media\/7937"}],"wp:attachment":[{"href":"https:\/\/kuzeyinsesi.org\/index.php\/wp-json\/wp\/v2\/media?parent=7936"}],"wp:term":[{"taxonomy":"category","embeddable":true,"href":"https:\/\/kuzeyinsesi.org\/index.php\/wp-json\/wp\/v2\/categories?post=7936"},{"taxonomy":"post_tag","embeddable":true,"href":"https:\/\/kuzeyinsesi.org\/index.php\/wp-json\/wp\/v2\/tags?post=7936"}],"curies":[{"name":"wp","href":"https:\/\/api.w.org\/{rel}","templated":true}]}}