{"id":793,"date":"2024-04-28T15:16:10","date_gmt":"2024-04-28T12:16:10","guid":{"rendered":"https:\/\/kuzeyinsesi.com\/index.php\/2024\/04\/28\/tatardemokrasi-soleni-yasanmasini-temenni-ediyorum\/"},"modified":"2024-04-28T15:16:10","modified_gmt":"2024-04-28T12:16:10","slug":"tatardemokrasi-soleni-yasanmasini-temenni-ediyorum","status":"publish","type":"post","link":"https:\/\/kuzeyinsesi.org\/index.php\/2024\/04\/28\/tatardemokrasi-soleni-yasanmasini-temenni-ediyorum\/","title":{"rendered":"Tatar:Demokrasi \u015f\u00f6leni ya\u015fanmas\u0131n\u0131 temenni ediyorum"},"content":{"rendered":"<div>\n<div class=\"mariselle-image-container center\">\n                                            <\/div>\n<p>Cumhurba\u015fkan\u0131 Ersin Tatar, Yeniden Do\u011fu\u015f Partisi\u2019nin (YDP) 4\u2019\u00fcnc\u00fc Ola\u011fan Kurultay\u0131\u2019na kat\u0131larak konu\u015fma ger\u00e7ekle\u015ftirdi.<\/p>\n<p>Cumhurba\u015fkan\u0131 Tatar, yapt\u0131\u011f\u0131 konu\u015fmas\u0131nda, YDP\u2019ye ba\u015far\u0131lar diledi, yap\u0131lan \u00e7al\u0131\u015fmalardan dolay\u0131 tebrik ederek, kurultayda demokrasi \u015f\u00f6leni ya\u015fanmas\u0131 temennisinde bulundu.<\/p>\n<p>Bu y\u0131l Bar\u0131\u015f Harekat\u0131\u2019n\u0131n 50\u2019nci y\u0131l\u0131n\u0131n hep beraber kutlanaca\u011f\u0131na i\u015faret eden Cumhurba\u015fkan\u0131 Tatar, halen devam eden t\u00fcm ambargo ve k\u0131s\u0131tlamalara ra\u011fmen KKTC\u2019yi Do\u011fu Akdeniz\u2019de ba\u011f\u0131ms\u0131z bir T\u00fcrk devleti olarak bu noktaya getirebilmi\u015f olman\u0131n mutlulu\u011fu i\u00e7erisinde olduklar\u0131n\u0131 kaydetti. <\/p>\n<p>\u201cK\u0131br\u0131s T\u00fcrk halk\u0131n\u0131n m\u00fcktesep haklar\u0131n\u0131 d\u00fcnyaya duyurmak en b\u00fcy\u00fck g\u00f6revimizdir.\u201d diyen Cumhurba\u015fkan\u0131 Tatar, YDP\u2019nin yeni siyasete verdi\u011fi destekten dolay\u0131 t\u00fcm \u00fcyelere te\u015fekk\u00fcrlerini iletti. <\/p>\n<p>Cumhurba\u015fkan\u0131 Tatar, Annan Plan\u0131 ve Crans Montana s\u00fcre\u00e7lerinin ard\u0131ndan federal temelde bir \u00e7\u00f6z\u00fcm\u00fcn bulunamayaca\u011f\u0131n\u0131n, K\u0131br\u0131s T\u00fcrk halk\u0131n\u0131n haklar\u0131n\u0131 inkar eden bir zihniyetle e\u015fitlik temelinde bir anla\u015fma sa\u011flanamayaca\u011f\u0131n\u0131n a\u00e7\u0131k bir \u015fekilde g\u00f6r\u00fcld\u00fc\u011f\u00fcn\u00fc belirtti. <\/p>\n<p>Anavatan T\u00fcrkiye\u2019nin de tam deste\u011fi al\u0131narak KKTC\u2019nin tan\u0131nmas\u0131 y\u00f6n\u00fcnde at\u0131lan ad\u0131mlar\u0131 hat\u0131rlatan Cumhurba\u015fkan\u0131 Tatar, yeni vizyonun k\u00f6kle\u015fmesiyle bu \u00e7abalar\u0131n daha da geli\u015ftirilerek devam edece\u011fini vurgulad\u0131, T\u00fcrk Devletleri Te\u015fkilat\u0131\u2019na g\u00f6zlemci \u00fcyelikle beraber \u00e7e\u015fitli platformlarda KKTC\u2019nin yer almas\u0131n\u0131n bunun a\u00e7\u0131k bir g\u00f6stergesi oldu\u011funu s\u00f6yledi. <\/p>\n<p>Cumhurba\u015fkan\u0131 Tatar, KKTC ve Anavatan sevgisini yan\u0131nda, K\u0131br\u0131s T\u00fcrk halk\u0131n\u0131n ba\u011f\u0131ms\u0131zl\u0131\u011f\u0131, \u00f6zg\u00fcrl\u00fc\u011f\u00fc ve onurlu bir ya\u015fam s\u00fcrmesi \u00e7abalar\u0131n\u0131n onlar\u0131 birbirlerine ba\u011flayan unsurlar oldu\u011funu ifade ederek, \u201cBunlar bizim, zenginli\u011fimiz, haysiyetimiz ve onurumuzdur.\u201d dedi.<\/p>\n<\/p><\/div>\n<p><script async\n                    defer\n                    crossorigin=\"anonymous\"\n                    src=\"https:\/\/connect.facebook.net\/tr_TR\/sdk.js#xfbml=1&#038;version=v3.3\"\n            ><\/script><\/p>\n","protected":false},"excerpt":{"rendered":"<p>Cumhurba\u015fkan\u0131 Ersin Tatar, Yeniden Do\u011fu\u015f Partisi\u2019nin (YDP) 4\u2019\u00fcnc\u00fc Ola\u011fan Kurultay\u0131\u2019na kat\u0131larak konu\u015fma ger\u00e7ekle\u015ftirdi. Cumhurba\u015fkan\u0131 Tatar, yapt\u0131\u011f\u0131 konu\u015fmas\u0131nda, YDP\u2019ye ba\u015far\u0131lar diledi, yap\u0131lan \u00e7al\u0131\u015fmalardan dolay\u0131 tebrik ederek, kurultayda demokrasi \u015f\u00f6leni ya\u015fanmas\u0131 temennisinde bulundu. Bu y\u0131l Bar\u0131\u015f Harekat\u0131\u2019n\u0131n 50\u2019nci y\u0131l\u0131n\u0131n hep beraber kutlanaca\u011f\u0131na i\u015faret eden Cumhurba\u015fkan\u0131 Tatar, halen devam eden t\u00fcm ambargo ve k\u0131s\u0131tlamalara ra\u011fmen KKTC\u2019yi Do\u011fu Akdeniz\u2019de [&hellip;]<\/p>\n","protected":false},"author":1,"featured_media":794,"comment_status":"open","ping_status":"open","sticky":false,"template":"","format":"standard","meta":{"jnews-multi-image_gallery":[],"jnews_single_post":[],"jnews_primary_category":[],"jnews_social_meta":[],"jnews_override_counter":[],"footnotes":""},"categories":[1],"tags":[],"class_list":["post-793","post","type-post","status-publish","format-standard","has-post-thumbnail","hentry","category-kibris"],"yoast_head":"<!-- This site is optimized with the Yoast SEO plugin v27.4 - https:\/\/yoast.com\/product\/yoast-seo-wordpress\/ -->\n<title>Tatar:Demokrasi \u015f\u00f6leni ya\u015fanmas\u0131n\u0131 temenni ediyorum - Kuzeyin Sesi<\/title>\n<meta name=\"robots\" content=\"index, follow, max-snippet:-1, max-image-preview:large, max-video-preview:-1\" \/>\n<link rel=\"canonical\" href=\"https:\/\/kuzeyinsesi.org\/index.php\/2024\/04\/28\/tatardemokrasi-soleni-yasanmasini-temenni-ediyorum\/\" \/>\n<meta property=\"og:locale\" content=\"tr_TR\" \/>\n<meta property=\"og:type\" content=\"article\" \/>\n<meta property=\"og:title\" content=\"Tatar:Demokrasi \u015f\u00f6leni ya\u015fanmas\u0131n\u0131 temenni ediyorum - Kuzeyin Sesi\" \/>\n<meta property=\"og:description\" content=\"Cumhurba\u015fkan\u0131 Ersin Tatar, Yeniden Do\u011fu\u015f Partisi\u2019nin (YDP) 4\u2019\u00fcnc\u00fc Ola\u011fan Kurultay\u0131\u2019na kat\u0131larak konu\u015fma ger\u00e7ekle\u015ftirdi. Cumhurba\u015fkan\u0131 Tatar, yapt\u0131\u011f\u0131 konu\u015fmas\u0131nda, YDP\u2019ye ba\u015far\u0131lar diledi, yap\u0131lan \u00e7al\u0131\u015fmalardan dolay\u0131 tebrik ederek, kurultayda demokrasi \u015f\u00f6leni ya\u015fanmas\u0131 temennisinde bulundu. Bu y\u0131l Bar\u0131\u015f Harekat\u0131\u2019n\u0131n 50\u2019nci y\u0131l\u0131n\u0131n hep beraber kutlanaca\u011f\u0131na i\u015faret eden Cumhurba\u015fkan\u0131 Tatar, halen devam eden t\u00fcm ambargo ve k\u0131s\u0131tlamalara ra\u011fmen KKTC\u2019yi Do\u011fu Akdeniz\u2019de [&hellip;]\" \/>\n<meta property=\"og:url\" content=\"https:\/\/kuzeyinsesi.org\/index.php\/2024\/04\/28\/tatardemokrasi-soleni-yasanmasini-temenni-ediyorum\/\" \/>\n<meta property=\"og:site_name\" content=\"Kuzeyin Sesi\" \/>\n<meta property=\"article:publisher\" content=\"https:\/\/www.facebook.com\/kuzeyinsesii\" \/>\n<meta property=\"article:published_time\" content=\"2024-04-28T12:16:10+00:00\" \/>\n<meta property=\"og:image\" content=\"https:\/\/kuzeyinsesi.org\/wp-content\/uploads\/2024\/04\/Screenshot_20240428_151157_X.jpg\" \/>\n\t<meta property=\"og:image:width\" content=\"1080\" \/>\n\t<meta property=\"og:image:height\" content=\"562\" \/>\n\t<meta property=\"og:image:type\" content=\"image\/jpeg\" \/>\n<meta name=\"author\" content=\"Kuzeyin Sesi\" \/>\n<meta name=\"twitter:card\" content=\"summary_large_image\" \/>\n<meta name=\"twitter:creator\" content=\"@kuzeyinsesii\" \/>\n<meta name=\"twitter:site\" content=\"@kuzeyinsesii\" \/>\n<meta name=\"twitter:label1\" content=\"Yazan:\" \/>\n\t<meta name=\"twitter:data1\" content=\"Kuzeyin Sesi\" \/>\n\t<meta name=\"twitter:label2\" content=\"Tahmini okuma s\u00fcresi\" \/>\n\t<meta name=\"twitter:data2\" content=\"2 dakika\" \/>\n<script type=\"application\/ld+json\" class=\"yoast-schema-graph\">{\"@context\":\"https:\\\/\\\/schema.org\",\"@graph\":[{\"@type\":\"Article\",\"@id\":\"https:\\\/\\\/kuzeyinsesi.org\\\/index.php\\\/2024\\\/04\\\/28\\\/tatardemokrasi-soleni-yasanmasini-temenni-ediyorum\\\/#article\",\"isPartOf\":{\"@id\":\"https:\\\/\\\/kuzeyinsesi.org\\\/index.php\\\/2024\\\/04\\\/28\\\/tatardemokrasi-soleni-yasanmasini-temenni-ediyorum\\\/\"},\"author\":{\"name\":\"Kuzeyin Sesi\",\"@id\":\"https:\\\/\\\/kuzeyinsesi.org\\\/#\\\/schema\\\/person\\\/9f859689cdf01485597712386e37f5aa\"},\"headline\":\"Tatar:Demokrasi \u015f\u00f6leni ya\u015fanmas\u0131n\u0131 temenni ediyorum\",\"datePublished\":\"2024-04-28T12:16:10+00:00\",\"mainEntityOfPage\":{\"@id\":\"https:\\\/\\\/kuzeyinsesi.org\\\/index.php\\\/2024\\\/04\\\/28\\\/tatardemokrasi-soleni-yasanmasini-temenni-ediyorum\\\/\"},\"wordCount\":332,\"commentCount\":0,\"image\":{\"@id\":\"https:\\\/\\\/kuzeyinsesi.org\\\/index.php\\\/2024\\\/04\\\/28\\\/tatardemokrasi-soleni-yasanmasini-temenni-ediyorum\\\/#primaryimage\"},\"thumbnailUrl\":\"https:\\\/\\\/kuzeyinsesi.org\\\/wp-content\\\/uploads\\\/2024\\\/04\\\/Screenshot_20240428_151157_X.jpg\",\"articleSection\":[\"K\u0131br\u0131s\"],\"inLanguage\":\"tr\",\"potentialAction\":[{\"@type\":\"CommentAction\",\"name\":\"Comment\",\"target\":[\"https:\\\/\\\/kuzeyinsesi.org\\\/index.php\\\/2024\\\/04\\\/28\\\/tatardemokrasi-soleni-yasanmasini-temenni-ediyorum\\\/#respond\"]}]},{\"@type\":\"WebPage\",\"@id\":\"https:\\\/\\\/kuzeyinsesi.org\\\/index.php\\\/2024\\\/04\\\/28\\\/tatardemokrasi-soleni-yasanmasini-temenni-ediyorum\\\/\",\"url\":\"https:\\\/\\\/kuzeyinsesi.org\\\/index.php\\\/2024\\\/04\\\/28\\\/tatardemokrasi-soleni-yasanmasini-temenni-ediyorum\\\/\",\"name\":\"Tatar:Demokrasi \u015f\u00f6leni ya\u015fanmas\u0131n\u0131 temenni ediyorum - Kuzeyin Sesi\",\"isPartOf\":{\"@id\":\"https:\\\/\\\/kuzeyinsesi.org\\\/#website\"},\"primaryImageOfPage\":{\"@id\":\"https:\\\/\\\/kuzeyinsesi.org\\\/index.php\\\/2024\\\/04\\\/28\\\/tatardemokrasi-soleni-yasanmasini-temenni-ediyorum\\\/#primaryimage\"},\"image\":{\"@id\":\"https:\\\/\\\/kuzeyinsesi.org\\\/index.php\\\/2024\\\/04\\\/28\\\/tatardemokrasi-soleni-yasanmasini-temenni-ediyorum\\\/#primaryimage\"},\"thumbnailUrl\":\"https:\\\/\\\/kuzeyinsesi.org\\\/wp-content\\\/uploads\\\/2024\\\/04\\\/Screenshot_20240428_151157_X.jpg\",\"datePublished\":\"2024-04-28T12:16:10+00:00\",\"author\":{\"@id\":\"https:\\\/\\\/kuzeyinsesi.org\\\/#\\\/schema\\\/person\\\/9f859689cdf01485597712386e37f5aa\"},\"breadcrumb\":{\"@id\":\"https:\\\/\\\/kuzeyinsesi.org\\\/index.php\\\/2024\\\/04\\\/28\\\/tatardemokrasi-soleni-yasanmasini-temenni-ediyorum\\\/#breadcrumb\"},\"inLanguage\":\"tr\",\"potentialAction\":[{\"@type\":\"ReadAction\",\"target\":[\"https:\\\/\\\/kuzeyinsesi.org\\\/index.php\\\/2024\\\/04\\\/28\\\/tatardemokrasi-soleni-yasanmasini-temenni-ediyorum\\\/\"]}]},{\"@type\":\"ImageObject\",\"inLanguage\":\"tr\",\"@id\":\"https:\\\/\\\/kuzeyinsesi.org\\\/index.php\\\/2024\\\/04\\\/28\\\/tatardemokrasi-soleni-yasanmasini-temenni-ediyorum\\\/#primaryimage\",\"url\":\"https:\\\/\\\/kuzeyinsesi.org\\\/wp-content\\\/uploads\\\/2024\\\/04\\\/Screenshot_20240428_151157_X.jpg\",\"contentUrl\":\"https:\\\/\\\/kuzeyinsesi.org\\\/wp-content\\\/uploads\\\/2024\\\/04\\\/Screenshot_20240428_151157_X.jpg\",\"width\":1080,\"height\":562},{\"@type\":\"BreadcrumbList\",\"@id\":\"https:\\\/\\\/kuzeyinsesi.org\\\/index.php\\\/2024\\\/04\\\/28\\\/tatardemokrasi-soleni-yasanmasini-temenni-ediyorum\\\/#breadcrumb\",\"itemListElement\":[{\"@type\":\"ListItem\",\"position\":1,\"name\":\"Anasayfa\",\"item\":\"https:\\\/\\\/kuzeyinsesi.org\\\/\"},{\"@type\":\"ListItem\",\"position\":2,\"name\":\"Tatar:Demokrasi \u015f\u00f6leni ya\u015fanmas\u0131n\u0131 temenni ediyorum\"}]},{\"@type\":\"WebSite\",\"@id\":\"https:\\\/\\\/kuzeyinsesi.org\\\/#website\",\"url\":\"https:\\\/\\\/kuzeyinsesi.org\\\/\",\"name\":\"Kuzeyin Sesi\",\"description\":\"Do\u011fru Haberin Adresi\",\"potentialAction\":[{\"@type\":\"SearchAction\",\"target\":{\"@type\":\"EntryPoint\",\"urlTemplate\":\"https:\\\/\\\/kuzeyinsesi.org\\\/?s={search_term_string}\"},\"query-input\":{\"@type\":\"PropertyValueSpecification\",\"valueRequired\":true,\"valueName\":\"search_term_string\"}}],\"inLanguage\":\"tr\"},{\"@type\":\"Person\",\"@id\":\"https:\\\/\\\/kuzeyinsesi.org\\\/#\\\/schema\\\/person\\\/9f859689cdf01485597712386e37f5aa\",\"name\":\"Kuzeyin Sesi\",\"image\":{\"@type\":\"ImageObject\",\"inLanguage\":\"tr\",\"@id\":\"https:\\\/\\\/secure.gravatar.com\\\/avatar\\\/bab33852abfd8b282518d6ed81826833d77c3c882d9ab608add591ccace47a44?s=96&d=mm&r=g\",\"url\":\"https:\\\/\\\/secure.gravatar.com\\\/avatar\\\/bab33852abfd8b282518d6ed81826833d77c3c882d9ab608add591ccace47a44?s=96&d=mm&r=g\",\"contentUrl\":\"https:\\\/\\\/secure.gravatar.com\\\/avatar\\\/bab33852abfd8b282518d6ed81826833d77c3c882d9ab608add591ccace47a44?s=96&d=mm&r=g\",\"caption\":\"Kuzeyin Sesi\"},\"sameAs\":[\"https:\\\/\\\/kuzeyinsesi.org\"],\"url\":\"https:\\\/\\\/kuzeyinsesi.org\\\/index.php\\\/author\\\/guven\\\/\"}]}<\/script>\n<!-- \/ Yoast SEO plugin. -->","yoast_head_json":{"title":"Tatar:Demokrasi \u015f\u00f6leni ya\u015fanmas\u0131n\u0131 temenni ediyorum - Kuzeyin Sesi","robots":{"index":"index","follow":"follow","max-snippet":"max-snippet:-1","max-image-preview":"max-image-preview:large","max-video-preview":"max-video-preview:-1"},"canonical":"https:\/\/kuzeyinsesi.org\/index.php\/2024\/04\/28\/tatardemokrasi-soleni-yasanmasini-temenni-ediyorum\/","og_locale":"tr_TR","og_type":"article","og_title":"Tatar:Demokrasi \u015f\u00f6leni ya\u015fanmas\u0131n\u0131 temenni ediyorum - Kuzeyin Sesi","og_description":"Cumhurba\u015fkan\u0131 Ersin Tatar, Yeniden Do\u011fu\u015f Partisi\u2019nin (YDP) 4\u2019\u00fcnc\u00fc Ola\u011fan Kurultay\u0131\u2019na kat\u0131larak konu\u015fma ger\u00e7ekle\u015ftirdi. Cumhurba\u015fkan\u0131 Tatar, yapt\u0131\u011f\u0131 konu\u015fmas\u0131nda, YDP\u2019ye ba\u015far\u0131lar diledi, yap\u0131lan \u00e7al\u0131\u015fmalardan dolay\u0131 tebrik ederek, kurultayda demokrasi \u015f\u00f6leni ya\u015fanmas\u0131 temennisinde bulundu. Bu y\u0131l Bar\u0131\u015f Harekat\u0131\u2019n\u0131n 50\u2019nci y\u0131l\u0131n\u0131n hep beraber kutlanaca\u011f\u0131na i\u015faret eden Cumhurba\u015fkan\u0131 Tatar, halen devam eden t\u00fcm ambargo ve k\u0131s\u0131tlamalara ra\u011fmen KKTC\u2019yi Do\u011fu Akdeniz\u2019de [&hellip;]","og_url":"https:\/\/kuzeyinsesi.org\/index.php\/2024\/04\/28\/tatardemokrasi-soleni-yasanmasini-temenni-ediyorum\/","og_site_name":"Kuzeyin Sesi","article_publisher":"https:\/\/www.facebook.com\/kuzeyinsesii","article_published_time":"2024-04-28T12:16:10+00:00","og_image":[{"width":1080,"height":562,"url":"https:\/\/kuzeyinsesi.org\/wp-content\/uploads\/2024\/04\/Screenshot_20240428_151157_X.jpg","type":"image\/jpeg"}],"author":"Kuzeyin Sesi","twitter_card":"summary_large_image","twitter_creator":"@kuzeyinsesii","twitter_site":"@kuzeyinsesii","twitter_misc":{"Yazan:":"Kuzeyin Sesi","Tahmini okuma s\u00fcresi":"2 dakika"},"schema":{"@context":"https:\/\/schema.org","@graph":[{"@type":"Article","@id":"https:\/\/kuzeyinsesi.org\/index.php\/2024\/04\/28\/tatardemokrasi-soleni-yasanmasini-temenni-ediyorum\/#article","isPartOf":{"@id":"https:\/\/kuzeyinsesi.org\/index.php\/2024\/04\/28\/tatardemokrasi-soleni-yasanmasini-temenni-ediyorum\/"},"author":{"name":"Kuzeyin Sesi","@id":"https:\/\/kuzeyinsesi.org\/#\/schema\/person\/9f859689cdf01485597712386e37f5aa"},"headline":"Tatar:Demokrasi \u015f\u00f6leni ya\u015fanmas\u0131n\u0131 temenni ediyorum","datePublished":"2024-04-28T12:16:10+00:00","mainEntityOfPage":{"@id":"https:\/\/kuzeyinsesi.org\/index.php\/2024\/04\/28\/tatardemokrasi-soleni-yasanmasini-temenni-ediyorum\/"},"wordCount":332,"commentCount":0,"image":{"@id":"https:\/\/kuzeyinsesi.org\/index.php\/2024\/04\/28\/tatardemokrasi-soleni-yasanmasini-temenni-ediyorum\/#primaryimage"},"thumbnailUrl":"https:\/\/kuzeyinsesi.org\/wp-content\/uploads\/2024\/04\/Screenshot_20240428_151157_X.jpg","articleSection":["K\u0131br\u0131s"],"inLanguage":"tr","potentialAction":[{"@type":"CommentAction","name":"Comment","target":["https:\/\/kuzeyinsesi.org\/index.php\/2024\/04\/28\/tatardemokrasi-soleni-yasanmasini-temenni-ediyorum\/#respond"]}]},{"@type":"WebPage","@id":"https:\/\/kuzeyinsesi.org\/index.php\/2024\/04\/28\/tatardemokrasi-soleni-yasanmasini-temenni-ediyorum\/","url":"https:\/\/kuzeyinsesi.org\/index.php\/2024\/04\/28\/tatardemokrasi-soleni-yasanmasini-temenni-ediyorum\/","name":"Tatar:Demokrasi \u015f\u00f6leni ya\u015fanmas\u0131n\u0131 temenni ediyorum - Kuzeyin Sesi","isPartOf":{"@id":"https:\/\/kuzeyinsesi.org\/#website"},"primaryImageOfPage":{"@id":"https:\/\/kuzeyinsesi.org\/index.php\/2024\/04\/28\/tatardemokrasi-soleni-yasanmasini-temenni-ediyorum\/#primaryimage"},"image":{"@id":"https:\/\/kuzeyinsesi.org\/index.php\/2024\/04\/28\/tatardemokrasi-soleni-yasanmasini-temenni-ediyorum\/#primaryimage"},"thumbnailUrl":"https:\/\/kuzeyinsesi.org\/wp-content\/uploads\/2024\/04\/Screenshot_20240428_151157_X.jpg","datePublished":"2024-04-28T12:16:10+00:00","author":{"@id":"https:\/\/kuzeyinsesi.org\/#\/schema\/person\/9f859689cdf01485597712386e37f5aa"},"breadcrumb":{"@id":"https:\/\/kuzeyinsesi.org\/index.php\/2024\/04\/28\/tatardemokrasi-soleni-yasanmasini-temenni-ediyorum\/#breadcrumb"},"inLanguage":"tr","potentialAction":[{"@type":"ReadAction","target":["https:\/\/kuzeyinsesi.org\/index.php\/2024\/04\/28\/tatardemokrasi-soleni-yasanmasini-temenni-ediyorum\/"]}]},{"@type":"ImageObject","inLanguage":"tr","@id":"https:\/\/kuzeyinsesi.org\/index.php\/2024\/04\/28\/tatardemokrasi-soleni-yasanmasini-temenni-ediyorum\/#primaryimage","url":"https:\/\/kuzeyinsesi.org\/wp-content\/uploads\/2024\/04\/Screenshot_20240428_151157_X.jpg","contentUrl":"https:\/\/kuzeyinsesi.org\/wp-content\/uploads\/2024\/04\/Screenshot_20240428_151157_X.jpg","width":1080,"height":562},{"@type":"BreadcrumbList","@id":"https:\/\/kuzeyinsesi.org\/index.php\/2024\/04\/28\/tatardemokrasi-soleni-yasanmasini-temenni-ediyorum\/#breadcrumb","itemListElement":[{"@type":"ListItem","position":1,"name":"Anasayfa","item":"https:\/\/kuzeyinsesi.org\/"},{"@type":"ListItem","position":2,"name":"Tatar:Demokrasi \u015f\u00f6leni ya\u015fanmas\u0131n\u0131 temenni ediyorum"}]},{"@type":"WebSite","@id":"https:\/\/kuzeyinsesi.org\/#website","url":"https:\/\/kuzeyinsesi.org\/","name":"Kuzeyin Sesi","description":"Do\u011fru Haberin Adresi","potentialAction":[{"@type":"SearchAction","target":{"@type":"EntryPoint","urlTemplate":"https:\/\/kuzeyinsesi.org\/?s={search_term_string}"},"query-input":{"@type":"PropertyValueSpecification","valueRequired":true,"valueName":"search_term_string"}}],"inLanguage":"tr"},{"@type":"Person","@id":"https:\/\/kuzeyinsesi.org\/#\/schema\/person\/9f859689cdf01485597712386e37f5aa","name":"Kuzeyin Sesi","image":{"@type":"ImageObject","inLanguage":"tr","@id":"https:\/\/secure.gravatar.com\/avatar\/bab33852abfd8b282518d6ed81826833d77c3c882d9ab608add591ccace47a44?s=96&d=mm&r=g","url":"https:\/\/secure.gravatar.com\/avatar\/bab33852abfd8b282518d6ed81826833d77c3c882d9ab608add591ccace47a44?s=96&d=mm&r=g","contentUrl":"https:\/\/secure.gravatar.com\/avatar\/bab33852abfd8b282518d6ed81826833d77c3c882d9ab608add591ccace47a44?s=96&d=mm&r=g","caption":"Kuzeyin Sesi"},"sameAs":["https:\/\/kuzeyinsesi.org"],"url":"https:\/\/kuzeyinsesi.org\/index.php\/author\/guven\/"}]}},"_links":{"self":[{"href":"https:\/\/kuzeyinsesi.org\/index.php\/wp-json\/wp\/v2\/posts\/793","targetHints":{"allow":["GET"]}}],"collection":[{"href":"https:\/\/kuzeyinsesi.org\/index.php\/wp-json\/wp\/v2\/posts"}],"about":[{"href":"https:\/\/kuzeyinsesi.org\/index.php\/wp-json\/wp\/v2\/types\/post"}],"author":[{"embeddable":true,"href":"https:\/\/kuzeyinsesi.org\/index.php\/wp-json\/wp\/v2\/users\/1"}],"replies":[{"embeddable":true,"href":"https:\/\/kuzeyinsesi.org\/index.php\/wp-json\/wp\/v2\/comments?post=793"}],"version-history":[{"count":0,"href":"https:\/\/kuzeyinsesi.org\/index.php\/wp-json\/wp\/v2\/posts\/793\/revisions"}],"wp:featuredmedia":[{"embeddable":true,"href":"https:\/\/kuzeyinsesi.org\/index.php\/wp-json\/wp\/v2\/media\/794"}],"wp:attachment":[{"href":"https:\/\/kuzeyinsesi.org\/index.php\/wp-json\/wp\/v2\/media?parent=793"}],"wp:term":[{"taxonomy":"category","embeddable":true,"href":"https:\/\/kuzeyinsesi.org\/index.php\/wp-json\/wp\/v2\/categories?post=793"},{"taxonomy":"post_tag","embeddable":true,"href":"https:\/\/kuzeyinsesi.org\/index.php\/wp-json\/wp\/v2\/tags?post=793"}],"curies":[{"name":"wp","href":"https:\/\/api.w.org\/{rel}","templated":true}]}}