{"id":7918,"date":"2024-08-14T11:21:03","date_gmt":"2024-08-14T08:21:03","guid":{"rendered":"https:\/\/kuzeyinsesi.org\/index.php\/2024\/08\/14\/ahmet-ozyasar-yeni-cikarttigi-zoraki-evlilik-adli-kitabini-tanitti\/"},"modified":"2024-08-14T11:21:03","modified_gmt":"2024-08-14T08:21:03","slug":"ahmet-ozyasar-yeni-cikarttigi-zoraki-evlilik-adli-kitabini-tanitti","status":"publish","type":"post","link":"https:\/\/kuzeyinsesi.org\/index.php\/2024\/08\/14\/ahmet-ozyasar-yeni-cikarttigi-zoraki-evlilik-adli-kitabini-tanitti\/","title":{"rendered":"Ahmet \u00d6zya\u015far, yeni \u00e7\u0131kartt\u0131\u011f\u0131 \u201cZoraki Evlilik\u201d adl\u0131 kitab\u0131n\u0131 tan\u0131tt\u0131"},"content":{"rendered":"<div>\n<div class=\"mariselle-image-container center\">\n                                            <\/div>\n<p>K\u0131br\u0131s T\u00fcrk Spor Yazarlar\u0131 Derne\u011fi Asba\u015fkan\u0131 Ahmet \u00d6zya\u015far, d\u00fcnden bug\u00fcne K\u0131br\u0131s T\u00fcrk Toplumunda spor siyaset ili\u015fkisinin konu edildi\u011fi \u201cZoraki Evlilik\u201d isimli kitab\u0131n\u0131n tan\u0131t\u0131m\u0131n\u0131 ger\u00e7ekle\u015ftirdi.<br \/>Gazima\u011fusa Bandabulya yer alan tan\u0131t\u0131m etkinli\u011finde ilk olarak  Gazima\u011fusa Belediye Ba\u015fkan\u0131 S\u00fcleyman Ulu\u00e7ay konu\u015ftu. <\/p>\n<p>Ulu\u00e7ay konu\u015fmas\u0131nda Bandabulya\u2019n\u0131n kentin \u00f6nemli bir sanat merkezi oldu\u011funu an\u0131msatarak, kitab\u0131n hayat bulmas\u0131nda eme\u011fi ge\u00e7enlere te\u015fekk\u00fcr etti .<\/p>\n<p> Yazar  Ahmet \u00d6zya\u015far da  kitab\u0131n\u0131n s\u00fcreci ile ilgili etkinli\u011fe kat\u0131lanlara bilgiler aktard\u0131. <\/p>\n<p>Pek\u00e7ok kitapseverin kat\u0131ld\u0131\u011f\u0131 etkinlikte Ahmet \u00d6zya\u015far daha sonra hayranlar\u0131na kitab\u0131n\u0131 imzalayarak takdim etti.<\/p>\n<\/p><\/div>\n<p><script async\n                    defer\n                    crossorigin=\"anonymous\"\n                    src=\"https:\/\/connect.facebook.net\/tr_TR\/sdk.js#xfbml=1&#038;version=v3.3\"\n            ><\/script><\/p>\n","protected":false},"excerpt":{"rendered":"<p>K\u0131br\u0131s T\u00fcrk Spor Yazarlar\u0131 Derne\u011fi Asba\u015fkan\u0131 Ahmet \u00d6zya\u015far, d\u00fcnden bug\u00fcne K\u0131br\u0131s T\u00fcrk Toplumunda spor siyaset ili\u015fkisinin konu edildi\u011fi \u201cZoraki Evlilik\u201d isimli kitab\u0131n\u0131n tan\u0131t\u0131m\u0131n\u0131 ger\u00e7ekle\u015ftirdi.Gazima\u011fusa Bandabulya yer alan tan\u0131t\u0131m etkinli\u011finde ilk olarak Gazima\u011fusa Belediye Ba\u015fkan\u0131 S\u00fcleyman Ulu\u00e7ay konu\u015ftu. Ulu\u00e7ay konu\u015fmas\u0131nda Bandabulya\u2019n\u0131n kentin \u00f6nemli bir sanat merkezi oldu\u011funu an\u0131msatarak, kitab\u0131n hayat bulmas\u0131nda eme\u011fi ge\u00e7enlere te\u015fekk\u00fcr etti . [&hellip;]<\/p>\n","protected":false},"author":1,"featured_media":7919,"comment_status":"open","ping_status":"open","sticky":false,"template":"","format":"standard","meta":{"jnews-multi-image_gallery":[],"jnews_single_post":[],"jnews_primary_category":[],"jnews_social_meta":[],"jnews_override_counter":[],"footnotes":""},"categories":[6],"tags":[],"class_list":["post-7918","post","type-post","status-publish","format-standard","has-post-thumbnail","hentry","category-yasam"],"yoast_head":"<!-- This site is optimized with the Yoast SEO plugin v27.5 - https:\/\/yoast.com\/product\/yoast-seo-wordpress\/ -->\n<title>Ahmet \u00d6zya\u015far, yeni \u00e7\u0131kartt\u0131\u011f\u0131 \u201cZoraki Evlilik\u201d adl\u0131 kitab\u0131n\u0131 tan\u0131tt\u0131 - Kuzeyin Sesi<\/title>\n<meta name=\"robots\" content=\"index, follow, max-snippet:-1, max-image-preview:large, max-video-preview:-1\" \/>\n<link rel=\"canonical\" href=\"https:\/\/kuzeyinsesi.org\/index.php\/2024\/08\/14\/ahmet-ozyasar-yeni-cikarttigi-zoraki-evlilik-adli-kitabini-tanitti\/\" \/>\n<meta property=\"og:locale\" content=\"tr_TR\" \/>\n<meta property=\"og:type\" content=\"article\" \/>\n<meta property=\"og:title\" content=\"Ahmet \u00d6zya\u015far, yeni \u00e7\u0131kartt\u0131\u011f\u0131 \u201cZoraki Evlilik\u201d adl\u0131 kitab\u0131n\u0131 tan\u0131tt\u0131 - Kuzeyin Sesi\" \/>\n<meta property=\"og:description\" content=\"K\u0131br\u0131s T\u00fcrk Spor Yazarlar\u0131 Derne\u011fi Asba\u015fkan\u0131 Ahmet \u00d6zya\u015far, d\u00fcnden bug\u00fcne K\u0131br\u0131s T\u00fcrk Toplumunda spor siyaset ili\u015fkisinin konu edildi\u011fi \u201cZoraki Evlilik\u201d isimli kitab\u0131n\u0131n tan\u0131t\u0131m\u0131n\u0131 ger\u00e7ekle\u015ftirdi.Gazima\u011fusa Bandabulya yer alan tan\u0131t\u0131m etkinli\u011finde ilk olarak Gazima\u011fusa Belediye Ba\u015fkan\u0131 S\u00fcleyman Ulu\u00e7ay konu\u015ftu. Ulu\u00e7ay konu\u015fmas\u0131nda Bandabulya\u2019n\u0131n kentin \u00f6nemli bir sanat merkezi oldu\u011funu an\u0131msatarak, kitab\u0131n hayat bulmas\u0131nda eme\u011fi ge\u00e7enlere te\u015fekk\u00fcr etti . [&hellip;]\" \/>\n<meta property=\"og:url\" content=\"https:\/\/kuzeyinsesi.org\/index.php\/2024\/08\/14\/ahmet-ozyasar-yeni-cikarttigi-zoraki-evlilik-adli-kitabini-tanitti\/\" \/>\n<meta property=\"og:site_name\" content=\"Kuzeyin Sesi\" \/>\n<meta property=\"article:publisher\" content=\"https:\/\/www.facebook.com\/kuzeyinsesii\" \/>\n<meta property=\"article:published_time\" content=\"2024-08-14T08:21:03+00:00\" \/>\n<meta property=\"og:image\" content=\"https:\/\/brtk.net\/wp-content\/uploads\/2024\/08\/14\/alskjdlajkdla.jpg?ver=2d636a875d98d324f606f51a5ae71a24\" \/>\n<meta name=\"author\" content=\"Kuzeyin Sesi\" \/>\n<meta name=\"twitter:card\" content=\"summary_large_image\" \/>\n<meta name=\"twitter:creator\" content=\"@kuzeyinsesii\" \/>\n<meta name=\"twitter:site\" content=\"@kuzeyinsesii\" \/>\n<meta name=\"twitter:label1\" content=\"Yazan:\" \/>\n\t<meta name=\"twitter:data1\" content=\"Kuzeyin Sesi\" \/>\n\t<meta name=\"twitter:label2\" content=\"Tahmini okuma s\u00fcresi\" \/>\n\t<meta name=\"twitter:data2\" content=\"1 dakika\" \/>\n<script type=\"application\/ld+json\" class=\"yoast-schema-graph\">{\"@context\":\"https:\\\/\\\/schema.org\",\"@graph\":[{\"@type\":\"Article\",\"@id\":\"https:\\\/\\\/kuzeyinsesi.org\\\/index.php\\\/2024\\\/08\\\/14\\\/ahmet-ozyasar-yeni-cikarttigi-zoraki-evlilik-adli-kitabini-tanitti\\\/#article\",\"isPartOf\":{\"@id\":\"https:\\\/\\\/kuzeyinsesi.org\\\/index.php\\\/2024\\\/08\\\/14\\\/ahmet-ozyasar-yeni-cikarttigi-zoraki-evlilik-adli-kitabini-tanitti\\\/\"},\"author\":{\"name\":\"Kuzeyin Sesi\",\"@id\":\"https:\\\/\\\/kuzeyinsesi.org\\\/#\\\/schema\\\/person\\\/9f859689cdf01485597712386e37f5aa\"},\"headline\":\"Ahmet \u00d6zya\u015far, yeni \u00e7\u0131kartt\u0131\u011f\u0131 \u201cZoraki Evlilik\u201d adl\u0131 kitab\u0131n\u0131 tan\u0131tt\u0131\",\"datePublished\":\"2024-08-14T08:21:03+00:00\",\"mainEntityOfPage\":{\"@id\":\"https:\\\/\\\/kuzeyinsesi.org\\\/index.php\\\/2024\\\/08\\\/14\\\/ahmet-ozyasar-yeni-cikarttigi-zoraki-evlilik-adli-kitabini-tanitti\\\/\"},\"wordCount\":145,\"commentCount\":0,\"image\":{\"@id\":\"https:\\\/\\\/kuzeyinsesi.org\\\/index.php\\\/2024\\\/08\\\/14\\\/ahmet-ozyasar-yeni-cikarttigi-zoraki-evlilik-adli-kitabini-tanitti\\\/#primaryimage\"},\"thumbnailUrl\":\"https:\\\/\\\/kuzeyinsesi.org\\\/wp-content\\\/uploads\\\/2024\\\/08\\\/alskjdlajkdla.jpg\",\"articleSection\":[\"Ya\u015fam\"],\"inLanguage\":\"tr\",\"potentialAction\":[{\"@type\":\"CommentAction\",\"name\":\"Comment\",\"target\":[\"https:\\\/\\\/kuzeyinsesi.org\\\/index.php\\\/2024\\\/08\\\/14\\\/ahmet-ozyasar-yeni-cikarttigi-zoraki-evlilik-adli-kitabini-tanitti\\\/#respond\"]}]},{\"@type\":\"WebPage\",\"@id\":\"https:\\\/\\\/kuzeyinsesi.org\\\/index.php\\\/2024\\\/08\\\/14\\\/ahmet-ozyasar-yeni-cikarttigi-zoraki-evlilik-adli-kitabini-tanitti\\\/\",\"url\":\"https:\\\/\\\/kuzeyinsesi.org\\\/index.php\\\/2024\\\/08\\\/14\\\/ahmet-ozyasar-yeni-cikarttigi-zoraki-evlilik-adli-kitabini-tanitti\\\/\",\"name\":\"Ahmet \u00d6zya\u015far, yeni \u00e7\u0131kartt\u0131\u011f\u0131 \u201cZoraki Evlilik\u201d adl\u0131 kitab\u0131n\u0131 tan\u0131tt\u0131 - Kuzeyin Sesi\",\"isPartOf\":{\"@id\":\"https:\\\/\\\/kuzeyinsesi.org\\\/#website\"},\"primaryImageOfPage\":{\"@id\":\"https:\\\/\\\/kuzeyinsesi.org\\\/index.php\\\/2024\\\/08\\\/14\\\/ahmet-ozyasar-yeni-cikarttigi-zoraki-evlilik-adli-kitabini-tanitti\\\/#primaryimage\"},\"image\":{\"@id\":\"https:\\\/\\\/kuzeyinsesi.org\\\/index.php\\\/2024\\\/08\\\/14\\\/ahmet-ozyasar-yeni-cikarttigi-zoraki-evlilik-adli-kitabini-tanitti\\\/#primaryimage\"},\"thumbnailUrl\":\"https:\\\/\\\/kuzeyinsesi.org\\\/wp-content\\\/uploads\\\/2024\\\/08\\\/alskjdlajkdla.jpg\",\"datePublished\":\"2024-08-14T08:21:03+00:00\",\"author\":{\"@id\":\"https:\\\/\\\/kuzeyinsesi.org\\\/#\\\/schema\\\/person\\\/9f859689cdf01485597712386e37f5aa\"},\"breadcrumb\":{\"@id\":\"https:\\\/\\\/kuzeyinsesi.org\\\/index.php\\\/2024\\\/08\\\/14\\\/ahmet-ozyasar-yeni-cikarttigi-zoraki-evlilik-adli-kitabini-tanitti\\\/#breadcrumb\"},\"inLanguage\":\"tr\",\"potentialAction\":[{\"@type\":\"ReadAction\",\"target\":[\"https:\\\/\\\/kuzeyinsesi.org\\\/index.php\\\/2024\\\/08\\\/14\\\/ahmet-ozyasar-yeni-cikarttigi-zoraki-evlilik-adli-kitabini-tanitti\\\/\"]}]},{\"@type\":\"ImageObject\",\"inLanguage\":\"tr\",\"@id\":\"https:\\\/\\\/kuzeyinsesi.org\\\/index.php\\\/2024\\\/08\\\/14\\\/ahmet-ozyasar-yeni-cikarttigi-zoraki-evlilik-adli-kitabini-tanitti\\\/#primaryimage\",\"url\":\"https:\\\/\\\/kuzeyinsesi.org\\\/wp-content\\\/uploads\\\/2024\\\/08\\\/alskjdlajkdla.jpg\",\"contentUrl\":\"https:\\\/\\\/kuzeyinsesi.org\\\/wp-content\\\/uploads\\\/2024\\\/08\\\/alskjdlajkdla.jpg\",\"width\":1860,\"height\":1006},{\"@type\":\"BreadcrumbList\",\"@id\":\"https:\\\/\\\/kuzeyinsesi.org\\\/index.php\\\/2024\\\/08\\\/14\\\/ahmet-ozyasar-yeni-cikarttigi-zoraki-evlilik-adli-kitabini-tanitti\\\/#breadcrumb\",\"itemListElement\":[{\"@type\":\"ListItem\",\"position\":1,\"name\":\"Anasayfa\",\"item\":\"https:\\\/\\\/kuzeyinsesi.org\\\/\"},{\"@type\":\"ListItem\",\"position\":2,\"name\":\"Ahmet \u00d6zya\u015far, yeni \u00e7\u0131kartt\u0131\u011f\u0131 \u201cZoraki Evlilik\u201d adl\u0131 kitab\u0131n\u0131 tan\u0131tt\u0131\"}]},{\"@type\":\"WebSite\",\"@id\":\"https:\\\/\\\/kuzeyinsesi.org\\\/#website\",\"url\":\"https:\\\/\\\/kuzeyinsesi.org\\\/\",\"name\":\"Kuzeyin Sesi\",\"description\":\"Do\u011fru Haberin Adresi\",\"potentialAction\":[{\"@type\":\"SearchAction\",\"target\":{\"@type\":\"EntryPoint\",\"urlTemplate\":\"https:\\\/\\\/kuzeyinsesi.org\\\/?s={search_term_string}\"},\"query-input\":{\"@type\":\"PropertyValueSpecification\",\"valueRequired\":true,\"valueName\":\"search_term_string\"}}],\"inLanguage\":\"tr\"},{\"@type\":\"Person\",\"@id\":\"https:\\\/\\\/kuzeyinsesi.org\\\/#\\\/schema\\\/person\\\/9f859689cdf01485597712386e37f5aa\",\"name\":\"Kuzeyin Sesi\",\"image\":{\"@type\":\"ImageObject\",\"inLanguage\":\"tr\",\"@id\":\"https:\\\/\\\/secure.gravatar.com\\\/avatar\\\/bab33852abfd8b282518d6ed81826833d77c3c882d9ab608add591ccace47a44?s=96&d=mm&r=g\",\"url\":\"https:\\\/\\\/secure.gravatar.com\\\/avatar\\\/bab33852abfd8b282518d6ed81826833d77c3c882d9ab608add591ccace47a44?s=96&d=mm&r=g\",\"contentUrl\":\"https:\\\/\\\/secure.gravatar.com\\\/avatar\\\/bab33852abfd8b282518d6ed81826833d77c3c882d9ab608add591ccace47a44?s=96&d=mm&r=g\",\"caption\":\"Kuzeyin Sesi\"},\"sameAs\":[\"https:\\\/\\\/kuzeyinsesi.org\"],\"url\":\"https:\\\/\\\/kuzeyinsesi.org\\\/index.php\\\/author\\\/guven\\\/\"}]}<\/script>\n<!-- \/ Yoast SEO plugin. -->","yoast_head_json":{"title":"Ahmet \u00d6zya\u015far, yeni \u00e7\u0131kartt\u0131\u011f\u0131 \u201cZoraki Evlilik\u201d adl\u0131 kitab\u0131n\u0131 tan\u0131tt\u0131 - Kuzeyin Sesi","robots":{"index":"index","follow":"follow","max-snippet":"max-snippet:-1","max-image-preview":"max-image-preview:large","max-video-preview":"max-video-preview:-1"},"canonical":"https:\/\/kuzeyinsesi.org\/index.php\/2024\/08\/14\/ahmet-ozyasar-yeni-cikarttigi-zoraki-evlilik-adli-kitabini-tanitti\/","og_locale":"tr_TR","og_type":"article","og_title":"Ahmet \u00d6zya\u015far, yeni \u00e7\u0131kartt\u0131\u011f\u0131 \u201cZoraki Evlilik\u201d adl\u0131 kitab\u0131n\u0131 tan\u0131tt\u0131 - Kuzeyin Sesi","og_description":"K\u0131br\u0131s T\u00fcrk Spor Yazarlar\u0131 Derne\u011fi Asba\u015fkan\u0131 Ahmet \u00d6zya\u015far, d\u00fcnden bug\u00fcne K\u0131br\u0131s T\u00fcrk Toplumunda spor siyaset ili\u015fkisinin konu edildi\u011fi \u201cZoraki Evlilik\u201d isimli kitab\u0131n\u0131n tan\u0131t\u0131m\u0131n\u0131 ger\u00e7ekle\u015ftirdi.Gazima\u011fusa Bandabulya yer alan tan\u0131t\u0131m etkinli\u011finde ilk olarak Gazima\u011fusa Belediye Ba\u015fkan\u0131 S\u00fcleyman Ulu\u00e7ay konu\u015ftu. Ulu\u00e7ay konu\u015fmas\u0131nda Bandabulya\u2019n\u0131n kentin \u00f6nemli bir sanat merkezi oldu\u011funu an\u0131msatarak, kitab\u0131n hayat bulmas\u0131nda eme\u011fi ge\u00e7enlere te\u015fekk\u00fcr etti . [&hellip;]","og_url":"https:\/\/kuzeyinsesi.org\/index.php\/2024\/08\/14\/ahmet-ozyasar-yeni-cikarttigi-zoraki-evlilik-adli-kitabini-tanitti\/","og_site_name":"Kuzeyin Sesi","article_publisher":"https:\/\/www.facebook.com\/kuzeyinsesii","article_published_time":"2024-08-14T08:21:03+00:00","og_image":[{"url":"https:\/\/brtk.net\/wp-content\/uploads\/2024\/08\/14\/alskjdlajkdla.jpg?ver=2d636a875d98d324f606f51a5ae71a24","type":"","width":"","height":""}],"author":"Kuzeyin Sesi","twitter_card":"summary_large_image","twitter_creator":"@kuzeyinsesii","twitter_site":"@kuzeyinsesii","twitter_misc":{"Yazan:":"Kuzeyin Sesi","Tahmini okuma s\u00fcresi":"1 dakika"},"schema":{"@context":"https:\/\/schema.org","@graph":[{"@type":"Article","@id":"https:\/\/kuzeyinsesi.org\/index.php\/2024\/08\/14\/ahmet-ozyasar-yeni-cikarttigi-zoraki-evlilik-adli-kitabini-tanitti\/#article","isPartOf":{"@id":"https:\/\/kuzeyinsesi.org\/index.php\/2024\/08\/14\/ahmet-ozyasar-yeni-cikarttigi-zoraki-evlilik-adli-kitabini-tanitti\/"},"author":{"name":"Kuzeyin Sesi","@id":"https:\/\/kuzeyinsesi.org\/#\/schema\/person\/9f859689cdf01485597712386e37f5aa"},"headline":"Ahmet \u00d6zya\u015far, yeni \u00e7\u0131kartt\u0131\u011f\u0131 \u201cZoraki Evlilik\u201d adl\u0131 kitab\u0131n\u0131 tan\u0131tt\u0131","datePublished":"2024-08-14T08:21:03+00:00","mainEntityOfPage":{"@id":"https:\/\/kuzeyinsesi.org\/index.php\/2024\/08\/14\/ahmet-ozyasar-yeni-cikarttigi-zoraki-evlilik-adli-kitabini-tanitti\/"},"wordCount":145,"commentCount":0,"image":{"@id":"https:\/\/kuzeyinsesi.org\/index.php\/2024\/08\/14\/ahmet-ozyasar-yeni-cikarttigi-zoraki-evlilik-adli-kitabini-tanitti\/#primaryimage"},"thumbnailUrl":"https:\/\/kuzeyinsesi.org\/wp-content\/uploads\/2024\/08\/alskjdlajkdla.jpg","articleSection":["Ya\u015fam"],"inLanguage":"tr","potentialAction":[{"@type":"CommentAction","name":"Comment","target":["https:\/\/kuzeyinsesi.org\/index.php\/2024\/08\/14\/ahmet-ozyasar-yeni-cikarttigi-zoraki-evlilik-adli-kitabini-tanitti\/#respond"]}]},{"@type":"WebPage","@id":"https:\/\/kuzeyinsesi.org\/index.php\/2024\/08\/14\/ahmet-ozyasar-yeni-cikarttigi-zoraki-evlilik-adli-kitabini-tanitti\/","url":"https:\/\/kuzeyinsesi.org\/index.php\/2024\/08\/14\/ahmet-ozyasar-yeni-cikarttigi-zoraki-evlilik-adli-kitabini-tanitti\/","name":"Ahmet \u00d6zya\u015far, yeni \u00e7\u0131kartt\u0131\u011f\u0131 \u201cZoraki Evlilik\u201d adl\u0131 kitab\u0131n\u0131 tan\u0131tt\u0131 - Kuzeyin Sesi","isPartOf":{"@id":"https:\/\/kuzeyinsesi.org\/#website"},"primaryImageOfPage":{"@id":"https:\/\/kuzeyinsesi.org\/index.php\/2024\/08\/14\/ahmet-ozyasar-yeni-cikarttigi-zoraki-evlilik-adli-kitabini-tanitti\/#primaryimage"},"image":{"@id":"https:\/\/kuzeyinsesi.org\/index.php\/2024\/08\/14\/ahmet-ozyasar-yeni-cikarttigi-zoraki-evlilik-adli-kitabini-tanitti\/#primaryimage"},"thumbnailUrl":"https:\/\/kuzeyinsesi.org\/wp-content\/uploads\/2024\/08\/alskjdlajkdla.jpg","datePublished":"2024-08-14T08:21:03+00:00","author":{"@id":"https:\/\/kuzeyinsesi.org\/#\/schema\/person\/9f859689cdf01485597712386e37f5aa"},"breadcrumb":{"@id":"https:\/\/kuzeyinsesi.org\/index.php\/2024\/08\/14\/ahmet-ozyasar-yeni-cikarttigi-zoraki-evlilik-adli-kitabini-tanitti\/#breadcrumb"},"inLanguage":"tr","potentialAction":[{"@type":"ReadAction","target":["https:\/\/kuzeyinsesi.org\/index.php\/2024\/08\/14\/ahmet-ozyasar-yeni-cikarttigi-zoraki-evlilik-adli-kitabini-tanitti\/"]}]},{"@type":"ImageObject","inLanguage":"tr","@id":"https:\/\/kuzeyinsesi.org\/index.php\/2024\/08\/14\/ahmet-ozyasar-yeni-cikarttigi-zoraki-evlilik-adli-kitabini-tanitti\/#primaryimage","url":"https:\/\/kuzeyinsesi.org\/wp-content\/uploads\/2024\/08\/alskjdlajkdla.jpg","contentUrl":"https:\/\/kuzeyinsesi.org\/wp-content\/uploads\/2024\/08\/alskjdlajkdla.jpg","width":1860,"height":1006},{"@type":"BreadcrumbList","@id":"https:\/\/kuzeyinsesi.org\/index.php\/2024\/08\/14\/ahmet-ozyasar-yeni-cikarttigi-zoraki-evlilik-adli-kitabini-tanitti\/#breadcrumb","itemListElement":[{"@type":"ListItem","position":1,"name":"Anasayfa","item":"https:\/\/kuzeyinsesi.org\/"},{"@type":"ListItem","position":2,"name":"Ahmet \u00d6zya\u015far, yeni \u00e7\u0131kartt\u0131\u011f\u0131 \u201cZoraki Evlilik\u201d adl\u0131 kitab\u0131n\u0131 tan\u0131tt\u0131"}]},{"@type":"WebSite","@id":"https:\/\/kuzeyinsesi.org\/#website","url":"https:\/\/kuzeyinsesi.org\/","name":"Kuzeyin Sesi","description":"Do\u011fru Haberin Adresi","potentialAction":[{"@type":"SearchAction","target":{"@type":"EntryPoint","urlTemplate":"https:\/\/kuzeyinsesi.org\/?s={search_term_string}"},"query-input":{"@type":"PropertyValueSpecification","valueRequired":true,"valueName":"search_term_string"}}],"inLanguage":"tr"},{"@type":"Person","@id":"https:\/\/kuzeyinsesi.org\/#\/schema\/person\/9f859689cdf01485597712386e37f5aa","name":"Kuzeyin Sesi","image":{"@type":"ImageObject","inLanguage":"tr","@id":"https:\/\/secure.gravatar.com\/avatar\/bab33852abfd8b282518d6ed81826833d77c3c882d9ab608add591ccace47a44?s=96&d=mm&r=g","url":"https:\/\/secure.gravatar.com\/avatar\/bab33852abfd8b282518d6ed81826833d77c3c882d9ab608add591ccace47a44?s=96&d=mm&r=g","contentUrl":"https:\/\/secure.gravatar.com\/avatar\/bab33852abfd8b282518d6ed81826833d77c3c882d9ab608add591ccace47a44?s=96&d=mm&r=g","caption":"Kuzeyin Sesi"},"sameAs":["https:\/\/kuzeyinsesi.org"],"url":"https:\/\/kuzeyinsesi.org\/index.php\/author\/guven\/"}]}},"_links":{"self":[{"href":"https:\/\/kuzeyinsesi.org\/index.php\/wp-json\/wp\/v2\/posts\/7918","targetHints":{"allow":["GET"]}}],"collection":[{"href":"https:\/\/kuzeyinsesi.org\/index.php\/wp-json\/wp\/v2\/posts"}],"about":[{"href":"https:\/\/kuzeyinsesi.org\/index.php\/wp-json\/wp\/v2\/types\/post"}],"author":[{"embeddable":true,"href":"https:\/\/kuzeyinsesi.org\/index.php\/wp-json\/wp\/v2\/users\/1"}],"replies":[{"embeddable":true,"href":"https:\/\/kuzeyinsesi.org\/index.php\/wp-json\/wp\/v2\/comments?post=7918"}],"version-history":[{"count":0,"href":"https:\/\/kuzeyinsesi.org\/index.php\/wp-json\/wp\/v2\/posts\/7918\/revisions"}],"wp:featuredmedia":[{"embeddable":true,"href":"https:\/\/kuzeyinsesi.org\/index.php\/wp-json\/wp\/v2\/media\/7919"}],"wp:attachment":[{"href":"https:\/\/kuzeyinsesi.org\/index.php\/wp-json\/wp\/v2\/media?parent=7918"}],"wp:term":[{"taxonomy":"category","embeddable":true,"href":"https:\/\/kuzeyinsesi.org\/index.php\/wp-json\/wp\/v2\/categories?post=7918"},{"taxonomy":"post_tag","embeddable":true,"href":"https:\/\/kuzeyinsesi.org\/index.php\/wp-json\/wp\/v2\/tags?post=7918"}],"curies":[{"name":"wp","href":"https:\/\/api.w.org\/{rel}","templated":true}]}}