{"id":7900,"date":"2024-08-13T16:51:48","date_gmt":"2024-08-13T13:51:48","guid":{"rendered":"https:\/\/kuzeyinsesi.org\/index.php\/2024\/08\/13\/tuglukulturel-mirasimizi-gelecege-tasimaya-ve-toplumsal-baglarimizi-guclendirmeye-devam-edecegiz\/"},"modified":"2024-08-13T16:51:48","modified_gmt":"2024-08-13T13:51:48","slug":"tuglukulturel-mirasimizi-gelecege-tasimaya-ve-toplumsal-baglarimizi-guclendirmeye-devam-edecegiz","status":"publish","type":"post","link":"https:\/\/kuzeyinsesi.org\/index.php\/2024\/08\/13\/tuglukulturel-mirasimizi-gelecege-tasimaya-ve-toplumsal-baglarimizi-guclendirmeye-devam-edecegiz\/","title":{"rendered":"Tu\u011flu:K\u00fclt\u00fcrel miras\u0131m\u0131z\u0131 gelece\u011fe ta\u015f\u0131maya ve toplumsal ba\u011flar\u0131m\u0131z\u0131 g\u00fc\u00e7lendirmeye devam edece\u011fiz"},"content":{"rendered":"<div>\n<div class=\"mariselle-image-container center\">\n                                            <\/div>\n<p>Mehmet\u00e7ik B\u00fcy\u00fckkonuk Belediye Ba\u015fkan\u0131 Dr. Fatma \u00c7imen Tu\u011flu, bu y\u0131l b\u00fcy\u00fck bir co\u015fkuyla ger\u00e7ekle\u015ftirilen festival boyunca sergiledikleri k\u00fclt\u00fcrel ve sanatsal zenginliklerle, Mehmet\u00e7ik\u2019i ve b\u00f6lgeyi en iyi \u015fekilde temsil ettiklerini kaydetti.<\/p>\n<p>Tu\u011flu yapt\u0131\u011f\u0131 yaz\u0131l\u0131 a\u00e7\u0131klamada, Mehmet\u00e7ik B\u00fcy\u00fckkonuk Belediyesi taraf\u0131ndan d\u00fczenlenen 62. Mehmet\u00e7ik \u00dcz\u00fcm Festivali\u2019nin tamamland\u0131\u011f\u0131n\u0131 belirterek, de\u011ferlendirmede bulundu.<\/p>\n<p>Gerek yerel halk gerekse festivale kat\u0131lan ziyaret\u00e7ilerin etkinliklerle unutulmaz an\u0131lar biriktirdiklerini ifade eden Tu\u011flu, \u015funlar\u0131 kaydetti:<\/p>\n<p>\u201c\u00d6zellikle festivalimizin kapan\u0131\u015f gecesinde T\u00fcrkiye\u2019nin \u00fcnl\u00fc ses sanat\u00e7\u0131lar\u0131ndan \u0130rem Derici\u2019nin sahne performans\u0131 binlerce m\u00fczikseveri bir araya getirerek festivale muhte\u015fem bir final ya\u015fatt\u0131. Ayr\u0131ca, halk danslar\u0131 g\u00f6sterilerimiz, geleneksel yemek yar\u0131\u015fmam\u0131z ve \u00e7ocuklar\u0131m\u0131za y\u00f6nelik rekreasyon etkinlikleri de kat\u0131l\u0131mc\u0131lar taraf\u0131ndan b\u00fcy\u00fck ilgi g\u00f6rd\u00fc. Bu etkinliklerle sadece e\u011flenceyi de\u011fil, k\u00fclt\u00fcrel miras\u0131m\u0131z\u0131 da ya\u015fatmay\u0131 ba\u015fard\u0131k. Festival s\u00fcresince d\u00fczenledi\u011fimiz uluslararas\u0131 g\u00fcre\u015f m\u00fcsabakas\u0131 ve amat\u00f6r plaj voleybol turnuvas\u0131 ise sporun birle\u015ftirici g\u00fcc\u00fcn\u00fc g\u00f6sterdi ve etkinliklerimize ayr\u0131 bir heyecan katt\u0131. Bu ba\u015far\u0131da eme\u011fi ge\u00e7en t\u00fcm \u00e7al\u0131\u015fanlar\u0131m\u0131za, sponsorlar\u0131m\u0131za ve etkinliklere yo\u011fun kat\u0131l\u0131m g\u00f6steren siz de\u011ferli halk\u0131m\u0131za te\u015fekk\u00fcr ederim. Mehmet\u00e7ik B\u00fcy\u00fckkonuk Belediyesi olarak k\u00fclt\u00fcrel miras\u0131m\u0131z\u0131 gelece\u011fe ta\u015f\u0131maya ve toplumsal ba\u011flar\u0131m\u0131z\u0131 g\u00fc\u00e7lendirmeye devam edece\u011fiz.\u201d<\/p>\n<\/p><\/div>\n<p><script async\n                    defer\n                    crossorigin=\"anonymous\"\n                    src=\"https:\/\/connect.facebook.net\/tr_TR\/sdk.js#xfbml=1&#038;version=v3.3\"\n            ><\/script><\/p>\n","protected":false},"excerpt":{"rendered":"<p>Mehmet\u00e7ik B\u00fcy\u00fckkonuk Belediye Ba\u015fkan\u0131 Dr. Fatma \u00c7imen Tu\u011flu, bu y\u0131l b\u00fcy\u00fck bir co\u015fkuyla ger\u00e7ekle\u015ftirilen festival boyunca sergiledikleri k\u00fclt\u00fcrel ve sanatsal zenginliklerle, Mehmet\u00e7ik\u2019i ve b\u00f6lgeyi en iyi \u015fekilde temsil ettiklerini kaydetti. Tu\u011flu yapt\u0131\u011f\u0131 yaz\u0131l\u0131 a\u00e7\u0131klamada, Mehmet\u00e7ik B\u00fcy\u00fckkonuk Belediyesi taraf\u0131ndan d\u00fczenlenen 62. Mehmet\u00e7ik \u00dcz\u00fcm Festivali\u2019nin tamamland\u0131\u011f\u0131n\u0131 belirterek, de\u011ferlendirmede bulundu. Gerek yerel halk gerekse festivale kat\u0131lan ziyaret\u00e7ilerin etkinliklerle [&hellip;]<\/p>\n","protected":false},"author":1,"featured_media":7901,"comment_status":"open","ping_status":"open","sticky":false,"template":"","format":"standard","meta":{"jnews-multi-image_gallery":[],"jnews_single_post":[],"jnews_primary_category":[],"jnews_social_meta":[],"jnews_override_counter":[],"footnotes":""},"categories":[6],"tags":[],"class_list":["post-7900","post","type-post","status-publish","format-standard","has-post-thumbnail","hentry","category-yasam"],"yoast_head":"<!-- This site is optimized with the Yoast SEO plugin v27.5 - https:\/\/yoast.com\/product\/yoast-seo-wordpress\/ -->\n<title>Tu\u011flu:K\u00fclt\u00fcrel miras\u0131m\u0131z\u0131 gelece\u011fe ta\u015f\u0131maya ve toplumsal ba\u011flar\u0131m\u0131z\u0131 g\u00fc\u00e7lendirmeye devam edece\u011fiz - Kuzeyin Sesi<\/title>\n<meta name=\"robots\" content=\"index, follow, max-snippet:-1, max-image-preview:large, max-video-preview:-1\" \/>\n<link rel=\"canonical\" href=\"https:\/\/kuzeyinsesi.org\/index.php\/2024\/08\/13\/tuglukulturel-mirasimizi-gelecege-tasimaya-ve-toplumsal-baglarimizi-guclendirmeye-devam-edecegiz\/\" \/>\n<meta property=\"og:locale\" content=\"tr_TR\" \/>\n<meta property=\"og:type\" content=\"article\" \/>\n<meta property=\"og:title\" content=\"Tu\u011flu:K\u00fclt\u00fcrel miras\u0131m\u0131z\u0131 gelece\u011fe ta\u015f\u0131maya ve toplumsal ba\u011flar\u0131m\u0131z\u0131 g\u00fc\u00e7lendirmeye devam edece\u011fiz - Kuzeyin Sesi\" \/>\n<meta property=\"og:description\" content=\"Mehmet\u00e7ik B\u00fcy\u00fckkonuk Belediye Ba\u015fkan\u0131 Dr. Fatma \u00c7imen Tu\u011flu, bu y\u0131l b\u00fcy\u00fck bir co\u015fkuyla ger\u00e7ekle\u015ftirilen festival boyunca sergiledikleri k\u00fclt\u00fcrel ve sanatsal zenginliklerle, Mehmet\u00e7ik\u2019i ve b\u00f6lgeyi en iyi \u015fekilde temsil ettiklerini kaydetti. Tu\u011flu yapt\u0131\u011f\u0131 yaz\u0131l\u0131 a\u00e7\u0131klamada, Mehmet\u00e7ik B\u00fcy\u00fckkonuk Belediyesi taraf\u0131ndan d\u00fczenlenen 62. Mehmet\u00e7ik \u00dcz\u00fcm Festivali\u2019nin tamamland\u0131\u011f\u0131n\u0131 belirterek, de\u011ferlendirmede bulundu. Gerek yerel halk gerekse festivale kat\u0131lan ziyaret\u00e7ilerin etkinliklerle [&hellip;]\" \/>\n<meta property=\"og:url\" content=\"https:\/\/kuzeyinsesi.org\/index.php\/2024\/08\/13\/tuglukulturel-mirasimizi-gelecege-tasimaya-ve-toplumsal-baglarimizi-guclendirmeye-devam-edecegiz\/\" \/>\n<meta property=\"og:site_name\" content=\"Kuzeyin Sesi\" \/>\n<meta property=\"article:publisher\" content=\"https:\/\/www.facebook.com\/kuzeyinsesii\" \/>\n<meta property=\"article:published_time\" content=\"2024-08-13T13:51:48+00:00\" \/>\n<meta property=\"og:image\" content=\"https:\/\/brtk.net\/wp-content\/uploads\/2024\/08\/13\/sksalksdsak-scaled.jpg?ver=c72a0821deffdd812ad292c7947bb7bc\" \/>\n<meta name=\"author\" content=\"Kuzeyin Sesi\" \/>\n<meta name=\"twitter:card\" content=\"summary_large_image\" \/>\n<meta name=\"twitter:creator\" content=\"@kuzeyinsesii\" \/>\n<meta name=\"twitter:site\" content=\"@kuzeyinsesii\" \/>\n<meta name=\"twitter:label1\" content=\"Yazan:\" \/>\n\t<meta name=\"twitter:data1\" content=\"Kuzeyin Sesi\" \/>\n\t<meta name=\"twitter:label2\" content=\"Tahmini okuma s\u00fcresi\" \/>\n\t<meta name=\"twitter:data2\" content=\"1 dakika\" \/>\n<script type=\"application\/ld+json\" class=\"yoast-schema-graph\">{\"@context\":\"https:\\\/\\\/schema.org\",\"@graph\":[{\"@type\":\"Article\",\"@id\":\"https:\\\/\\\/kuzeyinsesi.org\\\/index.php\\\/2024\\\/08\\\/13\\\/tuglukulturel-mirasimizi-gelecege-tasimaya-ve-toplumsal-baglarimizi-guclendirmeye-devam-edecegiz\\\/#article\",\"isPartOf\":{\"@id\":\"https:\\\/\\\/kuzeyinsesi.org\\\/index.php\\\/2024\\\/08\\\/13\\\/tuglukulturel-mirasimizi-gelecege-tasimaya-ve-toplumsal-baglarimizi-guclendirmeye-devam-edecegiz\\\/\"},\"author\":{\"name\":\"Kuzeyin Sesi\",\"@id\":\"https:\\\/\\\/kuzeyinsesi.org\\\/#\\\/schema\\\/person\\\/9f859689cdf01485597712386e37f5aa\"},\"headline\":\"Tu\u011flu:K\u00fclt\u00fcrel miras\u0131m\u0131z\u0131 gelece\u011fe ta\u015f\u0131maya ve toplumsal ba\u011flar\u0131m\u0131z\u0131 g\u00fc\u00e7lendirmeye devam edece\u011fiz\",\"datePublished\":\"2024-08-13T13:51:48+00:00\",\"mainEntityOfPage\":{\"@id\":\"https:\\\/\\\/kuzeyinsesi.org\\\/index.php\\\/2024\\\/08\\\/13\\\/tuglukulturel-mirasimizi-gelecege-tasimaya-ve-toplumsal-baglarimizi-guclendirmeye-devam-edecegiz\\\/\"},\"wordCount\":295,\"commentCount\":0,\"image\":{\"@id\":\"https:\\\/\\\/kuzeyinsesi.org\\\/index.php\\\/2024\\\/08\\\/13\\\/tuglukulturel-mirasimizi-gelecege-tasimaya-ve-toplumsal-baglarimizi-guclendirmeye-devam-edecegiz\\\/#primaryimage\"},\"thumbnailUrl\":\"https:\\\/\\\/kuzeyinsesi.org\\\/wp-content\\\/uploads\\\/2024\\\/08\\\/sksalksdsak-scaled.jpg\",\"articleSection\":[\"Ya\u015fam\"],\"inLanguage\":\"tr\",\"potentialAction\":[{\"@type\":\"CommentAction\",\"name\":\"Comment\",\"target\":[\"https:\\\/\\\/kuzeyinsesi.org\\\/index.php\\\/2024\\\/08\\\/13\\\/tuglukulturel-mirasimizi-gelecege-tasimaya-ve-toplumsal-baglarimizi-guclendirmeye-devam-edecegiz\\\/#respond\"]}]},{\"@type\":\"WebPage\",\"@id\":\"https:\\\/\\\/kuzeyinsesi.org\\\/index.php\\\/2024\\\/08\\\/13\\\/tuglukulturel-mirasimizi-gelecege-tasimaya-ve-toplumsal-baglarimizi-guclendirmeye-devam-edecegiz\\\/\",\"url\":\"https:\\\/\\\/kuzeyinsesi.org\\\/index.php\\\/2024\\\/08\\\/13\\\/tuglukulturel-mirasimizi-gelecege-tasimaya-ve-toplumsal-baglarimizi-guclendirmeye-devam-edecegiz\\\/\",\"name\":\"Tu\u011flu:K\u00fclt\u00fcrel miras\u0131m\u0131z\u0131 gelece\u011fe ta\u015f\u0131maya ve toplumsal ba\u011flar\u0131m\u0131z\u0131 g\u00fc\u00e7lendirmeye devam edece\u011fiz - Kuzeyin Sesi\",\"isPartOf\":{\"@id\":\"https:\\\/\\\/kuzeyinsesi.org\\\/#website\"},\"primaryImageOfPage\":{\"@id\":\"https:\\\/\\\/kuzeyinsesi.org\\\/index.php\\\/2024\\\/08\\\/13\\\/tuglukulturel-mirasimizi-gelecege-tasimaya-ve-toplumsal-baglarimizi-guclendirmeye-devam-edecegiz\\\/#primaryimage\"},\"image\":{\"@id\":\"https:\\\/\\\/kuzeyinsesi.org\\\/index.php\\\/2024\\\/08\\\/13\\\/tuglukulturel-mirasimizi-gelecege-tasimaya-ve-toplumsal-baglarimizi-guclendirmeye-devam-edecegiz\\\/#primaryimage\"},\"thumbnailUrl\":\"https:\\\/\\\/kuzeyinsesi.org\\\/wp-content\\\/uploads\\\/2024\\\/08\\\/sksalksdsak-scaled.jpg\",\"datePublished\":\"2024-08-13T13:51:48+00:00\",\"author\":{\"@id\":\"https:\\\/\\\/kuzeyinsesi.org\\\/#\\\/schema\\\/person\\\/9f859689cdf01485597712386e37f5aa\"},\"breadcrumb\":{\"@id\":\"https:\\\/\\\/kuzeyinsesi.org\\\/index.php\\\/2024\\\/08\\\/13\\\/tuglukulturel-mirasimizi-gelecege-tasimaya-ve-toplumsal-baglarimizi-guclendirmeye-devam-edecegiz\\\/#breadcrumb\"},\"inLanguage\":\"tr\",\"potentialAction\":[{\"@type\":\"ReadAction\",\"target\":[\"https:\\\/\\\/kuzeyinsesi.org\\\/index.php\\\/2024\\\/08\\\/13\\\/tuglukulturel-mirasimizi-gelecege-tasimaya-ve-toplumsal-baglarimizi-guclendirmeye-devam-edecegiz\\\/\"]}]},{\"@type\":\"ImageObject\",\"inLanguage\":\"tr\",\"@id\":\"https:\\\/\\\/kuzeyinsesi.org\\\/index.php\\\/2024\\\/08\\\/13\\\/tuglukulturel-mirasimizi-gelecege-tasimaya-ve-toplumsal-baglarimizi-guclendirmeye-devam-edecegiz\\\/#primaryimage\",\"url\":\"https:\\\/\\\/kuzeyinsesi.org\\\/wp-content\\\/uploads\\\/2024\\\/08\\\/sksalksdsak-scaled.jpg\",\"contentUrl\":\"https:\\\/\\\/kuzeyinsesi.org\\\/wp-content\\\/uploads\\\/2024\\\/08\\\/sksalksdsak-scaled.jpg\",\"width\":2560,\"height\":1707},{\"@type\":\"BreadcrumbList\",\"@id\":\"https:\\\/\\\/kuzeyinsesi.org\\\/index.php\\\/2024\\\/08\\\/13\\\/tuglukulturel-mirasimizi-gelecege-tasimaya-ve-toplumsal-baglarimizi-guclendirmeye-devam-edecegiz\\\/#breadcrumb\",\"itemListElement\":[{\"@type\":\"ListItem\",\"position\":1,\"name\":\"Anasayfa\",\"item\":\"https:\\\/\\\/kuzeyinsesi.org\\\/\"},{\"@type\":\"ListItem\",\"position\":2,\"name\":\"Tu\u011flu:K\u00fclt\u00fcrel miras\u0131m\u0131z\u0131 gelece\u011fe ta\u015f\u0131maya ve toplumsal ba\u011flar\u0131m\u0131z\u0131 g\u00fc\u00e7lendirmeye devam edece\u011fiz\"}]},{\"@type\":\"WebSite\",\"@id\":\"https:\\\/\\\/kuzeyinsesi.org\\\/#website\",\"url\":\"https:\\\/\\\/kuzeyinsesi.org\\\/\",\"name\":\"Kuzeyin Sesi\",\"description\":\"Do\u011fru Haberin Adresi\",\"potentialAction\":[{\"@type\":\"SearchAction\",\"target\":{\"@type\":\"EntryPoint\",\"urlTemplate\":\"https:\\\/\\\/kuzeyinsesi.org\\\/?s={search_term_string}\"},\"query-input\":{\"@type\":\"PropertyValueSpecification\",\"valueRequired\":true,\"valueName\":\"search_term_string\"}}],\"inLanguage\":\"tr\"},{\"@type\":\"Person\",\"@id\":\"https:\\\/\\\/kuzeyinsesi.org\\\/#\\\/schema\\\/person\\\/9f859689cdf01485597712386e37f5aa\",\"name\":\"Kuzeyin Sesi\",\"image\":{\"@type\":\"ImageObject\",\"inLanguage\":\"tr\",\"@id\":\"https:\\\/\\\/secure.gravatar.com\\\/avatar\\\/bab33852abfd8b282518d6ed81826833d77c3c882d9ab608add591ccace47a44?s=96&d=mm&r=g\",\"url\":\"https:\\\/\\\/secure.gravatar.com\\\/avatar\\\/bab33852abfd8b282518d6ed81826833d77c3c882d9ab608add591ccace47a44?s=96&d=mm&r=g\",\"contentUrl\":\"https:\\\/\\\/secure.gravatar.com\\\/avatar\\\/bab33852abfd8b282518d6ed81826833d77c3c882d9ab608add591ccace47a44?s=96&d=mm&r=g\",\"caption\":\"Kuzeyin Sesi\"},\"sameAs\":[\"https:\\\/\\\/kuzeyinsesi.org\"],\"url\":\"https:\\\/\\\/kuzeyinsesi.org\\\/index.php\\\/author\\\/guven\\\/\"}]}<\/script>\n<!-- \/ Yoast SEO plugin. -->","yoast_head_json":{"title":"Tu\u011flu:K\u00fclt\u00fcrel miras\u0131m\u0131z\u0131 gelece\u011fe ta\u015f\u0131maya ve toplumsal ba\u011flar\u0131m\u0131z\u0131 g\u00fc\u00e7lendirmeye devam edece\u011fiz - Kuzeyin Sesi","robots":{"index":"index","follow":"follow","max-snippet":"max-snippet:-1","max-image-preview":"max-image-preview:large","max-video-preview":"max-video-preview:-1"},"canonical":"https:\/\/kuzeyinsesi.org\/index.php\/2024\/08\/13\/tuglukulturel-mirasimizi-gelecege-tasimaya-ve-toplumsal-baglarimizi-guclendirmeye-devam-edecegiz\/","og_locale":"tr_TR","og_type":"article","og_title":"Tu\u011flu:K\u00fclt\u00fcrel miras\u0131m\u0131z\u0131 gelece\u011fe ta\u015f\u0131maya ve toplumsal ba\u011flar\u0131m\u0131z\u0131 g\u00fc\u00e7lendirmeye devam edece\u011fiz - Kuzeyin Sesi","og_description":"Mehmet\u00e7ik B\u00fcy\u00fckkonuk Belediye Ba\u015fkan\u0131 Dr. Fatma \u00c7imen Tu\u011flu, bu y\u0131l b\u00fcy\u00fck bir co\u015fkuyla ger\u00e7ekle\u015ftirilen festival boyunca sergiledikleri k\u00fclt\u00fcrel ve sanatsal zenginliklerle, Mehmet\u00e7ik\u2019i ve b\u00f6lgeyi en iyi \u015fekilde temsil ettiklerini kaydetti. Tu\u011flu yapt\u0131\u011f\u0131 yaz\u0131l\u0131 a\u00e7\u0131klamada, Mehmet\u00e7ik B\u00fcy\u00fckkonuk Belediyesi taraf\u0131ndan d\u00fczenlenen 62. Mehmet\u00e7ik \u00dcz\u00fcm Festivali\u2019nin tamamland\u0131\u011f\u0131n\u0131 belirterek, de\u011ferlendirmede bulundu. Gerek yerel halk gerekse festivale kat\u0131lan ziyaret\u00e7ilerin etkinliklerle [&hellip;]","og_url":"https:\/\/kuzeyinsesi.org\/index.php\/2024\/08\/13\/tuglukulturel-mirasimizi-gelecege-tasimaya-ve-toplumsal-baglarimizi-guclendirmeye-devam-edecegiz\/","og_site_name":"Kuzeyin Sesi","article_publisher":"https:\/\/www.facebook.com\/kuzeyinsesii","article_published_time":"2024-08-13T13:51:48+00:00","og_image":[{"url":"https:\/\/brtk.net\/wp-content\/uploads\/2024\/08\/13\/sksalksdsak-scaled.jpg?ver=c72a0821deffdd812ad292c7947bb7bc","type":"","width":"","height":""}],"author":"Kuzeyin Sesi","twitter_card":"summary_large_image","twitter_creator":"@kuzeyinsesii","twitter_site":"@kuzeyinsesii","twitter_misc":{"Yazan:":"Kuzeyin Sesi","Tahmini okuma s\u00fcresi":"1 dakika"},"schema":{"@context":"https:\/\/schema.org","@graph":[{"@type":"Article","@id":"https:\/\/kuzeyinsesi.org\/index.php\/2024\/08\/13\/tuglukulturel-mirasimizi-gelecege-tasimaya-ve-toplumsal-baglarimizi-guclendirmeye-devam-edecegiz\/#article","isPartOf":{"@id":"https:\/\/kuzeyinsesi.org\/index.php\/2024\/08\/13\/tuglukulturel-mirasimizi-gelecege-tasimaya-ve-toplumsal-baglarimizi-guclendirmeye-devam-edecegiz\/"},"author":{"name":"Kuzeyin Sesi","@id":"https:\/\/kuzeyinsesi.org\/#\/schema\/person\/9f859689cdf01485597712386e37f5aa"},"headline":"Tu\u011flu:K\u00fclt\u00fcrel miras\u0131m\u0131z\u0131 gelece\u011fe ta\u015f\u0131maya ve toplumsal ba\u011flar\u0131m\u0131z\u0131 g\u00fc\u00e7lendirmeye devam edece\u011fiz","datePublished":"2024-08-13T13:51:48+00:00","mainEntityOfPage":{"@id":"https:\/\/kuzeyinsesi.org\/index.php\/2024\/08\/13\/tuglukulturel-mirasimizi-gelecege-tasimaya-ve-toplumsal-baglarimizi-guclendirmeye-devam-edecegiz\/"},"wordCount":295,"commentCount":0,"image":{"@id":"https:\/\/kuzeyinsesi.org\/index.php\/2024\/08\/13\/tuglukulturel-mirasimizi-gelecege-tasimaya-ve-toplumsal-baglarimizi-guclendirmeye-devam-edecegiz\/#primaryimage"},"thumbnailUrl":"https:\/\/kuzeyinsesi.org\/wp-content\/uploads\/2024\/08\/sksalksdsak-scaled.jpg","articleSection":["Ya\u015fam"],"inLanguage":"tr","potentialAction":[{"@type":"CommentAction","name":"Comment","target":["https:\/\/kuzeyinsesi.org\/index.php\/2024\/08\/13\/tuglukulturel-mirasimizi-gelecege-tasimaya-ve-toplumsal-baglarimizi-guclendirmeye-devam-edecegiz\/#respond"]}]},{"@type":"WebPage","@id":"https:\/\/kuzeyinsesi.org\/index.php\/2024\/08\/13\/tuglukulturel-mirasimizi-gelecege-tasimaya-ve-toplumsal-baglarimizi-guclendirmeye-devam-edecegiz\/","url":"https:\/\/kuzeyinsesi.org\/index.php\/2024\/08\/13\/tuglukulturel-mirasimizi-gelecege-tasimaya-ve-toplumsal-baglarimizi-guclendirmeye-devam-edecegiz\/","name":"Tu\u011flu:K\u00fclt\u00fcrel miras\u0131m\u0131z\u0131 gelece\u011fe ta\u015f\u0131maya ve toplumsal ba\u011flar\u0131m\u0131z\u0131 g\u00fc\u00e7lendirmeye devam edece\u011fiz - Kuzeyin Sesi","isPartOf":{"@id":"https:\/\/kuzeyinsesi.org\/#website"},"primaryImageOfPage":{"@id":"https:\/\/kuzeyinsesi.org\/index.php\/2024\/08\/13\/tuglukulturel-mirasimizi-gelecege-tasimaya-ve-toplumsal-baglarimizi-guclendirmeye-devam-edecegiz\/#primaryimage"},"image":{"@id":"https:\/\/kuzeyinsesi.org\/index.php\/2024\/08\/13\/tuglukulturel-mirasimizi-gelecege-tasimaya-ve-toplumsal-baglarimizi-guclendirmeye-devam-edecegiz\/#primaryimage"},"thumbnailUrl":"https:\/\/kuzeyinsesi.org\/wp-content\/uploads\/2024\/08\/sksalksdsak-scaled.jpg","datePublished":"2024-08-13T13:51:48+00:00","author":{"@id":"https:\/\/kuzeyinsesi.org\/#\/schema\/person\/9f859689cdf01485597712386e37f5aa"},"breadcrumb":{"@id":"https:\/\/kuzeyinsesi.org\/index.php\/2024\/08\/13\/tuglukulturel-mirasimizi-gelecege-tasimaya-ve-toplumsal-baglarimizi-guclendirmeye-devam-edecegiz\/#breadcrumb"},"inLanguage":"tr","potentialAction":[{"@type":"ReadAction","target":["https:\/\/kuzeyinsesi.org\/index.php\/2024\/08\/13\/tuglukulturel-mirasimizi-gelecege-tasimaya-ve-toplumsal-baglarimizi-guclendirmeye-devam-edecegiz\/"]}]},{"@type":"ImageObject","inLanguage":"tr","@id":"https:\/\/kuzeyinsesi.org\/index.php\/2024\/08\/13\/tuglukulturel-mirasimizi-gelecege-tasimaya-ve-toplumsal-baglarimizi-guclendirmeye-devam-edecegiz\/#primaryimage","url":"https:\/\/kuzeyinsesi.org\/wp-content\/uploads\/2024\/08\/sksalksdsak-scaled.jpg","contentUrl":"https:\/\/kuzeyinsesi.org\/wp-content\/uploads\/2024\/08\/sksalksdsak-scaled.jpg","width":2560,"height":1707},{"@type":"BreadcrumbList","@id":"https:\/\/kuzeyinsesi.org\/index.php\/2024\/08\/13\/tuglukulturel-mirasimizi-gelecege-tasimaya-ve-toplumsal-baglarimizi-guclendirmeye-devam-edecegiz\/#breadcrumb","itemListElement":[{"@type":"ListItem","position":1,"name":"Anasayfa","item":"https:\/\/kuzeyinsesi.org\/"},{"@type":"ListItem","position":2,"name":"Tu\u011flu:K\u00fclt\u00fcrel miras\u0131m\u0131z\u0131 gelece\u011fe ta\u015f\u0131maya ve toplumsal ba\u011flar\u0131m\u0131z\u0131 g\u00fc\u00e7lendirmeye devam edece\u011fiz"}]},{"@type":"WebSite","@id":"https:\/\/kuzeyinsesi.org\/#website","url":"https:\/\/kuzeyinsesi.org\/","name":"Kuzeyin Sesi","description":"Do\u011fru Haberin Adresi","potentialAction":[{"@type":"SearchAction","target":{"@type":"EntryPoint","urlTemplate":"https:\/\/kuzeyinsesi.org\/?s={search_term_string}"},"query-input":{"@type":"PropertyValueSpecification","valueRequired":true,"valueName":"search_term_string"}}],"inLanguage":"tr"},{"@type":"Person","@id":"https:\/\/kuzeyinsesi.org\/#\/schema\/person\/9f859689cdf01485597712386e37f5aa","name":"Kuzeyin Sesi","image":{"@type":"ImageObject","inLanguage":"tr","@id":"https:\/\/secure.gravatar.com\/avatar\/bab33852abfd8b282518d6ed81826833d77c3c882d9ab608add591ccace47a44?s=96&d=mm&r=g","url":"https:\/\/secure.gravatar.com\/avatar\/bab33852abfd8b282518d6ed81826833d77c3c882d9ab608add591ccace47a44?s=96&d=mm&r=g","contentUrl":"https:\/\/secure.gravatar.com\/avatar\/bab33852abfd8b282518d6ed81826833d77c3c882d9ab608add591ccace47a44?s=96&d=mm&r=g","caption":"Kuzeyin Sesi"},"sameAs":["https:\/\/kuzeyinsesi.org"],"url":"https:\/\/kuzeyinsesi.org\/index.php\/author\/guven\/"}]}},"_links":{"self":[{"href":"https:\/\/kuzeyinsesi.org\/index.php\/wp-json\/wp\/v2\/posts\/7900","targetHints":{"allow":["GET"]}}],"collection":[{"href":"https:\/\/kuzeyinsesi.org\/index.php\/wp-json\/wp\/v2\/posts"}],"about":[{"href":"https:\/\/kuzeyinsesi.org\/index.php\/wp-json\/wp\/v2\/types\/post"}],"author":[{"embeddable":true,"href":"https:\/\/kuzeyinsesi.org\/index.php\/wp-json\/wp\/v2\/users\/1"}],"replies":[{"embeddable":true,"href":"https:\/\/kuzeyinsesi.org\/index.php\/wp-json\/wp\/v2\/comments?post=7900"}],"version-history":[{"count":0,"href":"https:\/\/kuzeyinsesi.org\/index.php\/wp-json\/wp\/v2\/posts\/7900\/revisions"}],"wp:featuredmedia":[{"embeddable":true,"href":"https:\/\/kuzeyinsesi.org\/index.php\/wp-json\/wp\/v2\/media\/7901"}],"wp:attachment":[{"href":"https:\/\/kuzeyinsesi.org\/index.php\/wp-json\/wp\/v2\/media?parent=7900"}],"wp:term":[{"taxonomy":"category","embeddable":true,"href":"https:\/\/kuzeyinsesi.org\/index.php\/wp-json\/wp\/v2\/categories?post=7900"},{"taxonomy":"post_tag","embeddable":true,"href":"https:\/\/kuzeyinsesi.org\/index.php\/wp-json\/wp\/v2\/tags?post=7900"}],"curies":[{"name":"wp","href":"https:\/\/api.w.org\/{rel}","templated":true}]}}