{"id":789,"date":"2024-04-28T14:45:24","date_gmt":"2024-04-28T11:45:24","guid":{"rendered":"https:\/\/kuzeyinsesi.com\/index.php\/2024\/04\/28\/yeniden-dogus-partisi-4uncu-olagan-kurultayinda-oylama-yapiliyor-sandiklar-20-00de-kapanacak\/"},"modified":"2024-04-28T14:45:24","modified_gmt":"2024-04-28T11:45:24","slug":"yeniden-dogus-partisi-4uncu-olagan-kurultayinda-oylama-yapiliyor-sandiklar-20-00de-kapanacak","status":"publish","type":"post","link":"https:\/\/kuzeyinsesi.org\/index.php\/2024\/04\/28\/yeniden-dogus-partisi-4uncu-olagan-kurultayinda-oylama-yapiliyor-sandiklar-20-00de-kapanacak\/","title":{"rendered":"Yeniden Do\u011fu\u015f Partisi 4\u2019\u00fcnc\u00fc Ola\u011fan Kurultay\u0131\u2019nda oylama yap\u0131l\u0131yor. Sand\u0131klar 20.00\u2019de kapanacak"},"content":{"rendered":"<div>\n<div class=\"mariselle-image-container none\">\n                                            <\/div>\n<p>Yeniden Do\u011fu\u015f Partisi\u2019nin (YDP) 4\u2019\u00fcnc\u00fc Ola\u011fan Kurultay\u0131\u2019nda oylama ba\u015flad\u0131.<\/p>\n<p>7 bin 614 \u00fcyenin oy kullanabilece\u011fi\u00a0 Kurultayda sand\u0131klar saat 20.00\u2019de kapat\u0131lacak ve oy say\u0131m\u0131na ge\u00e7ilecek.<\/p>\n<p>Kurultayda YDP\u2019nin mevcut\u00a0 Genel Ba\u015fkan\u0131 Erhan Ar\u0131kl\u0131 ve Genel Sekreteri Talip Atalay ba\u015fkanl\u0131k i\u00e7in yar\u0131\u015f\u0131yor. Bunun yan\u0131nda 50 ki\u015filik Parti Meclisi de belirlenecek.<\/p>\n<p>Saat 10.30 itibar\u0131yla\u00a0 ba\u015flayan Kurultay, Divan olu\u015fumu, \u0130stiklal Mar\u015f\u0131 ve sayg\u0131 duru\u015fu, faaliyet ve mali raporun sunumu ve aklanmas\u0131yla ba\u015flad\u0131.<\/p>\n<p>YDP Kurultay\u0131\u2019na Cumhurba\u015fkan\u0131 Ersin Tatar da kat\u0131larak bir konu\u015fma yapt\u0131.<\/p>\n<p>\u2013 Tatar: \u201cYDP\u2019nin \u00e7al\u0131\u015fmalar\u0131 ve ba\u015far\u0131lar\u0131 hepimizin takdirinde\u2026 Demokrasi \u015f\u00f6leni ya\u015fanmas\u0131n\u0131 temenni ediyorum\u201d<\/p>\n<p>Cumhurba\u015fkan\u0131 Tatar, yapt\u0131\u011f\u0131 konu\u015fmas\u0131nda, YDP\u2019ye ba\u015far\u0131lar diledi, yapm\u0131\u015f oldu\u011fu \u00e7al\u0131\u015fmalardan dolay\u0131 tebrik etti.<\/p>\n<p>Kurultayda\u00a0 demokrasi \u015f\u00f6leni ya\u015fanmas\u0131 temennisinde bulunan Tatar, YDP\u2019nin t\u00fcm kollar\u0131, \u00f6rg\u00fctleri ve \u00fcyeleriyle ba\u015fard\u0131klar\u0131n\u0131n herkesin takdirinde oldu\u011funu kaydetti.<\/p>\n<p>Bu y\u0131l Bar\u0131\u015f Harekat\u0131\u2019n\u0131n 50\u2019nci y\u0131l\u0131n\u0131n hep beraber kutlanaca\u011f\u0131na i\u015faret eden Tatar, halen devam eden t\u00fcm ambargo ve k\u0131s\u0131tlamalara ra\u011fmen KKTC\u2019yi Do\u011fu Akdeniz\u2019de ba\u011f\u0131ms\u0131z bir T\u00fcrk devleti olarak bu noktaya getirebilmi\u015f olman\u0131n mutlulu\u011fu i\u00e7erisinde olduklar\u0131n\u0131 kaydetti.<\/p>\n<p>\u201cK\u0131br\u0131s T\u00fcrk halk\u0131n\u0131n m\u00fcktesep haklar\u0131n\u0131 d\u00fcnyaya duyurmak en b\u00fcy\u00fck g\u00f6revimizdir.\u201d diyen Tatar, YDP\u2019nin yeni siyasete verdi\u011fi destekten dolay\u0131 t\u00fcm \u00fcyelere te\u015fekk\u00fcrlerini iletti. Tatar, Annan Plan\u0131 ve Crans Montana s\u00fcre\u00e7lerinin ard\u0131ndan federal temelde bir \u00e7\u00f6z\u00fcm\u00fcn bulunamayaca\u011f\u0131n\u0131n, K\u0131br\u0131s T\u00fcrk halk\u0131n\u0131n haklar\u0131n\u0131 inkar eden bir zihniyetle e\u015fitlik temelinde bir anla\u015fma sa\u011flanamayaca\u011f\u0131n\u0131n a\u00e7\u0131k bir \u015fekilde g\u00f6r\u00fcld\u00fc\u011f\u00fcn\u00fc belirtti.<\/p>\n<p>Anavatan T\u00fcrkiye\u2019nin de tam deste\u011fi al\u0131narak KKTC\u2019nin tan\u0131nmas\u0131 y\u00f6n\u00fcnde at\u0131lan ad\u0131mlar\u0131 hat\u0131rlatan Cumhurba\u015fkan\u0131 Tatar, yeni vizyonun k\u00f6kle\u015fmesiyle bu \u00e7abalar\u0131n daha da geli\u015ftirilerek devam edece\u011fini vurgulad\u0131, T\u00fcrk Devletleri Te\u015fkilat\u0131\u2019na g\u00f6zlemci \u00fcyelikle beraber \u00e7e\u015fitli platformlarda KKTC\u2019nin yer almas\u0131n\u0131n bunun a\u00e7\u0131k bir g\u00f6stergesi oldu\u011funu s\u00f6yledi.<\/p>\n<p>Tatar, KKTC ve Anavatan sevgisini yan\u0131nda, K\u0131br\u0131s T\u00fcrk halk\u0131n\u0131n ba\u011f\u0131ms\u0131zl\u0131\u011f\u0131, \u00f6zg\u00fcrl\u00fc\u011f\u00fc ve onurlu bir ya\u015fam s\u00fcrmesi \u00e7abalar\u0131n\u0131n onlar\u0131 birbirlerine ba\u011flayan unsurlar oldu\u011funu ifade ederek, \u201cBunlar bizim, zenginli\u011fimiz, haysiyetimiz ve onurumuzdur.\u201d dedi.<\/p>\n<p>Cumhurba\u015fkan\u0131 Ersin Tatar\u2019\u0131n konu\u015fmas\u0131n\u0131n ard\u0131ndan ba\u015fkan adaylar\u0131 konu\u015fmalar\u0131n\u0131 yapt\u0131. Her iki ba\u015fkan aday\u0131 destek\u00e7ilerinin sloganlar\u0131yla k\u00fcrs\u00fcye \u00e7\u0131kt\u0131.<\/p>\n<p>\u2013 Atalay: \u201cBu \u00fclkenin geli\u015fmesi, halk\u0131n ileriye gitmesi i\u00e7in \u00e7al\u0131\u015fmaya devam edece\u011fiz\u201d<\/p>\n<p>\u0130lk s\u00f6z\u00fc alan Ba\u015fkan aday\u0131, YDP Genel Sekreteri ve Milletvekili Talip Atalay,\u00a0 parti i\u00e7erisinde geli\u015fen \u201cayr\u0131mc\u0131l\u0131\u011fa\u201d dikkat \u00e7ekti\u011fi ve \u00fcz\u00fcnt\u00fcs\u00fcn\u00fc ifade etti\u011fi konu\u015fmas\u0131nda, \u201cBiz d\u00fc\u015fman de\u011filiz. Bu \u00fclkenin geli\u015fimi i\u00e7in, halk\u0131n daha ileriye gitmesi i\u00e7in ant i\u00e7mi\u015f neferler olarak \u00e7al\u0131\u015fmaya devam edece\u011fiz.\u201d dedi.<\/p>\n<p>M\u00fccadelenin elbette olaca\u011f\u0131n\u0131 ancak demokrasinin tahamm\u00fcl rejimi oldu\u011funu kaydeden Atalay, ama\u00e7lar\u0131n\u0131n b\u00f6lmek de\u011fil birle\u015ftirmek oldu\u011funu, yar\u0131na d\u00f6n\u00fck k\u0131rg\u0131nl\u0131klar\u0131n en aza indirilerek y\u00fcr\u00fcnmesi gerekti\u011fini belirtti.<\/p>\n<p>Atalay, yeni yaralar a\u00e7acak yakla\u015f\u0131m ve s\u00f6ylemlerin YDP\u2019ye zarar verece\u011fini s\u00f6yleyerek, bu \u201czehirli dilden\u201d vazge\u00e7ilmesi \u00e7a\u011fr\u0131s\u0131nda bulundu, YDP\u2019nin demokratik kat\u0131l\u0131ma inanan, ho\u015f g\u00f6r\u00fcl\u00fc duru\u015fu kendine ilke edindi\u011fine ifade etti.<\/p>\n<p>Atalay, YDP\u2019nin kuruldu\u011fu y\u0131ldan itibaren bug\u00fcne geli\u015f s\u00fcrecine de\u011finerek bug\u00fcnk\u00fc kurultay\u0131n yeni s\u00fcrecin ilk ad\u0131m\u0131 olaca\u011f\u0131n\u0131 s\u00f6yledi.<\/p>\n<p>\u2013 \u201cBu kurultay umar\u0131m YDP\u2019nin yeniden do\u011fu\u015fu olur\u201d<\/p>\n<p>Genel Ba\u015fkan Ar\u0131kl\u0131\u2019ya da\u00a0 daha \u201cbirle\u015ftirici\u201d a\u00e7\u0131klamalarda bulunma \u00e7a\u011fr\u0131s\u0131 yapan Atalay, \u201cYDP bir grubun de\u011fil hepimizin partisi olmal\u0131d\u0131r. Di\u011fer t\u00fcm partilerle de dayan\u0131\u015fmal\u0131y\u0131z. Yoksa kendimize ve \u00fclkemize ihanet etmi\u015f oluruz.\u201d diye konu\u015ftu.<\/p>\n<p>Davay\u0131 b\u00fcy\u00fctecek olan\u0131n ki\u015filer de\u011fil, zihniyet oldu\u011funu vurgulayan ve zihniyeti ve bak\u0131\u015f a\u00e7\u0131s\u0131n\u0131 de\u011fi\u015ftirerek, YDP\u2019yi b\u00fcy\u00fctme hedefinde olduklar\u0131n\u0131 kaydeden Atalay, bu se\u00e7imin Yeniden Do\u011fu\u015f Partisi\u2019nin yeniden do\u011fu\u015fu olmas\u0131 temennisinde bulundu.<\/p>\n<p>\u2013 Ar\u0131kl\u0131: \u201cYDP, KKTC\u2019nin kaderini belirleyebilecek bir partidir\u201d<\/p>\n<p>K\u00fcrs\u00fcye e\u015fiyle birlikte \u00e7\u0131kan Ba\u015fkan aday\u0131, YDP Genel Ba\u015fkan\u0131 ve Bay\u0131nd\u0131rl\u0131k ve Ula\u015ft\u0131rma Bakan\u0131 Erhan Ar\u0131kl\u0131 ise, bu y\u0131l 50\u2019inci y\u0131l\u0131n\u0131n kutlanaca\u011f\u0131 Bar\u0131\u015f Harekat\u0131\u2019na i\u015faret ederek, KKTC\u2019nin ya\u015fat\u0131lmas\u0131 ve k\u00f6kle\u015ftirilmesi i\u00e7in canlar\u0131n\u0131n ve kanlar\u0131n\u0131n son damlas\u0131na kadar m\u00fccadele edeceklerini belirtti.<\/p>\n<p>M\u00fczakereler i\u00e7in ortak zemin olup olmad\u0131\u011f\u0131n\u0131n tespiti i\u00e7in adaya gelen Birle\u015fmi\u015f Milletler temsilcisinin YDP ile g\u00f6r\u00fc\u015fmedi\u011fini hat\u0131rlatan Ar\u0131kl\u0131, YDP\u2019nin KKTC\u2019nin kaderini belirleyebilecek bir parti oldu\u011funu kaydederek, bunu kabul edemeyenlerin kabul etmek d\u0131\u015f\u0131nda bir \u00e7aresi olmad\u0131\u011f\u0131n\u0131 belirtti.<\/p>\n<p>YDP\u2019nin 1975\u2019ten sonra gelen vatanda\u015flar\u0131n \u00e7o\u011funlu\u011fu olu\u015fturdu\u011fu bir parti oldu\u011funu hat\u0131rlatan Ar\u0131kl\u0131, bu ki\u015filerin 1571\u2019de gelenlerle bir oldu\u011funu s\u00f6yledi. Bunu kabul etmek istemeyenlere seslenen Ar\u0131kl\u0131, \u201cKap\u0131 a\u00e7\u0131k, gidebilirsiniz\u2026\u201d diye konu\u015ftu.<\/p>\n<p>Gelecek y\u0131l yap\u0131lacak Cumhurba\u015fkanl\u0131\u011f\u0131 se\u00e7imlerine de i\u015faret eden Ar\u0131kl\u0131, bir taraftan federasyon isteyenlerin, di\u011fer tarafta Anavatanla birlikte \u015ferefli KKTC\u2019yi ya\u015fatmak isteyenlerin yar\u0131\u015faca\u011f\u0131 bu se\u00e7imlerin kaderini YDP se\u00e7meninin belirleyece\u011fini kaydetti. 2020 y\u0131l\u0131ndaki Cumhurba\u015fkanl\u0131\u011f\u0131 se\u00e7imlerinde y\u00fcr\u00fctt\u00fckleri stratejiler sonucunda mevcut sonucun elde edildi\u011fini belirten Ar\u0131kl\u0131, \u201cBu stratejileri kuran Erhan Ar\u0131kl\u0131\u2019n\u0131n g\u00f6revden al\u0131nmas\u0131 isteniyor.\u201d serzeni\u015finde bulundu.<\/p>\n<p>Se\u00e7imin ard\u0131ndan ya\u015fanabilecek k\u0131rg\u0131nl\u0131klardan duydu\u011fu kayg\u0131y\u0131 da ifade eden Ar\u0131kl\u0131, parti i\u00e7in \u00e7ok de\u011ferli olan Genel Sekreter Talip Atalay\u2019\u0131n ba\u015fkan aday\u0131 olmas\u0131na ili\u015fkin ele\u015ftirilerde bulunarak, Atalay\u2019\u0131n konu\u015fmas\u0131nda hedef ve projelerin yer almad\u0131\u011f\u0131n\u0131 savundu. Ar\u0131kl\u0131, Atalay\u2019a y\u00f6nelik baz\u0131 iddialara kar\u015f\u0131 kendilerinin her zaman ona sahip \u00e7\u0131kt\u0131\u011f\u0131n\u0131 da s\u00f6yleyerek, kendisinden benzer deste\u011fi bulamad\u0131\u011f\u0131n\u0131 kaydetti.<\/p>\n<p>\u2013 \u201cYDP\u2019nin \u015ferefli \u00fcyeleri, emektarlar\u0131 me\u015faleye sahip \u00e7\u0131kacakt\u0131r\u201d<\/p>\n<p>\u201c\u0130nan\u0131yorum ki YDP\u2019nin \u015ferefli \u00fcyeleri, emektarlar\u0131 me\u015faleye sahip \u00e7\u0131kacak\u2026 Bug\u00fcn \u00f6nemli bir karar vereceksiniz. Vefan\u0131n, vicdan\u0131n, ne oldu\u011funu birilerine hat\u0131rlatacaks\u0131n\u0131z.\u201d diye konu\u015fan Ar\u0131kl\u0131, t\u00fcz\u00fck gere\u011fi, genel ba\u015fkanl\u0131ktaki son d\u00f6nemi oldu\u011funu hat\u0131rlatarak, kendisinden sonraki d\u00f6nemde\u00a0 bayra\u011f\u0131n daha iyi yerlere, Ba\u015fbakanl\u0131\u011fa ve Cumhurba\u015fkanl\u0131\u011f\u0131na g\u00f6t\u00fcr\u00fclece\u011fine inan\u00e7 belirtti.<\/p>\n<p>Ar\u0131kl\u0131, \u201cAyn\u0131 inan\u00e7 ve kararl\u0131kla sizlerden ald\u0131\u011f\u0131m\u0131z g\u00fc\u00e7le devam edersek YDP\u2019nin h\u00fck\u00fcmet kuracak parti olmas\u0131 ka\u00e7\u0131n\u0131lmazd\u0131r.\u201d dedi.<\/p>\n<p>\u0130sias Otel davas\u0131\u00a0 mahkeme s\u00fcrecine de de\u011finen Ar\u0131kl\u0131, emsal bir ceza karar\u0131 verilece\u011fini hat\u0131rlatarak, bu davan\u0131n takip\u00e7isi olduklar\u0131n\u0131 s\u00f6yledi, hayat\u0131n\u0131 kaybedenlere Allah\u2019tan rahmet, ailelerine sab\u0131r ve metanet diledi.<\/p>\n<p>Ba\u015fkan adaylar\u0131n\u0131n konu\u015fmalar\u0131n\u0131n ard\u0131ndan, oylama s\u00fcreci ba\u015flad\u0131. Ak\u015fam saatlerinde sand\u0131klar\u0131n kapanmas\u0131n\u0131n ard\u0131ndan, say\u0131ma ge\u00e7ilecek. Sonu\u00e7lar\u0131n bug\u00fcn a\u00e7\u0131klanmas\u0131 bekleniyor.<\/p>\n<\/p><\/div>\n<p><script async\n                    defer\n                    crossorigin=\"anonymous\"\n                    src=\"https:\/\/connect.facebook.net\/tr_TR\/sdk.js#xfbml=1&#038;version=v3.3\"\n            ><\/script><\/p>\n","protected":false},"excerpt":{"rendered":"<p>Yeniden Do\u011fu\u015f Partisi\u2019nin (YDP) 4\u2019\u00fcnc\u00fc Ola\u011fan Kurultay\u0131\u2019nda oylama ba\u015flad\u0131. 7 bin 614 \u00fcyenin oy kullanabilece\u011fi\u00a0 Kurultayda sand\u0131klar saat 20.00\u2019de kapat\u0131lacak ve oy say\u0131m\u0131na ge\u00e7ilecek. Kurultayda YDP\u2019nin mevcut\u00a0 Genel Ba\u015fkan\u0131 Erhan Ar\u0131kl\u0131 ve Genel Sekreteri Talip Atalay ba\u015fkanl\u0131k i\u00e7in yar\u0131\u015f\u0131yor. Bunun yan\u0131nda 50 ki\u015filik Parti Meclisi de belirlenecek. Saat 10.30 itibar\u0131yla\u00a0 ba\u015flayan Kurultay, Divan olu\u015fumu, \u0130stiklal [&hellip;]<\/p>\n","protected":false},"author":1,"featured_media":790,"comment_status":"open","ping_status":"open","sticky":false,"template":"","format":"standard","meta":{"jnews-multi-image_gallery":[],"jnews_single_post":[],"jnews_primary_category":[],"jnews_social_meta":[],"jnews_override_counter":[],"footnotes":""},"categories":[1],"tags":[],"class_list":["post-789","post","type-post","status-publish","format-standard","has-post-thumbnail","hentry","category-kibris"],"yoast_head":"<!-- This site is optimized with the Yoast SEO plugin v27.4 - https:\/\/yoast.com\/product\/yoast-seo-wordpress\/ -->\n<title>Yeniden Do\u011fu\u015f Partisi 4\u2019\u00fcnc\u00fc Ola\u011fan Kurultay\u0131\u2019nda oylama yap\u0131l\u0131yor. Sand\u0131klar 20.00\u2019de kapanacak - Kuzeyin Sesi<\/title>\n<meta name=\"robots\" content=\"index, follow, max-snippet:-1, max-image-preview:large, max-video-preview:-1\" \/>\n<link rel=\"canonical\" href=\"https:\/\/kuzeyinsesi.org\/index.php\/2024\/04\/28\/yeniden-dogus-partisi-4uncu-olagan-kurultayinda-oylama-yapiliyor-sandiklar-20-00de-kapanacak\/\" \/>\n<meta property=\"og:locale\" content=\"tr_TR\" \/>\n<meta property=\"og:type\" content=\"article\" \/>\n<meta property=\"og:title\" content=\"Yeniden Do\u011fu\u015f Partisi 4\u2019\u00fcnc\u00fc Ola\u011fan Kurultay\u0131\u2019nda oylama yap\u0131l\u0131yor. Sand\u0131klar 20.00\u2019de kapanacak - Kuzeyin Sesi\" \/>\n<meta property=\"og:description\" content=\"Yeniden Do\u011fu\u015f Partisi\u2019nin (YDP) 4\u2019\u00fcnc\u00fc Ola\u011fan Kurultay\u0131\u2019nda oylama ba\u015flad\u0131. 7 bin 614 \u00fcyenin oy kullanabilece\u011fi\u00a0 Kurultayda sand\u0131klar saat 20.00\u2019de kapat\u0131lacak ve oy say\u0131m\u0131na ge\u00e7ilecek. Kurultayda YDP\u2019nin mevcut\u00a0 Genel Ba\u015fkan\u0131 Erhan Ar\u0131kl\u0131 ve Genel Sekreteri Talip Atalay ba\u015fkanl\u0131k i\u00e7in yar\u0131\u015f\u0131yor. Bunun yan\u0131nda 50 ki\u015filik Parti Meclisi de belirlenecek. Saat 10.30 itibar\u0131yla\u00a0 ba\u015flayan Kurultay, Divan olu\u015fumu, \u0130stiklal [&hellip;]\" \/>\n<meta property=\"og:url\" content=\"https:\/\/kuzeyinsesi.org\/index.php\/2024\/04\/28\/yeniden-dogus-partisi-4uncu-olagan-kurultayinda-oylama-yapiliyor-sandiklar-20-00de-kapanacak\/\" \/>\n<meta property=\"og:site_name\" content=\"Kuzeyin Sesi\" \/>\n<meta property=\"article:publisher\" content=\"https:\/\/www.facebook.com\/kuzeyinsesii\" \/>\n<meta property=\"article:published_time\" content=\"2024-04-28T11:45:24+00:00\" \/>\n<meta property=\"og:image\" content=\"https:\/\/kuzeyinsesi.org\/wp-content\/uploads\/2024\/04\/ydp-4-olagan-kurultayi-yapiliyor-8-so.jpg\" \/>\n\t<meta property=\"og:image:width\" content=\"927\" \/>\n\t<meta property=\"og:image:height\" content=\"547\" \/>\n\t<meta property=\"og:image:type\" content=\"image\/jpeg\" \/>\n<meta name=\"author\" content=\"Kuzeyin Sesi\" \/>\n<meta name=\"twitter:card\" content=\"summary_large_image\" \/>\n<meta name=\"twitter:creator\" content=\"@kuzeyinsesii\" \/>\n<meta name=\"twitter:site\" content=\"@kuzeyinsesii\" \/>\n<meta name=\"twitter:label1\" content=\"Yazan:\" \/>\n\t<meta name=\"twitter:data1\" content=\"Kuzeyin Sesi\" \/>\n\t<meta name=\"twitter:label2\" content=\"Tahmini okuma s\u00fcresi\" \/>\n\t<meta name=\"twitter:data2\" content=\"7 dakika\" \/>\n<script type=\"application\/ld+json\" class=\"yoast-schema-graph\">{\"@context\":\"https:\\\/\\\/schema.org\",\"@graph\":[{\"@type\":\"Article\",\"@id\":\"https:\\\/\\\/kuzeyinsesi.org\\\/index.php\\\/2024\\\/04\\\/28\\\/yeniden-dogus-partisi-4uncu-olagan-kurultayinda-oylama-yapiliyor-sandiklar-20-00de-kapanacak\\\/#article\",\"isPartOf\":{\"@id\":\"https:\\\/\\\/kuzeyinsesi.org\\\/index.php\\\/2024\\\/04\\\/28\\\/yeniden-dogus-partisi-4uncu-olagan-kurultayinda-oylama-yapiliyor-sandiklar-20-00de-kapanacak\\\/\"},\"author\":{\"name\":\"Kuzeyin Sesi\",\"@id\":\"https:\\\/\\\/kuzeyinsesi.org\\\/#\\\/schema\\\/person\\\/9f859689cdf01485597712386e37f5aa\"},\"headline\":\"Yeniden Do\u011fu\u015f Partisi 4\u2019\u00fcnc\u00fc Ola\u011fan Kurultay\u0131\u2019nda oylama yap\u0131l\u0131yor. Sand\u0131klar 20.00\u2019de kapanacak\",\"datePublished\":\"2024-04-28T11:45:24+00:00\",\"mainEntityOfPage\":{\"@id\":\"https:\\\/\\\/kuzeyinsesi.org\\\/index.php\\\/2024\\\/04\\\/28\\\/yeniden-dogus-partisi-4uncu-olagan-kurultayinda-oylama-yapiliyor-sandiklar-20-00de-kapanacak\\\/\"},\"wordCount\":1319,\"commentCount\":0,\"image\":{\"@id\":\"https:\\\/\\\/kuzeyinsesi.org\\\/index.php\\\/2024\\\/04\\\/28\\\/yeniden-dogus-partisi-4uncu-olagan-kurultayinda-oylama-yapiliyor-sandiklar-20-00de-kapanacak\\\/#primaryimage\"},\"thumbnailUrl\":\"https:\\\/\\\/kuzeyinsesi.org\\\/wp-content\\\/uploads\\\/2024\\\/04\\\/ydp-4-olagan-kurultayi-yapiliyor-8-so.jpg\",\"articleSection\":[\"K\u0131br\u0131s\"],\"inLanguage\":\"tr\",\"potentialAction\":[{\"@type\":\"CommentAction\",\"name\":\"Comment\",\"target\":[\"https:\\\/\\\/kuzeyinsesi.org\\\/index.php\\\/2024\\\/04\\\/28\\\/yeniden-dogus-partisi-4uncu-olagan-kurultayinda-oylama-yapiliyor-sandiklar-20-00de-kapanacak\\\/#respond\"]}]},{\"@type\":\"WebPage\",\"@id\":\"https:\\\/\\\/kuzeyinsesi.org\\\/index.php\\\/2024\\\/04\\\/28\\\/yeniden-dogus-partisi-4uncu-olagan-kurultayinda-oylama-yapiliyor-sandiklar-20-00de-kapanacak\\\/\",\"url\":\"https:\\\/\\\/kuzeyinsesi.org\\\/index.php\\\/2024\\\/04\\\/28\\\/yeniden-dogus-partisi-4uncu-olagan-kurultayinda-oylama-yapiliyor-sandiklar-20-00de-kapanacak\\\/\",\"name\":\"Yeniden Do\u011fu\u015f Partisi 4\u2019\u00fcnc\u00fc Ola\u011fan Kurultay\u0131\u2019nda oylama yap\u0131l\u0131yor. Sand\u0131klar 20.00\u2019de kapanacak - Kuzeyin Sesi\",\"isPartOf\":{\"@id\":\"https:\\\/\\\/kuzeyinsesi.org\\\/#website\"},\"primaryImageOfPage\":{\"@id\":\"https:\\\/\\\/kuzeyinsesi.org\\\/index.php\\\/2024\\\/04\\\/28\\\/yeniden-dogus-partisi-4uncu-olagan-kurultayinda-oylama-yapiliyor-sandiklar-20-00de-kapanacak\\\/#primaryimage\"},\"image\":{\"@id\":\"https:\\\/\\\/kuzeyinsesi.org\\\/index.php\\\/2024\\\/04\\\/28\\\/yeniden-dogus-partisi-4uncu-olagan-kurultayinda-oylama-yapiliyor-sandiklar-20-00de-kapanacak\\\/#primaryimage\"},\"thumbnailUrl\":\"https:\\\/\\\/kuzeyinsesi.org\\\/wp-content\\\/uploads\\\/2024\\\/04\\\/ydp-4-olagan-kurultayi-yapiliyor-8-so.jpg\",\"datePublished\":\"2024-04-28T11:45:24+00:00\",\"author\":{\"@id\":\"https:\\\/\\\/kuzeyinsesi.org\\\/#\\\/schema\\\/person\\\/9f859689cdf01485597712386e37f5aa\"},\"breadcrumb\":{\"@id\":\"https:\\\/\\\/kuzeyinsesi.org\\\/index.php\\\/2024\\\/04\\\/28\\\/yeniden-dogus-partisi-4uncu-olagan-kurultayinda-oylama-yapiliyor-sandiklar-20-00de-kapanacak\\\/#breadcrumb\"},\"inLanguage\":\"tr\",\"potentialAction\":[{\"@type\":\"ReadAction\",\"target\":[\"https:\\\/\\\/kuzeyinsesi.org\\\/index.php\\\/2024\\\/04\\\/28\\\/yeniden-dogus-partisi-4uncu-olagan-kurultayinda-oylama-yapiliyor-sandiklar-20-00de-kapanacak\\\/\"]}]},{\"@type\":\"ImageObject\",\"inLanguage\":\"tr\",\"@id\":\"https:\\\/\\\/kuzeyinsesi.org\\\/index.php\\\/2024\\\/04\\\/28\\\/yeniden-dogus-partisi-4uncu-olagan-kurultayinda-oylama-yapiliyor-sandiklar-20-00de-kapanacak\\\/#primaryimage\",\"url\":\"https:\\\/\\\/kuzeyinsesi.org\\\/wp-content\\\/uploads\\\/2024\\\/04\\\/ydp-4-olagan-kurultayi-yapiliyor-8-so.jpg\",\"contentUrl\":\"https:\\\/\\\/kuzeyinsesi.org\\\/wp-content\\\/uploads\\\/2024\\\/04\\\/ydp-4-olagan-kurultayi-yapiliyor-8-so.jpg\",\"width\":927,\"height\":547},{\"@type\":\"BreadcrumbList\",\"@id\":\"https:\\\/\\\/kuzeyinsesi.org\\\/index.php\\\/2024\\\/04\\\/28\\\/yeniden-dogus-partisi-4uncu-olagan-kurultayinda-oylama-yapiliyor-sandiklar-20-00de-kapanacak\\\/#breadcrumb\",\"itemListElement\":[{\"@type\":\"ListItem\",\"position\":1,\"name\":\"Anasayfa\",\"item\":\"https:\\\/\\\/kuzeyinsesi.org\\\/\"},{\"@type\":\"ListItem\",\"position\":2,\"name\":\"Yeniden Do\u011fu\u015f Partisi 4\u2019\u00fcnc\u00fc Ola\u011fan Kurultay\u0131\u2019nda oylama yap\u0131l\u0131yor. Sand\u0131klar 20.00\u2019de kapanacak\"}]},{\"@type\":\"WebSite\",\"@id\":\"https:\\\/\\\/kuzeyinsesi.org\\\/#website\",\"url\":\"https:\\\/\\\/kuzeyinsesi.org\\\/\",\"name\":\"Kuzeyin Sesi\",\"description\":\"Do\u011fru Haberin Adresi\",\"potentialAction\":[{\"@type\":\"SearchAction\",\"target\":{\"@type\":\"EntryPoint\",\"urlTemplate\":\"https:\\\/\\\/kuzeyinsesi.org\\\/?s={search_term_string}\"},\"query-input\":{\"@type\":\"PropertyValueSpecification\",\"valueRequired\":true,\"valueName\":\"search_term_string\"}}],\"inLanguage\":\"tr\"},{\"@type\":\"Person\",\"@id\":\"https:\\\/\\\/kuzeyinsesi.org\\\/#\\\/schema\\\/person\\\/9f859689cdf01485597712386e37f5aa\",\"name\":\"Kuzeyin Sesi\",\"image\":{\"@type\":\"ImageObject\",\"inLanguage\":\"tr\",\"@id\":\"https:\\\/\\\/secure.gravatar.com\\\/avatar\\\/bab33852abfd8b282518d6ed81826833d77c3c882d9ab608add591ccace47a44?s=96&d=mm&r=g\",\"url\":\"https:\\\/\\\/secure.gravatar.com\\\/avatar\\\/bab33852abfd8b282518d6ed81826833d77c3c882d9ab608add591ccace47a44?s=96&d=mm&r=g\",\"contentUrl\":\"https:\\\/\\\/secure.gravatar.com\\\/avatar\\\/bab33852abfd8b282518d6ed81826833d77c3c882d9ab608add591ccace47a44?s=96&d=mm&r=g\",\"caption\":\"Kuzeyin Sesi\"},\"sameAs\":[\"https:\\\/\\\/kuzeyinsesi.org\"],\"url\":\"https:\\\/\\\/kuzeyinsesi.org\\\/index.php\\\/author\\\/guven\\\/\"}]}<\/script>\n<!-- \/ Yoast SEO plugin. -->","yoast_head_json":{"title":"Yeniden Do\u011fu\u015f Partisi 4\u2019\u00fcnc\u00fc Ola\u011fan Kurultay\u0131\u2019nda oylama yap\u0131l\u0131yor. Sand\u0131klar 20.00\u2019de kapanacak - Kuzeyin Sesi","robots":{"index":"index","follow":"follow","max-snippet":"max-snippet:-1","max-image-preview":"max-image-preview:large","max-video-preview":"max-video-preview:-1"},"canonical":"https:\/\/kuzeyinsesi.org\/index.php\/2024\/04\/28\/yeniden-dogus-partisi-4uncu-olagan-kurultayinda-oylama-yapiliyor-sandiklar-20-00de-kapanacak\/","og_locale":"tr_TR","og_type":"article","og_title":"Yeniden Do\u011fu\u015f Partisi 4\u2019\u00fcnc\u00fc Ola\u011fan Kurultay\u0131\u2019nda oylama yap\u0131l\u0131yor. Sand\u0131klar 20.00\u2019de kapanacak - Kuzeyin Sesi","og_description":"Yeniden Do\u011fu\u015f Partisi\u2019nin (YDP) 4\u2019\u00fcnc\u00fc Ola\u011fan Kurultay\u0131\u2019nda oylama ba\u015flad\u0131. 7 bin 614 \u00fcyenin oy kullanabilece\u011fi\u00a0 Kurultayda sand\u0131klar saat 20.00\u2019de kapat\u0131lacak ve oy say\u0131m\u0131na ge\u00e7ilecek. Kurultayda YDP\u2019nin mevcut\u00a0 Genel Ba\u015fkan\u0131 Erhan Ar\u0131kl\u0131 ve Genel Sekreteri Talip Atalay ba\u015fkanl\u0131k i\u00e7in yar\u0131\u015f\u0131yor. Bunun yan\u0131nda 50 ki\u015filik Parti Meclisi de belirlenecek. Saat 10.30 itibar\u0131yla\u00a0 ba\u015flayan Kurultay, Divan olu\u015fumu, \u0130stiklal [&hellip;]","og_url":"https:\/\/kuzeyinsesi.org\/index.php\/2024\/04\/28\/yeniden-dogus-partisi-4uncu-olagan-kurultayinda-oylama-yapiliyor-sandiklar-20-00de-kapanacak\/","og_site_name":"Kuzeyin Sesi","article_publisher":"https:\/\/www.facebook.com\/kuzeyinsesii","article_published_time":"2024-04-28T11:45:24+00:00","og_image":[{"width":927,"height":547,"url":"https:\/\/kuzeyinsesi.org\/wp-content\/uploads\/2024\/04\/ydp-4-olagan-kurultayi-yapiliyor-8-so.jpg","type":"image\/jpeg"}],"author":"Kuzeyin Sesi","twitter_card":"summary_large_image","twitter_creator":"@kuzeyinsesii","twitter_site":"@kuzeyinsesii","twitter_misc":{"Yazan:":"Kuzeyin Sesi","Tahmini okuma s\u00fcresi":"7 dakika"},"schema":{"@context":"https:\/\/schema.org","@graph":[{"@type":"Article","@id":"https:\/\/kuzeyinsesi.org\/index.php\/2024\/04\/28\/yeniden-dogus-partisi-4uncu-olagan-kurultayinda-oylama-yapiliyor-sandiklar-20-00de-kapanacak\/#article","isPartOf":{"@id":"https:\/\/kuzeyinsesi.org\/index.php\/2024\/04\/28\/yeniden-dogus-partisi-4uncu-olagan-kurultayinda-oylama-yapiliyor-sandiklar-20-00de-kapanacak\/"},"author":{"name":"Kuzeyin Sesi","@id":"https:\/\/kuzeyinsesi.org\/#\/schema\/person\/9f859689cdf01485597712386e37f5aa"},"headline":"Yeniden Do\u011fu\u015f Partisi 4\u2019\u00fcnc\u00fc Ola\u011fan Kurultay\u0131\u2019nda oylama yap\u0131l\u0131yor. Sand\u0131klar 20.00\u2019de kapanacak","datePublished":"2024-04-28T11:45:24+00:00","mainEntityOfPage":{"@id":"https:\/\/kuzeyinsesi.org\/index.php\/2024\/04\/28\/yeniden-dogus-partisi-4uncu-olagan-kurultayinda-oylama-yapiliyor-sandiklar-20-00de-kapanacak\/"},"wordCount":1319,"commentCount":0,"image":{"@id":"https:\/\/kuzeyinsesi.org\/index.php\/2024\/04\/28\/yeniden-dogus-partisi-4uncu-olagan-kurultayinda-oylama-yapiliyor-sandiklar-20-00de-kapanacak\/#primaryimage"},"thumbnailUrl":"https:\/\/kuzeyinsesi.org\/wp-content\/uploads\/2024\/04\/ydp-4-olagan-kurultayi-yapiliyor-8-so.jpg","articleSection":["K\u0131br\u0131s"],"inLanguage":"tr","potentialAction":[{"@type":"CommentAction","name":"Comment","target":["https:\/\/kuzeyinsesi.org\/index.php\/2024\/04\/28\/yeniden-dogus-partisi-4uncu-olagan-kurultayinda-oylama-yapiliyor-sandiklar-20-00de-kapanacak\/#respond"]}]},{"@type":"WebPage","@id":"https:\/\/kuzeyinsesi.org\/index.php\/2024\/04\/28\/yeniden-dogus-partisi-4uncu-olagan-kurultayinda-oylama-yapiliyor-sandiklar-20-00de-kapanacak\/","url":"https:\/\/kuzeyinsesi.org\/index.php\/2024\/04\/28\/yeniden-dogus-partisi-4uncu-olagan-kurultayinda-oylama-yapiliyor-sandiklar-20-00de-kapanacak\/","name":"Yeniden Do\u011fu\u015f Partisi 4\u2019\u00fcnc\u00fc Ola\u011fan Kurultay\u0131\u2019nda oylama yap\u0131l\u0131yor. Sand\u0131klar 20.00\u2019de kapanacak - Kuzeyin Sesi","isPartOf":{"@id":"https:\/\/kuzeyinsesi.org\/#website"},"primaryImageOfPage":{"@id":"https:\/\/kuzeyinsesi.org\/index.php\/2024\/04\/28\/yeniden-dogus-partisi-4uncu-olagan-kurultayinda-oylama-yapiliyor-sandiklar-20-00de-kapanacak\/#primaryimage"},"image":{"@id":"https:\/\/kuzeyinsesi.org\/index.php\/2024\/04\/28\/yeniden-dogus-partisi-4uncu-olagan-kurultayinda-oylama-yapiliyor-sandiklar-20-00de-kapanacak\/#primaryimage"},"thumbnailUrl":"https:\/\/kuzeyinsesi.org\/wp-content\/uploads\/2024\/04\/ydp-4-olagan-kurultayi-yapiliyor-8-so.jpg","datePublished":"2024-04-28T11:45:24+00:00","author":{"@id":"https:\/\/kuzeyinsesi.org\/#\/schema\/person\/9f859689cdf01485597712386e37f5aa"},"breadcrumb":{"@id":"https:\/\/kuzeyinsesi.org\/index.php\/2024\/04\/28\/yeniden-dogus-partisi-4uncu-olagan-kurultayinda-oylama-yapiliyor-sandiklar-20-00de-kapanacak\/#breadcrumb"},"inLanguage":"tr","potentialAction":[{"@type":"ReadAction","target":["https:\/\/kuzeyinsesi.org\/index.php\/2024\/04\/28\/yeniden-dogus-partisi-4uncu-olagan-kurultayinda-oylama-yapiliyor-sandiklar-20-00de-kapanacak\/"]}]},{"@type":"ImageObject","inLanguage":"tr","@id":"https:\/\/kuzeyinsesi.org\/index.php\/2024\/04\/28\/yeniden-dogus-partisi-4uncu-olagan-kurultayinda-oylama-yapiliyor-sandiklar-20-00de-kapanacak\/#primaryimage","url":"https:\/\/kuzeyinsesi.org\/wp-content\/uploads\/2024\/04\/ydp-4-olagan-kurultayi-yapiliyor-8-so.jpg","contentUrl":"https:\/\/kuzeyinsesi.org\/wp-content\/uploads\/2024\/04\/ydp-4-olagan-kurultayi-yapiliyor-8-so.jpg","width":927,"height":547},{"@type":"BreadcrumbList","@id":"https:\/\/kuzeyinsesi.org\/index.php\/2024\/04\/28\/yeniden-dogus-partisi-4uncu-olagan-kurultayinda-oylama-yapiliyor-sandiklar-20-00de-kapanacak\/#breadcrumb","itemListElement":[{"@type":"ListItem","position":1,"name":"Anasayfa","item":"https:\/\/kuzeyinsesi.org\/"},{"@type":"ListItem","position":2,"name":"Yeniden Do\u011fu\u015f Partisi 4\u2019\u00fcnc\u00fc Ola\u011fan Kurultay\u0131\u2019nda oylama yap\u0131l\u0131yor. Sand\u0131klar 20.00\u2019de kapanacak"}]},{"@type":"WebSite","@id":"https:\/\/kuzeyinsesi.org\/#website","url":"https:\/\/kuzeyinsesi.org\/","name":"Kuzeyin Sesi","description":"Do\u011fru Haberin Adresi","potentialAction":[{"@type":"SearchAction","target":{"@type":"EntryPoint","urlTemplate":"https:\/\/kuzeyinsesi.org\/?s={search_term_string}"},"query-input":{"@type":"PropertyValueSpecification","valueRequired":true,"valueName":"search_term_string"}}],"inLanguage":"tr"},{"@type":"Person","@id":"https:\/\/kuzeyinsesi.org\/#\/schema\/person\/9f859689cdf01485597712386e37f5aa","name":"Kuzeyin Sesi","image":{"@type":"ImageObject","inLanguage":"tr","@id":"https:\/\/secure.gravatar.com\/avatar\/bab33852abfd8b282518d6ed81826833d77c3c882d9ab608add591ccace47a44?s=96&d=mm&r=g","url":"https:\/\/secure.gravatar.com\/avatar\/bab33852abfd8b282518d6ed81826833d77c3c882d9ab608add591ccace47a44?s=96&d=mm&r=g","contentUrl":"https:\/\/secure.gravatar.com\/avatar\/bab33852abfd8b282518d6ed81826833d77c3c882d9ab608add591ccace47a44?s=96&d=mm&r=g","caption":"Kuzeyin Sesi"},"sameAs":["https:\/\/kuzeyinsesi.org"],"url":"https:\/\/kuzeyinsesi.org\/index.php\/author\/guven\/"}]}},"_links":{"self":[{"href":"https:\/\/kuzeyinsesi.org\/index.php\/wp-json\/wp\/v2\/posts\/789","targetHints":{"allow":["GET"]}}],"collection":[{"href":"https:\/\/kuzeyinsesi.org\/index.php\/wp-json\/wp\/v2\/posts"}],"about":[{"href":"https:\/\/kuzeyinsesi.org\/index.php\/wp-json\/wp\/v2\/types\/post"}],"author":[{"embeddable":true,"href":"https:\/\/kuzeyinsesi.org\/index.php\/wp-json\/wp\/v2\/users\/1"}],"replies":[{"embeddable":true,"href":"https:\/\/kuzeyinsesi.org\/index.php\/wp-json\/wp\/v2\/comments?post=789"}],"version-history":[{"count":0,"href":"https:\/\/kuzeyinsesi.org\/index.php\/wp-json\/wp\/v2\/posts\/789\/revisions"}],"wp:featuredmedia":[{"embeddable":true,"href":"https:\/\/kuzeyinsesi.org\/index.php\/wp-json\/wp\/v2\/media\/790"}],"wp:attachment":[{"href":"https:\/\/kuzeyinsesi.org\/index.php\/wp-json\/wp\/v2\/media?parent=789"}],"wp:term":[{"taxonomy":"category","embeddable":true,"href":"https:\/\/kuzeyinsesi.org\/index.php\/wp-json\/wp\/v2\/categories?post=789"},{"taxonomy":"post_tag","embeddable":true,"href":"https:\/\/kuzeyinsesi.org\/index.php\/wp-json\/wp\/v2\/tags?post=789"}],"curies":[{"name":"wp","href":"https:\/\/api.w.org\/{rel}","templated":true}]}}