{"id":7886,"date":"2024-08-13T15:48:40","date_gmt":"2024-08-13T12:48:40","guid":{"rendered":"https:\/\/kuzeyinsesi.org\/index.php\/2024\/08\/13\/11-halk-danslari-ve-baris-festivali-cumartesi-gunu-basliyor\/"},"modified":"2024-08-13T15:48:40","modified_gmt":"2024-08-13T12:48:40","slug":"11-halk-danslari-ve-baris-festivali-cumartesi-gunu-basliyor","status":"publish","type":"post","link":"https:\/\/kuzeyinsesi.org\/index.php\/2024\/08\/13\/11-halk-danslari-ve-baris-festivali-cumartesi-gunu-basliyor\/","title":{"rendered":"11. Halk Danslar\u0131 ve Bar\u0131\u015f Festivali cumartesi g\u00fcn\u00fc ba\u015fl\u0131yor"},"content":{"rendered":"<div>\n<div class=\"mariselle-image-container center\">\n                                            <\/div>\n<p> K\u0131br\u0131s Halk Danslar\u0131 ve Sanat Merkezi Derne\u011fi taraf\u0131ndan d\u00fczenlenen  11. Halk Danslar\u0131 Bar\u0131\u015f Festivali cumartesi g\u00fcn\u00fc ba\u015fl\u0131yor.<\/p>\n<p>Dernek Ba\u015fkan\u0131 Serhat Kozo\u011flu\u2019nun yapt\u0131\u011f\u0131 yaz\u0131l\u0131 a\u00e7\u0131klamaya g\u00f6re, festivale T\u00fcrkiye, Litvanya ve Makedonya\u2019dan ekipler de kat\u0131lacak. <\/p>\n<p>Festival \u00e7er\u00e7evesinde 17 A\u011fustos Cumartesi ak\u015fam\u0131 Y\u0131lmazk\u00f6y Spor Kul\u00fcb\u00fc bah\u00e7esinde, 18 A\u011fustos Pazar ak\u015fam\u0131 Kaleburnu K\u00f6y meydan\u0131nda, 19 A\u011fustos Pazartesi ak\u015fam\u0131 ise Lefko\u015fa\u2019da K\u0131z\u0131lba\u015f Park\u0131\u2019nda g\u00f6steriler sunulacak.<\/p>\n<p>Saat 20.00\u2019de ba\u015flayacak etkinlikler \u00fccretsiz ve halka a\u00e7\u0131k olacak.<\/p>\n<\/p><\/div>\n<p><script async\n                    defer\n                    crossorigin=\"anonymous\"\n                    src=\"https:\/\/connect.facebook.net\/tr_TR\/sdk.js#xfbml=1&#038;version=v3.3\"\n            ><\/script><\/p>\n","protected":false},"excerpt":{"rendered":"<p>K\u0131br\u0131s Halk Danslar\u0131 ve Sanat Merkezi Derne\u011fi taraf\u0131ndan d\u00fczenlenen 11. Halk Danslar\u0131 Bar\u0131\u015f Festivali cumartesi g\u00fcn\u00fc ba\u015fl\u0131yor. Dernek Ba\u015fkan\u0131 Serhat Kozo\u011flu\u2019nun yapt\u0131\u011f\u0131 yaz\u0131l\u0131 a\u00e7\u0131klamaya g\u00f6re, festivale T\u00fcrkiye, Litvanya ve Makedonya\u2019dan ekipler de kat\u0131lacak. Festival \u00e7er\u00e7evesinde 17 A\u011fustos Cumartesi ak\u015fam\u0131 Y\u0131lmazk\u00f6y Spor Kul\u00fcb\u00fc bah\u00e7esinde, 18 A\u011fustos Pazar ak\u015fam\u0131 Kaleburnu K\u00f6y meydan\u0131nda, 19 A\u011fustos Pazartesi ak\u015fam\u0131 ise [&hellip;]<\/p>\n","protected":false},"author":1,"featured_media":7887,"comment_status":"open","ping_status":"open","sticky":false,"template":"","format":"standard","meta":{"jnews-multi-image_gallery":[],"jnews_single_post":[],"jnews_primary_category":[],"jnews_social_meta":[],"jnews_override_counter":[],"footnotes":""},"categories":[6],"tags":[],"class_list":["post-7886","post","type-post","status-publish","format-standard","has-post-thumbnail","hentry","category-yasam"],"yoast_head":"<!-- This site is optimized with the Yoast SEO plugin v27.5 - https:\/\/yoast.com\/product\/yoast-seo-wordpress\/ -->\n<title>11. Halk Danslar\u0131 ve Bar\u0131\u015f Festivali cumartesi g\u00fcn\u00fc ba\u015fl\u0131yor - Kuzeyin Sesi<\/title>\n<meta name=\"robots\" content=\"index, follow, max-snippet:-1, max-image-preview:large, max-video-preview:-1\" \/>\n<link rel=\"canonical\" href=\"https:\/\/kuzeyinsesi.org\/index.php\/2024\/08\/13\/11-halk-danslari-ve-baris-festivali-cumartesi-gunu-basliyor\/\" \/>\n<meta property=\"og:locale\" content=\"tr_TR\" \/>\n<meta property=\"og:type\" content=\"article\" \/>\n<meta property=\"og:title\" content=\"11. Halk Danslar\u0131 ve Bar\u0131\u015f Festivali cumartesi g\u00fcn\u00fc ba\u015fl\u0131yor - Kuzeyin Sesi\" \/>\n<meta property=\"og:description\" content=\"K\u0131br\u0131s Halk Danslar\u0131 ve Sanat Merkezi Derne\u011fi taraf\u0131ndan d\u00fczenlenen 11. Halk Danslar\u0131 Bar\u0131\u015f Festivali cumartesi g\u00fcn\u00fc ba\u015fl\u0131yor. Dernek Ba\u015fkan\u0131 Serhat Kozo\u011flu\u2019nun yapt\u0131\u011f\u0131 yaz\u0131l\u0131 a\u00e7\u0131klamaya g\u00f6re, festivale T\u00fcrkiye, Litvanya ve Makedonya\u2019dan ekipler de kat\u0131lacak. Festival \u00e7er\u00e7evesinde 17 A\u011fustos Cumartesi ak\u015fam\u0131 Y\u0131lmazk\u00f6y Spor Kul\u00fcb\u00fc bah\u00e7esinde, 18 A\u011fustos Pazar ak\u015fam\u0131 Kaleburnu K\u00f6y meydan\u0131nda, 19 A\u011fustos Pazartesi ak\u015fam\u0131 ise [&hellip;]\" \/>\n<meta property=\"og:url\" content=\"https:\/\/kuzeyinsesi.org\/index.php\/2024\/08\/13\/11-halk-danslari-ve-baris-festivali-cumartesi-gunu-basliyor\/\" \/>\n<meta property=\"og:site_name\" content=\"Kuzeyin Sesi\" \/>\n<meta property=\"article:publisher\" content=\"https:\/\/www.facebook.com\/kuzeyinsesii\" \/>\n<meta property=\"article:published_time\" content=\"2024-08-13T12:48:40+00:00\" \/>\n<meta property=\"og:image\" content=\"https:\/\/brtk.net\/wp-content\/uploads\/2024\/08\/13\/halk-danslari-festivali.jpeg?ver=8259aeb8ca93a121347ca1f3a7458ce1\" \/>\n<meta name=\"author\" content=\"Kuzeyin Sesi\" \/>\n<meta name=\"twitter:card\" content=\"summary_large_image\" \/>\n<meta name=\"twitter:creator\" content=\"@kuzeyinsesii\" \/>\n<meta name=\"twitter:site\" content=\"@kuzeyinsesii\" \/>\n<meta name=\"twitter:label1\" content=\"Yazan:\" \/>\n\t<meta name=\"twitter:data1\" content=\"Kuzeyin Sesi\" \/>\n\t<meta name=\"twitter:label2\" content=\"Tahmini okuma s\u00fcresi\" \/>\n\t<meta name=\"twitter:data2\" content=\"1 dakika\" \/>\n<script type=\"application\/ld+json\" class=\"yoast-schema-graph\">{\"@context\":\"https:\\\/\\\/schema.org\",\"@graph\":[{\"@type\":\"Article\",\"@id\":\"https:\\\/\\\/kuzeyinsesi.org\\\/index.php\\\/2024\\\/08\\\/13\\\/11-halk-danslari-ve-baris-festivali-cumartesi-gunu-basliyor\\\/#article\",\"isPartOf\":{\"@id\":\"https:\\\/\\\/kuzeyinsesi.org\\\/index.php\\\/2024\\\/08\\\/13\\\/11-halk-danslari-ve-baris-festivali-cumartesi-gunu-basliyor\\\/\"},\"author\":{\"name\":\"Kuzeyin Sesi\",\"@id\":\"https:\\\/\\\/kuzeyinsesi.org\\\/#\\\/schema\\\/person\\\/9f859689cdf01485597712386e37f5aa\"},\"headline\":\"11. Halk Danslar\u0131 ve Bar\u0131\u015f Festivali cumartesi g\u00fcn\u00fc ba\u015fl\u0131yor\",\"datePublished\":\"2024-08-13T12:48:40+00:00\",\"mainEntityOfPage\":{\"@id\":\"https:\\\/\\\/kuzeyinsesi.org\\\/index.php\\\/2024\\\/08\\\/13\\\/11-halk-danslari-ve-baris-festivali-cumartesi-gunu-basliyor\\\/\"},\"wordCount\":114,\"commentCount\":0,\"image\":{\"@id\":\"https:\\\/\\\/kuzeyinsesi.org\\\/index.php\\\/2024\\\/08\\\/13\\\/11-halk-danslari-ve-baris-festivali-cumartesi-gunu-basliyor\\\/#primaryimage\"},\"thumbnailUrl\":\"https:\\\/\\\/kuzeyinsesi.org\\\/wp-content\\\/uploads\\\/2024\\\/08\\\/halk-danslari-festivali.jpeg\",\"articleSection\":[\"Ya\u015fam\"],\"inLanguage\":\"tr\",\"potentialAction\":[{\"@type\":\"CommentAction\",\"name\":\"Comment\",\"target\":[\"https:\\\/\\\/kuzeyinsesi.org\\\/index.php\\\/2024\\\/08\\\/13\\\/11-halk-danslari-ve-baris-festivali-cumartesi-gunu-basliyor\\\/#respond\"]}]},{\"@type\":\"WebPage\",\"@id\":\"https:\\\/\\\/kuzeyinsesi.org\\\/index.php\\\/2024\\\/08\\\/13\\\/11-halk-danslari-ve-baris-festivali-cumartesi-gunu-basliyor\\\/\",\"url\":\"https:\\\/\\\/kuzeyinsesi.org\\\/index.php\\\/2024\\\/08\\\/13\\\/11-halk-danslari-ve-baris-festivali-cumartesi-gunu-basliyor\\\/\",\"name\":\"11. Halk Danslar\u0131 ve Bar\u0131\u015f Festivali cumartesi g\u00fcn\u00fc ba\u015fl\u0131yor - Kuzeyin Sesi\",\"isPartOf\":{\"@id\":\"https:\\\/\\\/kuzeyinsesi.org\\\/#website\"},\"primaryImageOfPage\":{\"@id\":\"https:\\\/\\\/kuzeyinsesi.org\\\/index.php\\\/2024\\\/08\\\/13\\\/11-halk-danslari-ve-baris-festivali-cumartesi-gunu-basliyor\\\/#primaryimage\"},\"image\":{\"@id\":\"https:\\\/\\\/kuzeyinsesi.org\\\/index.php\\\/2024\\\/08\\\/13\\\/11-halk-danslari-ve-baris-festivali-cumartesi-gunu-basliyor\\\/#primaryimage\"},\"thumbnailUrl\":\"https:\\\/\\\/kuzeyinsesi.org\\\/wp-content\\\/uploads\\\/2024\\\/08\\\/halk-danslari-festivali.jpeg\",\"datePublished\":\"2024-08-13T12:48:40+00:00\",\"author\":{\"@id\":\"https:\\\/\\\/kuzeyinsesi.org\\\/#\\\/schema\\\/person\\\/9f859689cdf01485597712386e37f5aa\"},\"breadcrumb\":{\"@id\":\"https:\\\/\\\/kuzeyinsesi.org\\\/index.php\\\/2024\\\/08\\\/13\\\/11-halk-danslari-ve-baris-festivali-cumartesi-gunu-basliyor\\\/#breadcrumb\"},\"inLanguage\":\"tr\",\"potentialAction\":[{\"@type\":\"ReadAction\",\"target\":[\"https:\\\/\\\/kuzeyinsesi.org\\\/index.php\\\/2024\\\/08\\\/13\\\/11-halk-danslari-ve-baris-festivali-cumartesi-gunu-basliyor\\\/\"]}]},{\"@type\":\"ImageObject\",\"inLanguage\":\"tr\",\"@id\":\"https:\\\/\\\/kuzeyinsesi.org\\\/index.php\\\/2024\\\/08\\\/13\\\/11-halk-danslari-ve-baris-festivali-cumartesi-gunu-basliyor\\\/#primaryimage\",\"url\":\"https:\\\/\\\/kuzeyinsesi.org\\\/wp-content\\\/uploads\\\/2024\\\/08\\\/halk-danslari-festivali.jpeg\",\"contentUrl\":\"https:\\\/\\\/kuzeyinsesi.org\\\/wp-content\\\/uploads\\\/2024\\\/08\\\/halk-danslari-festivali.jpeg\",\"width\":1080,\"height\":809},{\"@type\":\"BreadcrumbList\",\"@id\":\"https:\\\/\\\/kuzeyinsesi.org\\\/index.php\\\/2024\\\/08\\\/13\\\/11-halk-danslari-ve-baris-festivali-cumartesi-gunu-basliyor\\\/#breadcrumb\",\"itemListElement\":[{\"@type\":\"ListItem\",\"position\":1,\"name\":\"Anasayfa\",\"item\":\"https:\\\/\\\/kuzeyinsesi.org\\\/\"},{\"@type\":\"ListItem\",\"position\":2,\"name\":\"11. Halk Danslar\u0131 ve Bar\u0131\u015f Festivali cumartesi g\u00fcn\u00fc ba\u015fl\u0131yor\"}]},{\"@type\":\"WebSite\",\"@id\":\"https:\\\/\\\/kuzeyinsesi.org\\\/#website\",\"url\":\"https:\\\/\\\/kuzeyinsesi.org\\\/\",\"name\":\"Kuzeyin Sesi\",\"description\":\"Do\u011fru Haberin Adresi\",\"potentialAction\":[{\"@type\":\"SearchAction\",\"target\":{\"@type\":\"EntryPoint\",\"urlTemplate\":\"https:\\\/\\\/kuzeyinsesi.org\\\/?s={search_term_string}\"},\"query-input\":{\"@type\":\"PropertyValueSpecification\",\"valueRequired\":true,\"valueName\":\"search_term_string\"}}],\"inLanguage\":\"tr\"},{\"@type\":\"Person\",\"@id\":\"https:\\\/\\\/kuzeyinsesi.org\\\/#\\\/schema\\\/person\\\/9f859689cdf01485597712386e37f5aa\",\"name\":\"Kuzeyin Sesi\",\"image\":{\"@type\":\"ImageObject\",\"inLanguage\":\"tr\",\"@id\":\"https:\\\/\\\/secure.gravatar.com\\\/avatar\\\/bab33852abfd8b282518d6ed81826833d77c3c882d9ab608add591ccace47a44?s=96&d=mm&r=g\",\"url\":\"https:\\\/\\\/secure.gravatar.com\\\/avatar\\\/bab33852abfd8b282518d6ed81826833d77c3c882d9ab608add591ccace47a44?s=96&d=mm&r=g\",\"contentUrl\":\"https:\\\/\\\/secure.gravatar.com\\\/avatar\\\/bab33852abfd8b282518d6ed81826833d77c3c882d9ab608add591ccace47a44?s=96&d=mm&r=g\",\"caption\":\"Kuzeyin Sesi\"},\"sameAs\":[\"https:\\\/\\\/kuzeyinsesi.org\"],\"url\":\"https:\\\/\\\/kuzeyinsesi.org\\\/index.php\\\/author\\\/guven\\\/\"}]}<\/script>\n<!-- \/ Yoast SEO plugin. -->","yoast_head_json":{"title":"11. Halk Danslar\u0131 ve Bar\u0131\u015f Festivali cumartesi g\u00fcn\u00fc ba\u015fl\u0131yor - Kuzeyin Sesi","robots":{"index":"index","follow":"follow","max-snippet":"max-snippet:-1","max-image-preview":"max-image-preview:large","max-video-preview":"max-video-preview:-1"},"canonical":"https:\/\/kuzeyinsesi.org\/index.php\/2024\/08\/13\/11-halk-danslari-ve-baris-festivali-cumartesi-gunu-basliyor\/","og_locale":"tr_TR","og_type":"article","og_title":"11. Halk Danslar\u0131 ve Bar\u0131\u015f Festivali cumartesi g\u00fcn\u00fc ba\u015fl\u0131yor - Kuzeyin Sesi","og_description":"K\u0131br\u0131s Halk Danslar\u0131 ve Sanat Merkezi Derne\u011fi taraf\u0131ndan d\u00fczenlenen 11. Halk Danslar\u0131 Bar\u0131\u015f Festivali cumartesi g\u00fcn\u00fc ba\u015fl\u0131yor. Dernek Ba\u015fkan\u0131 Serhat Kozo\u011flu\u2019nun yapt\u0131\u011f\u0131 yaz\u0131l\u0131 a\u00e7\u0131klamaya g\u00f6re, festivale T\u00fcrkiye, Litvanya ve Makedonya\u2019dan ekipler de kat\u0131lacak. Festival \u00e7er\u00e7evesinde 17 A\u011fustos Cumartesi ak\u015fam\u0131 Y\u0131lmazk\u00f6y Spor Kul\u00fcb\u00fc bah\u00e7esinde, 18 A\u011fustos Pazar ak\u015fam\u0131 Kaleburnu K\u00f6y meydan\u0131nda, 19 A\u011fustos Pazartesi ak\u015fam\u0131 ise [&hellip;]","og_url":"https:\/\/kuzeyinsesi.org\/index.php\/2024\/08\/13\/11-halk-danslari-ve-baris-festivali-cumartesi-gunu-basliyor\/","og_site_name":"Kuzeyin Sesi","article_publisher":"https:\/\/www.facebook.com\/kuzeyinsesii","article_published_time":"2024-08-13T12:48:40+00:00","og_image":[{"url":"https:\/\/brtk.net\/wp-content\/uploads\/2024\/08\/13\/halk-danslari-festivali.jpeg?ver=8259aeb8ca93a121347ca1f3a7458ce1","type":"","width":"","height":""}],"author":"Kuzeyin Sesi","twitter_card":"summary_large_image","twitter_creator":"@kuzeyinsesii","twitter_site":"@kuzeyinsesii","twitter_misc":{"Yazan:":"Kuzeyin Sesi","Tahmini okuma s\u00fcresi":"1 dakika"},"schema":{"@context":"https:\/\/schema.org","@graph":[{"@type":"Article","@id":"https:\/\/kuzeyinsesi.org\/index.php\/2024\/08\/13\/11-halk-danslari-ve-baris-festivali-cumartesi-gunu-basliyor\/#article","isPartOf":{"@id":"https:\/\/kuzeyinsesi.org\/index.php\/2024\/08\/13\/11-halk-danslari-ve-baris-festivali-cumartesi-gunu-basliyor\/"},"author":{"name":"Kuzeyin Sesi","@id":"https:\/\/kuzeyinsesi.org\/#\/schema\/person\/9f859689cdf01485597712386e37f5aa"},"headline":"11. Halk Danslar\u0131 ve Bar\u0131\u015f Festivali cumartesi g\u00fcn\u00fc ba\u015fl\u0131yor","datePublished":"2024-08-13T12:48:40+00:00","mainEntityOfPage":{"@id":"https:\/\/kuzeyinsesi.org\/index.php\/2024\/08\/13\/11-halk-danslari-ve-baris-festivali-cumartesi-gunu-basliyor\/"},"wordCount":114,"commentCount":0,"image":{"@id":"https:\/\/kuzeyinsesi.org\/index.php\/2024\/08\/13\/11-halk-danslari-ve-baris-festivali-cumartesi-gunu-basliyor\/#primaryimage"},"thumbnailUrl":"https:\/\/kuzeyinsesi.org\/wp-content\/uploads\/2024\/08\/halk-danslari-festivali.jpeg","articleSection":["Ya\u015fam"],"inLanguage":"tr","potentialAction":[{"@type":"CommentAction","name":"Comment","target":["https:\/\/kuzeyinsesi.org\/index.php\/2024\/08\/13\/11-halk-danslari-ve-baris-festivali-cumartesi-gunu-basliyor\/#respond"]}]},{"@type":"WebPage","@id":"https:\/\/kuzeyinsesi.org\/index.php\/2024\/08\/13\/11-halk-danslari-ve-baris-festivali-cumartesi-gunu-basliyor\/","url":"https:\/\/kuzeyinsesi.org\/index.php\/2024\/08\/13\/11-halk-danslari-ve-baris-festivali-cumartesi-gunu-basliyor\/","name":"11. Halk Danslar\u0131 ve Bar\u0131\u015f Festivali cumartesi g\u00fcn\u00fc ba\u015fl\u0131yor - Kuzeyin Sesi","isPartOf":{"@id":"https:\/\/kuzeyinsesi.org\/#website"},"primaryImageOfPage":{"@id":"https:\/\/kuzeyinsesi.org\/index.php\/2024\/08\/13\/11-halk-danslari-ve-baris-festivali-cumartesi-gunu-basliyor\/#primaryimage"},"image":{"@id":"https:\/\/kuzeyinsesi.org\/index.php\/2024\/08\/13\/11-halk-danslari-ve-baris-festivali-cumartesi-gunu-basliyor\/#primaryimage"},"thumbnailUrl":"https:\/\/kuzeyinsesi.org\/wp-content\/uploads\/2024\/08\/halk-danslari-festivali.jpeg","datePublished":"2024-08-13T12:48:40+00:00","author":{"@id":"https:\/\/kuzeyinsesi.org\/#\/schema\/person\/9f859689cdf01485597712386e37f5aa"},"breadcrumb":{"@id":"https:\/\/kuzeyinsesi.org\/index.php\/2024\/08\/13\/11-halk-danslari-ve-baris-festivali-cumartesi-gunu-basliyor\/#breadcrumb"},"inLanguage":"tr","potentialAction":[{"@type":"ReadAction","target":["https:\/\/kuzeyinsesi.org\/index.php\/2024\/08\/13\/11-halk-danslari-ve-baris-festivali-cumartesi-gunu-basliyor\/"]}]},{"@type":"ImageObject","inLanguage":"tr","@id":"https:\/\/kuzeyinsesi.org\/index.php\/2024\/08\/13\/11-halk-danslari-ve-baris-festivali-cumartesi-gunu-basliyor\/#primaryimage","url":"https:\/\/kuzeyinsesi.org\/wp-content\/uploads\/2024\/08\/halk-danslari-festivali.jpeg","contentUrl":"https:\/\/kuzeyinsesi.org\/wp-content\/uploads\/2024\/08\/halk-danslari-festivali.jpeg","width":1080,"height":809},{"@type":"BreadcrumbList","@id":"https:\/\/kuzeyinsesi.org\/index.php\/2024\/08\/13\/11-halk-danslari-ve-baris-festivali-cumartesi-gunu-basliyor\/#breadcrumb","itemListElement":[{"@type":"ListItem","position":1,"name":"Anasayfa","item":"https:\/\/kuzeyinsesi.org\/"},{"@type":"ListItem","position":2,"name":"11. Halk Danslar\u0131 ve Bar\u0131\u015f Festivali cumartesi g\u00fcn\u00fc ba\u015fl\u0131yor"}]},{"@type":"WebSite","@id":"https:\/\/kuzeyinsesi.org\/#website","url":"https:\/\/kuzeyinsesi.org\/","name":"Kuzeyin Sesi","description":"Do\u011fru Haberin Adresi","potentialAction":[{"@type":"SearchAction","target":{"@type":"EntryPoint","urlTemplate":"https:\/\/kuzeyinsesi.org\/?s={search_term_string}"},"query-input":{"@type":"PropertyValueSpecification","valueRequired":true,"valueName":"search_term_string"}}],"inLanguage":"tr"},{"@type":"Person","@id":"https:\/\/kuzeyinsesi.org\/#\/schema\/person\/9f859689cdf01485597712386e37f5aa","name":"Kuzeyin Sesi","image":{"@type":"ImageObject","inLanguage":"tr","@id":"https:\/\/secure.gravatar.com\/avatar\/bab33852abfd8b282518d6ed81826833d77c3c882d9ab608add591ccace47a44?s=96&d=mm&r=g","url":"https:\/\/secure.gravatar.com\/avatar\/bab33852abfd8b282518d6ed81826833d77c3c882d9ab608add591ccace47a44?s=96&d=mm&r=g","contentUrl":"https:\/\/secure.gravatar.com\/avatar\/bab33852abfd8b282518d6ed81826833d77c3c882d9ab608add591ccace47a44?s=96&d=mm&r=g","caption":"Kuzeyin Sesi"},"sameAs":["https:\/\/kuzeyinsesi.org"],"url":"https:\/\/kuzeyinsesi.org\/index.php\/author\/guven\/"}]}},"_links":{"self":[{"href":"https:\/\/kuzeyinsesi.org\/index.php\/wp-json\/wp\/v2\/posts\/7886","targetHints":{"allow":["GET"]}}],"collection":[{"href":"https:\/\/kuzeyinsesi.org\/index.php\/wp-json\/wp\/v2\/posts"}],"about":[{"href":"https:\/\/kuzeyinsesi.org\/index.php\/wp-json\/wp\/v2\/types\/post"}],"author":[{"embeddable":true,"href":"https:\/\/kuzeyinsesi.org\/index.php\/wp-json\/wp\/v2\/users\/1"}],"replies":[{"embeddable":true,"href":"https:\/\/kuzeyinsesi.org\/index.php\/wp-json\/wp\/v2\/comments?post=7886"}],"version-history":[{"count":0,"href":"https:\/\/kuzeyinsesi.org\/index.php\/wp-json\/wp\/v2\/posts\/7886\/revisions"}],"wp:featuredmedia":[{"embeddable":true,"href":"https:\/\/kuzeyinsesi.org\/index.php\/wp-json\/wp\/v2\/media\/7887"}],"wp:attachment":[{"href":"https:\/\/kuzeyinsesi.org\/index.php\/wp-json\/wp\/v2\/media?parent=7886"}],"wp:term":[{"taxonomy":"category","embeddable":true,"href":"https:\/\/kuzeyinsesi.org\/index.php\/wp-json\/wp\/v2\/categories?post=7886"},{"taxonomy":"post_tag","embeddable":true,"href":"https:\/\/kuzeyinsesi.org\/index.php\/wp-json\/wp\/v2\/tags?post=7886"}],"curies":[{"name":"wp","href":"https:\/\/api.w.org\/{rel}","templated":true}]}}