{"id":7868,"date":"2024-08-13T13:40:39","date_gmt":"2024-08-13T10:40:39","guid":{"rendered":"https:\/\/kuzeyinsesi.org\/index.php\/2024\/08\/13\/cumhurbaskani-tatar-kibrisin-son-kartali-adli-kisa-belgesel-film-gosterisinde-konustu-kuslarin-korunup-turlerinin-devam-ettirilmesi-cok-onemli\/"},"modified":"2024-08-13T13:40:39","modified_gmt":"2024-08-13T10:40:39","slug":"cumhurbaskani-tatar-kibrisin-son-kartali-adli-kisa-belgesel-film-gosterisinde-konustu-kuslarin-korunup-turlerinin-devam-ettirilmesi-cok-onemli","status":"publish","type":"post","link":"https:\/\/kuzeyinsesi.org\/index.php\/2024\/08\/13\/cumhurbaskani-tatar-kibrisin-son-kartali-adli-kisa-belgesel-film-gosterisinde-konustu-kuslarin-korunup-turlerinin-devam-ettirilmesi-cok-onemli\/","title":{"rendered":"Cumhurba\u015fkan\u0131 Tatar, \u201cK\u0131br\u0131s\u2019\u0131n Son Kartal\u0131\u201d adl\u0131 k\u0131sa belgesel film g\u00f6sterisinde konu\u015ftu: \u201cKu\u015flar\u0131n korunup, t\u00fcrlerinin devam ettirilmesi \u00e7ok \u00f6nemli\u201d"},"content":{"rendered":"<div>\n<div class=\"mariselle-image-container center\">\n                                            <\/div>\n<p>Cumhurba\u015fkan\u0131 Ersin Tatar, Ba\u015fbakanl\u0131k Yard\u0131mc\u0131l\u0131\u011f\u0131, Turizm, K\u00fclt\u00fcr, Gen\u00e7lik ve \u00c7evre Bakanl\u0131\u011f\u0131\u2019na ba\u011fl\u0131 \u00c7evre Koruma Dairesi i\u015fbirli\u011fiyle Ku\u015flar\u0131 ve Do\u011fay\u0131 Koruma Derne\u011fi (KU\u015eKOR) taraf\u0131ndan hayata ge\u00e7irilen \u201cK\u0131br\u0131s\u2019\u0131n Son Kartal\u0131\u201d adl\u0131 k\u0131sa belgeseli izledi.<\/p>\n<p>Cumhurba\u015fkan\u0131 Ersin Tatar etkinlikte yapt\u0131\u011f\u0131 konu\u015fmada, etkinlikte bulunmaktan duydu\u011fu memnuniyeti ifade ederek, etkinli\u011fe kat\u0131l\u0131m\u0131n y\u00fcksek olmas\u0131n\u0131n \u00fclke de\u011ferlerinin korunmas\u0131 a\u00e7\u0131s\u0131ndan \u00f6nemli oldu\u011funu s\u00f6yledi.<\/p>\n<p>\u00dclkedeki ku\u015flar\u0131n korunup, ya\u015famlar\u0131na devam etmesi, \u0131rklar\u0131n\u0131n yok olmamas\u0131 ve t\u00fcrlerinin devam\u0131 i\u00e7in yap\u0131lan \u00e7al\u0131\u015fmalar\u0131n \u00f6nemine dikkat \u00e7eken Cumhurba\u015fkan\u0131 Tatar, yapt\u0131\u011f\u0131 \u00e7al\u0131\u015fmalardan dolay\u0131 \u00c7evre Bakanl\u0131\u011f\u0131, KU\u015eKOR ve ilgili di\u011fer derneklere te\u015fekk\u00fcr etti.<\/p>\n<p>D\u00fcnyadaki iklim de\u011fi\u015fiklikleri ve di\u011fer olumsuz geli\u015fmelerden dolay\u0131 canl\u0131lar\u0131n yok oldu\u011funa i\u015faret eden Cumhurba\u015fkan\u0131 Tatar, \u00fclkedeki g\u00fczellikleri koruman\u0131n b\u00fcy\u00fck bir kazan\u0131m oldu\u011funu vurgulad\u0131.<\/p>\n<\/p><\/div>\n<p><script async\n                    defer\n                    crossorigin=\"anonymous\"\n                    src=\"https:\/\/connect.facebook.net\/tr_TR\/sdk.js#xfbml=1&#038;version=v3.3\"\n            ><\/script><\/p>\n","protected":false},"excerpt":{"rendered":"<p>Cumhurba\u015fkan\u0131 Ersin Tatar, Ba\u015fbakanl\u0131k Yard\u0131mc\u0131l\u0131\u011f\u0131, Turizm, K\u00fclt\u00fcr, Gen\u00e7lik ve \u00c7evre Bakanl\u0131\u011f\u0131\u2019na ba\u011fl\u0131 \u00c7evre Koruma Dairesi i\u015fbirli\u011fiyle Ku\u015flar\u0131 ve Do\u011fay\u0131 Koruma Derne\u011fi (KU\u015eKOR) taraf\u0131ndan hayata ge\u00e7irilen \u201cK\u0131br\u0131s\u2019\u0131n Son Kartal\u0131\u201d adl\u0131 k\u0131sa belgeseli izledi. Cumhurba\u015fkan\u0131 Ersin Tatar etkinlikte yapt\u0131\u011f\u0131 konu\u015fmada, etkinlikte bulunmaktan duydu\u011fu memnuniyeti ifade ederek, etkinli\u011fe kat\u0131l\u0131m\u0131n y\u00fcksek olmas\u0131n\u0131n \u00fclke de\u011ferlerinin korunmas\u0131 a\u00e7\u0131s\u0131ndan \u00f6nemli oldu\u011funu s\u00f6yledi. [&hellip;]<\/p>\n","protected":false},"author":1,"featured_media":7869,"comment_status":"open","ping_status":"open","sticky":false,"template":"","format":"standard","meta":{"jnews-multi-image_gallery":[],"jnews_single_post":[],"jnews_primary_category":[],"jnews_social_meta":[],"jnews_override_counter":[],"footnotes":""},"categories":[6],"tags":[],"class_list":["post-7868","post","type-post","status-publish","format-standard","has-post-thumbnail","hentry","category-yasam"],"yoast_head":"<!-- This site is optimized with the Yoast SEO plugin v27.5 - https:\/\/yoast.com\/product\/yoast-seo-wordpress\/ -->\n<title>Cumhurba\u015fkan\u0131 Tatar, \u201cK\u0131br\u0131s\u2019\u0131n Son Kartal\u0131\u201d adl\u0131 k\u0131sa belgesel film g\u00f6sterisinde konu\u015ftu: \u201cKu\u015flar\u0131n korunup, t\u00fcrlerinin devam ettirilmesi \u00e7ok \u00f6nemli\u201d - Kuzeyin Sesi<\/title>\n<meta name=\"robots\" content=\"index, follow, max-snippet:-1, max-image-preview:large, max-video-preview:-1\" \/>\n<link rel=\"canonical\" href=\"https:\/\/kuzeyinsesi.org\/index.php\/2024\/08\/13\/cumhurbaskani-tatar-kibrisin-son-kartali-adli-kisa-belgesel-film-gosterisinde-konustu-kuslarin-korunup-turlerinin-devam-ettirilmesi-cok-onemli\/\" \/>\n<meta property=\"og:locale\" content=\"tr_TR\" \/>\n<meta property=\"og:type\" content=\"article\" \/>\n<meta property=\"og:title\" content=\"Cumhurba\u015fkan\u0131 Tatar, \u201cK\u0131br\u0131s\u2019\u0131n Son Kartal\u0131\u201d adl\u0131 k\u0131sa belgesel film g\u00f6sterisinde konu\u015ftu: \u201cKu\u015flar\u0131n korunup, t\u00fcrlerinin devam ettirilmesi \u00e7ok \u00f6nemli\u201d - Kuzeyin Sesi\" \/>\n<meta property=\"og:description\" content=\"Cumhurba\u015fkan\u0131 Ersin Tatar, Ba\u015fbakanl\u0131k Yard\u0131mc\u0131l\u0131\u011f\u0131, Turizm, K\u00fclt\u00fcr, Gen\u00e7lik ve \u00c7evre Bakanl\u0131\u011f\u0131\u2019na ba\u011fl\u0131 \u00c7evre Koruma Dairesi i\u015fbirli\u011fiyle Ku\u015flar\u0131 ve Do\u011fay\u0131 Koruma Derne\u011fi (KU\u015eKOR) taraf\u0131ndan hayata ge\u00e7irilen \u201cK\u0131br\u0131s\u2019\u0131n Son Kartal\u0131\u201d adl\u0131 k\u0131sa belgeseli izledi. Cumhurba\u015fkan\u0131 Ersin Tatar etkinlikte yapt\u0131\u011f\u0131 konu\u015fmada, etkinlikte bulunmaktan duydu\u011fu memnuniyeti ifade ederek, etkinli\u011fe kat\u0131l\u0131m\u0131n y\u00fcksek olmas\u0131n\u0131n \u00fclke de\u011ferlerinin korunmas\u0131 a\u00e7\u0131s\u0131ndan \u00f6nemli oldu\u011funu s\u00f6yledi. [&hellip;]\" \/>\n<meta property=\"og:url\" content=\"https:\/\/kuzeyinsesi.org\/index.php\/2024\/08\/13\/cumhurbaskani-tatar-kibrisin-son-kartali-adli-kisa-belgesel-film-gosterisinde-konustu-kuslarin-korunup-turlerinin-devam-ettirilmesi-cok-onemli\/\" \/>\n<meta property=\"og:site_name\" content=\"Kuzeyin Sesi\" \/>\n<meta property=\"article:publisher\" content=\"https:\/\/www.facebook.com\/kuzeyinsesii\" \/>\n<meta property=\"article:published_time\" content=\"2024-08-13T10:40:39+00:00\" \/>\n<meta property=\"og:image\" content=\"https:\/\/brtk.net\/wp-content\/uploads\/2024\/08\/13\/Screenshot_20240813_124929_X.jpg?ver=1e462fba8ef86de94e04e0647b47d30f\" \/>\n<meta name=\"author\" content=\"Kuzeyin Sesi\" \/>\n<meta name=\"twitter:card\" content=\"summary_large_image\" \/>\n<meta name=\"twitter:creator\" content=\"@kuzeyinsesii\" \/>\n<meta name=\"twitter:site\" content=\"@kuzeyinsesii\" \/>\n<meta name=\"twitter:label1\" content=\"Yazan:\" \/>\n\t<meta name=\"twitter:data1\" content=\"Kuzeyin Sesi\" \/>\n\t<meta name=\"twitter:label2\" content=\"Tahmini okuma s\u00fcresi\" \/>\n\t<meta name=\"twitter:data2\" content=\"1 dakika\" \/>\n<script type=\"application\/ld+json\" class=\"yoast-schema-graph\">{\"@context\":\"https:\\\/\\\/schema.org\",\"@graph\":[{\"@type\":\"Article\",\"@id\":\"https:\\\/\\\/kuzeyinsesi.org\\\/index.php\\\/2024\\\/08\\\/13\\\/cumhurbaskani-tatar-kibrisin-son-kartali-adli-kisa-belgesel-film-gosterisinde-konustu-kuslarin-korunup-turlerinin-devam-ettirilmesi-cok-onemli\\\/#article\",\"isPartOf\":{\"@id\":\"https:\\\/\\\/kuzeyinsesi.org\\\/index.php\\\/2024\\\/08\\\/13\\\/cumhurbaskani-tatar-kibrisin-son-kartali-adli-kisa-belgesel-film-gosterisinde-konustu-kuslarin-korunup-turlerinin-devam-ettirilmesi-cok-onemli\\\/\"},\"author\":{\"name\":\"Kuzeyin Sesi\",\"@id\":\"https:\\\/\\\/kuzeyinsesi.org\\\/#\\\/schema\\\/person\\\/9f859689cdf01485597712386e37f5aa\"},\"headline\":\"Cumhurba\u015fkan\u0131 Tatar, \u201cK\u0131br\u0131s\u2019\u0131n Son Kartal\u0131\u201d adl\u0131 k\u0131sa belgesel film g\u00f6sterisinde konu\u015ftu: \u201cKu\u015flar\u0131n korunup, t\u00fcrlerinin devam ettirilmesi \u00e7ok \u00f6nemli\u201d\",\"datePublished\":\"2024-08-13T10:40:39+00:00\",\"mainEntityOfPage\":{\"@id\":\"https:\\\/\\\/kuzeyinsesi.org\\\/index.php\\\/2024\\\/08\\\/13\\\/cumhurbaskani-tatar-kibrisin-son-kartali-adli-kisa-belgesel-film-gosterisinde-konustu-kuslarin-korunup-turlerinin-devam-ettirilmesi-cok-onemli\\\/\"},\"wordCount\":208,\"commentCount\":0,\"image\":{\"@id\":\"https:\\\/\\\/kuzeyinsesi.org\\\/index.php\\\/2024\\\/08\\\/13\\\/cumhurbaskani-tatar-kibrisin-son-kartali-adli-kisa-belgesel-film-gosterisinde-konustu-kuslarin-korunup-turlerinin-devam-ettirilmesi-cok-onemli\\\/#primaryimage\"},\"thumbnailUrl\":\"https:\\\/\\\/kuzeyinsesi.org\\\/wp-content\\\/uploads\\\/2024\\\/08\\\/Screenshot_20240813_124929_X.jpg\",\"articleSection\":[\"Ya\u015fam\"],\"inLanguage\":\"tr\",\"potentialAction\":[{\"@type\":\"CommentAction\",\"name\":\"Comment\",\"target\":[\"https:\\\/\\\/kuzeyinsesi.org\\\/index.php\\\/2024\\\/08\\\/13\\\/cumhurbaskani-tatar-kibrisin-son-kartali-adli-kisa-belgesel-film-gosterisinde-konustu-kuslarin-korunup-turlerinin-devam-ettirilmesi-cok-onemli\\\/#respond\"]}]},{\"@type\":\"WebPage\",\"@id\":\"https:\\\/\\\/kuzeyinsesi.org\\\/index.php\\\/2024\\\/08\\\/13\\\/cumhurbaskani-tatar-kibrisin-son-kartali-adli-kisa-belgesel-film-gosterisinde-konustu-kuslarin-korunup-turlerinin-devam-ettirilmesi-cok-onemli\\\/\",\"url\":\"https:\\\/\\\/kuzeyinsesi.org\\\/index.php\\\/2024\\\/08\\\/13\\\/cumhurbaskani-tatar-kibrisin-son-kartali-adli-kisa-belgesel-film-gosterisinde-konustu-kuslarin-korunup-turlerinin-devam-ettirilmesi-cok-onemli\\\/\",\"name\":\"Cumhurba\u015fkan\u0131 Tatar, \u201cK\u0131br\u0131s\u2019\u0131n Son Kartal\u0131\u201d adl\u0131 k\u0131sa belgesel film g\u00f6sterisinde konu\u015ftu: \u201cKu\u015flar\u0131n korunup, t\u00fcrlerinin devam ettirilmesi \u00e7ok \u00f6nemli\u201d - Kuzeyin Sesi\",\"isPartOf\":{\"@id\":\"https:\\\/\\\/kuzeyinsesi.org\\\/#website\"},\"primaryImageOfPage\":{\"@id\":\"https:\\\/\\\/kuzeyinsesi.org\\\/index.php\\\/2024\\\/08\\\/13\\\/cumhurbaskani-tatar-kibrisin-son-kartali-adli-kisa-belgesel-film-gosterisinde-konustu-kuslarin-korunup-turlerinin-devam-ettirilmesi-cok-onemli\\\/#primaryimage\"},\"image\":{\"@id\":\"https:\\\/\\\/kuzeyinsesi.org\\\/index.php\\\/2024\\\/08\\\/13\\\/cumhurbaskani-tatar-kibrisin-son-kartali-adli-kisa-belgesel-film-gosterisinde-konustu-kuslarin-korunup-turlerinin-devam-ettirilmesi-cok-onemli\\\/#primaryimage\"},\"thumbnailUrl\":\"https:\\\/\\\/kuzeyinsesi.org\\\/wp-content\\\/uploads\\\/2024\\\/08\\\/Screenshot_20240813_124929_X.jpg\",\"datePublished\":\"2024-08-13T10:40:39+00:00\",\"author\":{\"@id\":\"https:\\\/\\\/kuzeyinsesi.org\\\/#\\\/schema\\\/person\\\/9f859689cdf01485597712386e37f5aa\"},\"breadcrumb\":{\"@id\":\"https:\\\/\\\/kuzeyinsesi.org\\\/index.php\\\/2024\\\/08\\\/13\\\/cumhurbaskani-tatar-kibrisin-son-kartali-adli-kisa-belgesel-film-gosterisinde-konustu-kuslarin-korunup-turlerinin-devam-ettirilmesi-cok-onemli\\\/#breadcrumb\"},\"inLanguage\":\"tr\",\"potentialAction\":[{\"@type\":\"ReadAction\",\"target\":[\"https:\\\/\\\/kuzeyinsesi.org\\\/index.php\\\/2024\\\/08\\\/13\\\/cumhurbaskani-tatar-kibrisin-son-kartali-adli-kisa-belgesel-film-gosterisinde-konustu-kuslarin-korunup-turlerinin-devam-ettirilmesi-cok-onemli\\\/\"]}]},{\"@type\":\"ImageObject\",\"inLanguage\":\"tr\",\"@id\":\"https:\\\/\\\/kuzeyinsesi.org\\\/index.php\\\/2024\\\/08\\\/13\\\/cumhurbaskani-tatar-kibrisin-son-kartali-adli-kisa-belgesel-film-gosterisinde-konustu-kuslarin-korunup-turlerinin-devam-ettirilmesi-cok-onemli\\\/#primaryimage\",\"url\":\"https:\\\/\\\/kuzeyinsesi.org\\\/wp-content\\\/uploads\\\/2024\\\/08\\\/Screenshot_20240813_124929_X.jpg\",\"contentUrl\":\"https:\\\/\\\/kuzeyinsesi.org\\\/wp-content\\\/uploads\\\/2024\\\/08\\\/Screenshot_20240813_124929_X.jpg\",\"width\":1080,\"height\":562},{\"@type\":\"BreadcrumbList\",\"@id\":\"https:\\\/\\\/kuzeyinsesi.org\\\/index.php\\\/2024\\\/08\\\/13\\\/cumhurbaskani-tatar-kibrisin-son-kartali-adli-kisa-belgesel-film-gosterisinde-konustu-kuslarin-korunup-turlerinin-devam-ettirilmesi-cok-onemli\\\/#breadcrumb\",\"itemListElement\":[{\"@type\":\"ListItem\",\"position\":1,\"name\":\"Anasayfa\",\"item\":\"https:\\\/\\\/kuzeyinsesi.org\\\/\"},{\"@type\":\"ListItem\",\"position\":2,\"name\":\"Cumhurba\u015fkan\u0131 Tatar, \u201cK\u0131br\u0131s\u2019\u0131n Son Kartal\u0131\u201d adl\u0131 k\u0131sa belgesel film g\u00f6sterisinde konu\u015ftu: \u201cKu\u015flar\u0131n korunup, t\u00fcrlerinin devam ettirilmesi \u00e7ok \u00f6nemli\u201d\"}]},{\"@type\":\"WebSite\",\"@id\":\"https:\\\/\\\/kuzeyinsesi.org\\\/#website\",\"url\":\"https:\\\/\\\/kuzeyinsesi.org\\\/\",\"name\":\"Kuzeyin Sesi\",\"description\":\"Do\u011fru Haberin Adresi\",\"potentialAction\":[{\"@type\":\"SearchAction\",\"target\":{\"@type\":\"EntryPoint\",\"urlTemplate\":\"https:\\\/\\\/kuzeyinsesi.org\\\/?s={search_term_string}\"},\"query-input\":{\"@type\":\"PropertyValueSpecification\",\"valueRequired\":true,\"valueName\":\"search_term_string\"}}],\"inLanguage\":\"tr\"},{\"@type\":\"Person\",\"@id\":\"https:\\\/\\\/kuzeyinsesi.org\\\/#\\\/schema\\\/person\\\/9f859689cdf01485597712386e37f5aa\",\"name\":\"Kuzeyin Sesi\",\"image\":{\"@type\":\"ImageObject\",\"inLanguage\":\"tr\",\"@id\":\"https:\\\/\\\/secure.gravatar.com\\\/avatar\\\/bab33852abfd8b282518d6ed81826833d77c3c882d9ab608add591ccace47a44?s=96&d=mm&r=g\",\"url\":\"https:\\\/\\\/secure.gravatar.com\\\/avatar\\\/bab33852abfd8b282518d6ed81826833d77c3c882d9ab608add591ccace47a44?s=96&d=mm&r=g\",\"contentUrl\":\"https:\\\/\\\/secure.gravatar.com\\\/avatar\\\/bab33852abfd8b282518d6ed81826833d77c3c882d9ab608add591ccace47a44?s=96&d=mm&r=g\",\"caption\":\"Kuzeyin Sesi\"},\"sameAs\":[\"https:\\\/\\\/kuzeyinsesi.org\"],\"url\":\"https:\\\/\\\/kuzeyinsesi.org\\\/index.php\\\/author\\\/guven\\\/\"}]}<\/script>\n<!-- \/ Yoast SEO plugin. -->","yoast_head_json":{"title":"Cumhurba\u015fkan\u0131 Tatar, \u201cK\u0131br\u0131s\u2019\u0131n Son Kartal\u0131\u201d adl\u0131 k\u0131sa belgesel film g\u00f6sterisinde konu\u015ftu: \u201cKu\u015flar\u0131n korunup, t\u00fcrlerinin devam ettirilmesi \u00e7ok \u00f6nemli\u201d - Kuzeyin Sesi","robots":{"index":"index","follow":"follow","max-snippet":"max-snippet:-1","max-image-preview":"max-image-preview:large","max-video-preview":"max-video-preview:-1"},"canonical":"https:\/\/kuzeyinsesi.org\/index.php\/2024\/08\/13\/cumhurbaskani-tatar-kibrisin-son-kartali-adli-kisa-belgesel-film-gosterisinde-konustu-kuslarin-korunup-turlerinin-devam-ettirilmesi-cok-onemli\/","og_locale":"tr_TR","og_type":"article","og_title":"Cumhurba\u015fkan\u0131 Tatar, \u201cK\u0131br\u0131s\u2019\u0131n Son Kartal\u0131\u201d adl\u0131 k\u0131sa belgesel film g\u00f6sterisinde konu\u015ftu: \u201cKu\u015flar\u0131n korunup, t\u00fcrlerinin devam ettirilmesi \u00e7ok \u00f6nemli\u201d - Kuzeyin Sesi","og_description":"Cumhurba\u015fkan\u0131 Ersin Tatar, Ba\u015fbakanl\u0131k Yard\u0131mc\u0131l\u0131\u011f\u0131, Turizm, K\u00fclt\u00fcr, Gen\u00e7lik ve \u00c7evre Bakanl\u0131\u011f\u0131\u2019na ba\u011fl\u0131 \u00c7evre Koruma Dairesi i\u015fbirli\u011fiyle Ku\u015flar\u0131 ve Do\u011fay\u0131 Koruma Derne\u011fi (KU\u015eKOR) taraf\u0131ndan hayata ge\u00e7irilen \u201cK\u0131br\u0131s\u2019\u0131n Son Kartal\u0131\u201d adl\u0131 k\u0131sa belgeseli izledi. Cumhurba\u015fkan\u0131 Ersin Tatar etkinlikte yapt\u0131\u011f\u0131 konu\u015fmada, etkinlikte bulunmaktan duydu\u011fu memnuniyeti ifade ederek, etkinli\u011fe kat\u0131l\u0131m\u0131n y\u00fcksek olmas\u0131n\u0131n \u00fclke de\u011ferlerinin korunmas\u0131 a\u00e7\u0131s\u0131ndan \u00f6nemli oldu\u011funu s\u00f6yledi. [&hellip;]","og_url":"https:\/\/kuzeyinsesi.org\/index.php\/2024\/08\/13\/cumhurbaskani-tatar-kibrisin-son-kartali-adli-kisa-belgesel-film-gosterisinde-konustu-kuslarin-korunup-turlerinin-devam-ettirilmesi-cok-onemli\/","og_site_name":"Kuzeyin Sesi","article_publisher":"https:\/\/www.facebook.com\/kuzeyinsesii","article_published_time":"2024-08-13T10:40:39+00:00","og_image":[{"url":"https:\/\/brtk.net\/wp-content\/uploads\/2024\/08\/13\/Screenshot_20240813_124929_X.jpg?ver=1e462fba8ef86de94e04e0647b47d30f","type":"","width":"","height":""}],"author":"Kuzeyin Sesi","twitter_card":"summary_large_image","twitter_creator":"@kuzeyinsesii","twitter_site":"@kuzeyinsesii","twitter_misc":{"Yazan:":"Kuzeyin Sesi","Tahmini okuma s\u00fcresi":"1 dakika"},"schema":{"@context":"https:\/\/schema.org","@graph":[{"@type":"Article","@id":"https:\/\/kuzeyinsesi.org\/index.php\/2024\/08\/13\/cumhurbaskani-tatar-kibrisin-son-kartali-adli-kisa-belgesel-film-gosterisinde-konustu-kuslarin-korunup-turlerinin-devam-ettirilmesi-cok-onemli\/#article","isPartOf":{"@id":"https:\/\/kuzeyinsesi.org\/index.php\/2024\/08\/13\/cumhurbaskani-tatar-kibrisin-son-kartali-adli-kisa-belgesel-film-gosterisinde-konustu-kuslarin-korunup-turlerinin-devam-ettirilmesi-cok-onemli\/"},"author":{"name":"Kuzeyin Sesi","@id":"https:\/\/kuzeyinsesi.org\/#\/schema\/person\/9f859689cdf01485597712386e37f5aa"},"headline":"Cumhurba\u015fkan\u0131 Tatar, \u201cK\u0131br\u0131s\u2019\u0131n Son Kartal\u0131\u201d adl\u0131 k\u0131sa belgesel film g\u00f6sterisinde konu\u015ftu: \u201cKu\u015flar\u0131n korunup, t\u00fcrlerinin devam ettirilmesi \u00e7ok \u00f6nemli\u201d","datePublished":"2024-08-13T10:40:39+00:00","mainEntityOfPage":{"@id":"https:\/\/kuzeyinsesi.org\/index.php\/2024\/08\/13\/cumhurbaskani-tatar-kibrisin-son-kartali-adli-kisa-belgesel-film-gosterisinde-konustu-kuslarin-korunup-turlerinin-devam-ettirilmesi-cok-onemli\/"},"wordCount":208,"commentCount":0,"image":{"@id":"https:\/\/kuzeyinsesi.org\/index.php\/2024\/08\/13\/cumhurbaskani-tatar-kibrisin-son-kartali-adli-kisa-belgesel-film-gosterisinde-konustu-kuslarin-korunup-turlerinin-devam-ettirilmesi-cok-onemli\/#primaryimage"},"thumbnailUrl":"https:\/\/kuzeyinsesi.org\/wp-content\/uploads\/2024\/08\/Screenshot_20240813_124929_X.jpg","articleSection":["Ya\u015fam"],"inLanguage":"tr","potentialAction":[{"@type":"CommentAction","name":"Comment","target":["https:\/\/kuzeyinsesi.org\/index.php\/2024\/08\/13\/cumhurbaskani-tatar-kibrisin-son-kartali-adli-kisa-belgesel-film-gosterisinde-konustu-kuslarin-korunup-turlerinin-devam-ettirilmesi-cok-onemli\/#respond"]}]},{"@type":"WebPage","@id":"https:\/\/kuzeyinsesi.org\/index.php\/2024\/08\/13\/cumhurbaskani-tatar-kibrisin-son-kartali-adli-kisa-belgesel-film-gosterisinde-konustu-kuslarin-korunup-turlerinin-devam-ettirilmesi-cok-onemli\/","url":"https:\/\/kuzeyinsesi.org\/index.php\/2024\/08\/13\/cumhurbaskani-tatar-kibrisin-son-kartali-adli-kisa-belgesel-film-gosterisinde-konustu-kuslarin-korunup-turlerinin-devam-ettirilmesi-cok-onemli\/","name":"Cumhurba\u015fkan\u0131 Tatar, \u201cK\u0131br\u0131s\u2019\u0131n Son Kartal\u0131\u201d adl\u0131 k\u0131sa belgesel film g\u00f6sterisinde konu\u015ftu: \u201cKu\u015flar\u0131n korunup, t\u00fcrlerinin devam ettirilmesi \u00e7ok \u00f6nemli\u201d - Kuzeyin Sesi","isPartOf":{"@id":"https:\/\/kuzeyinsesi.org\/#website"},"primaryImageOfPage":{"@id":"https:\/\/kuzeyinsesi.org\/index.php\/2024\/08\/13\/cumhurbaskani-tatar-kibrisin-son-kartali-adli-kisa-belgesel-film-gosterisinde-konustu-kuslarin-korunup-turlerinin-devam-ettirilmesi-cok-onemli\/#primaryimage"},"image":{"@id":"https:\/\/kuzeyinsesi.org\/index.php\/2024\/08\/13\/cumhurbaskani-tatar-kibrisin-son-kartali-adli-kisa-belgesel-film-gosterisinde-konustu-kuslarin-korunup-turlerinin-devam-ettirilmesi-cok-onemli\/#primaryimage"},"thumbnailUrl":"https:\/\/kuzeyinsesi.org\/wp-content\/uploads\/2024\/08\/Screenshot_20240813_124929_X.jpg","datePublished":"2024-08-13T10:40:39+00:00","author":{"@id":"https:\/\/kuzeyinsesi.org\/#\/schema\/person\/9f859689cdf01485597712386e37f5aa"},"breadcrumb":{"@id":"https:\/\/kuzeyinsesi.org\/index.php\/2024\/08\/13\/cumhurbaskani-tatar-kibrisin-son-kartali-adli-kisa-belgesel-film-gosterisinde-konustu-kuslarin-korunup-turlerinin-devam-ettirilmesi-cok-onemli\/#breadcrumb"},"inLanguage":"tr","potentialAction":[{"@type":"ReadAction","target":["https:\/\/kuzeyinsesi.org\/index.php\/2024\/08\/13\/cumhurbaskani-tatar-kibrisin-son-kartali-adli-kisa-belgesel-film-gosterisinde-konustu-kuslarin-korunup-turlerinin-devam-ettirilmesi-cok-onemli\/"]}]},{"@type":"ImageObject","inLanguage":"tr","@id":"https:\/\/kuzeyinsesi.org\/index.php\/2024\/08\/13\/cumhurbaskani-tatar-kibrisin-son-kartali-adli-kisa-belgesel-film-gosterisinde-konustu-kuslarin-korunup-turlerinin-devam-ettirilmesi-cok-onemli\/#primaryimage","url":"https:\/\/kuzeyinsesi.org\/wp-content\/uploads\/2024\/08\/Screenshot_20240813_124929_X.jpg","contentUrl":"https:\/\/kuzeyinsesi.org\/wp-content\/uploads\/2024\/08\/Screenshot_20240813_124929_X.jpg","width":1080,"height":562},{"@type":"BreadcrumbList","@id":"https:\/\/kuzeyinsesi.org\/index.php\/2024\/08\/13\/cumhurbaskani-tatar-kibrisin-son-kartali-adli-kisa-belgesel-film-gosterisinde-konustu-kuslarin-korunup-turlerinin-devam-ettirilmesi-cok-onemli\/#breadcrumb","itemListElement":[{"@type":"ListItem","position":1,"name":"Anasayfa","item":"https:\/\/kuzeyinsesi.org\/"},{"@type":"ListItem","position":2,"name":"Cumhurba\u015fkan\u0131 Tatar, \u201cK\u0131br\u0131s\u2019\u0131n Son Kartal\u0131\u201d adl\u0131 k\u0131sa belgesel film g\u00f6sterisinde konu\u015ftu: \u201cKu\u015flar\u0131n korunup, t\u00fcrlerinin devam ettirilmesi \u00e7ok \u00f6nemli\u201d"}]},{"@type":"WebSite","@id":"https:\/\/kuzeyinsesi.org\/#website","url":"https:\/\/kuzeyinsesi.org\/","name":"Kuzeyin Sesi","description":"Do\u011fru Haberin Adresi","potentialAction":[{"@type":"SearchAction","target":{"@type":"EntryPoint","urlTemplate":"https:\/\/kuzeyinsesi.org\/?s={search_term_string}"},"query-input":{"@type":"PropertyValueSpecification","valueRequired":true,"valueName":"search_term_string"}}],"inLanguage":"tr"},{"@type":"Person","@id":"https:\/\/kuzeyinsesi.org\/#\/schema\/person\/9f859689cdf01485597712386e37f5aa","name":"Kuzeyin Sesi","image":{"@type":"ImageObject","inLanguage":"tr","@id":"https:\/\/secure.gravatar.com\/avatar\/bab33852abfd8b282518d6ed81826833d77c3c882d9ab608add591ccace47a44?s=96&d=mm&r=g","url":"https:\/\/secure.gravatar.com\/avatar\/bab33852abfd8b282518d6ed81826833d77c3c882d9ab608add591ccace47a44?s=96&d=mm&r=g","contentUrl":"https:\/\/secure.gravatar.com\/avatar\/bab33852abfd8b282518d6ed81826833d77c3c882d9ab608add591ccace47a44?s=96&d=mm&r=g","caption":"Kuzeyin Sesi"},"sameAs":["https:\/\/kuzeyinsesi.org"],"url":"https:\/\/kuzeyinsesi.org\/index.php\/author\/guven\/"}]}},"_links":{"self":[{"href":"https:\/\/kuzeyinsesi.org\/index.php\/wp-json\/wp\/v2\/posts\/7868","targetHints":{"allow":["GET"]}}],"collection":[{"href":"https:\/\/kuzeyinsesi.org\/index.php\/wp-json\/wp\/v2\/posts"}],"about":[{"href":"https:\/\/kuzeyinsesi.org\/index.php\/wp-json\/wp\/v2\/types\/post"}],"author":[{"embeddable":true,"href":"https:\/\/kuzeyinsesi.org\/index.php\/wp-json\/wp\/v2\/users\/1"}],"replies":[{"embeddable":true,"href":"https:\/\/kuzeyinsesi.org\/index.php\/wp-json\/wp\/v2\/comments?post=7868"}],"version-history":[{"count":0,"href":"https:\/\/kuzeyinsesi.org\/index.php\/wp-json\/wp\/v2\/posts\/7868\/revisions"}],"wp:featuredmedia":[{"embeddable":true,"href":"https:\/\/kuzeyinsesi.org\/index.php\/wp-json\/wp\/v2\/media\/7869"}],"wp:attachment":[{"href":"https:\/\/kuzeyinsesi.org\/index.php\/wp-json\/wp\/v2\/media?parent=7868"}],"wp:term":[{"taxonomy":"category","embeddable":true,"href":"https:\/\/kuzeyinsesi.org\/index.php\/wp-json\/wp\/v2\/categories?post=7868"},{"taxonomy":"post_tag","embeddable":true,"href":"https:\/\/kuzeyinsesi.org\/index.php\/wp-json\/wp\/v2\/tags?post=7868"}],"curies":[{"name":"wp","href":"https:\/\/api.w.org\/{rel}","templated":true}]}}