{"id":785,"date":"2024-04-28T14:39:27","date_gmt":"2024-04-28T11:39:27","guid":{"rendered":"https:\/\/kuzeyinsesi.com\/index.php\/2024\/04\/28\/biyolojik-mucadele-amaci-ile-parazitoit-bocek-salinimina-baslandi\/"},"modified":"2024-04-28T14:39:27","modified_gmt":"2024-04-28T11:39:27","slug":"biyolojik-mucadele-amaci-ile-parazitoit-bocek-salinimina-baslandi","status":"publish","type":"post","link":"https:\/\/kuzeyinsesi.org\/index.php\/2024\/04\/28\/biyolojik-mucadele-amaci-ile-parazitoit-bocek-salinimina-baslandi\/","title":{"rendered":"Biyolojik m\u00fccadele amac\u0131 ile parazitoit b\u00f6cek sal\u0131n\u0131m\u0131na ba\u015fland\u0131"},"content":{"rendered":"<div>\n<div class=\"mariselle-image-container none\">\n                                            <\/div>\n<p>Tar\u0131m ve Do\u011fal Kaynaklar Bakanl\u0131\u011f\u0131 ile T\u00fcrkiye Cumhuriyeti Tar\u0131m ve Orman Bakanl\u0131\u011f\u0131 Tar\u0131msal Ara\u015ft\u0131rmalar ve Politikalar Genel M\u00fcd\u00fcrl\u00fc\u011f\u00fc (TAGEM) Adana Biyolojik M\u00fccadele Enstit\u00fcs\u00fc \u00f6nc\u00fcl\u00fc\u011f\u00fcnde biyolojik m\u00fccadele amac\u0131 ile parazitoit b\u00f6cek sal\u0131n\u0131m\u0131na ba\u015fland\u0131.<\/p>\n<p>Bakanl\u0131ktan verilen bilgiye g\u00f6re, \u00fclkede varl\u0131\u011f\u0131 tespit edilir edilmez, Tar\u0131m ve Do\u011fal Kaynaklar Bakanl\u0131\u011f\u0131\u2019na ba\u011fl\u0131, Tar\u0131m Dairesi ve Tar\u0131msal Ara\u015ft\u0131rma Enstit\u00fcs\u00fc, b\u00f6lgelerde bulunan narenciye bitkilerinde s\u00fcrekli olarak say\u0131mlar yap\u0131p, b\u00f6cek yay\u0131l\u0131\u015f\u0131n\u0131 ve pop\u00fclasyonunu takip ederek, gerekli y\u00f6ntemleri belirledi ve \u00e7al\u0131\u015fmalara \u00c7ukurova \u00dcniversitesi\u2019nde g\u00f6revli Prof. Dr. Serdar Satar \u00f6nc\u00fcl\u00fc\u011f\u00fcnde ba\u015flad\u0131.<\/p>\n<p>Bu ama\u00e7la, ilk etapta T\u00fcrkmenk\u00f6y Ara\u015ft\u0131rma \u0130stasyonu\u2019nda, 1500 metre karelik seralar olu\u015fturulup, konuk\u00e7u bitkiler yeti\u015ftirilerek, do\u011fadan zararl\u0131 (Diclorides citri), Asya turun\u00e7gil pisilidleri toplanarak \u00f6rt\u00fc alt\u0131ndaki bitkilere sal\u0131nd\u0131.<\/p>\n<p>Bu \u00e7al\u0131\u015fmalar, Amerika\u2019dan getirilen do\u011fal d\u00fc\u015fman tamarixia radiata isimli, parazitoit b\u00f6ceklerin \u00e7o\u011falt\u0131lmas\u0131 ama\u00e7lanarak planland\u0131.<\/p>\n<p>Tar\u0131m ve Do\u011fal Kaynaklar Bakan\u0131 H\u00fcseyin \u00c7avu\u015f\u2019un kat\u0131l\u0131m\u0131yla, bug\u00fcn ilk etapta 7000 parazitoit, \u00fclke genelinde daha \u00f6nce belirlenen Gazima\u011fusa, Lefko\u015fa, G\u00fczelyurt ve Mesarya b\u00f6lgesindeki 25 narenciye alanlar\u0131na sal\u0131nd\u0131.<\/p>\n<p>\u00a0 T\u00fcrkmenk\u00f6y Ara\u015ft\u0131rma \u0130stasyonu\u2019nda olu\u015fturulan \u00f6rt\u00fc alt\u0131nda, parazitoit b\u00f6cek \u00e7o\u011faltmak ve\u00a0 sistemin devaml\u0131l\u0131\u011f\u0131n\u0131 sa\u011flamak \u00fczere 500 b\u00f6ce\u011fin\u00a0 sal\u0131n\u0131mlar\u0131 yap\u0131ld\u0131.<\/p>\n<p>Sene boyunca 100 bin\u00a0 parazitoid do\u011fal d\u00fc\u015fman b\u00f6cek \u00fcretip, do\u011faya salarak, karantina zararl\u0131s\u0131 ve narenciyede \u00f6nemli bir hastal\u0131k etkeni olan,turun\u00e7gil ye\u015fillenme hastal\u0131\u011f\u0131 ta\u015f\u0131ma riski bulunan zararl\u0131y\u0131, do\u011fal y\u00f6ntemler ile bask\u0131lay\u0131p kontrol alt\u0131na almak hedefleniyor.<\/p>\n<\/p><\/div>\n<p><script async\n                    defer\n                    crossorigin=\"anonymous\"\n                    src=\"https:\/\/connect.facebook.net\/tr_TR\/sdk.js#xfbml=1&#038;version=v3.3\"\n            ><\/script><\/p>\n","protected":false},"excerpt":{"rendered":"<p>Tar\u0131m ve Do\u011fal Kaynaklar Bakanl\u0131\u011f\u0131 ile T\u00fcrkiye Cumhuriyeti Tar\u0131m ve Orman Bakanl\u0131\u011f\u0131 Tar\u0131msal Ara\u015ft\u0131rmalar ve Politikalar Genel M\u00fcd\u00fcrl\u00fc\u011f\u00fc (TAGEM) Adana Biyolojik M\u00fccadele Enstit\u00fcs\u00fc \u00f6nc\u00fcl\u00fc\u011f\u00fcnde biyolojik m\u00fccadele amac\u0131 ile parazitoit b\u00f6cek sal\u0131n\u0131m\u0131na ba\u015fland\u0131. Bakanl\u0131ktan verilen bilgiye g\u00f6re, \u00fclkede varl\u0131\u011f\u0131 tespit edilir edilmez, Tar\u0131m ve Do\u011fal Kaynaklar Bakanl\u0131\u011f\u0131\u2019na ba\u011fl\u0131, Tar\u0131m Dairesi ve Tar\u0131msal Ara\u015ft\u0131rma Enstit\u00fcs\u00fc, b\u00f6lgelerde bulunan [&hellip;]<\/p>\n","protected":false},"author":1,"featured_media":786,"comment_status":"open","ping_status":"open","sticky":false,"template":"","format":"standard","meta":{"jnews-multi-image_gallery":[],"jnews_single_post":[],"jnews_primary_category":[],"jnews_social_meta":[],"jnews_override_counter":[],"footnotes":""},"categories":[1],"tags":[],"class_list":["post-785","post","type-post","status-publish","format-standard","has-post-thumbnail","hentry","category-kibris"],"yoast_head":"<!-- This site is optimized with the Yoast SEO plugin v27.4 - https:\/\/yoast.com\/product\/yoast-seo-wordpress\/ -->\n<title>Biyolojik m\u00fccadele amac\u0131 ile parazitoit b\u00f6cek sal\u0131n\u0131m\u0131na ba\u015fland\u0131 - Kuzeyin Sesi<\/title>\n<meta name=\"robots\" content=\"index, follow, max-snippet:-1, max-image-preview:large, max-video-preview:-1\" \/>\n<link rel=\"canonical\" href=\"https:\/\/kuzeyinsesi.org\/index.php\/2024\/04\/28\/biyolojik-mucadele-amaci-ile-parazitoit-bocek-salinimina-baslandi\/\" \/>\n<meta property=\"og:locale\" content=\"tr_TR\" \/>\n<meta property=\"og:type\" content=\"article\" \/>\n<meta property=\"og:title\" content=\"Biyolojik m\u00fccadele amac\u0131 ile parazitoit b\u00f6cek sal\u0131n\u0131m\u0131na ba\u015fland\u0131 - Kuzeyin Sesi\" \/>\n<meta property=\"og:description\" content=\"Tar\u0131m ve Do\u011fal Kaynaklar Bakanl\u0131\u011f\u0131 ile T\u00fcrkiye Cumhuriyeti Tar\u0131m ve Orman Bakanl\u0131\u011f\u0131 Tar\u0131msal Ara\u015ft\u0131rmalar ve Politikalar Genel M\u00fcd\u00fcrl\u00fc\u011f\u00fc (TAGEM) Adana Biyolojik M\u00fccadele Enstit\u00fcs\u00fc \u00f6nc\u00fcl\u00fc\u011f\u00fcnde biyolojik m\u00fccadele amac\u0131 ile parazitoit b\u00f6cek sal\u0131n\u0131m\u0131na ba\u015fland\u0131. Bakanl\u0131ktan verilen bilgiye g\u00f6re, \u00fclkede varl\u0131\u011f\u0131 tespit edilir edilmez, Tar\u0131m ve Do\u011fal Kaynaklar Bakanl\u0131\u011f\u0131\u2019na ba\u011fl\u0131, Tar\u0131m Dairesi ve Tar\u0131msal Ara\u015ft\u0131rma Enstit\u00fcs\u00fc, b\u00f6lgelerde bulunan [&hellip;]\" \/>\n<meta property=\"og:url\" content=\"https:\/\/kuzeyinsesi.org\/index.php\/2024\/04\/28\/biyolojik-mucadele-amaci-ile-parazitoit-bocek-salinimina-baslandi\/\" \/>\n<meta property=\"og:site_name\" content=\"Kuzeyin Sesi\" \/>\n<meta property=\"article:publisher\" content=\"https:\/\/www.facebook.com\/kuzeyinsesii\" \/>\n<meta property=\"article:published_time\" content=\"2024-04-28T11:39:27+00:00\" \/>\n<meta property=\"og:image\" content=\"https:\/\/kuzeyinsesi.org\/wp-content\/uploads\/2024\/04\/e-tarim-bakanligi-3-.jpeg\" \/>\n\t<meta property=\"og:image:width\" content=\"1600\" \/>\n\t<meta property=\"og:image:height\" content=\"720\" \/>\n\t<meta property=\"og:image:type\" content=\"image\/jpeg\" \/>\n<meta name=\"author\" content=\"Kuzeyin Sesi\" \/>\n<meta name=\"twitter:card\" content=\"summary_large_image\" \/>\n<meta name=\"twitter:creator\" content=\"@kuzeyinsesii\" \/>\n<meta name=\"twitter:site\" content=\"@kuzeyinsesii\" \/>\n<meta name=\"twitter:label1\" content=\"Yazan:\" \/>\n\t<meta name=\"twitter:data1\" content=\"Kuzeyin Sesi\" \/>\n\t<meta name=\"twitter:label2\" content=\"Tahmini okuma s\u00fcresi\" \/>\n\t<meta name=\"twitter:data2\" content=\"2 dakika\" \/>\n<script type=\"application\/ld+json\" class=\"yoast-schema-graph\">{\"@context\":\"https:\\\/\\\/schema.org\",\"@graph\":[{\"@type\":\"Article\",\"@id\":\"https:\\\/\\\/kuzeyinsesi.org\\\/index.php\\\/2024\\\/04\\\/28\\\/biyolojik-mucadele-amaci-ile-parazitoit-bocek-salinimina-baslandi\\\/#article\",\"isPartOf\":{\"@id\":\"https:\\\/\\\/kuzeyinsesi.org\\\/index.php\\\/2024\\\/04\\\/28\\\/biyolojik-mucadele-amaci-ile-parazitoit-bocek-salinimina-baslandi\\\/\"},\"author\":{\"name\":\"Kuzeyin Sesi\",\"@id\":\"https:\\\/\\\/kuzeyinsesi.org\\\/#\\\/schema\\\/person\\\/9f859689cdf01485597712386e37f5aa\"},\"headline\":\"Biyolojik m\u00fccadele amac\u0131 ile parazitoit b\u00f6cek sal\u0131n\u0131m\u0131na ba\u015fland\u0131\",\"datePublished\":\"2024-04-28T11:39:27+00:00\",\"mainEntityOfPage\":{\"@id\":\"https:\\\/\\\/kuzeyinsesi.org\\\/index.php\\\/2024\\\/04\\\/28\\\/biyolojik-mucadele-amaci-ile-parazitoit-bocek-salinimina-baslandi\\\/\"},\"wordCount\":324,\"commentCount\":0,\"image\":{\"@id\":\"https:\\\/\\\/kuzeyinsesi.org\\\/index.php\\\/2024\\\/04\\\/28\\\/biyolojik-mucadele-amaci-ile-parazitoit-bocek-salinimina-baslandi\\\/#primaryimage\"},\"thumbnailUrl\":\"https:\\\/\\\/kuzeyinsesi.org\\\/wp-content\\\/uploads\\\/2024\\\/04\\\/e-tarim-bakanligi-3-.jpeg\",\"articleSection\":[\"K\u0131br\u0131s\"],\"inLanguage\":\"tr\",\"potentialAction\":[{\"@type\":\"CommentAction\",\"name\":\"Comment\",\"target\":[\"https:\\\/\\\/kuzeyinsesi.org\\\/index.php\\\/2024\\\/04\\\/28\\\/biyolojik-mucadele-amaci-ile-parazitoit-bocek-salinimina-baslandi\\\/#respond\"]}]},{\"@type\":\"WebPage\",\"@id\":\"https:\\\/\\\/kuzeyinsesi.org\\\/index.php\\\/2024\\\/04\\\/28\\\/biyolojik-mucadele-amaci-ile-parazitoit-bocek-salinimina-baslandi\\\/\",\"url\":\"https:\\\/\\\/kuzeyinsesi.org\\\/index.php\\\/2024\\\/04\\\/28\\\/biyolojik-mucadele-amaci-ile-parazitoit-bocek-salinimina-baslandi\\\/\",\"name\":\"Biyolojik m\u00fccadele amac\u0131 ile parazitoit b\u00f6cek sal\u0131n\u0131m\u0131na ba\u015fland\u0131 - Kuzeyin Sesi\",\"isPartOf\":{\"@id\":\"https:\\\/\\\/kuzeyinsesi.org\\\/#website\"},\"primaryImageOfPage\":{\"@id\":\"https:\\\/\\\/kuzeyinsesi.org\\\/index.php\\\/2024\\\/04\\\/28\\\/biyolojik-mucadele-amaci-ile-parazitoit-bocek-salinimina-baslandi\\\/#primaryimage\"},\"image\":{\"@id\":\"https:\\\/\\\/kuzeyinsesi.org\\\/index.php\\\/2024\\\/04\\\/28\\\/biyolojik-mucadele-amaci-ile-parazitoit-bocek-salinimina-baslandi\\\/#primaryimage\"},\"thumbnailUrl\":\"https:\\\/\\\/kuzeyinsesi.org\\\/wp-content\\\/uploads\\\/2024\\\/04\\\/e-tarim-bakanligi-3-.jpeg\",\"datePublished\":\"2024-04-28T11:39:27+00:00\",\"author\":{\"@id\":\"https:\\\/\\\/kuzeyinsesi.org\\\/#\\\/schema\\\/person\\\/9f859689cdf01485597712386e37f5aa\"},\"breadcrumb\":{\"@id\":\"https:\\\/\\\/kuzeyinsesi.org\\\/index.php\\\/2024\\\/04\\\/28\\\/biyolojik-mucadele-amaci-ile-parazitoit-bocek-salinimina-baslandi\\\/#breadcrumb\"},\"inLanguage\":\"tr\",\"potentialAction\":[{\"@type\":\"ReadAction\",\"target\":[\"https:\\\/\\\/kuzeyinsesi.org\\\/index.php\\\/2024\\\/04\\\/28\\\/biyolojik-mucadele-amaci-ile-parazitoit-bocek-salinimina-baslandi\\\/\"]}]},{\"@type\":\"ImageObject\",\"inLanguage\":\"tr\",\"@id\":\"https:\\\/\\\/kuzeyinsesi.org\\\/index.php\\\/2024\\\/04\\\/28\\\/biyolojik-mucadele-amaci-ile-parazitoit-bocek-salinimina-baslandi\\\/#primaryimage\",\"url\":\"https:\\\/\\\/kuzeyinsesi.org\\\/wp-content\\\/uploads\\\/2024\\\/04\\\/e-tarim-bakanligi-3-.jpeg\",\"contentUrl\":\"https:\\\/\\\/kuzeyinsesi.org\\\/wp-content\\\/uploads\\\/2024\\\/04\\\/e-tarim-bakanligi-3-.jpeg\",\"width\":1600,\"height\":720},{\"@type\":\"BreadcrumbList\",\"@id\":\"https:\\\/\\\/kuzeyinsesi.org\\\/index.php\\\/2024\\\/04\\\/28\\\/biyolojik-mucadele-amaci-ile-parazitoit-bocek-salinimina-baslandi\\\/#breadcrumb\",\"itemListElement\":[{\"@type\":\"ListItem\",\"position\":1,\"name\":\"Anasayfa\",\"item\":\"https:\\\/\\\/kuzeyinsesi.org\\\/\"},{\"@type\":\"ListItem\",\"position\":2,\"name\":\"Biyolojik m\u00fccadele amac\u0131 ile parazitoit b\u00f6cek sal\u0131n\u0131m\u0131na ba\u015fland\u0131\"}]},{\"@type\":\"WebSite\",\"@id\":\"https:\\\/\\\/kuzeyinsesi.org\\\/#website\",\"url\":\"https:\\\/\\\/kuzeyinsesi.org\\\/\",\"name\":\"Kuzeyin Sesi\",\"description\":\"Do\u011fru Haberin Adresi\",\"potentialAction\":[{\"@type\":\"SearchAction\",\"target\":{\"@type\":\"EntryPoint\",\"urlTemplate\":\"https:\\\/\\\/kuzeyinsesi.org\\\/?s={search_term_string}\"},\"query-input\":{\"@type\":\"PropertyValueSpecification\",\"valueRequired\":true,\"valueName\":\"search_term_string\"}}],\"inLanguage\":\"tr\"},{\"@type\":\"Person\",\"@id\":\"https:\\\/\\\/kuzeyinsesi.org\\\/#\\\/schema\\\/person\\\/9f859689cdf01485597712386e37f5aa\",\"name\":\"Kuzeyin Sesi\",\"image\":{\"@type\":\"ImageObject\",\"inLanguage\":\"tr\",\"@id\":\"https:\\\/\\\/secure.gravatar.com\\\/avatar\\\/bab33852abfd8b282518d6ed81826833d77c3c882d9ab608add591ccace47a44?s=96&d=mm&r=g\",\"url\":\"https:\\\/\\\/secure.gravatar.com\\\/avatar\\\/bab33852abfd8b282518d6ed81826833d77c3c882d9ab608add591ccace47a44?s=96&d=mm&r=g\",\"contentUrl\":\"https:\\\/\\\/secure.gravatar.com\\\/avatar\\\/bab33852abfd8b282518d6ed81826833d77c3c882d9ab608add591ccace47a44?s=96&d=mm&r=g\",\"caption\":\"Kuzeyin Sesi\"},\"sameAs\":[\"https:\\\/\\\/kuzeyinsesi.org\"],\"url\":\"https:\\\/\\\/kuzeyinsesi.org\\\/index.php\\\/author\\\/guven\\\/\"}]}<\/script>\n<!-- \/ Yoast SEO plugin. -->","yoast_head_json":{"title":"Biyolojik m\u00fccadele amac\u0131 ile parazitoit b\u00f6cek sal\u0131n\u0131m\u0131na ba\u015fland\u0131 - Kuzeyin Sesi","robots":{"index":"index","follow":"follow","max-snippet":"max-snippet:-1","max-image-preview":"max-image-preview:large","max-video-preview":"max-video-preview:-1"},"canonical":"https:\/\/kuzeyinsesi.org\/index.php\/2024\/04\/28\/biyolojik-mucadele-amaci-ile-parazitoit-bocek-salinimina-baslandi\/","og_locale":"tr_TR","og_type":"article","og_title":"Biyolojik m\u00fccadele amac\u0131 ile parazitoit b\u00f6cek sal\u0131n\u0131m\u0131na ba\u015fland\u0131 - Kuzeyin Sesi","og_description":"Tar\u0131m ve Do\u011fal Kaynaklar Bakanl\u0131\u011f\u0131 ile T\u00fcrkiye Cumhuriyeti Tar\u0131m ve Orman Bakanl\u0131\u011f\u0131 Tar\u0131msal Ara\u015ft\u0131rmalar ve Politikalar Genel M\u00fcd\u00fcrl\u00fc\u011f\u00fc (TAGEM) Adana Biyolojik M\u00fccadele Enstit\u00fcs\u00fc \u00f6nc\u00fcl\u00fc\u011f\u00fcnde biyolojik m\u00fccadele amac\u0131 ile parazitoit b\u00f6cek sal\u0131n\u0131m\u0131na ba\u015fland\u0131. Bakanl\u0131ktan verilen bilgiye g\u00f6re, \u00fclkede varl\u0131\u011f\u0131 tespit edilir edilmez, Tar\u0131m ve Do\u011fal Kaynaklar Bakanl\u0131\u011f\u0131\u2019na ba\u011fl\u0131, Tar\u0131m Dairesi ve Tar\u0131msal Ara\u015ft\u0131rma Enstit\u00fcs\u00fc, b\u00f6lgelerde bulunan [&hellip;]","og_url":"https:\/\/kuzeyinsesi.org\/index.php\/2024\/04\/28\/biyolojik-mucadele-amaci-ile-parazitoit-bocek-salinimina-baslandi\/","og_site_name":"Kuzeyin Sesi","article_publisher":"https:\/\/www.facebook.com\/kuzeyinsesii","article_published_time":"2024-04-28T11:39:27+00:00","og_image":[{"width":1600,"height":720,"url":"https:\/\/kuzeyinsesi.org\/wp-content\/uploads\/2024\/04\/e-tarim-bakanligi-3-.jpeg","type":"image\/jpeg"}],"author":"Kuzeyin Sesi","twitter_card":"summary_large_image","twitter_creator":"@kuzeyinsesii","twitter_site":"@kuzeyinsesii","twitter_misc":{"Yazan:":"Kuzeyin Sesi","Tahmini okuma s\u00fcresi":"2 dakika"},"schema":{"@context":"https:\/\/schema.org","@graph":[{"@type":"Article","@id":"https:\/\/kuzeyinsesi.org\/index.php\/2024\/04\/28\/biyolojik-mucadele-amaci-ile-parazitoit-bocek-salinimina-baslandi\/#article","isPartOf":{"@id":"https:\/\/kuzeyinsesi.org\/index.php\/2024\/04\/28\/biyolojik-mucadele-amaci-ile-parazitoit-bocek-salinimina-baslandi\/"},"author":{"name":"Kuzeyin Sesi","@id":"https:\/\/kuzeyinsesi.org\/#\/schema\/person\/9f859689cdf01485597712386e37f5aa"},"headline":"Biyolojik m\u00fccadele amac\u0131 ile parazitoit b\u00f6cek sal\u0131n\u0131m\u0131na ba\u015fland\u0131","datePublished":"2024-04-28T11:39:27+00:00","mainEntityOfPage":{"@id":"https:\/\/kuzeyinsesi.org\/index.php\/2024\/04\/28\/biyolojik-mucadele-amaci-ile-parazitoit-bocek-salinimina-baslandi\/"},"wordCount":324,"commentCount":0,"image":{"@id":"https:\/\/kuzeyinsesi.org\/index.php\/2024\/04\/28\/biyolojik-mucadele-amaci-ile-parazitoit-bocek-salinimina-baslandi\/#primaryimage"},"thumbnailUrl":"https:\/\/kuzeyinsesi.org\/wp-content\/uploads\/2024\/04\/e-tarim-bakanligi-3-.jpeg","articleSection":["K\u0131br\u0131s"],"inLanguage":"tr","potentialAction":[{"@type":"CommentAction","name":"Comment","target":["https:\/\/kuzeyinsesi.org\/index.php\/2024\/04\/28\/biyolojik-mucadele-amaci-ile-parazitoit-bocek-salinimina-baslandi\/#respond"]}]},{"@type":"WebPage","@id":"https:\/\/kuzeyinsesi.org\/index.php\/2024\/04\/28\/biyolojik-mucadele-amaci-ile-parazitoit-bocek-salinimina-baslandi\/","url":"https:\/\/kuzeyinsesi.org\/index.php\/2024\/04\/28\/biyolojik-mucadele-amaci-ile-parazitoit-bocek-salinimina-baslandi\/","name":"Biyolojik m\u00fccadele amac\u0131 ile parazitoit b\u00f6cek sal\u0131n\u0131m\u0131na ba\u015fland\u0131 - Kuzeyin Sesi","isPartOf":{"@id":"https:\/\/kuzeyinsesi.org\/#website"},"primaryImageOfPage":{"@id":"https:\/\/kuzeyinsesi.org\/index.php\/2024\/04\/28\/biyolojik-mucadele-amaci-ile-parazitoit-bocek-salinimina-baslandi\/#primaryimage"},"image":{"@id":"https:\/\/kuzeyinsesi.org\/index.php\/2024\/04\/28\/biyolojik-mucadele-amaci-ile-parazitoit-bocek-salinimina-baslandi\/#primaryimage"},"thumbnailUrl":"https:\/\/kuzeyinsesi.org\/wp-content\/uploads\/2024\/04\/e-tarim-bakanligi-3-.jpeg","datePublished":"2024-04-28T11:39:27+00:00","author":{"@id":"https:\/\/kuzeyinsesi.org\/#\/schema\/person\/9f859689cdf01485597712386e37f5aa"},"breadcrumb":{"@id":"https:\/\/kuzeyinsesi.org\/index.php\/2024\/04\/28\/biyolojik-mucadele-amaci-ile-parazitoit-bocek-salinimina-baslandi\/#breadcrumb"},"inLanguage":"tr","potentialAction":[{"@type":"ReadAction","target":["https:\/\/kuzeyinsesi.org\/index.php\/2024\/04\/28\/biyolojik-mucadele-amaci-ile-parazitoit-bocek-salinimina-baslandi\/"]}]},{"@type":"ImageObject","inLanguage":"tr","@id":"https:\/\/kuzeyinsesi.org\/index.php\/2024\/04\/28\/biyolojik-mucadele-amaci-ile-parazitoit-bocek-salinimina-baslandi\/#primaryimage","url":"https:\/\/kuzeyinsesi.org\/wp-content\/uploads\/2024\/04\/e-tarim-bakanligi-3-.jpeg","contentUrl":"https:\/\/kuzeyinsesi.org\/wp-content\/uploads\/2024\/04\/e-tarim-bakanligi-3-.jpeg","width":1600,"height":720},{"@type":"BreadcrumbList","@id":"https:\/\/kuzeyinsesi.org\/index.php\/2024\/04\/28\/biyolojik-mucadele-amaci-ile-parazitoit-bocek-salinimina-baslandi\/#breadcrumb","itemListElement":[{"@type":"ListItem","position":1,"name":"Anasayfa","item":"https:\/\/kuzeyinsesi.org\/"},{"@type":"ListItem","position":2,"name":"Biyolojik m\u00fccadele amac\u0131 ile parazitoit b\u00f6cek sal\u0131n\u0131m\u0131na ba\u015fland\u0131"}]},{"@type":"WebSite","@id":"https:\/\/kuzeyinsesi.org\/#website","url":"https:\/\/kuzeyinsesi.org\/","name":"Kuzeyin Sesi","description":"Do\u011fru Haberin Adresi","potentialAction":[{"@type":"SearchAction","target":{"@type":"EntryPoint","urlTemplate":"https:\/\/kuzeyinsesi.org\/?s={search_term_string}"},"query-input":{"@type":"PropertyValueSpecification","valueRequired":true,"valueName":"search_term_string"}}],"inLanguage":"tr"},{"@type":"Person","@id":"https:\/\/kuzeyinsesi.org\/#\/schema\/person\/9f859689cdf01485597712386e37f5aa","name":"Kuzeyin Sesi","image":{"@type":"ImageObject","inLanguage":"tr","@id":"https:\/\/secure.gravatar.com\/avatar\/bab33852abfd8b282518d6ed81826833d77c3c882d9ab608add591ccace47a44?s=96&d=mm&r=g","url":"https:\/\/secure.gravatar.com\/avatar\/bab33852abfd8b282518d6ed81826833d77c3c882d9ab608add591ccace47a44?s=96&d=mm&r=g","contentUrl":"https:\/\/secure.gravatar.com\/avatar\/bab33852abfd8b282518d6ed81826833d77c3c882d9ab608add591ccace47a44?s=96&d=mm&r=g","caption":"Kuzeyin Sesi"},"sameAs":["https:\/\/kuzeyinsesi.org"],"url":"https:\/\/kuzeyinsesi.org\/index.php\/author\/guven\/"}]}},"_links":{"self":[{"href":"https:\/\/kuzeyinsesi.org\/index.php\/wp-json\/wp\/v2\/posts\/785","targetHints":{"allow":["GET"]}}],"collection":[{"href":"https:\/\/kuzeyinsesi.org\/index.php\/wp-json\/wp\/v2\/posts"}],"about":[{"href":"https:\/\/kuzeyinsesi.org\/index.php\/wp-json\/wp\/v2\/types\/post"}],"author":[{"embeddable":true,"href":"https:\/\/kuzeyinsesi.org\/index.php\/wp-json\/wp\/v2\/users\/1"}],"replies":[{"embeddable":true,"href":"https:\/\/kuzeyinsesi.org\/index.php\/wp-json\/wp\/v2\/comments?post=785"}],"version-history":[{"count":0,"href":"https:\/\/kuzeyinsesi.org\/index.php\/wp-json\/wp\/v2\/posts\/785\/revisions"}],"wp:featuredmedia":[{"embeddable":true,"href":"https:\/\/kuzeyinsesi.org\/index.php\/wp-json\/wp\/v2\/media\/786"}],"wp:attachment":[{"href":"https:\/\/kuzeyinsesi.org\/index.php\/wp-json\/wp\/v2\/media?parent=785"}],"wp:term":[{"taxonomy":"category","embeddable":true,"href":"https:\/\/kuzeyinsesi.org\/index.php\/wp-json\/wp\/v2\/categories?post=785"},{"taxonomy":"post_tag","embeddable":true,"href":"https:\/\/kuzeyinsesi.org\/index.php\/wp-json\/wp\/v2\/tags?post=785"}],"curies":[{"name":"wp","href":"https:\/\/api.w.org\/{rel}","templated":true}]}}