{"id":783,"date":"2024-04-28T14:33:13","date_gmt":"2024-04-28T11:33:13","guid":{"rendered":"https:\/\/kuzeyinsesi.com\/index.php\/2024\/04\/28\/hekimler-sendikasindan-28-nisan-saglikciya-siddete-hayir-gunu-mesaji\/"},"modified":"2024-04-28T14:33:13","modified_gmt":"2024-04-28T11:33:13","slug":"hekimler-sendikasindan-28-nisan-saglikciya-siddete-hayir-gunu-mesaji","status":"publish","type":"post","link":"https:\/\/kuzeyinsesi.org\/index.php\/2024\/04\/28\/hekimler-sendikasindan-28-nisan-saglikciya-siddete-hayir-gunu-mesaji\/","title":{"rendered":"Hekimler Sendikas\u0131\u2019ndan 28 Nisan \u201cSa\u011fl\u0131k\u00e7\u0131ya \u015eiddete Hay\u0131r G\u00fcn\u00fc\u201d mesaj\u0131"},"content":{"rendered":"<div>\n<div class=\"mariselle-image-container none\">\n                                            <\/div>\n<p>K\u0131br\u0131s T\u00fcrk Hekimler Sendikas\u0131, \u201c28 Nisan Sa\u011fl\u0131k\u00e7\u0131ya \u015eiddete Hay\u0131r G\u00fcn\u00fc\u201d dolay\u0131s\u0131yla mesaj yay\u0131mlayarak, sa\u011fl\u0131k \u00e7al\u0131\u015fanlar\u0131na y\u00f6nelik \u015fiddetin g\u00fcnden g\u00fcnde art\u0131yor oldu\u011funa dikkat \u00e7ekti.<\/p>\n<p>Sendika Ba\u015fkan\u0131 \u00d6zlem G\u00fcrkut taraf\u0131ndan yap\u0131lan a\u00e7\u0131klamada, \u00fclkede kamusal sa\u011fl\u0131k hizmetlerine olan talebin artmas\u0131na kar\u015f\u0131l\u0131k hizmetlerin ayn\u0131 oranda art\u0131r\u0131lamad\u0131\u011f\u0131 ve arz-talep dengesinin bozuldu\u011fu savunularak, tetkikler i\u00e7in uzun bekleme listeleri, uzman, yatak, personel, cihaz ve ila\u00e7 eksiklikleri gibi hizmetleri etkileyen s\u0131k\u0131nt\u0131lara dikkat \u00e7ekildi.<\/p>\n<p>Bunun yan\u0131nda toplumun demografik yap\u0131s\u0131n\u0131n de\u011fi\u015fmesi ve izlenen politikalardaki sorunlar nedeniyle toplum i\u00e7erisinde ve sa\u011fl\u0131k \u00e7al\u0131\u015fanlar\u0131na y\u00f6nelik \u015fiddetin de artmakta oldu\u011funu savunulan a\u00e7\u0131klamada, sa\u011fl\u0131ktaki eksikliklerin \u015fiddeti tetikledi\u011fi ve buna ili\u015fkin ki\u015filerin kar\u015f\u0131lar\u0131nda bulabildikleri ilk muhatap olan sa\u011fl\u0131k \u00e7al\u0131\u015fanlar\u0131na tepki g\u00f6sterdi\u011fi ifade edildi.<\/p>\n<p>A\u00e7\u0131klamada, \u015funlar kaydedildi:<\/p>\n<p>\u201cToplumda yarat\u0131lan \u015fiddet k\u00fclt\u00fcr\u00fc ile m\u00fccadele, sa\u011fl\u0131kta \u015fiddet yasas\u0131n\u0131n derhal \u00e7\u0131kart\u0131lmas\u0131, kamu hastanelerinde sa\u011fl\u0131k hizmetine ula\u015f\u0131m\u0131n \u00f6n\u00fcndeki eksiklik ve engellerin a\u015f\u0131lmas\u0131, g\u00fcvenlik hizmetlerinin en ba\u015fta hastalar ve sa\u011fl\u0131k \u00e7al\u0131\u015fanlar\u0131 i\u00e7in yeterli hale getirilmesi hayati \u00f6nem arz etmektedir.<\/p>\n<p>Hasta ve hekimin ayn\u0131 tak\u0131m\u0131n oyuncular\u0131 oldu\u011fu, \u015fiddetsiz, kendi toplumumuzun ihtiya\u00e7lar\u0131na tam olarak cevap verebilen, \u00e7a\u011fda\u015f, adil ve ula\u015f\u0131labilir sa\u011fl\u0131k hizmetlerine ula\u015fmak i\u00e7in m\u00fccadelemiz s\u00fcrecektir.\u201d<\/p>\n<p>TAK<\/p>\n<\/p><\/div>\n<p><script async\n                    defer\n                    crossorigin=\"anonymous\"\n                    src=\"https:\/\/connect.facebook.net\/tr_TR\/sdk.js#xfbml=1&#038;version=v3.3\"\n            ><\/script><\/p>\n","protected":false},"excerpt":{"rendered":"<p>K\u0131br\u0131s T\u00fcrk Hekimler Sendikas\u0131, \u201c28 Nisan Sa\u011fl\u0131k\u00e7\u0131ya \u015eiddete Hay\u0131r G\u00fcn\u00fc\u201d dolay\u0131s\u0131yla mesaj yay\u0131mlayarak, sa\u011fl\u0131k \u00e7al\u0131\u015fanlar\u0131na y\u00f6nelik \u015fiddetin g\u00fcnden g\u00fcnde art\u0131yor oldu\u011funa dikkat \u00e7ekti. Sendika Ba\u015fkan\u0131 \u00d6zlem G\u00fcrkut taraf\u0131ndan yap\u0131lan a\u00e7\u0131klamada, \u00fclkede kamusal sa\u011fl\u0131k hizmetlerine olan talebin artmas\u0131na kar\u015f\u0131l\u0131k hizmetlerin ayn\u0131 oranda art\u0131r\u0131lamad\u0131\u011f\u0131 ve arz-talep dengesinin bozuldu\u011fu savunularak, tetkikler i\u00e7in uzun bekleme listeleri, uzman, yatak, personel, [&hellip;]<\/p>\n","protected":false},"author":1,"featured_media":784,"comment_status":"open","ping_status":"open","sticky":false,"template":"","format":"standard","meta":{"jnews-multi-image_gallery":[],"jnews_single_post":[],"jnews_primary_category":[],"jnews_social_meta":[],"jnews_override_counter":[],"footnotes":""},"categories":[1],"tags":[],"class_list":["post-783","post","type-post","status-publish","format-standard","has-post-thumbnail","hentry","category-kibris"],"yoast_head":"<!-- This site is optimized with the Yoast SEO plugin v27.4 - https:\/\/yoast.com\/product\/yoast-seo-wordpress\/ -->\n<title>Hekimler Sendikas\u0131\u2019ndan 28 Nisan \u201cSa\u011fl\u0131k\u00e7\u0131ya \u015eiddete Hay\u0131r G\u00fcn\u00fc\u201d mesaj\u0131 - Kuzeyin Sesi<\/title>\n<meta name=\"robots\" content=\"index, follow, max-snippet:-1, max-image-preview:large, max-video-preview:-1\" \/>\n<link rel=\"canonical\" href=\"https:\/\/kuzeyinsesi.org\/index.php\/2024\/04\/28\/hekimler-sendikasindan-28-nisan-saglikciya-siddete-hayir-gunu-mesaji\/\" \/>\n<meta property=\"og:locale\" content=\"tr_TR\" \/>\n<meta property=\"og:type\" content=\"article\" \/>\n<meta property=\"og:title\" content=\"Hekimler Sendikas\u0131\u2019ndan 28 Nisan \u201cSa\u011fl\u0131k\u00e7\u0131ya \u015eiddete Hay\u0131r G\u00fcn\u00fc\u201d mesaj\u0131 - Kuzeyin Sesi\" \/>\n<meta property=\"og:description\" content=\"K\u0131br\u0131s T\u00fcrk Hekimler Sendikas\u0131, \u201c28 Nisan Sa\u011fl\u0131k\u00e7\u0131ya \u015eiddete Hay\u0131r G\u00fcn\u00fc\u201d dolay\u0131s\u0131yla mesaj yay\u0131mlayarak, sa\u011fl\u0131k \u00e7al\u0131\u015fanlar\u0131na y\u00f6nelik \u015fiddetin g\u00fcnden g\u00fcnde art\u0131yor oldu\u011funa dikkat \u00e7ekti. Sendika Ba\u015fkan\u0131 \u00d6zlem G\u00fcrkut taraf\u0131ndan yap\u0131lan a\u00e7\u0131klamada, \u00fclkede kamusal sa\u011fl\u0131k hizmetlerine olan talebin artmas\u0131na kar\u015f\u0131l\u0131k hizmetlerin ayn\u0131 oranda art\u0131r\u0131lamad\u0131\u011f\u0131 ve arz-talep dengesinin bozuldu\u011fu savunularak, tetkikler i\u00e7in uzun bekleme listeleri, uzman, yatak, personel, [&hellip;]\" \/>\n<meta property=\"og:url\" content=\"https:\/\/kuzeyinsesi.org\/index.php\/2024\/04\/28\/hekimler-sendikasindan-28-nisan-saglikciya-siddete-hayir-gunu-mesaji\/\" \/>\n<meta property=\"og:site_name\" content=\"Kuzeyin Sesi\" \/>\n<meta property=\"article:publisher\" content=\"https:\/\/www.facebook.com\/kuzeyinsesii\" \/>\n<meta property=\"article:published_time\" content=\"2024-04-28T11:33:13+00:00\" \/>\n<meta property=\"og:image\" content=\"https:\/\/kuzeyinsesi.org\/wp-content\/uploads\/2024\/04\/saglikciya-siddete-hayir.jpg\" \/>\n\t<meta property=\"og:image:width\" content=\"1080\" \/>\n\t<meta property=\"og:image:height\" content=\"1080\" \/>\n\t<meta property=\"og:image:type\" content=\"image\/jpeg\" \/>\n<meta name=\"author\" content=\"Kuzeyin Sesi\" \/>\n<meta name=\"twitter:card\" content=\"summary_large_image\" \/>\n<meta name=\"twitter:creator\" content=\"@kuzeyinsesii\" \/>\n<meta name=\"twitter:site\" content=\"@kuzeyinsesii\" \/>\n<meta name=\"twitter:label1\" content=\"Yazan:\" \/>\n\t<meta name=\"twitter:data1\" content=\"Kuzeyin Sesi\" \/>\n\t<meta name=\"twitter:label2\" content=\"Tahmini okuma s\u00fcresi\" \/>\n\t<meta name=\"twitter:data2\" content=\"1 dakika\" \/>\n<script type=\"application\/ld+json\" class=\"yoast-schema-graph\">{\"@context\":\"https:\\\/\\\/schema.org\",\"@graph\":[{\"@type\":\"Article\",\"@id\":\"https:\\\/\\\/kuzeyinsesi.org\\\/index.php\\\/2024\\\/04\\\/28\\\/hekimler-sendikasindan-28-nisan-saglikciya-siddete-hayir-gunu-mesaji\\\/#article\",\"isPartOf\":{\"@id\":\"https:\\\/\\\/kuzeyinsesi.org\\\/index.php\\\/2024\\\/04\\\/28\\\/hekimler-sendikasindan-28-nisan-saglikciya-siddete-hayir-gunu-mesaji\\\/\"},\"author\":{\"name\":\"Kuzeyin Sesi\",\"@id\":\"https:\\\/\\\/kuzeyinsesi.org\\\/#\\\/schema\\\/person\\\/9f859689cdf01485597712386e37f5aa\"},\"headline\":\"Hekimler Sendikas\u0131\u2019ndan 28 Nisan \u201cSa\u011fl\u0131k\u00e7\u0131ya \u015eiddete Hay\u0131r G\u00fcn\u00fc\u201d mesaj\u0131\",\"datePublished\":\"2024-04-28T11:33:13+00:00\",\"mainEntityOfPage\":{\"@id\":\"https:\\\/\\\/kuzeyinsesi.org\\\/index.php\\\/2024\\\/04\\\/28\\\/hekimler-sendikasindan-28-nisan-saglikciya-siddete-hayir-gunu-mesaji\\\/\"},\"wordCount\":285,\"commentCount\":0,\"image\":{\"@id\":\"https:\\\/\\\/kuzeyinsesi.org\\\/index.php\\\/2024\\\/04\\\/28\\\/hekimler-sendikasindan-28-nisan-saglikciya-siddete-hayir-gunu-mesaji\\\/#primaryimage\"},\"thumbnailUrl\":\"https:\\\/\\\/kuzeyinsesi.org\\\/wp-content\\\/uploads\\\/2024\\\/04\\\/saglikciya-siddete-hayir.jpg\",\"articleSection\":[\"K\u0131br\u0131s\"],\"inLanguage\":\"tr\",\"potentialAction\":[{\"@type\":\"CommentAction\",\"name\":\"Comment\",\"target\":[\"https:\\\/\\\/kuzeyinsesi.org\\\/index.php\\\/2024\\\/04\\\/28\\\/hekimler-sendikasindan-28-nisan-saglikciya-siddete-hayir-gunu-mesaji\\\/#respond\"]}]},{\"@type\":\"WebPage\",\"@id\":\"https:\\\/\\\/kuzeyinsesi.org\\\/index.php\\\/2024\\\/04\\\/28\\\/hekimler-sendikasindan-28-nisan-saglikciya-siddete-hayir-gunu-mesaji\\\/\",\"url\":\"https:\\\/\\\/kuzeyinsesi.org\\\/index.php\\\/2024\\\/04\\\/28\\\/hekimler-sendikasindan-28-nisan-saglikciya-siddete-hayir-gunu-mesaji\\\/\",\"name\":\"Hekimler Sendikas\u0131\u2019ndan 28 Nisan \u201cSa\u011fl\u0131k\u00e7\u0131ya \u015eiddete Hay\u0131r G\u00fcn\u00fc\u201d mesaj\u0131 - Kuzeyin Sesi\",\"isPartOf\":{\"@id\":\"https:\\\/\\\/kuzeyinsesi.org\\\/#website\"},\"primaryImageOfPage\":{\"@id\":\"https:\\\/\\\/kuzeyinsesi.org\\\/index.php\\\/2024\\\/04\\\/28\\\/hekimler-sendikasindan-28-nisan-saglikciya-siddete-hayir-gunu-mesaji\\\/#primaryimage\"},\"image\":{\"@id\":\"https:\\\/\\\/kuzeyinsesi.org\\\/index.php\\\/2024\\\/04\\\/28\\\/hekimler-sendikasindan-28-nisan-saglikciya-siddete-hayir-gunu-mesaji\\\/#primaryimage\"},\"thumbnailUrl\":\"https:\\\/\\\/kuzeyinsesi.org\\\/wp-content\\\/uploads\\\/2024\\\/04\\\/saglikciya-siddete-hayir.jpg\",\"datePublished\":\"2024-04-28T11:33:13+00:00\",\"author\":{\"@id\":\"https:\\\/\\\/kuzeyinsesi.org\\\/#\\\/schema\\\/person\\\/9f859689cdf01485597712386e37f5aa\"},\"breadcrumb\":{\"@id\":\"https:\\\/\\\/kuzeyinsesi.org\\\/index.php\\\/2024\\\/04\\\/28\\\/hekimler-sendikasindan-28-nisan-saglikciya-siddete-hayir-gunu-mesaji\\\/#breadcrumb\"},\"inLanguage\":\"tr\",\"potentialAction\":[{\"@type\":\"ReadAction\",\"target\":[\"https:\\\/\\\/kuzeyinsesi.org\\\/index.php\\\/2024\\\/04\\\/28\\\/hekimler-sendikasindan-28-nisan-saglikciya-siddete-hayir-gunu-mesaji\\\/\"]}]},{\"@type\":\"ImageObject\",\"inLanguage\":\"tr\",\"@id\":\"https:\\\/\\\/kuzeyinsesi.org\\\/index.php\\\/2024\\\/04\\\/28\\\/hekimler-sendikasindan-28-nisan-saglikciya-siddete-hayir-gunu-mesaji\\\/#primaryimage\",\"url\":\"https:\\\/\\\/kuzeyinsesi.org\\\/wp-content\\\/uploads\\\/2024\\\/04\\\/saglikciya-siddete-hayir.jpg\",\"contentUrl\":\"https:\\\/\\\/kuzeyinsesi.org\\\/wp-content\\\/uploads\\\/2024\\\/04\\\/saglikciya-siddete-hayir.jpg\",\"width\":1080,\"height\":1080},{\"@type\":\"BreadcrumbList\",\"@id\":\"https:\\\/\\\/kuzeyinsesi.org\\\/index.php\\\/2024\\\/04\\\/28\\\/hekimler-sendikasindan-28-nisan-saglikciya-siddete-hayir-gunu-mesaji\\\/#breadcrumb\",\"itemListElement\":[{\"@type\":\"ListItem\",\"position\":1,\"name\":\"Anasayfa\",\"item\":\"https:\\\/\\\/kuzeyinsesi.org\\\/\"},{\"@type\":\"ListItem\",\"position\":2,\"name\":\"Hekimler Sendikas\u0131\u2019ndan 28 Nisan \u201cSa\u011fl\u0131k\u00e7\u0131ya \u015eiddete Hay\u0131r G\u00fcn\u00fc\u201d mesaj\u0131\"}]},{\"@type\":\"WebSite\",\"@id\":\"https:\\\/\\\/kuzeyinsesi.org\\\/#website\",\"url\":\"https:\\\/\\\/kuzeyinsesi.org\\\/\",\"name\":\"Kuzeyin Sesi\",\"description\":\"Do\u011fru Haberin Adresi\",\"potentialAction\":[{\"@type\":\"SearchAction\",\"target\":{\"@type\":\"EntryPoint\",\"urlTemplate\":\"https:\\\/\\\/kuzeyinsesi.org\\\/?s={search_term_string}\"},\"query-input\":{\"@type\":\"PropertyValueSpecification\",\"valueRequired\":true,\"valueName\":\"search_term_string\"}}],\"inLanguage\":\"tr\"},{\"@type\":\"Person\",\"@id\":\"https:\\\/\\\/kuzeyinsesi.org\\\/#\\\/schema\\\/person\\\/9f859689cdf01485597712386e37f5aa\",\"name\":\"Kuzeyin Sesi\",\"image\":{\"@type\":\"ImageObject\",\"inLanguage\":\"tr\",\"@id\":\"https:\\\/\\\/secure.gravatar.com\\\/avatar\\\/bab33852abfd8b282518d6ed81826833d77c3c882d9ab608add591ccace47a44?s=96&d=mm&r=g\",\"url\":\"https:\\\/\\\/secure.gravatar.com\\\/avatar\\\/bab33852abfd8b282518d6ed81826833d77c3c882d9ab608add591ccace47a44?s=96&d=mm&r=g\",\"contentUrl\":\"https:\\\/\\\/secure.gravatar.com\\\/avatar\\\/bab33852abfd8b282518d6ed81826833d77c3c882d9ab608add591ccace47a44?s=96&d=mm&r=g\",\"caption\":\"Kuzeyin Sesi\"},\"sameAs\":[\"https:\\\/\\\/kuzeyinsesi.org\"],\"url\":\"https:\\\/\\\/kuzeyinsesi.org\\\/index.php\\\/author\\\/guven\\\/\"}]}<\/script>\n<!-- \/ Yoast SEO plugin. -->","yoast_head_json":{"title":"Hekimler Sendikas\u0131\u2019ndan 28 Nisan \u201cSa\u011fl\u0131k\u00e7\u0131ya \u015eiddete Hay\u0131r G\u00fcn\u00fc\u201d mesaj\u0131 - Kuzeyin Sesi","robots":{"index":"index","follow":"follow","max-snippet":"max-snippet:-1","max-image-preview":"max-image-preview:large","max-video-preview":"max-video-preview:-1"},"canonical":"https:\/\/kuzeyinsesi.org\/index.php\/2024\/04\/28\/hekimler-sendikasindan-28-nisan-saglikciya-siddete-hayir-gunu-mesaji\/","og_locale":"tr_TR","og_type":"article","og_title":"Hekimler Sendikas\u0131\u2019ndan 28 Nisan \u201cSa\u011fl\u0131k\u00e7\u0131ya \u015eiddete Hay\u0131r G\u00fcn\u00fc\u201d mesaj\u0131 - Kuzeyin Sesi","og_description":"K\u0131br\u0131s T\u00fcrk Hekimler Sendikas\u0131, \u201c28 Nisan Sa\u011fl\u0131k\u00e7\u0131ya \u015eiddete Hay\u0131r G\u00fcn\u00fc\u201d dolay\u0131s\u0131yla mesaj yay\u0131mlayarak, sa\u011fl\u0131k \u00e7al\u0131\u015fanlar\u0131na y\u00f6nelik \u015fiddetin g\u00fcnden g\u00fcnde art\u0131yor oldu\u011funa dikkat \u00e7ekti. Sendika Ba\u015fkan\u0131 \u00d6zlem G\u00fcrkut taraf\u0131ndan yap\u0131lan a\u00e7\u0131klamada, \u00fclkede kamusal sa\u011fl\u0131k hizmetlerine olan talebin artmas\u0131na kar\u015f\u0131l\u0131k hizmetlerin ayn\u0131 oranda art\u0131r\u0131lamad\u0131\u011f\u0131 ve arz-talep dengesinin bozuldu\u011fu savunularak, tetkikler i\u00e7in uzun bekleme listeleri, uzman, yatak, personel, [&hellip;]","og_url":"https:\/\/kuzeyinsesi.org\/index.php\/2024\/04\/28\/hekimler-sendikasindan-28-nisan-saglikciya-siddete-hayir-gunu-mesaji\/","og_site_name":"Kuzeyin Sesi","article_publisher":"https:\/\/www.facebook.com\/kuzeyinsesii","article_published_time":"2024-04-28T11:33:13+00:00","og_image":[{"width":1080,"height":1080,"url":"https:\/\/kuzeyinsesi.org\/wp-content\/uploads\/2024\/04\/saglikciya-siddete-hayir.jpg","type":"image\/jpeg"}],"author":"Kuzeyin Sesi","twitter_card":"summary_large_image","twitter_creator":"@kuzeyinsesii","twitter_site":"@kuzeyinsesii","twitter_misc":{"Yazan:":"Kuzeyin Sesi","Tahmini okuma s\u00fcresi":"1 dakika"},"schema":{"@context":"https:\/\/schema.org","@graph":[{"@type":"Article","@id":"https:\/\/kuzeyinsesi.org\/index.php\/2024\/04\/28\/hekimler-sendikasindan-28-nisan-saglikciya-siddete-hayir-gunu-mesaji\/#article","isPartOf":{"@id":"https:\/\/kuzeyinsesi.org\/index.php\/2024\/04\/28\/hekimler-sendikasindan-28-nisan-saglikciya-siddete-hayir-gunu-mesaji\/"},"author":{"name":"Kuzeyin Sesi","@id":"https:\/\/kuzeyinsesi.org\/#\/schema\/person\/9f859689cdf01485597712386e37f5aa"},"headline":"Hekimler Sendikas\u0131\u2019ndan 28 Nisan \u201cSa\u011fl\u0131k\u00e7\u0131ya \u015eiddete Hay\u0131r G\u00fcn\u00fc\u201d mesaj\u0131","datePublished":"2024-04-28T11:33:13+00:00","mainEntityOfPage":{"@id":"https:\/\/kuzeyinsesi.org\/index.php\/2024\/04\/28\/hekimler-sendikasindan-28-nisan-saglikciya-siddete-hayir-gunu-mesaji\/"},"wordCount":285,"commentCount":0,"image":{"@id":"https:\/\/kuzeyinsesi.org\/index.php\/2024\/04\/28\/hekimler-sendikasindan-28-nisan-saglikciya-siddete-hayir-gunu-mesaji\/#primaryimage"},"thumbnailUrl":"https:\/\/kuzeyinsesi.org\/wp-content\/uploads\/2024\/04\/saglikciya-siddete-hayir.jpg","articleSection":["K\u0131br\u0131s"],"inLanguage":"tr","potentialAction":[{"@type":"CommentAction","name":"Comment","target":["https:\/\/kuzeyinsesi.org\/index.php\/2024\/04\/28\/hekimler-sendikasindan-28-nisan-saglikciya-siddete-hayir-gunu-mesaji\/#respond"]}]},{"@type":"WebPage","@id":"https:\/\/kuzeyinsesi.org\/index.php\/2024\/04\/28\/hekimler-sendikasindan-28-nisan-saglikciya-siddete-hayir-gunu-mesaji\/","url":"https:\/\/kuzeyinsesi.org\/index.php\/2024\/04\/28\/hekimler-sendikasindan-28-nisan-saglikciya-siddete-hayir-gunu-mesaji\/","name":"Hekimler Sendikas\u0131\u2019ndan 28 Nisan \u201cSa\u011fl\u0131k\u00e7\u0131ya \u015eiddete Hay\u0131r G\u00fcn\u00fc\u201d mesaj\u0131 - Kuzeyin Sesi","isPartOf":{"@id":"https:\/\/kuzeyinsesi.org\/#website"},"primaryImageOfPage":{"@id":"https:\/\/kuzeyinsesi.org\/index.php\/2024\/04\/28\/hekimler-sendikasindan-28-nisan-saglikciya-siddete-hayir-gunu-mesaji\/#primaryimage"},"image":{"@id":"https:\/\/kuzeyinsesi.org\/index.php\/2024\/04\/28\/hekimler-sendikasindan-28-nisan-saglikciya-siddete-hayir-gunu-mesaji\/#primaryimage"},"thumbnailUrl":"https:\/\/kuzeyinsesi.org\/wp-content\/uploads\/2024\/04\/saglikciya-siddete-hayir.jpg","datePublished":"2024-04-28T11:33:13+00:00","author":{"@id":"https:\/\/kuzeyinsesi.org\/#\/schema\/person\/9f859689cdf01485597712386e37f5aa"},"breadcrumb":{"@id":"https:\/\/kuzeyinsesi.org\/index.php\/2024\/04\/28\/hekimler-sendikasindan-28-nisan-saglikciya-siddete-hayir-gunu-mesaji\/#breadcrumb"},"inLanguage":"tr","potentialAction":[{"@type":"ReadAction","target":["https:\/\/kuzeyinsesi.org\/index.php\/2024\/04\/28\/hekimler-sendikasindan-28-nisan-saglikciya-siddete-hayir-gunu-mesaji\/"]}]},{"@type":"ImageObject","inLanguage":"tr","@id":"https:\/\/kuzeyinsesi.org\/index.php\/2024\/04\/28\/hekimler-sendikasindan-28-nisan-saglikciya-siddete-hayir-gunu-mesaji\/#primaryimage","url":"https:\/\/kuzeyinsesi.org\/wp-content\/uploads\/2024\/04\/saglikciya-siddete-hayir.jpg","contentUrl":"https:\/\/kuzeyinsesi.org\/wp-content\/uploads\/2024\/04\/saglikciya-siddete-hayir.jpg","width":1080,"height":1080},{"@type":"BreadcrumbList","@id":"https:\/\/kuzeyinsesi.org\/index.php\/2024\/04\/28\/hekimler-sendikasindan-28-nisan-saglikciya-siddete-hayir-gunu-mesaji\/#breadcrumb","itemListElement":[{"@type":"ListItem","position":1,"name":"Anasayfa","item":"https:\/\/kuzeyinsesi.org\/"},{"@type":"ListItem","position":2,"name":"Hekimler Sendikas\u0131\u2019ndan 28 Nisan \u201cSa\u011fl\u0131k\u00e7\u0131ya \u015eiddete Hay\u0131r G\u00fcn\u00fc\u201d mesaj\u0131"}]},{"@type":"WebSite","@id":"https:\/\/kuzeyinsesi.org\/#website","url":"https:\/\/kuzeyinsesi.org\/","name":"Kuzeyin Sesi","description":"Do\u011fru Haberin Adresi","potentialAction":[{"@type":"SearchAction","target":{"@type":"EntryPoint","urlTemplate":"https:\/\/kuzeyinsesi.org\/?s={search_term_string}"},"query-input":{"@type":"PropertyValueSpecification","valueRequired":true,"valueName":"search_term_string"}}],"inLanguage":"tr"},{"@type":"Person","@id":"https:\/\/kuzeyinsesi.org\/#\/schema\/person\/9f859689cdf01485597712386e37f5aa","name":"Kuzeyin Sesi","image":{"@type":"ImageObject","inLanguage":"tr","@id":"https:\/\/secure.gravatar.com\/avatar\/bab33852abfd8b282518d6ed81826833d77c3c882d9ab608add591ccace47a44?s=96&d=mm&r=g","url":"https:\/\/secure.gravatar.com\/avatar\/bab33852abfd8b282518d6ed81826833d77c3c882d9ab608add591ccace47a44?s=96&d=mm&r=g","contentUrl":"https:\/\/secure.gravatar.com\/avatar\/bab33852abfd8b282518d6ed81826833d77c3c882d9ab608add591ccace47a44?s=96&d=mm&r=g","caption":"Kuzeyin Sesi"},"sameAs":["https:\/\/kuzeyinsesi.org"],"url":"https:\/\/kuzeyinsesi.org\/index.php\/author\/guven\/"}]}},"_links":{"self":[{"href":"https:\/\/kuzeyinsesi.org\/index.php\/wp-json\/wp\/v2\/posts\/783","targetHints":{"allow":["GET"]}}],"collection":[{"href":"https:\/\/kuzeyinsesi.org\/index.php\/wp-json\/wp\/v2\/posts"}],"about":[{"href":"https:\/\/kuzeyinsesi.org\/index.php\/wp-json\/wp\/v2\/types\/post"}],"author":[{"embeddable":true,"href":"https:\/\/kuzeyinsesi.org\/index.php\/wp-json\/wp\/v2\/users\/1"}],"replies":[{"embeddable":true,"href":"https:\/\/kuzeyinsesi.org\/index.php\/wp-json\/wp\/v2\/comments?post=783"}],"version-history":[{"count":0,"href":"https:\/\/kuzeyinsesi.org\/index.php\/wp-json\/wp\/v2\/posts\/783\/revisions"}],"wp:featuredmedia":[{"embeddable":true,"href":"https:\/\/kuzeyinsesi.org\/index.php\/wp-json\/wp\/v2\/media\/784"}],"wp:attachment":[{"href":"https:\/\/kuzeyinsesi.org\/index.php\/wp-json\/wp\/v2\/media?parent=783"}],"wp:term":[{"taxonomy":"category","embeddable":true,"href":"https:\/\/kuzeyinsesi.org\/index.php\/wp-json\/wp\/v2\/categories?post=783"},{"taxonomy":"post_tag","embeddable":true,"href":"https:\/\/kuzeyinsesi.org\/index.php\/wp-json\/wp\/v2\/tags?post=783"}],"curies":[{"name":"wp","href":"https:\/\/api.w.org\/{rel}","templated":true}]}}