{"id":7814,"date":"2024-08-12T12:42:39","date_gmt":"2024-08-12T09:42:39","guid":{"rendered":"https:\/\/kuzeyinsesi.org\/index.php\/2024\/08\/12\/kibrisin-son-kartali-belgeselinin-promiyeri-bugun-yapilacak\/"},"modified":"2024-08-12T12:42:39","modified_gmt":"2024-08-12T09:42:39","slug":"kibrisin-son-kartali-belgeselinin-promiyeri-bugun-yapilacak","status":"publish","type":"post","link":"https:\/\/kuzeyinsesi.org\/index.php\/2024\/08\/12\/kibrisin-son-kartali-belgeselinin-promiyeri-bugun-yapilacak\/","title":{"rendered":"\u201cK\u0131br\u0131s\u2019\u0131n Son Kartal\u0131\u201d belgeselinin pr\u00f6miyeri bug\u00fcn  yap\u0131lacak"},"content":{"rendered":"<div>\n<div class=\"mariselle-image-container center\">\n                                            <\/div>\n<p>\u201cK\u0131br\u0131s\u2019\u0131n Son Kartal\u0131\u201d belgeselinin pr\u00f6miyeri bug\u00fcn 18.00\u2019de yap\u0131lacak.<\/p>\n<p>Ba\u015fbakanl\u0131k Yard\u0131mc\u0131l\u0131\u011f\u0131, Turizm, K\u00fclt\u00fcr, Gen\u00e7lik ve \u00c7evre Bakanl\u0131\u011f\u0131\u2019na ba\u011fl\u0131 \u00c7evre Koruma Dairesi \u0130\u015fbirli\u011fiyle Ku\u015flar\u0131 ve Do\u011fay\u0131 Koruma Derne\u011fi (KU\u015eKOR) taraf\u0131ndan hayata ge\u00e7irilen \u201cK\u0131br\u0131s\u2019\u0131n Son Kartal\u0131\u201d hakk\u0131ndaki k\u0131sa belgesel seyirciyle bulu\u015fuyor.<\/p>\n<p>BonBonTrack (K\u0131br\u0131s\u2019\u0131n Son Kartal\u0131) isimli belgeselin pr\u00f6miyeri bug\u00fcn saat 18.00\u2019de Avenue Cinemax sponsorlu\u011funda ger\u00e7ekle\u015ftirilecek.<\/p>\n<p>BonBonTrack isimli 15 dakikal\u0131k k\u0131sa belgesel seyircinin yo\u011funlu\u011funa g\u00f6re 19.30\u2019a kadar izlenebilecek. \u0130steyen herkesin kat\u0131labilece\u011fi pr\u00f6miyeri ka\u00e7\u0131ranlar ilerleyen g\u00fcnlerde belgesele YouTube\u2019dan ula\u015fabilecek.<\/p>\n<\/p><\/div>\n<p><script async\n                    defer\n                    crossorigin=\"anonymous\"\n                    src=\"https:\/\/connect.facebook.net\/tr_TR\/sdk.js#xfbml=1&#038;version=v3.3\"\n            ><\/script><\/p>\n","protected":false},"excerpt":{"rendered":"<p>\u201cK\u0131br\u0131s\u2019\u0131n Son Kartal\u0131\u201d belgeselinin pr\u00f6miyeri bug\u00fcn 18.00\u2019de yap\u0131lacak. Ba\u015fbakanl\u0131k Yard\u0131mc\u0131l\u0131\u011f\u0131, Turizm, K\u00fclt\u00fcr, Gen\u00e7lik ve \u00c7evre Bakanl\u0131\u011f\u0131\u2019na ba\u011fl\u0131 \u00c7evre Koruma Dairesi \u0130\u015fbirli\u011fiyle Ku\u015flar\u0131 ve Do\u011fay\u0131 Koruma Derne\u011fi (KU\u015eKOR) taraf\u0131ndan hayata ge\u00e7irilen \u201cK\u0131br\u0131s\u2019\u0131n Son Kartal\u0131\u201d hakk\u0131ndaki k\u0131sa belgesel seyirciyle bulu\u015fuyor. BonBonTrack (K\u0131br\u0131s\u2019\u0131n Son Kartal\u0131) isimli belgeselin pr\u00f6miyeri bug\u00fcn saat 18.00\u2019de Avenue Cinemax sponsorlu\u011funda ger\u00e7ekle\u015ftirilecek. BonBonTrack isimli 15 [&hellip;]<\/p>\n","protected":false},"author":1,"featured_media":7815,"comment_status":"open","ping_status":"open","sticky":false,"template":"","format":"standard","meta":{"jnews-multi-image_gallery":[],"jnews_single_post":[],"jnews_primary_category":[],"jnews_social_meta":[],"jnews_override_counter":[],"footnotes":""},"categories":[6],"tags":[],"class_list":["post-7814","post","type-post","status-publish","format-standard","has-post-thumbnail","hentry","category-yasam"],"yoast_head":"<!-- This site is optimized with the Yoast SEO plugin v27.5 - https:\/\/yoast.com\/product\/yoast-seo-wordpress\/ -->\n<title>\u201cK\u0131br\u0131s\u2019\u0131n Son Kartal\u0131\u201d belgeselinin pr\u00f6miyeri bug\u00fcn yap\u0131lacak - Kuzeyin Sesi<\/title>\n<meta name=\"robots\" content=\"index, follow, max-snippet:-1, max-image-preview:large, max-video-preview:-1\" \/>\n<link rel=\"canonical\" href=\"https:\/\/kuzeyinsesi.org\/index.php\/2024\/08\/12\/kibrisin-son-kartali-belgeselinin-promiyeri-bugun-yapilacak\/\" \/>\n<meta property=\"og:locale\" content=\"tr_TR\" \/>\n<meta property=\"og:type\" content=\"article\" \/>\n<meta property=\"og:title\" content=\"\u201cK\u0131br\u0131s\u2019\u0131n Son Kartal\u0131\u201d belgeselinin pr\u00f6miyeri bug\u00fcn yap\u0131lacak - Kuzeyin Sesi\" \/>\n<meta property=\"og:description\" content=\"\u201cK\u0131br\u0131s\u2019\u0131n Son Kartal\u0131\u201d belgeselinin pr\u00f6miyeri bug\u00fcn 18.00\u2019de yap\u0131lacak. Ba\u015fbakanl\u0131k Yard\u0131mc\u0131l\u0131\u011f\u0131, Turizm, K\u00fclt\u00fcr, Gen\u00e7lik ve \u00c7evre Bakanl\u0131\u011f\u0131\u2019na ba\u011fl\u0131 \u00c7evre Koruma Dairesi \u0130\u015fbirli\u011fiyle Ku\u015flar\u0131 ve Do\u011fay\u0131 Koruma Derne\u011fi (KU\u015eKOR) taraf\u0131ndan hayata ge\u00e7irilen \u201cK\u0131br\u0131s\u2019\u0131n Son Kartal\u0131\u201d hakk\u0131ndaki k\u0131sa belgesel seyirciyle bulu\u015fuyor. BonBonTrack (K\u0131br\u0131s\u2019\u0131n Son Kartal\u0131) isimli belgeselin pr\u00f6miyeri bug\u00fcn saat 18.00\u2019de Avenue Cinemax sponsorlu\u011funda ger\u00e7ekle\u015ftirilecek. BonBonTrack isimli 15 [&hellip;]\" \/>\n<meta property=\"og:url\" content=\"https:\/\/kuzeyinsesi.org\/index.php\/2024\/08\/12\/kibrisin-son-kartali-belgeselinin-promiyeri-bugun-yapilacak\/\" \/>\n<meta property=\"og:site_name\" content=\"Kuzeyin Sesi\" \/>\n<meta property=\"article:publisher\" content=\"https:\/\/www.facebook.com\/kuzeyinsesii\" \/>\n<meta property=\"article:published_time\" content=\"2024-08-12T09:42:39+00:00\" \/>\n<meta property=\"og:image\" content=\"https:\/\/brtk.net\/wp-content\/uploads\/2024\/08\/09\/kuskor.jpg?ver=71e640b7b208002158c260b12dff63c8\" \/>\n<meta name=\"author\" content=\"Kuzeyin Sesi\" \/>\n<meta name=\"twitter:card\" content=\"summary_large_image\" \/>\n<meta name=\"twitter:creator\" content=\"@kuzeyinsesii\" \/>\n<meta name=\"twitter:site\" content=\"@kuzeyinsesii\" \/>\n<meta name=\"twitter:label1\" content=\"Yazan:\" \/>\n\t<meta name=\"twitter:data1\" content=\"Kuzeyin Sesi\" \/>\n\t<meta name=\"twitter:label2\" content=\"Tahmini okuma s\u00fcresi\" \/>\n\t<meta name=\"twitter:data2\" content=\"1 dakika\" \/>\n<script type=\"application\/ld+json\" class=\"yoast-schema-graph\">{\"@context\":\"https:\\\/\\\/schema.org\",\"@graph\":[{\"@type\":\"Article\",\"@id\":\"https:\\\/\\\/kuzeyinsesi.org\\\/index.php\\\/2024\\\/08\\\/12\\\/kibrisin-son-kartali-belgeselinin-promiyeri-bugun-yapilacak\\\/#article\",\"isPartOf\":{\"@id\":\"https:\\\/\\\/kuzeyinsesi.org\\\/index.php\\\/2024\\\/08\\\/12\\\/kibrisin-son-kartali-belgeselinin-promiyeri-bugun-yapilacak\\\/\"},\"author\":{\"name\":\"Kuzeyin Sesi\",\"@id\":\"https:\\\/\\\/kuzeyinsesi.org\\\/#\\\/schema\\\/person\\\/9f859689cdf01485597712386e37f5aa\"},\"headline\":\"\u201cK\u0131br\u0131s\u2019\u0131n Son Kartal\u0131\u201d belgeselinin pr\u00f6miyeri bug\u00fcn yap\u0131lacak\",\"datePublished\":\"2024-08-12T09:42:39+00:00\",\"mainEntityOfPage\":{\"@id\":\"https:\\\/\\\/kuzeyinsesi.org\\\/index.php\\\/2024\\\/08\\\/12\\\/kibrisin-son-kartali-belgeselinin-promiyeri-bugun-yapilacak\\\/\"},\"wordCount\":134,\"commentCount\":0,\"image\":{\"@id\":\"https:\\\/\\\/kuzeyinsesi.org\\\/index.php\\\/2024\\\/08\\\/12\\\/kibrisin-son-kartali-belgeselinin-promiyeri-bugun-yapilacak\\\/#primaryimage\"},\"thumbnailUrl\":\"https:\\\/\\\/kuzeyinsesi.org\\\/wp-content\\\/uploads\\\/2024\\\/08\\\/1723455767_kuskor.jpg\",\"articleSection\":[\"Ya\u015fam\"],\"inLanguage\":\"tr\",\"potentialAction\":[{\"@type\":\"CommentAction\",\"name\":\"Comment\",\"target\":[\"https:\\\/\\\/kuzeyinsesi.org\\\/index.php\\\/2024\\\/08\\\/12\\\/kibrisin-son-kartali-belgeselinin-promiyeri-bugun-yapilacak\\\/#respond\"]}]},{\"@type\":\"WebPage\",\"@id\":\"https:\\\/\\\/kuzeyinsesi.org\\\/index.php\\\/2024\\\/08\\\/12\\\/kibrisin-son-kartali-belgeselinin-promiyeri-bugun-yapilacak\\\/\",\"url\":\"https:\\\/\\\/kuzeyinsesi.org\\\/index.php\\\/2024\\\/08\\\/12\\\/kibrisin-son-kartali-belgeselinin-promiyeri-bugun-yapilacak\\\/\",\"name\":\"\u201cK\u0131br\u0131s\u2019\u0131n Son Kartal\u0131\u201d belgeselinin pr\u00f6miyeri bug\u00fcn yap\u0131lacak - Kuzeyin Sesi\",\"isPartOf\":{\"@id\":\"https:\\\/\\\/kuzeyinsesi.org\\\/#website\"},\"primaryImageOfPage\":{\"@id\":\"https:\\\/\\\/kuzeyinsesi.org\\\/index.php\\\/2024\\\/08\\\/12\\\/kibrisin-son-kartali-belgeselinin-promiyeri-bugun-yapilacak\\\/#primaryimage\"},\"image\":{\"@id\":\"https:\\\/\\\/kuzeyinsesi.org\\\/index.php\\\/2024\\\/08\\\/12\\\/kibrisin-son-kartali-belgeselinin-promiyeri-bugun-yapilacak\\\/#primaryimage\"},\"thumbnailUrl\":\"https:\\\/\\\/kuzeyinsesi.org\\\/wp-content\\\/uploads\\\/2024\\\/08\\\/1723455767_kuskor.jpg\",\"datePublished\":\"2024-08-12T09:42:39+00:00\",\"author\":{\"@id\":\"https:\\\/\\\/kuzeyinsesi.org\\\/#\\\/schema\\\/person\\\/9f859689cdf01485597712386e37f5aa\"},\"breadcrumb\":{\"@id\":\"https:\\\/\\\/kuzeyinsesi.org\\\/index.php\\\/2024\\\/08\\\/12\\\/kibrisin-son-kartali-belgeselinin-promiyeri-bugun-yapilacak\\\/#breadcrumb\"},\"inLanguage\":\"tr\",\"potentialAction\":[{\"@type\":\"ReadAction\",\"target\":[\"https:\\\/\\\/kuzeyinsesi.org\\\/index.php\\\/2024\\\/08\\\/12\\\/kibrisin-son-kartali-belgeselinin-promiyeri-bugun-yapilacak\\\/\"]}]},{\"@type\":\"ImageObject\",\"inLanguage\":\"tr\",\"@id\":\"https:\\\/\\\/kuzeyinsesi.org\\\/index.php\\\/2024\\\/08\\\/12\\\/kibrisin-son-kartali-belgeselinin-promiyeri-bugun-yapilacak\\\/#primaryimage\",\"url\":\"https:\\\/\\\/kuzeyinsesi.org\\\/wp-content\\\/uploads\\\/2024\\\/08\\\/1723455767_kuskor.jpg\",\"contentUrl\":\"https:\\\/\\\/kuzeyinsesi.org\\\/wp-content\\\/uploads\\\/2024\\\/08\\\/1723455767_kuskor.jpg\",\"width\":1125,\"height\":797},{\"@type\":\"BreadcrumbList\",\"@id\":\"https:\\\/\\\/kuzeyinsesi.org\\\/index.php\\\/2024\\\/08\\\/12\\\/kibrisin-son-kartali-belgeselinin-promiyeri-bugun-yapilacak\\\/#breadcrumb\",\"itemListElement\":[{\"@type\":\"ListItem\",\"position\":1,\"name\":\"Anasayfa\",\"item\":\"https:\\\/\\\/kuzeyinsesi.org\\\/\"},{\"@type\":\"ListItem\",\"position\":2,\"name\":\"\u201cK\u0131br\u0131s\u2019\u0131n Son Kartal\u0131\u201d belgeselinin pr\u00f6miyeri bug\u00fcn yap\u0131lacak\"}]},{\"@type\":\"WebSite\",\"@id\":\"https:\\\/\\\/kuzeyinsesi.org\\\/#website\",\"url\":\"https:\\\/\\\/kuzeyinsesi.org\\\/\",\"name\":\"Kuzeyin Sesi\",\"description\":\"Do\u011fru Haberin Adresi\",\"potentialAction\":[{\"@type\":\"SearchAction\",\"target\":{\"@type\":\"EntryPoint\",\"urlTemplate\":\"https:\\\/\\\/kuzeyinsesi.org\\\/?s={search_term_string}\"},\"query-input\":{\"@type\":\"PropertyValueSpecification\",\"valueRequired\":true,\"valueName\":\"search_term_string\"}}],\"inLanguage\":\"tr\"},{\"@type\":\"Person\",\"@id\":\"https:\\\/\\\/kuzeyinsesi.org\\\/#\\\/schema\\\/person\\\/9f859689cdf01485597712386e37f5aa\",\"name\":\"Kuzeyin Sesi\",\"image\":{\"@type\":\"ImageObject\",\"inLanguage\":\"tr\",\"@id\":\"https:\\\/\\\/secure.gravatar.com\\\/avatar\\\/bab33852abfd8b282518d6ed81826833d77c3c882d9ab608add591ccace47a44?s=96&d=mm&r=g\",\"url\":\"https:\\\/\\\/secure.gravatar.com\\\/avatar\\\/bab33852abfd8b282518d6ed81826833d77c3c882d9ab608add591ccace47a44?s=96&d=mm&r=g\",\"contentUrl\":\"https:\\\/\\\/secure.gravatar.com\\\/avatar\\\/bab33852abfd8b282518d6ed81826833d77c3c882d9ab608add591ccace47a44?s=96&d=mm&r=g\",\"caption\":\"Kuzeyin Sesi\"},\"sameAs\":[\"https:\\\/\\\/kuzeyinsesi.org\"],\"url\":\"https:\\\/\\\/kuzeyinsesi.org\\\/index.php\\\/author\\\/guven\\\/\"}]}<\/script>\n<!-- \/ Yoast SEO plugin. -->","yoast_head_json":{"title":"\u201cK\u0131br\u0131s\u2019\u0131n Son Kartal\u0131\u201d belgeselinin pr\u00f6miyeri bug\u00fcn yap\u0131lacak - Kuzeyin Sesi","robots":{"index":"index","follow":"follow","max-snippet":"max-snippet:-1","max-image-preview":"max-image-preview:large","max-video-preview":"max-video-preview:-1"},"canonical":"https:\/\/kuzeyinsesi.org\/index.php\/2024\/08\/12\/kibrisin-son-kartali-belgeselinin-promiyeri-bugun-yapilacak\/","og_locale":"tr_TR","og_type":"article","og_title":"\u201cK\u0131br\u0131s\u2019\u0131n Son Kartal\u0131\u201d belgeselinin pr\u00f6miyeri bug\u00fcn yap\u0131lacak - Kuzeyin Sesi","og_description":"\u201cK\u0131br\u0131s\u2019\u0131n Son Kartal\u0131\u201d belgeselinin pr\u00f6miyeri bug\u00fcn 18.00\u2019de yap\u0131lacak. Ba\u015fbakanl\u0131k Yard\u0131mc\u0131l\u0131\u011f\u0131, Turizm, K\u00fclt\u00fcr, Gen\u00e7lik ve \u00c7evre Bakanl\u0131\u011f\u0131\u2019na ba\u011fl\u0131 \u00c7evre Koruma Dairesi \u0130\u015fbirli\u011fiyle Ku\u015flar\u0131 ve Do\u011fay\u0131 Koruma Derne\u011fi (KU\u015eKOR) taraf\u0131ndan hayata ge\u00e7irilen \u201cK\u0131br\u0131s\u2019\u0131n Son Kartal\u0131\u201d hakk\u0131ndaki k\u0131sa belgesel seyirciyle bulu\u015fuyor. BonBonTrack (K\u0131br\u0131s\u2019\u0131n Son Kartal\u0131) isimli belgeselin pr\u00f6miyeri bug\u00fcn saat 18.00\u2019de Avenue Cinemax sponsorlu\u011funda ger\u00e7ekle\u015ftirilecek. BonBonTrack isimli 15 [&hellip;]","og_url":"https:\/\/kuzeyinsesi.org\/index.php\/2024\/08\/12\/kibrisin-son-kartali-belgeselinin-promiyeri-bugun-yapilacak\/","og_site_name":"Kuzeyin Sesi","article_publisher":"https:\/\/www.facebook.com\/kuzeyinsesii","article_published_time":"2024-08-12T09:42:39+00:00","og_image":[{"url":"https:\/\/brtk.net\/wp-content\/uploads\/2024\/08\/09\/kuskor.jpg?ver=71e640b7b208002158c260b12dff63c8","type":"","width":"","height":""}],"author":"Kuzeyin Sesi","twitter_card":"summary_large_image","twitter_creator":"@kuzeyinsesii","twitter_site":"@kuzeyinsesii","twitter_misc":{"Yazan:":"Kuzeyin Sesi","Tahmini okuma s\u00fcresi":"1 dakika"},"schema":{"@context":"https:\/\/schema.org","@graph":[{"@type":"Article","@id":"https:\/\/kuzeyinsesi.org\/index.php\/2024\/08\/12\/kibrisin-son-kartali-belgeselinin-promiyeri-bugun-yapilacak\/#article","isPartOf":{"@id":"https:\/\/kuzeyinsesi.org\/index.php\/2024\/08\/12\/kibrisin-son-kartali-belgeselinin-promiyeri-bugun-yapilacak\/"},"author":{"name":"Kuzeyin Sesi","@id":"https:\/\/kuzeyinsesi.org\/#\/schema\/person\/9f859689cdf01485597712386e37f5aa"},"headline":"\u201cK\u0131br\u0131s\u2019\u0131n Son Kartal\u0131\u201d belgeselinin pr\u00f6miyeri bug\u00fcn yap\u0131lacak","datePublished":"2024-08-12T09:42:39+00:00","mainEntityOfPage":{"@id":"https:\/\/kuzeyinsesi.org\/index.php\/2024\/08\/12\/kibrisin-son-kartali-belgeselinin-promiyeri-bugun-yapilacak\/"},"wordCount":134,"commentCount":0,"image":{"@id":"https:\/\/kuzeyinsesi.org\/index.php\/2024\/08\/12\/kibrisin-son-kartali-belgeselinin-promiyeri-bugun-yapilacak\/#primaryimage"},"thumbnailUrl":"https:\/\/kuzeyinsesi.org\/wp-content\/uploads\/2024\/08\/1723455767_kuskor.jpg","articleSection":["Ya\u015fam"],"inLanguage":"tr","potentialAction":[{"@type":"CommentAction","name":"Comment","target":["https:\/\/kuzeyinsesi.org\/index.php\/2024\/08\/12\/kibrisin-son-kartali-belgeselinin-promiyeri-bugun-yapilacak\/#respond"]}]},{"@type":"WebPage","@id":"https:\/\/kuzeyinsesi.org\/index.php\/2024\/08\/12\/kibrisin-son-kartali-belgeselinin-promiyeri-bugun-yapilacak\/","url":"https:\/\/kuzeyinsesi.org\/index.php\/2024\/08\/12\/kibrisin-son-kartali-belgeselinin-promiyeri-bugun-yapilacak\/","name":"\u201cK\u0131br\u0131s\u2019\u0131n Son Kartal\u0131\u201d belgeselinin pr\u00f6miyeri bug\u00fcn yap\u0131lacak - Kuzeyin Sesi","isPartOf":{"@id":"https:\/\/kuzeyinsesi.org\/#website"},"primaryImageOfPage":{"@id":"https:\/\/kuzeyinsesi.org\/index.php\/2024\/08\/12\/kibrisin-son-kartali-belgeselinin-promiyeri-bugun-yapilacak\/#primaryimage"},"image":{"@id":"https:\/\/kuzeyinsesi.org\/index.php\/2024\/08\/12\/kibrisin-son-kartali-belgeselinin-promiyeri-bugun-yapilacak\/#primaryimage"},"thumbnailUrl":"https:\/\/kuzeyinsesi.org\/wp-content\/uploads\/2024\/08\/1723455767_kuskor.jpg","datePublished":"2024-08-12T09:42:39+00:00","author":{"@id":"https:\/\/kuzeyinsesi.org\/#\/schema\/person\/9f859689cdf01485597712386e37f5aa"},"breadcrumb":{"@id":"https:\/\/kuzeyinsesi.org\/index.php\/2024\/08\/12\/kibrisin-son-kartali-belgeselinin-promiyeri-bugun-yapilacak\/#breadcrumb"},"inLanguage":"tr","potentialAction":[{"@type":"ReadAction","target":["https:\/\/kuzeyinsesi.org\/index.php\/2024\/08\/12\/kibrisin-son-kartali-belgeselinin-promiyeri-bugun-yapilacak\/"]}]},{"@type":"ImageObject","inLanguage":"tr","@id":"https:\/\/kuzeyinsesi.org\/index.php\/2024\/08\/12\/kibrisin-son-kartali-belgeselinin-promiyeri-bugun-yapilacak\/#primaryimage","url":"https:\/\/kuzeyinsesi.org\/wp-content\/uploads\/2024\/08\/1723455767_kuskor.jpg","contentUrl":"https:\/\/kuzeyinsesi.org\/wp-content\/uploads\/2024\/08\/1723455767_kuskor.jpg","width":1125,"height":797},{"@type":"BreadcrumbList","@id":"https:\/\/kuzeyinsesi.org\/index.php\/2024\/08\/12\/kibrisin-son-kartali-belgeselinin-promiyeri-bugun-yapilacak\/#breadcrumb","itemListElement":[{"@type":"ListItem","position":1,"name":"Anasayfa","item":"https:\/\/kuzeyinsesi.org\/"},{"@type":"ListItem","position":2,"name":"\u201cK\u0131br\u0131s\u2019\u0131n Son Kartal\u0131\u201d belgeselinin pr\u00f6miyeri bug\u00fcn yap\u0131lacak"}]},{"@type":"WebSite","@id":"https:\/\/kuzeyinsesi.org\/#website","url":"https:\/\/kuzeyinsesi.org\/","name":"Kuzeyin Sesi","description":"Do\u011fru Haberin Adresi","potentialAction":[{"@type":"SearchAction","target":{"@type":"EntryPoint","urlTemplate":"https:\/\/kuzeyinsesi.org\/?s={search_term_string}"},"query-input":{"@type":"PropertyValueSpecification","valueRequired":true,"valueName":"search_term_string"}}],"inLanguage":"tr"},{"@type":"Person","@id":"https:\/\/kuzeyinsesi.org\/#\/schema\/person\/9f859689cdf01485597712386e37f5aa","name":"Kuzeyin Sesi","image":{"@type":"ImageObject","inLanguage":"tr","@id":"https:\/\/secure.gravatar.com\/avatar\/bab33852abfd8b282518d6ed81826833d77c3c882d9ab608add591ccace47a44?s=96&d=mm&r=g","url":"https:\/\/secure.gravatar.com\/avatar\/bab33852abfd8b282518d6ed81826833d77c3c882d9ab608add591ccace47a44?s=96&d=mm&r=g","contentUrl":"https:\/\/secure.gravatar.com\/avatar\/bab33852abfd8b282518d6ed81826833d77c3c882d9ab608add591ccace47a44?s=96&d=mm&r=g","caption":"Kuzeyin Sesi"},"sameAs":["https:\/\/kuzeyinsesi.org"],"url":"https:\/\/kuzeyinsesi.org\/index.php\/author\/guven\/"}]}},"_links":{"self":[{"href":"https:\/\/kuzeyinsesi.org\/index.php\/wp-json\/wp\/v2\/posts\/7814","targetHints":{"allow":["GET"]}}],"collection":[{"href":"https:\/\/kuzeyinsesi.org\/index.php\/wp-json\/wp\/v2\/posts"}],"about":[{"href":"https:\/\/kuzeyinsesi.org\/index.php\/wp-json\/wp\/v2\/types\/post"}],"author":[{"embeddable":true,"href":"https:\/\/kuzeyinsesi.org\/index.php\/wp-json\/wp\/v2\/users\/1"}],"replies":[{"embeddable":true,"href":"https:\/\/kuzeyinsesi.org\/index.php\/wp-json\/wp\/v2\/comments?post=7814"}],"version-history":[{"count":0,"href":"https:\/\/kuzeyinsesi.org\/index.php\/wp-json\/wp\/v2\/posts\/7814\/revisions"}],"wp:featuredmedia":[{"embeddable":true,"href":"https:\/\/kuzeyinsesi.org\/index.php\/wp-json\/wp\/v2\/media\/7815"}],"wp:attachment":[{"href":"https:\/\/kuzeyinsesi.org\/index.php\/wp-json\/wp\/v2\/media?parent=7814"}],"wp:term":[{"taxonomy":"category","embeddable":true,"href":"https:\/\/kuzeyinsesi.org\/index.php\/wp-json\/wp\/v2\/categories?post=7814"},{"taxonomy":"post_tag","embeddable":true,"href":"https:\/\/kuzeyinsesi.org\/index.php\/wp-json\/wp\/v2\/tags?post=7814"}],"curies":[{"name":"wp","href":"https:\/\/api.w.org\/{rel}","templated":true}]}}