{"id":7812,"date":"2024-08-12T11:41:02","date_gmt":"2024-08-12T08:41:02","guid":{"rendered":"https:\/\/kuzeyinsesi.org\/index.php\/2024\/08\/12\/62-geleneksel-mehmetcik-uzum-festivali-sona-erdi\/"},"modified":"2024-08-12T11:41:02","modified_gmt":"2024-08-12T08:41:02","slug":"62-geleneksel-mehmetcik-uzum-festivali-sona-erdi","status":"publish","type":"post","link":"https:\/\/kuzeyinsesi.org\/index.php\/2024\/08\/12\/62-geleneksel-mehmetcik-uzum-festivali-sona-erdi\/","title":{"rendered":"62. Geleneksel Mehmet\u00e7ik \u00dcz\u00fcm Festivali sona erdi"},"content":{"rendered":"<div>\n<div class=\"mariselle-image-container center\">\n                                            <\/div>\n<p>\t\u00dcz\u00fcm ve \u00fcz\u00fcm \u00fcr\u00fcnlerinin \u00f6n plana \u00e7\u0131kar\u0131ld\u0131\u011f\u0131 62. Geleneksel Mehmet\u00e7ik<br \/>\u00dcz\u00fcm Festivali sona erdi.<\/p>\n<p>Mehmet\u00e7ik B\u00fcy\u00fckkonuk Belediyesi taraf\u0131ndan d\u00fczenlenen Festivalin son<br \/>g\u00fcn\u00fcnde sevilen sanat\u00e7\u0131 \u0130rem Derici sahne ald\u0131.<\/p>\n<p>\tDerici performans\u0131 ile be\u011feni toplad\u0131.<\/p>\n<\/p><\/div>\n<p><script async\n                    defer\n                    crossorigin=\"anonymous\"\n                    src=\"https:\/\/connect.facebook.net\/tr_TR\/sdk.js#xfbml=1&#038;version=v3.3\"\n            ><\/script><\/p>\n","protected":false},"excerpt":{"rendered":"<p>\u00dcz\u00fcm ve \u00fcz\u00fcm \u00fcr\u00fcnlerinin \u00f6n plana \u00e7\u0131kar\u0131ld\u0131\u011f\u0131 62. Geleneksel Mehmet\u00e7ik\u00dcz\u00fcm Festivali sona erdi. Mehmet\u00e7ik B\u00fcy\u00fckkonuk Belediyesi taraf\u0131ndan d\u00fczenlenen Festivalin song\u00fcn\u00fcnde sevilen sanat\u00e7\u0131 \u0130rem Derici sahne ald\u0131. Derici performans\u0131 ile be\u011feni toplad\u0131.<\/p>\n","protected":false},"author":1,"featured_media":7813,"comment_status":"open","ping_status":"open","sticky":false,"template":"","format":"standard","meta":{"jnews-multi-image_gallery":[],"jnews_single_post":[],"jnews_primary_category":[],"jnews_social_meta":[],"jnews_override_counter":[],"footnotes":""},"categories":[6],"tags":[],"class_list":["post-7812","post","type-post","status-publish","format-standard","has-post-thumbnail","hentry","category-yasam"],"yoast_head":"<!-- This site is optimized with the Yoast SEO plugin v27.5 - https:\/\/yoast.com\/product\/yoast-seo-wordpress\/ -->\n<title>62. Geleneksel Mehmet\u00e7ik \u00dcz\u00fcm Festivali sona erdi - Kuzeyin Sesi<\/title>\n<meta name=\"robots\" content=\"index, follow, max-snippet:-1, max-image-preview:large, max-video-preview:-1\" \/>\n<link rel=\"canonical\" href=\"https:\/\/kuzeyinsesi.org\/index.php\/2024\/08\/12\/62-geleneksel-mehmetcik-uzum-festivali-sona-erdi\/\" \/>\n<meta property=\"og:locale\" content=\"tr_TR\" \/>\n<meta property=\"og:type\" content=\"article\" \/>\n<meta property=\"og:title\" content=\"62. Geleneksel Mehmet\u00e7ik \u00dcz\u00fcm Festivali sona erdi - Kuzeyin Sesi\" \/>\n<meta property=\"og:description\" content=\"\u00dcz\u00fcm ve \u00fcz\u00fcm \u00fcr\u00fcnlerinin \u00f6n plana \u00e7\u0131kar\u0131ld\u0131\u011f\u0131 62. Geleneksel Mehmet\u00e7ik\u00dcz\u00fcm Festivali sona erdi. Mehmet\u00e7ik B\u00fcy\u00fckkonuk Belediyesi taraf\u0131ndan d\u00fczenlenen Festivalin song\u00fcn\u00fcnde sevilen sanat\u00e7\u0131 \u0130rem Derici sahne ald\u0131. Derici performans\u0131 ile be\u011feni toplad\u0131.\" \/>\n<meta property=\"og:url\" content=\"https:\/\/kuzeyinsesi.org\/index.php\/2024\/08\/12\/62-geleneksel-mehmetcik-uzum-festivali-sona-erdi\/\" \/>\n<meta property=\"og:site_name\" content=\"Kuzeyin Sesi\" \/>\n<meta property=\"article:publisher\" content=\"https:\/\/www.facebook.com\/kuzeyinsesii\" \/>\n<meta property=\"article:published_time\" content=\"2024-08-12T08:41:02+00:00\" \/>\n<meta property=\"og:image\" content=\"https:\/\/brtk.net\/wp-content\/uploads\/2024\/08\/12\/swsdassdka.jpg?ver=51135a4c39aaab062c0a27a8a8bef2ff\" \/>\n<meta name=\"author\" content=\"Kuzeyin Sesi\" \/>\n<meta name=\"twitter:card\" content=\"summary_large_image\" \/>\n<meta name=\"twitter:creator\" content=\"@kuzeyinsesii\" \/>\n<meta name=\"twitter:site\" content=\"@kuzeyinsesii\" \/>\n<meta name=\"twitter:label1\" content=\"Yazan:\" \/>\n\t<meta name=\"twitter:data1\" content=\"Kuzeyin Sesi\" \/>\n<script type=\"application\/ld+json\" class=\"yoast-schema-graph\">{\"@context\":\"https:\\\/\\\/schema.org\",\"@graph\":[{\"@type\":\"Article\",\"@id\":\"https:\\\/\\\/kuzeyinsesi.org\\\/index.php\\\/2024\\\/08\\\/12\\\/62-geleneksel-mehmetcik-uzum-festivali-sona-erdi\\\/#article\",\"isPartOf\":{\"@id\":\"https:\\\/\\\/kuzeyinsesi.org\\\/index.php\\\/2024\\\/08\\\/12\\\/62-geleneksel-mehmetcik-uzum-festivali-sona-erdi\\\/\"},\"author\":{\"name\":\"Kuzeyin Sesi\",\"@id\":\"https:\\\/\\\/kuzeyinsesi.org\\\/#\\\/schema\\\/person\\\/9f859689cdf01485597712386e37f5aa\"},\"headline\":\"62. Geleneksel Mehmet\u00e7ik \u00dcz\u00fcm Festivali sona erdi\",\"datePublished\":\"2024-08-12T08:41:02+00:00\",\"mainEntityOfPage\":{\"@id\":\"https:\\\/\\\/kuzeyinsesi.org\\\/index.php\\\/2024\\\/08\\\/12\\\/62-geleneksel-mehmetcik-uzum-festivali-sona-erdi\\\/\"},\"wordCount\":53,\"commentCount\":0,\"image\":{\"@id\":\"https:\\\/\\\/kuzeyinsesi.org\\\/index.php\\\/2024\\\/08\\\/12\\\/62-geleneksel-mehmetcik-uzum-festivali-sona-erdi\\\/#primaryimage\"},\"thumbnailUrl\":\"https:\\\/\\\/kuzeyinsesi.org\\\/wp-content\\\/uploads\\\/2024\\\/08\\\/swsdassdka.jpg\",\"articleSection\":[\"Ya\u015fam\"],\"inLanguage\":\"tr\",\"potentialAction\":[{\"@type\":\"CommentAction\",\"name\":\"Comment\",\"target\":[\"https:\\\/\\\/kuzeyinsesi.org\\\/index.php\\\/2024\\\/08\\\/12\\\/62-geleneksel-mehmetcik-uzum-festivali-sona-erdi\\\/#respond\"]}]},{\"@type\":\"WebPage\",\"@id\":\"https:\\\/\\\/kuzeyinsesi.org\\\/index.php\\\/2024\\\/08\\\/12\\\/62-geleneksel-mehmetcik-uzum-festivali-sona-erdi\\\/\",\"url\":\"https:\\\/\\\/kuzeyinsesi.org\\\/index.php\\\/2024\\\/08\\\/12\\\/62-geleneksel-mehmetcik-uzum-festivali-sona-erdi\\\/\",\"name\":\"62. Geleneksel Mehmet\u00e7ik \u00dcz\u00fcm Festivali sona erdi - Kuzeyin Sesi\",\"isPartOf\":{\"@id\":\"https:\\\/\\\/kuzeyinsesi.org\\\/#website\"},\"primaryImageOfPage\":{\"@id\":\"https:\\\/\\\/kuzeyinsesi.org\\\/index.php\\\/2024\\\/08\\\/12\\\/62-geleneksel-mehmetcik-uzum-festivali-sona-erdi\\\/#primaryimage\"},\"image\":{\"@id\":\"https:\\\/\\\/kuzeyinsesi.org\\\/index.php\\\/2024\\\/08\\\/12\\\/62-geleneksel-mehmetcik-uzum-festivali-sona-erdi\\\/#primaryimage\"},\"thumbnailUrl\":\"https:\\\/\\\/kuzeyinsesi.org\\\/wp-content\\\/uploads\\\/2024\\\/08\\\/swsdassdka.jpg\",\"datePublished\":\"2024-08-12T08:41:02+00:00\",\"author\":{\"@id\":\"https:\\\/\\\/kuzeyinsesi.org\\\/#\\\/schema\\\/person\\\/9f859689cdf01485597712386e37f5aa\"},\"breadcrumb\":{\"@id\":\"https:\\\/\\\/kuzeyinsesi.org\\\/index.php\\\/2024\\\/08\\\/12\\\/62-geleneksel-mehmetcik-uzum-festivali-sona-erdi\\\/#breadcrumb\"},\"inLanguage\":\"tr\",\"potentialAction\":[{\"@type\":\"ReadAction\",\"target\":[\"https:\\\/\\\/kuzeyinsesi.org\\\/index.php\\\/2024\\\/08\\\/12\\\/62-geleneksel-mehmetcik-uzum-festivali-sona-erdi\\\/\"]}]},{\"@type\":\"ImageObject\",\"inLanguage\":\"tr\",\"@id\":\"https:\\\/\\\/kuzeyinsesi.org\\\/index.php\\\/2024\\\/08\\\/12\\\/62-geleneksel-mehmetcik-uzum-festivali-sona-erdi\\\/#primaryimage\",\"url\":\"https:\\\/\\\/kuzeyinsesi.org\\\/wp-content\\\/uploads\\\/2024\\\/08\\\/swsdassdka.jpg\",\"contentUrl\":\"https:\\\/\\\/kuzeyinsesi.org\\\/wp-content\\\/uploads\\\/2024\\\/08\\\/swsdassdka.jpg\",\"width\":958,\"height\":422},{\"@type\":\"BreadcrumbList\",\"@id\":\"https:\\\/\\\/kuzeyinsesi.org\\\/index.php\\\/2024\\\/08\\\/12\\\/62-geleneksel-mehmetcik-uzum-festivali-sona-erdi\\\/#breadcrumb\",\"itemListElement\":[{\"@type\":\"ListItem\",\"position\":1,\"name\":\"Anasayfa\",\"item\":\"https:\\\/\\\/kuzeyinsesi.org\\\/\"},{\"@type\":\"ListItem\",\"position\":2,\"name\":\"62. Geleneksel Mehmet\u00e7ik \u00dcz\u00fcm Festivali sona erdi\"}]},{\"@type\":\"WebSite\",\"@id\":\"https:\\\/\\\/kuzeyinsesi.org\\\/#website\",\"url\":\"https:\\\/\\\/kuzeyinsesi.org\\\/\",\"name\":\"Kuzeyin Sesi\",\"description\":\"Do\u011fru Haberin Adresi\",\"potentialAction\":[{\"@type\":\"SearchAction\",\"target\":{\"@type\":\"EntryPoint\",\"urlTemplate\":\"https:\\\/\\\/kuzeyinsesi.org\\\/?s={search_term_string}\"},\"query-input\":{\"@type\":\"PropertyValueSpecification\",\"valueRequired\":true,\"valueName\":\"search_term_string\"}}],\"inLanguage\":\"tr\"},{\"@type\":\"Person\",\"@id\":\"https:\\\/\\\/kuzeyinsesi.org\\\/#\\\/schema\\\/person\\\/9f859689cdf01485597712386e37f5aa\",\"name\":\"Kuzeyin Sesi\",\"image\":{\"@type\":\"ImageObject\",\"inLanguage\":\"tr\",\"@id\":\"https:\\\/\\\/secure.gravatar.com\\\/avatar\\\/bab33852abfd8b282518d6ed81826833d77c3c882d9ab608add591ccace47a44?s=96&d=mm&r=g\",\"url\":\"https:\\\/\\\/secure.gravatar.com\\\/avatar\\\/bab33852abfd8b282518d6ed81826833d77c3c882d9ab608add591ccace47a44?s=96&d=mm&r=g\",\"contentUrl\":\"https:\\\/\\\/secure.gravatar.com\\\/avatar\\\/bab33852abfd8b282518d6ed81826833d77c3c882d9ab608add591ccace47a44?s=96&d=mm&r=g\",\"caption\":\"Kuzeyin Sesi\"},\"sameAs\":[\"https:\\\/\\\/kuzeyinsesi.org\"],\"url\":\"https:\\\/\\\/kuzeyinsesi.org\\\/index.php\\\/author\\\/guven\\\/\"}]}<\/script>\n<!-- \/ Yoast SEO plugin. -->","yoast_head_json":{"title":"62. Geleneksel Mehmet\u00e7ik \u00dcz\u00fcm Festivali sona erdi - Kuzeyin Sesi","robots":{"index":"index","follow":"follow","max-snippet":"max-snippet:-1","max-image-preview":"max-image-preview:large","max-video-preview":"max-video-preview:-1"},"canonical":"https:\/\/kuzeyinsesi.org\/index.php\/2024\/08\/12\/62-geleneksel-mehmetcik-uzum-festivali-sona-erdi\/","og_locale":"tr_TR","og_type":"article","og_title":"62. Geleneksel Mehmet\u00e7ik \u00dcz\u00fcm Festivali sona erdi - Kuzeyin Sesi","og_description":"\u00dcz\u00fcm ve \u00fcz\u00fcm \u00fcr\u00fcnlerinin \u00f6n plana \u00e7\u0131kar\u0131ld\u0131\u011f\u0131 62. Geleneksel Mehmet\u00e7ik\u00dcz\u00fcm Festivali sona erdi. Mehmet\u00e7ik B\u00fcy\u00fckkonuk Belediyesi taraf\u0131ndan d\u00fczenlenen Festivalin song\u00fcn\u00fcnde sevilen sanat\u00e7\u0131 \u0130rem Derici sahne ald\u0131. Derici performans\u0131 ile be\u011feni toplad\u0131.","og_url":"https:\/\/kuzeyinsesi.org\/index.php\/2024\/08\/12\/62-geleneksel-mehmetcik-uzum-festivali-sona-erdi\/","og_site_name":"Kuzeyin Sesi","article_publisher":"https:\/\/www.facebook.com\/kuzeyinsesii","article_published_time":"2024-08-12T08:41:02+00:00","og_image":[{"url":"https:\/\/brtk.net\/wp-content\/uploads\/2024\/08\/12\/swsdassdka.jpg?ver=51135a4c39aaab062c0a27a8a8bef2ff","type":"","width":"","height":""}],"author":"Kuzeyin Sesi","twitter_card":"summary_large_image","twitter_creator":"@kuzeyinsesii","twitter_site":"@kuzeyinsesii","twitter_misc":{"Yazan:":"Kuzeyin Sesi"},"schema":{"@context":"https:\/\/schema.org","@graph":[{"@type":"Article","@id":"https:\/\/kuzeyinsesi.org\/index.php\/2024\/08\/12\/62-geleneksel-mehmetcik-uzum-festivali-sona-erdi\/#article","isPartOf":{"@id":"https:\/\/kuzeyinsesi.org\/index.php\/2024\/08\/12\/62-geleneksel-mehmetcik-uzum-festivali-sona-erdi\/"},"author":{"name":"Kuzeyin Sesi","@id":"https:\/\/kuzeyinsesi.org\/#\/schema\/person\/9f859689cdf01485597712386e37f5aa"},"headline":"62. Geleneksel Mehmet\u00e7ik \u00dcz\u00fcm Festivali sona erdi","datePublished":"2024-08-12T08:41:02+00:00","mainEntityOfPage":{"@id":"https:\/\/kuzeyinsesi.org\/index.php\/2024\/08\/12\/62-geleneksel-mehmetcik-uzum-festivali-sona-erdi\/"},"wordCount":53,"commentCount":0,"image":{"@id":"https:\/\/kuzeyinsesi.org\/index.php\/2024\/08\/12\/62-geleneksel-mehmetcik-uzum-festivali-sona-erdi\/#primaryimage"},"thumbnailUrl":"https:\/\/kuzeyinsesi.org\/wp-content\/uploads\/2024\/08\/swsdassdka.jpg","articleSection":["Ya\u015fam"],"inLanguage":"tr","potentialAction":[{"@type":"CommentAction","name":"Comment","target":["https:\/\/kuzeyinsesi.org\/index.php\/2024\/08\/12\/62-geleneksel-mehmetcik-uzum-festivali-sona-erdi\/#respond"]}]},{"@type":"WebPage","@id":"https:\/\/kuzeyinsesi.org\/index.php\/2024\/08\/12\/62-geleneksel-mehmetcik-uzum-festivali-sona-erdi\/","url":"https:\/\/kuzeyinsesi.org\/index.php\/2024\/08\/12\/62-geleneksel-mehmetcik-uzum-festivali-sona-erdi\/","name":"62. Geleneksel Mehmet\u00e7ik \u00dcz\u00fcm Festivali sona erdi - Kuzeyin Sesi","isPartOf":{"@id":"https:\/\/kuzeyinsesi.org\/#website"},"primaryImageOfPage":{"@id":"https:\/\/kuzeyinsesi.org\/index.php\/2024\/08\/12\/62-geleneksel-mehmetcik-uzum-festivali-sona-erdi\/#primaryimage"},"image":{"@id":"https:\/\/kuzeyinsesi.org\/index.php\/2024\/08\/12\/62-geleneksel-mehmetcik-uzum-festivali-sona-erdi\/#primaryimage"},"thumbnailUrl":"https:\/\/kuzeyinsesi.org\/wp-content\/uploads\/2024\/08\/swsdassdka.jpg","datePublished":"2024-08-12T08:41:02+00:00","author":{"@id":"https:\/\/kuzeyinsesi.org\/#\/schema\/person\/9f859689cdf01485597712386e37f5aa"},"breadcrumb":{"@id":"https:\/\/kuzeyinsesi.org\/index.php\/2024\/08\/12\/62-geleneksel-mehmetcik-uzum-festivali-sona-erdi\/#breadcrumb"},"inLanguage":"tr","potentialAction":[{"@type":"ReadAction","target":["https:\/\/kuzeyinsesi.org\/index.php\/2024\/08\/12\/62-geleneksel-mehmetcik-uzum-festivali-sona-erdi\/"]}]},{"@type":"ImageObject","inLanguage":"tr","@id":"https:\/\/kuzeyinsesi.org\/index.php\/2024\/08\/12\/62-geleneksel-mehmetcik-uzum-festivali-sona-erdi\/#primaryimage","url":"https:\/\/kuzeyinsesi.org\/wp-content\/uploads\/2024\/08\/swsdassdka.jpg","contentUrl":"https:\/\/kuzeyinsesi.org\/wp-content\/uploads\/2024\/08\/swsdassdka.jpg","width":958,"height":422},{"@type":"BreadcrumbList","@id":"https:\/\/kuzeyinsesi.org\/index.php\/2024\/08\/12\/62-geleneksel-mehmetcik-uzum-festivali-sona-erdi\/#breadcrumb","itemListElement":[{"@type":"ListItem","position":1,"name":"Anasayfa","item":"https:\/\/kuzeyinsesi.org\/"},{"@type":"ListItem","position":2,"name":"62. Geleneksel Mehmet\u00e7ik \u00dcz\u00fcm Festivali sona erdi"}]},{"@type":"WebSite","@id":"https:\/\/kuzeyinsesi.org\/#website","url":"https:\/\/kuzeyinsesi.org\/","name":"Kuzeyin Sesi","description":"Do\u011fru Haberin Adresi","potentialAction":[{"@type":"SearchAction","target":{"@type":"EntryPoint","urlTemplate":"https:\/\/kuzeyinsesi.org\/?s={search_term_string}"},"query-input":{"@type":"PropertyValueSpecification","valueRequired":true,"valueName":"search_term_string"}}],"inLanguage":"tr"},{"@type":"Person","@id":"https:\/\/kuzeyinsesi.org\/#\/schema\/person\/9f859689cdf01485597712386e37f5aa","name":"Kuzeyin Sesi","image":{"@type":"ImageObject","inLanguage":"tr","@id":"https:\/\/secure.gravatar.com\/avatar\/bab33852abfd8b282518d6ed81826833d77c3c882d9ab608add591ccace47a44?s=96&d=mm&r=g","url":"https:\/\/secure.gravatar.com\/avatar\/bab33852abfd8b282518d6ed81826833d77c3c882d9ab608add591ccace47a44?s=96&d=mm&r=g","contentUrl":"https:\/\/secure.gravatar.com\/avatar\/bab33852abfd8b282518d6ed81826833d77c3c882d9ab608add591ccace47a44?s=96&d=mm&r=g","caption":"Kuzeyin Sesi"},"sameAs":["https:\/\/kuzeyinsesi.org"],"url":"https:\/\/kuzeyinsesi.org\/index.php\/author\/guven\/"}]}},"_links":{"self":[{"href":"https:\/\/kuzeyinsesi.org\/index.php\/wp-json\/wp\/v2\/posts\/7812","targetHints":{"allow":["GET"]}}],"collection":[{"href":"https:\/\/kuzeyinsesi.org\/index.php\/wp-json\/wp\/v2\/posts"}],"about":[{"href":"https:\/\/kuzeyinsesi.org\/index.php\/wp-json\/wp\/v2\/types\/post"}],"author":[{"embeddable":true,"href":"https:\/\/kuzeyinsesi.org\/index.php\/wp-json\/wp\/v2\/users\/1"}],"replies":[{"embeddable":true,"href":"https:\/\/kuzeyinsesi.org\/index.php\/wp-json\/wp\/v2\/comments?post=7812"}],"version-history":[{"count":0,"href":"https:\/\/kuzeyinsesi.org\/index.php\/wp-json\/wp\/v2\/posts\/7812\/revisions"}],"wp:featuredmedia":[{"embeddable":true,"href":"https:\/\/kuzeyinsesi.org\/index.php\/wp-json\/wp\/v2\/media\/7813"}],"wp:attachment":[{"href":"https:\/\/kuzeyinsesi.org\/index.php\/wp-json\/wp\/v2\/media?parent=7812"}],"wp:term":[{"taxonomy":"category","embeddable":true,"href":"https:\/\/kuzeyinsesi.org\/index.php\/wp-json\/wp\/v2\/categories?post=7812"},{"taxonomy":"post_tag","embeddable":true,"href":"https:\/\/kuzeyinsesi.org\/index.php\/wp-json\/wp\/v2\/tags?post=7812"}],"curies":[{"name":"wp","href":"https:\/\/api.w.org\/{rel}","templated":true}]}}