{"id":7810,"date":"2024-08-12T10:40:13","date_gmt":"2024-08-12T07:40:13","guid":{"rendered":"https:\/\/kuzeyinsesi.org\/index.php\/2024\/08\/12\/15-lefkosa-genclik-gunleri-sut-babam-belgeseliyle-devam-etti\/"},"modified":"2024-08-12T10:40:13","modified_gmt":"2024-08-12T07:40:13","slug":"15-lefkosa-genclik-gunleri-sut-babam-belgeseliyle-devam-etti","status":"publish","type":"post","link":"https:\/\/kuzeyinsesi.org\/index.php\/2024\/08\/12\/15-lefkosa-genclik-gunleri-sut-babam-belgeseliyle-devam-etti\/","title":{"rendered":"15. Lefko\u015fa Gen\u00e7lik G\u00fcnleri S\u00fct Babam belgeseliyle devam etti"},"content":{"rendered":"<div>\n<div class=\"mariselle-image-container center\">\n                                            <\/div>\n<p> HASDER Gen\u00e7lik Kul\u00fcb\u00fc taraf\u0131ndan d\u00fczenlenen  15. Lefko\u015fa Gen\u00e7lik G\u00fcnleri  y\u00f6netmenli\u011fini Cemal Y\u0131ld\u0131r\u0131m\u2019\u0131n yapt\u0131\u011f\u0131 \u201cS\u00fct Babam\u201d belgesel film g\u00f6sterimiyle devam etti.<\/p>\n<p>HASDER Ba\u015fkan\u0131 Kani Kanol taraf\u0131ndan yap\u0131lan yaz\u0131l\u0131 a\u00e7\u0131klamaya g\u00f6re,  AB Bilgi Merkezi\u2019nin katk\u0131lar\u0131yla, merkez  bah\u00e7esinde g\u00f6sterilen belgeselde rol alan K\u0131br\u0131sl\u0131 T\u00fcrk ve Rum oyuncular, g\u00f6sterim sonras\u0131nda izleyicilerden gelen sorular\u0131 yan\u0131tlad\u0131; an\u0131lar\u0131n\u0131 anlatt\u0131.<\/p>\n<p>S\u00f6yle\u015fi b\u00f6l\u00fcm\u00fcn\u00fc y\u00f6neten ve \u00e7evirileri yapan Bekir Azg\u0131n ve filim y\u00f6netmeni Cemal Y\u0131ld\u0131r\u0131m da izleyenlere olay\u0131n ya\u015fand\u0131\u011f\u0131 d\u00f6nemle ilgili bilgiler verdi.<\/p>\n<p>Gecede, Avrupa Komisyonu Program Destek Ofisi\u2019nden, Program M\u00fcd\u00fcr\u00fc Deniz Birinci ve HASDER Gen\u00e7lik Kul\u00fcb\u00fc E\u015f Ba\u015fkan\u0131 Seden Beyit birer konu\u015fma yapt\u0131.<\/p>\n<p>Belgeselde, 1974 y\u0131l\u0131nda,  hen\u00fcz 3 ayl\u0131k ve hasta olan k\u0131z\u0131na bir kutu s\u00fct bulabilmek i\u00e7in, can\u0131n\u0131 tehlikeye atan K\u0131br\u0131sl\u0131 T\u00fcrk bir baba ile s\u00fct baba olarak anlat\u0131lan K\u0131br\u0131sl\u0131 Rum bir askerin ya\u015fad\u0131klar\u0131 aktar\u0131l\u0131yor.<\/p>\n<\/p><\/div>\n<p><script async\n                    defer\n                    crossorigin=\"anonymous\"\n                    src=\"https:\/\/connect.facebook.net\/tr_TR\/sdk.js#xfbml=1&#038;version=v3.3\"\n            ><\/script><\/p>\n","protected":false},"excerpt":{"rendered":"<p>HASDER Gen\u00e7lik Kul\u00fcb\u00fc taraf\u0131ndan d\u00fczenlenen 15. Lefko\u015fa Gen\u00e7lik G\u00fcnleri y\u00f6netmenli\u011fini Cemal Y\u0131ld\u0131r\u0131m\u2019\u0131n yapt\u0131\u011f\u0131 \u201cS\u00fct Babam\u201d belgesel film g\u00f6sterimiyle devam etti. HASDER Ba\u015fkan\u0131 Kani Kanol taraf\u0131ndan yap\u0131lan yaz\u0131l\u0131 a\u00e7\u0131klamaya g\u00f6re, AB Bilgi Merkezi\u2019nin katk\u0131lar\u0131yla, merkez bah\u00e7esinde g\u00f6sterilen belgeselde rol alan K\u0131br\u0131sl\u0131 T\u00fcrk ve Rum oyuncular, g\u00f6sterim sonras\u0131nda izleyicilerden gelen sorular\u0131 yan\u0131tlad\u0131; an\u0131lar\u0131n\u0131 anlatt\u0131. S\u00f6yle\u015fi b\u00f6l\u00fcm\u00fcn\u00fc y\u00f6neten [&hellip;]<\/p>\n","protected":false},"author":1,"featured_media":7811,"comment_status":"open","ping_status":"open","sticky":false,"template":"","format":"standard","meta":{"jnews-multi-image_gallery":[],"jnews_single_post":[],"jnews_primary_category":[],"jnews_social_meta":[],"jnews_override_counter":[],"footnotes":""},"categories":[6],"tags":[],"class_list":["post-7810","post","type-post","status-publish","format-standard","has-post-thumbnail","hentry","category-yasam"],"yoast_head":"<!-- This site is optimized with the Yoast SEO plugin v27.5 - https:\/\/yoast.com\/product\/yoast-seo-wordpress\/ -->\n<title>15. Lefko\u015fa Gen\u00e7lik G\u00fcnleri S\u00fct Babam belgeseliyle devam etti - Kuzeyin Sesi<\/title>\n<meta name=\"robots\" content=\"index, follow, max-snippet:-1, max-image-preview:large, max-video-preview:-1\" \/>\n<link rel=\"canonical\" href=\"https:\/\/kuzeyinsesi.org\/index.php\/2024\/08\/12\/15-lefkosa-genclik-gunleri-sut-babam-belgeseliyle-devam-etti\/\" \/>\n<meta property=\"og:locale\" content=\"tr_TR\" \/>\n<meta property=\"og:type\" content=\"article\" \/>\n<meta property=\"og:title\" content=\"15. Lefko\u015fa Gen\u00e7lik G\u00fcnleri S\u00fct Babam belgeseliyle devam etti - Kuzeyin Sesi\" \/>\n<meta property=\"og:description\" content=\"HASDER Gen\u00e7lik Kul\u00fcb\u00fc taraf\u0131ndan d\u00fczenlenen 15. Lefko\u015fa Gen\u00e7lik G\u00fcnleri y\u00f6netmenli\u011fini Cemal Y\u0131ld\u0131r\u0131m\u2019\u0131n yapt\u0131\u011f\u0131 \u201cS\u00fct Babam\u201d belgesel film g\u00f6sterimiyle devam etti. HASDER Ba\u015fkan\u0131 Kani Kanol taraf\u0131ndan yap\u0131lan yaz\u0131l\u0131 a\u00e7\u0131klamaya g\u00f6re, AB Bilgi Merkezi\u2019nin katk\u0131lar\u0131yla, merkez bah\u00e7esinde g\u00f6sterilen belgeselde rol alan K\u0131br\u0131sl\u0131 T\u00fcrk ve Rum oyuncular, g\u00f6sterim sonras\u0131nda izleyicilerden gelen sorular\u0131 yan\u0131tlad\u0131; an\u0131lar\u0131n\u0131 anlatt\u0131. S\u00f6yle\u015fi b\u00f6l\u00fcm\u00fcn\u00fc y\u00f6neten [&hellip;]\" \/>\n<meta property=\"og:url\" content=\"https:\/\/kuzeyinsesi.org\/index.php\/2024\/08\/12\/15-lefkosa-genclik-gunleri-sut-babam-belgeseliyle-devam-etti\/\" \/>\n<meta property=\"og:site_name\" content=\"Kuzeyin Sesi\" \/>\n<meta property=\"article:publisher\" content=\"https:\/\/www.facebook.com\/kuzeyinsesii\" \/>\n<meta property=\"article:published_time\" content=\"2024-08-12T07:40:13+00:00\" \/>\n<meta property=\"og:image\" content=\"https:\/\/brtk.net\/wp-content\/uploads\/2024\/08\/12\/asdksa.jpg?ver=1211c38c1808de92fef79b057f3fa112\" \/>\n<meta name=\"author\" content=\"Kuzeyin Sesi\" \/>\n<meta name=\"twitter:card\" content=\"summary_large_image\" \/>\n<meta name=\"twitter:creator\" content=\"@kuzeyinsesii\" \/>\n<meta name=\"twitter:site\" content=\"@kuzeyinsesii\" \/>\n<meta name=\"twitter:label1\" content=\"Yazan:\" \/>\n\t<meta name=\"twitter:data1\" content=\"Kuzeyin Sesi\" \/>\n\t<meta name=\"twitter:label2\" content=\"Tahmini okuma s\u00fcresi\" \/>\n\t<meta name=\"twitter:data2\" content=\"1 dakika\" \/>\n<script type=\"application\/ld+json\" class=\"yoast-schema-graph\">{\"@context\":\"https:\\\/\\\/schema.org\",\"@graph\":[{\"@type\":\"Article\",\"@id\":\"https:\\\/\\\/kuzeyinsesi.org\\\/index.php\\\/2024\\\/08\\\/12\\\/15-lefkosa-genclik-gunleri-sut-babam-belgeseliyle-devam-etti\\\/#article\",\"isPartOf\":{\"@id\":\"https:\\\/\\\/kuzeyinsesi.org\\\/index.php\\\/2024\\\/08\\\/12\\\/15-lefkosa-genclik-gunleri-sut-babam-belgeseliyle-devam-etti\\\/\"},\"author\":{\"name\":\"Kuzeyin Sesi\",\"@id\":\"https:\\\/\\\/kuzeyinsesi.org\\\/#\\\/schema\\\/person\\\/9f859689cdf01485597712386e37f5aa\"},\"headline\":\"15. Lefko\u015fa Gen\u00e7lik G\u00fcnleri S\u00fct Babam belgeseliyle devam etti\",\"datePublished\":\"2024-08-12T07:40:13+00:00\",\"mainEntityOfPage\":{\"@id\":\"https:\\\/\\\/kuzeyinsesi.org\\\/index.php\\\/2024\\\/08\\\/12\\\/15-lefkosa-genclik-gunleri-sut-babam-belgeseliyle-devam-etti\\\/\"},\"wordCount\":211,\"commentCount\":0,\"image\":{\"@id\":\"https:\\\/\\\/kuzeyinsesi.org\\\/index.php\\\/2024\\\/08\\\/12\\\/15-lefkosa-genclik-gunleri-sut-babam-belgeseliyle-devam-etti\\\/#primaryimage\"},\"thumbnailUrl\":\"https:\\\/\\\/kuzeyinsesi.org\\\/wp-content\\\/uploads\\\/2024\\\/08\\\/asdksa.jpg\",\"articleSection\":[\"Ya\u015fam\"],\"inLanguage\":\"tr\",\"potentialAction\":[{\"@type\":\"CommentAction\",\"name\":\"Comment\",\"target\":[\"https:\\\/\\\/kuzeyinsesi.org\\\/index.php\\\/2024\\\/08\\\/12\\\/15-lefkosa-genclik-gunleri-sut-babam-belgeseliyle-devam-etti\\\/#respond\"]}]},{\"@type\":\"WebPage\",\"@id\":\"https:\\\/\\\/kuzeyinsesi.org\\\/index.php\\\/2024\\\/08\\\/12\\\/15-lefkosa-genclik-gunleri-sut-babam-belgeseliyle-devam-etti\\\/\",\"url\":\"https:\\\/\\\/kuzeyinsesi.org\\\/index.php\\\/2024\\\/08\\\/12\\\/15-lefkosa-genclik-gunleri-sut-babam-belgeseliyle-devam-etti\\\/\",\"name\":\"15. Lefko\u015fa Gen\u00e7lik G\u00fcnleri S\u00fct Babam belgeseliyle devam etti - Kuzeyin Sesi\",\"isPartOf\":{\"@id\":\"https:\\\/\\\/kuzeyinsesi.org\\\/#website\"},\"primaryImageOfPage\":{\"@id\":\"https:\\\/\\\/kuzeyinsesi.org\\\/index.php\\\/2024\\\/08\\\/12\\\/15-lefkosa-genclik-gunleri-sut-babam-belgeseliyle-devam-etti\\\/#primaryimage\"},\"image\":{\"@id\":\"https:\\\/\\\/kuzeyinsesi.org\\\/index.php\\\/2024\\\/08\\\/12\\\/15-lefkosa-genclik-gunleri-sut-babam-belgeseliyle-devam-etti\\\/#primaryimage\"},\"thumbnailUrl\":\"https:\\\/\\\/kuzeyinsesi.org\\\/wp-content\\\/uploads\\\/2024\\\/08\\\/asdksa.jpg\",\"datePublished\":\"2024-08-12T07:40:13+00:00\",\"author\":{\"@id\":\"https:\\\/\\\/kuzeyinsesi.org\\\/#\\\/schema\\\/person\\\/9f859689cdf01485597712386e37f5aa\"},\"breadcrumb\":{\"@id\":\"https:\\\/\\\/kuzeyinsesi.org\\\/index.php\\\/2024\\\/08\\\/12\\\/15-lefkosa-genclik-gunleri-sut-babam-belgeseliyle-devam-etti\\\/#breadcrumb\"},\"inLanguage\":\"tr\",\"potentialAction\":[{\"@type\":\"ReadAction\",\"target\":[\"https:\\\/\\\/kuzeyinsesi.org\\\/index.php\\\/2024\\\/08\\\/12\\\/15-lefkosa-genclik-gunleri-sut-babam-belgeseliyle-devam-etti\\\/\"]}]},{\"@type\":\"ImageObject\",\"inLanguage\":\"tr\",\"@id\":\"https:\\\/\\\/kuzeyinsesi.org\\\/index.php\\\/2024\\\/08\\\/12\\\/15-lefkosa-genclik-gunleri-sut-babam-belgeseliyle-devam-etti\\\/#primaryimage\",\"url\":\"https:\\\/\\\/kuzeyinsesi.org\\\/wp-content\\\/uploads\\\/2024\\\/08\\\/asdksa.jpg\",\"contentUrl\":\"https:\\\/\\\/kuzeyinsesi.org\\\/wp-content\\\/uploads\\\/2024\\\/08\\\/asdksa.jpg\",\"width\":913,\"height\":379},{\"@type\":\"BreadcrumbList\",\"@id\":\"https:\\\/\\\/kuzeyinsesi.org\\\/index.php\\\/2024\\\/08\\\/12\\\/15-lefkosa-genclik-gunleri-sut-babam-belgeseliyle-devam-etti\\\/#breadcrumb\",\"itemListElement\":[{\"@type\":\"ListItem\",\"position\":1,\"name\":\"Anasayfa\",\"item\":\"https:\\\/\\\/kuzeyinsesi.org\\\/\"},{\"@type\":\"ListItem\",\"position\":2,\"name\":\"15. Lefko\u015fa Gen\u00e7lik G\u00fcnleri S\u00fct Babam belgeseliyle devam etti\"}]},{\"@type\":\"WebSite\",\"@id\":\"https:\\\/\\\/kuzeyinsesi.org\\\/#website\",\"url\":\"https:\\\/\\\/kuzeyinsesi.org\\\/\",\"name\":\"Kuzeyin Sesi\",\"description\":\"Do\u011fru Haberin Adresi\",\"potentialAction\":[{\"@type\":\"SearchAction\",\"target\":{\"@type\":\"EntryPoint\",\"urlTemplate\":\"https:\\\/\\\/kuzeyinsesi.org\\\/?s={search_term_string}\"},\"query-input\":{\"@type\":\"PropertyValueSpecification\",\"valueRequired\":true,\"valueName\":\"search_term_string\"}}],\"inLanguage\":\"tr\"},{\"@type\":\"Person\",\"@id\":\"https:\\\/\\\/kuzeyinsesi.org\\\/#\\\/schema\\\/person\\\/9f859689cdf01485597712386e37f5aa\",\"name\":\"Kuzeyin Sesi\",\"image\":{\"@type\":\"ImageObject\",\"inLanguage\":\"tr\",\"@id\":\"https:\\\/\\\/secure.gravatar.com\\\/avatar\\\/bab33852abfd8b282518d6ed81826833d77c3c882d9ab608add591ccace47a44?s=96&d=mm&r=g\",\"url\":\"https:\\\/\\\/secure.gravatar.com\\\/avatar\\\/bab33852abfd8b282518d6ed81826833d77c3c882d9ab608add591ccace47a44?s=96&d=mm&r=g\",\"contentUrl\":\"https:\\\/\\\/secure.gravatar.com\\\/avatar\\\/bab33852abfd8b282518d6ed81826833d77c3c882d9ab608add591ccace47a44?s=96&d=mm&r=g\",\"caption\":\"Kuzeyin Sesi\"},\"sameAs\":[\"https:\\\/\\\/kuzeyinsesi.org\"],\"url\":\"https:\\\/\\\/kuzeyinsesi.org\\\/index.php\\\/author\\\/guven\\\/\"}]}<\/script>\n<!-- \/ Yoast SEO plugin. -->","yoast_head_json":{"title":"15. Lefko\u015fa Gen\u00e7lik G\u00fcnleri S\u00fct Babam belgeseliyle devam etti - Kuzeyin Sesi","robots":{"index":"index","follow":"follow","max-snippet":"max-snippet:-1","max-image-preview":"max-image-preview:large","max-video-preview":"max-video-preview:-1"},"canonical":"https:\/\/kuzeyinsesi.org\/index.php\/2024\/08\/12\/15-lefkosa-genclik-gunleri-sut-babam-belgeseliyle-devam-etti\/","og_locale":"tr_TR","og_type":"article","og_title":"15. Lefko\u015fa Gen\u00e7lik G\u00fcnleri S\u00fct Babam belgeseliyle devam etti - Kuzeyin Sesi","og_description":"HASDER Gen\u00e7lik Kul\u00fcb\u00fc taraf\u0131ndan d\u00fczenlenen 15. Lefko\u015fa Gen\u00e7lik G\u00fcnleri y\u00f6netmenli\u011fini Cemal Y\u0131ld\u0131r\u0131m\u2019\u0131n yapt\u0131\u011f\u0131 \u201cS\u00fct Babam\u201d belgesel film g\u00f6sterimiyle devam etti. HASDER Ba\u015fkan\u0131 Kani Kanol taraf\u0131ndan yap\u0131lan yaz\u0131l\u0131 a\u00e7\u0131klamaya g\u00f6re, AB Bilgi Merkezi\u2019nin katk\u0131lar\u0131yla, merkez bah\u00e7esinde g\u00f6sterilen belgeselde rol alan K\u0131br\u0131sl\u0131 T\u00fcrk ve Rum oyuncular, g\u00f6sterim sonras\u0131nda izleyicilerden gelen sorular\u0131 yan\u0131tlad\u0131; an\u0131lar\u0131n\u0131 anlatt\u0131. S\u00f6yle\u015fi b\u00f6l\u00fcm\u00fcn\u00fc y\u00f6neten [&hellip;]","og_url":"https:\/\/kuzeyinsesi.org\/index.php\/2024\/08\/12\/15-lefkosa-genclik-gunleri-sut-babam-belgeseliyle-devam-etti\/","og_site_name":"Kuzeyin Sesi","article_publisher":"https:\/\/www.facebook.com\/kuzeyinsesii","article_published_time":"2024-08-12T07:40:13+00:00","og_image":[{"url":"https:\/\/brtk.net\/wp-content\/uploads\/2024\/08\/12\/asdksa.jpg?ver=1211c38c1808de92fef79b057f3fa112","type":"","width":"","height":""}],"author":"Kuzeyin Sesi","twitter_card":"summary_large_image","twitter_creator":"@kuzeyinsesii","twitter_site":"@kuzeyinsesii","twitter_misc":{"Yazan:":"Kuzeyin Sesi","Tahmini okuma s\u00fcresi":"1 dakika"},"schema":{"@context":"https:\/\/schema.org","@graph":[{"@type":"Article","@id":"https:\/\/kuzeyinsesi.org\/index.php\/2024\/08\/12\/15-lefkosa-genclik-gunleri-sut-babam-belgeseliyle-devam-etti\/#article","isPartOf":{"@id":"https:\/\/kuzeyinsesi.org\/index.php\/2024\/08\/12\/15-lefkosa-genclik-gunleri-sut-babam-belgeseliyle-devam-etti\/"},"author":{"name":"Kuzeyin Sesi","@id":"https:\/\/kuzeyinsesi.org\/#\/schema\/person\/9f859689cdf01485597712386e37f5aa"},"headline":"15. Lefko\u015fa Gen\u00e7lik G\u00fcnleri S\u00fct Babam belgeseliyle devam etti","datePublished":"2024-08-12T07:40:13+00:00","mainEntityOfPage":{"@id":"https:\/\/kuzeyinsesi.org\/index.php\/2024\/08\/12\/15-lefkosa-genclik-gunleri-sut-babam-belgeseliyle-devam-etti\/"},"wordCount":211,"commentCount":0,"image":{"@id":"https:\/\/kuzeyinsesi.org\/index.php\/2024\/08\/12\/15-lefkosa-genclik-gunleri-sut-babam-belgeseliyle-devam-etti\/#primaryimage"},"thumbnailUrl":"https:\/\/kuzeyinsesi.org\/wp-content\/uploads\/2024\/08\/asdksa.jpg","articleSection":["Ya\u015fam"],"inLanguage":"tr","potentialAction":[{"@type":"CommentAction","name":"Comment","target":["https:\/\/kuzeyinsesi.org\/index.php\/2024\/08\/12\/15-lefkosa-genclik-gunleri-sut-babam-belgeseliyle-devam-etti\/#respond"]}]},{"@type":"WebPage","@id":"https:\/\/kuzeyinsesi.org\/index.php\/2024\/08\/12\/15-lefkosa-genclik-gunleri-sut-babam-belgeseliyle-devam-etti\/","url":"https:\/\/kuzeyinsesi.org\/index.php\/2024\/08\/12\/15-lefkosa-genclik-gunleri-sut-babam-belgeseliyle-devam-etti\/","name":"15. Lefko\u015fa Gen\u00e7lik G\u00fcnleri S\u00fct Babam belgeseliyle devam etti - Kuzeyin Sesi","isPartOf":{"@id":"https:\/\/kuzeyinsesi.org\/#website"},"primaryImageOfPage":{"@id":"https:\/\/kuzeyinsesi.org\/index.php\/2024\/08\/12\/15-lefkosa-genclik-gunleri-sut-babam-belgeseliyle-devam-etti\/#primaryimage"},"image":{"@id":"https:\/\/kuzeyinsesi.org\/index.php\/2024\/08\/12\/15-lefkosa-genclik-gunleri-sut-babam-belgeseliyle-devam-etti\/#primaryimage"},"thumbnailUrl":"https:\/\/kuzeyinsesi.org\/wp-content\/uploads\/2024\/08\/asdksa.jpg","datePublished":"2024-08-12T07:40:13+00:00","author":{"@id":"https:\/\/kuzeyinsesi.org\/#\/schema\/person\/9f859689cdf01485597712386e37f5aa"},"breadcrumb":{"@id":"https:\/\/kuzeyinsesi.org\/index.php\/2024\/08\/12\/15-lefkosa-genclik-gunleri-sut-babam-belgeseliyle-devam-etti\/#breadcrumb"},"inLanguage":"tr","potentialAction":[{"@type":"ReadAction","target":["https:\/\/kuzeyinsesi.org\/index.php\/2024\/08\/12\/15-lefkosa-genclik-gunleri-sut-babam-belgeseliyle-devam-etti\/"]}]},{"@type":"ImageObject","inLanguage":"tr","@id":"https:\/\/kuzeyinsesi.org\/index.php\/2024\/08\/12\/15-lefkosa-genclik-gunleri-sut-babam-belgeseliyle-devam-etti\/#primaryimage","url":"https:\/\/kuzeyinsesi.org\/wp-content\/uploads\/2024\/08\/asdksa.jpg","contentUrl":"https:\/\/kuzeyinsesi.org\/wp-content\/uploads\/2024\/08\/asdksa.jpg","width":913,"height":379},{"@type":"BreadcrumbList","@id":"https:\/\/kuzeyinsesi.org\/index.php\/2024\/08\/12\/15-lefkosa-genclik-gunleri-sut-babam-belgeseliyle-devam-etti\/#breadcrumb","itemListElement":[{"@type":"ListItem","position":1,"name":"Anasayfa","item":"https:\/\/kuzeyinsesi.org\/"},{"@type":"ListItem","position":2,"name":"15. Lefko\u015fa Gen\u00e7lik G\u00fcnleri S\u00fct Babam belgeseliyle devam etti"}]},{"@type":"WebSite","@id":"https:\/\/kuzeyinsesi.org\/#website","url":"https:\/\/kuzeyinsesi.org\/","name":"Kuzeyin Sesi","description":"Do\u011fru Haberin Adresi","potentialAction":[{"@type":"SearchAction","target":{"@type":"EntryPoint","urlTemplate":"https:\/\/kuzeyinsesi.org\/?s={search_term_string}"},"query-input":{"@type":"PropertyValueSpecification","valueRequired":true,"valueName":"search_term_string"}}],"inLanguage":"tr"},{"@type":"Person","@id":"https:\/\/kuzeyinsesi.org\/#\/schema\/person\/9f859689cdf01485597712386e37f5aa","name":"Kuzeyin Sesi","image":{"@type":"ImageObject","inLanguage":"tr","@id":"https:\/\/secure.gravatar.com\/avatar\/bab33852abfd8b282518d6ed81826833d77c3c882d9ab608add591ccace47a44?s=96&d=mm&r=g","url":"https:\/\/secure.gravatar.com\/avatar\/bab33852abfd8b282518d6ed81826833d77c3c882d9ab608add591ccace47a44?s=96&d=mm&r=g","contentUrl":"https:\/\/secure.gravatar.com\/avatar\/bab33852abfd8b282518d6ed81826833d77c3c882d9ab608add591ccace47a44?s=96&d=mm&r=g","caption":"Kuzeyin Sesi"},"sameAs":["https:\/\/kuzeyinsesi.org"],"url":"https:\/\/kuzeyinsesi.org\/index.php\/author\/guven\/"}]}},"_links":{"self":[{"href":"https:\/\/kuzeyinsesi.org\/index.php\/wp-json\/wp\/v2\/posts\/7810","targetHints":{"allow":["GET"]}}],"collection":[{"href":"https:\/\/kuzeyinsesi.org\/index.php\/wp-json\/wp\/v2\/posts"}],"about":[{"href":"https:\/\/kuzeyinsesi.org\/index.php\/wp-json\/wp\/v2\/types\/post"}],"author":[{"embeddable":true,"href":"https:\/\/kuzeyinsesi.org\/index.php\/wp-json\/wp\/v2\/users\/1"}],"replies":[{"embeddable":true,"href":"https:\/\/kuzeyinsesi.org\/index.php\/wp-json\/wp\/v2\/comments?post=7810"}],"version-history":[{"count":0,"href":"https:\/\/kuzeyinsesi.org\/index.php\/wp-json\/wp\/v2\/posts\/7810\/revisions"}],"wp:featuredmedia":[{"embeddable":true,"href":"https:\/\/kuzeyinsesi.org\/index.php\/wp-json\/wp\/v2\/media\/7811"}],"wp:attachment":[{"href":"https:\/\/kuzeyinsesi.org\/index.php\/wp-json\/wp\/v2\/media?parent=7810"}],"wp:term":[{"taxonomy":"category","embeddable":true,"href":"https:\/\/kuzeyinsesi.org\/index.php\/wp-json\/wp\/v2\/categories?post=7810"},{"taxonomy":"post_tag","embeddable":true,"href":"https:\/\/kuzeyinsesi.org\/index.php\/wp-json\/wp\/v2\/tags?post=7810"}],"curies":[{"name":"wp","href":"https:\/\/api.w.org\/{rel}","templated":true}]}}