{"id":771,"date":"2024-04-28T12:50:40","date_gmt":"2024-04-28T09:50:40","guid":{"rendered":"https:\/\/kuzeyinsesi.com\/index.php\/2024\/04\/28\/cumhuriyet-meclisi-genel-kurulu-yarin-toplanacak\/"},"modified":"2024-04-28T12:50:40","modified_gmt":"2024-04-28T09:50:40","slug":"cumhuriyet-meclisi-genel-kurulu-yarin-toplanacak","status":"publish","type":"post","link":"https:\/\/kuzeyinsesi.org\/index.php\/2024\/04\/28\/cumhuriyet-meclisi-genel-kurulu-yarin-toplanacak\/","title":{"rendered":"Cumhuriyet Meclisi Genel Kurulu yar\u0131n toplanacak"},"content":{"rendered":"<div>\n<div class=\"mariselle-image-container none\">\n                                            <\/div>\n<p style=\"font-weight: 300;\">Cumhuriyet Meclis\u2019 Genel Kurulu yar\u0131n toplanacak.<\/p>\n<p style=\"font-weight: 300;\">Genel Kurulun saat 10.00\u2019da ba\u015flamas\u0131 i \u00f6ng\u00f6r\u00fclen toplant\u0131n\u0131n g\u00fcndeminde Yatakl\u0131 Tedavi Kurumlar\u0131 Dairesi (Kurulu\u015f G\u00f6rev ve \u00c7al\u0131\u015fma Esaslar\u0131) (De\u011fi\u015fiklik) Yasa Tasar\u0131s\u0131 ve \u0130dari, Kamu ve Sa\u011fl\u0131k \u0130\u015fleri Komitesi\u2019nin Tasar\u0131ya ili\u015fkin raporu bulunuyor.<\/p>\n<p style=\"font-weight: 300;\">Meclisten verilen bilgiye g\u00f6re Genel Kurulda ayr\u0131ca Poli\u00e7eler (De\u011fi\u015fiklik) Yasa Tasar\u0131s\u0131\u2019n\u0131n \u00fc\u00e7\u00fcnc\u00fc g\u00f6r\u00fc\u015fmesi de ger\u00e7ekle\u015ftirilecek.<\/p>\n<p>\u00a0<\/p>\n<\/p><\/div>\n<p><script async\n                    defer\n                    crossorigin=\"anonymous\"\n                    src=\"https:\/\/connect.facebook.net\/tr_TR\/sdk.js#xfbml=1&#038;version=v3.3\"\n            ><\/script><\/p>\n","protected":false},"excerpt":{"rendered":"<p>Cumhuriyet Meclis\u2019 Genel Kurulu yar\u0131n toplanacak. Genel Kurulun saat 10.00\u2019da ba\u015flamas\u0131 i \u00f6ng\u00f6r\u00fclen toplant\u0131n\u0131n g\u00fcndeminde Yatakl\u0131 Tedavi Kurumlar\u0131 Dairesi (Kurulu\u015f G\u00f6rev ve \u00c7al\u0131\u015fma Esaslar\u0131) (De\u011fi\u015fiklik) Yasa Tasar\u0131s\u0131 ve \u0130dari, Kamu ve Sa\u011fl\u0131k \u0130\u015fleri Komitesi\u2019nin Tasar\u0131ya ili\u015fkin raporu bulunuyor. Meclisten verilen bilgiye g\u00f6re Genel Kurulda ayr\u0131ca Poli\u00e7eler (De\u011fi\u015fiklik) Yasa Tasar\u0131s\u0131\u2019n\u0131n \u00fc\u00e7\u00fcnc\u00fc g\u00f6r\u00fc\u015fmesi de ger\u00e7ekle\u015ftirilecek. \u00a0<\/p>\n","protected":false},"author":1,"featured_media":772,"comment_status":"open","ping_status":"open","sticky":false,"template":"","format":"standard","meta":{"jnews-multi-image_gallery":[],"jnews_single_post":[],"jnews_primary_category":[],"jnews_social_meta":[],"jnews_override_counter":[],"footnotes":""},"categories":[1],"tags":[],"class_list":["post-771","post","type-post","status-publish","format-standard","has-post-thumbnail","hentry","category-kibris"],"yoast_head":"<!-- This site is optimized with the Yoast SEO plugin v27.4 - https:\/\/yoast.com\/product\/yoast-seo-wordpress\/ -->\n<title>Cumhuriyet Meclisi Genel Kurulu yar\u0131n toplanacak - Kuzeyin Sesi<\/title>\n<meta name=\"robots\" content=\"index, follow, max-snippet:-1, max-image-preview:large, max-video-preview:-1\" \/>\n<link rel=\"canonical\" href=\"https:\/\/kuzeyinsesi.org\/index.php\/2024\/04\/28\/cumhuriyet-meclisi-genel-kurulu-yarin-toplanacak\/\" \/>\n<meta property=\"og:locale\" content=\"tr_TR\" \/>\n<meta property=\"og:type\" content=\"article\" \/>\n<meta property=\"og:title\" content=\"Cumhuriyet Meclisi Genel Kurulu yar\u0131n toplanacak - Kuzeyin Sesi\" \/>\n<meta property=\"og:description\" content=\"Cumhuriyet Meclis\u2019 Genel Kurulu yar\u0131n toplanacak. Genel Kurulun saat 10.00\u2019da ba\u015flamas\u0131 i \u00f6ng\u00f6r\u00fclen toplant\u0131n\u0131n g\u00fcndeminde Yatakl\u0131 Tedavi Kurumlar\u0131 Dairesi (Kurulu\u015f G\u00f6rev ve \u00c7al\u0131\u015fma Esaslar\u0131) (De\u011fi\u015fiklik) Yasa Tasar\u0131s\u0131 ve \u0130dari, Kamu ve Sa\u011fl\u0131k \u0130\u015fleri Komitesi\u2019nin Tasar\u0131ya ili\u015fkin raporu bulunuyor. Meclisten verilen bilgiye g\u00f6re Genel Kurulda ayr\u0131ca Poli\u00e7eler (De\u011fi\u015fiklik) Yasa Tasar\u0131s\u0131\u2019n\u0131n \u00fc\u00e7\u00fcnc\u00fc g\u00f6r\u00fc\u015fmesi de ger\u00e7ekle\u015ftirilecek. \u00a0\" \/>\n<meta property=\"og:url\" content=\"https:\/\/kuzeyinsesi.org\/index.php\/2024\/04\/28\/cumhuriyet-meclisi-genel-kurulu-yarin-toplanacak\/\" \/>\n<meta property=\"og:site_name\" content=\"Kuzeyin Sesi\" \/>\n<meta property=\"article:publisher\" content=\"https:\/\/www.facebook.com\/kuzeyinsesii\" \/>\n<meta property=\"article:published_time\" content=\"2024-04-28T09:50:40+00:00\" \/>\n<meta property=\"og:image\" content=\"https:\/\/kuzeyinsesi.org\/wp-content\/uploads\/2024\/04\/cumhuriyet-meclisi5.jpg\" \/>\n\t<meta property=\"og:image:width\" content=\"1000\" \/>\n\t<meta property=\"og:image:height\" content=\"666\" \/>\n\t<meta property=\"og:image:type\" content=\"image\/jpeg\" \/>\n<meta name=\"author\" content=\"Kuzeyin Sesi\" \/>\n<meta name=\"twitter:card\" content=\"summary_large_image\" \/>\n<meta name=\"twitter:creator\" content=\"@kuzeyinsesii\" \/>\n<meta name=\"twitter:site\" content=\"@kuzeyinsesii\" \/>\n<meta name=\"twitter:label1\" content=\"Yazan:\" \/>\n\t<meta name=\"twitter:data1\" content=\"Kuzeyin Sesi\" \/>\n<script type=\"application\/ld+json\" class=\"yoast-schema-graph\">{\"@context\":\"https:\\\/\\\/schema.org\",\"@graph\":[{\"@type\":\"Article\",\"@id\":\"https:\\\/\\\/kuzeyinsesi.org\\\/index.php\\\/2024\\\/04\\\/28\\\/cumhuriyet-meclisi-genel-kurulu-yarin-toplanacak\\\/#article\",\"isPartOf\":{\"@id\":\"https:\\\/\\\/kuzeyinsesi.org\\\/index.php\\\/2024\\\/04\\\/28\\\/cumhuriyet-meclisi-genel-kurulu-yarin-toplanacak\\\/\"},\"author\":{\"name\":\"Kuzeyin Sesi\",\"@id\":\"https:\\\/\\\/kuzeyinsesi.org\\\/#\\\/schema\\\/person\\\/9f859689cdf01485597712386e37f5aa\"},\"headline\":\"Cumhuriyet Meclisi Genel Kurulu yar\u0131n toplanacak\",\"datePublished\":\"2024-04-28T09:50:40+00:00\",\"mainEntityOfPage\":{\"@id\":\"https:\\\/\\\/kuzeyinsesi.org\\\/index.php\\\/2024\\\/04\\\/28\\\/cumhuriyet-meclisi-genel-kurulu-yarin-toplanacak\\\/\"},\"wordCount\":89,\"commentCount\":0,\"image\":{\"@id\":\"https:\\\/\\\/kuzeyinsesi.org\\\/index.php\\\/2024\\\/04\\\/28\\\/cumhuriyet-meclisi-genel-kurulu-yarin-toplanacak\\\/#primaryimage\"},\"thumbnailUrl\":\"https:\\\/\\\/kuzeyinsesi.org\\\/wp-content\\\/uploads\\\/2024\\\/04\\\/cumhuriyet-meclisi5.jpg\",\"articleSection\":[\"K\u0131br\u0131s\"],\"inLanguage\":\"tr\",\"potentialAction\":[{\"@type\":\"CommentAction\",\"name\":\"Comment\",\"target\":[\"https:\\\/\\\/kuzeyinsesi.org\\\/index.php\\\/2024\\\/04\\\/28\\\/cumhuriyet-meclisi-genel-kurulu-yarin-toplanacak\\\/#respond\"]}]},{\"@type\":\"WebPage\",\"@id\":\"https:\\\/\\\/kuzeyinsesi.org\\\/index.php\\\/2024\\\/04\\\/28\\\/cumhuriyet-meclisi-genel-kurulu-yarin-toplanacak\\\/\",\"url\":\"https:\\\/\\\/kuzeyinsesi.org\\\/index.php\\\/2024\\\/04\\\/28\\\/cumhuriyet-meclisi-genel-kurulu-yarin-toplanacak\\\/\",\"name\":\"Cumhuriyet Meclisi Genel Kurulu yar\u0131n toplanacak - Kuzeyin Sesi\",\"isPartOf\":{\"@id\":\"https:\\\/\\\/kuzeyinsesi.org\\\/#website\"},\"primaryImageOfPage\":{\"@id\":\"https:\\\/\\\/kuzeyinsesi.org\\\/index.php\\\/2024\\\/04\\\/28\\\/cumhuriyet-meclisi-genel-kurulu-yarin-toplanacak\\\/#primaryimage\"},\"image\":{\"@id\":\"https:\\\/\\\/kuzeyinsesi.org\\\/index.php\\\/2024\\\/04\\\/28\\\/cumhuriyet-meclisi-genel-kurulu-yarin-toplanacak\\\/#primaryimage\"},\"thumbnailUrl\":\"https:\\\/\\\/kuzeyinsesi.org\\\/wp-content\\\/uploads\\\/2024\\\/04\\\/cumhuriyet-meclisi5.jpg\",\"datePublished\":\"2024-04-28T09:50:40+00:00\",\"author\":{\"@id\":\"https:\\\/\\\/kuzeyinsesi.org\\\/#\\\/schema\\\/person\\\/9f859689cdf01485597712386e37f5aa\"},\"breadcrumb\":{\"@id\":\"https:\\\/\\\/kuzeyinsesi.org\\\/index.php\\\/2024\\\/04\\\/28\\\/cumhuriyet-meclisi-genel-kurulu-yarin-toplanacak\\\/#breadcrumb\"},\"inLanguage\":\"tr\",\"potentialAction\":[{\"@type\":\"ReadAction\",\"target\":[\"https:\\\/\\\/kuzeyinsesi.org\\\/index.php\\\/2024\\\/04\\\/28\\\/cumhuriyet-meclisi-genel-kurulu-yarin-toplanacak\\\/\"]}]},{\"@type\":\"ImageObject\",\"inLanguage\":\"tr\",\"@id\":\"https:\\\/\\\/kuzeyinsesi.org\\\/index.php\\\/2024\\\/04\\\/28\\\/cumhuriyet-meclisi-genel-kurulu-yarin-toplanacak\\\/#primaryimage\",\"url\":\"https:\\\/\\\/kuzeyinsesi.org\\\/wp-content\\\/uploads\\\/2024\\\/04\\\/cumhuriyet-meclisi5.jpg\",\"contentUrl\":\"https:\\\/\\\/kuzeyinsesi.org\\\/wp-content\\\/uploads\\\/2024\\\/04\\\/cumhuriyet-meclisi5.jpg\",\"width\":1000,\"height\":666},{\"@type\":\"BreadcrumbList\",\"@id\":\"https:\\\/\\\/kuzeyinsesi.org\\\/index.php\\\/2024\\\/04\\\/28\\\/cumhuriyet-meclisi-genel-kurulu-yarin-toplanacak\\\/#breadcrumb\",\"itemListElement\":[{\"@type\":\"ListItem\",\"position\":1,\"name\":\"Anasayfa\",\"item\":\"https:\\\/\\\/kuzeyinsesi.org\\\/\"},{\"@type\":\"ListItem\",\"position\":2,\"name\":\"Cumhuriyet Meclisi Genel Kurulu yar\u0131n toplanacak\"}]},{\"@type\":\"WebSite\",\"@id\":\"https:\\\/\\\/kuzeyinsesi.org\\\/#website\",\"url\":\"https:\\\/\\\/kuzeyinsesi.org\\\/\",\"name\":\"Kuzeyin Sesi\",\"description\":\"Do\u011fru Haberin Adresi\",\"potentialAction\":[{\"@type\":\"SearchAction\",\"target\":{\"@type\":\"EntryPoint\",\"urlTemplate\":\"https:\\\/\\\/kuzeyinsesi.org\\\/?s={search_term_string}\"},\"query-input\":{\"@type\":\"PropertyValueSpecification\",\"valueRequired\":true,\"valueName\":\"search_term_string\"}}],\"inLanguage\":\"tr\"},{\"@type\":\"Person\",\"@id\":\"https:\\\/\\\/kuzeyinsesi.org\\\/#\\\/schema\\\/person\\\/9f859689cdf01485597712386e37f5aa\",\"name\":\"Kuzeyin Sesi\",\"image\":{\"@type\":\"ImageObject\",\"inLanguage\":\"tr\",\"@id\":\"https:\\\/\\\/secure.gravatar.com\\\/avatar\\\/bab33852abfd8b282518d6ed81826833d77c3c882d9ab608add591ccace47a44?s=96&d=mm&r=g\",\"url\":\"https:\\\/\\\/secure.gravatar.com\\\/avatar\\\/bab33852abfd8b282518d6ed81826833d77c3c882d9ab608add591ccace47a44?s=96&d=mm&r=g\",\"contentUrl\":\"https:\\\/\\\/secure.gravatar.com\\\/avatar\\\/bab33852abfd8b282518d6ed81826833d77c3c882d9ab608add591ccace47a44?s=96&d=mm&r=g\",\"caption\":\"Kuzeyin Sesi\"},\"sameAs\":[\"https:\\\/\\\/kuzeyinsesi.org\"],\"url\":\"https:\\\/\\\/kuzeyinsesi.org\\\/index.php\\\/author\\\/guven\\\/\"}]}<\/script>\n<!-- \/ Yoast SEO plugin. -->","yoast_head_json":{"title":"Cumhuriyet Meclisi Genel Kurulu yar\u0131n toplanacak - Kuzeyin Sesi","robots":{"index":"index","follow":"follow","max-snippet":"max-snippet:-1","max-image-preview":"max-image-preview:large","max-video-preview":"max-video-preview:-1"},"canonical":"https:\/\/kuzeyinsesi.org\/index.php\/2024\/04\/28\/cumhuriyet-meclisi-genel-kurulu-yarin-toplanacak\/","og_locale":"tr_TR","og_type":"article","og_title":"Cumhuriyet Meclisi Genel Kurulu yar\u0131n toplanacak - Kuzeyin Sesi","og_description":"Cumhuriyet Meclis\u2019 Genel Kurulu yar\u0131n toplanacak. Genel Kurulun saat 10.00\u2019da ba\u015flamas\u0131 i \u00f6ng\u00f6r\u00fclen toplant\u0131n\u0131n g\u00fcndeminde Yatakl\u0131 Tedavi Kurumlar\u0131 Dairesi (Kurulu\u015f G\u00f6rev ve \u00c7al\u0131\u015fma Esaslar\u0131) (De\u011fi\u015fiklik) Yasa Tasar\u0131s\u0131 ve \u0130dari, Kamu ve Sa\u011fl\u0131k \u0130\u015fleri Komitesi\u2019nin Tasar\u0131ya ili\u015fkin raporu bulunuyor. Meclisten verilen bilgiye g\u00f6re Genel Kurulda ayr\u0131ca Poli\u00e7eler (De\u011fi\u015fiklik) Yasa Tasar\u0131s\u0131\u2019n\u0131n \u00fc\u00e7\u00fcnc\u00fc g\u00f6r\u00fc\u015fmesi de ger\u00e7ekle\u015ftirilecek. \u00a0","og_url":"https:\/\/kuzeyinsesi.org\/index.php\/2024\/04\/28\/cumhuriyet-meclisi-genel-kurulu-yarin-toplanacak\/","og_site_name":"Kuzeyin Sesi","article_publisher":"https:\/\/www.facebook.com\/kuzeyinsesii","article_published_time":"2024-04-28T09:50:40+00:00","og_image":[{"width":1000,"height":666,"url":"https:\/\/kuzeyinsesi.org\/wp-content\/uploads\/2024\/04\/cumhuriyet-meclisi5.jpg","type":"image\/jpeg"}],"author":"Kuzeyin Sesi","twitter_card":"summary_large_image","twitter_creator":"@kuzeyinsesii","twitter_site":"@kuzeyinsesii","twitter_misc":{"Yazan:":"Kuzeyin Sesi"},"schema":{"@context":"https:\/\/schema.org","@graph":[{"@type":"Article","@id":"https:\/\/kuzeyinsesi.org\/index.php\/2024\/04\/28\/cumhuriyet-meclisi-genel-kurulu-yarin-toplanacak\/#article","isPartOf":{"@id":"https:\/\/kuzeyinsesi.org\/index.php\/2024\/04\/28\/cumhuriyet-meclisi-genel-kurulu-yarin-toplanacak\/"},"author":{"name":"Kuzeyin Sesi","@id":"https:\/\/kuzeyinsesi.org\/#\/schema\/person\/9f859689cdf01485597712386e37f5aa"},"headline":"Cumhuriyet Meclisi Genel Kurulu yar\u0131n toplanacak","datePublished":"2024-04-28T09:50:40+00:00","mainEntityOfPage":{"@id":"https:\/\/kuzeyinsesi.org\/index.php\/2024\/04\/28\/cumhuriyet-meclisi-genel-kurulu-yarin-toplanacak\/"},"wordCount":89,"commentCount":0,"image":{"@id":"https:\/\/kuzeyinsesi.org\/index.php\/2024\/04\/28\/cumhuriyet-meclisi-genel-kurulu-yarin-toplanacak\/#primaryimage"},"thumbnailUrl":"https:\/\/kuzeyinsesi.org\/wp-content\/uploads\/2024\/04\/cumhuriyet-meclisi5.jpg","articleSection":["K\u0131br\u0131s"],"inLanguage":"tr","potentialAction":[{"@type":"CommentAction","name":"Comment","target":["https:\/\/kuzeyinsesi.org\/index.php\/2024\/04\/28\/cumhuriyet-meclisi-genel-kurulu-yarin-toplanacak\/#respond"]}]},{"@type":"WebPage","@id":"https:\/\/kuzeyinsesi.org\/index.php\/2024\/04\/28\/cumhuriyet-meclisi-genel-kurulu-yarin-toplanacak\/","url":"https:\/\/kuzeyinsesi.org\/index.php\/2024\/04\/28\/cumhuriyet-meclisi-genel-kurulu-yarin-toplanacak\/","name":"Cumhuriyet Meclisi Genel Kurulu yar\u0131n toplanacak - Kuzeyin Sesi","isPartOf":{"@id":"https:\/\/kuzeyinsesi.org\/#website"},"primaryImageOfPage":{"@id":"https:\/\/kuzeyinsesi.org\/index.php\/2024\/04\/28\/cumhuriyet-meclisi-genel-kurulu-yarin-toplanacak\/#primaryimage"},"image":{"@id":"https:\/\/kuzeyinsesi.org\/index.php\/2024\/04\/28\/cumhuriyet-meclisi-genel-kurulu-yarin-toplanacak\/#primaryimage"},"thumbnailUrl":"https:\/\/kuzeyinsesi.org\/wp-content\/uploads\/2024\/04\/cumhuriyet-meclisi5.jpg","datePublished":"2024-04-28T09:50:40+00:00","author":{"@id":"https:\/\/kuzeyinsesi.org\/#\/schema\/person\/9f859689cdf01485597712386e37f5aa"},"breadcrumb":{"@id":"https:\/\/kuzeyinsesi.org\/index.php\/2024\/04\/28\/cumhuriyet-meclisi-genel-kurulu-yarin-toplanacak\/#breadcrumb"},"inLanguage":"tr","potentialAction":[{"@type":"ReadAction","target":["https:\/\/kuzeyinsesi.org\/index.php\/2024\/04\/28\/cumhuriyet-meclisi-genel-kurulu-yarin-toplanacak\/"]}]},{"@type":"ImageObject","inLanguage":"tr","@id":"https:\/\/kuzeyinsesi.org\/index.php\/2024\/04\/28\/cumhuriyet-meclisi-genel-kurulu-yarin-toplanacak\/#primaryimage","url":"https:\/\/kuzeyinsesi.org\/wp-content\/uploads\/2024\/04\/cumhuriyet-meclisi5.jpg","contentUrl":"https:\/\/kuzeyinsesi.org\/wp-content\/uploads\/2024\/04\/cumhuriyet-meclisi5.jpg","width":1000,"height":666},{"@type":"BreadcrumbList","@id":"https:\/\/kuzeyinsesi.org\/index.php\/2024\/04\/28\/cumhuriyet-meclisi-genel-kurulu-yarin-toplanacak\/#breadcrumb","itemListElement":[{"@type":"ListItem","position":1,"name":"Anasayfa","item":"https:\/\/kuzeyinsesi.org\/"},{"@type":"ListItem","position":2,"name":"Cumhuriyet Meclisi Genel Kurulu yar\u0131n toplanacak"}]},{"@type":"WebSite","@id":"https:\/\/kuzeyinsesi.org\/#website","url":"https:\/\/kuzeyinsesi.org\/","name":"Kuzeyin Sesi","description":"Do\u011fru Haberin Adresi","potentialAction":[{"@type":"SearchAction","target":{"@type":"EntryPoint","urlTemplate":"https:\/\/kuzeyinsesi.org\/?s={search_term_string}"},"query-input":{"@type":"PropertyValueSpecification","valueRequired":true,"valueName":"search_term_string"}}],"inLanguage":"tr"},{"@type":"Person","@id":"https:\/\/kuzeyinsesi.org\/#\/schema\/person\/9f859689cdf01485597712386e37f5aa","name":"Kuzeyin Sesi","image":{"@type":"ImageObject","inLanguage":"tr","@id":"https:\/\/secure.gravatar.com\/avatar\/bab33852abfd8b282518d6ed81826833d77c3c882d9ab608add591ccace47a44?s=96&d=mm&r=g","url":"https:\/\/secure.gravatar.com\/avatar\/bab33852abfd8b282518d6ed81826833d77c3c882d9ab608add591ccace47a44?s=96&d=mm&r=g","contentUrl":"https:\/\/secure.gravatar.com\/avatar\/bab33852abfd8b282518d6ed81826833d77c3c882d9ab608add591ccace47a44?s=96&d=mm&r=g","caption":"Kuzeyin Sesi"},"sameAs":["https:\/\/kuzeyinsesi.org"],"url":"https:\/\/kuzeyinsesi.org\/index.php\/author\/guven\/"}]}},"_links":{"self":[{"href":"https:\/\/kuzeyinsesi.org\/index.php\/wp-json\/wp\/v2\/posts\/771","targetHints":{"allow":["GET"]}}],"collection":[{"href":"https:\/\/kuzeyinsesi.org\/index.php\/wp-json\/wp\/v2\/posts"}],"about":[{"href":"https:\/\/kuzeyinsesi.org\/index.php\/wp-json\/wp\/v2\/types\/post"}],"author":[{"embeddable":true,"href":"https:\/\/kuzeyinsesi.org\/index.php\/wp-json\/wp\/v2\/users\/1"}],"replies":[{"embeddable":true,"href":"https:\/\/kuzeyinsesi.org\/index.php\/wp-json\/wp\/v2\/comments?post=771"}],"version-history":[{"count":0,"href":"https:\/\/kuzeyinsesi.org\/index.php\/wp-json\/wp\/v2\/posts\/771\/revisions"}],"wp:featuredmedia":[{"embeddable":true,"href":"https:\/\/kuzeyinsesi.org\/index.php\/wp-json\/wp\/v2\/media\/772"}],"wp:attachment":[{"href":"https:\/\/kuzeyinsesi.org\/index.php\/wp-json\/wp\/v2\/media?parent=771"}],"wp:term":[{"taxonomy":"category","embeddable":true,"href":"https:\/\/kuzeyinsesi.org\/index.php\/wp-json\/wp\/v2\/categories?post=771"},{"taxonomy":"post_tag","embeddable":true,"href":"https:\/\/kuzeyinsesi.org\/index.php\/wp-json\/wp\/v2\/tags?post=771"}],"curies":[{"name":"wp","href":"https:\/\/api.w.org\/{rel}","templated":true}]}}