{"id":7708,"date":"2024-08-09T11:42:51","date_gmt":"2024-08-09T08:42:51","guid":{"rendered":"https:\/\/kuzeyinsesi.org\/index.php\/2024\/08\/09\/lefkosa-genclik-gunleri-kapsaminda-sut-babam-adli-belgesel-film-gosterildi\/"},"modified":"2024-08-09T11:42:51","modified_gmt":"2024-08-09T08:42:51","slug":"lefkosa-genclik-gunleri-kapsaminda-sut-babam-adli-belgesel-film-gosterildi","status":"publish","type":"post","link":"https:\/\/kuzeyinsesi.org\/index.php\/2024\/08\/09\/lefkosa-genclik-gunleri-kapsaminda-sut-babam-adli-belgesel-film-gosterildi\/","title":{"rendered":"Lefko\u015fa Gen\u00e7lik G\u00fcnleri kapsam\u0131nda \u201cS\u00fct Babam\u201d adl\u0131 belgesel film g\u00f6sterildi"},"content":{"rendered":"<div>\n<div class=\"mariselle-image-container center\">\n                                            <\/div>\n<p> Lefko\u015fa Gen\u00e7lik G\u00fcnleri kapsam\u0131nda Cemal Y\u0131ld\u0131r\u0131m\u2019\u0131n y\u00f6netmenli\u011fini \u00fcstlendi\u011fi \u201cS\u00fct Babam\u201d adl\u0131 belgesel film, Lefko\u015fa\u2019daki AB Bilgi Merkezi\u2019nde g\u00f6sterildi.<\/p>\n<p>AB Bilgi Merkezi\u2019nden yap\u0131lan a\u00e7\u0131klamaya g\u00f6re, film, 1974 y\u0131l\u0131nda K\u0131br\u0131s\u2019ta ya\u015fanan \u00e7at\u0131\u015fmalar s\u0131ras\u0131nda ye\u015feren dostluk ve insanl\u0131k hik\u00e2yelerini anlat\u0131yor.<\/p>\n<p>Etkinlik, Avrupa Komisyonu Program Destek Ofisi\u2019nden Program M\u00fcd\u00fcr\u00fc Deniz Birinci ve Halk Sanatlar\u0131 Derne\u011fi (HASDER) gen\u00e7lik kul\u00fcb\u00fcnden bir temsilcinin konu\u015fmalar\u0131yla a\u00e7\u0131ld\u0131. Her iki konu\u015fmac\u0131 da, k\u00fclt\u00fcrel payla\u015f\u0131m\u0131n ve anlay\u0131\u015f\u0131n ta\u015f\u0131d\u0131\u011f\u0131 \u00f6nemin yan\u0131 s\u0131ra gen\u00e7li\u011fin bar\u0131\u015f ve uzla\u015f\u0131y\u0131 te\u015fvik etmedeki rol\u00fcn\u00fcn \u00f6nemini vurgulad\u0131.<\/p>\n<p>G\u00f6sterimin ard\u0131ndan ise s\u00f6yle\u015fi d\u00fczenlenerek belgeselin yap\u0131m s\u00fcreci ve bu s\u00fcrecin ard\u0131ndaki duygusal ser\u00fcven hakk\u0131nda bilgiler payla\u015f\u0131ld\u0131.<\/p>\n<p>A\u00e7\u0131klamada, Lefko\u015fa Gen\u00e7lik G\u00fcnleri kapsam\u0131nda, 12 A\u011fustos Pazartesi g\u00fcn\u00fc saat 19.30\u2019da AB Bilgi Merkezi\u2019nde, HASDER Gen\u00e7lik Kul\u00fcb\u00fc organizasyonunda gen\u00e7lik sivil toplum \u00f6rg\u00fctleri i\u00e7in bir Yuvarlak Masa toplant\u0131s\u0131 d\u00fczenlenece\u011fi de duyuruldu.<\/p>\n<\/p><\/div>\n<p><script async\n                    defer\n                    crossorigin=\"anonymous\"\n                    src=\"https:\/\/connect.facebook.net\/tr_TR\/sdk.js#xfbml=1&#038;version=v3.3\"\n            ><\/script><\/p>\n","protected":false},"excerpt":{"rendered":"<p>Lefko\u015fa Gen\u00e7lik G\u00fcnleri kapsam\u0131nda Cemal Y\u0131ld\u0131r\u0131m\u2019\u0131n y\u00f6netmenli\u011fini \u00fcstlendi\u011fi \u201cS\u00fct Babam\u201d adl\u0131 belgesel film, Lefko\u015fa\u2019daki AB Bilgi Merkezi\u2019nde g\u00f6sterildi. AB Bilgi Merkezi\u2019nden yap\u0131lan a\u00e7\u0131klamaya g\u00f6re, film, 1974 y\u0131l\u0131nda K\u0131br\u0131s\u2019ta ya\u015fanan \u00e7at\u0131\u015fmalar s\u0131ras\u0131nda ye\u015feren dostluk ve insanl\u0131k hik\u00e2yelerini anlat\u0131yor. Etkinlik, Avrupa Komisyonu Program Destek Ofisi\u2019nden Program M\u00fcd\u00fcr\u00fc Deniz Birinci ve Halk Sanatlar\u0131 Derne\u011fi (HASDER) gen\u00e7lik kul\u00fcb\u00fcnden bir [&hellip;]<\/p>\n","protected":false},"author":1,"featured_media":7709,"comment_status":"open","ping_status":"open","sticky":false,"template":"","format":"standard","meta":{"jnews-multi-image_gallery":[],"jnews_single_post":[],"jnews_primary_category":[],"jnews_social_meta":[],"jnews_override_counter":[],"footnotes":""},"categories":[6],"tags":[],"class_list":["post-7708","post","type-post","status-publish","format-standard","has-post-thumbnail","hentry","category-yasam"],"yoast_head":"<!-- This site is optimized with the Yoast SEO plugin v27.5 - https:\/\/yoast.com\/product\/yoast-seo-wordpress\/ -->\n<title>Lefko\u015fa Gen\u00e7lik G\u00fcnleri kapsam\u0131nda \u201cS\u00fct Babam\u201d adl\u0131 belgesel film g\u00f6sterildi - Kuzeyin Sesi<\/title>\n<meta name=\"robots\" content=\"index, follow, max-snippet:-1, max-image-preview:large, max-video-preview:-1\" \/>\n<link rel=\"canonical\" href=\"https:\/\/kuzeyinsesi.org\/index.php\/2024\/08\/09\/lefkosa-genclik-gunleri-kapsaminda-sut-babam-adli-belgesel-film-gosterildi\/\" \/>\n<meta property=\"og:locale\" content=\"tr_TR\" \/>\n<meta property=\"og:type\" content=\"article\" \/>\n<meta property=\"og:title\" content=\"Lefko\u015fa Gen\u00e7lik G\u00fcnleri kapsam\u0131nda \u201cS\u00fct Babam\u201d adl\u0131 belgesel film g\u00f6sterildi - Kuzeyin Sesi\" \/>\n<meta property=\"og:description\" content=\"Lefko\u015fa Gen\u00e7lik G\u00fcnleri kapsam\u0131nda Cemal Y\u0131ld\u0131r\u0131m\u2019\u0131n y\u00f6netmenli\u011fini \u00fcstlendi\u011fi \u201cS\u00fct Babam\u201d adl\u0131 belgesel film, Lefko\u015fa\u2019daki AB Bilgi Merkezi\u2019nde g\u00f6sterildi. AB Bilgi Merkezi\u2019nden yap\u0131lan a\u00e7\u0131klamaya g\u00f6re, film, 1974 y\u0131l\u0131nda K\u0131br\u0131s\u2019ta ya\u015fanan \u00e7at\u0131\u015fmalar s\u0131ras\u0131nda ye\u015feren dostluk ve insanl\u0131k hik\u00e2yelerini anlat\u0131yor. Etkinlik, Avrupa Komisyonu Program Destek Ofisi\u2019nden Program M\u00fcd\u00fcr\u00fc Deniz Birinci ve Halk Sanatlar\u0131 Derne\u011fi (HASDER) gen\u00e7lik kul\u00fcb\u00fcnden bir [&hellip;]\" \/>\n<meta property=\"og:url\" content=\"https:\/\/kuzeyinsesi.org\/index.php\/2024\/08\/09\/lefkosa-genclik-gunleri-kapsaminda-sut-babam-adli-belgesel-film-gosterildi\/\" \/>\n<meta property=\"og:site_name\" content=\"Kuzeyin Sesi\" \/>\n<meta property=\"article:publisher\" content=\"https:\/\/www.facebook.com\/kuzeyinsesii\" \/>\n<meta property=\"article:published_time\" content=\"2024-08-09T08:42:51+00:00\" \/>\n<meta property=\"og:image\" content=\"https:\/\/brtk.net\/wp-content\/uploads\/2024\/08\/09\/46546.jpg?ver=7507477391cf73d2df2d981b127936c1\" \/>\n<meta name=\"author\" content=\"Kuzeyin Sesi\" \/>\n<meta name=\"twitter:card\" content=\"summary_large_image\" \/>\n<meta name=\"twitter:creator\" content=\"@kuzeyinsesii\" \/>\n<meta name=\"twitter:site\" content=\"@kuzeyinsesii\" \/>\n<meta name=\"twitter:label1\" content=\"Yazan:\" \/>\n\t<meta name=\"twitter:data1\" content=\"Kuzeyin Sesi\" \/>\n\t<meta name=\"twitter:label2\" content=\"Tahmini okuma s\u00fcresi\" \/>\n\t<meta name=\"twitter:data2\" content=\"1 dakika\" \/>\n<script type=\"application\/ld+json\" class=\"yoast-schema-graph\">{\"@context\":\"https:\\\/\\\/schema.org\",\"@graph\":[{\"@type\":\"Article\",\"@id\":\"https:\\\/\\\/kuzeyinsesi.org\\\/index.php\\\/2024\\\/08\\\/09\\\/lefkosa-genclik-gunleri-kapsaminda-sut-babam-adli-belgesel-film-gosterildi\\\/#article\",\"isPartOf\":{\"@id\":\"https:\\\/\\\/kuzeyinsesi.org\\\/index.php\\\/2024\\\/08\\\/09\\\/lefkosa-genclik-gunleri-kapsaminda-sut-babam-adli-belgesel-film-gosterildi\\\/\"},\"author\":{\"name\":\"Kuzeyin Sesi\",\"@id\":\"https:\\\/\\\/kuzeyinsesi.org\\\/#\\\/schema\\\/person\\\/9f859689cdf01485597712386e37f5aa\"},\"headline\":\"Lefko\u015fa Gen\u00e7lik G\u00fcnleri kapsam\u0131nda \u201cS\u00fct Babam\u201d adl\u0131 belgesel film g\u00f6sterildi\",\"datePublished\":\"2024-08-09T08:42:51+00:00\",\"mainEntityOfPage\":{\"@id\":\"https:\\\/\\\/kuzeyinsesi.org\\\/index.php\\\/2024\\\/08\\\/09\\\/lefkosa-genclik-gunleri-kapsaminda-sut-babam-adli-belgesel-film-gosterildi\\\/\"},\"wordCount\":225,\"commentCount\":0,\"image\":{\"@id\":\"https:\\\/\\\/kuzeyinsesi.org\\\/index.php\\\/2024\\\/08\\\/09\\\/lefkosa-genclik-gunleri-kapsaminda-sut-babam-adli-belgesel-film-gosterildi\\\/#primaryimage\"},\"thumbnailUrl\":\"https:\\\/\\\/kuzeyinsesi.org\\\/wp-content\\\/uploads\\\/2024\\\/08\\\/46546.jpg\",\"articleSection\":[\"Ya\u015fam\"],\"inLanguage\":\"tr\",\"potentialAction\":[{\"@type\":\"CommentAction\",\"name\":\"Comment\",\"target\":[\"https:\\\/\\\/kuzeyinsesi.org\\\/index.php\\\/2024\\\/08\\\/09\\\/lefkosa-genclik-gunleri-kapsaminda-sut-babam-adli-belgesel-film-gosterildi\\\/#respond\"]}]},{\"@type\":\"WebPage\",\"@id\":\"https:\\\/\\\/kuzeyinsesi.org\\\/index.php\\\/2024\\\/08\\\/09\\\/lefkosa-genclik-gunleri-kapsaminda-sut-babam-adli-belgesel-film-gosterildi\\\/\",\"url\":\"https:\\\/\\\/kuzeyinsesi.org\\\/index.php\\\/2024\\\/08\\\/09\\\/lefkosa-genclik-gunleri-kapsaminda-sut-babam-adli-belgesel-film-gosterildi\\\/\",\"name\":\"Lefko\u015fa Gen\u00e7lik G\u00fcnleri kapsam\u0131nda \u201cS\u00fct Babam\u201d adl\u0131 belgesel film g\u00f6sterildi - Kuzeyin Sesi\",\"isPartOf\":{\"@id\":\"https:\\\/\\\/kuzeyinsesi.org\\\/#website\"},\"primaryImageOfPage\":{\"@id\":\"https:\\\/\\\/kuzeyinsesi.org\\\/index.php\\\/2024\\\/08\\\/09\\\/lefkosa-genclik-gunleri-kapsaminda-sut-babam-adli-belgesel-film-gosterildi\\\/#primaryimage\"},\"image\":{\"@id\":\"https:\\\/\\\/kuzeyinsesi.org\\\/index.php\\\/2024\\\/08\\\/09\\\/lefkosa-genclik-gunleri-kapsaminda-sut-babam-adli-belgesel-film-gosterildi\\\/#primaryimage\"},\"thumbnailUrl\":\"https:\\\/\\\/kuzeyinsesi.org\\\/wp-content\\\/uploads\\\/2024\\\/08\\\/46546.jpg\",\"datePublished\":\"2024-08-09T08:42:51+00:00\",\"author\":{\"@id\":\"https:\\\/\\\/kuzeyinsesi.org\\\/#\\\/schema\\\/person\\\/9f859689cdf01485597712386e37f5aa\"},\"breadcrumb\":{\"@id\":\"https:\\\/\\\/kuzeyinsesi.org\\\/index.php\\\/2024\\\/08\\\/09\\\/lefkosa-genclik-gunleri-kapsaminda-sut-babam-adli-belgesel-film-gosterildi\\\/#breadcrumb\"},\"inLanguage\":\"tr\",\"potentialAction\":[{\"@type\":\"ReadAction\",\"target\":[\"https:\\\/\\\/kuzeyinsesi.org\\\/index.php\\\/2024\\\/08\\\/09\\\/lefkosa-genclik-gunleri-kapsaminda-sut-babam-adli-belgesel-film-gosterildi\\\/\"]}]},{\"@type\":\"ImageObject\",\"inLanguage\":\"tr\",\"@id\":\"https:\\\/\\\/kuzeyinsesi.org\\\/index.php\\\/2024\\\/08\\\/09\\\/lefkosa-genclik-gunleri-kapsaminda-sut-babam-adli-belgesel-film-gosterildi\\\/#primaryimage\",\"url\":\"https:\\\/\\\/kuzeyinsesi.org\\\/wp-content\\\/uploads\\\/2024\\\/08\\\/46546.jpg\",\"contentUrl\":\"https:\\\/\\\/kuzeyinsesi.org\\\/wp-content\\\/uploads\\\/2024\\\/08\\\/46546.jpg\",\"width\":1200,\"height\":785},{\"@type\":\"BreadcrumbList\",\"@id\":\"https:\\\/\\\/kuzeyinsesi.org\\\/index.php\\\/2024\\\/08\\\/09\\\/lefkosa-genclik-gunleri-kapsaminda-sut-babam-adli-belgesel-film-gosterildi\\\/#breadcrumb\",\"itemListElement\":[{\"@type\":\"ListItem\",\"position\":1,\"name\":\"Anasayfa\",\"item\":\"https:\\\/\\\/kuzeyinsesi.org\\\/\"},{\"@type\":\"ListItem\",\"position\":2,\"name\":\"Lefko\u015fa Gen\u00e7lik G\u00fcnleri kapsam\u0131nda \u201cS\u00fct Babam\u201d adl\u0131 belgesel film g\u00f6sterildi\"}]},{\"@type\":\"WebSite\",\"@id\":\"https:\\\/\\\/kuzeyinsesi.org\\\/#website\",\"url\":\"https:\\\/\\\/kuzeyinsesi.org\\\/\",\"name\":\"Kuzeyin Sesi\",\"description\":\"Do\u011fru Haberin Adresi\",\"potentialAction\":[{\"@type\":\"SearchAction\",\"target\":{\"@type\":\"EntryPoint\",\"urlTemplate\":\"https:\\\/\\\/kuzeyinsesi.org\\\/?s={search_term_string}\"},\"query-input\":{\"@type\":\"PropertyValueSpecification\",\"valueRequired\":true,\"valueName\":\"search_term_string\"}}],\"inLanguage\":\"tr\"},{\"@type\":\"Person\",\"@id\":\"https:\\\/\\\/kuzeyinsesi.org\\\/#\\\/schema\\\/person\\\/9f859689cdf01485597712386e37f5aa\",\"name\":\"Kuzeyin Sesi\",\"image\":{\"@type\":\"ImageObject\",\"inLanguage\":\"tr\",\"@id\":\"https:\\\/\\\/secure.gravatar.com\\\/avatar\\\/bab33852abfd8b282518d6ed81826833d77c3c882d9ab608add591ccace47a44?s=96&d=mm&r=g\",\"url\":\"https:\\\/\\\/secure.gravatar.com\\\/avatar\\\/bab33852abfd8b282518d6ed81826833d77c3c882d9ab608add591ccace47a44?s=96&d=mm&r=g\",\"contentUrl\":\"https:\\\/\\\/secure.gravatar.com\\\/avatar\\\/bab33852abfd8b282518d6ed81826833d77c3c882d9ab608add591ccace47a44?s=96&d=mm&r=g\",\"caption\":\"Kuzeyin Sesi\"},\"sameAs\":[\"https:\\\/\\\/kuzeyinsesi.org\"],\"url\":\"https:\\\/\\\/kuzeyinsesi.org\\\/index.php\\\/author\\\/guven\\\/\"}]}<\/script>\n<!-- \/ Yoast SEO plugin. -->","yoast_head_json":{"title":"Lefko\u015fa Gen\u00e7lik G\u00fcnleri kapsam\u0131nda \u201cS\u00fct Babam\u201d adl\u0131 belgesel film g\u00f6sterildi - Kuzeyin Sesi","robots":{"index":"index","follow":"follow","max-snippet":"max-snippet:-1","max-image-preview":"max-image-preview:large","max-video-preview":"max-video-preview:-1"},"canonical":"https:\/\/kuzeyinsesi.org\/index.php\/2024\/08\/09\/lefkosa-genclik-gunleri-kapsaminda-sut-babam-adli-belgesel-film-gosterildi\/","og_locale":"tr_TR","og_type":"article","og_title":"Lefko\u015fa Gen\u00e7lik G\u00fcnleri kapsam\u0131nda \u201cS\u00fct Babam\u201d adl\u0131 belgesel film g\u00f6sterildi - Kuzeyin Sesi","og_description":"Lefko\u015fa Gen\u00e7lik G\u00fcnleri kapsam\u0131nda Cemal Y\u0131ld\u0131r\u0131m\u2019\u0131n y\u00f6netmenli\u011fini \u00fcstlendi\u011fi \u201cS\u00fct Babam\u201d adl\u0131 belgesel film, Lefko\u015fa\u2019daki AB Bilgi Merkezi\u2019nde g\u00f6sterildi. AB Bilgi Merkezi\u2019nden yap\u0131lan a\u00e7\u0131klamaya g\u00f6re, film, 1974 y\u0131l\u0131nda K\u0131br\u0131s\u2019ta ya\u015fanan \u00e7at\u0131\u015fmalar s\u0131ras\u0131nda ye\u015feren dostluk ve insanl\u0131k hik\u00e2yelerini anlat\u0131yor. Etkinlik, Avrupa Komisyonu Program Destek Ofisi\u2019nden Program M\u00fcd\u00fcr\u00fc Deniz Birinci ve Halk Sanatlar\u0131 Derne\u011fi (HASDER) gen\u00e7lik kul\u00fcb\u00fcnden bir [&hellip;]","og_url":"https:\/\/kuzeyinsesi.org\/index.php\/2024\/08\/09\/lefkosa-genclik-gunleri-kapsaminda-sut-babam-adli-belgesel-film-gosterildi\/","og_site_name":"Kuzeyin Sesi","article_publisher":"https:\/\/www.facebook.com\/kuzeyinsesii","article_published_time":"2024-08-09T08:42:51+00:00","og_image":[{"url":"https:\/\/brtk.net\/wp-content\/uploads\/2024\/08\/09\/46546.jpg?ver=7507477391cf73d2df2d981b127936c1","type":"","width":"","height":""}],"author":"Kuzeyin Sesi","twitter_card":"summary_large_image","twitter_creator":"@kuzeyinsesii","twitter_site":"@kuzeyinsesii","twitter_misc":{"Yazan:":"Kuzeyin Sesi","Tahmini okuma s\u00fcresi":"1 dakika"},"schema":{"@context":"https:\/\/schema.org","@graph":[{"@type":"Article","@id":"https:\/\/kuzeyinsesi.org\/index.php\/2024\/08\/09\/lefkosa-genclik-gunleri-kapsaminda-sut-babam-adli-belgesel-film-gosterildi\/#article","isPartOf":{"@id":"https:\/\/kuzeyinsesi.org\/index.php\/2024\/08\/09\/lefkosa-genclik-gunleri-kapsaminda-sut-babam-adli-belgesel-film-gosterildi\/"},"author":{"name":"Kuzeyin Sesi","@id":"https:\/\/kuzeyinsesi.org\/#\/schema\/person\/9f859689cdf01485597712386e37f5aa"},"headline":"Lefko\u015fa Gen\u00e7lik G\u00fcnleri kapsam\u0131nda \u201cS\u00fct Babam\u201d adl\u0131 belgesel film g\u00f6sterildi","datePublished":"2024-08-09T08:42:51+00:00","mainEntityOfPage":{"@id":"https:\/\/kuzeyinsesi.org\/index.php\/2024\/08\/09\/lefkosa-genclik-gunleri-kapsaminda-sut-babam-adli-belgesel-film-gosterildi\/"},"wordCount":225,"commentCount":0,"image":{"@id":"https:\/\/kuzeyinsesi.org\/index.php\/2024\/08\/09\/lefkosa-genclik-gunleri-kapsaminda-sut-babam-adli-belgesel-film-gosterildi\/#primaryimage"},"thumbnailUrl":"https:\/\/kuzeyinsesi.org\/wp-content\/uploads\/2024\/08\/46546.jpg","articleSection":["Ya\u015fam"],"inLanguage":"tr","potentialAction":[{"@type":"CommentAction","name":"Comment","target":["https:\/\/kuzeyinsesi.org\/index.php\/2024\/08\/09\/lefkosa-genclik-gunleri-kapsaminda-sut-babam-adli-belgesel-film-gosterildi\/#respond"]}]},{"@type":"WebPage","@id":"https:\/\/kuzeyinsesi.org\/index.php\/2024\/08\/09\/lefkosa-genclik-gunleri-kapsaminda-sut-babam-adli-belgesel-film-gosterildi\/","url":"https:\/\/kuzeyinsesi.org\/index.php\/2024\/08\/09\/lefkosa-genclik-gunleri-kapsaminda-sut-babam-adli-belgesel-film-gosterildi\/","name":"Lefko\u015fa Gen\u00e7lik G\u00fcnleri kapsam\u0131nda \u201cS\u00fct Babam\u201d adl\u0131 belgesel film g\u00f6sterildi - Kuzeyin Sesi","isPartOf":{"@id":"https:\/\/kuzeyinsesi.org\/#website"},"primaryImageOfPage":{"@id":"https:\/\/kuzeyinsesi.org\/index.php\/2024\/08\/09\/lefkosa-genclik-gunleri-kapsaminda-sut-babam-adli-belgesel-film-gosterildi\/#primaryimage"},"image":{"@id":"https:\/\/kuzeyinsesi.org\/index.php\/2024\/08\/09\/lefkosa-genclik-gunleri-kapsaminda-sut-babam-adli-belgesel-film-gosterildi\/#primaryimage"},"thumbnailUrl":"https:\/\/kuzeyinsesi.org\/wp-content\/uploads\/2024\/08\/46546.jpg","datePublished":"2024-08-09T08:42:51+00:00","author":{"@id":"https:\/\/kuzeyinsesi.org\/#\/schema\/person\/9f859689cdf01485597712386e37f5aa"},"breadcrumb":{"@id":"https:\/\/kuzeyinsesi.org\/index.php\/2024\/08\/09\/lefkosa-genclik-gunleri-kapsaminda-sut-babam-adli-belgesel-film-gosterildi\/#breadcrumb"},"inLanguage":"tr","potentialAction":[{"@type":"ReadAction","target":["https:\/\/kuzeyinsesi.org\/index.php\/2024\/08\/09\/lefkosa-genclik-gunleri-kapsaminda-sut-babam-adli-belgesel-film-gosterildi\/"]}]},{"@type":"ImageObject","inLanguage":"tr","@id":"https:\/\/kuzeyinsesi.org\/index.php\/2024\/08\/09\/lefkosa-genclik-gunleri-kapsaminda-sut-babam-adli-belgesel-film-gosterildi\/#primaryimage","url":"https:\/\/kuzeyinsesi.org\/wp-content\/uploads\/2024\/08\/46546.jpg","contentUrl":"https:\/\/kuzeyinsesi.org\/wp-content\/uploads\/2024\/08\/46546.jpg","width":1200,"height":785},{"@type":"BreadcrumbList","@id":"https:\/\/kuzeyinsesi.org\/index.php\/2024\/08\/09\/lefkosa-genclik-gunleri-kapsaminda-sut-babam-adli-belgesel-film-gosterildi\/#breadcrumb","itemListElement":[{"@type":"ListItem","position":1,"name":"Anasayfa","item":"https:\/\/kuzeyinsesi.org\/"},{"@type":"ListItem","position":2,"name":"Lefko\u015fa Gen\u00e7lik G\u00fcnleri kapsam\u0131nda \u201cS\u00fct Babam\u201d adl\u0131 belgesel film g\u00f6sterildi"}]},{"@type":"WebSite","@id":"https:\/\/kuzeyinsesi.org\/#website","url":"https:\/\/kuzeyinsesi.org\/","name":"Kuzeyin Sesi","description":"Do\u011fru Haberin Adresi","potentialAction":[{"@type":"SearchAction","target":{"@type":"EntryPoint","urlTemplate":"https:\/\/kuzeyinsesi.org\/?s={search_term_string}"},"query-input":{"@type":"PropertyValueSpecification","valueRequired":true,"valueName":"search_term_string"}}],"inLanguage":"tr"},{"@type":"Person","@id":"https:\/\/kuzeyinsesi.org\/#\/schema\/person\/9f859689cdf01485597712386e37f5aa","name":"Kuzeyin Sesi","image":{"@type":"ImageObject","inLanguage":"tr","@id":"https:\/\/secure.gravatar.com\/avatar\/bab33852abfd8b282518d6ed81826833d77c3c882d9ab608add591ccace47a44?s=96&d=mm&r=g","url":"https:\/\/secure.gravatar.com\/avatar\/bab33852abfd8b282518d6ed81826833d77c3c882d9ab608add591ccace47a44?s=96&d=mm&r=g","contentUrl":"https:\/\/secure.gravatar.com\/avatar\/bab33852abfd8b282518d6ed81826833d77c3c882d9ab608add591ccace47a44?s=96&d=mm&r=g","caption":"Kuzeyin Sesi"},"sameAs":["https:\/\/kuzeyinsesi.org"],"url":"https:\/\/kuzeyinsesi.org\/index.php\/author\/guven\/"}]}},"_links":{"self":[{"href":"https:\/\/kuzeyinsesi.org\/index.php\/wp-json\/wp\/v2\/posts\/7708","targetHints":{"allow":["GET"]}}],"collection":[{"href":"https:\/\/kuzeyinsesi.org\/index.php\/wp-json\/wp\/v2\/posts"}],"about":[{"href":"https:\/\/kuzeyinsesi.org\/index.php\/wp-json\/wp\/v2\/types\/post"}],"author":[{"embeddable":true,"href":"https:\/\/kuzeyinsesi.org\/index.php\/wp-json\/wp\/v2\/users\/1"}],"replies":[{"embeddable":true,"href":"https:\/\/kuzeyinsesi.org\/index.php\/wp-json\/wp\/v2\/comments?post=7708"}],"version-history":[{"count":0,"href":"https:\/\/kuzeyinsesi.org\/index.php\/wp-json\/wp\/v2\/posts\/7708\/revisions"}],"wp:featuredmedia":[{"embeddable":true,"href":"https:\/\/kuzeyinsesi.org\/index.php\/wp-json\/wp\/v2\/media\/7709"}],"wp:attachment":[{"href":"https:\/\/kuzeyinsesi.org\/index.php\/wp-json\/wp\/v2\/media?parent=7708"}],"wp:term":[{"taxonomy":"category","embeddable":true,"href":"https:\/\/kuzeyinsesi.org\/index.php\/wp-json\/wp\/v2\/categories?post=7708"},{"taxonomy":"post_tag","embeddable":true,"href":"https:\/\/kuzeyinsesi.org\/index.php\/wp-json\/wp\/v2\/tags?post=7708"}],"curies":[{"name":"wp","href":"https:\/\/api.w.org\/{rel}","templated":true}]}}