{"id":7640,"date":"2024-08-07T19:13:42","date_gmt":"2024-08-07T16:13:42","guid":{"rendered":"https:\/\/kuzeyinsesi.org\/index.php\/2024\/08\/07\/yenibogazici-pulya-festivali-basliyor\/"},"modified":"2024-08-07T19:13:42","modified_gmt":"2024-08-07T16:13:42","slug":"yenibogazici-pulya-festivali-basliyor","status":"publish","type":"post","link":"https:\/\/kuzeyinsesi.org\/index.php\/2024\/08\/07\/yenibogazici-pulya-festivali-basliyor\/","title":{"rendered":"Yenibo\u011fazi\u00e7i Pulya Festivali ba\u015fl\u0131yor"},"content":{"rendered":"<div>\n<div class=\"mariselle-image-container center\">\n                                            <\/div>\n<p>16-25 A\u011fustos tarihlerinde yap\u0131lacak 13\u2019\u00fcnc\u00fc Pulya Festivali ve 4\u2019\u00fcnc\u00fc Uluslararas\u0131 Halk Danslar\u0131 Festivali\u2019nin programlar\u0131 bas\u0131n toplant\u0131s\u0131yla duyuruldu. <\/p>\n<p>\tBas\u0131n toplant\u0131s\u0131nda Yenibo\u011fazi\u00e7i Belediye Ba\u015fkan\u0131 Katip Demir, festivalle ilgili bilgiler verdi. <\/p>\n<p>\tKatip Demir, halk\u0131n festivali \u00e7ok \u00f6zledi\u011fini belirterek, t\u00fcm halk\u0131 festivale davet etti. <\/p>\n<p>\tPulya Festivali Komite Ba\u015fkan\u0131 Atalay Talaykurt da, \u015eampiyon Melekler ad\u0131na yap\u0131lacak olan Levent Y\u00fcksel konserinin biletli olaca\u011f\u0131n\u0131 ve gelirinin yar\u0131s\u0131n\u0131n \u015eampiyon Melekleri Ya\u015fatma Derne\u011fi\u2019ne aktar\u0131laca\u011f\u0131n\u0131 s\u00f6yledi. <\/p>\n<p>\t\u0130kinci sosyal sorumluluk projeleri olan \u2018Zahra\u2019 defilesinde sergilenecek k\u0131yafetlerin sat\u0131\u015fa sunulaca\u011f\u0131n\u0131 belirten Talaykurt, gelirinin tedavisinde kullan\u0131lmak \u00fczere Mehmet Dursun\u2019a takdim edilece\u011fini kaydetti.  <\/p>\n<p>\t\u015eampiyon Melekleri Ya\u015fatma Derne\u011fi Asba\u015fkan\u0131 Osman Ak\u0131n da, sosyal sorumluluk projesi kapsam\u0131nda \u015eampiyon Meleklerin an\u0131lmas\u0131na ve derne\u011fe maddi destek sa\u011flanmas\u0131na te\u015fekk\u00fcr etti. <\/p>\n<p>\tK\u0131br\u0131s T\u00fcrk Halk Danslar\u0131 Federasyon Ba\u015fkan\u0131 ve Uluslararas\u0131 Festivaller Derne\u011fi KKTC Ba\u015fkan\u0131 \u00d6zlem Kadira\u011fa, su sporlar\u0131 sponsoru Mustafa G\u00fc\u00e7ver ve \u0130leti\u015fim sponsoru Telsim M\u00fc\u015fteri Kazan\u0131m ve Dijital Pazarlama M\u00fcd\u00fcr\u00fc Fevzi K\u00fcr\u015fad En\u00e7 de organizasyona ili\u015fkin konu\u015ftu. <\/p>\n<p>\t16 A\u011fustos tarihinde ba\u015flayacak olan festival dopdolu program\u0131yla 25 A\u011fustos tarihine \u00e7e\u015fitli konser ve etkinliklere ev sahipli\u011fi yapacak.<\/p>\n<\/p><\/div>\n<p><script async\n                    defer\n                    crossorigin=\"anonymous\"\n                    src=\"https:\/\/connect.facebook.net\/tr_TR\/sdk.js#xfbml=1&#038;version=v3.3\"\n            ><\/script><\/p>\n","protected":false},"excerpt":{"rendered":"<p>16-25 A\u011fustos tarihlerinde yap\u0131lacak 13\u2019\u00fcnc\u00fc Pulya Festivali ve 4\u2019\u00fcnc\u00fc Uluslararas\u0131 Halk Danslar\u0131 Festivali\u2019nin programlar\u0131 bas\u0131n toplant\u0131s\u0131yla duyuruldu. Bas\u0131n toplant\u0131s\u0131nda Yenibo\u011fazi\u00e7i Belediye Ba\u015fkan\u0131 Katip Demir, festivalle ilgili bilgiler verdi. Katip Demir, halk\u0131n festivali \u00e7ok \u00f6zledi\u011fini belirterek, t\u00fcm halk\u0131 festivale davet etti. Pulya Festivali Komite Ba\u015fkan\u0131 Atalay Talaykurt da, \u015eampiyon Melekler ad\u0131na yap\u0131lacak olan Levent Y\u00fcksel konserinin [&hellip;]<\/p>\n","protected":false},"author":1,"featured_media":7641,"comment_status":"open","ping_status":"open","sticky":false,"template":"","format":"standard","meta":{"jnews-multi-image_gallery":[],"jnews_single_post":[],"jnews_primary_category":[],"jnews_social_meta":[],"jnews_override_counter":[],"footnotes":""},"categories":[6],"tags":[],"class_list":["post-7640","post","type-post","status-publish","format-standard","has-post-thumbnail","hentry","category-yasam"],"yoast_head":"<!-- This site is optimized with the Yoast SEO plugin v27.5 - https:\/\/yoast.com\/product\/yoast-seo-wordpress\/ -->\n<title>Yenibo\u011fazi\u00e7i Pulya Festivali ba\u015fl\u0131yor - Kuzeyin Sesi<\/title>\n<meta name=\"robots\" content=\"index, follow, max-snippet:-1, max-image-preview:large, max-video-preview:-1\" \/>\n<link rel=\"canonical\" href=\"https:\/\/kuzeyinsesi.org\/index.php\/2024\/08\/07\/yenibogazici-pulya-festivali-basliyor\/\" \/>\n<meta property=\"og:locale\" content=\"tr_TR\" \/>\n<meta property=\"og:type\" content=\"article\" \/>\n<meta property=\"og:title\" content=\"Yenibo\u011fazi\u00e7i Pulya Festivali ba\u015fl\u0131yor - Kuzeyin Sesi\" \/>\n<meta property=\"og:description\" content=\"16-25 A\u011fustos tarihlerinde yap\u0131lacak 13\u2019\u00fcnc\u00fc Pulya Festivali ve 4\u2019\u00fcnc\u00fc Uluslararas\u0131 Halk Danslar\u0131 Festivali\u2019nin programlar\u0131 bas\u0131n toplant\u0131s\u0131yla duyuruldu. Bas\u0131n toplant\u0131s\u0131nda Yenibo\u011fazi\u00e7i Belediye Ba\u015fkan\u0131 Katip Demir, festivalle ilgili bilgiler verdi. Katip Demir, halk\u0131n festivali \u00e7ok \u00f6zledi\u011fini belirterek, t\u00fcm halk\u0131 festivale davet etti. Pulya Festivali Komite Ba\u015fkan\u0131 Atalay Talaykurt da, \u015eampiyon Melekler ad\u0131na yap\u0131lacak olan Levent Y\u00fcksel konserinin [&hellip;]\" \/>\n<meta property=\"og:url\" content=\"https:\/\/kuzeyinsesi.org\/index.php\/2024\/08\/07\/yenibogazici-pulya-festivali-basliyor\/\" \/>\n<meta property=\"og:site_name\" content=\"Kuzeyin Sesi\" \/>\n<meta property=\"article:publisher\" content=\"https:\/\/www.facebook.com\/kuzeyinsesii\" \/>\n<meta property=\"article:published_time\" content=\"2024-08-07T16:13:42+00:00\" \/>\n<meta property=\"og:image\" content=\"https:\/\/brtk.net\/wp-content\/uploads\/2024\/08\/07\/pulyaaa.jpg?ver=22f2c22d98e55552041e5c82586e74da\" \/>\n<meta name=\"author\" content=\"Kuzeyin Sesi\" \/>\n<meta name=\"twitter:card\" content=\"summary_large_image\" \/>\n<meta name=\"twitter:creator\" content=\"@kuzeyinsesii\" \/>\n<meta name=\"twitter:site\" content=\"@kuzeyinsesii\" \/>\n<meta name=\"twitter:label1\" content=\"Yazan:\" \/>\n\t<meta name=\"twitter:data1\" content=\"Kuzeyin Sesi\" \/>\n\t<meta name=\"twitter:label2\" content=\"Tahmini okuma s\u00fcresi\" \/>\n\t<meta name=\"twitter:data2\" content=\"1 dakika\" \/>\n<script type=\"application\/ld+json\" class=\"yoast-schema-graph\">{\"@context\":\"https:\\\/\\\/schema.org\",\"@graph\":[{\"@type\":\"Article\",\"@id\":\"https:\\\/\\\/kuzeyinsesi.org\\\/index.php\\\/2024\\\/08\\\/07\\\/yenibogazici-pulya-festivali-basliyor\\\/#article\",\"isPartOf\":{\"@id\":\"https:\\\/\\\/kuzeyinsesi.org\\\/index.php\\\/2024\\\/08\\\/07\\\/yenibogazici-pulya-festivali-basliyor\\\/\"},\"author\":{\"name\":\"Kuzeyin Sesi\",\"@id\":\"https:\\\/\\\/kuzeyinsesi.org\\\/#\\\/schema\\\/person\\\/9f859689cdf01485597712386e37f5aa\"},\"headline\":\"Yenibo\u011fazi\u00e7i Pulya Festivali ba\u015fl\u0131yor\",\"datePublished\":\"2024-08-07T16:13:42+00:00\",\"mainEntityOfPage\":{\"@id\":\"https:\\\/\\\/kuzeyinsesi.org\\\/index.php\\\/2024\\\/08\\\/07\\\/yenibogazici-pulya-festivali-basliyor\\\/\"},\"wordCount\":240,\"commentCount\":0,\"image\":{\"@id\":\"https:\\\/\\\/kuzeyinsesi.org\\\/index.php\\\/2024\\\/08\\\/07\\\/yenibogazici-pulya-festivali-basliyor\\\/#primaryimage\"},\"thumbnailUrl\":\"https:\\\/\\\/kuzeyinsesi.org\\\/wp-content\\\/uploads\\\/2024\\\/08\\\/pulyaaa.jpg\",\"articleSection\":[\"Ya\u015fam\"],\"inLanguage\":\"tr\",\"potentialAction\":[{\"@type\":\"CommentAction\",\"name\":\"Comment\",\"target\":[\"https:\\\/\\\/kuzeyinsesi.org\\\/index.php\\\/2024\\\/08\\\/07\\\/yenibogazici-pulya-festivali-basliyor\\\/#respond\"]}]},{\"@type\":\"WebPage\",\"@id\":\"https:\\\/\\\/kuzeyinsesi.org\\\/index.php\\\/2024\\\/08\\\/07\\\/yenibogazici-pulya-festivali-basliyor\\\/\",\"url\":\"https:\\\/\\\/kuzeyinsesi.org\\\/index.php\\\/2024\\\/08\\\/07\\\/yenibogazici-pulya-festivali-basliyor\\\/\",\"name\":\"Yenibo\u011fazi\u00e7i Pulya Festivali ba\u015fl\u0131yor - Kuzeyin Sesi\",\"isPartOf\":{\"@id\":\"https:\\\/\\\/kuzeyinsesi.org\\\/#website\"},\"primaryImageOfPage\":{\"@id\":\"https:\\\/\\\/kuzeyinsesi.org\\\/index.php\\\/2024\\\/08\\\/07\\\/yenibogazici-pulya-festivali-basliyor\\\/#primaryimage\"},\"image\":{\"@id\":\"https:\\\/\\\/kuzeyinsesi.org\\\/index.php\\\/2024\\\/08\\\/07\\\/yenibogazici-pulya-festivali-basliyor\\\/#primaryimage\"},\"thumbnailUrl\":\"https:\\\/\\\/kuzeyinsesi.org\\\/wp-content\\\/uploads\\\/2024\\\/08\\\/pulyaaa.jpg\",\"datePublished\":\"2024-08-07T16:13:42+00:00\",\"author\":{\"@id\":\"https:\\\/\\\/kuzeyinsesi.org\\\/#\\\/schema\\\/person\\\/9f859689cdf01485597712386e37f5aa\"},\"breadcrumb\":{\"@id\":\"https:\\\/\\\/kuzeyinsesi.org\\\/index.php\\\/2024\\\/08\\\/07\\\/yenibogazici-pulya-festivali-basliyor\\\/#breadcrumb\"},\"inLanguage\":\"tr\",\"potentialAction\":[{\"@type\":\"ReadAction\",\"target\":[\"https:\\\/\\\/kuzeyinsesi.org\\\/index.php\\\/2024\\\/08\\\/07\\\/yenibogazici-pulya-festivali-basliyor\\\/\"]}]},{\"@type\":\"ImageObject\",\"inLanguage\":\"tr\",\"@id\":\"https:\\\/\\\/kuzeyinsesi.org\\\/index.php\\\/2024\\\/08\\\/07\\\/yenibogazici-pulya-festivali-basliyor\\\/#primaryimage\",\"url\":\"https:\\\/\\\/kuzeyinsesi.org\\\/wp-content\\\/uploads\\\/2024\\\/08\\\/pulyaaa.jpg\",\"contentUrl\":\"https:\\\/\\\/kuzeyinsesi.org\\\/wp-content\\\/uploads\\\/2024\\\/08\\\/pulyaaa.jpg\",\"width\":1600,\"height\":683},{\"@type\":\"BreadcrumbList\",\"@id\":\"https:\\\/\\\/kuzeyinsesi.org\\\/index.php\\\/2024\\\/08\\\/07\\\/yenibogazici-pulya-festivali-basliyor\\\/#breadcrumb\",\"itemListElement\":[{\"@type\":\"ListItem\",\"position\":1,\"name\":\"Anasayfa\",\"item\":\"https:\\\/\\\/kuzeyinsesi.org\\\/\"},{\"@type\":\"ListItem\",\"position\":2,\"name\":\"Yenibo\u011fazi\u00e7i Pulya Festivali ba\u015fl\u0131yor\"}]},{\"@type\":\"WebSite\",\"@id\":\"https:\\\/\\\/kuzeyinsesi.org\\\/#website\",\"url\":\"https:\\\/\\\/kuzeyinsesi.org\\\/\",\"name\":\"Kuzeyin Sesi\",\"description\":\"Do\u011fru Haberin Adresi\",\"potentialAction\":[{\"@type\":\"SearchAction\",\"target\":{\"@type\":\"EntryPoint\",\"urlTemplate\":\"https:\\\/\\\/kuzeyinsesi.org\\\/?s={search_term_string}\"},\"query-input\":{\"@type\":\"PropertyValueSpecification\",\"valueRequired\":true,\"valueName\":\"search_term_string\"}}],\"inLanguage\":\"tr\"},{\"@type\":\"Person\",\"@id\":\"https:\\\/\\\/kuzeyinsesi.org\\\/#\\\/schema\\\/person\\\/9f859689cdf01485597712386e37f5aa\",\"name\":\"Kuzeyin Sesi\",\"image\":{\"@type\":\"ImageObject\",\"inLanguage\":\"tr\",\"@id\":\"https:\\\/\\\/secure.gravatar.com\\\/avatar\\\/bab33852abfd8b282518d6ed81826833d77c3c882d9ab608add591ccace47a44?s=96&d=mm&r=g\",\"url\":\"https:\\\/\\\/secure.gravatar.com\\\/avatar\\\/bab33852abfd8b282518d6ed81826833d77c3c882d9ab608add591ccace47a44?s=96&d=mm&r=g\",\"contentUrl\":\"https:\\\/\\\/secure.gravatar.com\\\/avatar\\\/bab33852abfd8b282518d6ed81826833d77c3c882d9ab608add591ccace47a44?s=96&d=mm&r=g\",\"caption\":\"Kuzeyin Sesi\"},\"sameAs\":[\"https:\\\/\\\/kuzeyinsesi.org\"],\"url\":\"https:\\\/\\\/kuzeyinsesi.org\\\/index.php\\\/author\\\/guven\\\/\"}]}<\/script>\n<!-- \/ Yoast SEO plugin. -->","yoast_head_json":{"title":"Yenibo\u011fazi\u00e7i Pulya Festivali ba\u015fl\u0131yor - Kuzeyin Sesi","robots":{"index":"index","follow":"follow","max-snippet":"max-snippet:-1","max-image-preview":"max-image-preview:large","max-video-preview":"max-video-preview:-1"},"canonical":"https:\/\/kuzeyinsesi.org\/index.php\/2024\/08\/07\/yenibogazici-pulya-festivali-basliyor\/","og_locale":"tr_TR","og_type":"article","og_title":"Yenibo\u011fazi\u00e7i Pulya Festivali ba\u015fl\u0131yor - Kuzeyin Sesi","og_description":"16-25 A\u011fustos tarihlerinde yap\u0131lacak 13\u2019\u00fcnc\u00fc Pulya Festivali ve 4\u2019\u00fcnc\u00fc Uluslararas\u0131 Halk Danslar\u0131 Festivali\u2019nin programlar\u0131 bas\u0131n toplant\u0131s\u0131yla duyuruldu. Bas\u0131n toplant\u0131s\u0131nda Yenibo\u011fazi\u00e7i Belediye Ba\u015fkan\u0131 Katip Demir, festivalle ilgili bilgiler verdi. Katip Demir, halk\u0131n festivali \u00e7ok \u00f6zledi\u011fini belirterek, t\u00fcm halk\u0131 festivale davet etti. Pulya Festivali Komite Ba\u015fkan\u0131 Atalay Talaykurt da, \u015eampiyon Melekler ad\u0131na yap\u0131lacak olan Levent Y\u00fcksel konserinin [&hellip;]","og_url":"https:\/\/kuzeyinsesi.org\/index.php\/2024\/08\/07\/yenibogazici-pulya-festivali-basliyor\/","og_site_name":"Kuzeyin Sesi","article_publisher":"https:\/\/www.facebook.com\/kuzeyinsesii","article_published_time":"2024-08-07T16:13:42+00:00","og_image":[{"url":"https:\/\/brtk.net\/wp-content\/uploads\/2024\/08\/07\/pulyaaa.jpg?ver=22f2c22d98e55552041e5c82586e74da","type":"","width":"","height":""}],"author":"Kuzeyin Sesi","twitter_card":"summary_large_image","twitter_creator":"@kuzeyinsesii","twitter_site":"@kuzeyinsesii","twitter_misc":{"Yazan:":"Kuzeyin Sesi","Tahmini okuma s\u00fcresi":"1 dakika"},"schema":{"@context":"https:\/\/schema.org","@graph":[{"@type":"Article","@id":"https:\/\/kuzeyinsesi.org\/index.php\/2024\/08\/07\/yenibogazici-pulya-festivali-basliyor\/#article","isPartOf":{"@id":"https:\/\/kuzeyinsesi.org\/index.php\/2024\/08\/07\/yenibogazici-pulya-festivali-basliyor\/"},"author":{"name":"Kuzeyin Sesi","@id":"https:\/\/kuzeyinsesi.org\/#\/schema\/person\/9f859689cdf01485597712386e37f5aa"},"headline":"Yenibo\u011fazi\u00e7i Pulya Festivali ba\u015fl\u0131yor","datePublished":"2024-08-07T16:13:42+00:00","mainEntityOfPage":{"@id":"https:\/\/kuzeyinsesi.org\/index.php\/2024\/08\/07\/yenibogazici-pulya-festivali-basliyor\/"},"wordCount":240,"commentCount":0,"image":{"@id":"https:\/\/kuzeyinsesi.org\/index.php\/2024\/08\/07\/yenibogazici-pulya-festivali-basliyor\/#primaryimage"},"thumbnailUrl":"https:\/\/kuzeyinsesi.org\/wp-content\/uploads\/2024\/08\/pulyaaa.jpg","articleSection":["Ya\u015fam"],"inLanguage":"tr","potentialAction":[{"@type":"CommentAction","name":"Comment","target":["https:\/\/kuzeyinsesi.org\/index.php\/2024\/08\/07\/yenibogazici-pulya-festivali-basliyor\/#respond"]}]},{"@type":"WebPage","@id":"https:\/\/kuzeyinsesi.org\/index.php\/2024\/08\/07\/yenibogazici-pulya-festivali-basliyor\/","url":"https:\/\/kuzeyinsesi.org\/index.php\/2024\/08\/07\/yenibogazici-pulya-festivali-basliyor\/","name":"Yenibo\u011fazi\u00e7i Pulya Festivali ba\u015fl\u0131yor - Kuzeyin Sesi","isPartOf":{"@id":"https:\/\/kuzeyinsesi.org\/#website"},"primaryImageOfPage":{"@id":"https:\/\/kuzeyinsesi.org\/index.php\/2024\/08\/07\/yenibogazici-pulya-festivali-basliyor\/#primaryimage"},"image":{"@id":"https:\/\/kuzeyinsesi.org\/index.php\/2024\/08\/07\/yenibogazici-pulya-festivali-basliyor\/#primaryimage"},"thumbnailUrl":"https:\/\/kuzeyinsesi.org\/wp-content\/uploads\/2024\/08\/pulyaaa.jpg","datePublished":"2024-08-07T16:13:42+00:00","author":{"@id":"https:\/\/kuzeyinsesi.org\/#\/schema\/person\/9f859689cdf01485597712386e37f5aa"},"breadcrumb":{"@id":"https:\/\/kuzeyinsesi.org\/index.php\/2024\/08\/07\/yenibogazici-pulya-festivali-basliyor\/#breadcrumb"},"inLanguage":"tr","potentialAction":[{"@type":"ReadAction","target":["https:\/\/kuzeyinsesi.org\/index.php\/2024\/08\/07\/yenibogazici-pulya-festivali-basliyor\/"]}]},{"@type":"ImageObject","inLanguage":"tr","@id":"https:\/\/kuzeyinsesi.org\/index.php\/2024\/08\/07\/yenibogazici-pulya-festivali-basliyor\/#primaryimage","url":"https:\/\/kuzeyinsesi.org\/wp-content\/uploads\/2024\/08\/pulyaaa.jpg","contentUrl":"https:\/\/kuzeyinsesi.org\/wp-content\/uploads\/2024\/08\/pulyaaa.jpg","width":1600,"height":683},{"@type":"BreadcrumbList","@id":"https:\/\/kuzeyinsesi.org\/index.php\/2024\/08\/07\/yenibogazici-pulya-festivali-basliyor\/#breadcrumb","itemListElement":[{"@type":"ListItem","position":1,"name":"Anasayfa","item":"https:\/\/kuzeyinsesi.org\/"},{"@type":"ListItem","position":2,"name":"Yenibo\u011fazi\u00e7i Pulya Festivali ba\u015fl\u0131yor"}]},{"@type":"WebSite","@id":"https:\/\/kuzeyinsesi.org\/#website","url":"https:\/\/kuzeyinsesi.org\/","name":"Kuzeyin Sesi","description":"Do\u011fru Haberin Adresi","potentialAction":[{"@type":"SearchAction","target":{"@type":"EntryPoint","urlTemplate":"https:\/\/kuzeyinsesi.org\/?s={search_term_string}"},"query-input":{"@type":"PropertyValueSpecification","valueRequired":true,"valueName":"search_term_string"}}],"inLanguage":"tr"},{"@type":"Person","@id":"https:\/\/kuzeyinsesi.org\/#\/schema\/person\/9f859689cdf01485597712386e37f5aa","name":"Kuzeyin Sesi","image":{"@type":"ImageObject","inLanguage":"tr","@id":"https:\/\/secure.gravatar.com\/avatar\/bab33852abfd8b282518d6ed81826833d77c3c882d9ab608add591ccace47a44?s=96&d=mm&r=g","url":"https:\/\/secure.gravatar.com\/avatar\/bab33852abfd8b282518d6ed81826833d77c3c882d9ab608add591ccace47a44?s=96&d=mm&r=g","contentUrl":"https:\/\/secure.gravatar.com\/avatar\/bab33852abfd8b282518d6ed81826833d77c3c882d9ab608add591ccace47a44?s=96&d=mm&r=g","caption":"Kuzeyin Sesi"},"sameAs":["https:\/\/kuzeyinsesi.org"],"url":"https:\/\/kuzeyinsesi.org\/index.php\/author\/guven\/"}]}},"_links":{"self":[{"href":"https:\/\/kuzeyinsesi.org\/index.php\/wp-json\/wp\/v2\/posts\/7640","targetHints":{"allow":["GET"]}}],"collection":[{"href":"https:\/\/kuzeyinsesi.org\/index.php\/wp-json\/wp\/v2\/posts"}],"about":[{"href":"https:\/\/kuzeyinsesi.org\/index.php\/wp-json\/wp\/v2\/types\/post"}],"author":[{"embeddable":true,"href":"https:\/\/kuzeyinsesi.org\/index.php\/wp-json\/wp\/v2\/users\/1"}],"replies":[{"embeddable":true,"href":"https:\/\/kuzeyinsesi.org\/index.php\/wp-json\/wp\/v2\/comments?post=7640"}],"version-history":[{"count":0,"href":"https:\/\/kuzeyinsesi.org\/index.php\/wp-json\/wp\/v2\/posts\/7640\/revisions"}],"wp:featuredmedia":[{"embeddable":true,"href":"https:\/\/kuzeyinsesi.org\/index.php\/wp-json\/wp\/v2\/media\/7641"}],"wp:attachment":[{"href":"https:\/\/kuzeyinsesi.org\/index.php\/wp-json\/wp\/v2\/media?parent=7640"}],"wp:term":[{"taxonomy":"category","embeddable":true,"href":"https:\/\/kuzeyinsesi.org\/index.php\/wp-json\/wp\/v2\/categories?post=7640"},{"taxonomy":"post_tag","embeddable":true,"href":"https:\/\/kuzeyinsesi.org\/index.php\/wp-json\/wp\/v2\/tags?post=7640"}],"curies":[{"name":"wp","href":"https:\/\/api.w.org\/{rel}","templated":true}]}}