{"id":7578,"date":"2024-08-06T21:28:01","date_gmt":"2024-08-06T18:28:01","guid":{"rendered":"https:\/\/kuzeyinsesi.org\/index.php\/2024\/08\/06\/polisiye-haberler\/"},"modified":"2024-08-06T21:28:01","modified_gmt":"2024-08-06T18:28:01","slug":"polisiye-haberler","status":"publish","type":"post","link":"https:\/\/kuzeyinsesi.org\/index.php\/2024\/08\/06\/polisiye-haberler\/","title":{"rendered":"Polisiye haberler"},"content":{"rendered":"<div>\n<div class=\"mariselle-image-container none\">\n                                            <\/div>\n<p style=\"font-weight: 300;\">Tuzla k\u00f6y\u00fcnde iki ki\u015fi bir perde ma\u011fazas\u0131nda girerek, ma\u011faza i\u015fletmecisini darp edip cep telefonlar\u0131n\u0131 al\u0131p ka\u00e7t\u0131. Bahse konu \u015fah\u0131slar tutukland\u0131.<\/p>\n<p style=\"font-weight: 300;\">Polisten verilen bilgiye g\u00f6re, d\u00fcn 21.00\u2019de Tuzla\u2019da bir perde ma\u011fazas\u0131na giren A.\u0130. (E-19) ve Y.P.(E-16), daha \u00f6nce \u00e7al\u0131\u015ft\u0131klar\u0131 g\u00fcnlerin paras\u0131n\u0131 eksik verdi\u011fi gerek\u00e7esiyle, i\u015fyeri i\u015fletmecisi C.E.\u2019yi darp ederek, 3 cep telefonunu \u00e7al\u0131p ka\u00e7t\u0131.<\/p>\n<p style=\"font-weight: 300;\">Olay\u0131n polisin bilgisine gelmesi \u00fczerine bahse konu \u015fah\u0131slar tespit edilerek tutukland\u0131.<\/p>\n<p style=\"font-weight: 300;\"><span style=\"font-weight: 300 !important;\">-Haspolat \u00e7\u00f6pl\u00fc\u011f\u00fcnde yang\u0131n<\/span><\/p>\n<p style=\"font-weight: 300;\">Haspolat \u00e7\u00f6pl\u00fc\u011f\u00fcnde d\u00fcn \u00f6\u011fle saatlerinde \u00e7\u0131kan yang\u0131n\u0131n yay\u0131lmas\u0131yla, 100 d\u00f6n\u00fcml\u00fck alan i\u00e7erisindeki maki bitki \u00f6rt\u00fcs\u00fc, 100 akasya a\u011fac\u0131, 3 rulo balya yand\u0131. Yang\u0131n itfaiye ekipleri taraf\u0131ndan s\u00f6nd\u00fcr\u00fcld\u00fc.<\/p>\n<p style=\"font-weight: 300;\"><strong>-\u0130kamet izinsiz bir ki\u015fi tutukland\u0131<\/strong><\/p>\n<p style=\"font-weight: 300;\">\u00dclke genelinde d\u00fcn ger\u00e7ekle\u015ftirilen polis denetimlerinde, ikamet izinsiz bir ki\u015fi tespit edilerek, tutukland\u0131.<\/p>\n<p style=\"font-weight: 300;\"><strong>-Serdarl\u0131\u2019da i\u015f kazas\u0131<\/strong><\/p>\n<p style=\"font-weight: 300;\">Serdarl\u0131\u2019da bir ikametgah\u0131n etraf\u0131na kurulan 2 metre y\u00fckseklikteki iskelenin bir b\u00f6l\u00fcm\u00fc, iskeleyi bozmaya \u00e7al\u0131\u015fan Hazraj Ali\u2019nin \u00a0(E-29) \u00fczerine d\u00fc\u015ft\u00fc. Yaralanan Hazraj Ali \u00a0Lefko\u015fa Dr. Burhan Nalbanto\u011flu Devlet Hastanesi Cerrahi Servisi\u2019nde m\u00fc\u015fahede alt\u0131nda al\u0131nd\u0131.<\/p>\n<p style=\"font-weight: 300;\"><strong>-Ba\u011fl\u0131k\u00f6y\u2019de yang\u0131n<\/strong><\/p>\n<p style=\"font-weight: 300;\">Ba\u011fl\u0131k\u00f6y\u2019de d\u00fcn \u015eehit Tahir \u0130brahim Sokak\u2019ta elektrik tellerinin birbirine temas etmesiyle \u00e7\u0131kan k\u0131v\u0131lc\u0131mlar sonucu yang\u0131n \u00e7\u0131kt\u0131. \u0130tfaiye taraf\u0131ndan s\u00f6nd\u00fcr\u00fclen yang\u0131nda elektrik direkleri ve baz\u0131 a\u011fa\u00e7lar yand\u0131.<\/p>\n<p>\u00a0<\/p>\n<\/p><\/div>\n<p><script async\n                    defer\n                    crossorigin=\"anonymous\"\n                    src=\"https:\/\/connect.facebook.net\/tr_TR\/sdk.js#xfbml=1&#038;version=v3.3\"\n            ><\/script><\/p>\n","protected":false},"excerpt":{"rendered":"<p>Tuzla k\u00f6y\u00fcnde iki ki\u015fi bir perde ma\u011fazas\u0131nda girerek, ma\u011faza i\u015fletmecisini darp edip cep telefonlar\u0131n\u0131 al\u0131p ka\u00e7t\u0131. Bahse konu \u015fah\u0131slar tutukland\u0131. Polisten verilen bilgiye g\u00f6re, d\u00fcn 21.00\u2019de Tuzla\u2019da bir perde ma\u011fazas\u0131na giren A.\u0130. (E-19) ve Y.P.(E-16), daha \u00f6nce \u00e7al\u0131\u015ft\u0131klar\u0131 g\u00fcnlerin paras\u0131n\u0131 eksik verdi\u011fi gerek\u00e7esiyle, i\u015fyeri i\u015fletmecisi C.E.\u2019yi darp ederek, 3 cep telefonunu \u00e7al\u0131p ka\u00e7t\u0131. Olay\u0131n polisin [&hellip;]<\/p>\n","protected":false},"author":1,"featured_media":7579,"comment_status":"open","ping_status":"open","sticky":false,"template":"","format":"standard","meta":{"jnews-multi-image_gallery":[],"jnews_single_post":[],"jnews_primary_category":[],"jnews_social_meta":[],"jnews_override_counter":[],"footnotes":""},"categories":[6],"tags":[],"class_list":["post-7578","post","type-post","status-publish","format-standard","has-post-thumbnail","hentry","category-yasam"],"yoast_head":"<!-- This site is optimized with the Yoast SEO plugin v27.5 - https:\/\/yoast.com\/product\/yoast-seo-wordpress\/ -->\n<title>Polisiye haberler - Kuzeyin Sesi<\/title>\n<meta name=\"robots\" content=\"index, follow, max-snippet:-1, max-image-preview:large, max-video-preview:-1\" \/>\n<link rel=\"canonical\" href=\"https:\/\/kuzeyinsesi.org\/index.php\/2024\/08\/06\/polisiye-haberler\/\" \/>\n<meta property=\"og:locale\" content=\"tr_TR\" \/>\n<meta property=\"og:type\" content=\"article\" \/>\n<meta property=\"og:title\" content=\"Polisiye haberler - Kuzeyin Sesi\" \/>\n<meta property=\"og:description\" content=\"Tuzla k\u00f6y\u00fcnde iki ki\u015fi bir perde ma\u011fazas\u0131nda girerek, ma\u011faza i\u015fletmecisini darp edip cep telefonlar\u0131n\u0131 al\u0131p ka\u00e7t\u0131. Bahse konu \u015fah\u0131slar tutukland\u0131. Polisten verilen bilgiye g\u00f6re, d\u00fcn 21.00\u2019de Tuzla\u2019da bir perde ma\u011fazas\u0131na giren A.\u0130. (E-19) ve Y.P.(E-16), daha \u00f6nce \u00e7al\u0131\u015ft\u0131klar\u0131 g\u00fcnlerin paras\u0131n\u0131 eksik verdi\u011fi gerek\u00e7esiyle, i\u015fyeri i\u015fletmecisi C.E.\u2019yi darp ederek, 3 cep telefonunu \u00e7al\u0131p ka\u00e7t\u0131. Olay\u0131n polisin [&hellip;]\" \/>\n<meta property=\"og:url\" content=\"https:\/\/kuzeyinsesi.org\/index.php\/2024\/08\/06\/polisiye-haberler\/\" \/>\n<meta property=\"og:site_name\" content=\"Kuzeyin Sesi\" \/>\n<meta property=\"article:publisher\" content=\"https:\/\/www.facebook.com\/kuzeyinsesii\" \/>\n<meta property=\"article:published_time\" content=\"2024-08-06T18:28:01+00:00\" \/>\n<meta property=\"og:image\" content=\"https:\/\/brtk.net\/wp-content\/uploads\/2024\/08\/06\/polis-genel-mudurlugu67.jpeg?ver=ebb57a1c490eaa5315e3b2cb2e727424\" \/>\n<meta name=\"author\" content=\"Kuzeyin Sesi\" \/>\n<meta name=\"twitter:card\" content=\"summary_large_image\" \/>\n<meta name=\"twitter:creator\" content=\"@kuzeyinsesii\" \/>\n<meta name=\"twitter:site\" content=\"@kuzeyinsesii\" \/>\n<meta name=\"twitter:label1\" content=\"Yazan:\" \/>\n\t<meta name=\"twitter:data1\" content=\"Kuzeyin Sesi\" \/>\n\t<meta name=\"twitter:label2\" content=\"Tahmini okuma s\u00fcresi\" \/>\n\t<meta name=\"twitter:data2\" content=\"1 dakika\" \/>\n<script type=\"application\/ld+json\" class=\"yoast-schema-graph\">{\"@context\":\"https:\\\/\\\/schema.org\",\"@graph\":[{\"@type\":\"Article\",\"@id\":\"https:\\\/\\\/kuzeyinsesi.org\\\/index.php\\\/2024\\\/08\\\/06\\\/polisiye-haberler\\\/#article\",\"isPartOf\":{\"@id\":\"https:\\\/\\\/kuzeyinsesi.org\\\/index.php\\\/2024\\\/08\\\/06\\\/polisiye-haberler\\\/\"},\"author\":{\"name\":\"Kuzeyin Sesi\",\"@id\":\"https:\\\/\\\/kuzeyinsesi.org\\\/#\\\/schema\\\/person\\\/9f859689cdf01485597712386e37f5aa\"},\"headline\":\"Polisiye haberler\",\"datePublished\":\"2024-08-06T18:28:01+00:00\",\"mainEntityOfPage\":{\"@id\":\"https:\\\/\\\/kuzeyinsesi.org\\\/index.php\\\/2024\\\/08\\\/06\\\/polisiye-haberler\\\/\"},\"wordCount\":268,\"commentCount\":0,\"image\":{\"@id\":\"https:\\\/\\\/kuzeyinsesi.org\\\/index.php\\\/2024\\\/08\\\/06\\\/polisiye-haberler\\\/#primaryimage\"},\"thumbnailUrl\":\"https:\\\/\\\/kuzeyinsesi.org\\\/wp-content\\\/uploads\\\/2024\\\/08\\\/renkli-polis.jpg\",\"articleSection\":[\"Ya\u015fam\"],\"inLanguage\":\"tr\",\"potentialAction\":[{\"@type\":\"CommentAction\",\"name\":\"Comment\",\"target\":[\"https:\\\/\\\/kuzeyinsesi.org\\\/index.php\\\/2024\\\/08\\\/06\\\/polisiye-haberler\\\/#respond\"]}]},{\"@type\":\"WebPage\",\"@id\":\"https:\\\/\\\/kuzeyinsesi.org\\\/index.php\\\/2024\\\/08\\\/06\\\/polisiye-haberler\\\/\",\"url\":\"https:\\\/\\\/kuzeyinsesi.org\\\/index.php\\\/2024\\\/08\\\/06\\\/polisiye-haberler\\\/\",\"name\":\"Polisiye haberler - Kuzeyin Sesi\",\"isPartOf\":{\"@id\":\"https:\\\/\\\/kuzeyinsesi.org\\\/#website\"},\"primaryImageOfPage\":{\"@id\":\"https:\\\/\\\/kuzeyinsesi.org\\\/index.php\\\/2024\\\/08\\\/06\\\/polisiye-haberler\\\/#primaryimage\"},\"image\":{\"@id\":\"https:\\\/\\\/kuzeyinsesi.org\\\/index.php\\\/2024\\\/08\\\/06\\\/polisiye-haberler\\\/#primaryimage\"},\"thumbnailUrl\":\"https:\\\/\\\/kuzeyinsesi.org\\\/wp-content\\\/uploads\\\/2024\\\/08\\\/renkli-polis.jpg\",\"datePublished\":\"2024-08-06T18:28:01+00:00\",\"author\":{\"@id\":\"https:\\\/\\\/kuzeyinsesi.org\\\/#\\\/schema\\\/person\\\/9f859689cdf01485597712386e37f5aa\"},\"breadcrumb\":{\"@id\":\"https:\\\/\\\/kuzeyinsesi.org\\\/index.php\\\/2024\\\/08\\\/06\\\/polisiye-haberler\\\/#breadcrumb\"},\"inLanguage\":\"tr\",\"potentialAction\":[{\"@type\":\"ReadAction\",\"target\":[\"https:\\\/\\\/kuzeyinsesi.org\\\/index.php\\\/2024\\\/08\\\/06\\\/polisiye-haberler\\\/\"]}]},{\"@type\":\"ImageObject\",\"inLanguage\":\"tr\",\"@id\":\"https:\\\/\\\/kuzeyinsesi.org\\\/index.php\\\/2024\\\/08\\\/06\\\/polisiye-haberler\\\/#primaryimage\",\"url\":\"https:\\\/\\\/kuzeyinsesi.org\\\/wp-content\\\/uploads\\\/2024\\\/08\\\/renkli-polis.jpg\",\"contentUrl\":\"https:\\\/\\\/kuzeyinsesi.org\\\/wp-content\\\/uploads\\\/2024\\\/08\\\/renkli-polis.jpg\",\"width\":512,\"height\":237},{\"@type\":\"BreadcrumbList\",\"@id\":\"https:\\\/\\\/kuzeyinsesi.org\\\/index.php\\\/2024\\\/08\\\/06\\\/polisiye-haberler\\\/#breadcrumb\",\"itemListElement\":[{\"@type\":\"ListItem\",\"position\":1,\"name\":\"Anasayfa\",\"item\":\"https:\\\/\\\/kuzeyinsesi.org\\\/\"},{\"@type\":\"ListItem\",\"position\":2,\"name\":\"Polisiye haberler\"}]},{\"@type\":\"WebSite\",\"@id\":\"https:\\\/\\\/kuzeyinsesi.org\\\/#website\",\"url\":\"https:\\\/\\\/kuzeyinsesi.org\\\/\",\"name\":\"Kuzeyin Sesi\",\"description\":\"Do\u011fru Haberin Adresi\",\"potentialAction\":[{\"@type\":\"SearchAction\",\"target\":{\"@type\":\"EntryPoint\",\"urlTemplate\":\"https:\\\/\\\/kuzeyinsesi.org\\\/?s={search_term_string}\"},\"query-input\":{\"@type\":\"PropertyValueSpecification\",\"valueRequired\":true,\"valueName\":\"search_term_string\"}}],\"inLanguage\":\"tr\"},{\"@type\":\"Person\",\"@id\":\"https:\\\/\\\/kuzeyinsesi.org\\\/#\\\/schema\\\/person\\\/9f859689cdf01485597712386e37f5aa\",\"name\":\"Kuzeyin Sesi\",\"image\":{\"@type\":\"ImageObject\",\"inLanguage\":\"tr\",\"@id\":\"https:\\\/\\\/secure.gravatar.com\\\/avatar\\\/bab33852abfd8b282518d6ed81826833d77c3c882d9ab608add591ccace47a44?s=96&d=mm&r=g\",\"url\":\"https:\\\/\\\/secure.gravatar.com\\\/avatar\\\/bab33852abfd8b282518d6ed81826833d77c3c882d9ab608add591ccace47a44?s=96&d=mm&r=g\",\"contentUrl\":\"https:\\\/\\\/secure.gravatar.com\\\/avatar\\\/bab33852abfd8b282518d6ed81826833d77c3c882d9ab608add591ccace47a44?s=96&d=mm&r=g\",\"caption\":\"Kuzeyin Sesi\"},\"sameAs\":[\"https:\\\/\\\/kuzeyinsesi.org\"],\"url\":\"https:\\\/\\\/kuzeyinsesi.org\\\/index.php\\\/author\\\/guven\\\/\"}]}<\/script>\n<!-- \/ Yoast SEO plugin. -->","yoast_head_json":{"title":"Polisiye haberler - Kuzeyin Sesi","robots":{"index":"index","follow":"follow","max-snippet":"max-snippet:-1","max-image-preview":"max-image-preview:large","max-video-preview":"max-video-preview:-1"},"canonical":"https:\/\/kuzeyinsesi.org\/index.php\/2024\/08\/06\/polisiye-haberler\/","og_locale":"tr_TR","og_type":"article","og_title":"Polisiye haberler - Kuzeyin Sesi","og_description":"Tuzla k\u00f6y\u00fcnde iki ki\u015fi bir perde ma\u011fazas\u0131nda girerek, ma\u011faza i\u015fletmecisini darp edip cep telefonlar\u0131n\u0131 al\u0131p ka\u00e7t\u0131. Bahse konu \u015fah\u0131slar tutukland\u0131. Polisten verilen bilgiye g\u00f6re, d\u00fcn 21.00\u2019de Tuzla\u2019da bir perde ma\u011fazas\u0131na giren A.\u0130. (E-19) ve Y.P.(E-16), daha \u00f6nce \u00e7al\u0131\u015ft\u0131klar\u0131 g\u00fcnlerin paras\u0131n\u0131 eksik verdi\u011fi gerek\u00e7esiyle, i\u015fyeri i\u015fletmecisi C.E.\u2019yi darp ederek, 3 cep telefonunu \u00e7al\u0131p ka\u00e7t\u0131. Olay\u0131n polisin [&hellip;]","og_url":"https:\/\/kuzeyinsesi.org\/index.php\/2024\/08\/06\/polisiye-haberler\/","og_site_name":"Kuzeyin Sesi","article_publisher":"https:\/\/www.facebook.com\/kuzeyinsesii","article_published_time":"2024-08-06T18:28:01+00:00","og_image":[{"url":"https:\/\/brtk.net\/wp-content\/uploads\/2024\/08\/06\/polis-genel-mudurlugu67.jpeg?ver=ebb57a1c490eaa5315e3b2cb2e727424","type":"","width":"","height":""}],"author":"Kuzeyin Sesi","twitter_card":"summary_large_image","twitter_creator":"@kuzeyinsesii","twitter_site":"@kuzeyinsesii","twitter_misc":{"Yazan:":"Kuzeyin Sesi","Tahmini okuma s\u00fcresi":"1 dakika"},"schema":{"@context":"https:\/\/schema.org","@graph":[{"@type":"Article","@id":"https:\/\/kuzeyinsesi.org\/index.php\/2024\/08\/06\/polisiye-haberler\/#article","isPartOf":{"@id":"https:\/\/kuzeyinsesi.org\/index.php\/2024\/08\/06\/polisiye-haberler\/"},"author":{"name":"Kuzeyin Sesi","@id":"https:\/\/kuzeyinsesi.org\/#\/schema\/person\/9f859689cdf01485597712386e37f5aa"},"headline":"Polisiye haberler","datePublished":"2024-08-06T18:28:01+00:00","mainEntityOfPage":{"@id":"https:\/\/kuzeyinsesi.org\/index.php\/2024\/08\/06\/polisiye-haberler\/"},"wordCount":268,"commentCount":0,"image":{"@id":"https:\/\/kuzeyinsesi.org\/index.php\/2024\/08\/06\/polisiye-haberler\/#primaryimage"},"thumbnailUrl":"https:\/\/kuzeyinsesi.org\/wp-content\/uploads\/2024\/08\/renkli-polis.jpg","articleSection":["Ya\u015fam"],"inLanguage":"tr","potentialAction":[{"@type":"CommentAction","name":"Comment","target":["https:\/\/kuzeyinsesi.org\/index.php\/2024\/08\/06\/polisiye-haberler\/#respond"]}]},{"@type":"WebPage","@id":"https:\/\/kuzeyinsesi.org\/index.php\/2024\/08\/06\/polisiye-haberler\/","url":"https:\/\/kuzeyinsesi.org\/index.php\/2024\/08\/06\/polisiye-haberler\/","name":"Polisiye haberler - Kuzeyin Sesi","isPartOf":{"@id":"https:\/\/kuzeyinsesi.org\/#website"},"primaryImageOfPage":{"@id":"https:\/\/kuzeyinsesi.org\/index.php\/2024\/08\/06\/polisiye-haberler\/#primaryimage"},"image":{"@id":"https:\/\/kuzeyinsesi.org\/index.php\/2024\/08\/06\/polisiye-haberler\/#primaryimage"},"thumbnailUrl":"https:\/\/kuzeyinsesi.org\/wp-content\/uploads\/2024\/08\/renkli-polis.jpg","datePublished":"2024-08-06T18:28:01+00:00","author":{"@id":"https:\/\/kuzeyinsesi.org\/#\/schema\/person\/9f859689cdf01485597712386e37f5aa"},"breadcrumb":{"@id":"https:\/\/kuzeyinsesi.org\/index.php\/2024\/08\/06\/polisiye-haberler\/#breadcrumb"},"inLanguage":"tr","potentialAction":[{"@type":"ReadAction","target":["https:\/\/kuzeyinsesi.org\/index.php\/2024\/08\/06\/polisiye-haberler\/"]}]},{"@type":"ImageObject","inLanguage":"tr","@id":"https:\/\/kuzeyinsesi.org\/index.php\/2024\/08\/06\/polisiye-haberler\/#primaryimage","url":"https:\/\/kuzeyinsesi.org\/wp-content\/uploads\/2024\/08\/renkli-polis.jpg","contentUrl":"https:\/\/kuzeyinsesi.org\/wp-content\/uploads\/2024\/08\/renkli-polis.jpg","width":512,"height":237},{"@type":"BreadcrumbList","@id":"https:\/\/kuzeyinsesi.org\/index.php\/2024\/08\/06\/polisiye-haberler\/#breadcrumb","itemListElement":[{"@type":"ListItem","position":1,"name":"Anasayfa","item":"https:\/\/kuzeyinsesi.org\/"},{"@type":"ListItem","position":2,"name":"Polisiye haberler"}]},{"@type":"WebSite","@id":"https:\/\/kuzeyinsesi.org\/#website","url":"https:\/\/kuzeyinsesi.org\/","name":"Kuzeyin Sesi","description":"Do\u011fru Haberin Adresi","potentialAction":[{"@type":"SearchAction","target":{"@type":"EntryPoint","urlTemplate":"https:\/\/kuzeyinsesi.org\/?s={search_term_string}"},"query-input":{"@type":"PropertyValueSpecification","valueRequired":true,"valueName":"search_term_string"}}],"inLanguage":"tr"},{"@type":"Person","@id":"https:\/\/kuzeyinsesi.org\/#\/schema\/person\/9f859689cdf01485597712386e37f5aa","name":"Kuzeyin Sesi","image":{"@type":"ImageObject","inLanguage":"tr","@id":"https:\/\/secure.gravatar.com\/avatar\/bab33852abfd8b282518d6ed81826833d77c3c882d9ab608add591ccace47a44?s=96&d=mm&r=g","url":"https:\/\/secure.gravatar.com\/avatar\/bab33852abfd8b282518d6ed81826833d77c3c882d9ab608add591ccace47a44?s=96&d=mm&r=g","contentUrl":"https:\/\/secure.gravatar.com\/avatar\/bab33852abfd8b282518d6ed81826833d77c3c882d9ab608add591ccace47a44?s=96&d=mm&r=g","caption":"Kuzeyin Sesi"},"sameAs":["https:\/\/kuzeyinsesi.org"],"url":"https:\/\/kuzeyinsesi.org\/index.php\/author\/guven\/"}]}},"_links":{"self":[{"href":"https:\/\/kuzeyinsesi.org\/index.php\/wp-json\/wp\/v2\/posts\/7578","targetHints":{"allow":["GET"]}}],"collection":[{"href":"https:\/\/kuzeyinsesi.org\/index.php\/wp-json\/wp\/v2\/posts"}],"about":[{"href":"https:\/\/kuzeyinsesi.org\/index.php\/wp-json\/wp\/v2\/types\/post"}],"author":[{"embeddable":true,"href":"https:\/\/kuzeyinsesi.org\/index.php\/wp-json\/wp\/v2\/users\/1"}],"replies":[{"embeddable":true,"href":"https:\/\/kuzeyinsesi.org\/index.php\/wp-json\/wp\/v2\/comments?post=7578"}],"version-history":[{"count":0,"href":"https:\/\/kuzeyinsesi.org\/index.php\/wp-json\/wp\/v2\/posts\/7578\/revisions"}],"wp:featuredmedia":[{"embeddable":true,"href":"https:\/\/kuzeyinsesi.org\/index.php\/wp-json\/wp\/v2\/media\/7579"}],"wp:attachment":[{"href":"https:\/\/kuzeyinsesi.org\/index.php\/wp-json\/wp\/v2\/media?parent=7578"}],"wp:term":[{"taxonomy":"category","embeddable":true,"href":"https:\/\/kuzeyinsesi.org\/index.php\/wp-json\/wp\/v2\/categories?post=7578"},{"taxonomy":"post_tag","embeddable":true,"href":"https:\/\/kuzeyinsesi.org\/index.php\/wp-json\/wp\/v2\/tags?post=7578"}],"curies":[{"name":"wp","href":"https:\/\/api.w.org\/{rel}","templated":true}]}}