{"id":7576,"date":"2024-08-06T20:24:27","date_gmt":"2024-08-06T17:24:27","guid":{"rendered":"https:\/\/kuzeyinsesi.org\/index.php\/2024\/08\/06\/girne-arkin-group-fest24-basliyor\/"},"modified":"2024-08-06T20:24:27","modified_gmt":"2024-08-06T17:24:27","slug":"girne-arkin-group-fest24-basliyor","status":"publish","type":"post","link":"https:\/\/kuzeyinsesi.org\/index.php\/2024\/08\/06\/girne-arkin-group-fest24-basliyor\/","title":{"rendered":"\u201cGirne Ark\u0131n Group Fest24\u201d ba\u015fl\u0131yor"},"content":{"rendered":"<div>\n<div class=\"mariselle-image-container none\">\n                                            <\/div>\n<p style=\"font-weight: 300;\">\u00a0K\u00fclt\u00fcr ve sanat etkinliklerine ev sahipli\u011fi yapacak \u201cGirne Ark\u0131n Group Fest24\u201d 30 A\u011fustos-11 Ekim tarihleri aras\u0131nda yap\u0131l\u0131yor.<\/p>\n<p style=\"font-weight: 300;\">Girne Belediyesi\u2019nden yap\u0131lan a\u00e7\u0131klamaya g\u00f6re, Girne Colony Hotel\u2019de d\u00fczenlenen bas\u0131n toplant\u0131s\u0131nda festival hakk\u0131nda bilgi verildi. Toplant\u0131ya Girne Belediye Ba\u015fkan\u0131 Murat \u015eenkul, isim sponsoru Ark\u0131n Group ad\u0131na Colony Otel Y\u00f6neticisi Bar\u0131\u015f Aslanta\u015f, ana sponsor Merit International ve konaklama sponsoru Merit Park ad\u0131na Merit Park Hotel Genel M\u00fcd\u00fcr\u00fc Alper P\u0131nar, ula\u015f\u0131m sponsoru Cypro Bus ad\u0131na Operasyon M\u00fcd\u00fcr\u00fc Kerem \u00d6z, medya sponsoru Kanal Sim ad\u0131na Genel Yay\u0131n M\u00fcd\u00fcr\u00fc \u0130pek Ak\u0131n, ileti\u015fim sponsoru ad\u0131na Vodafone \u0130\u015f Birimlerinden Sorumlu Genel M\u00fcd\u00fcr Yard\u0131mc\u0131s\u0131 Sevim Be\u015fok Esenda\u011fl\u0131 ile Girne Belediye Meclis \u00dcyeleri ve belediye y\u00f6neticileri kat\u0131ld\u0131.<\/p>\n<p style=\"font-weight: 300;\"><strong>\u00a0\u2013 Etkinlikler<\/strong><\/p>\n<p style=\"font-weight: 300;\">A\u00e7\u0131klamaya g\u00f6re festival program\u0131 \u015f\u00f6yle:<\/p>\n<p style=\"font-weight: 300;\">\u201c3 Eyl\u00fcl\u2019de \u2018Cotton Club Dance Show\u2019; 4 Eyl\u00fcl\u2019de \u0130stanbul Devlet Tiyatrosu \u2018H\u0131r\u00e7\u0131n K\u0131z\u2019; 6 Eyl\u00fcl\u2019de \u2018Melek Mosso\u2019: 11 Eyl\u00fcl\u2019de LTB Tiyatrosu \u2018Tart\u00fcf 24\u2019; 13 Eyl\u00fcl\u2019de \u2018Volkan Konak\u2019; 14 Eyl\u00fcl\u2019de \u20183. Cimnastik \u015e\u00f6leni\u2019; 18 Eyl\u00fcl\u2019de KKTC Devlet Tiyatrolar\u0131 \u2018Gr\u00f6nholm Metodu\u2019; 20 Eyl\u00fcl\u2019de \u2018Mor ve \u00d6tesi\u2019; 25 Eyl\u00fcl\u2019de Ankara Devlet Tiyatrosu \u2018100 Y\u0131ll\u0131k Destan-Ate\u015f\u2019; 26 Eyl\u00fcl\u2019de \u2018Gipsy Kings\u2019 Featuring Andre Reyes; 27 Eyl\u00fcl\u2019de \u2018Zeynep Bast\u0131k\u2019; 28 Eyl\u00fcl\u2019de \u2018S\u0131la 4 ve dostlar\u0131 ile 60. Y\u0131l Efsane \u015eark\u0131lar Konseri\u2019; 30 Eyl\u00fcl\u2019de \u2018Ali\u2019m Folklorik M\u00fczikal Tiyatro Oyunu\u2019 ve 11 Ekim\u2019de \u2018Duman\u2019\u201d<\/p>\n<p style=\"font-weight: 300;\">Festivalde ayr\u0131ca K\u0131br\u0131sl\u0131 sanat\u00e7\u0131lar da sahne alacak. \u20182. M\u00dcZler Sanat Sempozyumu\u2019, \u20183. Gastro Show\u2019, \u2018Vintage Bazaar\u2019, \u20182. Sualt\u0131 G\u00f6r\u00fcnt\u00fc Avc\u0131l\u0131\u011f\u0131 Foto\u011fraf Yar\u0131\u015fmas\u0131\u2019 etkinlikleri de d\u00fczenlenecek.<\/p>\n<p style=\"font-weight: 300;\">40 g\u00fcn boyunca devam edecek Girne Ark\u0131n Group Fest24 kapsam\u0131nda gelenekselle\u015fmi\u015f \u201816. Ozank\u00f6y Pekmez Festivali\u2019, \u201823. Zeytin Festivali\u2019 ile \u20182. Antis Deniz Festivali\u2019 de yap\u0131lacak.<\/p>\n<p style=\"font-weight: 300;\"><strong>\u2013 \u015eenkul: \u201cGirne ad\u0131na mutluluk verici\u201d<\/strong><\/p>\n<p style=\"font-weight: 300;\">Girne Belediye Ba\u015fkan\u0131 Murat \u015eenkul, spor k\u00fclt\u00fcr ve sanat\u0131n birlikte hayat bulaca\u011f\u0131 Girne Ark\u0131n Group Fest24\u2019\u00fcn, herkesin mutlu an\u0131lar kazanaca\u011f\u0131 bir festival olmas\u0131 temennilerini dile getirdi.<\/p>\n<p style=\"font-weight: 300;\">Ne zaman \u015fehrin bir ihtiyac\u0131 do\u011frultusunda sponsor kurumlardan bir talepte bulunsalar, d\u00fc\u015f\u00fcnmeden olumlu cevap ald\u0131klar\u0131n\u0131 hat\u0131rlatan \u015eenkul, bunun Girne ad\u0131na mutluluk verici bir durum oldu\u011funa dikkat \u00e7ekti.<\/p>\n<p style=\"font-weight: 300;\">Festival kapsam\u0131nda yer alan sanat\u00e7\u0131lar ve organizasyonlar hakk\u0131nda k\u0131sa bilgi veren \u015eenkul, \u00f6zellikle \u00fclke sanat\u00e7\u0131lar\u0131n\u0131n yer ald\u0131\u011f\u0131 organizasyonlar\u0131n \u00f6nemine i\u015faret ederek bu anlamda \u00e7ok \u00f6zenli \u00e7al\u0131\u015f\u0131ld\u0131\u011f\u0131n\u0131n alt\u0131n\u0131 \u00e7izdi.<\/p>\n<p style=\"font-weight: 300;\">Merkezi h\u00fck\u00fcmetlerin k\u00fclt\u00fcr sanat etkinliklerine yeterli destek sa\u011flamad\u0131\u011f\u0131n\u0131 belirten \u015eenkul, bu noktada olu\u015fan a\u00e7\u0131\u011f\u0131 b\u00fcy\u00fck anlamda belediyelerin \u00fcstlendi\u011fine ve bunun da sponsorlar\u0131n varl\u0131\u011f\u0131yla ger\u00e7ekle\u015fti\u011fine vurgu yapt\u0131.<\/p>\n<p style=\"font-weight: 300;\">Ortaya konan eme\u011fi k\u00fc\u00e7\u00fcmsemeye veya lekelemeye \u00e7al\u0131\u015fan baz\u0131 bireylerin de var oldu\u011funu savunan \u015eenkul, herkesin bu keyifli 40 g\u00fcn\u00fcn tad\u0131n\u0131 \u00e7\u0131karmas\u0131 temennisinde bulundu.<\/p>\n<p style=\"font-weight: 300;\"><strong>\u2013 Aslanta\u015f: \u201cBu t\u00fcr organizasyonlarda yer almaktan mutluyuz\u201d<\/strong><\/p>\n<p style=\"font-weight: 300;\">Ark\u0131n Group ad\u0131na Otel Y\u00f6neticisi Bar\u0131\u015f Aslanta\u015f da, \u00f6rf, adet ve k\u00fclt\u00fcr\u00fcn payla\u015f\u0131ld\u0131\u011f\u0131 bu t\u00fcr kapsaml\u0131 organizasyonlarda yer almaktan b\u00fcy\u00fck mutluluk duyduklar\u0131n\u0131 ifade etti.<\/p>\n<p style=\"font-weight: 300;\">Aslanta\u015f, sanata ve sanat\u00e7\u0131ya de\u011fer vererek festivale katk\u0131 koyan herkese te\u015fekk\u00fcr etti ve mutlu bir festival d\u00f6nemi temennisinde bulundu.<\/p>\n<p style=\"font-weight: 300;\"><strong>-P\u0131nar: \u201cBa\u015far\u0131l\u0131 bir festival ge\u00e7irmek dile\u011fiyle\u201d<\/strong><\/p>\n<p style=\"font-weight: 300;\">\u00a0Merit Park Hotel Genel M\u00fcd\u00fcr\u00fc Alper P\u0131nar, adan\u0131n g\u00f6zdesi Girne\u2019ye b\u00fcy\u00fck katk\u0131 sa\u011flayan bu organizasyonun bir par\u00e7as\u0131 olmaktan b\u00fcy\u00fck mutluluk duyduklar\u0131n\u0131 belirtti.<\/p>\n<p style=\"font-weight: 300;\">P\u0131nar, bu ba\u011flamda katk\u0131 koyan herkese te\u015fekk\u00fcr ederek, \u201cBa\u015far\u0131l\u0131 bir festival ge\u00e7irmek dile\u011fiyle\u201d diye konu\u015ftu.<\/p>\n<p>\u00a0<\/p>\n<\/p><\/div>\n<p><script async\n                    defer\n                    crossorigin=\"anonymous\"\n                    src=\"https:\/\/connect.facebook.net\/tr_TR\/sdk.js#xfbml=1&#038;version=v3.3\"\n            ><\/script><\/p>\n","protected":false},"excerpt":{"rendered":"<p>\u00a0K\u00fclt\u00fcr ve sanat etkinliklerine ev sahipli\u011fi yapacak \u201cGirne Ark\u0131n Group Fest24\u201d 30 A\u011fustos-11 Ekim tarihleri aras\u0131nda yap\u0131l\u0131yor. Girne Belediyesi\u2019nden yap\u0131lan a\u00e7\u0131klamaya g\u00f6re, Girne Colony Hotel\u2019de d\u00fczenlenen bas\u0131n toplant\u0131s\u0131nda festival hakk\u0131nda bilgi verildi. Toplant\u0131ya Girne Belediye Ba\u015fkan\u0131 Murat \u015eenkul, isim sponsoru Ark\u0131n Group ad\u0131na Colony Otel Y\u00f6neticisi Bar\u0131\u015f Aslanta\u015f, ana sponsor Merit International ve konaklama sponsoru [&hellip;]<\/p>\n","protected":false},"author":1,"featured_media":7577,"comment_status":"open","ping_status":"open","sticky":false,"template":"","format":"standard","meta":{"jnews-multi-image_gallery":[],"jnews_single_post":[],"jnews_primary_category":[],"jnews_social_meta":[],"jnews_override_counter":[],"footnotes":""},"categories":[6],"tags":[],"class_list":["post-7576","post","type-post","status-publish","format-standard","has-post-thumbnail","hentry","category-yasam"],"yoast_head":"<!-- This site is optimized with the Yoast SEO plugin v27.5 - https:\/\/yoast.com\/product\/yoast-seo-wordpress\/ -->\n<title>\u201cGirne Ark\u0131n Group Fest24\u201d ba\u015fl\u0131yor - Kuzeyin Sesi<\/title>\n<meta name=\"robots\" content=\"index, follow, max-snippet:-1, max-image-preview:large, max-video-preview:-1\" \/>\n<link rel=\"canonical\" href=\"https:\/\/kuzeyinsesi.org\/index.php\/2024\/08\/06\/girne-arkin-group-fest24-basliyor\/\" \/>\n<meta property=\"og:locale\" content=\"tr_TR\" \/>\n<meta property=\"og:type\" content=\"article\" \/>\n<meta property=\"og:title\" content=\"\u201cGirne Ark\u0131n Group Fest24\u201d ba\u015fl\u0131yor - Kuzeyin Sesi\" \/>\n<meta property=\"og:description\" content=\"\u00a0K\u00fclt\u00fcr ve sanat etkinliklerine ev sahipli\u011fi yapacak \u201cGirne Ark\u0131n Group Fest24\u201d 30 A\u011fustos-11 Ekim tarihleri aras\u0131nda yap\u0131l\u0131yor. Girne Belediyesi\u2019nden yap\u0131lan a\u00e7\u0131klamaya g\u00f6re, Girne Colony Hotel\u2019de d\u00fczenlenen bas\u0131n toplant\u0131s\u0131nda festival hakk\u0131nda bilgi verildi. Toplant\u0131ya Girne Belediye Ba\u015fkan\u0131 Murat \u015eenkul, isim sponsoru Ark\u0131n Group ad\u0131na Colony Otel Y\u00f6neticisi Bar\u0131\u015f Aslanta\u015f, ana sponsor Merit International ve konaklama sponsoru [&hellip;]\" \/>\n<meta property=\"og:url\" content=\"https:\/\/kuzeyinsesi.org\/index.php\/2024\/08\/06\/girne-arkin-group-fest24-basliyor\/\" \/>\n<meta property=\"og:site_name\" content=\"Kuzeyin Sesi\" \/>\n<meta property=\"article:publisher\" content=\"https:\/\/www.facebook.com\/kuzeyinsesii\" \/>\n<meta property=\"article:published_time\" content=\"2024-08-06T17:24:27+00:00\" \/>\n<meta property=\"og:image\" content=\"https:\/\/brtk.net\/wp-content\/uploads\/2024\/08\/06\/basin-toplantisi-girne-4-1.jpg?ver=6176e057ea8185a176ab660b2c74d985\" \/>\n<meta name=\"author\" content=\"Kuzeyin Sesi\" \/>\n<meta name=\"twitter:card\" content=\"summary_large_image\" \/>\n<meta name=\"twitter:creator\" content=\"@kuzeyinsesii\" \/>\n<meta name=\"twitter:site\" content=\"@kuzeyinsesii\" \/>\n<meta name=\"twitter:label1\" content=\"Yazan:\" \/>\n\t<meta name=\"twitter:data1\" content=\"Kuzeyin Sesi\" \/>\n\t<meta name=\"twitter:label2\" content=\"Tahmini okuma s\u00fcresi\" \/>\n\t<meta name=\"twitter:data2\" content=\"3 dakika\" \/>\n<script type=\"application\/ld+json\" class=\"yoast-schema-graph\">{\"@context\":\"https:\\\/\\\/schema.org\",\"@graph\":[{\"@type\":\"Article\",\"@id\":\"https:\\\/\\\/kuzeyinsesi.org\\\/index.php\\\/2024\\\/08\\\/06\\\/girne-arkin-group-fest24-basliyor\\\/#article\",\"isPartOf\":{\"@id\":\"https:\\\/\\\/kuzeyinsesi.org\\\/index.php\\\/2024\\\/08\\\/06\\\/girne-arkin-group-fest24-basliyor\\\/\"},\"author\":{\"name\":\"Kuzeyin Sesi\",\"@id\":\"https:\\\/\\\/kuzeyinsesi.org\\\/#\\\/schema\\\/person\\\/9f859689cdf01485597712386e37f5aa\"},\"headline\":\"\u201cGirne Ark\u0131n Group Fest24\u201d ba\u015fl\u0131yor\",\"datePublished\":\"2024-08-06T17:24:27+00:00\",\"mainEntityOfPage\":{\"@id\":\"https:\\\/\\\/kuzeyinsesi.org\\\/index.php\\\/2024\\\/08\\\/06\\\/girne-arkin-group-fest24-basliyor\\\/\"},\"wordCount\":654,\"commentCount\":0,\"image\":{\"@id\":\"https:\\\/\\\/kuzeyinsesi.org\\\/index.php\\\/2024\\\/08\\\/06\\\/girne-arkin-group-fest24-basliyor\\\/#primaryimage\"},\"thumbnailUrl\":\"https:\\\/\\\/kuzeyinsesi.org\\\/wp-content\\\/uploads\\\/2024\\\/08\\\/basin-toplantisi-girne-4-1.jpg\",\"articleSection\":[\"Ya\u015fam\"],\"inLanguage\":\"tr\",\"potentialAction\":[{\"@type\":\"CommentAction\",\"name\":\"Comment\",\"target\":[\"https:\\\/\\\/kuzeyinsesi.org\\\/index.php\\\/2024\\\/08\\\/06\\\/girne-arkin-group-fest24-basliyor\\\/#respond\"]}]},{\"@type\":\"WebPage\",\"@id\":\"https:\\\/\\\/kuzeyinsesi.org\\\/index.php\\\/2024\\\/08\\\/06\\\/girne-arkin-group-fest24-basliyor\\\/\",\"url\":\"https:\\\/\\\/kuzeyinsesi.org\\\/index.php\\\/2024\\\/08\\\/06\\\/girne-arkin-group-fest24-basliyor\\\/\",\"name\":\"\u201cGirne Ark\u0131n Group Fest24\u201d ba\u015fl\u0131yor - Kuzeyin Sesi\",\"isPartOf\":{\"@id\":\"https:\\\/\\\/kuzeyinsesi.org\\\/#website\"},\"primaryImageOfPage\":{\"@id\":\"https:\\\/\\\/kuzeyinsesi.org\\\/index.php\\\/2024\\\/08\\\/06\\\/girne-arkin-group-fest24-basliyor\\\/#primaryimage\"},\"image\":{\"@id\":\"https:\\\/\\\/kuzeyinsesi.org\\\/index.php\\\/2024\\\/08\\\/06\\\/girne-arkin-group-fest24-basliyor\\\/#primaryimage\"},\"thumbnailUrl\":\"https:\\\/\\\/kuzeyinsesi.org\\\/wp-content\\\/uploads\\\/2024\\\/08\\\/basin-toplantisi-girne-4-1.jpg\",\"datePublished\":\"2024-08-06T17:24:27+00:00\",\"author\":{\"@id\":\"https:\\\/\\\/kuzeyinsesi.org\\\/#\\\/schema\\\/person\\\/9f859689cdf01485597712386e37f5aa\"},\"breadcrumb\":{\"@id\":\"https:\\\/\\\/kuzeyinsesi.org\\\/index.php\\\/2024\\\/08\\\/06\\\/girne-arkin-group-fest24-basliyor\\\/#breadcrumb\"},\"inLanguage\":\"tr\",\"potentialAction\":[{\"@type\":\"ReadAction\",\"target\":[\"https:\\\/\\\/kuzeyinsesi.org\\\/index.php\\\/2024\\\/08\\\/06\\\/girne-arkin-group-fest24-basliyor\\\/\"]}]},{\"@type\":\"ImageObject\",\"inLanguage\":\"tr\",\"@id\":\"https:\\\/\\\/kuzeyinsesi.org\\\/index.php\\\/2024\\\/08\\\/06\\\/girne-arkin-group-fest24-basliyor\\\/#primaryimage\",\"url\":\"https:\\\/\\\/kuzeyinsesi.org\\\/wp-content\\\/uploads\\\/2024\\\/08\\\/basin-toplantisi-girne-4-1.jpg\",\"contentUrl\":\"https:\\\/\\\/kuzeyinsesi.org\\\/wp-content\\\/uploads\\\/2024\\\/08\\\/basin-toplantisi-girne-4-1.jpg\",\"width\":929,\"height\":506},{\"@type\":\"BreadcrumbList\",\"@id\":\"https:\\\/\\\/kuzeyinsesi.org\\\/index.php\\\/2024\\\/08\\\/06\\\/girne-arkin-group-fest24-basliyor\\\/#breadcrumb\",\"itemListElement\":[{\"@type\":\"ListItem\",\"position\":1,\"name\":\"Anasayfa\",\"item\":\"https:\\\/\\\/kuzeyinsesi.org\\\/\"},{\"@type\":\"ListItem\",\"position\":2,\"name\":\"\u201cGirne Ark\u0131n Group Fest24\u201d ba\u015fl\u0131yor\"}]},{\"@type\":\"WebSite\",\"@id\":\"https:\\\/\\\/kuzeyinsesi.org\\\/#website\",\"url\":\"https:\\\/\\\/kuzeyinsesi.org\\\/\",\"name\":\"Kuzeyin Sesi\",\"description\":\"Do\u011fru Haberin Adresi\",\"potentialAction\":[{\"@type\":\"SearchAction\",\"target\":{\"@type\":\"EntryPoint\",\"urlTemplate\":\"https:\\\/\\\/kuzeyinsesi.org\\\/?s={search_term_string}\"},\"query-input\":{\"@type\":\"PropertyValueSpecification\",\"valueRequired\":true,\"valueName\":\"search_term_string\"}}],\"inLanguage\":\"tr\"},{\"@type\":\"Person\",\"@id\":\"https:\\\/\\\/kuzeyinsesi.org\\\/#\\\/schema\\\/person\\\/9f859689cdf01485597712386e37f5aa\",\"name\":\"Kuzeyin Sesi\",\"image\":{\"@type\":\"ImageObject\",\"inLanguage\":\"tr\",\"@id\":\"https:\\\/\\\/secure.gravatar.com\\\/avatar\\\/bab33852abfd8b282518d6ed81826833d77c3c882d9ab608add591ccace47a44?s=96&d=mm&r=g\",\"url\":\"https:\\\/\\\/secure.gravatar.com\\\/avatar\\\/bab33852abfd8b282518d6ed81826833d77c3c882d9ab608add591ccace47a44?s=96&d=mm&r=g\",\"contentUrl\":\"https:\\\/\\\/secure.gravatar.com\\\/avatar\\\/bab33852abfd8b282518d6ed81826833d77c3c882d9ab608add591ccace47a44?s=96&d=mm&r=g\",\"caption\":\"Kuzeyin Sesi\"},\"sameAs\":[\"https:\\\/\\\/kuzeyinsesi.org\"],\"url\":\"https:\\\/\\\/kuzeyinsesi.org\\\/index.php\\\/author\\\/guven\\\/\"}]}<\/script>\n<!-- \/ Yoast SEO plugin. -->","yoast_head_json":{"title":"\u201cGirne Ark\u0131n Group Fest24\u201d ba\u015fl\u0131yor - Kuzeyin Sesi","robots":{"index":"index","follow":"follow","max-snippet":"max-snippet:-1","max-image-preview":"max-image-preview:large","max-video-preview":"max-video-preview:-1"},"canonical":"https:\/\/kuzeyinsesi.org\/index.php\/2024\/08\/06\/girne-arkin-group-fest24-basliyor\/","og_locale":"tr_TR","og_type":"article","og_title":"\u201cGirne Ark\u0131n Group Fest24\u201d ba\u015fl\u0131yor - Kuzeyin Sesi","og_description":"\u00a0K\u00fclt\u00fcr ve sanat etkinliklerine ev sahipli\u011fi yapacak \u201cGirne Ark\u0131n Group Fest24\u201d 30 A\u011fustos-11 Ekim tarihleri aras\u0131nda yap\u0131l\u0131yor. Girne Belediyesi\u2019nden yap\u0131lan a\u00e7\u0131klamaya g\u00f6re, Girne Colony Hotel\u2019de d\u00fczenlenen bas\u0131n toplant\u0131s\u0131nda festival hakk\u0131nda bilgi verildi. Toplant\u0131ya Girne Belediye Ba\u015fkan\u0131 Murat \u015eenkul, isim sponsoru Ark\u0131n Group ad\u0131na Colony Otel Y\u00f6neticisi Bar\u0131\u015f Aslanta\u015f, ana sponsor Merit International ve konaklama sponsoru [&hellip;]","og_url":"https:\/\/kuzeyinsesi.org\/index.php\/2024\/08\/06\/girne-arkin-group-fest24-basliyor\/","og_site_name":"Kuzeyin Sesi","article_publisher":"https:\/\/www.facebook.com\/kuzeyinsesii","article_published_time":"2024-08-06T17:24:27+00:00","og_image":[{"url":"https:\/\/brtk.net\/wp-content\/uploads\/2024\/08\/06\/basin-toplantisi-girne-4-1.jpg?ver=6176e057ea8185a176ab660b2c74d985","type":"","width":"","height":""}],"author":"Kuzeyin Sesi","twitter_card":"summary_large_image","twitter_creator":"@kuzeyinsesii","twitter_site":"@kuzeyinsesii","twitter_misc":{"Yazan:":"Kuzeyin Sesi","Tahmini okuma s\u00fcresi":"3 dakika"},"schema":{"@context":"https:\/\/schema.org","@graph":[{"@type":"Article","@id":"https:\/\/kuzeyinsesi.org\/index.php\/2024\/08\/06\/girne-arkin-group-fest24-basliyor\/#article","isPartOf":{"@id":"https:\/\/kuzeyinsesi.org\/index.php\/2024\/08\/06\/girne-arkin-group-fest24-basliyor\/"},"author":{"name":"Kuzeyin Sesi","@id":"https:\/\/kuzeyinsesi.org\/#\/schema\/person\/9f859689cdf01485597712386e37f5aa"},"headline":"\u201cGirne Ark\u0131n Group Fest24\u201d ba\u015fl\u0131yor","datePublished":"2024-08-06T17:24:27+00:00","mainEntityOfPage":{"@id":"https:\/\/kuzeyinsesi.org\/index.php\/2024\/08\/06\/girne-arkin-group-fest24-basliyor\/"},"wordCount":654,"commentCount":0,"image":{"@id":"https:\/\/kuzeyinsesi.org\/index.php\/2024\/08\/06\/girne-arkin-group-fest24-basliyor\/#primaryimage"},"thumbnailUrl":"https:\/\/kuzeyinsesi.org\/wp-content\/uploads\/2024\/08\/basin-toplantisi-girne-4-1.jpg","articleSection":["Ya\u015fam"],"inLanguage":"tr","potentialAction":[{"@type":"CommentAction","name":"Comment","target":["https:\/\/kuzeyinsesi.org\/index.php\/2024\/08\/06\/girne-arkin-group-fest24-basliyor\/#respond"]}]},{"@type":"WebPage","@id":"https:\/\/kuzeyinsesi.org\/index.php\/2024\/08\/06\/girne-arkin-group-fest24-basliyor\/","url":"https:\/\/kuzeyinsesi.org\/index.php\/2024\/08\/06\/girne-arkin-group-fest24-basliyor\/","name":"\u201cGirne Ark\u0131n Group Fest24\u201d ba\u015fl\u0131yor - Kuzeyin Sesi","isPartOf":{"@id":"https:\/\/kuzeyinsesi.org\/#website"},"primaryImageOfPage":{"@id":"https:\/\/kuzeyinsesi.org\/index.php\/2024\/08\/06\/girne-arkin-group-fest24-basliyor\/#primaryimage"},"image":{"@id":"https:\/\/kuzeyinsesi.org\/index.php\/2024\/08\/06\/girne-arkin-group-fest24-basliyor\/#primaryimage"},"thumbnailUrl":"https:\/\/kuzeyinsesi.org\/wp-content\/uploads\/2024\/08\/basin-toplantisi-girne-4-1.jpg","datePublished":"2024-08-06T17:24:27+00:00","author":{"@id":"https:\/\/kuzeyinsesi.org\/#\/schema\/person\/9f859689cdf01485597712386e37f5aa"},"breadcrumb":{"@id":"https:\/\/kuzeyinsesi.org\/index.php\/2024\/08\/06\/girne-arkin-group-fest24-basliyor\/#breadcrumb"},"inLanguage":"tr","potentialAction":[{"@type":"ReadAction","target":["https:\/\/kuzeyinsesi.org\/index.php\/2024\/08\/06\/girne-arkin-group-fest24-basliyor\/"]}]},{"@type":"ImageObject","inLanguage":"tr","@id":"https:\/\/kuzeyinsesi.org\/index.php\/2024\/08\/06\/girne-arkin-group-fest24-basliyor\/#primaryimage","url":"https:\/\/kuzeyinsesi.org\/wp-content\/uploads\/2024\/08\/basin-toplantisi-girne-4-1.jpg","contentUrl":"https:\/\/kuzeyinsesi.org\/wp-content\/uploads\/2024\/08\/basin-toplantisi-girne-4-1.jpg","width":929,"height":506},{"@type":"BreadcrumbList","@id":"https:\/\/kuzeyinsesi.org\/index.php\/2024\/08\/06\/girne-arkin-group-fest24-basliyor\/#breadcrumb","itemListElement":[{"@type":"ListItem","position":1,"name":"Anasayfa","item":"https:\/\/kuzeyinsesi.org\/"},{"@type":"ListItem","position":2,"name":"\u201cGirne Ark\u0131n Group Fest24\u201d ba\u015fl\u0131yor"}]},{"@type":"WebSite","@id":"https:\/\/kuzeyinsesi.org\/#website","url":"https:\/\/kuzeyinsesi.org\/","name":"Kuzeyin Sesi","description":"Do\u011fru Haberin Adresi","potentialAction":[{"@type":"SearchAction","target":{"@type":"EntryPoint","urlTemplate":"https:\/\/kuzeyinsesi.org\/?s={search_term_string}"},"query-input":{"@type":"PropertyValueSpecification","valueRequired":true,"valueName":"search_term_string"}}],"inLanguage":"tr"},{"@type":"Person","@id":"https:\/\/kuzeyinsesi.org\/#\/schema\/person\/9f859689cdf01485597712386e37f5aa","name":"Kuzeyin Sesi","image":{"@type":"ImageObject","inLanguage":"tr","@id":"https:\/\/secure.gravatar.com\/avatar\/bab33852abfd8b282518d6ed81826833d77c3c882d9ab608add591ccace47a44?s=96&d=mm&r=g","url":"https:\/\/secure.gravatar.com\/avatar\/bab33852abfd8b282518d6ed81826833d77c3c882d9ab608add591ccace47a44?s=96&d=mm&r=g","contentUrl":"https:\/\/secure.gravatar.com\/avatar\/bab33852abfd8b282518d6ed81826833d77c3c882d9ab608add591ccace47a44?s=96&d=mm&r=g","caption":"Kuzeyin Sesi"},"sameAs":["https:\/\/kuzeyinsesi.org"],"url":"https:\/\/kuzeyinsesi.org\/index.php\/author\/guven\/"}]}},"_links":{"self":[{"href":"https:\/\/kuzeyinsesi.org\/index.php\/wp-json\/wp\/v2\/posts\/7576","targetHints":{"allow":["GET"]}}],"collection":[{"href":"https:\/\/kuzeyinsesi.org\/index.php\/wp-json\/wp\/v2\/posts"}],"about":[{"href":"https:\/\/kuzeyinsesi.org\/index.php\/wp-json\/wp\/v2\/types\/post"}],"author":[{"embeddable":true,"href":"https:\/\/kuzeyinsesi.org\/index.php\/wp-json\/wp\/v2\/users\/1"}],"replies":[{"embeddable":true,"href":"https:\/\/kuzeyinsesi.org\/index.php\/wp-json\/wp\/v2\/comments?post=7576"}],"version-history":[{"count":0,"href":"https:\/\/kuzeyinsesi.org\/index.php\/wp-json\/wp\/v2\/posts\/7576\/revisions"}],"wp:featuredmedia":[{"embeddable":true,"href":"https:\/\/kuzeyinsesi.org\/index.php\/wp-json\/wp\/v2\/media\/7577"}],"wp:attachment":[{"href":"https:\/\/kuzeyinsesi.org\/index.php\/wp-json\/wp\/v2\/media?parent=7576"}],"wp:term":[{"taxonomy":"category","embeddable":true,"href":"https:\/\/kuzeyinsesi.org\/index.php\/wp-json\/wp\/v2\/categories?post=7576"},{"taxonomy":"post_tag","embeddable":true,"href":"https:\/\/kuzeyinsesi.org\/index.php\/wp-json\/wp\/v2\/tags?post=7576"}],"curies":[{"name":"wp","href":"https:\/\/api.w.org\/{rel}","templated":true}]}}