{"id":757,"date":"2024-04-28T09:14:48","date_gmt":"2024-04-28T06:14:48","guid":{"rendered":"https:\/\/kuzeyinsesi.com\/index.php\/2024\/04\/28\/israil-esir-takasi-yapilmasi-halinde-refaha-operasyon-askiya-alinacak\/"},"modified":"2024-04-28T09:14:48","modified_gmt":"2024-04-28T06:14:48","slug":"israil-esir-takasi-yapilmasi-halinde-refaha-operasyon-askiya-alinacak","status":"publish","type":"post","link":"https:\/\/kuzeyinsesi.org\/index.php\/2024\/04\/28\/israil-esir-takasi-yapilmasi-halinde-refaha-operasyon-askiya-alinacak\/","title":{"rendered":"\u0130srail: Esir takas\u0131 yap\u0131lmas\u0131 halinde Refah&#039;a operasyon ask\u0131ya al\u0131nacak"},"content":{"rendered":"<p><\/p>\n<div>\n<p>&#13;<br \/>\n\t\u00a0\u0130srail D\u0131\u015fi\u015fleri Bakan\u0131 Yisrael Katz, \u0130srail&#8217;in Kanal 12 televizyonuna yapt\u0131\u011f\u0131 a\u00e7\u0131klamada, esir takas\u0131yla ilgili konu\u015ftu.<\/p>\n<p>&#13;<br \/>\n\tBakan Katz, <a href=\"https:\/\/www.trthaber.com\/etiket\/hamas\/\" target=\"_blank\" rel=\"noopener\">Hamas<\/a> ile esir takas\u0131 anla\u015fmas\u0131na var\u0131lmas\u0131 halinde Refah&#8217;a operasyonun ask\u0131ya al\u0131naca\u011f\u0131n\u0131 belirtti.<\/p>\n<p>&#13;<br \/>\n\t\u00dclkedeki ana muhalefet partisinin lideri <a href=\"https:\/\/www.trthaber.com\/etiket\/yair-lapid\/\" target=\"_blank\" rel=\"noopener\">Yair Lapid<\/a> de ayn\u0131 kanala yapt\u0131\u011f\u0131 a\u00e7\u0131klamada, Gazze&#8217;ye sald\u0131r\u0131lara devam etme ya da esir takas anla\u015fmas\u0131 yapma aras\u0131nda bir tercih yap\u0131lmas\u0131 gerekirse takas\u0131n se\u00e7ilmesi gerekti\u011fini s\u00f6yledi.<\/p>\n<p>&#13;<br \/>\n\tHamas&#8217;\u0131n askeri kanad\u0131 \u0130zzeddin el-Kassam Tugaylar\u0131, bug\u00fcn elindeki 2 \u0130sraillinin &#8220;esir takas\u0131 anla\u015fmas\u0131&#8221; yap\u0131lmas\u0131 ve evlerine d\u00f6nmeleri i\u00e7in h\u00fck\u00fcmete \u00e7a\u011fr\u0131da bulundu\u011fu bir video yay\u0131nlam\u0131\u015ft\u0131.<\/p>\n<p>&#13;<br \/>\n\tKassam Tugaylar\u0131n\u0131n <a href=\"https:\/\/www.trthaber.com\/etiket\/telegram\/\" target=\"_blank\" rel=\"noopener\">Telegram<\/a> hesab\u0131ndan yay\u0131nlanan videoda, esirler <a href=\"https:\/\/www.trthaber.com\/etiket\/israil\/\" target=\"_blank\" rel=\"noopener\">\u0130srail<\/a> ordusunun sald\u0131r\u0131lar\u0131 alt\u0131nda zor \u015fartlar alt\u0131nda ya\u015fad\u0131klar\u0131n\u0131 ifade etmi\u015f ve en k\u0131sa zamanda esir takas\u0131 anla\u015fmas\u0131 yap\u0131lmas\u0131n\u0131 istemi\u015fti.<\/p>\n<p>&#13;<br \/>\n\tGazze&#8217;deki \u0130srailli esirlerin yak\u0131nlar\u0131n\u0131n bir araya geldi\u011fi platform ise esir yak\u0131nlar\u0131ndan onay al\u0131nmas\u0131n\u0131n ard\u0131ndan s\u00f6z konusu videoyu sosyal <a href=\"https:\/\/www.trthaber.com\/etiket\/medya\/\" target=\"_blank\" rel=\"noopener\">medya<\/a> hesab\u0131ndan payla\u015fm\u0131\u015ft\u0131.<\/p>\n<p>&#13;<br \/>\n\tPlatform, h\u00fck\u00fcmete, &#8220;Ba\u011f\u0131ms\u0131zl\u0131k G\u00fcn\u00fc&#8221;nden \u00f6nce hayatta olan esirleri evlerine getirme, di\u011ferleri i\u00e7in ise cenaze merasimi d\u00fczenleme \u00e7a\u011fr\u0131s\u0131 yapm\u0131\u015ft\u0131.<\/p>\n<\/p><\/div>\n","protected":false},"excerpt":{"rendered":"<p>&#13; \u00a0\u0130srail D\u0131\u015fi\u015fleri Bakan\u0131 Yisrael Katz, \u0130srail&#8217;in Kanal 12 televizyonuna yapt\u0131\u011f\u0131 a\u00e7\u0131klamada, esir takas\u0131yla ilgili konu\u015ftu. &#13; Bakan Katz, Hamas ile esir takas\u0131 anla\u015fmas\u0131na var\u0131lmas\u0131 halinde Refah&#8217;a operasyonun ask\u0131ya al\u0131naca\u011f\u0131n\u0131 belirtti. &#13; \u00dclkedeki ana muhalefet partisinin lideri Yair Lapid de ayn\u0131 kanala yapt\u0131\u011f\u0131 a\u00e7\u0131klamada, Gazze&#8217;ye sald\u0131r\u0131lara devam etme ya da esir takas anla\u015fmas\u0131 yapma aras\u0131nda [&hellip;]<\/p>\n","protected":false},"author":1,"featured_media":758,"comment_status":"open","ping_status":"open","sticky":false,"template":"","format":"standard","meta":{"jnews-multi-image_gallery":[],"jnews_single_post":[],"jnews_primary_category":[],"jnews_social_meta":[],"jnews_override_counter":[],"footnotes":""},"categories":[2],"tags":[],"class_list":["post-757","post","type-post","status-publish","format-standard","has-post-thumbnail","hentry","category-dunya"],"yoast_head":"<!-- This site is optimized with the Yoast SEO plugin v27.5 - https:\/\/yoast.com\/product\/yoast-seo-wordpress\/ -->\n<title>\u0130srail: Esir takas\u0131 yap\u0131lmas\u0131 halinde Refah&#039;a operasyon ask\u0131ya al\u0131nacak - Kuzeyin Sesi<\/title>\n<meta name=\"robots\" content=\"index, follow, max-snippet:-1, max-image-preview:large, max-video-preview:-1\" \/>\n<link rel=\"canonical\" href=\"https:\/\/kuzeyinsesi.org\/index.php\/2024\/04\/28\/israil-esir-takasi-yapilmasi-halinde-refaha-operasyon-askiya-alinacak\/\" \/>\n<meta property=\"og:locale\" content=\"tr_TR\" \/>\n<meta property=\"og:type\" content=\"article\" \/>\n<meta property=\"og:title\" content=\"\u0130srail: Esir takas\u0131 yap\u0131lmas\u0131 halinde Refah&#039;a operasyon ask\u0131ya al\u0131nacak - Kuzeyin Sesi\" \/>\n<meta property=\"og:description\" content=\"&#013; \u00a0\u0130srail D\u0131\u015fi\u015fleri Bakan\u0131 Yisrael Katz, \u0130srail&#8217;in Kanal 12 televizyonuna yapt\u0131\u011f\u0131 a\u00e7\u0131klamada, esir takas\u0131yla ilgili konu\u015ftu. &#013; Bakan Katz, Hamas ile esir takas\u0131 anla\u015fmas\u0131na var\u0131lmas\u0131 halinde Refah&#8217;a operasyonun ask\u0131ya al\u0131naca\u011f\u0131n\u0131 belirtti. &#013; \u00dclkedeki ana muhalefet partisinin lideri Yair Lapid de ayn\u0131 kanala yapt\u0131\u011f\u0131 a\u00e7\u0131klamada, Gazze&#8217;ye sald\u0131r\u0131lara devam etme ya da esir takas anla\u015fmas\u0131 yapma aras\u0131nda [&hellip;]\" \/>\n<meta property=\"og:url\" content=\"https:\/\/kuzeyinsesi.org\/index.php\/2024\/04\/28\/israil-esir-takasi-yapilmasi-halinde-refaha-operasyon-askiya-alinacak\/\" \/>\n<meta property=\"og:site_name\" content=\"Kuzeyin Sesi\" \/>\n<meta property=\"article:publisher\" content=\"https:\/\/www.facebook.com\/kuzeyinsesii\" \/>\n<meta property=\"article:published_time\" content=\"2024-04-28T06:14:48+00:00\" \/>\n<meta property=\"og:image\" content=\"https:\/\/kuzeyinsesi.org\/wp-content\/uploads\/2024\/04\/israil-bayrak-reu-1477982.jpg\" \/>\n\t<meta property=\"og:image:width\" content=\"1280\" \/>\n\t<meta property=\"og:image:height\" content=\"720\" \/>\n\t<meta property=\"og:image:type\" content=\"image\/jpeg\" \/>\n<meta name=\"author\" content=\"Kuzeyin Sesi\" \/>\n<meta name=\"twitter:card\" content=\"summary_large_image\" \/>\n<meta name=\"twitter:creator\" content=\"@kuzeyinsesii\" \/>\n<meta name=\"twitter:site\" content=\"@kuzeyinsesii\" \/>\n<meta name=\"twitter:label1\" content=\"Yazan:\" \/>\n\t<meta name=\"twitter:data1\" content=\"Kuzeyin Sesi\" \/>\n\t<meta name=\"twitter:label2\" content=\"Tahmini okuma s\u00fcresi\" \/>\n\t<meta name=\"twitter:data2\" content=\"1 dakika\" \/>\n<script type=\"application\/ld+json\" class=\"yoast-schema-graph\">{\"@context\":\"https:\\\/\\\/schema.org\",\"@graph\":[{\"@type\":\"Article\",\"@id\":\"https:\\\/\\\/kuzeyinsesi.org\\\/index.php\\\/2024\\\/04\\\/28\\\/israil-esir-takasi-yapilmasi-halinde-refaha-operasyon-askiya-alinacak\\\/#article\",\"isPartOf\":{\"@id\":\"https:\\\/\\\/kuzeyinsesi.org\\\/index.php\\\/2024\\\/04\\\/28\\\/israil-esir-takasi-yapilmasi-halinde-refaha-operasyon-askiya-alinacak\\\/\"},\"author\":{\"name\":\"Kuzeyin Sesi\",\"@id\":\"https:\\\/\\\/kuzeyinsesi.org\\\/#\\\/schema\\\/person\\\/9f859689cdf01485597712386e37f5aa\"},\"headline\":\"\u0130srail: Esir takas\u0131 yap\u0131lmas\u0131 halinde Refah&#039;a operasyon ask\u0131ya al\u0131nacak\",\"datePublished\":\"2024-04-28T06:14:48+00:00\",\"mainEntityOfPage\":{\"@id\":\"https:\\\/\\\/kuzeyinsesi.org\\\/index.php\\\/2024\\\/04\\\/28\\\/israil-esir-takasi-yapilmasi-halinde-refaha-operasyon-askiya-alinacak\\\/\"},\"wordCount\":241,\"commentCount\":0,\"image\":{\"@id\":\"https:\\\/\\\/kuzeyinsesi.org\\\/index.php\\\/2024\\\/04\\\/28\\\/israil-esir-takasi-yapilmasi-halinde-refaha-operasyon-askiya-alinacak\\\/#primaryimage\"},\"thumbnailUrl\":\"https:\\\/\\\/kuzeyinsesi.org\\\/wp-content\\\/uploads\\\/2024\\\/04\\\/israil-bayrak-reu-1477982.jpg\",\"articleSection\":[\"D\u00fcnya\"],\"inLanguage\":\"tr\",\"potentialAction\":[{\"@type\":\"CommentAction\",\"name\":\"Comment\",\"target\":[\"https:\\\/\\\/kuzeyinsesi.org\\\/index.php\\\/2024\\\/04\\\/28\\\/israil-esir-takasi-yapilmasi-halinde-refaha-operasyon-askiya-alinacak\\\/#respond\"]}]},{\"@type\":\"WebPage\",\"@id\":\"https:\\\/\\\/kuzeyinsesi.org\\\/index.php\\\/2024\\\/04\\\/28\\\/israil-esir-takasi-yapilmasi-halinde-refaha-operasyon-askiya-alinacak\\\/\",\"url\":\"https:\\\/\\\/kuzeyinsesi.org\\\/index.php\\\/2024\\\/04\\\/28\\\/israil-esir-takasi-yapilmasi-halinde-refaha-operasyon-askiya-alinacak\\\/\",\"name\":\"\u0130srail: Esir takas\u0131 yap\u0131lmas\u0131 halinde Refah&#039;a operasyon ask\u0131ya al\u0131nacak - Kuzeyin Sesi\",\"isPartOf\":{\"@id\":\"https:\\\/\\\/kuzeyinsesi.org\\\/#website\"},\"primaryImageOfPage\":{\"@id\":\"https:\\\/\\\/kuzeyinsesi.org\\\/index.php\\\/2024\\\/04\\\/28\\\/israil-esir-takasi-yapilmasi-halinde-refaha-operasyon-askiya-alinacak\\\/#primaryimage\"},\"image\":{\"@id\":\"https:\\\/\\\/kuzeyinsesi.org\\\/index.php\\\/2024\\\/04\\\/28\\\/israil-esir-takasi-yapilmasi-halinde-refaha-operasyon-askiya-alinacak\\\/#primaryimage\"},\"thumbnailUrl\":\"https:\\\/\\\/kuzeyinsesi.org\\\/wp-content\\\/uploads\\\/2024\\\/04\\\/israil-bayrak-reu-1477982.jpg\",\"datePublished\":\"2024-04-28T06:14:48+00:00\",\"author\":{\"@id\":\"https:\\\/\\\/kuzeyinsesi.org\\\/#\\\/schema\\\/person\\\/9f859689cdf01485597712386e37f5aa\"},\"breadcrumb\":{\"@id\":\"https:\\\/\\\/kuzeyinsesi.org\\\/index.php\\\/2024\\\/04\\\/28\\\/israil-esir-takasi-yapilmasi-halinde-refaha-operasyon-askiya-alinacak\\\/#breadcrumb\"},\"inLanguage\":\"tr\",\"potentialAction\":[{\"@type\":\"ReadAction\",\"target\":[\"https:\\\/\\\/kuzeyinsesi.org\\\/index.php\\\/2024\\\/04\\\/28\\\/israil-esir-takasi-yapilmasi-halinde-refaha-operasyon-askiya-alinacak\\\/\"]}]},{\"@type\":\"ImageObject\",\"inLanguage\":\"tr\",\"@id\":\"https:\\\/\\\/kuzeyinsesi.org\\\/index.php\\\/2024\\\/04\\\/28\\\/israil-esir-takasi-yapilmasi-halinde-refaha-operasyon-askiya-alinacak\\\/#primaryimage\",\"url\":\"https:\\\/\\\/kuzeyinsesi.org\\\/wp-content\\\/uploads\\\/2024\\\/04\\\/israil-bayrak-reu-1477982.jpg\",\"contentUrl\":\"https:\\\/\\\/kuzeyinsesi.org\\\/wp-content\\\/uploads\\\/2024\\\/04\\\/israil-bayrak-reu-1477982.jpg\",\"width\":1280,\"height\":720},{\"@type\":\"BreadcrumbList\",\"@id\":\"https:\\\/\\\/kuzeyinsesi.org\\\/index.php\\\/2024\\\/04\\\/28\\\/israil-esir-takasi-yapilmasi-halinde-refaha-operasyon-askiya-alinacak\\\/#breadcrumb\",\"itemListElement\":[{\"@type\":\"ListItem\",\"position\":1,\"name\":\"Anasayfa\",\"item\":\"https:\\\/\\\/kuzeyinsesi.org\\\/\"},{\"@type\":\"ListItem\",\"position\":2,\"name\":\"\u0130srail: Esir takas\u0131 yap\u0131lmas\u0131 halinde Refah&#039;a operasyon ask\u0131ya al\u0131nacak\"}]},{\"@type\":\"WebSite\",\"@id\":\"https:\\\/\\\/kuzeyinsesi.org\\\/#website\",\"url\":\"https:\\\/\\\/kuzeyinsesi.org\\\/\",\"name\":\"Kuzeyin Sesi\",\"description\":\"Do\u011fru Haberin Adresi\",\"potentialAction\":[{\"@type\":\"SearchAction\",\"target\":{\"@type\":\"EntryPoint\",\"urlTemplate\":\"https:\\\/\\\/kuzeyinsesi.org\\\/?s={search_term_string}\"},\"query-input\":{\"@type\":\"PropertyValueSpecification\",\"valueRequired\":true,\"valueName\":\"search_term_string\"}}],\"inLanguage\":\"tr\"},{\"@type\":\"Person\",\"@id\":\"https:\\\/\\\/kuzeyinsesi.org\\\/#\\\/schema\\\/person\\\/9f859689cdf01485597712386e37f5aa\",\"name\":\"Kuzeyin Sesi\",\"image\":{\"@type\":\"ImageObject\",\"inLanguage\":\"tr\",\"@id\":\"https:\\\/\\\/secure.gravatar.com\\\/avatar\\\/bab33852abfd8b282518d6ed81826833d77c3c882d9ab608add591ccace47a44?s=96&d=mm&r=g\",\"url\":\"https:\\\/\\\/secure.gravatar.com\\\/avatar\\\/bab33852abfd8b282518d6ed81826833d77c3c882d9ab608add591ccace47a44?s=96&d=mm&r=g\",\"contentUrl\":\"https:\\\/\\\/secure.gravatar.com\\\/avatar\\\/bab33852abfd8b282518d6ed81826833d77c3c882d9ab608add591ccace47a44?s=96&d=mm&r=g\",\"caption\":\"Kuzeyin Sesi\"},\"sameAs\":[\"https:\\\/\\\/kuzeyinsesi.org\"],\"url\":\"https:\\\/\\\/kuzeyinsesi.org\\\/index.php\\\/author\\\/guven\\\/\"}]}<\/script>\n<!-- \/ Yoast SEO plugin. -->","yoast_head_json":{"title":"\u0130srail: Esir takas\u0131 yap\u0131lmas\u0131 halinde Refah&#039;a operasyon ask\u0131ya al\u0131nacak - Kuzeyin Sesi","robots":{"index":"index","follow":"follow","max-snippet":"max-snippet:-1","max-image-preview":"max-image-preview:large","max-video-preview":"max-video-preview:-1"},"canonical":"https:\/\/kuzeyinsesi.org\/index.php\/2024\/04\/28\/israil-esir-takasi-yapilmasi-halinde-refaha-operasyon-askiya-alinacak\/","og_locale":"tr_TR","og_type":"article","og_title":"\u0130srail: Esir takas\u0131 yap\u0131lmas\u0131 halinde Refah&#039;a operasyon ask\u0131ya al\u0131nacak - Kuzeyin Sesi","og_description":"&#13; \u00a0\u0130srail D\u0131\u015fi\u015fleri Bakan\u0131 Yisrael Katz, \u0130srail&#8217;in Kanal 12 televizyonuna yapt\u0131\u011f\u0131 a\u00e7\u0131klamada, esir takas\u0131yla ilgili konu\u015ftu. &#13; Bakan Katz, Hamas ile esir takas\u0131 anla\u015fmas\u0131na var\u0131lmas\u0131 halinde Refah&#8217;a operasyonun ask\u0131ya al\u0131naca\u011f\u0131n\u0131 belirtti. &#13; \u00dclkedeki ana muhalefet partisinin lideri Yair Lapid de ayn\u0131 kanala yapt\u0131\u011f\u0131 a\u00e7\u0131klamada, Gazze&#8217;ye sald\u0131r\u0131lara devam etme ya da esir takas anla\u015fmas\u0131 yapma aras\u0131nda [&hellip;]","og_url":"https:\/\/kuzeyinsesi.org\/index.php\/2024\/04\/28\/israil-esir-takasi-yapilmasi-halinde-refaha-operasyon-askiya-alinacak\/","og_site_name":"Kuzeyin Sesi","article_publisher":"https:\/\/www.facebook.com\/kuzeyinsesii","article_published_time":"2024-04-28T06:14:48+00:00","og_image":[{"width":1280,"height":720,"url":"https:\/\/kuzeyinsesi.org\/wp-content\/uploads\/2024\/04\/israil-bayrak-reu-1477982.jpg","type":"image\/jpeg"}],"author":"Kuzeyin Sesi","twitter_card":"summary_large_image","twitter_creator":"@kuzeyinsesii","twitter_site":"@kuzeyinsesii","twitter_misc":{"Yazan:":"Kuzeyin Sesi","Tahmini okuma s\u00fcresi":"1 dakika"},"schema":{"@context":"https:\/\/schema.org","@graph":[{"@type":"Article","@id":"https:\/\/kuzeyinsesi.org\/index.php\/2024\/04\/28\/israil-esir-takasi-yapilmasi-halinde-refaha-operasyon-askiya-alinacak\/#article","isPartOf":{"@id":"https:\/\/kuzeyinsesi.org\/index.php\/2024\/04\/28\/israil-esir-takasi-yapilmasi-halinde-refaha-operasyon-askiya-alinacak\/"},"author":{"name":"Kuzeyin Sesi","@id":"https:\/\/kuzeyinsesi.org\/#\/schema\/person\/9f859689cdf01485597712386e37f5aa"},"headline":"\u0130srail: Esir takas\u0131 yap\u0131lmas\u0131 halinde Refah&#039;a operasyon ask\u0131ya al\u0131nacak","datePublished":"2024-04-28T06:14:48+00:00","mainEntityOfPage":{"@id":"https:\/\/kuzeyinsesi.org\/index.php\/2024\/04\/28\/israil-esir-takasi-yapilmasi-halinde-refaha-operasyon-askiya-alinacak\/"},"wordCount":241,"commentCount":0,"image":{"@id":"https:\/\/kuzeyinsesi.org\/index.php\/2024\/04\/28\/israil-esir-takasi-yapilmasi-halinde-refaha-operasyon-askiya-alinacak\/#primaryimage"},"thumbnailUrl":"https:\/\/kuzeyinsesi.org\/wp-content\/uploads\/2024\/04\/israil-bayrak-reu-1477982.jpg","articleSection":["D\u00fcnya"],"inLanguage":"tr","potentialAction":[{"@type":"CommentAction","name":"Comment","target":["https:\/\/kuzeyinsesi.org\/index.php\/2024\/04\/28\/israil-esir-takasi-yapilmasi-halinde-refaha-operasyon-askiya-alinacak\/#respond"]}]},{"@type":"WebPage","@id":"https:\/\/kuzeyinsesi.org\/index.php\/2024\/04\/28\/israil-esir-takasi-yapilmasi-halinde-refaha-operasyon-askiya-alinacak\/","url":"https:\/\/kuzeyinsesi.org\/index.php\/2024\/04\/28\/israil-esir-takasi-yapilmasi-halinde-refaha-operasyon-askiya-alinacak\/","name":"\u0130srail: Esir takas\u0131 yap\u0131lmas\u0131 halinde Refah&#039;a operasyon ask\u0131ya al\u0131nacak - Kuzeyin Sesi","isPartOf":{"@id":"https:\/\/kuzeyinsesi.org\/#website"},"primaryImageOfPage":{"@id":"https:\/\/kuzeyinsesi.org\/index.php\/2024\/04\/28\/israil-esir-takasi-yapilmasi-halinde-refaha-operasyon-askiya-alinacak\/#primaryimage"},"image":{"@id":"https:\/\/kuzeyinsesi.org\/index.php\/2024\/04\/28\/israil-esir-takasi-yapilmasi-halinde-refaha-operasyon-askiya-alinacak\/#primaryimage"},"thumbnailUrl":"https:\/\/kuzeyinsesi.org\/wp-content\/uploads\/2024\/04\/israil-bayrak-reu-1477982.jpg","datePublished":"2024-04-28T06:14:48+00:00","author":{"@id":"https:\/\/kuzeyinsesi.org\/#\/schema\/person\/9f859689cdf01485597712386e37f5aa"},"breadcrumb":{"@id":"https:\/\/kuzeyinsesi.org\/index.php\/2024\/04\/28\/israil-esir-takasi-yapilmasi-halinde-refaha-operasyon-askiya-alinacak\/#breadcrumb"},"inLanguage":"tr","potentialAction":[{"@type":"ReadAction","target":["https:\/\/kuzeyinsesi.org\/index.php\/2024\/04\/28\/israil-esir-takasi-yapilmasi-halinde-refaha-operasyon-askiya-alinacak\/"]}]},{"@type":"ImageObject","inLanguage":"tr","@id":"https:\/\/kuzeyinsesi.org\/index.php\/2024\/04\/28\/israil-esir-takasi-yapilmasi-halinde-refaha-operasyon-askiya-alinacak\/#primaryimage","url":"https:\/\/kuzeyinsesi.org\/wp-content\/uploads\/2024\/04\/israil-bayrak-reu-1477982.jpg","contentUrl":"https:\/\/kuzeyinsesi.org\/wp-content\/uploads\/2024\/04\/israil-bayrak-reu-1477982.jpg","width":1280,"height":720},{"@type":"BreadcrumbList","@id":"https:\/\/kuzeyinsesi.org\/index.php\/2024\/04\/28\/israil-esir-takasi-yapilmasi-halinde-refaha-operasyon-askiya-alinacak\/#breadcrumb","itemListElement":[{"@type":"ListItem","position":1,"name":"Anasayfa","item":"https:\/\/kuzeyinsesi.org\/"},{"@type":"ListItem","position":2,"name":"\u0130srail: Esir takas\u0131 yap\u0131lmas\u0131 halinde Refah&#039;a operasyon ask\u0131ya al\u0131nacak"}]},{"@type":"WebSite","@id":"https:\/\/kuzeyinsesi.org\/#website","url":"https:\/\/kuzeyinsesi.org\/","name":"Kuzeyin Sesi","description":"Do\u011fru Haberin Adresi","potentialAction":[{"@type":"SearchAction","target":{"@type":"EntryPoint","urlTemplate":"https:\/\/kuzeyinsesi.org\/?s={search_term_string}"},"query-input":{"@type":"PropertyValueSpecification","valueRequired":true,"valueName":"search_term_string"}}],"inLanguage":"tr"},{"@type":"Person","@id":"https:\/\/kuzeyinsesi.org\/#\/schema\/person\/9f859689cdf01485597712386e37f5aa","name":"Kuzeyin Sesi","image":{"@type":"ImageObject","inLanguage":"tr","@id":"https:\/\/secure.gravatar.com\/avatar\/bab33852abfd8b282518d6ed81826833d77c3c882d9ab608add591ccace47a44?s=96&d=mm&r=g","url":"https:\/\/secure.gravatar.com\/avatar\/bab33852abfd8b282518d6ed81826833d77c3c882d9ab608add591ccace47a44?s=96&d=mm&r=g","contentUrl":"https:\/\/secure.gravatar.com\/avatar\/bab33852abfd8b282518d6ed81826833d77c3c882d9ab608add591ccace47a44?s=96&d=mm&r=g","caption":"Kuzeyin Sesi"},"sameAs":["https:\/\/kuzeyinsesi.org"],"url":"https:\/\/kuzeyinsesi.org\/index.php\/author\/guven\/"}]}},"_links":{"self":[{"href":"https:\/\/kuzeyinsesi.org\/index.php\/wp-json\/wp\/v2\/posts\/757","targetHints":{"allow":["GET"]}}],"collection":[{"href":"https:\/\/kuzeyinsesi.org\/index.php\/wp-json\/wp\/v2\/posts"}],"about":[{"href":"https:\/\/kuzeyinsesi.org\/index.php\/wp-json\/wp\/v2\/types\/post"}],"author":[{"embeddable":true,"href":"https:\/\/kuzeyinsesi.org\/index.php\/wp-json\/wp\/v2\/users\/1"}],"replies":[{"embeddable":true,"href":"https:\/\/kuzeyinsesi.org\/index.php\/wp-json\/wp\/v2\/comments?post=757"}],"version-history":[{"count":0,"href":"https:\/\/kuzeyinsesi.org\/index.php\/wp-json\/wp\/v2\/posts\/757\/revisions"}],"wp:featuredmedia":[{"embeddable":true,"href":"https:\/\/kuzeyinsesi.org\/index.php\/wp-json\/wp\/v2\/media\/758"}],"wp:attachment":[{"href":"https:\/\/kuzeyinsesi.org\/index.php\/wp-json\/wp\/v2\/media?parent=757"}],"wp:term":[{"taxonomy":"category","embeddable":true,"href":"https:\/\/kuzeyinsesi.org\/index.php\/wp-json\/wp\/v2\/categories?post=757"},{"taxonomy":"post_tag","embeddable":true,"href":"https:\/\/kuzeyinsesi.org\/index.php\/wp-json\/wp\/v2\/tags?post=757"}],"curies":[{"name":"wp","href":"https:\/\/api.w.org\/{rel}","templated":true}]}}