{"id":7568,"date":"2024-08-06T19:19:46","date_gmt":"2024-08-06T16:19:46","guid":{"rendered":"https:\/\/kuzeyinsesi.org\/index.php\/2024\/08\/06\/cumhurbaskani-tatar-7nci-uluslararasi-altin-salkim-halk-danslari-festivaline-katildi\/"},"modified":"2024-08-06T19:19:46","modified_gmt":"2024-08-06T16:19:46","slug":"cumhurbaskani-tatar-7nci-uluslararasi-altin-salkim-halk-danslari-festivaline-katildi","status":"publish","type":"post","link":"https:\/\/kuzeyinsesi.org\/index.php\/2024\/08\/06\/cumhurbaskani-tatar-7nci-uluslararasi-altin-salkim-halk-danslari-festivaline-katildi\/","title":{"rendered":"Cumhurba\u015fkan\u0131 Tatar, 7\u2019nci Uluslararas\u0131 Alt\u0131n Salk\u0131m Halk Danslar\u0131 Festivali\u2019ne kat\u0131ld\u0131"},"content":{"rendered":"<div>\n<div class=\"mariselle-image-container none\">\n                                            <\/div>\n<p>Cumhurba\u015fkan\u0131 Ersin Tatar, Mehmet\u00e7ik \u00dcz\u00fcm Festivali kapsam\u0131nda d\u00fczenlenen 7\u2019nci Uluslararas\u0131 Alt\u0131n Salk\u0131m Halk Danslar\u0131 Festivali\u2019ne kat\u0131ld\u0131.<\/p>\n<p>Cumhurba\u015fkanl\u0131\u011f\u0131\u2019ndan yap\u0131lan a\u00e7\u0131klamaya g\u00f6re, Tatar, burada yapt\u0131\u011f\u0131 konu\u015fmada, Mehmet\u00e7ik-B\u00fcy\u00fckkonuk Belediyesi taraf\u0131ndan 62\u2019ncisi d\u00fczenlenen Mehmet\u00e7ik \u00dcz\u00fcm Festivali\u2019nin a\u00e7\u0131l\u0131\u015f\u0131na kat\u0131lmas\u0131n\u0131n ard\u0131ndan yerli ve uluslararas\u0131 dans g\u00f6sterilerini g\u00f6rmek i\u00e7in Uluslararas\u0131 Alt\u0131n Salk\u0131m Halk Danslar\u0131 Festivali\u2019ni izlemeye geldi\u011fini s\u00f6yledi.<\/p>\n<p>Tatar, Meksika\u2019dan ve H\u0131rvatistan\u2019dan gelen dans\u00e7\u0131lar\u0131n yan\u0131nda yerli halk danslar\u0131 ekiplerinin oyunlar\u0131yla festivale renk kataca\u011f\u0131n\u0131 belirtti.<\/p>\n<p>K\u0131br\u0131s T\u00fcrk\u00fc\u2019ne uygulanan haks\u0131z izolasyonlar\u0131n a\u015f\u0131lmas\u0131nda k\u00fclt\u00fcr ve sanat etkinliklerinin \u00e7ok \u00f6nemli oldu\u011funu vurgulayan Cumhurba\u015fkan\u0131 Tatar, 2024 Paris Olimpiyatlar\u0131\u2019nda T\u00fcrkiye Milli Tak\u0131m\u0131\u2019nda yer alan Buse Sava\u015fkan\u2019\u0131n K\u0131br\u0131s T\u00fcrk\u00fc\u2019n\u00fc temsil etti\u011fini ve varl\u0131\u011f\u0131n\u0131 d\u00fcnyaya g\u00f6sterdi\u011fini kaydetti.<\/p>\n<p>Mehmet\u00e7ik \u00dcz\u00fcm Festivali\u2019nde farkl\u0131 \u00fclkelerden gelen dans ekiplerinin yer almas\u0131n\u0131n Kuzey K\u0131br\u0131s T\u00fcrk Cumhuriyeti\u2019ni d\u00fcnyaya duyurdu\u011funu anlatan Tatar, 62\u2019ncisi d\u00fczenlenen festivalin, K\u0131br\u0131s T\u00fcrk\u00fc\u2019n\u00fcn bu topraklarda verdi\u011fi m\u00fccadeleyi yans\u0131tt\u0131\u011f\u0131n\u0131 dile getirdi.<\/p>\n<p>\u00a0<\/p>\n<p>\u00a0<\/p>\n<\/p><\/div>\n<p><script async\n                    defer\n                    crossorigin=\"anonymous\"\n                    src=\"https:\/\/connect.facebook.net\/tr_TR\/sdk.js#xfbml=1&#038;version=v3.3\"\n            ><\/script><\/p>\n","protected":false},"excerpt":{"rendered":"<p>Cumhurba\u015fkan\u0131 Ersin Tatar, Mehmet\u00e7ik \u00dcz\u00fcm Festivali kapsam\u0131nda d\u00fczenlenen 7\u2019nci Uluslararas\u0131 Alt\u0131n Salk\u0131m Halk Danslar\u0131 Festivali\u2019ne kat\u0131ld\u0131. Cumhurba\u015fkanl\u0131\u011f\u0131\u2019ndan yap\u0131lan a\u00e7\u0131klamaya g\u00f6re, Tatar, burada yapt\u0131\u011f\u0131 konu\u015fmada, Mehmet\u00e7ik-B\u00fcy\u00fckkonuk Belediyesi taraf\u0131ndan 62\u2019ncisi d\u00fczenlenen Mehmet\u00e7ik \u00dcz\u00fcm Festivali\u2019nin a\u00e7\u0131l\u0131\u015f\u0131na kat\u0131lmas\u0131n\u0131n ard\u0131ndan yerli ve uluslararas\u0131 dans g\u00f6sterilerini g\u00f6rmek i\u00e7in Uluslararas\u0131 Alt\u0131n Salk\u0131m Halk Danslar\u0131 Festivali\u2019ni izlemeye geldi\u011fini s\u00f6yledi. Tatar, Meksika\u2019dan ve H\u0131rvatistan\u2019dan [&hellip;]<\/p>\n","protected":false},"author":1,"featured_media":7569,"comment_status":"open","ping_status":"open","sticky":false,"template":"","format":"standard","meta":{"jnews-multi-image_gallery":[],"jnews_single_post":[],"jnews_primary_category":[],"jnews_social_meta":[],"jnews_override_counter":[],"footnotes":""},"categories":[6],"tags":[],"class_list":["post-7568","post","type-post","status-publish","format-standard","has-post-thumbnail","hentry","category-yasam"],"yoast_head":"<!-- This site is optimized with the Yoast SEO plugin v27.5 - https:\/\/yoast.com\/product\/yoast-seo-wordpress\/ -->\n<title>Cumhurba\u015fkan\u0131 Tatar, 7\u2019nci Uluslararas\u0131 Alt\u0131n Salk\u0131m Halk Danslar\u0131 Festivali\u2019ne kat\u0131ld\u0131 - Kuzeyin Sesi<\/title>\n<meta name=\"robots\" content=\"index, follow, max-snippet:-1, max-image-preview:large, max-video-preview:-1\" \/>\n<link rel=\"canonical\" href=\"https:\/\/kuzeyinsesi.org\/index.php\/2024\/08\/06\/cumhurbaskani-tatar-7nci-uluslararasi-altin-salkim-halk-danslari-festivaline-katildi\/\" \/>\n<meta property=\"og:locale\" content=\"tr_TR\" \/>\n<meta property=\"og:type\" content=\"article\" \/>\n<meta property=\"og:title\" content=\"Cumhurba\u015fkan\u0131 Tatar, 7\u2019nci Uluslararas\u0131 Alt\u0131n Salk\u0131m Halk Danslar\u0131 Festivali\u2019ne kat\u0131ld\u0131 - Kuzeyin Sesi\" \/>\n<meta property=\"og:description\" content=\"Cumhurba\u015fkan\u0131 Ersin Tatar, Mehmet\u00e7ik \u00dcz\u00fcm Festivali kapsam\u0131nda d\u00fczenlenen 7\u2019nci Uluslararas\u0131 Alt\u0131n Salk\u0131m Halk Danslar\u0131 Festivali\u2019ne kat\u0131ld\u0131. Cumhurba\u015fkanl\u0131\u011f\u0131\u2019ndan yap\u0131lan a\u00e7\u0131klamaya g\u00f6re, Tatar, burada yapt\u0131\u011f\u0131 konu\u015fmada, Mehmet\u00e7ik-B\u00fcy\u00fckkonuk Belediyesi taraf\u0131ndan 62\u2019ncisi d\u00fczenlenen Mehmet\u00e7ik \u00dcz\u00fcm Festivali\u2019nin a\u00e7\u0131l\u0131\u015f\u0131na kat\u0131lmas\u0131n\u0131n ard\u0131ndan yerli ve uluslararas\u0131 dans g\u00f6sterilerini g\u00f6rmek i\u00e7in Uluslararas\u0131 Alt\u0131n Salk\u0131m Halk Danslar\u0131 Festivali\u2019ni izlemeye geldi\u011fini s\u00f6yledi. Tatar, Meksika\u2019dan ve H\u0131rvatistan\u2019dan [&hellip;]\" \/>\n<meta property=\"og:url\" content=\"https:\/\/kuzeyinsesi.org\/index.php\/2024\/08\/06\/cumhurbaskani-tatar-7nci-uluslararasi-altin-salkim-halk-danslari-festivaline-katildi\/\" \/>\n<meta property=\"og:site_name\" content=\"Kuzeyin Sesi\" \/>\n<meta property=\"article:publisher\" content=\"https:\/\/www.facebook.com\/kuzeyinsesii\" \/>\n<meta property=\"article:published_time\" content=\"2024-08-06T16:19:46+00:00\" \/>\n<meta property=\"og:image\" content=\"https:\/\/brtk.net\/wp-content\/uploads\/2024\/08\/06\/tatar-uzum-festivali-1-.jpeg?ver=0c8d366645d5551c40a9b12eb2b18c30\" \/>\n<meta name=\"author\" content=\"Kuzeyin Sesi\" \/>\n<meta name=\"twitter:card\" content=\"summary_large_image\" \/>\n<meta name=\"twitter:creator\" content=\"@kuzeyinsesii\" \/>\n<meta name=\"twitter:site\" content=\"@kuzeyinsesii\" \/>\n<meta name=\"twitter:label1\" content=\"Yazan:\" \/>\n\t<meta name=\"twitter:data1\" content=\"Kuzeyin Sesi\" \/>\n\t<meta name=\"twitter:label2\" content=\"Tahmini okuma s\u00fcresi\" \/>\n\t<meta name=\"twitter:data2\" content=\"1 dakika\" \/>\n<script type=\"application\/ld+json\" class=\"yoast-schema-graph\">{\"@context\":\"https:\\\/\\\/schema.org\",\"@graph\":[{\"@type\":\"Article\",\"@id\":\"https:\\\/\\\/kuzeyinsesi.org\\\/index.php\\\/2024\\\/08\\\/06\\\/cumhurbaskani-tatar-7nci-uluslararasi-altin-salkim-halk-danslari-festivaline-katildi\\\/#article\",\"isPartOf\":{\"@id\":\"https:\\\/\\\/kuzeyinsesi.org\\\/index.php\\\/2024\\\/08\\\/06\\\/cumhurbaskani-tatar-7nci-uluslararasi-altin-salkim-halk-danslari-festivaline-katildi\\\/\"},\"author\":{\"name\":\"Kuzeyin Sesi\",\"@id\":\"https:\\\/\\\/kuzeyinsesi.org\\\/#\\\/schema\\\/person\\\/9f859689cdf01485597712386e37f5aa\"},\"headline\":\"Cumhurba\u015fkan\u0131 Tatar, 7\u2019nci Uluslararas\u0131 Alt\u0131n Salk\u0131m Halk Danslar\u0131 Festivali\u2019ne kat\u0131ld\u0131\",\"datePublished\":\"2024-08-06T16:19:46+00:00\",\"mainEntityOfPage\":{\"@id\":\"https:\\\/\\\/kuzeyinsesi.org\\\/index.php\\\/2024\\\/08\\\/06\\\/cumhurbaskani-tatar-7nci-uluslararasi-altin-salkim-halk-danslari-festivaline-katildi\\\/\"},\"wordCount\":239,\"commentCount\":0,\"image\":{\"@id\":\"https:\\\/\\\/kuzeyinsesi.org\\\/index.php\\\/2024\\\/08\\\/06\\\/cumhurbaskani-tatar-7nci-uluslararasi-altin-salkim-halk-danslari-festivaline-katildi\\\/#primaryimage\"},\"thumbnailUrl\":\"https:\\\/\\\/kuzeyinsesi.org\\\/wp-content\\\/uploads\\\/2024\\\/08\\\/tatar-uzum-festivali-1-.jpeg\",\"articleSection\":[\"Ya\u015fam\"],\"inLanguage\":\"tr\",\"potentialAction\":[{\"@type\":\"CommentAction\",\"name\":\"Comment\",\"target\":[\"https:\\\/\\\/kuzeyinsesi.org\\\/index.php\\\/2024\\\/08\\\/06\\\/cumhurbaskani-tatar-7nci-uluslararasi-altin-salkim-halk-danslari-festivaline-katildi\\\/#respond\"]}]},{\"@type\":\"WebPage\",\"@id\":\"https:\\\/\\\/kuzeyinsesi.org\\\/index.php\\\/2024\\\/08\\\/06\\\/cumhurbaskani-tatar-7nci-uluslararasi-altin-salkim-halk-danslari-festivaline-katildi\\\/\",\"url\":\"https:\\\/\\\/kuzeyinsesi.org\\\/index.php\\\/2024\\\/08\\\/06\\\/cumhurbaskani-tatar-7nci-uluslararasi-altin-salkim-halk-danslari-festivaline-katildi\\\/\",\"name\":\"Cumhurba\u015fkan\u0131 Tatar, 7\u2019nci Uluslararas\u0131 Alt\u0131n Salk\u0131m Halk Danslar\u0131 Festivali\u2019ne kat\u0131ld\u0131 - Kuzeyin Sesi\",\"isPartOf\":{\"@id\":\"https:\\\/\\\/kuzeyinsesi.org\\\/#website\"},\"primaryImageOfPage\":{\"@id\":\"https:\\\/\\\/kuzeyinsesi.org\\\/index.php\\\/2024\\\/08\\\/06\\\/cumhurbaskani-tatar-7nci-uluslararasi-altin-salkim-halk-danslari-festivaline-katildi\\\/#primaryimage\"},\"image\":{\"@id\":\"https:\\\/\\\/kuzeyinsesi.org\\\/index.php\\\/2024\\\/08\\\/06\\\/cumhurbaskani-tatar-7nci-uluslararasi-altin-salkim-halk-danslari-festivaline-katildi\\\/#primaryimage\"},\"thumbnailUrl\":\"https:\\\/\\\/kuzeyinsesi.org\\\/wp-content\\\/uploads\\\/2024\\\/08\\\/tatar-uzum-festivali-1-.jpeg\",\"datePublished\":\"2024-08-06T16:19:46+00:00\",\"author\":{\"@id\":\"https:\\\/\\\/kuzeyinsesi.org\\\/#\\\/schema\\\/person\\\/9f859689cdf01485597712386e37f5aa\"},\"breadcrumb\":{\"@id\":\"https:\\\/\\\/kuzeyinsesi.org\\\/index.php\\\/2024\\\/08\\\/06\\\/cumhurbaskani-tatar-7nci-uluslararasi-altin-salkim-halk-danslari-festivaline-katildi\\\/#breadcrumb\"},\"inLanguage\":\"tr\",\"potentialAction\":[{\"@type\":\"ReadAction\",\"target\":[\"https:\\\/\\\/kuzeyinsesi.org\\\/index.php\\\/2024\\\/08\\\/06\\\/cumhurbaskani-tatar-7nci-uluslararasi-altin-salkim-halk-danslari-festivaline-katildi\\\/\"]}]},{\"@type\":\"ImageObject\",\"inLanguage\":\"tr\",\"@id\":\"https:\\\/\\\/kuzeyinsesi.org\\\/index.php\\\/2024\\\/08\\\/06\\\/cumhurbaskani-tatar-7nci-uluslararasi-altin-salkim-halk-danslari-festivaline-katildi\\\/#primaryimage\",\"url\":\"https:\\\/\\\/kuzeyinsesi.org\\\/wp-content\\\/uploads\\\/2024\\\/08\\\/tatar-uzum-festivali-1-.jpeg\",\"contentUrl\":\"https:\\\/\\\/kuzeyinsesi.org\\\/wp-content\\\/uploads\\\/2024\\\/08\\\/tatar-uzum-festivali-1-.jpeg\",\"width\":926,\"height\":463},{\"@type\":\"BreadcrumbList\",\"@id\":\"https:\\\/\\\/kuzeyinsesi.org\\\/index.php\\\/2024\\\/08\\\/06\\\/cumhurbaskani-tatar-7nci-uluslararasi-altin-salkim-halk-danslari-festivaline-katildi\\\/#breadcrumb\",\"itemListElement\":[{\"@type\":\"ListItem\",\"position\":1,\"name\":\"Anasayfa\",\"item\":\"https:\\\/\\\/kuzeyinsesi.org\\\/\"},{\"@type\":\"ListItem\",\"position\":2,\"name\":\"Cumhurba\u015fkan\u0131 Tatar, 7\u2019nci Uluslararas\u0131 Alt\u0131n Salk\u0131m Halk Danslar\u0131 Festivali\u2019ne kat\u0131ld\u0131\"}]},{\"@type\":\"WebSite\",\"@id\":\"https:\\\/\\\/kuzeyinsesi.org\\\/#website\",\"url\":\"https:\\\/\\\/kuzeyinsesi.org\\\/\",\"name\":\"Kuzeyin Sesi\",\"description\":\"Do\u011fru Haberin Adresi\",\"potentialAction\":[{\"@type\":\"SearchAction\",\"target\":{\"@type\":\"EntryPoint\",\"urlTemplate\":\"https:\\\/\\\/kuzeyinsesi.org\\\/?s={search_term_string}\"},\"query-input\":{\"@type\":\"PropertyValueSpecification\",\"valueRequired\":true,\"valueName\":\"search_term_string\"}}],\"inLanguage\":\"tr\"},{\"@type\":\"Person\",\"@id\":\"https:\\\/\\\/kuzeyinsesi.org\\\/#\\\/schema\\\/person\\\/9f859689cdf01485597712386e37f5aa\",\"name\":\"Kuzeyin Sesi\",\"image\":{\"@type\":\"ImageObject\",\"inLanguage\":\"tr\",\"@id\":\"https:\\\/\\\/secure.gravatar.com\\\/avatar\\\/bab33852abfd8b282518d6ed81826833d77c3c882d9ab608add591ccace47a44?s=96&d=mm&r=g\",\"url\":\"https:\\\/\\\/secure.gravatar.com\\\/avatar\\\/bab33852abfd8b282518d6ed81826833d77c3c882d9ab608add591ccace47a44?s=96&d=mm&r=g\",\"contentUrl\":\"https:\\\/\\\/secure.gravatar.com\\\/avatar\\\/bab33852abfd8b282518d6ed81826833d77c3c882d9ab608add591ccace47a44?s=96&d=mm&r=g\",\"caption\":\"Kuzeyin Sesi\"},\"sameAs\":[\"https:\\\/\\\/kuzeyinsesi.org\"],\"url\":\"https:\\\/\\\/kuzeyinsesi.org\\\/index.php\\\/author\\\/guven\\\/\"}]}<\/script>\n<!-- \/ Yoast SEO plugin. -->","yoast_head_json":{"title":"Cumhurba\u015fkan\u0131 Tatar, 7\u2019nci Uluslararas\u0131 Alt\u0131n Salk\u0131m Halk Danslar\u0131 Festivali\u2019ne kat\u0131ld\u0131 - Kuzeyin Sesi","robots":{"index":"index","follow":"follow","max-snippet":"max-snippet:-1","max-image-preview":"max-image-preview:large","max-video-preview":"max-video-preview:-1"},"canonical":"https:\/\/kuzeyinsesi.org\/index.php\/2024\/08\/06\/cumhurbaskani-tatar-7nci-uluslararasi-altin-salkim-halk-danslari-festivaline-katildi\/","og_locale":"tr_TR","og_type":"article","og_title":"Cumhurba\u015fkan\u0131 Tatar, 7\u2019nci Uluslararas\u0131 Alt\u0131n Salk\u0131m Halk Danslar\u0131 Festivali\u2019ne kat\u0131ld\u0131 - Kuzeyin Sesi","og_description":"Cumhurba\u015fkan\u0131 Ersin Tatar, Mehmet\u00e7ik \u00dcz\u00fcm Festivali kapsam\u0131nda d\u00fczenlenen 7\u2019nci Uluslararas\u0131 Alt\u0131n Salk\u0131m Halk Danslar\u0131 Festivali\u2019ne kat\u0131ld\u0131. Cumhurba\u015fkanl\u0131\u011f\u0131\u2019ndan yap\u0131lan a\u00e7\u0131klamaya g\u00f6re, Tatar, burada yapt\u0131\u011f\u0131 konu\u015fmada, Mehmet\u00e7ik-B\u00fcy\u00fckkonuk Belediyesi taraf\u0131ndan 62\u2019ncisi d\u00fczenlenen Mehmet\u00e7ik \u00dcz\u00fcm Festivali\u2019nin a\u00e7\u0131l\u0131\u015f\u0131na kat\u0131lmas\u0131n\u0131n ard\u0131ndan yerli ve uluslararas\u0131 dans g\u00f6sterilerini g\u00f6rmek i\u00e7in Uluslararas\u0131 Alt\u0131n Salk\u0131m Halk Danslar\u0131 Festivali\u2019ni izlemeye geldi\u011fini s\u00f6yledi. Tatar, Meksika\u2019dan ve H\u0131rvatistan\u2019dan [&hellip;]","og_url":"https:\/\/kuzeyinsesi.org\/index.php\/2024\/08\/06\/cumhurbaskani-tatar-7nci-uluslararasi-altin-salkim-halk-danslari-festivaline-katildi\/","og_site_name":"Kuzeyin Sesi","article_publisher":"https:\/\/www.facebook.com\/kuzeyinsesii","article_published_time":"2024-08-06T16:19:46+00:00","og_image":[{"url":"https:\/\/brtk.net\/wp-content\/uploads\/2024\/08\/06\/tatar-uzum-festivali-1-.jpeg?ver=0c8d366645d5551c40a9b12eb2b18c30","type":"","width":"","height":""}],"author":"Kuzeyin Sesi","twitter_card":"summary_large_image","twitter_creator":"@kuzeyinsesii","twitter_site":"@kuzeyinsesii","twitter_misc":{"Yazan:":"Kuzeyin Sesi","Tahmini okuma s\u00fcresi":"1 dakika"},"schema":{"@context":"https:\/\/schema.org","@graph":[{"@type":"Article","@id":"https:\/\/kuzeyinsesi.org\/index.php\/2024\/08\/06\/cumhurbaskani-tatar-7nci-uluslararasi-altin-salkim-halk-danslari-festivaline-katildi\/#article","isPartOf":{"@id":"https:\/\/kuzeyinsesi.org\/index.php\/2024\/08\/06\/cumhurbaskani-tatar-7nci-uluslararasi-altin-salkim-halk-danslari-festivaline-katildi\/"},"author":{"name":"Kuzeyin Sesi","@id":"https:\/\/kuzeyinsesi.org\/#\/schema\/person\/9f859689cdf01485597712386e37f5aa"},"headline":"Cumhurba\u015fkan\u0131 Tatar, 7\u2019nci Uluslararas\u0131 Alt\u0131n Salk\u0131m Halk Danslar\u0131 Festivali\u2019ne kat\u0131ld\u0131","datePublished":"2024-08-06T16:19:46+00:00","mainEntityOfPage":{"@id":"https:\/\/kuzeyinsesi.org\/index.php\/2024\/08\/06\/cumhurbaskani-tatar-7nci-uluslararasi-altin-salkim-halk-danslari-festivaline-katildi\/"},"wordCount":239,"commentCount":0,"image":{"@id":"https:\/\/kuzeyinsesi.org\/index.php\/2024\/08\/06\/cumhurbaskani-tatar-7nci-uluslararasi-altin-salkim-halk-danslari-festivaline-katildi\/#primaryimage"},"thumbnailUrl":"https:\/\/kuzeyinsesi.org\/wp-content\/uploads\/2024\/08\/tatar-uzum-festivali-1-.jpeg","articleSection":["Ya\u015fam"],"inLanguage":"tr","potentialAction":[{"@type":"CommentAction","name":"Comment","target":["https:\/\/kuzeyinsesi.org\/index.php\/2024\/08\/06\/cumhurbaskani-tatar-7nci-uluslararasi-altin-salkim-halk-danslari-festivaline-katildi\/#respond"]}]},{"@type":"WebPage","@id":"https:\/\/kuzeyinsesi.org\/index.php\/2024\/08\/06\/cumhurbaskani-tatar-7nci-uluslararasi-altin-salkim-halk-danslari-festivaline-katildi\/","url":"https:\/\/kuzeyinsesi.org\/index.php\/2024\/08\/06\/cumhurbaskani-tatar-7nci-uluslararasi-altin-salkim-halk-danslari-festivaline-katildi\/","name":"Cumhurba\u015fkan\u0131 Tatar, 7\u2019nci Uluslararas\u0131 Alt\u0131n Salk\u0131m Halk Danslar\u0131 Festivali\u2019ne kat\u0131ld\u0131 - Kuzeyin Sesi","isPartOf":{"@id":"https:\/\/kuzeyinsesi.org\/#website"},"primaryImageOfPage":{"@id":"https:\/\/kuzeyinsesi.org\/index.php\/2024\/08\/06\/cumhurbaskani-tatar-7nci-uluslararasi-altin-salkim-halk-danslari-festivaline-katildi\/#primaryimage"},"image":{"@id":"https:\/\/kuzeyinsesi.org\/index.php\/2024\/08\/06\/cumhurbaskani-tatar-7nci-uluslararasi-altin-salkim-halk-danslari-festivaline-katildi\/#primaryimage"},"thumbnailUrl":"https:\/\/kuzeyinsesi.org\/wp-content\/uploads\/2024\/08\/tatar-uzum-festivali-1-.jpeg","datePublished":"2024-08-06T16:19:46+00:00","author":{"@id":"https:\/\/kuzeyinsesi.org\/#\/schema\/person\/9f859689cdf01485597712386e37f5aa"},"breadcrumb":{"@id":"https:\/\/kuzeyinsesi.org\/index.php\/2024\/08\/06\/cumhurbaskani-tatar-7nci-uluslararasi-altin-salkim-halk-danslari-festivaline-katildi\/#breadcrumb"},"inLanguage":"tr","potentialAction":[{"@type":"ReadAction","target":["https:\/\/kuzeyinsesi.org\/index.php\/2024\/08\/06\/cumhurbaskani-tatar-7nci-uluslararasi-altin-salkim-halk-danslari-festivaline-katildi\/"]}]},{"@type":"ImageObject","inLanguage":"tr","@id":"https:\/\/kuzeyinsesi.org\/index.php\/2024\/08\/06\/cumhurbaskani-tatar-7nci-uluslararasi-altin-salkim-halk-danslari-festivaline-katildi\/#primaryimage","url":"https:\/\/kuzeyinsesi.org\/wp-content\/uploads\/2024\/08\/tatar-uzum-festivali-1-.jpeg","contentUrl":"https:\/\/kuzeyinsesi.org\/wp-content\/uploads\/2024\/08\/tatar-uzum-festivali-1-.jpeg","width":926,"height":463},{"@type":"BreadcrumbList","@id":"https:\/\/kuzeyinsesi.org\/index.php\/2024\/08\/06\/cumhurbaskani-tatar-7nci-uluslararasi-altin-salkim-halk-danslari-festivaline-katildi\/#breadcrumb","itemListElement":[{"@type":"ListItem","position":1,"name":"Anasayfa","item":"https:\/\/kuzeyinsesi.org\/"},{"@type":"ListItem","position":2,"name":"Cumhurba\u015fkan\u0131 Tatar, 7\u2019nci Uluslararas\u0131 Alt\u0131n Salk\u0131m Halk Danslar\u0131 Festivali\u2019ne kat\u0131ld\u0131"}]},{"@type":"WebSite","@id":"https:\/\/kuzeyinsesi.org\/#website","url":"https:\/\/kuzeyinsesi.org\/","name":"Kuzeyin Sesi","description":"Do\u011fru Haberin Adresi","potentialAction":[{"@type":"SearchAction","target":{"@type":"EntryPoint","urlTemplate":"https:\/\/kuzeyinsesi.org\/?s={search_term_string}"},"query-input":{"@type":"PropertyValueSpecification","valueRequired":true,"valueName":"search_term_string"}}],"inLanguage":"tr"},{"@type":"Person","@id":"https:\/\/kuzeyinsesi.org\/#\/schema\/person\/9f859689cdf01485597712386e37f5aa","name":"Kuzeyin Sesi","image":{"@type":"ImageObject","inLanguage":"tr","@id":"https:\/\/secure.gravatar.com\/avatar\/bab33852abfd8b282518d6ed81826833d77c3c882d9ab608add591ccace47a44?s=96&d=mm&r=g","url":"https:\/\/secure.gravatar.com\/avatar\/bab33852abfd8b282518d6ed81826833d77c3c882d9ab608add591ccace47a44?s=96&d=mm&r=g","contentUrl":"https:\/\/secure.gravatar.com\/avatar\/bab33852abfd8b282518d6ed81826833d77c3c882d9ab608add591ccace47a44?s=96&d=mm&r=g","caption":"Kuzeyin Sesi"},"sameAs":["https:\/\/kuzeyinsesi.org"],"url":"https:\/\/kuzeyinsesi.org\/index.php\/author\/guven\/"}]}},"_links":{"self":[{"href":"https:\/\/kuzeyinsesi.org\/index.php\/wp-json\/wp\/v2\/posts\/7568","targetHints":{"allow":["GET"]}}],"collection":[{"href":"https:\/\/kuzeyinsesi.org\/index.php\/wp-json\/wp\/v2\/posts"}],"about":[{"href":"https:\/\/kuzeyinsesi.org\/index.php\/wp-json\/wp\/v2\/types\/post"}],"author":[{"embeddable":true,"href":"https:\/\/kuzeyinsesi.org\/index.php\/wp-json\/wp\/v2\/users\/1"}],"replies":[{"embeddable":true,"href":"https:\/\/kuzeyinsesi.org\/index.php\/wp-json\/wp\/v2\/comments?post=7568"}],"version-history":[{"count":0,"href":"https:\/\/kuzeyinsesi.org\/index.php\/wp-json\/wp\/v2\/posts\/7568\/revisions"}],"wp:featuredmedia":[{"embeddable":true,"href":"https:\/\/kuzeyinsesi.org\/index.php\/wp-json\/wp\/v2\/media\/7569"}],"wp:attachment":[{"href":"https:\/\/kuzeyinsesi.org\/index.php\/wp-json\/wp\/v2\/media?parent=7568"}],"wp:term":[{"taxonomy":"category","embeddable":true,"href":"https:\/\/kuzeyinsesi.org\/index.php\/wp-json\/wp\/v2\/categories?post=7568"},{"taxonomy":"post_tag","embeddable":true,"href":"https:\/\/kuzeyinsesi.org\/index.php\/wp-json\/wp\/v2\/tags?post=7568"}],"curies":[{"name":"wp","href":"https:\/\/api.w.org\/{rel}","templated":true}]}}